
{"id":35,"name":"M\u00e1ria a Ma\u0165o","url":"https:\/\/www.cewe.sk\/cestujscewe.html","description":"Vol\u00e1m sa M\u00e1ria Badinsk\u00e1 a som kulturologi\u010dka a fotografka. Vizu\u00e1lne umenie ma fascinovalo od mali\u010dka a vo fotke som na\u0161la priestor, ako sa realizova\u0165. Milujem kr\u00e1su a je pre m\u0148a ve\u013ek\u00fdm privil\u00e9giom, \u017ee ju m\u00f4\u017eem zachyt\u00e1va\u0165. Fascinuje ma sp\u00f4sob, ako mi fotka dovo\u013euje zdie\u013ea\u0165 m\u00f4j poh\u013ead na svet a deli\u0165 sa o rados\u0165\r\n\r\nVol\u00e1m sa Ma\u0165o Ondru\u0161, som \u0161tudentom \u017eurnalistiky, venujem sa travel a street fotografii a videotvorbe. V\u017edy som obdivoval cestovate\u013esk\u00e9 vide\u00e1 a dokumenty z r\u00f4znych kraj\u00edn. Chcel tvori\u0165 a spozn\u00e1vanie kraj\u00edn m\u00e1 k tomu don\u00fatilo.","link":"https:\/\/www.fotolab.sk\/blog\/author\/cestujscewe19\/","slug":"cestujscewe19","avatar_urls":{"24":"https:\/\/secure.gravatar.com\/avatar\/a7b61ea30d9de7cf58ca4c859f3b69c4?s=24&d=mm&r=g","48":"https:\/\/secure.gravatar.com\/avatar\/a7b61ea30d9de7cf58ca4c859f3b69c4?s=48&d=mm&r=g","96":"https:\/\/secure.gravatar.com\/avatar\/a7b61ea30d9de7cf58ca4c859f3b69c4?s=96&d=mm&r=g"},"meta":[],"yoast_head":"<!-- This site is optimized with the Yoast SEO plugin v19.1 - https:\/\/yoast.com\/wordpress\/plugins\/seo\/ -->\n<title>M\u00e1ria a Ma\u0165o, Author at CEWE Fotolab blog<\/title>\n<meta name=\"robots\" content=\"index, follow, max-snippet:-1, max-image-preview:large, max-video-preview:-1\" \/>\n<link rel=\"canonical\" href=\"https:\/\/www.fotolab.sk\/blog\/author\/cestujscewe19\/\" \/>\n<meta property=\"og:locale\" content=\"sk_SK\" \/>\n<meta property=\"og:type\" content=\"profile\" \/>\n<meta property=\"og:title\" content=\"M\u00e1ria a Ma\u0165o, Author at CEWE Fotolab blog\" \/>\n<meta property=\"og:url\" content=\"https:\/\/www.fotolab.sk\/blog\/author\/cestujscewe19\/\" \/>\n<meta property=\"og:site_name\" content=\"CEWE Fotolab blog\" \/>\n<meta property=\"og:image\" content=\"https:\/\/secure.gravatar.com\/avatar\/a7b61ea30d9de7cf58ca4c859f3b69c4?s=500&#038;d=mm&#038;r=g\" \/>\n<script type=\"application\/ld+json\" class=\"yoast-schema-graph\">{\"@context\":\"https:\/\/schema.org\",\"@graph\":[{\"@type\":\"WebSite\",\"@id\":\"https:\/\/www.fotolab.sk\/blog\/#website\",\"url\":\"https:\/\/www.fotolab.sk\/blog\/\",\"name\":\"CEWE Fotolab blog\",\"description\":\"Blog ur\u010den\u00fd pre fan\u00fa\u0161ikov fotografie a sveta okolo nej.\",\"potentialAction\":[{\"@type\":\"SearchAction\",\"target\":{\"@type\":\"EntryPoint\",\"urlTemplate\":\"https:\/\/www.fotolab.sk\/blog\/?s={search_term_string}\"},\"query-input\":\"required name=search_term_string\"}],\"inLanguage\":\"sk-SK\"},{\"@type\":\"ProfilePage\",\"@id\":\"https:\/\/www.fotolab.sk\/blog\/author\/cestujscewe19\/#webpage\",\"url\":\"https:\/\/www.fotolab.sk\/blog\/author\/cestujscewe19\/\",\"name\":\"M\u00e1ria a Ma\u0165o, Author at CEWE Fotolab blog\",\"isPartOf\":{\"@id\":\"https:\/\/www.fotolab.sk\/blog\/#website\"},\"breadcrumb\":{\"@id\":\"https:\/\/www.fotolab.sk\/blog\/author\/cestujscewe19\/#breadcrumb\"},\"inLanguage\":\"sk-SK\",\"potentialAction\":[{\"@type\":\"ReadAction\",\"target\":[\"https:\/\/www.fotolab.sk\/blog\/author\/cestujscewe19\/\"]}]},{\"@type\":\"BreadcrumbList\",\"@id\":\"https:\/\/www.fotolab.sk\/blog\/author\/cestujscewe19\/#breadcrumb\",\"itemListElement\":[{\"@type\":\"ListItem\",\"position\":1,\"name\":\"Home\",\"item\":\"https:\/\/www.fotolab.sk\/blog\/\"},{\"@type\":\"ListItem\",\"position\":2,\"name\":\"Archives for M\u00e1ria a Ma\u0165o\"}]},{\"@type\":\"Person\",\"@id\":\"https:\/\/www.fotolab.sk\/blog\/#\/schema\/person\/73e135cea97b5c973e8cf67ceafa683c\",\"name\":\"M\u00e1ria a Ma\u0165o\",\"image\":{\"@type\":\"ImageObject\",\"inLanguage\":\"sk-SK\",\"@id\":\"https:\/\/www.fotolab.sk\/blog\/#\/schema\/person\/image\/\",\"url\":\"https:\/\/secure.gravatar.com\/avatar\/a7b61ea30d9de7cf58ca4c859f3b69c4?s=96&d=mm&r=g\",\"contentUrl\":\"https:\/\/secure.gravatar.com\/avatar\/a7b61ea30d9de7cf58ca4c859f3b69c4?s=96&d=mm&r=g\",\"caption\":\"M\u00e1ria a Ma\u0165o\"},\"description\":\"Vol\u00e1m sa M\u00e1ria Badinsk\u00e1 a som kulturologi\u010dka a fotografka. Vizu\u00e1lne umenie ma fascinovalo od mali\u010dka a vo fotke som na\u0161la priestor, ako sa realizova\u0165. Milujem kr\u00e1su a je pre m\u0148a ve\u013ek\u00fdm privil\u00e9giom, \u017ee ju m\u00f4\u017eem zachyt\u00e1va\u0165. Fascinuje ma sp\u00f4sob, ako mi fotka dovo\u013euje zdie\u013ea\u0165 m\u00f4j poh\u013ead na svet a deli\u0165 sa o rados\u0165 Vol\u00e1m sa Ma\u0165o Ondru\u0161, som \u0161tudentom \u017eurnalistiky, venujem sa travel a street fotografii a videotvorbe. V\u017edy som obdivoval cestovate\u013esk\u00e9 vide\u00e1 a dokumenty z r\u00f4znych kraj\u00edn. Chcel tvori\u0165 a spozn\u00e1vanie kraj\u00edn m\u00e1 k tomu don\u00fatilo.\",\"sameAs\":[\"https:\/\/www.cewe.sk\/cestujscewe.html\"],\"mainEntityOfPage\":{\"@id\":\"https:\/\/www.fotolab.sk\/blog\/author\/cestujscewe19\/#webpage\"}}]}<\/script>\n<!-- \/ Yoast SEO plugin. -->","yoast_head_json":{"title":"M\u00e1ria a Ma\u0165o, Author at CEWE Fotolab blog","robots":{"index":"index","follow":"follow","max-snippet":"max-snippet:-1","max-image-preview":"max-image-preview:large","max-video-preview":"max-video-preview:-1"},"canonical":"https:\/\/www.fotolab.sk\/blog\/author\/cestujscewe19\/","og_locale":"sk_SK","og_type":"profile","og_title":"M\u00e1ria a Ma\u0165o, Author at CEWE Fotolab blog","og_url":"https:\/\/www.fotolab.sk\/blog\/author\/cestujscewe19\/","og_site_name":"CEWE Fotolab blog","og_image":[{"url":"https:\/\/secure.gravatar.com\/avatar\/a7b61ea30d9de7cf58ca4c859f3b69c4?s=500&d=mm&r=g"}],"schema":{"@context":"https:\/\/schema.org","@graph":[{"@type":"WebSite","@id":"https:\/\/www.fotolab.sk\/blog\/#website","url":"https:\/\/www.fotolab.sk\/blog\/","name":"CEWE Fotolab blog","description":"Blog ur\u010den\u00fd pre fan\u00fa\u0161ikov fotografie a sveta okolo nej.","potentialAction":[{"@type":"SearchAction","target":{"@type":"EntryPoint","urlTemplate":"https:\/\/www.fotolab.sk\/blog\/?s={search_term_string}"},"query-input":"required name=search_term_string"}],"inLanguage":"sk-SK"},{"@type":"ProfilePage","@id":"https:\/\/www.fotolab.sk\/blog\/author\/cestujscewe19\/#webpage","url":"https:\/\/www.fotolab.sk\/blog\/author\/cestujscewe19\/","name":"M\u00e1ria a Ma\u0165o, Author at CEWE Fotolab blog","isPartOf":{"@id":"https:\/\/www.fotolab.sk\/blog\/#website"},"breadcrumb":{"@id":"https:\/\/www.fotolab.sk\/blog\/author\/cestujscewe19\/#breadcrumb"},"inLanguage":"sk-SK","potentialAction":[{"@type":"ReadAction","target":["https:\/\/www.fotolab.sk\/blog\/author\/cestujscewe19\/"]}]},{"@type":"BreadcrumbList","@id":"https:\/\/www.fotolab.sk\/blog\/author\/cestujscewe19\/#breadcrumb","itemListElement":[{"@type":"ListItem","position":1,"name":"Home","item":"https:\/\/www.fotolab.sk\/blog\/"},{"@type":"ListItem","position":2,"name":"Archives for M\u00e1ria a Ma\u0165o"}]},{"@type":"Person","@id":"https:\/\/www.fotolab.sk\/blog\/#\/schema\/person\/73e135cea97b5c973e8cf67ceafa683c","name":"M\u00e1ria a Ma\u0165o","image":{"@type":"ImageObject","inLanguage":"sk-SK","@id":"https:\/\/www.fotolab.sk\/blog\/#\/schema\/person\/image\/","url":"https:\/\/secure.gravatar.com\/avatar\/a7b61ea30d9de7cf58ca4c859f3b69c4?s=96&d=mm&r=g","contentUrl":"https:\/\/secure.gravatar.com\/avatar\/a7b61ea30d9de7cf58ca4c859f3b69c4?s=96&d=mm&r=g","caption":"M\u00e1ria a Ma\u0165o"},"description":"Vol\u00e1m sa M\u00e1ria Badinsk\u00e1 a som kulturologi\u010dka a fotografka. Vizu\u00e1lne umenie ma fascinovalo od mali\u010dka a vo fotke som na\u0161la priestor, ako sa realizova\u0165. Milujem kr\u00e1su a je pre m\u0148a ve\u013ek\u00fdm privil\u00e9giom, \u017ee ju m\u00f4\u017eem zachyt\u00e1va\u0165. Fascinuje ma sp\u00f4sob, ako mi fotka dovo\u013euje zdie\u013ea\u0165 m\u00f4j poh\u013ead na svet a deli\u0165 sa o rados\u0165 Vol\u00e1m sa Ma\u0165o Ondru\u0161, som \u0161tudentom \u017eurnalistiky, venujem sa travel a street fotografii a videotvorbe. V\u017edy som obdivoval cestovate\u013esk\u00e9 vide\u00e1 a dokumenty z r\u00f4znych kraj\u00edn. Chcel tvori\u0165 a spozn\u00e1vanie kraj\u00edn m\u00e1 k tomu don\u00fatilo.","sameAs":["https:\/\/www.cewe.sk\/cestujscewe.html"],"mainEntityOfPage":{"@id":"https:\/\/www.fotolab.sk\/blog\/author\/cestujscewe19\/#webpage"}}]}},"_links":{"self":[{"href":"https:\/\/www.fotolab.sk\/blog\/wp-json\/wp\/v2\/users\/35"}],"collection":[{"href":"https:\/\/www.fotolab.sk\/blog\/wp-json\/wp\/v2\/users"}]}}