
{"id":34,"name":"Mi\u0148o Debn\u00e1r","url":"","description":"Som nez\u00e1visl\u00fd fotograf a tvorca videa poch\u00e1dzaj\u00faci z Bratislavy. Popri lektoringu v IT Learning a mojej osobnej tvorbe si v\u017edy n\u00e1jdem \u010das cestova\u0165 s man\u017eelkou alebo priate\u013emi. Po\u010das cestovania sa sna\u017e\u00edm spozna\u0165 lok\u00e1lnu kult\u00faru a komunikova\u0165 s miestnymi \u013eu\u010fmi. Stoto\u017enujem sa so slovami \u201cSvet je ako kniha a t\u00ed, ktor\u00ed necestuj\u00fa, \u010d\u00edtaj\u00fa iba \u00favodnu str\u00e1nku\u201d.","link":"https:\/\/www.fotolab.sk\/blog\/author\/minodebnar\/","slug":"minodebnar","avatar_urls":{"24":"https:\/\/secure.gravatar.com\/avatar\/dffa5c3b8b5fd7cc887127abf5a5c876?s=24&d=mm&r=g","48":"https:\/\/secure.gravatar.com\/avatar\/dffa5c3b8b5fd7cc887127abf5a5c876?s=48&d=mm&r=g","96":"https:\/\/secure.gravatar.com\/avatar\/dffa5c3b8b5fd7cc887127abf5a5c876?s=96&d=mm&r=g"},"meta":[],"yoast_head":"<!-- This site is optimized with the Yoast SEO plugin v19.1 - https:\/\/yoast.com\/wordpress\/plugins\/seo\/ -->\n<title>Mi\u0148o Debn\u00e1r, Author at CEWE Fotolab blog<\/title>\n<meta name=\"robots\" content=\"index, follow, max-snippet:-1, max-image-preview:large, max-video-preview:-1\" \/>\n<link rel=\"canonical\" href=\"https:\/\/www.fotolab.sk\/blog\/author\/minodebnar\/\" \/>\n<meta property=\"og:locale\" content=\"sk_SK\" \/>\n<meta property=\"og:type\" content=\"profile\" \/>\n<meta property=\"og:title\" content=\"Mi\u0148o Debn\u00e1r, Author at CEWE Fotolab blog\" \/>\n<meta property=\"og:url\" content=\"https:\/\/www.fotolab.sk\/blog\/author\/minodebnar\/\" \/>\n<meta property=\"og:site_name\" content=\"CEWE Fotolab blog\" \/>\n<meta property=\"og:image\" content=\"https:\/\/secure.gravatar.com\/avatar\/dffa5c3b8b5fd7cc887127abf5a5c876?s=500&#038;d=mm&#038;r=g\" \/>\n<script type=\"application\/ld+json\" class=\"yoast-schema-graph\">{\"@context\":\"https:\/\/schema.org\",\"@graph\":[{\"@type\":\"WebSite\",\"@id\":\"https:\/\/www.fotolab.sk\/blog\/#website\",\"url\":\"https:\/\/www.fotolab.sk\/blog\/\",\"name\":\"CEWE Fotolab blog\",\"description\":\"Blog ur\u010den\u00fd pre fan\u00fa\u0161ikov fotografie a sveta okolo nej.\",\"potentialAction\":[{\"@type\":\"SearchAction\",\"target\":{\"@type\":\"EntryPoint\",\"urlTemplate\":\"https:\/\/www.fotolab.sk\/blog\/?s={search_term_string}\"},\"query-input\":\"required name=search_term_string\"}],\"inLanguage\":\"sk-SK\"},{\"@type\":\"ProfilePage\",\"@id\":\"https:\/\/www.fotolab.sk\/blog\/author\/minodebnar\/#webpage\",\"url\":\"https:\/\/www.fotolab.sk\/blog\/author\/minodebnar\/\",\"name\":\"Mi\u0148o Debn\u00e1r, Author at CEWE Fotolab blog\",\"isPartOf\":{\"@id\":\"https:\/\/www.fotolab.sk\/blog\/#website\"},\"breadcrumb\":{\"@id\":\"https:\/\/www.fotolab.sk\/blog\/author\/minodebnar\/#breadcrumb\"},\"inLanguage\":\"sk-SK\",\"potentialAction\":[{\"@type\":\"ReadAction\",\"target\":[\"https:\/\/www.fotolab.sk\/blog\/author\/minodebnar\/\"]}]},{\"@type\":\"BreadcrumbList\",\"@id\":\"https:\/\/www.fotolab.sk\/blog\/author\/minodebnar\/#breadcrumb\",\"itemListElement\":[{\"@type\":\"ListItem\",\"position\":1,\"name\":\"Home\",\"item\":\"https:\/\/www.fotolab.sk\/blog\/\"},{\"@type\":\"ListItem\",\"position\":2,\"name\":\"Archives for Mi\u0148o Debn\u00e1r\"}]},{\"@type\":\"Person\",\"@id\":\"https:\/\/www.fotolab.sk\/blog\/#\/schema\/person\/86502de821409ceff297a0e66ab43366\",\"name\":\"Mi\u0148o Debn\u00e1r\",\"image\":{\"@type\":\"ImageObject\",\"inLanguage\":\"sk-SK\",\"@id\":\"https:\/\/www.fotolab.sk\/blog\/#\/schema\/person\/image\/\",\"url\":\"https:\/\/secure.gravatar.com\/avatar\/dffa5c3b8b5fd7cc887127abf5a5c876?s=96&d=mm&r=g\",\"contentUrl\":\"https:\/\/secure.gravatar.com\/avatar\/dffa5c3b8b5fd7cc887127abf5a5c876?s=96&d=mm&r=g\",\"caption\":\"Mi\u0148o Debn\u00e1r\"},\"description\":\"Som nez\u00e1visl\u00fd fotograf a tvorca videa poch\u00e1dzaj\u00faci z Bratislavy. Popri lektoringu v IT Learning a mojej osobnej tvorbe si v\u017edy n\u00e1jdem \u010das cestova\u0165 s man\u017eelkou alebo priate\u013emi. Po\u010das cestovania sa sna\u017e\u00edm spozna\u0165 lok\u00e1lnu kult\u00faru a komunikova\u0165 s miestnymi \u013eu\u010fmi. Stoto\u017enujem sa so slovami \u201cSvet je ako kniha a t\u00ed, ktor\u00ed necestuj\u00fa, \u010d\u00edtaj\u00fa iba \u00favodnu str\u00e1nku\u201d.\",\"sameAs\":[\"https:\/\/www.instagram.com\/minodebnar\/\"],\"mainEntityOfPage\":{\"@id\":\"https:\/\/www.fotolab.sk\/blog\/author\/minodebnar\/#webpage\"}}]}<\/script>\n<!-- \/ Yoast SEO plugin. -->","yoast_head_json":{"title":"Mi\u0148o Debn\u00e1r, Author at CEWE Fotolab blog","robots":{"index":"index","follow":"follow","max-snippet":"max-snippet:-1","max-image-preview":"max-image-preview:large","max-video-preview":"max-video-preview:-1"},"canonical":"https:\/\/www.fotolab.sk\/blog\/author\/minodebnar\/","og_locale":"sk_SK","og_type":"profile","og_title":"Mi\u0148o Debn\u00e1r, Author at CEWE Fotolab blog","og_url":"https:\/\/www.fotolab.sk\/blog\/author\/minodebnar\/","og_site_name":"CEWE Fotolab blog","og_image":[{"url":"https:\/\/secure.gravatar.com\/avatar\/dffa5c3b8b5fd7cc887127abf5a5c876?s=500&d=mm&r=g"}],"schema":{"@context":"https:\/\/schema.org","@graph":[{"@type":"WebSite","@id":"https:\/\/www.fotolab.sk\/blog\/#website","url":"https:\/\/www.fotolab.sk\/blog\/","name":"CEWE Fotolab blog","description":"Blog ur\u010den\u00fd pre fan\u00fa\u0161ikov fotografie a sveta okolo nej.","potentialAction":[{"@type":"SearchAction","target":{"@type":"EntryPoint","urlTemplate":"https:\/\/www.fotolab.sk\/blog\/?s={search_term_string}"},"query-input":"required name=search_term_string"}],"inLanguage":"sk-SK"},{"@type":"ProfilePage","@id":"https:\/\/www.fotolab.sk\/blog\/author\/minodebnar\/#webpage","url":"https:\/\/www.fotolab.sk\/blog\/author\/minodebnar\/","name":"Mi\u0148o Debn\u00e1r, Author at CEWE Fotolab blog","isPartOf":{"@id":"https:\/\/www.fotolab.sk\/blog\/#website"},"breadcrumb":{"@id":"https:\/\/www.fotolab.sk\/blog\/author\/minodebnar\/#breadcrumb"},"inLanguage":"sk-SK","potentialAction":[{"@type":"ReadAction","target":["https:\/\/www.fotolab.sk\/blog\/author\/minodebnar\/"]}]},{"@type":"BreadcrumbList","@id":"https:\/\/www.fotolab.sk\/blog\/author\/minodebnar\/#breadcrumb","itemListElement":[{"@type":"ListItem","position":1,"name":"Home","item":"https:\/\/www.fotolab.sk\/blog\/"},{"@type":"ListItem","position":2,"name":"Archives for Mi\u0148o Debn\u00e1r"}]},{"@type":"Person","@id":"https:\/\/www.fotolab.sk\/blog\/#\/schema\/person\/86502de821409ceff297a0e66ab43366","name":"Mi\u0148o Debn\u00e1r","image":{"@type":"ImageObject","inLanguage":"sk-SK","@id":"https:\/\/www.fotolab.sk\/blog\/#\/schema\/person\/image\/","url":"https:\/\/secure.gravatar.com\/avatar\/dffa5c3b8b5fd7cc887127abf5a5c876?s=96&d=mm&r=g","contentUrl":"https:\/\/secure.gravatar.com\/avatar\/dffa5c3b8b5fd7cc887127abf5a5c876?s=96&d=mm&r=g","caption":"Mi\u0148o Debn\u00e1r"},"description":"Som nez\u00e1visl\u00fd fotograf a tvorca videa poch\u00e1dzaj\u00faci z Bratislavy. Popri lektoringu v IT Learning a mojej osobnej tvorbe si v\u017edy n\u00e1jdem \u010das cestova\u0165 s man\u017eelkou alebo priate\u013emi. Po\u010das cestovania sa sna\u017e\u00edm spozna\u0165 lok\u00e1lnu kult\u00faru a komunikova\u0165 s miestnymi \u013eu\u010fmi. Stoto\u017enujem sa so slovami \u201cSvet je ako kniha a t\u00ed, ktor\u00ed necestuj\u00fa, \u010d\u00edtaj\u00fa iba \u00favodnu str\u00e1nku\u201d.","sameAs":["https:\/\/www.instagram.com\/minodebnar\/"],"mainEntityOfPage":{"@id":"https:\/\/www.fotolab.sk\/blog\/author\/minodebnar\/#webpage"}}]}},"_links":{"self":[{"href":"https:\/\/www.fotolab.sk\/blog\/wp-json\/wp\/v2\/users\/34"}],"collection":[{"href":"https:\/\/www.fotolab.sk\/blog\/wp-json\/wp\/v2\/users"}]}}