
{"id":32,"name":"Tom\u00e1\u0161 Zverb\u00edk","url":"http:\/\/www.zverbik.photo","description":"Fotografovanie je mojou \u017eivotnou v\u00e1\u0161\u0148ou, na po\u010diatku ktorej som bol viac technik, ne\u017e umelec. No roky fotografovania mi cibria aj moju v\u00fdtvarn\u00fa str\u00e1nku fotografie. V\u017edy ma v\u0161ak nadchol fotoapar\u00e1t. Zauj\u00edmalo ma, ako funguje. Bol som \u010dasto len kr\u00f4\u010dik od poku\u0161enia, pozrie\u0165 sa, ako to vyzer\u00e1 vo fotoapar\u00e1te zvn\u00fatra. Moju fotografick\u00fa pasiu vyu\u017e\u00edvam aj v komer\u010dnej pr\u00e1ci so zameran\u00edm na fotografovanie svadieb a fotografick\u00e9 slu\u017eby pre komer\u010dn\u00e9 spolo\u010dnosti. Od roku 2014 s\u00fa mojim najv\u00fdznamnej\u0161\u00edm fotografick\u00fdm mot\u00edvom moje milovan\u00e9 deti\u010dky.","link":"https:\/\/www.fotolab.sk\/blog\/author\/tomaszverbik\/","slug":"tomaszverbik","avatar_urls":{"24":"https:\/\/secure.gravatar.com\/avatar\/f942db122f005a2f1560866780cf4b70?s=24&d=mm&r=g","48":"https:\/\/secure.gravatar.com\/avatar\/f942db122f005a2f1560866780cf4b70?s=48&d=mm&r=g","96":"https:\/\/secure.gravatar.com\/avatar\/f942db122f005a2f1560866780cf4b70?s=96&d=mm&r=g"},"meta":[],"yoast_head":"<!-- This site is optimized with the Yoast SEO plugin v19.1 - https:\/\/yoast.com\/wordpress\/plugins\/seo\/ -->\n<title>Tom\u00e1\u0161 Zverb\u00edk, Author at CEWE Fotolab blog<\/title>\n<meta name=\"robots\" content=\"index, follow, max-snippet:-1, max-image-preview:large, max-video-preview:-1\" \/>\n<link rel=\"canonical\" href=\"https:\/\/www.fotolab.sk\/blog\/author\/tomaszverbik\/\" \/>\n<meta property=\"og:locale\" content=\"sk_SK\" \/>\n<meta property=\"og:type\" content=\"profile\" \/>\n<meta property=\"og:title\" content=\"Tom\u00e1\u0161 Zverb\u00edk, Author at CEWE Fotolab blog\" \/>\n<meta property=\"og:url\" content=\"https:\/\/www.fotolab.sk\/blog\/author\/tomaszverbik\/\" \/>\n<meta property=\"og:site_name\" content=\"CEWE Fotolab blog\" \/>\n<meta property=\"og:image\" content=\"https:\/\/secure.gravatar.com\/avatar\/f942db122f005a2f1560866780cf4b70?s=500&#038;d=mm&#038;r=g\" \/>\n<script type=\"application\/ld+json\" class=\"yoast-schema-graph\">{\"@context\":\"https:\/\/schema.org\",\"@graph\":[{\"@type\":\"WebSite\",\"@id\":\"https:\/\/www.fotolab.sk\/blog\/#website\",\"url\":\"https:\/\/www.fotolab.sk\/blog\/\",\"name\":\"CEWE Fotolab blog\",\"description\":\"Blog ur\u010den\u00fd pre fan\u00fa\u0161ikov fotografie a sveta okolo nej.\",\"potentialAction\":[{\"@type\":\"SearchAction\",\"target\":{\"@type\":\"EntryPoint\",\"urlTemplate\":\"https:\/\/www.fotolab.sk\/blog\/?s={search_term_string}\"},\"query-input\":\"required name=search_term_string\"}],\"inLanguage\":\"sk-SK\"},{\"@type\":\"ProfilePage\",\"@id\":\"https:\/\/www.fotolab.sk\/blog\/author\/tomaszverbik\/#webpage\",\"url\":\"https:\/\/www.fotolab.sk\/blog\/author\/tomaszverbik\/\",\"name\":\"Tom\u00e1\u0161 Zverb\u00edk, Author at CEWE Fotolab blog\",\"isPartOf\":{\"@id\":\"https:\/\/www.fotolab.sk\/blog\/#website\"},\"breadcrumb\":{\"@id\":\"https:\/\/www.fotolab.sk\/blog\/author\/tomaszverbik\/#breadcrumb\"},\"inLanguage\":\"sk-SK\",\"potentialAction\":[{\"@type\":\"ReadAction\",\"target\":[\"https:\/\/www.fotolab.sk\/blog\/author\/tomaszverbik\/\"]}]},{\"@type\":\"BreadcrumbList\",\"@id\":\"https:\/\/www.fotolab.sk\/blog\/author\/tomaszverbik\/#breadcrumb\",\"itemListElement\":[{\"@type\":\"ListItem\",\"position\":1,\"name\":\"Home\",\"item\":\"https:\/\/www.fotolab.sk\/blog\/\"},{\"@type\":\"ListItem\",\"position\":2,\"name\":\"Archives for Tom\u00e1\u0161 Zverb\u00edk\"}]},{\"@type\":\"Person\",\"@id\":\"https:\/\/www.fotolab.sk\/blog\/#\/schema\/person\/cfc042c4b2c81f1e6b0a7c1fd660073e\",\"name\":\"Tom\u00e1\u0161 Zverb\u00edk\",\"image\":{\"@type\":\"ImageObject\",\"inLanguage\":\"sk-SK\",\"@id\":\"https:\/\/www.fotolab.sk\/blog\/#\/schema\/person\/image\/\",\"url\":\"https:\/\/secure.gravatar.com\/avatar\/f942db122f005a2f1560866780cf4b70?s=96&d=mm&r=g\",\"contentUrl\":\"https:\/\/secure.gravatar.com\/avatar\/f942db122f005a2f1560866780cf4b70?s=96&d=mm&r=g\",\"caption\":\"Tom\u00e1\u0161 Zverb\u00edk\"},\"description\":\"Fotografovanie je mojou \u017eivotnou v\u00e1\u0161\u0148ou, na po\u010diatku ktorej som bol viac technik, ne\u017e umelec. No roky fotografovania mi cibria aj moju v\u00fdtvarn\u00fa str\u00e1nku fotografie. V\u017edy ma v\u0161ak nadchol fotoapar\u00e1t. Zauj\u00edmalo ma, ako funguje. Bol som \u010dasto len kr\u00f4\u010dik od poku\u0161enia, pozrie\u0165 sa, ako to vyzer\u00e1 vo fotoapar\u00e1te zvn\u00fatra. Moju fotografick\u00fa pasiu vyu\u017e\u00edvam aj v komer\u010dnej pr\u00e1ci so zameran\u00edm na fotografovanie svadieb a fotografick\u00e9 slu\u017eby pre komer\u010dn\u00e9 spolo\u010dnosti. Od roku 2014 s\u00fa mojim najv\u00fdznamnej\u0161\u00edm fotografick\u00fdm mot\u00edvom moje milovan\u00e9 deti\u010dky.\",\"sameAs\":[\"http:\/\/www.zverbik.photo\",\"www.facebook.com\/zverbik\",\"www.linkedin.com\/in\/zverbik\"],\"mainEntityOfPage\":{\"@id\":\"https:\/\/www.fotolab.sk\/blog\/author\/tomaszverbik\/#webpage\"}}]}<\/script>\n<!-- \/ Yoast SEO plugin. -->","yoast_head_json":{"title":"Tom\u00e1\u0161 Zverb\u00edk, Author at CEWE Fotolab blog","robots":{"index":"index","follow":"follow","max-snippet":"max-snippet:-1","max-image-preview":"max-image-preview:large","max-video-preview":"max-video-preview:-1"},"canonical":"https:\/\/www.fotolab.sk\/blog\/author\/tomaszverbik\/","og_locale":"sk_SK","og_type":"profile","og_title":"Tom\u00e1\u0161 Zverb\u00edk, Author at CEWE Fotolab blog","og_url":"https:\/\/www.fotolab.sk\/blog\/author\/tomaszverbik\/","og_site_name":"CEWE Fotolab blog","og_image":[{"url":"https:\/\/secure.gravatar.com\/avatar\/f942db122f005a2f1560866780cf4b70?s=500&d=mm&r=g"}],"schema":{"@context":"https:\/\/schema.org","@graph":[{"@type":"WebSite","@id":"https:\/\/www.fotolab.sk\/blog\/#website","url":"https:\/\/www.fotolab.sk\/blog\/","name":"CEWE Fotolab blog","description":"Blog ur\u010den\u00fd pre fan\u00fa\u0161ikov fotografie a sveta okolo nej.","potentialAction":[{"@type":"SearchAction","target":{"@type":"EntryPoint","urlTemplate":"https:\/\/www.fotolab.sk\/blog\/?s={search_term_string}"},"query-input":"required name=search_term_string"}],"inLanguage":"sk-SK"},{"@type":"ProfilePage","@id":"https:\/\/www.fotolab.sk\/blog\/author\/tomaszverbik\/#webpage","url":"https:\/\/www.fotolab.sk\/blog\/author\/tomaszverbik\/","name":"Tom\u00e1\u0161 Zverb\u00edk, Author at CEWE Fotolab blog","isPartOf":{"@id":"https:\/\/www.fotolab.sk\/blog\/#website"},"breadcrumb":{"@id":"https:\/\/www.fotolab.sk\/blog\/author\/tomaszverbik\/#breadcrumb"},"inLanguage":"sk-SK","potentialAction":[{"@type":"ReadAction","target":["https:\/\/www.fotolab.sk\/blog\/author\/tomaszverbik\/"]}]},{"@type":"BreadcrumbList","@id":"https:\/\/www.fotolab.sk\/blog\/author\/tomaszverbik\/#breadcrumb","itemListElement":[{"@type":"ListItem","position":1,"name":"Home","item":"https:\/\/www.fotolab.sk\/blog\/"},{"@type":"ListItem","position":2,"name":"Archives for Tom\u00e1\u0161 Zverb\u00edk"}]},{"@type":"Person","@id":"https:\/\/www.fotolab.sk\/blog\/#\/schema\/person\/cfc042c4b2c81f1e6b0a7c1fd660073e","name":"Tom\u00e1\u0161 Zverb\u00edk","image":{"@type":"ImageObject","inLanguage":"sk-SK","@id":"https:\/\/www.fotolab.sk\/blog\/#\/schema\/person\/image\/","url":"https:\/\/secure.gravatar.com\/avatar\/f942db122f005a2f1560866780cf4b70?s=96&d=mm&r=g","contentUrl":"https:\/\/secure.gravatar.com\/avatar\/f942db122f005a2f1560866780cf4b70?s=96&d=mm&r=g","caption":"Tom\u00e1\u0161 Zverb\u00edk"},"description":"Fotografovanie je mojou \u017eivotnou v\u00e1\u0161\u0148ou, na po\u010diatku ktorej som bol viac technik, ne\u017e umelec. No roky fotografovania mi cibria aj moju v\u00fdtvarn\u00fa str\u00e1nku fotografie. V\u017edy ma v\u0161ak nadchol fotoapar\u00e1t. Zauj\u00edmalo ma, ako funguje. Bol som \u010dasto len kr\u00f4\u010dik od poku\u0161enia, pozrie\u0165 sa, ako to vyzer\u00e1 vo fotoapar\u00e1te zvn\u00fatra. Moju fotografick\u00fa pasiu vyu\u017e\u00edvam aj v komer\u010dnej pr\u00e1ci so zameran\u00edm na fotografovanie svadieb a fotografick\u00e9 slu\u017eby pre komer\u010dn\u00e9 spolo\u010dnosti. Od roku 2014 s\u00fa mojim najv\u00fdznamnej\u0161\u00edm fotografick\u00fdm mot\u00edvom moje milovan\u00e9 deti\u010dky.","sameAs":["http:\/\/www.zverbik.photo","www.facebook.com\/zverbik","www.linkedin.com\/in\/zverbik"],"mainEntityOfPage":{"@id":"https:\/\/www.fotolab.sk\/blog\/author\/tomaszverbik\/#webpage"}}]}},"_links":{"self":[{"href":"https:\/\/www.fotolab.sk\/blog\/wp-json\/wp\/v2\/users\/32"}],"collection":[{"href":"https:\/\/www.fotolab.sk\/blog\/wp-json\/wp\/v2\/users"}]}}