
{"id":9756,"date":"2020-02-12T08:30:36","date_gmt":"2020-02-12T07:30:36","guid":{"rendered":"https:\/\/www.fotolab.sk\/blog\/?p=9756"},"modified":"2020-05-04T12:38:21","modified_gmt":"2020-05-04T10:38:21","slug":"novy-olympus-om-d-e-m1-mark-iii","status":"publish","type":"post","link":"https:\/\/www.fotolab.sk\/blog\/novy-olympus-om-d-e-m1-mark-iii\/","title":{"rendered":"Nov\u00fd Olympus OM-D E-M1 Mark III"},"content":{"rendered":"<p><iframe loading=\"lazy\" title=\"Olympus E-M1 Mark III | Predstavenie | CEWE FOTOLAB\" width=\"770\" height=\"433\" src=\"https:\/\/www.youtube.com\/embed\/fwfFhzdwI0E?feature=oembed\" frameborder=\"0\" allow=\"accelerometer; autoplay; encrypted-media; gyroscope; picture-in-picture\" allowfullscreen><\/iframe><\/p>\n<p><strong>Praha, 12. febru\u00e1ra 2020<\/strong> &#8211; Olympus ozn\u00e1mil nov\u00fd model profesion\u00e1lneho fotoapar\u00e1tu, stvoren\u00e9ho pre vynikaj\u00facu mobilitu: OM-D E-M1 Mark III. Najnov\u0161\u00ed OM-D model pon\u00faka najlep\u0161\u00ed syst\u00e9m stabiliz\u00e1cie obrazu na svete, umo\u017e\u0148uj\u00faci pred\u013a\u017ei\u0165 expoz\u00edciu a\u017e o 7,5 kroku, nov\u00fd obrazov\u00fd procesor (TruePic IX), vysoko presn\u00fd a r\u00fdchly autofokus a \u010fal\u0161ie unik\u00e1tne fotografick\u00e9 funkcie.<\/p>\n<p><img decoding=\"async\" loading=\"lazy\" class=\"alignnone size-full wp-image-9791\" src=\"https:\/\/blog.fotolab.sk\/wp-content\/uploads\/2020\/02\/stabilizacia.jpg\" alt=\"\" width=\"1152\" height=\"648\" \/><\/p>\n<p>Svojou kompaktnou a \u013eahkou kon\u0161trukciou men\u00ed E-M1 Mark III defin\u00edciu pohotov\u00e9ho fotoapar\u00e1tu, a to bez kompromisov vo v\u00fdkone alebo kvalite zobrazenia. V spojen\u00ed s rozsiahlym radom vysoko kvalitn\u00fdch objekt\u00edvov M. ZUIKO pon\u00faka profesion\u00e1lnym tvorcom prakticky neobmedzen\u00fd priestor pre naplnenie ich kreat\u00edvnych v\u00edzi\u00ed.<\/p>\n<p><img decoding=\"async\" loading=\"lazy\" class=\"alignnone size-full wp-image-9792\" src=\"https:\/\/blog.fotolab.sk\/wp-content\/uploads\/2020\/02\/odolnost.jpg\" alt=\"\" width=\"1152\" height=\"648\" \/><\/p>\n<h5>Odolnos\u0165<\/h5>\n<p>Utesnenie proti vode a uzn\u00e1van\u00e9 technol\u00f3gie Olympus s\u00fa z\u00e1rukou absol\u00fatnej spo\u013eahlivosti aj v t\u00fdch najdrsnej\u0161\u00edch podmienkach.<\/p>\n<p>Odoln\u00e9 telo OM-D E-M1 Mark III z hor\u010d\u00edkovej zliatiny disponuje oce\u0148ovanou kon\u0161trukciou Olympusu, odolnou vo\u010di prachu, striekaj\u00facej vode a mrazu, ktor\u00e1 umo\u017en\u00ed fotografova\u0165 v akejko\u013evek lokalite a prostred\u00ed.<\/p>\n<p>Vysoko trvanliv\u00e1 uz\u00e1vierka E-M1 Mark III bola \u00faspe\u0161ne testovan\u00e1 na 400 000 cyklov a pon\u00faka tak mimoriadnu \u00farove\u0148 spo\u013eahlivosti, ktor\u00e1 uspokoj\u00ed i profesion\u00e1lnych fotografov.<\/p>\n<p><img decoding=\"async\" loading=\"lazy\" class=\"alignnone size-full wp-image-9790\" src=\"https:\/\/blog.fotolab.sk\/wp-content\/uploads\/2020\/02\/2006-olympus-omd-em1-markiii.00_00_06_05.Still006.jpg\" alt=\"\" width=\"960\" height=\"540\" \/><\/p>\n<h5>Ovl\u00e1danie<\/h5>\n<p>Najv\u00e4\u010d\u0161iu zmenu pobada\u0165 na zadnej strane. Pribudol na nej 8-smerov\u00fd joystick, ktor\u00fdm ve\u013emi r\u00fdchlo a pohodlne vyberiete zaostrovac\u00ed bod.<\/p>\n<p><img decoding=\"async\" loading=\"lazy\" class=\"alignnone size-full wp-image-9793\" src=\"https:\/\/blog.fotolab.sk\/wp-content\/uploads\/2020\/02\/oko.jpg\" alt=\"\" width=\"1152\" height=\"648\" \/><\/p>\n<h5>Vyspel\u00fd AF s prioritou tv\u00e1re \/ o\u010d\u00ed<\/h5>\n<p>Re\u017eim automatick\u00e9ho zaostrovania s prioritou tv\u00e1re \/ o\u010d\u00ed, ktor\u00fd automaticky zaostruje na tv\u00e1re a o\u010di fotografovan\u00fdch os\u00f4b, je teraz e\u0161te vyspelej\u0161\u00ed. Nov\u00fd obrazov\u00fd procesor TruePic IX pon\u00faka pokro\u010dilej\u0161ie mo\u017enosti spracovania a vylep\u0161en\u00fd algoritmus AF lep\u0161ie detekuje mal\u00e9 tv\u00e1re a o\u010di a udr\u017euje stabiln\u00e9 zaostrenie na objekt aj v situ\u00e1ci\u00e1ch, v ktor\u00fdch bola v minulosti detekcia ve\u013emi obtia\u017ena (napr\u00edklad zaostrenie na tv\u00e1r z profilu). Teraz je tie\u017e mo\u017en\u00e9 pri foten\u00ed a filmovan\u00ed pou\u017ei\u0165 na v\u00fdber tv\u00e1r\u00ed tla\u010didl\u00e1 alebo dotykov\u00e9 ovl\u00e1danie, a detekciu mo\u017eno zapn\u00fa\u0165 alebo vypn\u00fa\u0165 jedin\u00fdm stla\u010den\u00edm tla\u010didla. T\u00e1to vlastnos\u0165 spolu s \u010fal\u0161\u00edmi v\u0161estrann\u00fdmi funkciami pre tvorbu videa, rob\u00ed z E-M1 Mark III skvel\u00fd n\u00e1stroj pre video bloggerov.<\/p>\n<p><img decoding=\"async\" loading=\"lazy\" class=\"alignnone size-full wp-image-9794\" src=\"https:\/\/blog.fotolab.sk\/wp-content\/uploads\/2020\/02\/log.jpg\" alt=\"\" width=\"1152\" height=\"648\" \/><\/p>\n<h5>Video<\/h5>\n<p>V\u00fdkonn\u00e1 stabiliz\u00e1cia OM-D umo\u017e\u0148uje nahr\u00e1vanie 4K \/ C4K vide\u00ed z\u00a0ruky. E-M1 Mark III je vybaven\u00fd IS re\u017eimom \u0161peci\u00e1lne ur\u010den\u00fdm pre nat\u00e1\u010danie videa. Film\u00e1ri ocenia mo\u017enos\u0165 pou\u017eitia log profilu pre grading farieb<\/p>\n<p>Tento model podporuje profil OM-Log400, ktor\u00fd poskytne film\u00e1rom ve\u013ek\u00fa tvoriv\u00fa slobodu v podobe GRADING farieb a nahr\u00e1vok bez straty detailov vo svetl\u00e1ch a tie\u0148och. Pre lep\u0161iu \u010ditate\u013enos\u0165 Live View je teraz k dispoz\u00edcii funkcia View Assist, ktor\u00e1 konvertuje farebn\u00fd gamut na zobrazenie zodpovedaj\u00face Full HD \u0161tandardu BT.709.<\/p>\n<p><img decoding=\"async\" loading=\"lazy\" class=\"alignnone size-full wp-image-9795\" src=\"https:\/\/blog.fotolab.sk\/wp-content\/uploads\/2020\/02\/audio.jpg\" alt=\"\" width=\"1152\" height=\"648\" \/><\/p>\n<h5>Vylep\u0161en\u00e9 audio<\/h5>\n<p>Nahr\u00e1vanie High-res zvuku pomocou audio z\u00e1znamn\u00edka LS-P4 prin\u00e1\u0161a kri\u0161t\u00e1\u013eovo \u010dist\u00fd profesion\u00e1lny zvuk. Sp\u00e1rovanie s extern\u00fdm audio z\u00e1znamn\u00edkom Olympus LS-P4 roz\u0161\u00edri mo\u017enosti z\u00e1znamu vysoko kvalitn\u00e9ho zvuku vide\u00ed. T\u00e1to zostava umo\u017e\u0148uje z\u00e1znam vysoko kvalitn\u00e9ho zvuku pri tvorbe videa.<\/p>\n<p><img decoding=\"async\" loading=\"lazy\" class=\"alignnone size-full wp-image-9796\" src=\"https:\/\/blog.fotolab.sk\/wp-content\/uploads\/2020\/02\/star.jpg\" alt=\"\" width=\"1152\" height=\"648\" \/><\/p>\n<h5>Nov\u00e1 funkcia Starry Sky AF<\/h5>\n<p>Starry Sky AF je nov\u00e1 funkcia OM-D E-M1 Mark III, ktor\u00e1 sp\u00f4sob\u00ed revol\u00faciu vo svete astrofotografie. V minulosti sa fotografi museli spo\u013eahn\u00fa\u0165 na manu\u00e1lne zaostrovanie. Novo vyvinut\u00fd algoritmus autofokusu teraz umo\u017e\u0148uje vysoko presn\u00e9 zaostrenie aj na tie najdrobnej\u0161ie hviezdy \u017eiariace na no\u010dnej oblohe. Jedn\u00fdm z dvoch re\u017eimov Starry Sky AF je re\u017eim priority r\u00fdchlosti (Speed \u200b\u200bPriority \u2013 pre fotografovanie z ruky), druh\u00fdm je re\u017eim priority presnosti (Accuracy Priority) vyu\u017e\u00edva jemne vyladen\u00fd focus scan a je u\u017eito\u010dn\u00fd pre fotografovanie konkr\u00e9tnych hviezd pomocou teleobjekt\u00edvov zo stat\u00edvu.<\/p>\n<p><img decoding=\"async\" loading=\"lazy\" class=\"alignnone size-full wp-image-9797\" src=\"https:\/\/blog.fotolab.sk\/wp-content\/uploads\/2020\/02\/live-nd.png\" alt=\"\" width=\"1152\" height=\"648\" \/><\/p>\n<h5>Live ND<\/h5>\n<p>Funkcia Live ND, ve\u013emi ob\u013e\u00faben\u00e1 v OM-D E-M1X, sa teraz objavuje aj v tomto modeli. U\u017e\u00edvatelia m\u00f4\u017eu voli\u0165 intenzitu filtra od ND2 (jeden expozi\u010dn\u00fd krok) a\u017e po ND32 (5 krokov) a pred fotografovan\u00edm skontrolova\u0165 efekt pred\u013a\u017eenej expoz\u00edcie v h\u013ead\u00e1\u010diku. V\u010faka tejto funkcii nie je potrebn\u00e9 pre r\u00f4zne sc\u00e9ny a objekt\u00edvy nasadzova\u0165 zaka\u017ed\u00fdm in\u00fd optick\u00fd ND filter, a je obzvl\u00e1\u0161\u0165 u\u017eito\u010dn\u00e1 pre objekt\u00edvy, na ktor\u00e9 je \u0165a\u017ek\u00e9 ND filter nasadi\u0165.<\/p>\n<p><img decoding=\"async\" loading=\"lazy\" class=\"alignnone size-full wp-image-9798\" src=\"https:\/\/blog.fotolab.sk\/wp-content\/uploads\/2020\/02\/18fps.1.jpg\" alt=\"\" width=\"1152\" height=\"648\" \/><\/p>\n<h5>Pre Capture<\/h5>\n<p>Re\u017eim Pre Capture umo\u017e\u0148uje fotografova\u0165 sc\u00e9ny, ktor\u00e9 s\u00fa pre fotografa \u0165a\u017eko na\u010dasovate\u013en\u00e9, napr\u00edklad vzlet vt\u00e1ka. Pre Capture za\u010dne v momente stla\u010denia sp\u00fa\u0161te uklada\u0165 sn\u00edmky do vyrovn\u00e1vacej pam\u00e4te, ktor\u00e1 pojme a\u017e 35 sn\u00edmok v RAW \/ plnom rozl\u00ed\u0161en\u00ed. V okamihu, ke\u010f stla\u010d\u00edte sp\u00fa\u0161\u0165 naplno, bud\u00fa tieto sn\u00edmky k dispoz\u00edcii, spolu so sn\u00edmkami nasn\u00edman\u00fdmi po stla\u010den\u00ed sp\u00fa\u0161te.<\/p>\n<h5>Dostupnos\u0165 a cena<\/h5>\n<p>OM-D E-M1 Mark III sa objav\u00ed na pultoch obchodov ako samostatn\u00e9 telo v \u010diernej farbe za odpor\u00fa\u010dan\u00fa maloobchodn\u00fa cenu 1 799,00 EUR, a tie\u017e v r\u00f4znych kitov\u00fdch sad\u00e1ch, napr\u00edklad s M.ZUIKO Digital ED 12-40 F2.8 PRO za 2 499,00 EUR alebo s M.ZUIKO Digital ED 12-100 F4.0 IS PRE za 2 899,00 EUR.<\/p>\n<p>E-M1 Mark III s atrakt\u00edvnym zv\u00fdhodnen\u00edm je mo\u017en\u00e9 u\u017e dnes, 12. febru\u00e1ra, predobjedna\u0165 u vybran\u00fdch predajcov alebo v online obchode Olympus.<\/p>\n<p>Paralelne sa bude pred\u00e1va\u0165 aj predch\u00e1dzaj\u00faci model E-M1 Mark II za nov\u00fa odpor\u00fa\u010dan\u00fa cenu 1 499,00 EUR (samotn\u00e9 telo), respekt\u00edve 2 199,00 EUR v sade spolu s objekt\u00edvom ED 12-40 F2.8 PRO.<\/p>\n<p><strong>Olympus OM-D E-M1 Mark III k\u00fapite u\u017e aj <a href=\"https:\/\/www.fotolab.sk\/olympus-o-md-e-m1-mark-iii-telo-cierne\" target=\"_blank\" rel=\"noopener noreferrer\">v na\u0161om eshope.<\/a><br \/>\n<\/strong><\/p>\n","protected":false},"excerpt":{"rendered":"<p>Praha, 12. febru\u00e1ra 2020 &#8211; Olympus ozn\u00e1mil nov\u00fd model profesion\u00e1lneho fotoapar\u00e1tu, stvoren\u00e9ho pre vynikaj\u00facu mobilitu: OM-D E-M1 Mark III. Najnov\u0161\u00ed OM-D model pon\u00faka najlep\u0161\u00ed syst\u00e9m stabiliz\u00e1cie obrazu na svete, umo\u017e\u0148uj\u00faci pred\u013a\u017ei\u0165 expoz\u00edciu a\u017e o 7,5 kroku, nov\u00fd obrazov\u00fd procesor (TruePic IX), vysoko presn\u00fd a r\u00fdchly autofokus a \u010fal\u0161ie unik\u00e1tne fotografick\u00e9 funkcie. Svojou kompaktnou a \u013eahkou [&hellip;]<\/p>\n","protected":false},"author":41,"featured_media":9800,"comment_status":"open","ping_status":"open","sticky":false,"template":"","format":"standard","meta":[],"categories":[50,188],"tags":[111,112,64,59,102],"yoast_head":"<!-- This site is optimized with the Yoast SEO plugin v19.1 - https:\/\/yoast.com\/wordpress\/plugins\/seo\/ -->\n<title>Nov\u00fd Olympus OM-D E-M1 Mark III - CEWE Fotolab blog<\/title>\n<meta name=\"description\" content=\"Olympus ozn\u00e1mil nov\u00fd model profesion\u00e1lneho fotoapar\u00e1tu, stvoren\u00e9ho pre vynikaj\u00facu mobilitu: OM-D E-M1 Mark III. Najnov\u0161\u00ed OM-D model pon\u00faka najlep\u0161\u00ed syst\u00e9m stabiliz\u00e1cie obrazu na svete, umo\u017e\u0148uj\u00faci pred\u013a\u017ei\u0165 expoz\u00edciu a\u017e o 7,5 kroku, nov\u00fd obrazov\u00fd procesor (TruePic IX), vysoko presn\u00fd a r\u00fdchly autofokus a \u010fal\u0161ie unik\u00e1tne fotografick\u00e9 funkcie.\" \/>\n<meta name=\"robots\" content=\"index, follow, max-snippet:-1, max-image-preview:large, max-video-preview:-1\" \/>\n<link rel=\"canonical\" href=\"https:\/\/www.fotolab.sk\/blog\/novy-olympus-om-d-e-m1-mark-iii\/\" \/>\n<meta property=\"og:locale\" content=\"sk_SK\" \/>\n<meta property=\"og:type\" content=\"article\" \/>\n<meta property=\"og:title\" content=\"Nov\u00fd Olympus OM-D E-M1 Mark III - CEWE Fotolab blog\" \/>\n<meta property=\"og:description\" content=\"Olympus ozn\u00e1mil nov\u00fd model profesion\u00e1lneho fotoapar\u00e1tu, stvoren\u00e9ho pre vynikaj\u00facu mobilitu: OM-D E-M1 Mark III. Najnov\u0161\u00ed OM-D model pon\u00faka najlep\u0161\u00ed syst\u00e9m stabiliz\u00e1cie obrazu na svete, umo\u017e\u0148uj\u00faci pred\u013a\u017ei\u0165 expoz\u00edciu a\u017e o 7,5 kroku, nov\u00fd obrazov\u00fd procesor (TruePic IX), vysoko presn\u00fd a r\u00fdchly autofokus a \u010fal\u0161ie unik\u00e1tne fotografick\u00e9 funkcie.\" \/>\n<meta property=\"og:url\" content=\"https:\/\/www.fotolab.sk\/blog\/novy-olympus-om-d-e-m1-mark-iii\/\" \/>\n<meta property=\"og:site_name\" content=\"CEWE Fotolab blog\" \/>\n<meta property=\"article:published_time\" content=\"2020-02-12T07:30:36+00:00\" \/>\n<meta property=\"article:modified_time\" content=\"2020-05-04T10:38:21+00:00\" \/>\n<meta property=\"og:image\" content=\"https:\/\/blog.fotolab.sk\/wp-content\/uploads\/2020\/02\/OM-D_E-M1_Mark_III_weatherproof.jpg\" \/>\n\t<meta property=\"og:image:width\" content=\"1477\" \/>\n\t<meta property=\"og:image:height\" content=\"771\" \/>\n\t<meta property=\"og:image:type\" content=\"image\/jpeg\" \/>\n<meta name=\"twitter:label1\" content=\"Autor:\" \/>\n\t<meta name=\"twitter:data1\" content=\"Redakcia CEWE\" \/>\n\t<meta name=\"twitter:label2\" content=\"Predpokladan\u00fd \u010das \u010d\u00edtania\" \/>\n\t<meta name=\"twitter:data2\" content=\"5 min\u00fat\" \/>\n<script type=\"application\/ld+json\" class=\"yoast-schema-graph\">{\"@context\":\"https:\/\/schema.org\",\"@graph\":[{\"@type\":\"WebSite\",\"@id\":\"https:\/\/www.fotolab.sk\/blog\/#website\",\"url\":\"https:\/\/www.fotolab.sk\/blog\/\",\"name\":\"CEWE Fotolab blog\",\"description\":\"Blog ur\u010den\u00fd pre fan\u00fa\u0161ikov fotografie a sveta okolo nej.\",\"potentialAction\":[{\"@type\":\"SearchAction\",\"target\":{\"@type\":\"EntryPoint\",\"urlTemplate\":\"https:\/\/www.fotolab.sk\/blog\/?s={search_term_string}\"},\"query-input\":\"required name=search_term_string\"}],\"inLanguage\":\"sk-SK\"},{\"@type\":\"ImageObject\",\"inLanguage\":\"sk-SK\",\"@id\":\"https:\/\/www.fotolab.sk\/blog\/novy-olympus-om-d-e-m1-mark-iii\/#primaryimage\",\"url\":\"https:\/\/blog.fotolab.sk\/wp-content\/uploads\/2020\/02\/OM-D_E-M1_Mark_III_weatherproof.jpg\",\"contentUrl\":\"https:\/\/blog.fotolab.sk\/wp-content\/uploads\/2020\/02\/OM-D_E-M1_Mark_III_weatherproof.jpg\",\"width\":1477,\"height\":771},{\"@type\":\"WebPage\",\"@id\":\"https:\/\/www.fotolab.sk\/blog\/novy-olympus-om-d-e-m1-mark-iii\/#webpage\",\"url\":\"https:\/\/www.fotolab.sk\/blog\/novy-olympus-om-d-e-m1-mark-iii\/\",\"name\":\"Nov\u00fd Olympus OM-D E-M1 Mark III - CEWE Fotolab blog\",\"isPartOf\":{\"@id\":\"https:\/\/www.fotolab.sk\/blog\/#website\"},\"primaryImageOfPage\":{\"@id\":\"https:\/\/www.fotolab.sk\/blog\/novy-olympus-om-d-e-m1-mark-iii\/#primaryimage\"},\"datePublished\":\"2020-02-12T07:30:36+00:00\",\"dateModified\":\"2020-05-04T10:38:21+00:00\",\"author\":{\"@id\":\"https:\/\/www.fotolab.sk\/blog\/#\/schema\/person\/7857aea021b4560af0d06d2abe97110b\"},\"description\":\"Olympus ozn\u00e1mil nov\u00fd model profesion\u00e1lneho fotoapar\u00e1tu, stvoren\u00e9ho pre vynikaj\u00facu mobilitu: OM-D E-M1 Mark III. Najnov\u0161\u00ed OM-D model pon\u00faka najlep\u0161\u00ed syst\u00e9m stabiliz\u00e1cie obrazu na svete, umo\u017e\u0148uj\u00faci pred\u013a\u017ei\u0165 expoz\u00edciu a\u017e o 7,5 kroku, nov\u00fd obrazov\u00fd procesor (TruePic IX), vysoko presn\u00fd a r\u00fdchly autofokus a \u010fal\u0161ie unik\u00e1tne fotografick\u00e9 funkcie.\",\"breadcrumb\":{\"@id\":\"https:\/\/www.fotolab.sk\/blog\/novy-olympus-om-d-e-m1-mark-iii\/#breadcrumb\"},\"inLanguage\":\"sk-SK\",\"potentialAction\":[{\"@type\":\"ReadAction\",\"target\":[\"https:\/\/www.fotolab.sk\/blog\/novy-olympus-om-d-e-m1-mark-iii\/\"]}]},{\"@type\":\"BreadcrumbList\",\"@id\":\"https:\/\/www.fotolab.sk\/blog\/novy-olympus-om-d-e-m1-mark-iii\/#breadcrumb\",\"itemListElement\":[{\"@type\":\"ListItem\",\"position\":1,\"name\":\"Home\",\"item\":\"https:\/\/www.fotolab.sk\/blog\/\"},{\"@type\":\"ListItem\",\"position\":2,\"name\":\"Nov\u00fd Olympus OM-D E-M1 Mark III\"}]},{\"@type\":\"Person\",\"@id\":\"https:\/\/www.fotolab.sk\/blog\/#\/schema\/person\/7857aea021b4560af0d06d2abe97110b\",\"name\":\"Redakcia CEWE\",\"image\":{\"@type\":\"ImageObject\",\"inLanguage\":\"sk-SK\",\"@id\":\"https:\/\/www.fotolab.sk\/blog\/#\/schema\/person\/image\/\",\"url\":\"https:\/\/secure.gravatar.com\/avatar\/e27c65ada54cc066e94388632d402763?s=96&d=mm&r=g\",\"contentUrl\":\"https:\/\/secure.gravatar.com\/avatar\/e27c65ada54cc066e94388632d402763?s=96&d=mm&r=g\",\"caption\":\"Redakcia CEWE\"},\"sameAs\":[\"https:\/\/www.instagram.com\/cewe.sk\/\"],\"url\":\"https:\/\/www.fotolab.sk\/blog\/author\/cewe-redakcia\/\"}]}<\/script>\n<!-- \/ Yoast SEO plugin. -->","yoast_head_json":{"title":"Nov\u00fd Olympus OM-D E-M1 Mark III - CEWE Fotolab blog","description":"Olympus ozn\u00e1mil nov\u00fd model profesion\u00e1lneho fotoapar\u00e1tu, stvoren\u00e9ho pre vynikaj\u00facu mobilitu: OM-D E-M1 Mark III. Najnov\u0161\u00ed OM-D model pon\u00faka najlep\u0161\u00ed syst\u00e9m stabiliz\u00e1cie obrazu na svete, umo\u017e\u0148uj\u00faci pred\u013a\u017ei\u0165 expoz\u00edciu a\u017e o 7,5 kroku, nov\u00fd obrazov\u00fd procesor (TruePic IX), vysoko presn\u00fd a r\u00fdchly autofokus a \u010fal\u0161ie unik\u00e1tne fotografick\u00e9 funkcie.","robots":{"index":"index","follow":"follow","max-snippet":"max-snippet:-1","max-image-preview":"max-image-preview:large","max-video-preview":"max-video-preview:-1"},"canonical":"https:\/\/www.fotolab.sk\/blog\/novy-olympus-om-d-e-m1-mark-iii\/","og_locale":"sk_SK","og_type":"article","og_title":"Nov\u00fd Olympus OM-D E-M1 Mark III - CEWE Fotolab blog","og_description":"Olympus ozn\u00e1mil nov\u00fd model profesion\u00e1lneho fotoapar\u00e1tu, stvoren\u00e9ho pre vynikaj\u00facu mobilitu: OM-D E-M1 Mark III. Najnov\u0161\u00ed OM-D model pon\u00faka najlep\u0161\u00ed syst\u00e9m stabiliz\u00e1cie obrazu na svete, umo\u017e\u0148uj\u00faci pred\u013a\u017ei\u0165 expoz\u00edciu a\u017e o 7,5 kroku, nov\u00fd obrazov\u00fd procesor (TruePic IX), vysoko presn\u00fd a r\u00fdchly autofokus a \u010fal\u0161ie unik\u00e1tne fotografick\u00e9 funkcie.","og_url":"https:\/\/www.fotolab.sk\/blog\/novy-olympus-om-d-e-m1-mark-iii\/","og_site_name":"CEWE Fotolab blog","article_published_time":"2020-02-12T07:30:36+00:00","article_modified_time":"2020-05-04T10:38:21+00:00","og_image":[{"width":1477,"height":771,"url":"https:\/\/blog.fotolab.sk\/wp-content\/uploads\/2020\/02\/OM-D_E-M1_Mark_III_weatherproof.jpg","type":"image\/jpeg"}],"twitter_misc":{"Autor:":"Redakcia CEWE","Predpokladan\u00fd \u010das \u010d\u00edtania":"5 min\u00fat"},"schema":{"@context":"https:\/\/schema.org","@graph":[{"@type":"WebSite","@id":"https:\/\/www.fotolab.sk\/blog\/#website","url":"https:\/\/www.fotolab.sk\/blog\/","name":"CEWE Fotolab blog","description":"Blog ur\u010den\u00fd pre fan\u00fa\u0161ikov fotografie a sveta okolo nej.","potentialAction":[{"@type":"SearchAction","target":{"@type":"EntryPoint","urlTemplate":"https:\/\/www.fotolab.sk\/blog\/?s={search_term_string}"},"query-input":"required name=search_term_string"}],"inLanguage":"sk-SK"},{"@type":"ImageObject","inLanguage":"sk-SK","@id":"https:\/\/www.fotolab.sk\/blog\/novy-olympus-om-d-e-m1-mark-iii\/#primaryimage","url":"https:\/\/blog.fotolab.sk\/wp-content\/uploads\/2020\/02\/OM-D_E-M1_Mark_III_weatherproof.jpg","contentUrl":"https:\/\/blog.fotolab.sk\/wp-content\/uploads\/2020\/02\/OM-D_E-M1_Mark_III_weatherproof.jpg","width":1477,"height":771},{"@type":"WebPage","@id":"https:\/\/www.fotolab.sk\/blog\/novy-olympus-om-d-e-m1-mark-iii\/#webpage","url":"https:\/\/www.fotolab.sk\/blog\/novy-olympus-om-d-e-m1-mark-iii\/","name":"Nov\u00fd Olympus OM-D E-M1 Mark III - CEWE Fotolab blog","isPartOf":{"@id":"https:\/\/www.fotolab.sk\/blog\/#website"},"primaryImageOfPage":{"@id":"https:\/\/www.fotolab.sk\/blog\/novy-olympus-om-d-e-m1-mark-iii\/#primaryimage"},"datePublished":"2020-02-12T07:30:36+00:00","dateModified":"2020-05-04T10:38:21+00:00","author":{"@id":"https:\/\/www.fotolab.sk\/blog\/#\/schema\/person\/7857aea021b4560af0d06d2abe97110b"},"description":"Olympus ozn\u00e1mil nov\u00fd model profesion\u00e1lneho fotoapar\u00e1tu, stvoren\u00e9ho pre vynikaj\u00facu mobilitu: OM-D E-M1 Mark III. Najnov\u0161\u00ed OM-D model pon\u00faka najlep\u0161\u00ed syst\u00e9m stabiliz\u00e1cie obrazu na svete, umo\u017e\u0148uj\u00faci pred\u013a\u017ei\u0165 expoz\u00edciu a\u017e o 7,5 kroku, nov\u00fd obrazov\u00fd procesor (TruePic IX), vysoko presn\u00fd a r\u00fdchly autofokus a \u010fal\u0161ie unik\u00e1tne fotografick\u00e9 funkcie.","breadcrumb":{"@id":"https:\/\/www.fotolab.sk\/blog\/novy-olympus-om-d-e-m1-mark-iii\/#breadcrumb"},"inLanguage":"sk-SK","potentialAction":[{"@type":"ReadAction","target":["https:\/\/www.fotolab.sk\/blog\/novy-olympus-om-d-e-m1-mark-iii\/"]}]},{"@type":"BreadcrumbList","@id":"https:\/\/www.fotolab.sk\/blog\/novy-olympus-om-d-e-m1-mark-iii\/#breadcrumb","itemListElement":[{"@type":"ListItem","position":1,"name":"Home","item":"https:\/\/www.fotolab.sk\/blog\/"},{"@type":"ListItem","position":2,"name":"Nov\u00fd Olympus OM-D E-M1 Mark III"}]},{"@type":"Person","@id":"https:\/\/www.fotolab.sk\/blog\/#\/schema\/person\/7857aea021b4560af0d06d2abe97110b","name":"Redakcia CEWE","image":{"@type":"ImageObject","inLanguage":"sk-SK","@id":"https:\/\/www.fotolab.sk\/blog\/#\/schema\/person\/image\/","url":"https:\/\/secure.gravatar.com\/avatar\/e27c65ada54cc066e94388632d402763?s=96&d=mm&r=g","contentUrl":"https:\/\/secure.gravatar.com\/avatar\/e27c65ada54cc066e94388632d402763?s=96&d=mm&r=g","caption":"Redakcia CEWE"},"sameAs":["https:\/\/www.instagram.com\/cewe.sk\/"],"url":"https:\/\/www.fotolab.sk\/blog\/author\/cewe-redakcia\/"}]}},"_links":{"self":[{"href":"https:\/\/www.fotolab.sk\/blog\/wp-json\/wp\/v2\/posts\/9756"}],"collection":[{"href":"https:\/\/www.fotolab.sk\/blog\/wp-json\/wp\/v2\/posts"}],"about":[{"href":"https:\/\/www.fotolab.sk\/blog\/wp-json\/wp\/v2\/types\/post"}],"author":[{"embeddable":true,"href":"https:\/\/www.fotolab.sk\/blog\/wp-json\/wp\/v2\/users\/41"}],"replies":[{"embeddable":true,"href":"https:\/\/www.fotolab.sk\/blog\/wp-json\/wp\/v2\/comments?post=9756"}],"version-history":[{"count":16,"href":"https:\/\/www.fotolab.sk\/blog\/wp-json\/wp\/v2\/posts\/9756\/revisions"}],"predecessor-version":[{"id":10155,"href":"https:\/\/www.fotolab.sk\/blog\/wp-json\/wp\/v2\/posts\/9756\/revisions\/10155"}],"wp:featuredmedia":[{"embeddable":true,"href":"https:\/\/www.fotolab.sk\/blog\/wp-json\/wp\/v2\/media\/9800"}],"wp:attachment":[{"href":"https:\/\/www.fotolab.sk\/blog\/wp-json\/wp\/v2\/media?parent=9756"}],"wp:term":[{"taxonomy":"category","embeddable":true,"href":"https:\/\/www.fotolab.sk\/blog\/wp-json\/wp\/v2\/categories?post=9756"},{"taxonomy":"post_tag","embeddable":true,"href":"https:\/\/www.fotolab.sk\/blog\/wp-json\/wp\/v2\/tags?post=9756"}],"curies":[{"name":"wp","href":"https:\/\/api.w.org\/{rel}","templated":true}]}}