
{"id":9508,"date":"2019-11-27T14:10:41","date_gmt":"2019-11-27T13:10:41","guid":{"rendered":"https:\/\/www.fotolab.sk\/blog\/?p=9508"},"modified":"2019-11-27T16:03:27","modified_gmt":"2019-11-27T15:03:27","slug":"poteste-rodinu-a-priatelov-vianocnym-pozdravom","status":"publish","type":"post","link":"https:\/\/www.fotolab.sk\/blog\/poteste-rodinu-a-priatelov-vianocnym-pozdravom\/","title":{"rendered":"Pote\u0161te rodinu a priate\u013eov viano\u010dn\u00fdm pozdravom"},"content":{"rendered":"<p>Viano\u010dn\u00fd \u010das je predo dvermi, a preto m\u00e1me pre v\u00e1s tip, ako si ho u\u017ei\u0165 a pote\u0161i\u0165 nie len seba, ale aj svojich bl\u00edzkych. <a href=\"https:\/\/www.cewe.sk\/pohladnice\/vianocne-pohladnice.html\" target=\"_blank\" rel=\"noopener noreferrer\">Na\u0161e viano\u010dn\u00e9 poh\u013eadnice<\/a> s\u00a0fotkou oh\u00faria ka\u017ed\u00e9ho, kto si ich n\u00e1jde v\u00a0schr\u00e1nke.<\/p>\n<p><strong>Prav\u00fa poh\u013eadnicu<\/strong> m\u00f4\u017eete dnes posla\u0165 kedyko\u013evek a\u00a0kdeko\u013evek aj na druh\u00fd koniec sveta. Nie je ni\u010d jednoduch\u0161ie a\u00a0rados\u0165 adres\u00e1ta bude obrovsk\u00e1. Ve\u010f dosta\u0165 skuto\u010dn\u00fa poh\u013eadnicu a\u00a0nie elektronick\u00fd pozdrav na telef\u00f3n je dnes naozaj v\u00fdnimo\u010dn\u00e9.<\/p>\n<p><img decoding=\"async\" loading=\"lazy\" class=\"alignnone size-full wp-image-9511\" src=\"https:\/\/blog.fotolab.sk\/wp-content\/uploads\/2019\/11\/Christmas_2019_7464_CC_FCP_Detail_Retuschen-1.jpg\" alt=\"\" width=\"2048\" height=\"1398\" \/><\/p>\n<p>Objavte op\u00e4\u0165 \u010daro tla\u010denej klasickej poh\u013eadnice, ktor\u00fa si m\u00f4\u017eete vytvori\u0165 celkom sami s\u00a0vlastn\u00fdmi fotografiami a\u00a0osobn\u00fdm textom. Na zadn\u00fa stranu poh\u013eadnice si m\u00f4\u017eete takisto vlo\u017ei\u0165 fotografie a\u00a0samozrejme aj osobn\u00fd pozdrav. Pri textoch m\u00e1te na v\u00fdber <strong>nieko\u013eko typov a\u00a0farieb p\u00edsma<\/strong>, aby ladili s\u00a0celkov\u00fdm dizajnom.<\/p>\n<p>Na v\u00fdber m\u00e1te mnoho mo\u017enost\u00ed od klasick\u00fdch poh\u013eadn\u00edc, cez karty, XL poh\u013eadnice, fotoblaho\u017eelania a\u017e po poh\u013eadnice s\u00a0odoslan\u00edm priamo do schr\u00e1nky.<\/p>\n<p><img decoding=\"async\" loading=\"lazy\" class=\"alignnone size-full wp-image-9516\" src=\"https:\/\/blog.fotolab.sk\/wp-content\/uploads\/2019\/11\/Kreativtip_Xmas_2019_9501_CC_Retusche.jpg\" alt=\"\" width=\"3971\" height=\"2976\" \/><\/p>\n<h5>N\u00c1\u0160 TIP: Nechajte v\u00e1\u0161 viano\u010dn\u00fd pozdrav vynikn\u00fa\u0165 a ozdobte svoje poh\u013eadnice efektn\u00fdm lakom, \u010di zlat\u00fdm alebo strieborn\u00fdm efektom.<\/h5>\n<p>S efektn\u00fdm prieh\u013eadn\u00fdm lakovan\u00edm z\u00edskaj\u00fa va\u0161e poh\u013eadnice zjavne vypukl\u00e9 prvky, ktor\u00e9 atrakt\u00edvne dotvoria celkov\u00fd dizajn. Zlat\u00e9 efekty bud\u00fa na va\u0161e pozdravy nanesen\u00e9 \u0161peci\u00e1lnou tla\u010dou, ktor\u00e1 ich nech\u00e1 kr\u00e1sne vynikn\u00fa\u0165. Aj so striebornou farbou z\u00edskaj\u00fa va\u0161e pozdravy neoby\u010dajn\u00e9 \u010daro. Dizajnov\u00e9 prvky v podobe strieborn\u00fdch ornamentov alebo obrysov vytvoria v kombin\u00e1cii s va\u0161imi fotografiami v\u00fdnimo\u010dn\u00fd celok.<\/p>\n<p><img decoding=\"async\" loading=\"lazy\" class=\"alignnone size-full wp-image-9515\" src=\"https:\/\/blog.fotolab.sk\/wp-content\/uploads\/2019\/11\/Christmas_2019_7440_CC_XLS_Detail.jpg\" alt=\"\" width=\"1878\" height=\"1306\" \/><\/p>\n<p>Prezrite si a\u00a0in\u0161pirujte sa <a href=\"https:\/\/www.cewe.sk\/pohladnice.html\" target=\"_blank\" rel=\"noopener noreferrer\">na\u0161ou ponukou<\/a>. \u017del\u00e1me ve\u013ea radosti pri tvoren\u00ed.<\/p>\n","protected":false},"excerpt":{"rendered":"<p>Viano\u010dn\u00fd \u010das je predo dvermi, a preto m\u00e1me pre v\u00e1s tip, ako si ho u\u017ei\u0165 a pote\u0161i\u0165 nie len seba, ale aj svojich bl\u00edzkych. Na\u0161e viano\u010dn\u00e9 poh\u013eadnice s\u00a0fotkou oh\u00faria ka\u017ed\u00e9ho, kto si ich n\u00e1jde v\u00a0schr\u00e1nke. Prav\u00fa poh\u013eadnicu m\u00f4\u017eete dnes posla\u0165 kedyko\u013evek a\u00a0kdeko\u013evek aj na druh\u00fd koniec sveta. Nie je ni\u010d jednoduch\u0161ie a\u00a0rados\u0165 adres\u00e1ta bude obrovsk\u00e1. [&hellip;]<\/p>\n","protected":false},"author":39,"featured_media":9510,"comment_status":"open","ping_status":"open","sticky":false,"template":"","format":"standard","meta":[],"categories":[51],"tags":[107,77,99,119],"yoast_head":"<!-- This site is optimized with the Yoast SEO plugin v19.1 - https:\/\/yoast.com\/wordpress\/plugins\/seo\/ -->\n<title>Pote\u0161te rodinu a priate\u013eov viano\u010dn\u00fdm pozdravom - CEWE Fotolab blog<\/title>\n<meta name=\"description\" content=\"Viano\u010dn\u00fd \u010das je predo dvermi, a\u00a0preto m\u00e1me pre v\u00e1s tip, ako si ho u\u017ei\u0165 a\u00a0pote\u0161i\u0165 nie len seba, ale aj svojich bl\u00edzkych. Na\u0161e viano\u010dn\u00e9 poh\u013eadnice s\u00a0fotkou oh\u00faria ka\u017ed\u00e9ho, kto si ich n\u00e1jde v\u00a0schr\u00e1nke.\" \/>\n<meta name=\"robots\" content=\"index, follow, max-snippet:-1, max-image-preview:large, max-video-preview:-1\" \/>\n<link rel=\"canonical\" href=\"https:\/\/www.fotolab.sk\/blog\/poteste-rodinu-a-priatelov-vianocnym-pozdravom\/\" \/>\n<meta property=\"og:locale\" content=\"sk_SK\" \/>\n<meta property=\"og:type\" content=\"article\" \/>\n<meta property=\"og:title\" content=\"Pote\u0161te rodinu a priate\u013eov viano\u010dn\u00fdm pozdravom - CEWE Fotolab blog\" \/>\n<meta property=\"og:description\" content=\"Viano\u010dn\u00fd \u010das je predo dvermi, a\u00a0preto m\u00e1me pre v\u00e1s tip, ako si ho u\u017ei\u0165 a\u00a0pote\u0161i\u0165 nie len seba, ale aj svojich bl\u00edzkych. Na\u0161e viano\u010dn\u00e9 poh\u013eadnice s\u00a0fotkou oh\u00faria ka\u017ed\u00e9ho, kto si ich n\u00e1jde v\u00a0schr\u00e1nke.\" \/>\n<meta property=\"og:url\" content=\"https:\/\/www.fotolab.sk\/blog\/poteste-rodinu-a-priatelov-vianocnym-pozdravom\/\" \/>\n<meta property=\"og:site_name\" content=\"CEWE Fotolab blog\" \/>\n<meta property=\"article:published_time\" content=\"2019-11-27T13:10:41+00:00\" \/>\n<meta property=\"article:modified_time\" content=\"2019-11-27T15:03:27+00:00\" \/>\n<meta name=\"twitter:label1\" content=\"Autor:\" \/>\n\t<meta name=\"twitter:data1\" content=\"Daniela Ru\u017eovi\u010dov\u00e1\" \/>\n\t<meta name=\"twitter:label2\" content=\"Predpokladan\u00fd \u010das \u010d\u00edtania\" \/>\n\t<meta name=\"twitter:data2\" content=\"2 min\u00faty\" \/>\n<script type=\"application\/ld+json\" class=\"yoast-schema-graph\">{\"@context\":\"https:\/\/schema.org\",\"@graph\":[{\"@type\":\"WebSite\",\"@id\":\"https:\/\/www.fotolab.sk\/blog\/#website\",\"url\":\"https:\/\/www.fotolab.sk\/blog\/\",\"name\":\"CEWE Fotolab blog\",\"description\":\"Blog ur\u010den\u00fd pre fan\u00fa\u0161ikov fotografie a sveta okolo nej.\",\"potentialAction\":[{\"@type\":\"SearchAction\",\"target\":{\"@type\":\"EntryPoint\",\"urlTemplate\":\"https:\/\/www.fotolab.sk\/blog\/?s={search_term_string}\"},\"query-input\":\"required name=search_term_string\"}],\"inLanguage\":\"sk-SK\"},{\"@type\":\"ImageObject\",\"inLanguage\":\"sk-SK\",\"@id\":\"https:\/\/www.fotolab.sk\/blog\/poteste-rodinu-a-priatelov-vianocnym-pozdravom\/#primaryimage\",\"url\":\"https:\/\/blog.fotolab.sk\/wp-content\/uploads\/2019\/11\/Christmas_2019_8101_CC_Kombi_Quer-2.jpg\",\"contentUrl\":\"https:\/\/blog.fotolab.sk\/wp-content\/uploads\/2019\/11\/Christmas_2019_8101_CC_Kombi_Quer-2.jpg\",\"width\":7047,\"height\":3423},{\"@type\":\"WebPage\",\"@id\":\"https:\/\/www.fotolab.sk\/blog\/poteste-rodinu-a-priatelov-vianocnym-pozdravom\/#webpage\",\"url\":\"https:\/\/www.fotolab.sk\/blog\/poteste-rodinu-a-priatelov-vianocnym-pozdravom\/\",\"name\":\"Pote\u0161te rodinu a priate\u013eov viano\u010dn\u00fdm pozdravom - CEWE Fotolab blog\",\"isPartOf\":{\"@id\":\"https:\/\/www.fotolab.sk\/blog\/#website\"},\"primaryImageOfPage\":{\"@id\":\"https:\/\/www.fotolab.sk\/blog\/poteste-rodinu-a-priatelov-vianocnym-pozdravom\/#primaryimage\"},\"datePublished\":\"2019-11-27T13:10:41+00:00\",\"dateModified\":\"2019-11-27T15:03:27+00:00\",\"author\":{\"@id\":\"https:\/\/www.fotolab.sk\/blog\/#\/schema\/person\/77d6dacf2a79ac8f60da8e2a80f2030b\"},\"description\":\"Viano\u010dn\u00fd \u010das je predo dvermi, a\u00a0preto m\u00e1me pre v\u00e1s tip, ako si ho u\u017ei\u0165 a\u00a0pote\u0161i\u0165 nie len seba, ale aj svojich bl\u00edzkych. Na\u0161e viano\u010dn\u00e9 poh\u013eadnice s\u00a0fotkou oh\u00faria ka\u017ed\u00e9ho, kto si ich n\u00e1jde v\u00a0schr\u00e1nke.\",\"breadcrumb\":{\"@id\":\"https:\/\/www.fotolab.sk\/blog\/poteste-rodinu-a-priatelov-vianocnym-pozdravom\/#breadcrumb\"},\"inLanguage\":\"sk-SK\",\"potentialAction\":[{\"@type\":\"ReadAction\",\"target\":[\"https:\/\/www.fotolab.sk\/blog\/poteste-rodinu-a-priatelov-vianocnym-pozdravom\/\"]}]},{\"@type\":\"BreadcrumbList\",\"@id\":\"https:\/\/www.fotolab.sk\/blog\/poteste-rodinu-a-priatelov-vianocnym-pozdravom\/#breadcrumb\",\"itemListElement\":[{\"@type\":\"ListItem\",\"position\":1,\"name\":\"Home\",\"item\":\"https:\/\/www.fotolab.sk\/blog\/\"},{\"@type\":\"ListItem\",\"position\":2,\"name\":\"Pote\u0161te rodinu a priate\u013eov viano\u010dn\u00fdm pozdravom\"}]},{\"@type\":\"Person\",\"@id\":\"https:\/\/www.fotolab.sk\/blog\/#\/schema\/person\/77d6dacf2a79ac8f60da8e2a80f2030b\",\"name\":\"Daniela Ru\u017eovi\u010dov\u00e1\",\"image\":{\"@type\":\"ImageObject\",\"inLanguage\":\"sk-SK\",\"@id\":\"https:\/\/www.fotolab.sk\/blog\/#\/schema\/person\/image\/\",\"url\":\"https:\/\/secure.gravatar.com\/avatar\/647297b7198748e4a44171e3ddb8f81e?s=96&d=mm&r=g\",\"contentUrl\":\"https:\/\/secure.gravatar.com\/avatar\/647297b7198748e4a44171e3ddb8f81e?s=96&d=mm&r=g\",\"caption\":\"Daniela Ru\u017eovi\u010dov\u00e1\"},\"description\":\"M\u00e1m rada zimu, cestovanie a seversk\u00e9 krajiny. \u017divot v Bratislave striedam s v\u00fdletmi do pr\u00edrody a do h\u00f4r, s fotoapar\u00e1tom v ruke.\",\"url\":\"https:\/\/www.fotolab.sk\/blog\/author\/daniela\/\"}]}<\/script>\n<!-- \/ Yoast SEO plugin. -->","yoast_head_json":{"title":"Pote\u0161te rodinu a priate\u013eov viano\u010dn\u00fdm pozdravom - CEWE Fotolab blog","description":"Viano\u010dn\u00fd \u010das je predo dvermi, a\u00a0preto m\u00e1me pre v\u00e1s tip, ako si ho u\u017ei\u0165 a\u00a0pote\u0161i\u0165 nie len seba, ale aj svojich bl\u00edzkych. Na\u0161e viano\u010dn\u00e9 poh\u013eadnice s\u00a0fotkou oh\u00faria ka\u017ed\u00e9ho, kto si ich n\u00e1jde v\u00a0schr\u00e1nke.","robots":{"index":"index","follow":"follow","max-snippet":"max-snippet:-1","max-image-preview":"max-image-preview:large","max-video-preview":"max-video-preview:-1"},"canonical":"https:\/\/www.fotolab.sk\/blog\/poteste-rodinu-a-priatelov-vianocnym-pozdravom\/","og_locale":"sk_SK","og_type":"article","og_title":"Pote\u0161te rodinu a priate\u013eov viano\u010dn\u00fdm pozdravom - CEWE Fotolab blog","og_description":"Viano\u010dn\u00fd \u010das je predo dvermi, a\u00a0preto m\u00e1me pre v\u00e1s tip, ako si ho u\u017ei\u0165 a\u00a0pote\u0161i\u0165 nie len seba, ale aj svojich bl\u00edzkych. Na\u0161e viano\u010dn\u00e9 poh\u013eadnice s\u00a0fotkou oh\u00faria ka\u017ed\u00e9ho, kto si ich n\u00e1jde v\u00a0schr\u00e1nke.","og_url":"https:\/\/www.fotolab.sk\/blog\/poteste-rodinu-a-priatelov-vianocnym-pozdravom\/","og_site_name":"CEWE Fotolab blog","article_published_time":"2019-11-27T13:10:41+00:00","article_modified_time":"2019-11-27T15:03:27+00:00","twitter_misc":{"Autor:":"Daniela Ru\u017eovi\u010dov\u00e1","Predpokladan\u00fd \u010das \u010d\u00edtania":"2 min\u00faty"},"schema":{"@context":"https:\/\/schema.org","@graph":[{"@type":"WebSite","@id":"https:\/\/www.fotolab.sk\/blog\/#website","url":"https:\/\/www.fotolab.sk\/blog\/","name":"CEWE Fotolab blog","description":"Blog ur\u010den\u00fd pre fan\u00fa\u0161ikov fotografie a sveta okolo nej.","potentialAction":[{"@type":"SearchAction","target":{"@type":"EntryPoint","urlTemplate":"https:\/\/www.fotolab.sk\/blog\/?s={search_term_string}"},"query-input":"required name=search_term_string"}],"inLanguage":"sk-SK"},{"@type":"ImageObject","inLanguage":"sk-SK","@id":"https:\/\/www.fotolab.sk\/blog\/poteste-rodinu-a-priatelov-vianocnym-pozdravom\/#primaryimage","url":"https:\/\/blog.fotolab.sk\/wp-content\/uploads\/2019\/11\/Christmas_2019_8101_CC_Kombi_Quer-2.jpg","contentUrl":"https:\/\/blog.fotolab.sk\/wp-content\/uploads\/2019\/11\/Christmas_2019_8101_CC_Kombi_Quer-2.jpg","width":7047,"height":3423},{"@type":"WebPage","@id":"https:\/\/www.fotolab.sk\/blog\/poteste-rodinu-a-priatelov-vianocnym-pozdravom\/#webpage","url":"https:\/\/www.fotolab.sk\/blog\/poteste-rodinu-a-priatelov-vianocnym-pozdravom\/","name":"Pote\u0161te rodinu a priate\u013eov viano\u010dn\u00fdm pozdravom - CEWE Fotolab blog","isPartOf":{"@id":"https:\/\/www.fotolab.sk\/blog\/#website"},"primaryImageOfPage":{"@id":"https:\/\/www.fotolab.sk\/blog\/poteste-rodinu-a-priatelov-vianocnym-pozdravom\/#primaryimage"},"datePublished":"2019-11-27T13:10:41+00:00","dateModified":"2019-11-27T15:03:27+00:00","author":{"@id":"https:\/\/www.fotolab.sk\/blog\/#\/schema\/person\/77d6dacf2a79ac8f60da8e2a80f2030b"},"description":"Viano\u010dn\u00fd \u010das je predo dvermi, a\u00a0preto m\u00e1me pre v\u00e1s tip, ako si ho u\u017ei\u0165 a\u00a0pote\u0161i\u0165 nie len seba, ale aj svojich bl\u00edzkych. Na\u0161e viano\u010dn\u00e9 poh\u013eadnice s\u00a0fotkou oh\u00faria ka\u017ed\u00e9ho, kto si ich n\u00e1jde v\u00a0schr\u00e1nke.","breadcrumb":{"@id":"https:\/\/www.fotolab.sk\/blog\/poteste-rodinu-a-priatelov-vianocnym-pozdravom\/#breadcrumb"},"inLanguage":"sk-SK","potentialAction":[{"@type":"ReadAction","target":["https:\/\/www.fotolab.sk\/blog\/poteste-rodinu-a-priatelov-vianocnym-pozdravom\/"]}]},{"@type":"BreadcrumbList","@id":"https:\/\/www.fotolab.sk\/blog\/poteste-rodinu-a-priatelov-vianocnym-pozdravom\/#breadcrumb","itemListElement":[{"@type":"ListItem","position":1,"name":"Home","item":"https:\/\/www.fotolab.sk\/blog\/"},{"@type":"ListItem","position":2,"name":"Pote\u0161te rodinu a priate\u013eov viano\u010dn\u00fdm pozdravom"}]},{"@type":"Person","@id":"https:\/\/www.fotolab.sk\/blog\/#\/schema\/person\/77d6dacf2a79ac8f60da8e2a80f2030b","name":"Daniela Ru\u017eovi\u010dov\u00e1","image":{"@type":"ImageObject","inLanguage":"sk-SK","@id":"https:\/\/www.fotolab.sk\/blog\/#\/schema\/person\/image\/","url":"https:\/\/secure.gravatar.com\/avatar\/647297b7198748e4a44171e3ddb8f81e?s=96&d=mm&r=g","contentUrl":"https:\/\/secure.gravatar.com\/avatar\/647297b7198748e4a44171e3ddb8f81e?s=96&d=mm&r=g","caption":"Daniela Ru\u017eovi\u010dov\u00e1"},"description":"M\u00e1m rada zimu, cestovanie a seversk\u00e9 krajiny. \u017divot v Bratislave striedam s v\u00fdletmi do pr\u00edrody a do h\u00f4r, s fotoapar\u00e1tom v ruke.","url":"https:\/\/www.fotolab.sk\/blog\/author\/daniela\/"}]}},"_links":{"self":[{"href":"https:\/\/www.fotolab.sk\/blog\/wp-json\/wp\/v2\/posts\/9508"}],"collection":[{"href":"https:\/\/www.fotolab.sk\/blog\/wp-json\/wp\/v2\/posts"}],"about":[{"href":"https:\/\/www.fotolab.sk\/blog\/wp-json\/wp\/v2\/types\/post"}],"author":[{"embeddable":true,"href":"https:\/\/www.fotolab.sk\/blog\/wp-json\/wp\/v2\/users\/39"}],"replies":[{"embeddable":true,"href":"https:\/\/www.fotolab.sk\/blog\/wp-json\/wp\/v2\/comments?post=9508"}],"version-history":[{"count":6,"href":"https:\/\/www.fotolab.sk\/blog\/wp-json\/wp\/v2\/posts\/9508\/revisions"}],"predecessor-version":[{"id":9524,"href":"https:\/\/www.fotolab.sk\/blog\/wp-json\/wp\/v2\/posts\/9508\/revisions\/9524"}],"wp:featuredmedia":[{"embeddable":true,"href":"https:\/\/www.fotolab.sk\/blog\/wp-json\/wp\/v2\/media\/9510"}],"wp:attachment":[{"href":"https:\/\/www.fotolab.sk\/blog\/wp-json\/wp\/v2\/media?parent=9508"}],"wp:term":[{"taxonomy":"category","embeddable":true,"href":"https:\/\/www.fotolab.sk\/blog\/wp-json\/wp\/v2\/categories?post=9508"},{"taxonomy":"post_tag","embeddable":true,"href":"https:\/\/www.fotolab.sk\/blog\/wp-json\/wp\/v2\/tags?post=9508"}],"curies":[{"name":"wp","href":"https:\/\/api.w.org\/{rel}","templated":true}]}}