
{"id":9216,"date":"2019-10-08T08:08:41","date_gmt":"2019-10-08T06:08:41","guid":{"rendered":"https:\/\/www.fotolab.sk\/blog\/?p=9216"},"modified":"2019-10-09T10:06:37","modified_gmt":"2019-10-09T08:06:37","slug":"ak-mate-radi-cokoladu-kinder-toto-sa-vam-bude-pacit","status":"publish","type":"post","link":"https:\/\/www.fotolab.sk\/blog\/ak-mate-radi-cokoladu-kinder-toto-sa-vam-bude-pacit\/","title":{"rendered":"Ak m\u00e1te radi \u010dokol\u00e1du Kinder, toto sa v\u00e1m bude p\u00e1\u010di\u0165!"},"content":{"rendered":"<h4 style=\"text-align: justify;\">\u010cokol\u00e1da Kinder\u00a0 m\u00e1 fan\u00fa\u0161ikov medzi de\u0165mi aj dospel\u00fdmi. Ak aj vy patr\u00edte k\u00a0milovn\u00edkom tejto \u010dokol\u00e1dky, <a href=\"https:\/\/www.cewe.sk\/fotodarceky\/adventne-kalendare.html\" target=\"_blank\" rel=\"noopener noreferrer\">na\u0161e adventn\u00e9 kalend\u00e1re<\/a> v\u00e1s nesmierne pote\u0161ia.<\/h4>\n<p style=\"text-align: justify;\">Novinkou pre tieto Vianoce je <a href=\"https:\/\/www.cewe.sk\/fotodarceky\/adventne-kalendare\/adventny-kalendar-s-vajickami-kinder.html\" target=\"_blank\" rel=\"noopener noreferrer\">adventn\u00fd kalend\u00e1r s\u00a0vaj\u00ed\u010dkami Kinder.<\/a> \u010cakanie na sviatky si skr\u00e1\u0165te adventn\u00fdm kalend\u00e1rom s\u00a0vlastnou potla\u010dou a\u00a0\u010dokol\u00e1dou Kinder vo vn\u00fatri. Ka\u017ed\u00fd de\u0148 v\u00e1s \u010dak\u00e1 in\u00e9 prekvapenie v\u00a0podobe vaj\u00ed\u010dka, Kinder \u010dokol\u00e1dy, Kinder Bueno alebo Schoko Bons.\u00a0 24 okienok sa postar\u00e1 o\u00a0t\u00fa najlep\u0161iu z\u00e1bavu pri odpo\u010d\u00edtavan\u00ed dn\u00ed do Vianoc. U\u017e teraz sa te\u0161\u00edte?<\/p>\n<p style=\"text-align: justify;\"><img decoding=\"async\" loading=\"lazy\" class=\"alignnone wp-image-9219\" src=\"https:\/\/blog.fotolab.sk\/wp-content\/uploads\/2019\/10\/master_TM06_2019_CWWB_CWFB_CWKAL_041.jpg\" alt=\"adventny cewe\" width=\"700\" height=\"480\" \/><\/p>\n<p style=\"text-align: justify;\">Ak nem\u00e1te radi Kinder vaj\u00ed\u010dka a\u00a0rad\u0161ej by ste mali v\u00a0adventnom kalend\u00e1ri viac \u010dokol\u00e1d Kinder \u010di Kinder Bueno vysk\u00fa\u0161ajte <a href=\"https:\/\/www.cewe.sk\/fotodarceky\/adventne-kalendare\/adventny-kalendar-s-cokoladou-kinder.html\" target=\"_blank\" rel=\"noopener noreferrer\">adventn\u00fd kalend\u00e1r s\u00a0\u010dokol\u00e1dou Kinder<\/a> alebo adventn\u00fd kalend\u00e1r s\u00a0\u010dokol\u00e1dou Kinder <a href=\"https:\/\/www.cewe.sk\/fotodarceky\/adventne-kalendare\/adventny-kalendar-s-cokoladou-kinder-xxl.html\" target=\"_blank\" rel=\"noopener noreferrer\">XXL<\/a>.<\/p>\n<p style=\"text-align: justify;\"><img decoding=\"async\" loading=\"lazy\" class=\"alignnone wp-image-9217 size-full\" src=\"https:\/\/blog.fotolab.sk\/wp-content\/uploads\/2019\/10\/CEWE_Neuprodukte_08_2018_10125_retusche_kinder.jpg\" alt=\"adventny kalendar CEWE\" width=\"758\" height=\"536\" \/><\/p>\n<p style=\"text-align: justify;\">Ob\u013e\u00faben\u00e1 fotografia na vrchu kalend\u00e1ra a\u00a0e\u0161te lep\u0161ia ma\u0161krta vo vn\u00fatri pote\u0161\u00ed ka\u017ed\u00e9ho.<\/p>\n<p><img decoding=\"async\" loading=\"lazy\" class=\"alignnone wp-image-9230\" src=\"https:\/\/blog.fotolab.sk\/wp-content\/uploads\/2019\/10\/01_adventny_kalendar.jpg\" alt=\"adventn\u00fd kalendar CEWE\" width=\"700\" height=\"464\" \/><\/p>\n<p>&nbsp;<\/p>\n<p style=\"text-align: justify;\">Okrem Kinder kalend\u00e1rov n\u00e1jdete v\u00a0na\u0161ej ponuke aj <a href=\"https:\/\/www.cewe.sk\/fotodarceky\/adventne-kalendare\/premiovy-adventny-kalendar-s-pralinkami-ferrero.html\" target=\"_blank\" rel=\"noopener noreferrer\">adventn\u00e9 kalend\u00e1re s\u00a0pralinkami FERRERO<\/a>.\u00a0 Raffaello, Ferrero Rocher a Ferrero K\u00fcsschen ulahodia va\u0161im najbli\u017e\u0161\u00edm. \u00a0Aj tento typ kalend\u00e1ru m\u00e1te <a href=\"https:\/\/www.cewe.sk\/fotodarceky\/adventne-kalendare\/adventny-kalendar-ferrero-xxl.html\" target=\"_blank\" rel=\"noopener noreferrer\">v\u00a0dvoch ve\u013ekostiach<\/a>. M\u00f4\u017eete si vybra\u0165 ak\u00fa ve\u013ek\u00fa rados\u0165 sprav\u00edte svojim najbli\u017e\u0161\u00edm.<\/p>\n<p style=\"text-align: justify;\"><img decoding=\"async\" loading=\"lazy\" class=\"alignnone wp-image-9218\" src=\"https:\/\/blog.fotolab.sk\/wp-content\/uploads\/2019\/10\/mueller_nl_kw40_early_bird_head_1.jpg\" alt=\"adventny CEWE\" width=\"700\" height=\"488\" \/><\/p>\n<p style=\"text-align: justify;\">Vyberte tie najkraj\u0161ie momenty a\u00a0pripome\u0148te si ich na titulke adventn\u00e9ho kalend\u00e1ra, \u010di je to u\u017e vtipn\u00e1 momentka, romantick\u00e1 chv\u00ed\u013eka alebo len mil\u00fd moment z\u00a0v\u00fdletu. Ak\u00fako\u013evek pr\u00edle\u017eitos\u0165 si vyberiete, v\u0161etky vynikn\u00fa na <a href=\"https:\/\/www.cewe.sk\/fotodarceky\/adventne-kalendare.html\" target=\"_blank\" rel=\"noopener noreferrer\">adventnom kalend\u00e1ri<\/a>.<\/p>\n<p style=\"text-align: justify;\"><img decoding=\"async\" loading=\"lazy\" class=\"alignnone wp-image-9220 size-full\" src=\"https:\/\/blog.fotolab.sk\/wp-content\/uploads\/2019\/10\/dflt_detpop_gft_advent_calendar_ue_ei_03.jpg1_.jpg\" alt=\"\u010doko kalend\u00e1r\" width=\"806\" height=\"564\" \/><\/p>\n<p style=\"text-align: justify;\"><a href=\"https:\/\/www.cewe.sk\/fotodarceky\/adventne-kalendare.html\" target=\"_blank\" rel=\"noopener noreferrer\">Vysk\u00fa\u0161ajte to!<\/a><\/p>\n<hr \/>\n<p>&nbsp;<\/p>\n","protected":false},"excerpt":{"rendered":"<p>\u010cokol\u00e1da Kinder\u00a0 m\u00e1 fan\u00fa\u0161ikov medzi de\u0165mi aj dospel\u00fdmi. Ak aj vy patr\u00edte k\u00a0milovn\u00edkom tejto \u010dokol\u00e1dky, na\u0161e adventn\u00e9 kalend\u00e1re v\u00e1s nesmierne pote\u0161ia. Novinkou pre tieto Vianoce je adventn\u00fd kalend\u00e1r s\u00a0vaj\u00ed\u010dkami Kinder. \u010cakanie na sviatky si skr\u00e1\u0165te adventn\u00fdm kalend\u00e1rom s\u00a0vlastnou potla\u010dou a\u00a0\u010dokol\u00e1dou Kinder vo vn\u00fatri. Ka\u017ed\u00fd de\u0148 v\u00e1s \u010dak\u00e1 in\u00e9 prekvapenie v\u00a0podobe vaj\u00ed\u010dka, Kinder \u010dokol\u00e1dy, Kinder Bueno [&hellip;]<\/p>\n","protected":false},"author":6,"featured_media":9218,"comment_status":"open","ping_status":"open","sticky":false,"template":"","format":"standard","meta":[],"categories":[50,52],"tags":[182,120,96,102,119],"yoast_head":"<!-- This site is optimized with the Yoast SEO plugin v19.1 - https:\/\/yoast.com\/wordpress\/plugins\/seo\/ -->\n<title>Ak m\u00e1te radi \u010dokol\u00e1du Kinder, toto sa v\u00e1m bude p\u00e1\u010di\u0165! - CEWE Fotolab blog<\/title>\n<meta name=\"description\" content=\"\u010cokol\u00e1da Kinder\u00a0 m\u00e1 fan\u00fa\u0161ikov medzi de\u0165mi aj dospel\u00fdmi. Ak aj vy patr\u00edte k\u00a0milovn\u00edkom tejto \u010dokol\u00e1dky, na\u0161e adventn\u00e9 kalend\u00e1re v\u00e1s nesmierne pote\u0161ia.\" \/>\n<meta name=\"robots\" content=\"index, follow, max-snippet:-1, max-image-preview:large, max-video-preview:-1\" \/>\n<link rel=\"canonical\" href=\"https:\/\/www.fotolab.sk\/blog\/ak-mate-radi-cokoladu-kinder-toto-sa-vam-bude-pacit\/\" \/>\n<meta property=\"og:locale\" content=\"sk_SK\" \/>\n<meta property=\"og:type\" content=\"article\" \/>\n<meta property=\"og:title\" content=\"Ak m\u00e1te radi \u010dokol\u00e1du Kinder, toto sa v\u00e1m bude p\u00e1\u010di\u0165! - CEWE Fotolab blog\" \/>\n<meta property=\"og:description\" content=\"\u010cokol\u00e1da Kinder\u00a0 m\u00e1 fan\u00fa\u0161ikov medzi de\u0165mi aj dospel\u00fdmi. Ak aj vy patr\u00edte k\u00a0milovn\u00edkom tejto \u010dokol\u00e1dky, na\u0161e adventn\u00e9 kalend\u00e1re v\u00e1s nesmierne pote\u0161ia.\" \/>\n<meta property=\"og:url\" content=\"https:\/\/www.fotolab.sk\/blog\/ak-mate-radi-cokoladu-kinder-toto-sa-vam-bude-pacit\/\" \/>\n<meta property=\"og:site_name\" content=\"CEWE Fotolab blog\" \/>\n<meta property=\"article:published_time\" content=\"2019-10-08T06:08:41+00:00\" \/>\n<meta property=\"article:modified_time\" content=\"2019-10-09T08:06:37+00:00\" \/>\n<meta property=\"og:image\" content=\"https:\/\/blog.fotolab.sk\/wp-content\/uploads\/2019\/10\/mueller_nl_kw40_early_bird_head_1.jpg\" \/>\n\t<meta property=\"og:image:width\" content=\"1200\" \/>\n\t<meta property=\"og:image:height\" content=\"836\" \/>\n\t<meta property=\"og:image:type\" content=\"image\/jpeg\" \/>\n<meta name=\"twitter:label1\" content=\"Autor:\" \/>\n\t<meta name=\"twitter:data1\" content=\"Sofia K\u00f3sov\u00e1\" \/>\n\t<meta name=\"twitter:label2\" content=\"Predpokladan\u00fd \u010das \u010d\u00edtania\" \/>\n\t<meta name=\"twitter:data2\" content=\"1 min\u00fata\" \/>\n<script type=\"application\/ld+json\" class=\"yoast-schema-graph\">{\"@context\":\"https:\/\/schema.org\",\"@graph\":[{\"@type\":\"WebSite\",\"@id\":\"https:\/\/www.fotolab.sk\/blog\/#website\",\"url\":\"https:\/\/www.fotolab.sk\/blog\/\",\"name\":\"CEWE Fotolab blog\",\"description\":\"Blog ur\u010den\u00fd pre fan\u00fa\u0161ikov fotografie a sveta okolo nej.\",\"potentialAction\":[{\"@type\":\"SearchAction\",\"target\":{\"@type\":\"EntryPoint\",\"urlTemplate\":\"https:\/\/www.fotolab.sk\/blog\/?s={search_term_string}\"},\"query-input\":\"required name=search_term_string\"}],\"inLanguage\":\"sk-SK\"},{\"@type\":\"ImageObject\",\"inLanguage\":\"sk-SK\",\"@id\":\"https:\/\/www.fotolab.sk\/blog\/ak-mate-radi-cokoladu-kinder-toto-sa-vam-bude-pacit\/#primaryimage\",\"url\":\"https:\/\/blog.fotolab.sk\/wp-content\/uploads\/2019\/10\/mueller_nl_kw40_early_bird_head_1.jpg\",\"contentUrl\":\"https:\/\/blog.fotolab.sk\/wp-content\/uploads\/2019\/10\/mueller_nl_kw40_early_bird_head_1.jpg\",\"width\":1200,\"height\":836,\"caption\":\"adventny CEWE\"},{\"@type\":\"WebPage\",\"@id\":\"https:\/\/www.fotolab.sk\/blog\/ak-mate-radi-cokoladu-kinder-toto-sa-vam-bude-pacit\/#webpage\",\"url\":\"https:\/\/www.fotolab.sk\/blog\/ak-mate-radi-cokoladu-kinder-toto-sa-vam-bude-pacit\/\",\"name\":\"Ak m\u00e1te radi \u010dokol\u00e1du Kinder, toto sa v\u00e1m bude p\u00e1\u010di\u0165! - CEWE Fotolab blog\",\"isPartOf\":{\"@id\":\"https:\/\/www.fotolab.sk\/blog\/#website\"},\"primaryImageOfPage\":{\"@id\":\"https:\/\/www.fotolab.sk\/blog\/ak-mate-radi-cokoladu-kinder-toto-sa-vam-bude-pacit\/#primaryimage\"},\"datePublished\":\"2019-10-08T06:08:41+00:00\",\"dateModified\":\"2019-10-09T08:06:37+00:00\",\"author\":{\"@id\":\"https:\/\/www.fotolab.sk\/blog\/#\/schema\/person\/5c45b2654fe06ead944eda8a67b3429a\"},\"description\":\"\u010cokol\u00e1da Kinder\u00a0 m\u00e1 fan\u00fa\u0161ikov medzi de\u0165mi aj dospel\u00fdmi. Ak aj vy patr\u00edte k\u00a0milovn\u00edkom tejto \u010dokol\u00e1dky, na\u0161e adventn\u00e9 kalend\u00e1re v\u00e1s nesmierne pote\u0161ia.\",\"breadcrumb\":{\"@id\":\"https:\/\/www.fotolab.sk\/blog\/ak-mate-radi-cokoladu-kinder-toto-sa-vam-bude-pacit\/#breadcrumb\"},\"inLanguage\":\"sk-SK\",\"potentialAction\":[{\"@type\":\"ReadAction\",\"target\":[\"https:\/\/www.fotolab.sk\/blog\/ak-mate-radi-cokoladu-kinder-toto-sa-vam-bude-pacit\/\"]}]},{\"@type\":\"BreadcrumbList\",\"@id\":\"https:\/\/www.fotolab.sk\/blog\/ak-mate-radi-cokoladu-kinder-toto-sa-vam-bude-pacit\/#breadcrumb\",\"itemListElement\":[{\"@type\":\"ListItem\",\"position\":1,\"name\":\"Home\",\"item\":\"https:\/\/www.fotolab.sk\/blog\/\"},{\"@type\":\"ListItem\",\"position\":2,\"name\":\"Ak m\u00e1te radi \u010dokol\u00e1du Kinder, toto sa v\u00e1m bude p\u00e1\u010di\u0165!\"}]},{\"@type\":\"Person\",\"@id\":\"https:\/\/www.fotolab.sk\/blog\/#\/schema\/person\/5c45b2654fe06ead944eda8a67b3429a\",\"name\":\"Sofia K\u00f3sov\u00e1\",\"image\":{\"@type\":\"ImageObject\",\"inLanguage\":\"sk-SK\",\"@id\":\"https:\/\/www.fotolab.sk\/blog\/#\/schema\/person\/image\/\",\"url\":\"https:\/\/secure.gravatar.com\/avatar\/2d883d1a9b113102ca9dc04869e4d2aa?s=96&d=mm&r=g\",\"contentUrl\":\"https:\/\/secure.gravatar.com\/avatar\/2d883d1a9b113102ca9dc04869e4d2aa?s=96&d=mm&r=g\",\"caption\":\"Sofia K\u00f3sov\u00e1\"},\"description\":\"Milujem cestovanie, objavovanie nov\u00fdch miest a zachyt\u00e1vania \u010dara okamihu prostredn\u00edctvom fotoapar\u00e1tu. Okrem toho preferujem kreat\u00edvne n\u00e1pady na vystavenie fotografii.\",\"url\":\"https:\/\/www.fotolab.sk\/blog\/author\/sofia\/\"}]}<\/script>\n<!-- \/ Yoast SEO plugin. -->","yoast_head_json":{"title":"Ak m\u00e1te radi \u010dokol\u00e1du Kinder, toto sa v\u00e1m bude p\u00e1\u010di\u0165! - CEWE Fotolab blog","description":"\u010cokol\u00e1da Kinder\u00a0 m\u00e1 fan\u00fa\u0161ikov medzi de\u0165mi aj dospel\u00fdmi. Ak aj vy patr\u00edte k\u00a0milovn\u00edkom tejto \u010dokol\u00e1dky, na\u0161e adventn\u00e9 kalend\u00e1re v\u00e1s nesmierne pote\u0161ia.","robots":{"index":"index","follow":"follow","max-snippet":"max-snippet:-1","max-image-preview":"max-image-preview:large","max-video-preview":"max-video-preview:-1"},"canonical":"https:\/\/www.fotolab.sk\/blog\/ak-mate-radi-cokoladu-kinder-toto-sa-vam-bude-pacit\/","og_locale":"sk_SK","og_type":"article","og_title":"Ak m\u00e1te radi \u010dokol\u00e1du Kinder, toto sa v\u00e1m bude p\u00e1\u010di\u0165! - CEWE Fotolab blog","og_description":"\u010cokol\u00e1da Kinder\u00a0 m\u00e1 fan\u00fa\u0161ikov medzi de\u0165mi aj dospel\u00fdmi. Ak aj vy patr\u00edte k\u00a0milovn\u00edkom tejto \u010dokol\u00e1dky, na\u0161e adventn\u00e9 kalend\u00e1re v\u00e1s nesmierne pote\u0161ia.","og_url":"https:\/\/www.fotolab.sk\/blog\/ak-mate-radi-cokoladu-kinder-toto-sa-vam-bude-pacit\/","og_site_name":"CEWE Fotolab blog","article_published_time":"2019-10-08T06:08:41+00:00","article_modified_time":"2019-10-09T08:06:37+00:00","og_image":[{"width":1200,"height":836,"url":"https:\/\/blog.fotolab.sk\/wp-content\/uploads\/2019\/10\/mueller_nl_kw40_early_bird_head_1.jpg","type":"image\/jpeg"}],"twitter_misc":{"Autor:":"Sofia K\u00f3sov\u00e1","Predpokladan\u00fd \u010das \u010d\u00edtania":"1 min\u00fata"},"schema":{"@context":"https:\/\/schema.org","@graph":[{"@type":"WebSite","@id":"https:\/\/www.fotolab.sk\/blog\/#website","url":"https:\/\/www.fotolab.sk\/blog\/","name":"CEWE Fotolab blog","description":"Blog ur\u010den\u00fd pre fan\u00fa\u0161ikov fotografie a sveta okolo nej.","potentialAction":[{"@type":"SearchAction","target":{"@type":"EntryPoint","urlTemplate":"https:\/\/www.fotolab.sk\/blog\/?s={search_term_string}"},"query-input":"required name=search_term_string"}],"inLanguage":"sk-SK"},{"@type":"ImageObject","inLanguage":"sk-SK","@id":"https:\/\/www.fotolab.sk\/blog\/ak-mate-radi-cokoladu-kinder-toto-sa-vam-bude-pacit\/#primaryimage","url":"https:\/\/blog.fotolab.sk\/wp-content\/uploads\/2019\/10\/mueller_nl_kw40_early_bird_head_1.jpg","contentUrl":"https:\/\/blog.fotolab.sk\/wp-content\/uploads\/2019\/10\/mueller_nl_kw40_early_bird_head_1.jpg","width":1200,"height":836,"caption":"adventny CEWE"},{"@type":"WebPage","@id":"https:\/\/www.fotolab.sk\/blog\/ak-mate-radi-cokoladu-kinder-toto-sa-vam-bude-pacit\/#webpage","url":"https:\/\/www.fotolab.sk\/blog\/ak-mate-radi-cokoladu-kinder-toto-sa-vam-bude-pacit\/","name":"Ak m\u00e1te radi \u010dokol\u00e1du Kinder, toto sa v\u00e1m bude p\u00e1\u010di\u0165! - CEWE Fotolab blog","isPartOf":{"@id":"https:\/\/www.fotolab.sk\/blog\/#website"},"primaryImageOfPage":{"@id":"https:\/\/www.fotolab.sk\/blog\/ak-mate-radi-cokoladu-kinder-toto-sa-vam-bude-pacit\/#primaryimage"},"datePublished":"2019-10-08T06:08:41+00:00","dateModified":"2019-10-09T08:06:37+00:00","author":{"@id":"https:\/\/www.fotolab.sk\/blog\/#\/schema\/person\/5c45b2654fe06ead944eda8a67b3429a"},"description":"\u010cokol\u00e1da Kinder\u00a0 m\u00e1 fan\u00fa\u0161ikov medzi de\u0165mi aj dospel\u00fdmi. Ak aj vy patr\u00edte k\u00a0milovn\u00edkom tejto \u010dokol\u00e1dky, na\u0161e adventn\u00e9 kalend\u00e1re v\u00e1s nesmierne pote\u0161ia.","breadcrumb":{"@id":"https:\/\/www.fotolab.sk\/blog\/ak-mate-radi-cokoladu-kinder-toto-sa-vam-bude-pacit\/#breadcrumb"},"inLanguage":"sk-SK","potentialAction":[{"@type":"ReadAction","target":["https:\/\/www.fotolab.sk\/blog\/ak-mate-radi-cokoladu-kinder-toto-sa-vam-bude-pacit\/"]}]},{"@type":"BreadcrumbList","@id":"https:\/\/www.fotolab.sk\/blog\/ak-mate-radi-cokoladu-kinder-toto-sa-vam-bude-pacit\/#breadcrumb","itemListElement":[{"@type":"ListItem","position":1,"name":"Home","item":"https:\/\/www.fotolab.sk\/blog\/"},{"@type":"ListItem","position":2,"name":"Ak m\u00e1te radi \u010dokol\u00e1du Kinder, toto sa v\u00e1m bude p\u00e1\u010di\u0165!"}]},{"@type":"Person","@id":"https:\/\/www.fotolab.sk\/blog\/#\/schema\/person\/5c45b2654fe06ead944eda8a67b3429a","name":"Sofia K\u00f3sov\u00e1","image":{"@type":"ImageObject","inLanguage":"sk-SK","@id":"https:\/\/www.fotolab.sk\/blog\/#\/schema\/person\/image\/","url":"https:\/\/secure.gravatar.com\/avatar\/2d883d1a9b113102ca9dc04869e4d2aa?s=96&d=mm&r=g","contentUrl":"https:\/\/secure.gravatar.com\/avatar\/2d883d1a9b113102ca9dc04869e4d2aa?s=96&d=mm&r=g","caption":"Sofia K\u00f3sov\u00e1"},"description":"Milujem cestovanie, objavovanie nov\u00fdch miest a zachyt\u00e1vania \u010dara okamihu prostredn\u00edctvom fotoapar\u00e1tu. Okrem toho preferujem kreat\u00edvne n\u00e1pady na vystavenie fotografii.","url":"https:\/\/www.fotolab.sk\/blog\/author\/sofia\/"}]}},"_links":{"self":[{"href":"https:\/\/www.fotolab.sk\/blog\/wp-json\/wp\/v2\/posts\/9216"}],"collection":[{"href":"https:\/\/www.fotolab.sk\/blog\/wp-json\/wp\/v2\/posts"}],"about":[{"href":"https:\/\/www.fotolab.sk\/blog\/wp-json\/wp\/v2\/types\/post"}],"author":[{"embeddable":true,"href":"https:\/\/www.fotolab.sk\/blog\/wp-json\/wp\/v2\/users\/6"}],"replies":[{"embeddable":true,"href":"https:\/\/www.fotolab.sk\/blog\/wp-json\/wp\/v2\/comments?post=9216"}],"version-history":[{"count":3,"href":"https:\/\/www.fotolab.sk\/blog\/wp-json\/wp\/v2\/posts\/9216\/revisions"}],"predecessor-version":[{"id":9231,"href":"https:\/\/www.fotolab.sk\/blog\/wp-json\/wp\/v2\/posts\/9216\/revisions\/9231"}],"wp:featuredmedia":[{"embeddable":true,"href":"https:\/\/www.fotolab.sk\/blog\/wp-json\/wp\/v2\/media\/9218"}],"wp:attachment":[{"href":"https:\/\/www.fotolab.sk\/blog\/wp-json\/wp\/v2\/media?parent=9216"}],"wp:term":[{"taxonomy":"category","embeddable":true,"href":"https:\/\/www.fotolab.sk\/blog\/wp-json\/wp\/v2\/categories?post=9216"},{"taxonomy":"post_tag","embeddable":true,"href":"https:\/\/www.fotolab.sk\/blog\/wp-json\/wp\/v2\/tags?post=9216"}],"curies":[{"name":"wp","href":"https:\/\/api.w.org\/{rel}","templated":true}]}}