
{"id":8996,"date":"2019-08-28T08:15:49","date_gmt":"2019-08-28T06:15:49","guid":{"rendered":"https:\/\/www.fotolab.sk\/blog\/?p=8996"},"modified":"2020-07-02T11:03:23","modified_gmt":"2020-07-02T09:03:23","slug":"cestuj-s-cewe-ceska-republika-z-mesta-do-prirody","status":"publish","type":"post","link":"https:\/\/www.fotolab.sk\/blog\/cestuj-s-cewe-ceska-republika-z-mesta-do-prirody\/","title":{"rendered":"CESTUJ S CEWE \u010cesk\u00e1 republika \u2013 Z mesta do pr\u00edrody"},"content":{"rendered":"<h4>Po stove\u017eatej Prahe a\u00a0kr\u00e1snych Karlov\u00fdch Varoch n\u00e1s kone\u010dne \u010dakala nejak\u00e1 pr\u00edroda. S\u00a0\u0165a\u017ek\u00fdm srdcom sme teda opustili mesto a\u00a0vydali sa objavova\u0165 kr\u00e1sy \u010cesk\u00e9ho \u0160vaj\u010diarska.<\/h4>\n<p><img decoding=\"async\" loading=\"lazy\" class=\"alignnone wp-image-9032\" src=\"https:\/\/blog.fotolab.sk\/wp-content\/uploads\/2019\/08\/FOTO_02.jpg\" alt=\"\" width=\"770\" height=\"513\" \/><\/p>\n<p><strong>Hur\u00e1 do \u010cesk\u00e9ho \u0160vaj\u010diarska<\/strong><\/p>\n<p>Ke\u010f sme dorazili do n\u00e1\u0161ho penzi\u00f3nu uprostred \u010cesk\u00e9ho \u0160vaj\u010diarska boli sme tot\u00e1lne unaven\u00ed. Vonku pr\u0161alo tak sme jednoducho za\u013eahli k\u00a0fotk\u00e1m, vide\u00e1m a\u00a0upravovali sme ich ako div\u00ed.<\/p>\n<p><strong>Tisk\u00e9 steny a\u00a0skaln\u00e9 mesto<\/strong><\/p>\n<p>Druh\u00fd de\u0148 r\u00e1no sme vstali na ra\u0148ajky a\u00a0hne\u010f potom sme vyrazili. Pl\u00e1novali sme, \u017ee p\u00f4jdeme pozrie\u0165 Tisk\u00e9 steny, \u010do je CHKO v\u00a0bl\u00edzkom okol\u00ed \u010cesk\u00e9 \u0160vaj\u010diarska. D\u00e1 sa to kr\u00e1sne stihn\u00fa\u0165 za jeden de\u0148, tak\u017ee m\u00f4\u017eete obehn\u00fa\u0165 dve destin\u00e1cie naraz. Len d\u00fafame, \u017ee budete ma\u0165 viac \u0161\u0165astia na po\u010dasie ne\u017e my, ke\u010f\u017ee sme skon\u010dili mokr\u00ed ako my\u0161i.<\/p>\n<p><img decoding=\"async\" loading=\"lazy\" class=\"alignnone wp-image-9036\" src=\"https:\/\/blog.fotolab.sk\/wp-content\/uploads\/2019\/08\/FOTO_05.jpg\" alt=\"\" width=\"770\" height=\"578\" \/><\/p>\n<p><em>Rada od n\u00e1s: Pripravte si hotovos\u0165. Nikdy nie je sign\u00e1l, tak\u017ee neber\u00fa karty. Na tejto chybe sme riadne pohoreli. <\/em><\/p>\n<p>Ak predsa len hotovos\u0165 zabudnete, tak si v\u00a0Tisk\u00fdch sten\u00e1ch m\u00f4\u017eete na parkovanie aj vstup vybra\u0165 v\u00a0bankomate v\u00a0miestom obchode, \u010do sme aj spravili.<\/p>\n<p>Prechodili sme si skaly, vy\u0161tverali sa na vrcholky a\u00a0vo v\u00fd\u0161kach sme si dali olovrant. Ten v\u00fdh\u013ead bol neskuto\u010dn\u00fd. V\u00a0tej dobre som e\u0161te tvrdila, \u017ee som nikdy ni\u010d kraj\u0161ieho nevidela.\u00a0 Po p\u00e1r hodin\u00e1ch str\u00e1ven\u00fdch v\u00a0skalnatom meste\u010dku sme zliezli dolu k\u00a0autu a\u00a0pokra\u010dovali \u010falej. Na\u0161im cie\u013eom boli ties\u0148avy v\u00a0H\u0159ensku a\u00a0n\u00e1sledne Prav\u010dick\u00e1 br\u00e1na.<\/p>\n<p><img decoding=\"async\" loading=\"lazy\" class=\"alignnone wp-image-9031\" src=\"https:\/\/blog.fotolab.sk\/wp-content\/uploads\/2019\/08\/FOTO_02.2.jpg\" alt=\"\" width=\"770\" height=\"578\" \/><\/p>\n<p><strong>Prietr\u017e mra\u010dien nad ties\u0148avami<\/strong><\/p>\n<p>Toto miesto n\u00e1s dos\u0165 prekvapilo u\u017e na parkovisku, kde n\u00e1m p\u00e1n \u010do vyberal peniaze za st\u00e1tie povedal, \u017ee sa nemus\u00edte pon\u00e1h\u013ea\u0165 preto\u017ee sa tu na \u010das parkovania nepozer\u00e1. To sa n\u00e1m dos\u0165 hodilo, preto\u017ee sme sa k\u00a0autu dostali a\u017e o\u00a0jeden\u00e1stej ve\u010der. Nepl\u00e1novane.<\/p>\n<p><img decoding=\"async\" loading=\"lazy\" class=\"alignnone wp-image-9033\" src=\"https:\/\/blog.fotolab.sk\/wp-content\/uploads\/2019\/08\/FOTO_03.jpg\" alt=\"\" width=\"770\" height=\"513\" \/><\/p>\n<p>Z\u00a0posledn\u00fdch pe\u0148az\u00ed, ktor\u00e9 sme si vybrali v\u00a0automate v\u00a0obchod\u00edku u\u00a0Tisk\u00fdch stien sme zaplatili cestou lo\u010fkou H\u0159enskem s\u00a0vidnou kr\u00e1snej cesty po ties\u0148av\u00e1ch medzi skalami. No&#8230;<\/p>\n<p>Akon\u00e1hle sme sa nalodili za\u010dalo pr\u0161a\u0165 a\u00a0nie m\u00e1lo. Nazvala by som to asi brut\u00e1lnou prietr\u017eou mra\u010dien a\u00a0koncom sveta. V\u00a0t\u00fdchto podmienkach sme sa plavili na lo\u010fke pln\u00ed strachu o\u00a0na\u0161u fototechniku Olympus, ktor\u00fa sme mali v\u00a0Lowepro\u00a0 batohoch.<\/p>\n<p><img decoding=\"async\" loading=\"lazy\" class=\"alignnone wp-image-9035\" src=\"https:\/\/blog.fotolab.sk\/wp-content\/uploads\/2019\/08\/FOTO_04.jpeg\" alt=\"\" width=\"578\" height=\"770\" \/><\/p>\n<p>Ke\u010f sme po dvadsiatych min\u00fatach vyst\u00fapili z lo\u010fky, zastavili sme sa pod mal\u00fdm skaln\u00fdm previsom a asi 5 min\u00fat sme \u010dakali k\u00fdm prestane tak ve\u013emi pr\u0161a\u0165. Prestalo. Premo\u010den\u00ed sme sa vydali \u010falej. Hne\u010f za rohom sme zistili, \u017ee je tam v\u00e4\u010d\u0161\u00ed pr\u00edstre\u0161ok a ob\u010derstvenie, tak\u017ee sme sa vlastne pod skalou nemuseli schov\u00e1va\u0165.\u00a0 So smiechom sme toto miesto obi\u0161li.<\/p>\n<p>Ke\u010f sme otvorili batohy, spadol n\u00e1m obrovsk\u00fd kame\u0148 zo srdca. T\u00fdmto by som rada po\u010fakovala Lowepro za kvalitu a\u00a0nepremokavos\u0165. Technika pre\u017eila.<\/p>\n<p><strong>Prav\u010dick\u00e1 br\u00e1na<\/strong><\/p>\n<p>Ka\u017edop\u00e1dne, na Prav\u010dick\u00fa br\u00e1nu sme dorazili. Aj ke\u010f sme boli cel\u00fd mokr\u00ed od da\u017e\u010fa, nevzdali sme to. Dorazili sme tam pred zatv\u00e1ra\u010dkou, tak\u017ee sme nemali to\u013eko \u010dasu, ale v\u010faka tomu tam nikto nebol. \u00a0Mali sme cel\u00fd objekt vlastne len pre seba. Asi v\u010faka tomu po\u010dasiu.<\/p>\n<p><img decoding=\"async\" loading=\"lazy\" class=\"alignnone wp-image-9039\" src=\"https:\/\/blog.fotolab.sk\/wp-content\/uploads\/2019\/08\/FOTO_06.3.jpg\" alt=\"\" width=\"770\" height=\"513\" \/><\/p>\n<p>No a z\u00a0toho vypl\u00fdva na\u0161a druh\u00e1 rada. <em>Nikdy nebu\u010fte na\u0161tvan\u00ed z\u00a0da\u017e\u010fa.<\/em> Konkr\u00e9tne my sme mali v\u010faka prietr\u017ei mra\u010dien neskuto\u010dn\u00fd obraz nad korunami stromov. Mraky boli n\u00edzko a\u00a0z\u00a0lesa sa dymilo. Raj pre fotografov.<\/p>\n<p><img decoding=\"async\" loading=\"lazy\" class=\"alignnone wp-image-9040\" src=\"https:\/\/blog.fotolab.sk\/wp-content\/uploads\/2019\/08\/FOTO_06.jpg\" alt=\"\" width=\"770\" height=\"433\" \/><\/p>\n<p>Aby som sa teda dostala k\u00a0tomu pre\u010do sme pri\u0161li k\u00a0autu tak neskoro. Jednoducho, \u00a0zabl\u00fadili sme. U\u017e bola naozaj tma a\u00a0my sme sa vydali na druh\u00fa stranu ne\u017e sme mali. Ale nevad\u00ed, v\u0161etko zl\u00e9 je na nie\u010do dobr\u00e9.<\/p>\n<p><img decoding=\"async\" loading=\"lazy\" class=\"alignnone wp-image-9037\" src=\"https:\/\/blog.fotolab.sk\/wp-content\/uploads\/2019\/08\/FOTO_06.1.jpg\" alt=\"\" width=\"770\" height=\"513\" \/><\/p>\n<p>Majte sa kr\u00e1sne a\u00a0\u010doskoro sa ozveme preto\u017ee n\u00e1s \u010dak\u00e1 Liberec, \u017d\u010f\u00e1r nad S\u00e1zavou, Doln\u00ed Morava a\u00a0presun na Moravu.<\/p>\n<p>Tak n\u00e1s nezabudnite sledova\u0165 na<a href=\"https:\/\/www.instagram.com\/cewe.cz\/\" target=\"_blank\" rel=\"noopener noreferrer\"> Instagrame<\/a>!<\/p>\n<p>Va\u0161a Kam\u010da a Tom.<\/p>\n<hr \/>\n<p>&nbsp;<\/p>\n","protected":false},"excerpt":{"rendered":"<p>Po stove\u017eatej Prahe a\u00a0kr\u00e1snych Karlov\u00fdch Varoch n\u00e1s kone\u010dne \u010dakala nejak\u00e1 pr\u00edroda. S\u00a0\u0165a\u017ek\u00fdm srdcom sme teda opustili mesto a\u00a0vydali sa objavova\u0165 kr\u00e1sy \u010cesk\u00e9ho \u0160vaj\u010diarska. Hur\u00e1 do \u010cesk\u00e9ho \u0160vaj\u010diarska Ke\u010f sme dorazili do n\u00e1\u0161ho penzi\u00f3nu uprostred \u010cesk\u00e9ho \u0160vaj\u010diarska boli sme tot\u00e1lne unaven\u00ed. Vonku pr\u0161alo tak sme jednoducho za\u013eahli k\u00a0fotk\u00e1m, vide\u00e1m a\u00a0upravovali sme ich ako div\u00ed. Tisk\u00e9 steny [&hellip;]<\/p>\n","protected":false},"author":38,"featured_media":9041,"comment_status":"open","ping_status":"open","sticky":false,"template":"","format":"standard","meta":[],"categories":[51],"tags":[92,94,141,107],"yoast_head":"<!-- This site is optimized with the Yoast SEO plugin v19.1 - https:\/\/yoast.com\/wordpress\/plugins\/seo\/ -->\n<title>CESTUJ S CEWE \u010cesk\u00e1 republika \u2013 Z mesta do pr\u00edrody - CEWE Fotolab blog<\/title>\n<meta name=\"description\" content=\"Po stove\u017eatej Prahe a\u00a0kr\u00e1snych Karlov\u00fdch Varoch n\u00e1s kone\u010dne \u010dakala nejak\u00e1 pr\u00edroda. S\u00a0\u0165a\u017ek\u00fdm srdcom sme teda opustili mesto a\u00a0vydali sa objavova\u0165 kr\u00e1sy...\" \/>\n<meta name=\"robots\" content=\"index, follow, max-snippet:-1, max-image-preview:large, max-video-preview:-1\" \/>\n<link rel=\"canonical\" href=\"https:\/\/www.fotolab.sk\/blog\/cestuj-s-cewe-ceska-republika-z-mesta-do-prirody\/\" \/>\n<meta property=\"og:locale\" content=\"sk_SK\" \/>\n<meta property=\"og:type\" content=\"article\" \/>\n<meta property=\"og:title\" content=\"CESTUJ S CEWE \u010cesk\u00e1 republika \u2013 Z mesta do pr\u00edrody - CEWE Fotolab blog\" \/>\n<meta property=\"og:description\" content=\"Po stove\u017eatej Prahe a\u00a0kr\u00e1snych Karlov\u00fdch Varoch n\u00e1s kone\u010dne \u010dakala nejak\u00e1 pr\u00edroda. S\u00a0\u0165a\u017ek\u00fdm srdcom sme teda opustili mesto a\u00a0vydali sa objavova\u0165 kr\u00e1sy...\" \/>\n<meta property=\"og:url\" content=\"https:\/\/www.fotolab.sk\/blog\/cestuj-s-cewe-ceska-republika-z-mesta-do-prirody\/\" \/>\n<meta property=\"og:site_name\" content=\"CEWE Fotolab blog\" \/>\n<meta property=\"article:published_time\" content=\"2019-08-28T06:15:49+00:00\" \/>\n<meta property=\"article:modified_time\" content=\"2020-07-02T09:03:23+00:00\" \/>\n<meta property=\"og:image\" content=\"https:\/\/blog.fotolab.sk\/wp-content\/uploads\/2019\/08\/titulka-3.jpg\" \/>\n\t<meta property=\"og:image:width\" content=\"1500\" \/>\n\t<meta property=\"og:image:height\" content=\"500\" \/>\n\t<meta property=\"og:image:type\" content=\"image\/jpeg\" \/>\n<meta name=\"twitter:label1\" content=\"Autor:\" \/>\n\t<meta name=\"twitter:data1\" content=\"Kam\u010da a Tom\" \/>\n\t<meta name=\"twitter:label2\" content=\"Predpokladan\u00fd \u010das \u010d\u00edtania\" \/>\n\t<meta name=\"twitter:data2\" content=\"4 min\u00faty\" \/>\n<script type=\"application\/ld+json\" class=\"yoast-schema-graph\">{\"@context\":\"https:\/\/schema.org\",\"@graph\":[{\"@type\":\"WebSite\",\"@id\":\"https:\/\/www.fotolab.sk\/blog\/#website\",\"url\":\"https:\/\/www.fotolab.sk\/blog\/\",\"name\":\"CEWE Fotolab blog\",\"description\":\"Blog ur\u010den\u00fd pre fan\u00fa\u0161ikov fotografie a sveta okolo nej.\",\"potentialAction\":[{\"@type\":\"SearchAction\",\"target\":{\"@type\":\"EntryPoint\",\"urlTemplate\":\"https:\/\/www.fotolab.sk\/blog\/?s={search_term_string}\"},\"query-input\":\"required name=search_term_string\"}],\"inLanguage\":\"sk-SK\"},{\"@type\":\"ImageObject\",\"inLanguage\":\"sk-SK\",\"@id\":\"https:\/\/www.fotolab.sk\/blog\/cestuj-s-cewe-ceska-republika-z-mesta-do-prirody\/#primaryimage\",\"url\":\"https:\/\/blog.fotolab.sk\/wp-content\/uploads\/2019\/08\/titulka-3.jpg\",\"contentUrl\":\"https:\/\/blog.fotolab.sk\/wp-content\/uploads\/2019\/08\/titulka-3.jpg\",\"width\":1500,\"height\":500,\"caption\":\"OLYMPUS DIGITAL CAMERA\"},{\"@type\":\"WebPage\",\"@id\":\"https:\/\/www.fotolab.sk\/blog\/cestuj-s-cewe-ceska-republika-z-mesta-do-prirody\/#webpage\",\"url\":\"https:\/\/www.fotolab.sk\/blog\/cestuj-s-cewe-ceska-republika-z-mesta-do-prirody\/\",\"name\":\"CESTUJ S CEWE \u010cesk\u00e1 republika \u2013 Z mesta do pr\u00edrody - CEWE Fotolab blog\",\"isPartOf\":{\"@id\":\"https:\/\/www.fotolab.sk\/blog\/#website\"},\"primaryImageOfPage\":{\"@id\":\"https:\/\/www.fotolab.sk\/blog\/cestuj-s-cewe-ceska-republika-z-mesta-do-prirody\/#primaryimage\"},\"datePublished\":\"2019-08-28T06:15:49+00:00\",\"dateModified\":\"2020-07-02T09:03:23+00:00\",\"author\":{\"@id\":\"https:\/\/www.fotolab.sk\/blog\/#\/schema\/person\/f68fd8590fb53a51a1bdea159cf8a02f\"},\"description\":\"Po stove\u017eatej Prahe a\u00a0kr\u00e1snych Karlov\u00fdch Varoch n\u00e1s kone\u010dne \u010dakala nejak\u00e1 pr\u00edroda. S\u00a0\u0165a\u017ek\u00fdm srdcom sme teda opustili mesto a\u00a0vydali sa objavova\u0165 kr\u00e1sy...\",\"breadcrumb\":{\"@id\":\"https:\/\/www.fotolab.sk\/blog\/cestuj-s-cewe-ceska-republika-z-mesta-do-prirody\/#breadcrumb\"},\"inLanguage\":\"sk-SK\",\"potentialAction\":[{\"@type\":\"ReadAction\",\"target\":[\"https:\/\/www.fotolab.sk\/blog\/cestuj-s-cewe-ceska-republika-z-mesta-do-prirody\/\"]}]},{\"@type\":\"BreadcrumbList\",\"@id\":\"https:\/\/www.fotolab.sk\/blog\/cestuj-s-cewe-ceska-republika-z-mesta-do-prirody\/#breadcrumb\",\"itemListElement\":[{\"@type\":\"ListItem\",\"position\":1,\"name\":\"Home\",\"item\":\"https:\/\/www.fotolab.sk\/blog\/\"},{\"@type\":\"ListItem\",\"position\":2,\"name\":\"CESTUJ S CEWE \u010cesk\u00e1 republika \u2013 Z mesta do pr\u00edrody\"}]},{\"@type\":\"Person\",\"@id\":\"https:\/\/www.fotolab.sk\/blog\/#\/schema\/person\/f68fd8590fb53a51a1bdea159cf8a02f\",\"name\":\"Kam\u010da a Tom\",\"image\":{\"@type\":\"ImageObject\",\"inLanguage\":\"sk-SK\",\"@id\":\"https:\/\/www.fotolab.sk\/blog\/#\/schema\/person\/image\/\",\"url\":\"https:\/\/secure.gravatar.com\/avatar\/6dff7f787b845b7a2cf4a9e89c6f538b?s=96&d=mm&r=g\",\"contentUrl\":\"https:\/\/secure.gravatar.com\/avatar\/6dff7f787b845b7a2cf4a9e89c6f538b?s=96&d=mm&r=g\",\"caption\":\"Kam\u010da a Tom\"},\"url\":\"https:\/\/www.fotolab.sk\/blog\/author\/cestujscewe-cz\/\"}]}<\/script>\n<!-- \/ Yoast SEO plugin. -->","yoast_head_json":{"title":"CESTUJ S CEWE \u010cesk\u00e1 republika \u2013 Z mesta do pr\u00edrody - CEWE Fotolab blog","description":"Po stove\u017eatej Prahe a\u00a0kr\u00e1snych Karlov\u00fdch Varoch n\u00e1s kone\u010dne \u010dakala nejak\u00e1 pr\u00edroda. S\u00a0\u0165a\u017ek\u00fdm srdcom sme teda opustili mesto a\u00a0vydali sa objavova\u0165 kr\u00e1sy...","robots":{"index":"index","follow":"follow","max-snippet":"max-snippet:-1","max-image-preview":"max-image-preview:large","max-video-preview":"max-video-preview:-1"},"canonical":"https:\/\/www.fotolab.sk\/blog\/cestuj-s-cewe-ceska-republika-z-mesta-do-prirody\/","og_locale":"sk_SK","og_type":"article","og_title":"CESTUJ S CEWE \u010cesk\u00e1 republika \u2013 Z mesta do pr\u00edrody - CEWE Fotolab blog","og_description":"Po stove\u017eatej Prahe a\u00a0kr\u00e1snych Karlov\u00fdch Varoch n\u00e1s kone\u010dne \u010dakala nejak\u00e1 pr\u00edroda. S\u00a0\u0165a\u017ek\u00fdm srdcom sme teda opustili mesto a\u00a0vydali sa objavova\u0165 kr\u00e1sy...","og_url":"https:\/\/www.fotolab.sk\/blog\/cestuj-s-cewe-ceska-republika-z-mesta-do-prirody\/","og_site_name":"CEWE Fotolab blog","article_published_time":"2019-08-28T06:15:49+00:00","article_modified_time":"2020-07-02T09:03:23+00:00","og_image":[{"width":1500,"height":500,"url":"https:\/\/blog.fotolab.sk\/wp-content\/uploads\/2019\/08\/titulka-3.jpg","type":"image\/jpeg"}],"twitter_misc":{"Autor:":"Kam\u010da a Tom","Predpokladan\u00fd \u010das \u010d\u00edtania":"4 min\u00faty"},"schema":{"@context":"https:\/\/schema.org","@graph":[{"@type":"WebSite","@id":"https:\/\/www.fotolab.sk\/blog\/#website","url":"https:\/\/www.fotolab.sk\/blog\/","name":"CEWE Fotolab blog","description":"Blog ur\u010den\u00fd pre fan\u00fa\u0161ikov fotografie a sveta okolo nej.","potentialAction":[{"@type":"SearchAction","target":{"@type":"EntryPoint","urlTemplate":"https:\/\/www.fotolab.sk\/blog\/?s={search_term_string}"},"query-input":"required name=search_term_string"}],"inLanguage":"sk-SK"},{"@type":"ImageObject","inLanguage":"sk-SK","@id":"https:\/\/www.fotolab.sk\/blog\/cestuj-s-cewe-ceska-republika-z-mesta-do-prirody\/#primaryimage","url":"https:\/\/blog.fotolab.sk\/wp-content\/uploads\/2019\/08\/titulka-3.jpg","contentUrl":"https:\/\/blog.fotolab.sk\/wp-content\/uploads\/2019\/08\/titulka-3.jpg","width":1500,"height":500,"caption":"OLYMPUS DIGITAL CAMERA"},{"@type":"WebPage","@id":"https:\/\/www.fotolab.sk\/blog\/cestuj-s-cewe-ceska-republika-z-mesta-do-prirody\/#webpage","url":"https:\/\/www.fotolab.sk\/blog\/cestuj-s-cewe-ceska-republika-z-mesta-do-prirody\/","name":"CESTUJ S CEWE \u010cesk\u00e1 republika \u2013 Z mesta do pr\u00edrody - CEWE Fotolab blog","isPartOf":{"@id":"https:\/\/www.fotolab.sk\/blog\/#website"},"primaryImageOfPage":{"@id":"https:\/\/www.fotolab.sk\/blog\/cestuj-s-cewe-ceska-republika-z-mesta-do-prirody\/#primaryimage"},"datePublished":"2019-08-28T06:15:49+00:00","dateModified":"2020-07-02T09:03:23+00:00","author":{"@id":"https:\/\/www.fotolab.sk\/blog\/#\/schema\/person\/f68fd8590fb53a51a1bdea159cf8a02f"},"description":"Po stove\u017eatej Prahe a\u00a0kr\u00e1snych Karlov\u00fdch Varoch n\u00e1s kone\u010dne \u010dakala nejak\u00e1 pr\u00edroda. S\u00a0\u0165a\u017ek\u00fdm srdcom sme teda opustili mesto a\u00a0vydali sa objavova\u0165 kr\u00e1sy...","breadcrumb":{"@id":"https:\/\/www.fotolab.sk\/blog\/cestuj-s-cewe-ceska-republika-z-mesta-do-prirody\/#breadcrumb"},"inLanguage":"sk-SK","potentialAction":[{"@type":"ReadAction","target":["https:\/\/www.fotolab.sk\/blog\/cestuj-s-cewe-ceska-republika-z-mesta-do-prirody\/"]}]},{"@type":"BreadcrumbList","@id":"https:\/\/www.fotolab.sk\/blog\/cestuj-s-cewe-ceska-republika-z-mesta-do-prirody\/#breadcrumb","itemListElement":[{"@type":"ListItem","position":1,"name":"Home","item":"https:\/\/www.fotolab.sk\/blog\/"},{"@type":"ListItem","position":2,"name":"CESTUJ S CEWE \u010cesk\u00e1 republika \u2013 Z mesta do pr\u00edrody"}]},{"@type":"Person","@id":"https:\/\/www.fotolab.sk\/blog\/#\/schema\/person\/f68fd8590fb53a51a1bdea159cf8a02f","name":"Kam\u010da a Tom","image":{"@type":"ImageObject","inLanguage":"sk-SK","@id":"https:\/\/www.fotolab.sk\/blog\/#\/schema\/person\/image\/","url":"https:\/\/secure.gravatar.com\/avatar\/6dff7f787b845b7a2cf4a9e89c6f538b?s=96&d=mm&r=g","contentUrl":"https:\/\/secure.gravatar.com\/avatar\/6dff7f787b845b7a2cf4a9e89c6f538b?s=96&d=mm&r=g","caption":"Kam\u010da a Tom"},"url":"https:\/\/www.fotolab.sk\/blog\/author\/cestujscewe-cz\/"}]}},"_links":{"self":[{"href":"https:\/\/www.fotolab.sk\/blog\/wp-json\/wp\/v2\/posts\/8996"}],"collection":[{"href":"https:\/\/www.fotolab.sk\/blog\/wp-json\/wp\/v2\/posts"}],"about":[{"href":"https:\/\/www.fotolab.sk\/blog\/wp-json\/wp\/v2\/types\/post"}],"author":[{"embeddable":true,"href":"https:\/\/www.fotolab.sk\/blog\/wp-json\/wp\/v2\/users\/38"}],"replies":[{"embeddable":true,"href":"https:\/\/www.fotolab.sk\/blog\/wp-json\/wp\/v2\/comments?post=8996"}],"version-history":[{"count":3,"href":"https:\/\/www.fotolab.sk\/blog\/wp-json\/wp\/v2\/posts\/8996\/revisions"}],"predecessor-version":[{"id":9042,"href":"https:\/\/www.fotolab.sk\/blog\/wp-json\/wp\/v2\/posts\/8996\/revisions\/9042"}],"wp:featuredmedia":[{"embeddable":true,"href":"https:\/\/www.fotolab.sk\/blog\/wp-json\/wp\/v2\/media\/9041"}],"wp:attachment":[{"href":"https:\/\/www.fotolab.sk\/blog\/wp-json\/wp\/v2\/media?parent=8996"}],"wp:term":[{"taxonomy":"category","embeddable":true,"href":"https:\/\/www.fotolab.sk\/blog\/wp-json\/wp\/v2\/categories?post=8996"},{"taxonomy":"post_tag","embeddable":true,"href":"https:\/\/www.fotolab.sk\/blog\/wp-json\/wp\/v2\/tags?post=8996"}],"curies":[{"name":"wp","href":"https:\/\/api.w.org\/{rel}","templated":true}]}}