
{"id":8504,"date":"2019-06-24T08:08:15","date_gmt":"2019-06-24T06:08:15","guid":{"rendered":"https:\/\/www.fotolab.sk\/blog\/?p=8504"},"modified":"2019-06-24T11:46:49","modified_gmt":"2019-06-24T09:46:49","slug":"eklekticka-kompozicia-ako-si-vytvorit-skvelu-obrazovu-galeriu","status":"publish","type":"post","link":"https:\/\/www.fotolab.sk\/blog\/eklekticka-kompozicia-ako-si-vytvorit-skvelu-obrazovu-galeriu\/","title":{"rendered":"Eklektick\u00e1 kompoz\u00edcia \u2013 Ako si vytvori\u0165 skvel\u00fa obrazov\u00fa gal\u00e9riu"},"content":{"rendered":"<h4 style=\"text-align: justify;\">Jedno je ist\u00e9, my \u013eudia si na stenu radi ve\u0161iame pekn\u00e9 obr\u00e1zky. Aspo\u0148 v\u00e4\u010d\u0161ina z n\u00e1s. Dokonal\u00e9 ozdobenie steny je napriek tomu \u010dasto mrzut\u00e1 z\u00e1le\u017eitos\u0165. Nezriedka trv\u00e1 a\u017e mesiace, ak nie roky, k\u00fdm sa nov\u00e9 \u0161tyri steny vyzdobia umeleck\u00fdmi dielami alebo postermi. Zd\u013ahav\u00fdm procesom sa m\u00f4\u017ee sta\u0165 nielen v\u00fdber mot\u00edvu, zv\u00e1\u017ei\u0165 treba zrejme aj spr\u00e1vne zoradenie nazbieran\u00fdch diel, lebo obe prispievaj\u00fa k vyrovnan\u00e9mu celkov\u00e9mu dojmu.<\/h4>\n<p style=\"text-align: justify;\">Blogerka Antonia Schmitz <a href=\"https:\/\/www.instagram.com\/craftifair\/\" target=\"_blank\" rel=\"noopener noreferrer\">@craftifar<\/a> sp\u00edsala \u010dl\u00e1nok, ako si gal\u00e9riu na stene vytvorila ona.<\/p>\n<p style=\"text-align: justify;\">U\u017e od nas\u0165ahovania do n\u00e1\u0161ho bytu nos\u00edm v hlave my\u0161lienku zrealizova\u0165 mal\u00fa obrazov\u00fa gal\u00e9riu nad poste\u013eou. V tomto byte u\u017e b\u00fdvame dva roky. No \u00e1no, kto dlho \u010dak\u00e1, ten sa do\u010dk\u00e1. V spolupr\u00e1ci s CEWE som svoju mal\u00fa obrazov\u00fa gal\u00e9riu nad poste\u013eou kone\u010dne zrealizovala. Vznikla eklektick\u00e1 kompoz\u00edcia zlo\u017een\u00e1 z mojich ob\u013e\u00faben\u00fdch mot\u00edvov, ktor\u00e9 som odfotografovala sama, z vlastnoru\u010dne vytvoren\u00fdch ilustr\u00e1ci\u00ed a nieko\u013ek\u00fdch ob\u013e\u00faben\u00fdch k\u00faskov.<\/p>\n<h3 style=\"text-align: justify;\">\u010co je eklektick\u00e1 kompoz\u00edcia?<strong>\u00a0<\/strong><\/h3>\n<p style=\"text-align: justify;\">Eklektick\u00e1 kompoz\u00edcia je naaran\u017eovanie rozli\u010dn\u00fdch obrazov alebo umeleck\u00fdch diel, ktor\u00e9 sa opiera o sl\u00e1vnu petrohradsk\u00fa zbierku. Petrohradsk\u00e1 zbierka v\u010fa\u010d\u00ed za svoj n\u00e1zov svetozn\u00e1mej Ermit\u00e1\u017ei v Petrohrade. V 18. storo\u010d\u00ed \u0161\u013eachta predv\u00e1dzala svoje bohatstvo formou opulentn\u00fdch umeleck\u00fdm diel, ktor\u00e9 viseli nahusto pri sebe a nezriedka siahali a\u017e po strop. V pr\u00edpade Petrohradskej zbierky sa \u010dasto hovor\u00ed aj o organizovanom chaose. Preto\u017ee to, \u010do na prv\u00fd poh\u013ead mo\u017eno p\u00f4sob\u00ed zoraden\u00e9 chaoticky, sa zv\u00e4\u010d\u0161a riadi striktn\u00fdm syst\u00e9mom. Spolo\u010dn\u00e9 znaky z h\u013eadiska obsahu alebo podoby dovo\u013euj\u00fa jednotliv\u00fdm obrazom splyn\u00fa\u0165 do jedn\u00e9ho umeleck\u00e9ho diela.<\/p>\n<p style=\"text-align: justify;\"><a href=\"https:\/\/blog.fotolab.sk\/wp-content\/uploads\/2019\/06\/eklektische-haengung-cewe-22m.jpg\"><img decoding=\"async\" loading=\"lazy\" class=\"alignnone size-large wp-image-8509\" src=\"https:\/\/blog.fotolab.sk\/wp-content\/uploads\/2019\/06\/eklektische-haengung-cewe-22m-1024x683.jpg\" alt=\"\" width=\"770\" height=\"514\" srcset=\"https:\/\/blog.fotolab.sk\/wp-content\/uploads\/2019\/06\/eklektische-haengung-cewe-22m-1024x683.jpg 1024w, https:\/\/blog.fotolab.sk\/wp-content\/uploads\/2019\/06\/eklektische-haengung-cewe-22m-300x200.jpg 300w, https:\/\/blog.fotolab.sk\/wp-content\/uploads\/2019\/06\/eklektische-haengung-cewe-22m-768x512.jpg 768w, https:\/\/blog.fotolab.sk\/wp-content\/uploads\/2019\/06\/eklektische-haengung-cewe-22m-370x247.jpg 370w, https:\/\/blog.fotolab.sk\/wp-content\/uploads\/2019\/06\/eklektische-haengung-cewe-22m-270x180.jpg 270w, https:\/\/blog.fotolab.sk\/wp-content\/uploads\/2019\/06\/eklektische-haengung-cewe-22m-740x493.jpg 740w, https:\/\/blog.fotolab.sk\/wp-content\/uploads\/2019\/06\/eklektische-haengung-cewe-22m.jpg 1500w\" sizes=\"(max-width: 770px) 100vw, 770px\" \/><\/a><\/p>\n<p style=\"text-align: justify;\">Dnes si u\u017e pravdepodobne nikto nechce ob\u00fdva\u010dku ove\u0161a\u0165 obrazmi a\u017e po strop. Petrohradsk\u00e1 zbierka v\u0161ak skvele posl\u00fa\u017ei ako in\u0161pir\u00e1cia pre va\u0161u vlastn\u00fa obrazov\u00fa gal\u00e9riu.<\/p>\n<h3 style=\"text-align: justify;\">V\u00fdber mot\u00edvov a m\u00e9di\u00ed<\/h3>\n<p style=\"text-align: justify;\">Ak chcete z\u00edska\u0165 harmonick\u00e9 umeleck\u00e9 dielo, odpor\u00fa\u010da sa, aby ste pri v\u00fdbere mot\u00edvu na\u0161li spojovaciu ni\u0165. M\u00f4\u017ee \u0148ou by\u0165 ur\u010dit\u00e1 t\u00e9ma, farebn\u00e1 sch\u00e9ma alebo zoradenie obrazov pod\u013ea ve\u013ekosti. Ak m\u00e1te navz\u00e1jom skombinova\u0165 \u00faplne rozdielne mot\u00edvy, o potrebn\u00fa harm\u00f3niu v celkovej kompoz\u00edcii sa postaraj\u00fa rovnak\u00e9 r\u00e1my a m\u00e9di\u00e1. Pri v\u00fdbere m\u00e9dia hr\u00e1 v\u00fdznamn\u00fa \u00falohu samozrejme vlastn\u00fd vkus.<\/p>\n<p style=\"text-align: justify;\">Olejov\u00e9 ma\u013eby na pl\u00e1tne v\u0161ak jednoducho vyzeraj\u00fa ove\u013ea lep\u0161ie ne\u017e fotografie na hlin\u00edkovej platni. Mne osobne sa najviac p\u00e1\u010di vzh\u013ead maliarskeho pl\u00e1tna, a to aj pre fotografie. Preto som si v CEWE objednala fotografie a ve\u013ek\u00fa ilustr\u00e1ciu na pl\u00e1tne. V\u010faka vytie\u0148ovan\u00fdm r\u00e1mom z jasn\u00e9ho dreva p\u00f4sobia obrazy e\u0161te u\u0161\u013eachtilej\u0161ie. Aby sme celkov\u00fa kompoz\u00edciu trochu uvo\u013enili, nechala som vytla\u010di\u0165 dve men\u0161ie ilustr\u00e1cie na matn\u00fd pr\u00e9miov\u00fd poster. Presn\u00e9 ozna\u010denie produktov CEWE, ktor\u00e9 som pou\u017eila, a odkazy na ne n\u00e1jdete e\u0161te raz na konci tohto pr\u00edspevku.<\/p>\n<p style=\"text-align: justify;\"><a href=\"https:\/\/blog.fotolab.sk\/wp-content\/uploads\/2019\/06\/eklektische-haengung-cewe-25m.jpg\"><img decoding=\"async\" loading=\"lazy\" class=\"alignnone size-large wp-image-8510\" src=\"https:\/\/blog.fotolab.sk\/wp-content\/uploads\/2019\/06\/eklektische-haengung-cewe-25m-1024x683.jpg\" alt=\"\" width=\"770\" height=\"514\" srcset=\"https:\/\/blog.fotolab.sk\/wp-content\/uploads\/2019\/06\/eklektische-haengung-cewe-25m-1024x683.jpg 1024w, https:\/\/blog.fotolab.sk\/wp-content\/uploads\/2019\/06\/eklektische-haengung-cewe-25m-300x200.jpg 300w, https:\/\/blog.fotolab.sk\/wp-content\/uploads\/2019\/06\/eklektische-haengung-cewe-25m-768x512.jpg 768w, https:\/\/blog.fotolab.sk\/wp-content\/uploads\/2019\/06\/eklektische-haengung-cewe-25m-370x247.jpg 370w, https:\/\/blog.fotolab.sk\/wp-content\/uploads\/2019\/06\/eklektische-haengung-cewe-25m-270x180.jpg 270w, https:\/\/blog.fotolab.sk\/wp-content\/uploads\/2019\/06\/eklektische-haengung-cewe-25m-740x493.jpg 740w, https:\/\/blog.fotolab.sk\/wp-content\/uploads\/2019\/06\/eklektische-haengung-cewe-25m.jpg 1500w\" sizes=\"(max-width: 770px) 100vw, 770px\" \/><\/a><\/p>\n<p style=\"text-align: justify;\"><a href=\"https:\/\/www.cewe.sk\/fotoobrazy.html\" target=\"_blank\" rel=\"noopener noreferrer\">Chcem CEWE FOTOBRAZ!<\/a><\/p>\n<h3 style=\"text-align: justify;\">Dokonal\u00e9 zoradenie obrazov<\/h3>\n<p style=\"text-align: justify;\">Pri ich zora\u010fovan\u00ed by sme mali zoh\u013eadni\u0165 dan\u00e9 prvky miestnosti a l\u00ednie poh\u013eadu, ktor\u00e9 m\u00e1me k dispoz\u00edcii. Optim\u00e1lny v\u00fdchodiskov\u00fd bod pre ich nasmerovanie b\u00fdva r\u00e1m dver\u00ed \u010di okien. Pri tvorbe mojej gal\u00e9rie v sp\u00e1lni som sa orientovala pod\u013ea \u0161\u00edrky postele. Plocha gal\u00e9rie by mala ma\u0165 pribli\u017ene rovnak\u00fa \u0161\u00edrku ako poste\u013e. E\u0161te predt\u00fdm, ako do steny zatl\u010diete klince, by ste si obr\u00e1zky mali rozlo\u017ei\u0165 na podlahu alebo na poste\u013e. Tak m\u00f4\u017eete v pokoji vysk\u00fa\u0161a\u0165, v akej kompoz\u00edcii vyzeraj\u00fa najlep\u0161ie.<\/p>\n<p style=\"text-align: justify;\"><a href=\"https:\/\/blog.fotolab.sk\/wp-content\/uploads\/2019\/06\/eklektische-haengung-cewe-tests.jpg\" target=\"_blank\" rel=\"noopener noreferrer\"><img decoding=\"async\" loading=\"lazy\" class=\"alignnone wp-image-8507 size-large\" src=\"https:\/\/blog.fotolab.sk\/wp-content\/uploads\/2019\/06\/eklektische-haengung-cewe-tests-1024x683.jpg\" alt=\"CEWE fotoobrazy\" width=\"770\" height=\"514\" srcset=\"https:\/\/blog.fotolab.sk\/wp-content\/uploads\/2019\/06\/eklektische-haengung-cewe-tests-1024x683.jpg 1024w, https:\/\/blog.fotolab.sk\/wp-content\/uploads\/2019\/06\/eklektische-haengung-cewe-tests-300x200.jpg 300w, https:\/\/blog.fotolab.sk\/wp-content\/uploads\/2019\/06\/eklektische-haengung-cewe-tests-768x512.jpg 768w, https:\/\/blog.fotolab.sk\/wp-content\/uploads\/2019\/06\/eklektische-haengung-cewe-tests-370x247.jpg 370w, https:\/\/blog.fotolab.sk\/wp-content\/uploads\/2019\/06\/eklektische-haengung-cewe-tests-270x180.jpg 270w, https:\/\/blog.fotolab.sk\/wp-content\/uploads\/2019\/06\/eklektische-haengung-cewe-tests-740x493.jpg 740w, https:\/\/blog.fotolab.sk\/wp-content\/uploads\/2019\/06\/eklektische-haengung-cewe-tests.jpg 1500w\" sizes=\"(max-width: 770px) 100vw, 770px\" \/><\/a><\/p>\n<p style=\"text-align: justify;\"><strong>TIP: <\/strong>Obrazy neve\u0161ajte pr\u00edli\u0161 vysoko. Stredn\u00e1 \u010das\u0165 obrazovej gal\u00e9rie by sa mala nach\u00e1dza\u0165 vo v\u00fd\u0161ke va\u0161ich o\u010d\u00ed. Ak sa m\u00e1 gal\u00e9ria presadi\u0165 v k\u00fate na sedenie, obr\u00e1zky m\u00f4\u017eu pokojne visie\u0165 aj o nie\u010do ni\u017e\u0161ie. Pri zora\u010fovan\u00ed obrazov sa m\u00f4\u017eete pribli\u017ene orientova\u0165 pod\u013ea geometrick\u00fdch tvarov. D\u00f4le\u017eit\u00e9 je, aby v celkovom obraze vl\u00e1dla rovnov\u00e1ha. Vzdialenosti medzi obrazmi by mali by\u0165 v\u017edy rovnak\u00e9 a predov\u0161etk\u00fdm nie prive\u013ek\u00e9. Ja m\u00e1m medzi v\u0161etk\u00fdmi zar\u00e1movan\u00fdmi obrazmi vzdialenos\u0165 5 cm. Jednoducho vysk\u00fa\u0161ajte r\u00f4zne varianty a na\u010d\u00favajte svojej intu\u00edcii. Preto\u017ee, ako v\u017edy, plat\u00ed pravidlo: dovolen\u00e9 je to, \u010do sa v\u00e1m p\u00e1\u010di.<\/p>\n<h3 style=\"text-align: justify;\">Takto vznikne va\u0161a dokonale vycentrovan\u00e1 obrazov\u00e1 gal\u00e9ria<\/h3>\n<p style=\"text-align: justify;\"><span style=\"color: #000000;\">Dokonale vycentrova\u0165 obrazy v jednej kompoz\u00edcii nie je tak\u00e9 jednoduch\u00e9. Ale v\u010faka nieko\u013ek\u00fdm tipom a trikom sa v\u00e1m to hravo podar\u00ed. Potrebujete:<\/span><\/p>\n<ul style=\"text-align: justify;\">\n<li><span style=\"color: #000000;\">vodov\u00e1hu<\/span><\/li>\n<li><span style=\"color: #000000;\">ceruzku<\/span><\/li>\n<li><span style=\"color: #000000;\">pr\u00edpadne maliarsku papierov\u00fa p\u00e1sku<br \/>\n<\/span><\/li>\n<\/ul>\n<p style=\"text-align: justify;\"><span style=\"color: #000000;\">Pri ve\u0161an\u00ed obrazovej gal\u00e9rie pracujeme smerom zn\u00fatra von. Za\u010diatkom je centr\u00e1lny obraz, okolo ktor\u00e9ho postupne prid\u00e1vame \u010fal\u0161ie a \u010fal\u0161ie obrazy. Najprv n\u00e1jdite optim\u00e1lnu poz\u00edciu pre prv\u00fd obraz, vyrovnajte ho pomocou vodov\u00e1hy a pripevnite hona stenu. Ak s\u00fa obrazy ve\u013ek\u00e9, lep\u0161ie v\u00e1m to p\u00f4jde vo dvojici.<\/span><\/p>\n<p style=\"text-align: justify;\"><span style=\"color: #000000;\">Pokra\u010dujte zavesen\u00edm \u010fal\u0161ieho obrazu.Odmerajte vzdialenos\u0165 5 cm (u\u010d\u00edte si pod\u013ea v\u00e1\u0161ho rozhodnutia) a nazna\u010d\u00edte si ju ceruzkou. Vzdialenso\u0165 5 cm od obrazu si zazna\u010dte nie len do str\u00e1n, ale aj do v\u00fd\u0161ky. N\u00e1sledne skontrolujte \u010di je prv\u00fd obraz spr\u00e1vne zavesen\u00fd a nabite klince pre \u010fal\u0161ie obrazy.<\/span><\/p>\n<p style=\"text-align: justify;\"><span style=\"color: #ff0000;\"><a href=\"https:\/\/blog.fotolab.sk\/wp-content\/uploads\/2019\/06\/eklektische-haengung-cewe-20m.jpg\"><img decoding=\"async\" loading=\"lazy\" class=\"alignnone wp-image-8508 size-large\" src=\"https:\/\/blog.fotolab.sk\/wp-content\/uploads\/2019\/06\/eklektische-haengung-cewe-20m-1024x683.jpg\" alt=\"CEWe FOTOBRAZ\" width=\"770\" height=\"514\" srcset=\"https:\/\/blog.fotolab.sk\/wp-content\/uploads\/2019\/06\/eklektische-haengung-cewe-20m-1024x683.jpg 1024w, https:\/\/blog.fotolab.sk\/wp-content\/uploads\/2019\/06\/eklektische-haengung-cewe-20m-300x200.jpg 300w, https:\/\/blog.fotolab.sk\/wp-content\/uploads\/2019\/06\/eklektische-haengung-cewe-20m-768x512.jpg 768w, https:\/\/blog.fotolab.sk\/wp-content\/uploads\/2019\/06\/eklektische-haengung-cewe-20m-370x247.jpg 370w, https:\/\/blog.fotolab.sk\/wp-content\/uploads\/2019\/06\/eklektische-haengung-cewe-20m-270x180.jpg 270w, https:\/\/blog.fotolab.sk\/wp-content\/uploads\/2019\/06\/eklektische-haengung-cewe-20m-740x493.jpg 740w, https:\/\/blog.fotolab.sk\/wp-content\/uploads\/2019\/06\/eklektische-haengung-cewe-20m.jpg 1500w\" sizes=\"(max-width: 770px) 100vw, 770px\" \/><\/a><\/span><\/p>\n<h3 style=\"text-align: justify;\">Takmer hotovo!<\/h3>\n<p style=\"text-align: justify;\">Eklektick\u00e1 zbierka \u017eije v\u010faka rozmanitosti objektov. V\u010faka rovnakej farebnej sch\u00e9me a rovnak\u00e9mu r\u00e1mu jednotliv\u00e9 obrazy dokonale splyn\u00fa do jedn\u00e9ho celistv\u00e9ho umeleck\u00e9ho diela. Na uvo\u013enenie m\u00f4\u017eeme medzi obrazy zamie\u0161a\u0165 mal\u00e9 dekora\u010dn\u00e9 prvky a ilustr\u00e1cie bez r\u00e1mu. Tie sa postaraj\u00fa o potrebn\u00e9 nap\u00e4tie.<\/p>\n<p style=\"text-align: justify;\"><a href=\"https:\/\/blog.fotolab.sk\/wp-content\/uploads\/2019\/06\/eklektische-haengung-cewe-28m.jpg\"><img decoding=\"async\" loading=\"lazy\" class=\"alignnone wp-image-8512 size-large\" src=\"https:\/\/blog.fotolab.sk\/wp-content\/uploads\/2019\/06\/eklektische-haengung-cewe-28m-1024x683.jpg\" alt=\"cewe fotoobraz, galeria, eklektickos\u0165\" width=\"770\" height=\"514\" srcset=\"https:\/\/blog.fotolab.sk\/wp-content\/uploads\/2019\/06\/eklektische-haengung-cewe-28m-1024x683.jpg 1024w, https:\/\/blog.fotolab.sk\/wp-content\/uploads\/2019\/06\/eklektische-haengung-cewe-28m-300x200.jpg 300w, https:\/\/blog.fotolab.sk\/wp-content\/uploads\/2019\/06\/eklektische-haengung-cewe-28m-768x512.jpg 768w, https:\/\/blog.fotolab.sk\/wp-content\/uploads\/2019\/06\/eklektische-haengung-cewe-28m-370x247.jpg 370w, https:\/\/blog.fotolab.sk\/wp-content\/uploads\/2019\/06\/eklektische-haengung-cewe-28m-270x180.jpg 270w, https:\/\/blog.fotolab.sk\/wp-content\/uploads\/2019\/06\/eklektische-haengung-cewe-28m-740x493.jpg 740w, https:\/\/blog.fotolab.sk\/wp-content\/uploads\/2019\/06\/eklektische-haengung-cewe-28m.jpg 1500w\" sizes=\"(max-width: 770px) 100vw, 770px\" \/><\/a><\/p>\n<h3 style=\"text-align: justify;\">\u00a0Kone\u010dne moja vlastn\u00e1 mal\u00e1 gal\u00e9ria<\/h3>\n<p style=\"text-align: justify;\">Z v\u00fdsledku som naozaj nad\u0161en\u00e1. Dlho som prem\u00fd\u0161\u013eala, ak\u00e9 mot\u00edvy maj\u00fa zdobi\u0165 moju obrazov\u00fa gal\u00e9riu. Samozrejme, existuje nespo\u010detn\u00e9 mno\u017estvo n\u00e1dhern\u00fdch umeleck\u00fdch obrazov (printov) a plag\u00e1tov, ale som spokojn\u00e1, \u017ee som vytvorila nie\u010do, \u010do je moje vlastn\u00e9. Okrem interi\u00e9rov a rastl\u00edn toti\u017e neskuto\u010dne rada fotografujem aj architekt\u00faru a pr\u00edrodu. Doteraz v\u0161ak v\u00e4\u010d\u0161ina mojich fotografi\u00ed \u017eila svoj smutn\u00fd \u017eivot len v pam\u00e4ti m\u00f4jho po\u010d\u00edta\u010da. O to viac sa te\u0161\u00edm, \u017ee nieko\u013eko z nich teraz za\u017eije svoje ve\u013ek\u00e9 predstavenie.<\/p>\n<p style=\"text-align: justify;\"><a href=\"https:\/\/blog.fotolab.sk\/wp-content\/uploads\/2019\/06\/eklektische-haengung-cewe-27.jpg\"><img decoding=\"async\" loading=\"lazy\" class=\"alignnone wp-image-8511 size-large\" src=\"https:\/\/blog.fotolab.sk\/wp-content\/uploads\/2019\/06\/eklektische-haengung-cewe-27-1024x768.jpg\" alt=\"galeria, foto, CEWE\" width=\"770\" height=\"578\" srcset=\"https:\/\/blog.fotolab.sk\/wp-content\/uploads\/2019\/06\/eklektische-haengung-cewe-27-1024x768.jpg 1024w, https:\/\/blog.fotolab.sk\/wp-content\/uploads\/2019\/06\/eklektische-haengung-cewe-27-300x225.jpg 300w, https:\/\/blog.fotolab.sk\/wp-content\/uploads\/2019\/06\/eklektische-haengung-cewe-27-768x576.jpg 768w, https:\/\/blog.fotolab.sk\/wp-content\/uploads\/2019\/06\/eklektische-haengung-cewe-27-370x278.jpg 370w, https:\/\/blog.fotolab.sk\/wp-content\/uploads\/2019\/06\/eklektische-haengung-cewe-27-270x203.jpg 270w, https:\/\/blog.fotolab.sk\/wp-content\/uploads\/2019\/06\/eklektische-haengung-cewe-27-740x555.jpg 740w, https:\/\/blog.fotolab.sk\/wp-content\/uploads\/2019\/06\/eklektische-haengung-cewe-27-80x60.jpg 80w, https:\/\/blog.fotolab.sk\/wp-content\/uploads\/2019\/06\/eklektische-haengung-cewe-27.jpg 1500w\" sizes=\"(max-width: 770px) 100vw, 770px\" \/><\/a><\/p>\n<p style=\"text-align: justify;\">Nad\u0161en\u00e1 som v\u0161ak aj zo \u0161ialene dobrej kvality tla\u010de fotografi\u00ed a ilustr\u00e1ci\u00ed. Farby a ostros\u0165 v\u00fdtla\u010dkov s\u00fa toti\u017e dokonal\u00e9 na pl\u00e1tne aj na matnom pr\u00e9miovom fotoplag\u00e1te. Oba produkty s\u00fa skvel\u00e9 aj na dotyk.<\/p>\n<p style=\"text-align: justify;\">Pri tvorbe svojej obrazovej gal\u00e9rie som pou\u017eila tieto produkty od CEWE :<\/p>\n<ul style=\"text-align: justify;\">\n<li><a href=\"https:\/\/www.cewe.sk\/fotoobrazy\/foto-na-platno.html\">Foto na pl\u00e1tne<\/a> s r\u00e1mikom &#8220;Havana Floaters&#8221; v kr\u00e9mov\u00fdch farb\u00e1ch. 1 kus 20 x 30cm, 3 kusy 30 x 40cm a 1 kus 40 x 60 cm<\/li>\n<li><a href=\"https:\/\/www.cewe.sk\/fotoobrazy\/plagaty\/fotoplagat-premium.html\" target=\"_blank\" rel=\"noopener noreferrer\">Fotoplag\u00e1t premium<\/a> s papierom Fine Art Matt<\/li>\n<\/ul>\n<p style=\"text-align: justify;\"><strong>TIP: <\/strong>Pri objedn\u00e1van\u00ed fotografick\u00fdch pl\u00e1tien by ste mali zoh\u013eadni\u0165, \u017ee obraz sa zahne do dreven\u00e9ho r\u00e1mu do vzdialenosti asi 3 cm. Preto by sa v tejto oblasti nemali nach\u00e1dza\u0165 \u017eiadne d\u00f4le\u017eit\u00e9 prvky obrazu.<\/p>\n<p style=\"text-align: justify;\"><a href=\"https:\/\/www.cewe.sk\/fotoobrazy\/plagaty\/fotoplagat-premium.html\" target=\"_blank\" rel=\"noopener noreferrer\">Chcem fotoplag\u00e1t!<\/a> Alebo <a href=\"https:\/\/www.cewe.sk\/fotoobrazy\/foto-na-platno.html\" target=\"_blank\" rel=\"noopener noreferrer\">foto na pl\u00e1tne?<\/a><\/p>\n<hr \/>\n<p>&nbsp;<\/p>\n","protected":false},"excerpt":{"rendered":"<p>Jedno je ist\u00e9, my \u013eudia si na stenu radi ve\u0161iame pekn\u00e9 obr\u00e1zky. Aspo\u0148 v\u00e4\u010d\u0161ina z n\u00e1s. Dokonal\u00e9 ozdobenie steny je napriek tomu \u010dasto mrzut\u00e1 z\u00e1le\u017eitos\u0165. Nezriedka trv\u00e1 a\u017e mesiace, ak nie roky, k\u00fdm sa nov\u00e9 \u0161tyri steny vyzdobia umeleck\u00fdmi dielami alebo postermi. Zd\u013ahav\u00fdm procesom sa m\u00f4\u017ee sta\u0165 nielen v\u00fdber mot\u00edvu, zv\u00e1\u017ei\u0165 treba zrejme aj spr\u00e1vne [&hellip;]<\/p>\n","protected":false},"author":6,"featured_media":8513,"comment_status":"open","ping_status":"open","sticky":false,"template":"","format":"standard","meta":[],"categories":[51,50],"tags":[107,77,99,101],"yoast_head":"<!-- This site is optimized with the Yoast SEO plugin v19.1 - https:\/\/yoast.com\/wordpress\/plugins\/seo\/ -->\n<title>Eklektick\u00e1 kompoz\u00edcia \u2013 Ako si vytvori\u0165 skvel\u00fa obrazov\u00fa gal\u00e9riu<\/title>\n<meta name=\"description\" content=\"Jedno je ist\u00e9, my \u013eudia si na stenu radi ve\u0161iame pekn\u00e9 obr\u00e1zky. Aspo\u0148 v\u00e4\u010d\u0161ina z n\u00e1s. Sp\u00edsali sme \u010dl\u00e1nok, ako si gal\u00e9riu na stene vytvori\u0165.\" \/>\n<meta name=\"robots\" content=\"index, follow, max-snippet:-1, max-image-preview:large, max-video-preview:-1\" \/>\n<link rel=\"canonical\" href=\"https:\/\/www.fotolab.sk\/blog\/eklekticka-kompozicia-ako-si-vytvorit-skvelu-obrazovu-galeriu\/\" \/>\n<meta property=\"og:locale\" content=\"sk_SK\" \/>\n<meta property=\"og:type\" content=\"article\" \/>\n<meta property=\"og:title\" content=\"Eklektick\u00e1 kompoz\u00edcia \u2013 Ako si vytvori\u0165 skvel\u00fa obrazov\u00fa gal\u00e9riu\" \/>\n<meta property=\"og:description\" content=\"Jedno je ist\u00e9, my \u013eudia si na stenu radi ve\u0161iame pekn\u00e9 obr\u00e1zky. Aspo\u0148 v\u00e4\u010d\u0161ina z n\u00e1s. Sp\u00edsali sme \u010dl\u00e1nok, ako si gal\u00e9riu na stene vytvori\u0165.\" \/>\n<meta property=\"og:url\" content=\"https:\/\/www.fotolab.sk\/blog\/eklekticka-kompozicia-ako-si-vytvorit-skvelu-obrazovu-galeriu\/\" \/>\n<meta property=\"og:site_name\" content=\"CEWE Fotolab blog\" \/>\n<meta property=\"article:published_time\" content=\"2019-06-24T06:08:15+00:00\" \/>\n<meta property=\"article:modified_time\" content=\"2019-06-24T09:46:49+00:00\" \/>\n<meta property=\"og:image\" content=\"https:\/\/blog.fotolab.sk\/wp-content\/uploads\/2019\/06\/eklektische-haengung-cewe-28titu.jpg\" \/>\n\t<meta property=\"og:image:width\" content=\"1500\" \/>\n\t<meta property=\"og:image:height\" content=\"500\" \/>\n\t<meta property=\"og:image:type\" content=\"image\/jpeg\" \/>\n<meta name=\"twitter:label1\" content=\"Autor:\" \/>\n\t<meta name=\"twitter:data1\" content=\"Sofia K\u00f3sov\u00e1\" \/>\n\t<meta name=\"twitter:label2\" content=\"Predpokladan\u00fd \u010das \u010d\u00edtania\" \/>\n\t<meta name=\"twitter:data2\" content=\"6 min\u00fat\" \/>\n<script type=\"application\/ld+json\" class=\"yoast-schema-graph\">{\"@context\":\"https:\/\/schema.org\",\"@graph\":[{\"@type\":\"WebSite\",\"@id\":\"https:\/\/www.fotolab.sk\/blog\/#website\",\"url\":\"https:\/\/www.fotolab.sk\/blog\/\",\"name\":\"CEWE Fotolab blog\",\"description\":\"Blog ur\u010den\u00fd pre fan\u00fa\u0161ikov fotografie a sveta okolo nej.\",\"potentialAction\":[{\"@type\":\"SearchAction\",\"target\":{\"@type\":\"EntryPoint\",\"urlTemplate\":\"https:\/\/www.fotolab.sk\/blog\/?s={search_term_string}\"},\"query-input\":\"required name=search_term_string\"}],\"inLanguage\":\"sk-SK\"},{\"@type\":\"ImageObject\",\"inLanguage\":\"sk-SK\",\"@id\":\"https:\/\/www.fotolab.sk\/blog\/eklekticka-kompozicia-ako-si-vytvorit-skvelu-obrazovu-galeriu\/#primaryimage\",\"url\":\"https:\/\/blog.fotolab.sk\/wp-content\/uploads\/2019\/06\/eklektische-haengung-cewe-28titu.jpg\",\"contentUrl\":\"https:\/\/blog.fotolab.sk\/wp-content\/uploads\/2019\/06\/eklektische-haengung-cewe-28titu.jpg\",\"width\":1500,\"height\":500},{\"@type\":\"WebPage\",\"@id\":\"https:\/\/www.fotolab.sk\/blog\/eklekticka-kompozicia-ako-si-vytvorit-skvelu-obrazovu-galeriu\/#webpage\",\"url\":\"https:\/\/www.fotolab.sk\/blog\/eklekticka-kompozicia-ako-si-vytvorit-skvelu-obrazovu-galeriu\/\",\"name\":\"Eklektick\u00e1 kompoz\u00edcia \u2013 Ako si vytvori\u0165 skvel\u00fa obrazov\u00fa gal\u00e9riu\",\"isPartOf\":{\"@id\":\"https:\/\/www.fotolab.sk\/blog\/#website\"},\"primaryImageOfPage\":{\"@id\":\"https:\/\/www.fotolab.sk\/blog\/eklekticka-kompozicia-ako-si-vytvorit-skvelu-obrazovu-galeriu\/#primaryimage\"},\"datePublished\":\"2019-06-24T06:08:15+00:00\",\"dateModified\":\"2019-06-24T09:46:49+00:00\",\"author\":{\"@id\":\"https:\/\/www.fotolab.sk\/blog\/#\/schema\/person\/5c45b2654fe06ead944eda8a67b3429a\"},\"description\":\"Jedno je ist\u00e9, my \u013eudia si na stenu radi ve\u0161iame pekn\u00e9 obr\u00e1zky. Aspo\u0148 v\u00e4\u010d\u0161ina z n\u00e1s. Sp\u00edsali sme \u010dl\u00e1nok, ako si gal\u00e9riu na stene vytvori\u0165.\",\"breadcrumb\":{\"@id\":\"https:\/\/www.fotolab.sk\/blog\/eklekticka-kompozicia-ako-si-vytvorit-skvelu-obrazovu-galeriu\/#breadcrumb\"},\"inLanguage\":\"sk-SK\",\"potentialAction\":[{\"@type\":\"ReadAction\",\"target\":[\"https:\/\/www.fotolab.sk\/blog\/eklekticka-kompozicia-ako-si-vytvorit-skvelu-obrazovu-galeriu\/\"]}]},{\"@type\":\"BreadcrumbList\",\"@id\":\"https:\/\/www.fotolab.sk\/blog\/eklekticka-kompozicia-ako-si-vytvorit-skvelu-obrazovu-galeriu\/#breadcrumb\",\"itemListElement\":[{\"@type\":\"ListItem\",\"position\":1,\"name\":\"Home\",\"item\":\"https:\/\/www.fotolab.sk\/blog\/\"},{\"@type\":\"ListItem\",\"position\":2,\"name\":\"Eklektick\u00e1 kompoz\u00edcia \u2013 Ako si vytvori\u0165 skvel\u00fa obrazov\u00fa gal\u00e9riu\"}]},{\"@type\":\"Person\",\"@id\":\"https:\/\/www.fotolab.sk\/blog\/#\/schema\/person\/5c45b2654fe06ead944eda8a67b3429a\",\"name\":\"Sofia K\u00f3sov\u00e1\",\"image\":{\"@type\":\"ImageObject\",\"inLanguage\":\"sk-SK\",\"@id\":\"https:\/\/www.fotolab.sk\/blog\/#\/schema\/person\/image\/\",\"url\":\"https:\/\/secure.gravatar.com\/avatar\/2d883d1a9b113102ca9dc04869e4d2aa?s=96&d=mm&r=g\",\"contentUrl\":\"https:\/\/secure.gravatar.com\/avatar\/2d883d1a9b113102ca9dc04869e4d2aa?s=96&d=mm&r=g\",\"caption\":\"Sofia K\u00f3sov\u00e1\"},\"description\":\"Milujem cestovanie, objavovanie nov\u00fdch miest a zachyt\u00e1vania \u010dara okamihu prostredn\u00edctvom fotoapar\u00e1tu. Okrem toho preferujem kreat\u00edvne n\u00e1pady na vystavenie fotografii.\",\"url\":\"https:\/\/www.fotolab.sk\/blog\/author\/sofia\/\"}]}<\/script>\n<!-- \/ Yoast SEO plugin. -->","yoast_head_json":{"title":"Eklektick\u00e1 kompoz\u00edcia \u2013 Ako si vytvori\u0165 skvel\u00fa obrazov\u00fa gal\u00e9riu","description":"Jedno je ist\u00e9, my \u013eudia si na stenu radi ve\u0161iame pekn\u00e9 obr\u00e1zky. Aspo\u0148 v\u00e4\u010d\u0161ina z n\u00e1s. Sp\u00edsali sme \u010dl\u00e1nok, ako si gal\u00e9riu na stene vytvori\u0165.","robots":{"index":"index","follow":"follow","max-snippet":"max-snippet:-1","max-image-preview":"max-image-preview:large","max-video-preview":"max-video-preview:-1"},"canonical":"https:\/\/www.fotolab.sk\/blog\/eklekticka-kompozicia-ako-si-vytvorit-skvelu-obrazovu-galeriu\/","og_locale":"sk_SK","og_type":"article","og_title":"Eklektick\u00e1 kompoz\u00edcia \u2013 Ako si vytvori\u0165 skvel\u00fa obrazov\u00fa gal\u00e9riu","og_description":"Jedno je ist\u00e9, my \u013eudia si na stenu radi ve\u0161iame pekn\u00e9 obr\u00e1zky. Aspo\u0148 v\u00e4\u010d\u0161ina z n\u00e1s. Sp\u00edsali sme \u010dl\u00e1nok, ako si gal\u00e9riu na stene vytvori\u0165.","og_url":"https:\/\/www.fotolab.sk\/blog\/eklekticka-kompozicia-ako-si-vytvorit-skvelu-obrazovu-galeriu\/","og_site_name":"CEWE Fotolab blog","article_published_time":"2019-06-24T06:08:15+00:00","article_modified_time":"2019-06-24T09:46:49+00:00","og_image":[{"width":1500,"height":500,"url":"https:\/\/blog.fotolab.sk\/wp-content\/uploads\/2019\/06\/eklektische-haengung-cewe-28titu.jpg","type":"image\/jpeg"}],"twitter_misc":{"Autor:":"Sofia K\u00f3sov\u00e1","Predpokladan\u00fd \u010das \u010d\u00edtania":"6 min\u00fat"},"schema":{"@context":"https:\/\/schema.org","@graph":[{"@type":"WebSite","@id":"https:\/\/www.fotolab.sk\/blog\/#website","url":"https:\/\/www.fotolab.sk\/blog\/","name":"CEWE Fotolab blog","description":"Blog ur\u010den\u00fd pre fan\u00fa\u0161ikov fotografie a sveta okolo nej.","potentialAction":[{"@type":"SearchAction","target":{"@type":"EntryPoint","urlTemplate":"https:\/\/www.fotolab.sk\/blog\/?s={search_term_string}"},"query-input":"required name=search_term_string"}],"inLanguage":"sk-SK"},{"@type":"ImageObject","inLanguage":"sk-SK","@id":"https:\/\/www.fotolab.sk\/blog\/eklekticka-kompozicia-ako-si-vytvorit-skvelu-obrazovu-galeriu\/#primaryimage","url":"https:\/\/blog.fotolab.sk\/wp-content\/uploads\/2019\/06\/eklektische-haengung-cewe-28titu.jpg","contentUrl":"https:\/\/blog.fotolab.sk\/wp-content\/uploads\/2019\/06\/eklektische-haengung-cewe-28titu.jpg","width":1500,"height":500},{"@type":"WebPage","@id":"https:\/\/www.fotolab.sk\/blog\/eklekticka-kompozicia-ako-si-vytvorit-skvelu-obrazovu-galeriu\/#webpage","url":"https:\/\/www.fotolab.sk\/blog\/eklekticka-kompozicia-ako-si-vytvorit-skvelu-obrazovu-galeriu\/","name":"Eklektick\u00e1 kompoz\u00edcia \u2013 Ako si vytvori\u0165 skvel\u00fa obrazov\u00fa gal\u00e9riu","isPartOf":{"@id":"https:\/\/www.fotolab.sk\/blog\/#website"},"primaryImageOfPage":{"@id":"https:\/\/www.fotolab.sk\/blog\/eklekticka-kompozicia-ako-si-vytvorit-skvelu-obrazovu-galeriu\/#primaryimage"},"datePublished":"2019-06-24T06:08:15+00:00","dateModified":"2019-06-24T09:46:49+00:00","author":{"@id":"https:\/\/www.fotolab.sk\/blog\/#\/schema\/person\/5c45b2654fe06ead944eda8a67b3429a"},"description":"Jedno je ist\u00e9, my \u013eudia si na stenu radi ve\u0161iame pekn\u00e9 obr\u00e1zky. Aspo\u0148 v\u00e4\u010d\u0161ina z n\u00e1s. Sp\u00edsali sme \u010dl\u00e1nok, ako si gal\u00e9riu na stene vytvori\u0165.","breadcrumb":{"@id":"https:\/\/www.fotolab.sk\/blog\/eklekticka-kompozicia-ako-si-vytvorit-skvelu-obrazovu-galeriu\/#breadcrumb"},"inLanguage":"sk-SK","potentialAction":[{"@type":"ReadAction","target":["https:\/\/www.fotolab.sk\/blog\/eklekticka-kompozicia-ako-si-vytvorit-skvelu-obrazovu-galeriu\/"]}]},{"@type":"BreadcrumbList","@id":"https:\/\/www.fotolab.sk\/blog\/eklekticka-kompozicia-ako-si-vytvorit-skvelu-obrazovu-galeriu\/#breadcrumb","itemListElement":[{"@type":"ListItem","position":1,"name":"Home","item":"https:\/\/www.fotolab.sk\/blog\/"},{"@type":"ListItem","position":2,"name":"Eklektick\u00e1 kompoz\u00edcia \u2013 Ako si vytvori\u0165 skvel\u00fa obrazov\u00fa gal\u00e9riu"}]},{"@type":"Person","@id":"https:\/\/www.fotolab.sk\/blog\/#\/schema\/person\/5c45b2654fe06ead944eda8a67b3429a","name":"Sofia K\u00f3sov\u00e1","image":{"@type":"ImageObject","inLanguage":"sk-SK","@id":"https:\/\/www.fotolab.sk\/blog\/#\/schema\/person\/image\/","url":"https:\/\/secure.gravatar.com\/avatar\/2d883d1a9b113102ca9dc04869e4d2aa?s=96&d=mm&r=g","contentUrl":"https:\/\/secure.gravatar.com\/avatar\/2d883d1a9b113102ca9dc04869e4d2aa?s=96&d=mm&r=g","caption":"Sofia K\u00f3sov\u00e1"},"description":"Milujem cestovanie, objavovanie nov\u00fdch miest a zachyt\u00e1vania \u010dara okamihu prostredn\u00edctvom fotoapar\u00e1tu. Okrem toho preferujem kreat\u00edvne n\u00e1pady na vystavenie fotografii.","url":"https:\/\/www.fotolab.sk\/blog\/author\/sofia\/"}]}},"_links":{"self":[{"href":"https:\/\/www.fotolab.sk\/blog\/wp-json\/wp\/v2\/posts\/8504"}],"collection":[{"href":"https:\/\/www.fotolab.sk\/blog\/wp-json\/wp\/v2\/posts"}],"about":[{"href":"https:\/\/www.fotolab.sk\/blog\/wp-json\/wp\/v2\/types\/post"}],"author":[{"embeddable":true,"href":"https:\/\/www.fotolab.sk\/blog\/wp-json\/wp\/v2\/users\/6"}],"replies":[{"embeddable":true,"href":"https:\/\/www.fotolab.sk\/blog\/wp-json\/wp\/v2\/comments?post=8504"}],"version-history":[{"count":8,"href":"https:\/\/www.fotolab.sk\/blog\/wp-json\/wp\/v2\/posts\/8504\/revisions"}],"predecessor-version":[{"id":8566,"href":"https:\/\/www.fotolab.sk\/blog\/wp-json\/wp\/v2\/posts\/8504\/revisions\/8566"}],"wp:featuredmedia":[{"embeddable":true,"href":"https:\/\/www.fotolab.sk\/blog\/wp-json\/wp\/v2\/media\/8513"}],"wp:attachment":[{"href":"https:\/\/www.fotolab.sk\/blog\/wp-json\/wp\/v2\/media?parent=8504"}],"wp:term":[{"taxonomy":"category","embeddable":true,"href":"https:\/\/www.fotolab.sk\/blog\/wp-json\/wp\/v2\/categories?post=8504"},{"taxonomy":"post_tag","embeddable":true,"href":"https:\/\/www.fotolab.sk\/blog\/wp-json\/wp\/v2\/tags?post=8504"}],"curies":[{"name":"wp","href":"https:\/\/api.w.org\/{rel}","templated":true}]}}