
{"id":8354,"date":"2019-06-03T08:19:54","date_gmt":"2019-06-03T06:19:54","guid":{"rendered":"https:\/\/www.fotolab.sk\/blog\/?p=8354"},"modified":"2019-06-03T13:14:57","modified_gmt":"2019-06-03T11:14:57","slug":"krasne-fotky-s-vasim-domacim-milacikom","status":"publish","type":"post","link":"https:\/\/www.fotolab.sk\/blog\/krasne-fotky-s-vasim-domacim-milacikom\/","title":{"rendered":"Kr\u00e1sne fotky s va\u0161im dom\u00e1cim mil\u00e1\u010dikom"},"content":{"rendered":"<h5 style=\"text-align: justify;\">M\u00e1lo vec\u00ed n\u00e1m rozb\u00facha srdce r\u00fdchlej\u0161ie ako n\u00e1\u0161 \u0161tvornoh\u00fd mil\u00e1\u010dik. A niekoho, koho tak ve\u013emi \u013e\u00fabime, by sme chceli ma\u0165 na kr\u00e1snej fotografii, ktor\u00fa si m\u00f4\u017eeme zavesi\u0165 na stenu alebo postavi\u0165 na st\u00f4l do kancel\u00e1rie. Pre fotografku zvierat <a href=\"https:\/\/www.instagram.com\/regine_heuser\/?hl=en\" target=\"_blank\" rel=\"noopener noreferrer\">Regine Heuser<\/a> je jej profesia jej v\u00e1\u0161\u0148ou. Exkluz\u00edvne pre v\u00e1s, zostavila p\u00e4\u0165 tipov, v\u010faka ktor\u00fdm sa aj v\u00e1m vydaria skvel\u00e9 fotografie dom\u00e1ceho zvieratka. Ka\u017ed\u00fd, kto vlastn\u00ed fotoapar\u00e1t, ktor\u00fd umo\u017e\u0148uje manu\u00e1lne nastavenia, m\u00f4\u017ee svoje v\u00fdsledky zlep\u0161i\u0165 o nieko\u013eko \u00farovn\u00ed! Ve\u013ea z\u00e1bavy pri experimentovan\u00ed!<\/h5>\n<p style=\"text-align: justify;\"><span style=\"font-size: 18pt;\"><strong>Svojho mil\u00e1\u010dika fotografujte vo v\u00fd\u0161ke o\u010d\u00ed \u2013 alebo ni\u017e\u0161ie<\/strong><\/span><\/p>\n<p style=\"text-align: justify;\">Vo v\u0161eobecnosti pri fotografovan\u00ed psov a ma\u010diek plat\u00ed pravidlo &#8220;v\u017edy vo v\u00fd\u0161ke o\u010d\u00ed&#8221;.<\/p>\n<p style=\"text-align: justify;\"><a href=\"https:\/\/blog.fotolab.sk\/wp-content\/uploads\/2019\/05\/GettyImages-1028515842.jpg\" target=\"_blank\" rel=\"noopener noreferrer\"><img decoding=\"async\" loading=\"lazy\" class=\"alignnone wp-image-8355 size-large\" src=\"https:\/\/blog.fotolab.sk\/wp-content\/uploads\/2019\/05\/GettyImages-1028515842-1024x683.jpg\" alt=\"dog, fotenie psa CEWE\" width=\"770\" height=\"514\" srcset=\"https:\/\/blog.fotolab.sk\/wp-content\/uploads\/2019\/05\/GettyImages-1028515842-1024x683.jpg 1024w, https:\/\/blog.fotolab.sk\/wp-content\/uploads\/2019\/05\/GettyImages-1028515842-300x200.jpg 300w, https:\/\/blog.fotolab.sk\/wp-content\/uploads\/2019\/05\/GettyImages-1028515842-768x512.jpg 768w, https:\/\/blog.fotolab.sk\/wp-content\/uploads\/2019\/05\/GettyImages-1028515842-370x247.jpg 370w, https:\/\/blog.fotolab.sk\/wp-content\/uploads\/2019\/05\/GettyImages-1028515842-270x180.jpg 270w, https:\/\/blog.fotolab.sk\/wp-content\/uploads\/2019\/05\/GettyImages-1028515842-740x493.jpg 740w, https:\/\/blog.fotolab.sk\/wp-content\/uploads\/2019\/05\/GettyImages-1028515842.jpg 1500w\" sizes=\"(max-width: 770px) 100vw, 770px\" \/><\/a><\/p>\n<p style=\"text-align: justify;\">Pri ve\u013ek\u00fdch psoch v\u0161ak pokojne urobte v\u00fdnimku. Vysk\u00fa\u0161ajte fotenie z ni\u017e\u0161ej poz\u00edcie, napr\u00edklad v \u013eahu alebo v sede. V\u00e1\u0161 \u0161tvornoh\u00fd mil\u00e1\u010dik tak bude p\u00f4sobi\u0165 e\u0161te impozantnej\u0161ie a jeho fotografia e\u0161te p\u00fatavej\u0161ie.<\/p>\n<p style=\"text-align: justify;\"><strong><span style=\"font-size: 18pt;\">Pozadie &#8211; rovnako d\u00f4le\u017eit\u00e9 ako hlavn\u00fd mot\u00edv<\/span><\/strong><\/p>\n<p style=\"text-align: justify;\">Do svojej kompoz\u00edcie zahr\u0148te aj pozadie, aby ste mot\u00edv optim\u00e1lne dostali do stredobodu pozornosti. U\u017e pri poh\u013eade cez h\u013ead\u00e1\u010dik dajte pozor, aby sa na obr\u00e1zku nenach\u00e1dzali objekty, ktor\u00e9 p\u00f4sobia ru\u0161ivo. Vidno na pozad\u00ed napr\u00edklad domy \u010di ploty alebo strom, \u00a0ktor\u00fd by mohol nar\u00fa\u0161a\u0165 scen\u00e9riu?<\/p>\n<p style=\"text-align: justify;\"><a href=\"https:\/\/blog.fotolab.sk\/wp-content\/uploads\/2019\/05\/GettyImages-886232396.jpg\" target=\"_blank\" rel=\"noopener noreferrer\"><img decoding=\"async\" loading=\"lazy\" class=\"alignnone wp-image-8356 size-large\" src=\"https:\/\/blog.fotolab.sk\/wp-content\/uploads\/2019\/05\/GettyImages-886232396-768x1024.jpg\" alt=\"doggo, fotenie domaceho mila\u010dika CEWE\" width=\"768\" height=\"1024\" srcset=\"https:\/\/blog.fotolab.sk\/wp-content\/uploads\/2019\/05\/GettyImages-886232396-768x1024.jpg 768w, https:\/\/blog.fotolab.sk\/wp-content\/uploads\/2019\/05\/GettyImages-886232396-225x300.jpg 225w, https:\/\/blog.fotolab.sk\/wp-content\/uploads\/2019\/05\/GettyImages-886232396-370x493.jpg 370w, https:\/\/blog.fotolab.sk\/wp-content\/uploads\/2019\/05\/GettyImages-886232396-270x360.jpg 270w, https:\/\/blog.fotolab.sk\/wp-content\/uploads\/2019\/05\/GettyImages-886232396-740x987.jpg 740w, https:\/\/blog.fotolab.sk\/wp-content\/uploads\/2019\/05\/GettyImages-886232396.jpg 1500w\" sizes=\"(max-width: 768px) 100vw, 768px\" \/><\/a><\/p>\n<p style=\"text-align: justify;\">Ak chcete zvieratko fotografova\u0165 vo svojej z\u00e1hrade, aj tu si dajte pozor na harmonick\u00e9 pozadie. Neru\u0161\u00ed sc\u00e9nu napr\u00edklad z\u00e1hradn\u00fd n\u00e1bytok alebo dekora\u010dn\u00e9 predmety?<\/p>\n<p style=\"text-align: justify;\">Ak s fotografovan\u00edm e\u0161te len za\u010d\u00ednate, mo\u017eno m\u00e1te pocit, \u017ee mus\u00edte bra\u0165 do \u00favahy aj ve\u013ea &#8220;nov\u00fdch&#8221; vec\u00ed. \u010casto sa tak s\u00fastred\u00edte na hlavn\u00fd mot\u00edv, \u017ee v\u0161etko ostatn\u00e9 v h\u013ead\u00e1\u010diku v\u00f4bec nevn\u00edmate. To je norm\u00e1lne. Pok\u00faste sa u\u017e s\u00fastredi\u0165 aj na tak\u00e9to veci, aj ke\u010f zvierat\u00e1 fotografujete po prv\u00fd raz.<\/p>\n<p style=\"text-align: justify;\"><strong><span style=\"font-size: 18pt;\">Ide o svetlo<\/span><\/strong><\/p>\n<p style=\"text-align: justify;\">Na tom, v akom ro\u010dnom obdob\u00ed fotografujete, z\u00e1le\u017e\u00ed. Rozdielne postavenie slnka m\u00e1 ve\u013emi ve\u013ek\u00fd vplyv na sveteln\u00e9 podmienky na obr\u00e1zku. Fotografova\u0165 m\u00f4\u017eete v podstate v takmer ka\u017edej svetelnej situ\u00e1cii. V letn\u00fdch mesiacoch v\u0161ak rad\u0161ej vyu\u017eite rann\u00e9 hodiny alebo podve\u010der s m\u00e4kk\u00fdm svetlom.<\/p>\n<p style=\"text-align: justify;\"><a href=\"https:\/\/blog.fotolab.sk\/wp-content\/uploads\/2019\/05\/GettyImages-88163113.jpg\" target=\"_blank\" rel=\"noopener noreferrer\"><img decoding=\"async\" loading=\"lazy\" class=\"alignnone wp-image-8358 size-large\" src=\"https:\/\/blog.fotolab.sk\/wp-content\/uploads\/2019\/05\/GettyImages-88163113-1024x683.jpg\" alt=\"fotenie \" width=\"770\" height=\"514\" srcset=\"https:\/\/blog.fotolab.sk\/wp-content\/uploads\/2019\/05\/GettyImages-88163113-1024x683.jpg 1024w, https:\/\/blog.fotolab.sk\/wp-content\/uploads\/2019\/05\/GettyImages-88163113-300x200.jpg 300w, https:\/\/blog.fotolab.sk\/wp-content\/uploads\/2019\/05\/GettyImages-88163113-768x512.jpg 768w, https:\/\/blog.fotolab.sk\/wp-content\/uploads\/2019\/05\/GettyImages-88163113-370x247.jpg 370w, https:\/\/blog.fotolab.sk\/wp-content\/uploads\/2019\/05\/GettyImages-88163113-270x180.jpg 270w, https:\/\/blog.fotolab.sk\/wp-content\/uploads\/2019\/05\/GettyImages-88163113-740x493.jpg 740w, https:\/\/blog.fotolab.sk\/wp-content\/uploads\/2019\/05\/GettyImages-88163113.jpg 1500w\" sizes=\"(max-width: 770px) 100vw, 770px\" \/><\/a><\/p>\n<p style=\"text-align: justify;\">Ke\u010f v lete stoj\u00ed slnko ve\u013emi vysoko, na obed je svetlo pr\u00edli\u0161 tvrd\u00e9 a vznikaj\u00fa nepriazniv\u00e9 tiene. Pri ve\u013emi ostrom svetle navy\u0161e zvierat\u00e1 &#8211; rovnako ako \u013eudia &#8211; \u017em\u00faria o\u010di, \u010do nie je dobr\u00fd predpoklad pre atrakt\u00edvne portr\u00e9ty.<\/p>\n<p style=\"text-align: justify;\">Dbajte na to, aby ste slnko mali za chrbtom, okrem pr\u00edpadov, kedy chcete sn\u00edmky proti slnku vytv\u00e1ra\u0165 vedome.\u00a0 Okrem toho pri poh\u013eade cez h\u013ead\u00e1\u010dik dbajte v\u017edy aj na to, aby mal pes svetlo v oku. S odrazmi svetla v o\u010diach p\u00f4sobia psie portr\u00e9ty \u017eivo. Ve\u013emi kladne sa to prejav\u00ed najm\u00e4 u psov s ve\u013emi tmav\u00fdmi o\u010dami.<\/p>\n<p style=\"text-align: justify;\"><a href=\"https:\/\/blog.fotolab.sk\/wp-content\/uploads\/2019\/05\/GettyImages-1124455282.jpg\" target=\"_blank\" rel=\"noopener noreferrer\"><img decoding=\"async\" loading=\"lazy\" class=\"alignnone wp-image-8359 size-large\" src=\"https:\/\/blog.fotolab.sk\/wp-content\/uploads\/2019\/05\/GettyImages-1124455282-1024x683.jpg\" alt=\"CEWE dog travel, cestovanie fotenie pes\" width=\"770\" height=\"514\" srcset=\"https:\/\/blog.fotolab.sk\/wp-content\/uploads\/2019\/05\/GettyImages-1124455282-1024x683.jpg 1024w, https:\/\/blog.fotolab.sk\/wp-content\/uploads\/2019\/05\/GettyImages-1124455282-300x200.jpg 300w, https:\/\/blog.fotolab.sk\/wp-content\/uploads\/2019\/05\/GettyImages-1124455282-768x512.jpg 768w, https:\/\/blog.fotolab.sk\/wp-content\/uploads\/2019\/05\/GettyImages-1124455282-370x247.jpg 370w, https:\/\/blog.fotolab.sk\/wp-content\/uploads\/2019\/05\/GettyImages-1124455282-270x180.jpg 270w, https:\/\/blog.fotolab.sk\/wp-content\/uploads\/2019\/05\/GettyImages-1124455282-740x493.jpg 740w, https:\/\/blog.fotolab.sk\/wp-content\/uploads\/2019\/05\/GettyImages-1124455282.jpg 1500w\" sizes=\"(max-width: 770px) 100vw, 770px\" \/><\/a><\/p>\n<p style=\"text-align: justify;\"><span style=\"font-size: 18pt;\"><strong>Odv\u00e1\u017ete sa prekona\u0165 automatiku!<\/strong><\/span><\/p>\n<p style=\"text-align: justify;\">S\u00fa fotoapar\u00e1ty so &#8220;\u0161portov\u00fdm programov&#8221;, ktor\u00fd sa d\u00e1 pou\u017ei\u0165 pre pohybliv\u00e9 mot\u00edvy. \u017dia\u013e, v\u00fdsledky s\u00fa \u010dasto v\u0161elijak\u00e9, len nie uspokojiv\u00e9. Rad\u0161ej experimentujte sami s hodnotou ISO a zaostrovan\u00edm.<\/p>\n<p style=\"text-align: justify;\">Hodnota ISO:<\/p>\n<p style=\"text-align: justify;\">Fotoapar\u00e1t nastavuje v &#8220;\u0161portovom programe&#8221;\u00a0 hodnotu ISO* vo v\u0161eobecnosti na vysok\u00fa hodnotu (napr. ISO 400), a to aj pri jasnom svetle. Vysok\u00e1 hodnota je v slne\u010dn\u00fd de\u0148 v pr\u00edpade bieleho psa absol\u00fatne nepotrebn\u00e1 a v z\u00e1vislosti od modelu fotoapar\u00e1tu by negat\u00edvne ovplyvnila aj kvalitu sn\u00edmky. S\u00fa modely fotoapar\u00e1tov, ktor\u00e9 u\u017e od hodnoty ISO 400 sp\u00f4sobia ne\u017eelan\u00e9 \u0161umenie obrazu.<\/p>\n<p style=\"text-align: justify;\"><a href=\"https:\/\/blog.fotolab.sk\/wp-content\/uploads\/2019\/05\/GettyImages-978539904.jpg\" target=\"_blank\" rel=\"noopener noreferrer\"><img decoding=\"async\" loading=\"lazy\" class=\"alignnone wp-image-8362 size-large\" src=\"https:\/\/blog.fotolab.sk\/wp-content\/uploads\/2019\/05\/GettyImages-978539904-1024x683.jpg\" alt=\"fotenie zvierat, CEWE\" width=\"770\" height=\"514\" srcset=\"https:\/\/blog.fotolab.sk\/wp-content\/uploads\/2019\/05\/GettyImages-978539904-1024x683.jpg 1024w, https:\/\/blog.fotolab.sk\/wp-content\/uploads\/2019\/05\/GettyImages-978539904-300x200.jpg 300w, https:\/\/blog.fotolab.sk\/wp-content\/uploads\/2019\/05\/GettyImages-978539904-768x512.jpg 768w, https:\/\/blog.fotolab.sk\/wp-content\/uploads\/2019\/05\/GettyImages-978539904-370x247.jpg 370w, https:\/\/blog.fotolab.sk\/wp-content\/uploads\/2019\/05\/GettyImages-978539904-270x180.jpg 270w, https:\/\/blog.fotolab.sk\/wp-content\/uploads\/2019\/05\/GettyImages-978539904-740x493.jpg 740w, https:\/\/blog.fotolab.sk\/wp-content\/uploads\/2019\/05\/GettyImages-978539904.jpg 1500w\" sizes=\"(max-width: 770px) 100vw, 770px\" \/><\/a><\/p>\n<p style=\"text-align: justify;\">Ak chcete zachyti\u0165 nejak\u00fa konkr\u00e9tnu sveteln\u00fa n\u00e1ladu s mal\u00fdm mno\u017estvom svetla, s automatick\u00fdmi programami sa v\u00e1m nepodar\u00ed dosiahnu\u0165 dobr\u00e9 v\u00fdsledky. \u010casto sa automaticky spust\u00ed intern\u00fd blesk, \u010d\u00edm sa zni\u010d\u00ed sveteln\u00e1 n\u00e1lada. Rad\u0161ej si na t\u00fato situ\u00e1ciu s osvetlen\u00edm posvie\u0165te sami a vysk\u00fa\u0161ajte si r\u00f4zne hodnoty ISO. Ak napr\u00edklad v lese cez stromy prech\u00e1dza len m\u00e1lo svetla, z\u00edskate ve\u013emi p\u00f4sobiv\u00e9 a \u010diasto\u010dne aj mystick\u00e9 sn\u00edmky V\u00e1\u0161ho mil\u00e1\u010dika.<\/p>\n<p style=\"text-align: justify;\">* Hodnota ISO opisuje fotosenzitivitu sn\u00edma\u010da obrazu<\/p>\n<p style=\"text-align: justify;\"><strong><span style=\"font-size: 18pt;\">Zameranie<\/span><\/strong><\/p>\n<p style=\"text-align: justify;\">V automatickom re\u017eime sa fotoapar\u00e1t s\u00e1m rozhodne, kde je potrebn\u00e1 ostros\u0165. Pritom zohr\u00e1va \u00falohu rozsah kontrastu a vzdialenos\u0165 mot\u00edvu. Iste ste u\u017e niekedy zistili, \u017ee pri pou\u017e\u00edvan\u00ed r\u00f4znych automatick\u00fdch programov vid\u00edte v h\u013ead\u00e1\u010diku viacero ohniskov\u00fdch bodov, ktor\u00e9 divoko preskakuj\u00fa sem a tam. Po \u010dase za\u010dujete potvrdzuj\u00faci t\u00f3n a fotoapar\u00e1t signalizuje, \u017ee na\u0161iel nie\u010do, na \u010do sa d\u00e1 zamera\u0165. \u010casto to v\u0161ak \u017eia\u013e nie je to, na \u010do by ste na sn\u00edmke chceli zaostri\u0165 vy.<\/p>\n<p style=\"text-align: justify;\"><a href=\"https:\/\/blog.fotolab.sk\/wp-content\/uploads\/2019\/05\/ThinkstockPhotos-482166716.jpg\" target=\"_blank\" rel=\"noopener noreferrer\"><img decoding=\"async\" loading=\"lazy\" class=\"alignnone wp-image-8361 size-large\" src=\"https:\/\/blog.fotolab.sk\/wp-content\/uploads\/2019\/05\/ThinkstockPhotos-482166716-1024x683.jpg\" alt=\"fotenie psa, CEWE\" width=\"770\" height=\"514\" srcset=\"https:\/\/blog.fotolab.sk\/wp-content\/uploads\/2019\/05\/ThinkstockPhotos-482166716-1024x683.jpg 1024w, https:\/\/blog.fotolab.sk\/wp-content\/uploads\/2019\/05\/ThinkstockPhotos-482166716-300x200.jpg 300w, https:\/\/blog.fotolab.sk\/wp-content\/uploads\/2019\/05\/ThinkstockPhotos-482166716-768x513.jpg 768w, https:\/\/blog.fotolab.sk\/wp-content\/uploads\/2019\/05\/ThinkstockPhotos-482166716-370x247.jpg 370w, https:\/\/blog.fotolab.sk\/wp-content\/uploads\/2019\/05\/ThinkstockPhotos-482166716-270x180.jpg 270w, https:\/\/blog.fotolab.sk\/wp-content\/uploads\/2019\/05\/ThinkstockPhotos-482166716-740x494.jpg 740w, https:\/\/blog.fotolab.sk\/wp-content\/uploads\/2019\/05\/ThinkstockPhotos-482166716.jpg 1500w\" sizes=\"(max-width: 770px) 100vw, 770px\" \/><\/a><\/p>\n<p style=\"text-align: justify;\">Pri portr\u00e9toch psov \u010dasto v\u00eddame, \u017ee je ich nos je bodavo ostr\u00fd a o\u010di pl\u00e1vaj\u00fa v neostrosti. St\u00e1va sa to preto, lebo fotoapar\u00e1t h\u013ead\u00e1 nie\u010do kontrastnej\u0161ie a nie\u010do, \u010do je ako \u010fal\u0161ie bl\u00edzko k \u0161o\u0161ovke. Preto si v\u017edy vyberte pole zaostrenia manu\u00e1l a pri poh\u013eade cez h\u013ead\u00e1\u010dik ho umiestnite na oko psa, aby ste dosiahli dokonal\u00fa ostros\u0165.<\/p>\n<p style=\"text-align: justify;\">Ak teda m\u00e1te amb\u00edcie a chcete fotografova\u0165 kreat\u00edvne, prepnite fotoapar\u00e1t na manu\u00e1lny re\u017eim &#8220;M&#8221;!<\/p>\n<hr \/>\n<p>&nbsp;<\/p>\n","protected":false},"excerpt":{"rendered":"<p>M\u00e1lo vec\u00ed n\u00e1m rozb\u00facha srdce r\u00fdchlej\u0161ie ako n\u00e1\u0161 \u0161tvornoh\u00fd mil\u00e1\u010dik. A niekoho, koho tak ve\u013emi \u013e\u00fabime, by sme chceli ma\u0165 na kr\u00e1snej fotografii, ktor\u00fa si m\u00f4\u017eeme zavesi\u0165 na stenu alebo postavi\u0165 na st\u00f4l do kancel\u00e1rie. Pre fotografku zvierat Regine Heuser je jej profesia jej v\u00e1\u0161\u0148ou. Exkluz\u00edvne pre v\u00e1s, zostavila p\u00e4\u0165 tipov, v\u010faka ktor\u00fdm sa aj [&hellip;]<\/p>\n","protected":false},"author":6,"featured_media":8359,"comment_status":"open","ping_status":"open","sticky":false,"template":"","format":"standard","meta":[],"categories":[50,52],"tags":[96,111,112,95,108,91,177],"yoast_head":"<!-- This site is optimized with the Yoast SEO plugin v19.1 - https:\/\/yoast.com\/wordpress\/plugins\/seo\/ -->\n<title>Kr\u00e1sne fotky s va\u0161im dom\u00e1cim mil\u00e1\u010dikom - CEWE Fotolab blog<\/title>\n<meta name=\"description\" content=\"Zostavili sme p\u00e4\u0165 tipov, v\u010faka ktor\u00fdm sa v\u00e1m vydaria skvel\u00e9 fotografie dom\u00e1ceho zvieratka. Ka\u017ed\u00fd, kto vlastn\u00ed fotoapar\u00e1t, ktor\u00fd umo\u017e\u0148uje manu\u00e1lne nastavenia, m\u00f4\u017ee svoje v\u00fdsledky zlep\u0161i\u0165 o nieko\u013eko \u00farovn\u00ed! Ve\u013ea z\u00e1bavy pri experimentovan\u00ed!\" \/>\n<meta name=\"robots\" content=\"index, follow, max-snippet:-1, max-image-preview:large, max-video-preview:-1\" \/>\n<link rel=\"canonical\" href=\"https:\/\/www.fotolab.sk\/blog\/krasne-fotky-s-vasim-domacim-milacikom\/\" \/>\n<meta property=\"og:locale\" content=\"sk_SK\" \/>\n<meta property=\"og:type\" content=\"article\" \/>\n<meta property=\"og:title\" content=\"Kr\u00e1sne fotky s va\u0161im dom\u00e1cim mil\u00e1\u010dikom - CEWE Fotolab blog\" \/>\n<meta property=\"og:description\" content=\"Zostavili sme p\u00e4\u0165 tipov, v\u010faka ktor\u00fdm sa v\u00e1m vydaria skvel\u00e9 fotografie dom\u00e1ceho zvieratka. Ka\u017ed\u00fd, kto vlastn\u00ed fotoapar\u00e1t, ktor\u00fd umo\u017e\u0148uje manu\u00e1lne nastavenia, m\u00f4\u017ee svoje v\u00fdsledky zlep\u0161i\u0165 o nieko\u013eko \u00farovn\u00ed! Ve\u013ea z\u00e1bavy pri experimentovan\u00ed!\" \/>\n<meta property=\"og:url\" content=\"https:\/\/www.fotolab.sk\/blog\/krasne-fotky-s-vasim-domacim-milacikom\/\" \/>\n<meta property=\"og:site_name\" content=\"CEWE Fotolab blog\" \/>\n<meta property=\"article:published_time\" content=\"2019-06-03T06:19:54+00:00\" \/>\n<meta property=\"article:modified_time\" content=\"2019-06-03T11:14:57+00:00\" \/>\n<meta property=\"og:image\" content=\"https:\/\/blog.fotolab.sk\/wp-content\/uploads\/2019\/05\/GettyImages-1124455282.jpg\" \/>\n\t<meta property=\"og:image:width\" content=\"1500\" \/>\n\t<meta property=\"og:image:height\" content=\"1000\" \/>\n\t<meta property=\"og:image:type\" content=\"image\/jpeg\" \/>\n<meta name=\"twitter:label1\" content=\"Autor:\" \/>\n\t<meta name=\"twitter:data1\" content=\"Sofia K\u00f3sov\u00e1\" \/>\n\t<meta name=\"twitter:label2\" content=\"Predpokladan\u00fd \u010das \u010d\u00edtania\" \/>\n\t<meta name=\"twitter:data2\" content=\"5 min\u00fat\" \/>\n<script type=\"application\/ld+json\" class=\"yoast-schema-graph\">{\"@context\":\"https:\/\/schema.org\",\"@graph\":[{\"@type\":\"WebSite\",\"@id\":\"https:\/\/www.fotolab.sk\/blog\/#website\",\"url\":\"https:\/\/www.fotolab.sk\/blog\/\",\"name\":\"CEWE Fotolab blog\",\"description\":\"Blog ur\u010den\u00fd pre fan\u00fa\u0161ikov fotografie a sveta okolo nej.\",\"potentialAction\":[{\"@type\":\"SearchAction\",\"target\":{\"@type\":\"EntryPoint\",\"urlTemplate\":\"https:\/\/www.fotolab.sk\/blog\/?s={search_term_string}\"},\"query-input\":\"required name=search_term_string\"}],\"inLanguage\":\"sk-SK\"},{\"@type\":\"ImageObject\",\"inLanguage\":\"sk-SK\",\"@id\":\"https:\/\/www.fotolab.sk\/blog\/krasne-fotky-s-vasim-domacim-milacikom\/#primaryimage\",\"url\":\"https:\/\/blog.fotolab.sk\/wp-content\/uploads\/2019\/05\/GettyImages-1124455282.jpg\",\"contentUrl\":\"https:\/\/blog.fotolab.sk\/wp-content\/uploads\/2019\/05\/GettyImages-1124455282.jpg\",\"width\":1500,\"height\":1000,\"caption\":\"CEWE dog travel, cestovanie fotenie pes\"},{\"@type\":\"WebPage\",\"@id\":\"https:\/\/www.fotolab.sk\/blog\/krasne-fotky-s-vasim-domacim-milacikom\/#webpage\",\"url\":\"https:\/\/www.fotolab.sk\/blog\/krasne-fotky-s-vasim-domacim-milacikom\/\",\"name\":\"Kr\u00e1sne fotky s va\u0161im dom\u00e1cim mil\u00e1\u010dikom - CEWE Fotolab blog\",\"isPartOf\":{\"@id\":\"https:\/\/www.fotolab.sk\/blog\/#website\"},\"primaryImageOfPage\":{\"@id\":\"https:\/\/www.fotolab.sk\/blog\/krasne-fotky-s-vasim-domacim-milacikom\/#primaryimage\"},\"datePublished\":\"2019-06-03T06:19:54+00:00\",\"dateModified\":\"2019-06-03T11:14:57+00:00\",\"author\":{\"@id\":\"https:\/\/www.fotolab.sk\/blog\/#\/schema\/person\/5c45b2654fe06ead944eda8a67b3429a\"},\"description\":\"Zostavili sme p\u00e4\u0165 tipov, v\u010faka ktor\u00fdm sa v\u00e1m vydaria skvel\u00e9 fotografie dom\u00e1ceho zvieratka. Ka\u017ed\u00fd, kto vlastn\u00ed fotoapar\u00e1t, ktor\u00fd umo\u017e\u0148uje manu\u00e1lne nastavenia, m\u00f4\u017ee svoje v\u00fdsledky zlep\u0161i\u0165 o nieko\u013eko \u00farovn\u00ed! Ve\u013ea z\u00e1bavy pri experimentovan\u00ed!\",\"breadcrumb\":{\"@id\":\"https:\/\/www.fotolab.sk\/blog\/krasne-fotky-s-vasim-domacim-milacikom\/#breadcrumb\"},\"inLanguage\":\"sk-SK\",\"potentialAction\":[{\"@type\":\"ReadAction\",\"target\":[\"https:\/\/www.fotolab.sk\/blog\/krasne-fotky-s-vasim-domacim-milacikom\/\"]}]},{\"@type\":\"BreadcrumbList\",\"@id\":\"https:\/\/www.fotolab.sk\/blog\/krasne-fotky-s-vasim-domacim-milacikom\/#breadcrumb\",\"itemListElement\":[{\"@type\":\"ListItem\",\"position\":1,\"name\":\"Home\",\"item\":\"https:\/\/www.fotolab.sk\/blog\/\"},{\"@type\":\"ListItem\",\"position\":2,\"name\":\"Kr\u00e1sne fotky s va\u0161im dom\u00e1cim mil\u00e1\u010dikom\"}]},{\"@type\":\"Person\",\"@id\":\"https:\/\/www.fotolab.sk\/blog\/#\/schema\/person\/5c45b2654fe06ead944eda8a67b3429a\",\"name\":\"Sofia K\u00f3sov\u00e1\",\"image\":{\"@type\":\"ImageObject\",\"inLanguage\":\"sk-SK\",\"@id\":\"https:\/\/www.fotolab.sk\/blog\/#\/schema\/person\/image\/\",\"url\":\"https:\/\/secure.gravatar.com\/avatar\/2d883d1a9b113102ca9dc04869e4d2aa?s=96&d=mm&r=g\",\"contentUrl\":\"https:\/\/secure.gravatar.com\/avatar\/2d883d1a9b113102ca9dc04869e4d2aa?s=96&d=mm&r=g\",\"caption\":\"Sofia K\u00f3sov\u00e1\"},\"description\":\"Milujem cestovanie, objavovanie nov\u00fdch miest a zachyt\u00e1vania \u010dara okamihu prostredn\u00edctvom fotoapar\u00e1tu. Okrem toho preferujem kreat\u00edvne n\u00e1pady na vystavenie fotografii.\",\"url\":\"https:\/\/www.fotolab.sk\/blog\/author\/sofia\/\"}]}<\/script>\n<!-- \/ Yoast SEO plugin. -->","yoast_head_json":{"title":"Kr\u00e1sne fotky s va\u0161im dom\u00e1cim mil\u00e1\u010dikom - CEWE Fotolab blog","description":"Zostavili sme p\u00e4\u0165 tipov, v\u010faka ktor\u00fdm sa v\u00e1m vydaria skvel\u00e9 fotografie dom\u00e1ceho zvieratka. Ka\u017ed\u00fd, kto vlastn\u00ed fotoapar\u00e1t, ktor\u00fd umo\u017e\u0148uje manu\u00e1lne nastavenia, m\u00f4\u017ee svoje v\u00fdsledky zlep\u0161i\u0165 o nieko\u013eko \u00farovn\u00ed! Ve\u013ea z\u00e1bavy pri experimentovan\u00ed!","robots":{"index":"index","follow":"follow","max-snippet":"max-snippet:-1","max-image-preview":"max-image-preview:large","max-video-preview":"max-video-preview:-1"},"canonical":"https:\/\/www.fotolab.sk\/blog\/krasne-fotky-s-vasim-domacim-milacikom\/","og_locale":"sk_SK","og_type":"article","og_title":"Kr\u00e1sne fotky s va\u0161im dom\u00e1cim mil\u00e1\u010dikom - CEWE Fotolab blog","og_description":"Zostavili sme p\u00e4\u0165 tipov, v\u010faka ktor\u00fdm sa v\u00e1m vydaria skvel\u00e9 fotografie dom\u00e1ceho zvieratka. Ka\u017ed\u00fd, kto vlastn\u00ed fotoapar\u00e1t, ktor\u00fd umo\u017e\u0148uje manu\u00e1lne nastavenia, m\u00f4\u017ee svoje v\u00fdsledky zlep\u0161i\u0165 o nieko\u013eko \u00farovn\u00ed! Ve\u013ea z\u00e1bavy pri experimentovan\u00ed!","og_url":"https:\/\/www.fotolab.sk\/blog\/krasne-fotky-s-vasim-domacim-milacikom\/","og_site_name":"CEWE Fotolab blog","article_published_time":"2019-06-03T06:19:54+00:00","article_modified_time":"2019-06-03T11:14:57+00:00","og_image":[{"width":1500,"height":1000,"url":"https:\/\/blog.fotolab.sk\/wp-content\/uploads\/2019\/05\/GettyImages-1124455282.jpg","type":"image\/jpeg"}],"twitter_misc":{"Autor:":"Sofia K\u00f3sov\u00e1","Predpokladan\u00fd \u010das \u010d\u00edtania":"5 min\u00fat"},"schema":{"@context":"https:\/\/schema.org","@graph":[{"@type":"WebSite","@id":"https:\/\/www.fotolab.sk\/blog\/#website","url":"https:\/\/www.fotolab.sk\/blog\/","name":"CEWE Fotolab blog","description":"Blog ur\u010den\u00fd pre fan\u00fa\u0161ikov fotografie a sveta okolo nej.","potentialAction":[{"@type":"SearchAction","target":{"@type":"EntryPoint","urlTemplate":"https:\/\/www.fotolab.sk\/blog\/?s={search_term_string}"},"query-input":"required name=search_term_string"}],"inLanguage":"sk-SK"},{"@type":"ImageObject","inLanguage":"sk-SK","@id":"https:\/\/www.fotolab.sk\/blog\/krasne-fotky-s-vasim-domacim-milacikom\/#primaryimage","url":"https:\/\/blog.fotolab.sk\/wp-content\/uploads\/2019\/05\/GettyImages-1124455282.jpg","contentUrl":"https:\/\/blog.fotolab.sk\/wp-content\/uploads\/2019\/05\/GettyImages-1124455282.jpg","width":1500,"height":1000,"caption":"CEWE dog travel, cestovanie fotenie pes"},{"@type":"WebPage","@id":"https:\/\/www.fotolab.sk\/blog\/krasne-fotky-s-vasim-domacim-milacikom\/#webpage","url":"https:\/\/www.fotolab.sk\/blog\/krasne-fotky-s-vasim-domacim-milacikom\/","name":"Kr\u00e1sne fotky s va\u0161im dom\u00e1cim mil\u00e1\u010dikom - CEWE Fotolab blog","isPartOf":{"@id":"https:\/\/www.fotolab.sk\/blog\/#website"},"primaryImageOfPage":{"@id":"https:\/\/www.fotolab.sk\/blog\/krasne-fotky-s-vasim-domacim-milacikom\/#primaryimage"},"datePublished":"2019-06-03T06:19:54+00:00","dateModified":"2019-06-03T11:14:57+00:00","author":{"@id":"https:\/\/www.fotolab.sk\/blog\/#\/schema\/person\/5c45b2654fe06ead944eda8a67b3429a"},"description":"Zostavili sme p\u00e4\u0165 tipov, v\u010faka ktor\u00fdm sa v\u00e1m vydaria skvel\u00e9 fotografie dom\u00e1ceho zvieratka. Ka\u017ed\u00fd, kto vlastn\u00ed fotoapar\u00e1t, ktor\u00fd umo\u017e\u0148uje manu\u00e1lne nastavenia, m\u00f4\u017ee svoje v\u00fdsledky zlep\u0161i\u0165 o nieko\u013eko \u00farovn\u00ed! Ve\u013ea z\u00e1bavy pri experimentovan\u00ed!","breadcrumb":{"@id":"https:\/\/www.fotolab.sk\/blog\/krasne-fotky-s-vasim-domacim-milacikom\/#breadcrumb"},"inLanguage":"sk-SK","potentialAction":[{"@type":"ReadAction","target":["https:\/\/www.fotolab.sk\/blog\/krasne-fotky-s-vasim-domacim-milacikom\/"]}]},{"@type":"BreadcrumbList","@id":"https:\/\/www.fotolab.sk\/blog\/krasne-fotky-s-vasim-domacim-milacikom\/#breadcrumb","itemListElement":[{"@type":"ListItem","position":1,"name":"Home","item":"https:\/\/www.fotolab.sk\/blog\/"},{"@type":"ListItem","position":2,"name":"Kr\u00e1sne fotky s va\u0161im dom\u00e1cim mil\u00e1\u010dikom"}]},{"@type":"Person","@id":"https:\/\/www.fotolab.sk\/blog\/#\/schema\/person\/5c45b2654fe06ead944eda8a67b3429a","name":"Sofia K\u00f3sov\u00e1","image":{"@type":"ImageObject","inLanguage":"sk-SK","@id":"https:\/\/www.fotolab.sk\/blog\/#\/schema\/person\/image\/","url":"https:\/\/secure.gravatar.com\/avatar\/2d883d1a9b113102ca9dc04869e4d2aa?s=96&d=mm&r=g","contentUrl":"https:\/\/secure.gravatar.com\/avatar\/2d883d1a9b113102ca9dc04869e4d2aa?s=96&d=mm&r=g","caption":"Sofia K\u00f3sov\u00e1"},"description":"Milujem cestovanie, objavovanie nov\u00fdch miest a zachyt\u00e1vania \u010dara okamihu prostredn\u00edctvom fotoapar\u00e1tu. Okrem toho preferujem kreat\u00edvne n\u00e1pady na vystavenie fotografii.","url":"https:\/\/www.fotolab.sk\/blog\/author\/sofia\/"}]}},"_links":{"self":[{"href":"https:\/\/www.fotolab.sk\/blog\/wp-json\/wp\/v2\/posts\/8354"}],"collection":[{"href":"https:\/\/www.fotolab.sk\/blog\/wp-json\/wp\/v2\/posts"}],"about":[{"href":"https:\/\/www.fotolab.sk\/blog\/wp-json\/wp\/v2\/types\/post"}],"author":[{"embeddable":true,"href":"https:\/\/www.fotolab.sk\/blog\/wp-json\/wp\/v2\/users\/6"}],"replies":[{"embeddable":true,"href":"https:\/\/www.fotolab.sk\/blog\/wp-json\/wp\/v2\/comments?post=8354"}],"version-history":[{"count":5,"href":"https:\/\/www.fotolab.sk\/blog\/wp-json\/wp\/v2\/posts\/8354\/revisions"}],"predecessor-version":[{"id":8494,"href":"https:\/\/www.fotolab.sk\/blog\/wp-json\/wp\/v2\/posts\/8354\/revisions\/8494"}],"wp:featuredmedia":[{"embeddable":true,"href":"https:\/\/www.fotolab.sk\/blog\/wp-json\/wp\/v2\/media\/8359"}],"wp:attachment":[{"href":"https:\/\/www.fotolab.sk\/blog\/wp-json\/wp\/v2\/media?parent=8354"}],"wp:term":[{"taxonomy":"category","embeddable":true,"href":"https:\/\/www.fotolab.sk\/blog\/wp-json\/wp\/v2\/categories?post=8354"},{"taxonomy":"post_tag","embeddable":true,"href":"https:\/\/www.fotolab.sk\/blog\/wp-json\/wp\/v2\/tags?post=8354"}],"curies":[{"name":"wp","href":"https:\/\/api.w.org\/{rel}","templated":true}]}}