
{"id":8237,"date":"2019-04-18T08:21:29","date_gmt":"2019-04-18T06:21:29","guid":{"rendered":"https:\/\/www.fotolab.sk\/blog\/?p=8237"},"modified":"2019-04-15T15:22:40","modified_gmt":"2019-04-15T13:22:40","slug":"pat-tipov-na-posobive-momentky","status":"publish","type":"post","link":"https:\/\/www.fotolab.sk\/blog\/pat-tipov-na-posobive-momentky\/","title":{"rendered":"P\u00e4\u0165 tipov na p\u00f4sobiv\u00e9 momentky"},"content":{"rendered":"<h5><a href=\"https:\/\/blog.fotolab.sk\/wp-content\/uploads\/2019\/04\/pimpinella.jpg\"><img decoding=\"async\" loading=\"lazy\" class=\"size-full wp-image-8238 alignleft\" src=\"https:\/\/blog.fotolab.sk\/wp-content\/uploads\/2019\/04\/pimpinella.jpg\" alt=\"\" width=\"171\" height=\"207\" \/><\/a><\/h5>\n<h5><\/h5>\n<h5><\/h5>\n<h5><span style=\"font-size: 10pt;\">Blogerka Nic Huldebrandt stoj\u00ed za blogom <a href=\"https:\/\/www.luziapimpinella.com\/\" target=\"_blank\" rel=\"noopener noreferrer\">LuziaPimpinella.com<\/a> a ve\u013emi rada fot\u00ed.<\/span><\/h5>\n<h5><span style=\"font-size: 10pt;\"> Preto sme ju poprosili nech n\u00e1m prezrad\u00ed svoje ob\u013e\u00faben\u00e9 tipy na p\u00f4sobiv\u00e9 momentky.<\/span><\/h5>\n<p>&nbsp;<\/p>\n<p>&nbsp;<\/p>\n<p>Ke\u010f si do ruky vezmem fotoapar\u00e1t, \u010dasto s\u00fa to pr\u00e1ve tie letm\u00e9, mali\u010dk\u00e9 momenty, ktor\u00e9 by som chcela zachyti\u0165, aby sa u\u017e nikdy nestratili. Lebo, bu\u010fme \u00faprimn\u00ed: Nie je to tak, \u017ee tieto ka\u017edodenn\u00e9 mali\u010dkosti potrebuj\u00fa ove\u013ea viac \u00fasilia, aby sme si na ne spomenuli ako na ve\u013ek\u00e9 udalosti v \u017eivote rodiny?<\/p>\n<p><a href=\"https:\/\/blog.fotolab.sk\/wp-content\/uploads\/2019\/04\/luzia-pimpinella-alltagsfotografie-041.jpg\" target=\"_blank\" rel=\"noopener noreferrer\"><img decoding=\"async\" loading=\"lazy\" class=\"alignnone wp-image-8243 size-full\" src=\"https:\/\/blog.fotolab.sk\/wp-content\/uploads\/2019\/04\/luzia-pimpinella-alltagsfotografie-041.jpg\" alt=\"\" width=\"429\" height=\"286\" srcset=\"https:\/\/blog.fotolab.sk\/wp-content\/uploads\/2019\/04\/luzia-pimpinella-alltagsfotografie-041.jpg 429w, https:\/\/blog.fotolab.sk\/wp-content\/uploads\/2019\/04\/luzia-pimpinella-alltagsfotografie-041-300x200.jpg 300w, https:\/\/blog.fotolab.sk\/wp-content\/uploads\/2019\/04\/luzia-pimpinella-alltagsfotografie-041-370x247.jpg 370w, https:\/\/blog.fotolab.sk\/wp-content\/uploads\/2019\/04\/luzia-pimpinella-alltagsfotografie-041-270x180.jpg 270w\" sizes=\"(max-width: 429px) 100vw, 429px\" \/><\/a><\/p>\n<p>Spomenuli by sme si bez fotiek na kriedov\u00fa kresbu pred dverami domu, \u010do sme kreslili pred Ve\u013ekou nocou, ktor\u00fa kr\u00e1tko po dokon\u010den\u00ed zmyl d\u00e1\u017e\u010f? Na ten n\u00e1dhern\u00fd jarn\u00fd de\u0148 na l\u00fake s margar\u00e9tkami v parku alebo na pr\u00edjemn\u00e9 hodiny \u010d\u00edtania u v\u00e1s doma? Ak tieto momenty zachyt\u00edme fotoapar\u00e1tom, zachyt\u00edme v\u017edy aj trochu zo skuto\u010dn\u00e9ho \u010dara n\u00e1\u0161ho \u017eivota.<\/p>\n<p><a href=\"https:\/\/blog.fotolab.sk\/wp-content\/uploads\/2019\/04\/luziapimpinella_Momentchenmal_CeweFotokolumne_EverydayShots_Lesestunde.jpg\" target=\"_blank\" rel=\"noopener noreferrer\"><img decoding=\"async\" loading=\"lazy\" class=\"alignnone wp-image-8246 size-full\" src=\"https:\/\/blog.fotolab.sk\/wp-content\/uploads\/2019\/04\/luziapimpinella_Momentchenmal_CeweFotokolumne_EverydayShots_Lesestunde.jpg\" alt=\"\" width=\"1000\" height=\"664\" srcset=\"https:\/\/blog.fotolab.sk\/wp-content\/uploads\/2019\/04\/luziapimpinella_Momentchenmal_CeweFotokolumne_EverydayShots_Lesestunde.jpg 1000w, https:\/\/blog.fotolab.sk\/wp-content\/uploads\/2019\/04\/luziapimpinella_Momentchenmal_CeweFotokolumne_EverydayShots_Lesestunde-300x199.jpg 300w, https:\/\/blog.fotolab.sk\/wp-content\/uploads\/2019\/04\/luziapimpinella_Momentchenmal_CeweFotokolumne_EverydayShots_Lesestunde-768x510.jpg 768w, https:\/\/blog.fotolab.sk\/wp-content\/uploads\/2019\/04\/luziapimpinella_Momentchenmal_CeweFotokolumne_EverydayShots_Lesestunde-370x246.jpg 370w, https:\/\/blog.fotolab.sk\/wp-content\/uploads\/2019\/04\/luziapimpinella_Momentchenmal_CeweFotokolumne_EverydayShots_Lesestunde-270x179.jpg 270w, https:\/\/blog.fotolab.sk\/wp-content\/uploads\/2019\/04\/luziapimpinella_Momentchenmal_CeweFotokolumne_EverydayShots_Lesestunde-740x491.jpg 740w\" sizes=\"(max-width: 1000px) 100vw, 1000px\" \/><\/a><\/p>\n<p>Mno\u017estvo drobn\u00fdch momentiek dokumentuje v\u00e1\u0161 \u017eivot. Pre\u010do by sa mali pova\u013eova\u0165 na pevnom disku a v po\u010d\u00edta\u010di? Urobte si rados\u0165 ro\u010denkou svojho rodinn\u00e9ho \u017eivota alebo ju darujte \u013eu\u010fom, ktor\u00fdch \u013e\u00fabite. Som si ist\u00e1, \u017ee najm\u00e4 star\u00e1 mama a star\u00fd otec sa bud\u00fa te\u0161i\u0165 z tak\u00e9hoto prekvapenia v podobe <a href=\"https:\/\/www.cewe.sk\/cewe-fotokniha.html\" target=\"_blank\" rel=\"noopener noreferrer\">fotoknihy<\/a>. Pre zachytenie mali\u010dkost\u00ed z ka\u017edodenn\u00e9ho \u017eivota pomocou fotoapar\u00e1tu by som mala e\u0161te zop\u00e1r osobn\u00fdch fototipov.<\/p>\n<ul>\n<li>Majte svoj fotoapar\u00e1t v\u017edy poruke, pripraven\u00fd na fotografovanie, a pokojne ho nech\u00e1vajte v automatickom re\u017eime! Ak chcete zachyti\u0165 nezinscenovan\u00e9 chv\u00edle, naozaj &#8220;candid moments&#8221;, mus\u00edte by\u0165 r\u00fdchli. Inak tieto okamihy ute\u010d\u00fa.<\/li>\n<\/ul>\n<p><a href=\"https:\/\/blog.fotolab.sk\/wp-content\/uploads\/2019\/04\/luzia-pimpinella-alltagsfotografie-03.jpg\">\u00a0\u00a0 <\/a><a href=\"https:\/\/blog.fotolab.sk\/wp-content\/uploads\/2019\/04\/luzia-pimpinella-alltagsfotografie-03.jpg\" target=\"_blank\" rel=\"noopener noreferrer\"><img decoding=\"async\" loading=\"lazy\" class=\"alignnone wp-image-8240 size-full\" src=\"https:\/\/blog.fotolab.sk\/wp-content\/uploads\/2019\/04\/luzia-pimpinella-alltagsfotografie-03.jpg\" alt=\"\" width=\"429\" height=\"286\" srcset=\"https:\/\/blog.fotolab.sk\/wp-content\/uploads\/2019\/04\/luzia-pimpinella-alltagsfotografie-03.jpg 429w, https:\/\/blog.fotolab.sk\/wp-content\/uploads\/2019\/04\/luzia-pimpinella-alltagsfotografie-03-300x200.jpg 300w, https:\/\/blog.fotolab.sk\/wp-content\/uploads\/2019\/04\/luzia-pimpinella-alltagsfotografie-03-370x247.jpg 370w, https:\/\/blog.fotolab.sk\/wp-content\/uploads\/2019\/04\/luzia-pimpinella-alltagsfotografie-03-270x180.jpg 270w\" sizes=\"(max-width: 429px) 100vw, 429px\" \/><\/a><\/p>\n<ul>\n<li>Vy\u0161ko\u013ete svoje oko, nech si v\u0161\u00edma drobn\u00e9 veci \u017eivota! A \u013e\u00fabezn\u00e9 detaily, ktor\u00e9 zo v\u0161edn\u00e9ho d\u0148a vytv\u00e1raj\u00fa \u010dosi nev\u0161edn\u00e9. Preto\u017ee pr\u00e1ve tie n\u00e1s robia naozaj \u0161\u0165astn\u00fdmi.<\/li>\n<\/ul>\n<p><a href=\"https:\/\/blog.fotolab.sk\/wp-content\/uploads\/2019\/04\/luzia-pimpinella-alltagsfotografie-05.jpg\" target=\"_blank\" rel=\"noopener noreferrer\"><img decoding=\"async\" loading=\"lazy\" class=\"alignnone wp-image-8242 size-full\" src=\"https:\/\/blog.fotolab.sk\/wp-content\/uploads\/2019\/04\/luzia-pimpinella-alltagsfotografie-05.jpg\" alt=\"\" width=\"429\" height=\"286\" srcset=\"https:\/\/blog.fotolab.sk\/wp-content\/uploads\/2019\/04\/luzia-pimpinella-alltagsfotografie-05.jpg 429w, https:\/\/blog.fotolab.sk\/wp-content\/uploads\/2019\/04\/luzia-pimpinella-alltagsfotografie-05-300x200.jpg 300w, https:\/\/blog.fotolab.sk\/wp-content\/uploads\/2019\/04\/luzia-pimpinella-alltagsfotografie-05-370x247.jpg 370w, https:\/\/blog.fotolab.sk\/wp-content\/uploads\/2019\/04\/luzia-pimpinella-alltagsfotografie-05-270x180.jpg 270w\" sizes=\"(max-width: 429px) 100vw, 429px\" \/><\/a><\/p>\n<ul>\n<li>\u010casto fotografujte pokojne, potichu a tajne! Spont\u00e1nne a najkraj\u0161ie fotografie Va\u0161ich milovan\u00fdch urob\u00edte vtedy, ke\u010f sa nebud\u00fa c\u00edti\u0165, \u017ee ich pozorujete. Ak to nie je mo\u017en\u00e9, interagujte s nimi a popritom fotografujte &#8211; a pokojne aj &#8220;od boku&#8221;. K\u013e\u00fa\u010dom pre skuto\u010dne \u017eiv\u00e9 sn\u00edmky je spont\u00e1nnos\u0165.<\/li>\n<li>Perspekt\u00edva je (takmer) v\u0161etko! Ak chcete odfotografova\u0165 deti alebo dom\u00e1ce zvieratk\u00e1, pokojne sa zn\u00ed\u017ete na ich \u00farove\u0148&#8230;alebo ich odfo\u0165te z vt\u00e1\u010dej perspekt\u00edvy. Nech u\u017e uprednostn\u00edte \u010doko\u013evek, bu\u010fte pripraven\u00ed zmeni\u0165 perspekt\u00edvu. Budete prekvapen\u00ed, ako sa jedn\u00fdm uhlom m\u00f4\u017ee zmeni\u0165 dojem z fotografie.<\/li>\n<\/ul>\n<p><a href=\"https:\/\/blog.fotolab.sk\/wp-content\/uploads\/2019\/04\/luziapimpinella_07.jpg\" target=\"_blank\" rel=\"noopener noreferrer\"><img decoding=\"async\" loading=\"lazy\" class=\"alignnone wp-image-8245 size-full\" src=\"https:\/\/blog.fotolab.sk\/wp-content\/uploads\/2019\/04\/luziapimpinella_07.jpg\" alt=\"\" width=\"490\" height=\"490\" srcset=\"https:\/\/blog.fotolab.sk\/wp-content\/uploads\/2019\/04\/luziapimpinella_07.jpg 490w, https:\/\/blog.fotolab.sk\/wp-content\/uploads\/2019\/04\/luziapimpinella_07-150x150.jpg 150w, https:\/\/blog.fotolab.sk\/wp-content\/uploads\/2019\/04\/luziapimpinella_07-300x300.jpg 300w, https:\/\/blog.fotolab.sk\/wp-content\/uploads\/2019\/04\/luziapimpinella_07-370x370.jpg 370w, https:\/\/blog.fotolab.sk\/wp-content\/uploads\/2019\/04\/luziapimpinella_07-270x270.jpg 270w\" sizes=\"(max-width: 490px) 100vw, 490px\" \/><\/a><\/p>\n<ul>\n<li>Prijmite nedokonalos\u0165! Skuto\u010dn\u00fd \u017eivot je dokonal\u00fd len v najzriedkavej\u0161\u00edch pr\u00edpadoch, pre\u010do by tak\u00e9 mali by\u0165 va\u0161e fotografie? M\u00e1te na sn\u00edmke odr\u00e1\u017eaj\u00face sa svetlo z l\u00fa\u010dov slnka? Fotografia je rozmazan\u00e1? A n\u00e1hodou ste odsekli kus tela? Jednoducho sa sami seba sp\u00fdtajte, \u010di pr\u00e1ve toto neprid\u00e1va tejto fotografii jej \u0161arm.<\/li>\n<\/ul>\n<p><a href=\"https:\/\/blog.fotolab.sk\/wp-content\/uploads\/2019\/04\/luzia-pimpinella-alltagsfotografie-02.jpg\" target=\"_blank\" rel=\"noopener noreferrer\"><img decoding=\"async\" loading=\"lazy\" class=\"alignnone wp-image-8248 size-full\" src=\"https:\/\/blog.fotolab.sk\/wp-content\/uploads\/2019\/04\/luzia-pimpinella-alltagsfotografie-02.jpg\" alt=\"\" width=\"429\" height=\"286\" srcset=\"https:\/\/blog.fotolab.sk\/wp-content\/uploads\/2019\/04\/luzia-pimpinella-alltagsfotografie-02.jpg 429w, https:\/\/blog.fotolab.sk\/wp-content\/uploads\/2019\/04\/luzia-pimpinella-alltagsfotografie-02-300x200.jpg 300w, https:\/\/blog.fotolab.sk\/wp-content\/uploads\/2019\/04\/luzia-pimpinella-alltagsfotografie-02-370x247.jpg 370w, https:\/\/blog.fotolab.sk\/wp-content\/uploads\/2019\/04\/luzia-pimpinella-alltagsfotografie-02-270x180.jpg 270w\" sizes=\"(max-width: 429px) 100vw, 429px\" \/><\/a><\/p>\n<p>&nbsp;<\/p>\n<p>V\u0161etky momenty zo \u017eivota blogerky n\u00e1jdete aj na jej Instagrame <a href=\"https:\/\/www.instagram.com\/luziapimpinella\/\" target=\"_blank\" rel=\"noopener noreferrer\">@luziapimpinella<\/a><\/p>\n<hr \/>\n<p>&nbsp;<\/p>\n","protected":false},"excerpt":{"rendered":"<p>Blogerka Nic Huldebrandt stoj\u00ed za blogom LuziaPimpinella.com a ve\u013emi rada fot\u00ed. Preto sme ju poprosili nech n\u00e1m prezrad\u00ed svoje ob\u013e\u00faben\u00e9 tipy na p\u00f4sobiv\u00e9 momentky. &nbsp; &nbsp; Ke\u010f si do ruky vezmem fotoapar\u00e1t, \u010dasto s\u00fa to pr\u00e1ve tie letm\u00e9, mali\u010dk\u00e9 momenty, ktor\u00e9 by som chcela zachyti\u0165, aby sa u\u017e nikdy nestratili. Lebo, bu\u010fme \u00faprimn\u00ed: Nie je [&hellip;]<\/p>\n","protected":false},"author":6,"featured_media":8247,"comment_status":"open","ping_status":"open","sticky":false,"template":"","format":"standard","meta":[],"categories":[51,50],"tags":[96,111,98,91,101,106,102,97],"yoast_head":"<!-- This site is optimized with the Yoast SEO plugin v19.1 - https:\/\/yoast.com\/wordpress\/plugins\/seo\/ -->\n<title>P\u00e4\u0165 tipov na p\u00f4sobiv\u00e9 momentky - CEWE Fotolab blog<\/title>\n<meta name=\"description\" content=\"Ke\u010f si do ruky vezmem fotoapar\u00e1t, \u010dasto s\u00fa to pr\u00e1ve tie letm\u00e9, mali\u010dk\u00e9 momenty, ktor\u00e9 by som chcela zachyti\u0165, aby sa u\u017e nikdy nestratili. Lebo, bu\u010fme \u00faprimn\u00ed: Nie je to tak, \u017ee tieto ka\u017edodenn\u00e9 mali\u010dkosti potrebuj\u00fa ove\u013ea viac \u00fasilia, aby sme si na ne spomenuli ako na ve\u013ek\u00e9 udalosti v \u017eivote rodiny?\" \/>\n<meta name=\"robots\" content=\"index, follow, max-snippet:-1, max-image-preview:large, max-video-preview:-1\" \/>\n<link rel=\"canonical\" href=\"https:\/\/www.fotolab.sk\/blog\/pat-tipov-na-posobive-momentky\/\" \/>\n<meta property=\"og:locale\" content=\"sk_SK\" \/>\n<meta property=\"og:type\" content=\"article\" \/>\n<meta property=\"og:title\" content=\"P\u00e4\u0165 tipov na p\u00f4sobiv\u00e9 momentky - CEWE Fotolab blog\" \/>\n<meta property=\"og:description\" content=\"Ke\u010f si do ruky vezmem fotoapar\u00e1t, \u010dasto s\u00fa to pr\u00e1ve tie letm\u00e9, mali\u010dk\u00e9 momenty, ktor\u00e9 by som chcela zachyti\u0165, aby sa u\u017e nikdy nestratili. Lebo, bu\u010fme \u00faprimn\u00ed: Nie je to tak, \u017ee tieto ka\u017edodenn\u00e9 mali\u010dkosti potrebuj\u00fa ove\u013ea viac \u00fasilia, aby sme si na ne spomenuli ako na ve\u013ek\u00e9 udalosti v \u017eivote rodiny?\" \/>\n<meta property=\"og:url\" content=\"https:\/\/www.fotolab.sk\/blog\/pat-tipov-na-posobive-momentky\/\" \/>\n<meta property=\"og:site_name\" content=\"CEWE Fotolab blog\" \/>\n<meta property=\"article:published_time\" content=\"2019-04-18T06:21:29+00:00\" \/>\n<meta property=\"article:modified_time\" content=\"2019-04-15T13:22:40+00:00\" \/>\n<meta property=\"og:image\" content=\"https:\/\/blog.fotolab.sk\/wp-content\/uploads\/2019\/04\/luziapimpinella_Momentchenmal_CeweFotokolumne_EverydayShots_Seifenblase.jpg\" \/>\n\t<meta property=\"og:image:width\" content=\"1000\" \/>\n\t<meta property=\"og:image:height\" content=\"664\" \/>\n\t<meta property=\"og:image:type\" content=\"image\/jpeg\" \/>\n<meta name=\"twitter:label1\" content=\"Autor:\" \/>\n\t<meta name=\"twitter:data1\" content=\"Sofia K\u00f3sov\u00e1\" \/>\n\t<meta name=\"twitter:label2\" content=\"Predpokladan\u00fd \u010das \u010d\u00edtania\" \/>\n\t<meta name=\"twitter:data2\" content=\"3 min\u00faty\" \/>\n<script type=\"application\/ld+json\" class=\"yoast-schema-graph\">{\"@context\":\"https:\/\/schema.org\",\"@graph\":[{\"@type\":\"WebSite\",\"@id\":\"https:\/\/www.fotolab.sk\/blog\/#website\",\"url\":\"https:\/\/www.fotolab.sk\/blog\/\",\"name\":\"CEWE Fotolab blog\",\"description\":\"Blog ur\u010den\u00fd pre fan\u00fa\u0161ikov fotografie a sveta okolo nej.\",\"potentialAction\":[{\"@type\":\"SearchAction\",\"target\":{\"@type\":\"EntryPoint\",\"urlTemplate\":\"https:\/\/www.fotolab.sk\/blog\/?s={search_term_string}\"},\"query-input\":\"required name=search_term_string\"}],\"inLanguage\":\"sk-SK\"},{\"@type\":\"ImageObject\",\"inLanguage\":\"sk-SK\",\"@id\":\"https:\/\/www.fotolab.sk\/blog\/pat-tipov-na-posobive-momentky\/#primaryimage\",\"url\":\"https:\/\/blog.fotolab.sk\/wp-content\/uploads\/2019\/04\/luziapimpinella_Momentchenmal_CeweFotokolumne_EverydayShots_Seifenblase.jpg\",\"contentUrl\":\"https:\/\/blog.fotolab.sk\/wp-content\/uploads\/2019\/04\/luziapimpinella_Momentchenmal_CeweFotokolumne_EverydayShots_Seifenblase.jpg\",\"width\":1000,\"height\":664,\"caption\":\"momentka CEWE\"},{\"@type\":\"WebPage\",\"@id\":\"https:\/\/www.fotolab.sk\/blog\/pat-tipov-na-posobive-momentky\/#webpage\",\"url\":\"https:\/\/www.fotolab.sk\/blog\/pat-tipov-na-posobive-momentky\/\",\"name\":\"P\u00e4\u0165 tipov na p\u00f4sobiv\u00e9 momentky - CEWE Fotolab blog\",\"isPartOf\":{\"@id\":\"https:\/\/www.fotolab.sk\/blog\/#website\"},\"primaryImageOfPage\":{\"@id\":\"https:\/\/www.fotolab.sk\/blog\/pat-tipov-na-posobive-momentky\/#primaryimage\"},\"datePublished\":\"2019-04-18T06:21:29+00:00\",\"dateModified\":\"2019-04-15T13:22:40+00:00\",\"author\":{\"@id\":\"https:\/\/www.fotolab.sk\/blog\/#\/schema\/person\/5c45b2654fe06ead944eda8a67b3429a\"},\"description\":\"Ke\u010f si do ruky vezmem fotoapar\u00e1t, \u010dasto s\u00fa to pr\u00e1ve tie letm\u00e9, mali\u010dk\u00e9 momenty, ktor\u00e9 by som chcela zachyti\u0165, aby sa u\u017e nikdy nestratili. Lebo, bu\u010fme \u00faprimn\u00ed: Nie je to tak, \u017ee tieto ka\u017edodenn\u00e9 mali\u010dkosti potrebuj\u00fa ove\u013ea viac \u00fasilia, aby sme si na ne spomenuli ako na ve\u013ek\u00e9 udalosti v \u017eivote rodiny?\",\"breadcrumb\":{\"@id\":\"https:\/\/www.fotolab.sk\/blog\/pat-tipov-na-posobive-momentky\/#breadcrumb\"},\"inLanguage\":\"sk-SK\",\"potentialAction\":[{\"@type\":\"ReadAction\",\"target\":[\"https:\/\/www.fotolab.sk\/blog\/pat-tipov-na-posobive-momentky\/\"]}]},{\"@type\":\"BreadcrumbList\",\"@id\":\"https:\/\/www.fotolab.sk\/blog\/pat-tipov-na-posobive-momentky\/#breadcrumb\",\"itemListElement\":[{\"@type\":\"ListItem\",\"position\":1,\"name\":\"Home\",\"item\":\"https:\/\/www.fotolab.sk\/blog\/\"},{\"@type\":\"ListItem\",\"position\":2,\"name\":\"P\u00e4\u0165 tipov na p\u00f4sobiv\u00e9 momentky\"}]},{\"@type\":\"Person\",\"@id\":\"https:\/\/www.fotolab.sk\/blog\/#\/schema\/person\/5c45b2654fe06ead944eda8a67b3429a\",\"name\":\"Sofia K\u00f3sov\u00e1\",\"image\":{\"@type\":\"ImageObject\",\"inLanguage\":\"sk-SK\",\"@id\":\"https:\/\/www.fotolab.sk\/blog\/#\/schema\/person\/image\/\",\"url\":\"https:\/\/secure.gravatar.com\/avatar\/2d883d1a9b113102ca9dc04869e4d2aa?s=96&d=mm&r=g\",\"contentUrl\":\"https:\/\/secure.gravatar.com\/avatar\/2d883d1a9b113102ca9dc04869e4d2aa?s=96&d=mm&r=g\",\"caption\":\"Sofia K\u00f3sov\u00e1\"},\"description\":\"Milujem cestovanie, objavovanie nov\u00fdch miest a zachyt\u00e1vania \u010dara okamihu prostredn\u00edctvom fotoapar\u00e1tu. Okrem toho preferujem kreat\u00edvne n\u00e1pady na vystavenie fotografii.\",\"url\":\"https:\/\/www.fotolab.sk\/blog\/author\/sofia\/\"}]}<\/script>\n<!-- \/ Yoast SEO plugin. -->","yoast_head_json":{"title":"P\u00e4\u0165 tipov na p\u00f4sobiv\u00e9 momentky - CEWE Fotolab blog","description":"Ke\u010f si do ruky vezmem fotoapar\u00e1t, \u010dasto s\u00fa to pr\u00e1ve tie letm\u00e9, mali\u010dk\u00e9 momenty, ktor\u00e9 by som chcela zachyti\u0165, aby sa u\u017e nikdy nestratili. Lebo, bu\u010fme \u00faprimn\u00ed: Nie je to tak, \u017ee tieto ka\u017edodenn\u00e9 mali\u010dkosti potrebuj\u00fa ove\u013ea viac \u00fasilia, aby sme si na ne spomenuli ako na ve\u013ek\u00e9 udalosti v \u017eivote rodiny?","robots":{"index":"index","follow":"follow","max-snippet":"max-snippet:-1","max-image-preview":"max-image-preview:large","max-video-preview":"max-video-preview:-1"},"canonical":"https:\/\/www.fotolab.sk\/blog\/pat-tipov-na-posobive-momentky\/","og_locale":"sk_SK","og_type":"article","og_title":"P\u00e4\u0165 tipov na p\u00f4sobiv\u00e9 momentky - CEWE Fotolab blog","og_description":"Ke\u010f si do ruky vezmem fotoapar\u00e1t, \u010dasto s\u00fa to pr\u00e1ve tie letm\u00e9, mali\u010dk\u00e9 momenty, ktor\u00e9 by som chcela zachyti\u0165, aby sa u\u017e nikdy nestratili. Lebo, bu\u010fme \u00faprimn\u00ed: Nie je to tak, \u017ee tieto ka\u017edodenn\u00e9 mali\u010dkosti potrebuj\u00fa ove\u013ea viac \u00fasilia, aby sme si na ne spomenuli ako na ve\u013ek\u00e9 udalosti v \u017eivote rodiny?","og_url":"https:\/\/www.fotolab.sk\/blog\/pat-tipov-na-posobive-momentky\/","og_site_name":"CEWE Fotolab blog","article_published_time":"2019-04-18T06:21:29+00:00","article_modified_time":"2019-04-15T13:22:40+00:00","og_image":[{"width":1000,"height":664,"url":"https:\/\/blog.fotolab.sk\/wp-content\/uploads\/2019\/04\/luziapimpinella_Momentchenmal_CeweFotokolumne_EverydayShots_Seifenblase.jpg","type":"image\/jpeg"}],"twitter_misc":{"Autor:":"Sofia K\u00f3sov\u00e1","Predpokladan\u00fd \u010das \u010d\u00edtania":"3 min\u00faty"},"schema":{"@context":"https:\/\/schema.org","@graph":[{"@type":"WebSite","@id":"https:\/\/www.fotolab.sk\/blog\/#website","url":"https:\/\/www.fotolab.sk\/blog\/","name":"CEWE Fotolab blog","description":"Blog ur\u010den\u00fd pre fan\u00fa\u0161ikov fotografie a sveta okolo nej.","potentialAction":[{"@type":"SearchAction","target":{"@type":"EntryPoint","urlTemplate":"https:\/\/www.fotolab.sk\/blog\/?s={search_term_string}"},"query-input":"required name=search_term_string"}],"inLanguage":"sk-SK"},{"@type":"ImageObject","inLanguage":"sk-SK","@id":"https:\/\/www.fotolab.sk\/blog\/pat-tipov-na-posobive-momentky\/#primaryimage","url":"https:\/\/blog.fotolab.sk\/wp-content\/uploads\/2019\/04\/luziapimpinella_Momentchenmal_CeweFotokolumne_EverydayShots_Seifenblase.jpg","contentUrl":"https:\/\/blog.fotolab.sk\/wp-content\/uploads\/2019\/04\/luziapimpinella_Momentchenmal_CeweFotokolumne_EverydayShots_Seifenblase.jpg","width":1000,"height":664,"caption":"momentka CEWE"},{"@type":"WebPage","@id":"https:\/\/www.fotolab.sk\/blog\/pat-tipov-na-posobive-momentky\/#webpage","url":"https:\/\/www.fotolab.sk\/blog\/pat-tipov-na-posobive-momentky\/","name":"P\u00e4\u0165 tipov na p\u00f4sobiv\u00e9 momentky - CEWE Fotolab blog","isPartOf":{"@id":"https:\/\/www.fotolab.sk\/blog\/#website"},"primaryImageOfPage":{"@id":"https:\/\/www.fotolab.sk\/blog\/pat-tipov-na-posobive-momentky\/#primaryimage"},"datePublished":"2019-04-18T06:21:29+00:00","dateModified":"2019-04-15T13:22:40+00:00","author":{"@id":"https:\/\/www.fotolab.sk\/blog\/#\/schema\/person\/5c45b2654fe06ead944eda8a67b3429a"},"description":"Ke\u010f si do ruky vezmem fotoapar\u00e1t, \u010dasto s\u00fa to pr\u00e1ve tie letm\u00e9, mali\u010dk\u00e9 momenty, ktor\u00e9 by som chcela zachyti\u0165, aby sa u\u017e nikdy nestratili. Lebo, bu\u010fme \u00faprimn\u00ed: Nie je to tak, \u017ee tieto ka\u017edodenn\u00e9 mali\u010dkosti potrebuj\u00fa ove\u013ea viac \u00fasilia, aby sme si na ne spomenuli ako na ve\u013ek\u00e9 udalosti v \u017eivote rodiny?","breadcrumb":{"@id":"https:\/\/www.fotolab.sk\/blog\/pat-tipov-na-posobive-momentky\/#breadcrumb"},"inLanguage":"sk-SK","potentialAction":[{"@type":"ReadAction","target":["https:\/\/www.fotolab.sk\/blog\/pat-tipov-na-posobive-momentky\/"]}]},{"@type":"BreadcrumbList","@id":"https:\/\/www.fotolab.sk\/blog\/pat-tipov-na-posobive-momentky\/#breadcrumb","itemListElement":[{"@type":"ListItem","position":1,"name":"Home","item":"https:\/\/www.fotolab.sk\/blog\/"},{"@type":"ListItem","position":2,"name":"P\u00e4\u0165 tipov na p\u00f4sobiv\u00e9 momentky"}]},{"@type":"Person","@id":"https:\/\/www.fotolab.sk\/blog\/#\/schema\/person\/5c45b2654fe06ead944eda8a67b3429a","name":"Sofia K\u00f3sov\u00e1","image":{"@type":"ImageObject","inLanguage":"sk-SK","@id":"https:\/\/www.fotolab.sk\/blog\/#\/schema\/person\/image\/","url":"https:\/\/secure.gravatar.com\/avatar\/2d883d1a9b113102ca9dc04869e4d2aa?s=96&d=mm&r=g","contentUrl":"https:\/\/secure.gravatar.com\/avatar\/2d883d1a9b113102ca9dc04869e4d2aa?s=96&d=mm&r=g","caption":"Sofia K\u00f3sov\u00e1"},"description":"Milujem cestovanie, objavovanie nov\u00fdch miest a zachyt\u00e1vania \u010dara okamihu prostredn\u00edctvom fotoapar\u00e1tu. Okrem toho preferujem kreat\u00edvne n\u00e1pady na vystavenie fotografii.","url":"https:\/\/www.fotolab.sk\/blog\/author\/sofia\/"}]}},"_links":{"self":[{"href":"https:\/\/www.fotolab.sk\/blog\/wp-json\/wp\/v2\/posts\/8237"}],"collection":[{"href":"https:\/\/www.fotolab.sk\/blog\/wp-json\/wp\/v2\/posts"}],"about":[{"href":"https:\/\/www.fotolab.sk\/blog\/wp-json\/wp\/v2\/types\/post"}],"author":[{"embeddable":true,"href":"https:\/\/www.fotolab.sk\/blog\/wp-json\/wp\/v2\/users\/6"}],"replies":[{"embeddable":true,"href":"https:\/\/www.fotolab.sk\/blog\/wp-json\/wp\/v2\/comments?post=8237"}],"version-history":[{"count":3,"href":"https:\/\/www.fotolab.sk\/blog\/wp-json\/wp\/v2\/posts\/8237\/revisions"}],"predecessor-version":[{"id":8285,"href":"https:\/\/www.fotolab.sk\/blog\/wp-json\/wp\/v2\/posts\/8237\/revisions\/8285"}],"wp:featuredmedia":[{"embeddable":true,"href":"https:\/\/www.fotolab.sk\/blog\/wp-json\/wp\/v2\/media\/8247"}],"wp:attachment":[{"href":"https:\/\/www.fotolab.sk\/blog\/wp-json\/wp\/v2\/media?parent=8237"}],"wp:term":[{"taxonomy":"category","embeddable":true,"href":"https:\/\/www.fotolab.sk\/blog\/wp-json\/wp\/v2\/categories?post=8237"},{"taxonomy":"post_tag","embeddable":true,"href":"https:\/\/www.fotolab.sk\/blog\/wp-json\/wp\/v2\/tags?post=8237"}],"curies":[{"name":"wp","href":"https:\/\/api.w.org\/{rel}","templated":true}]}}