
{"id":7965,"date":"2019-03-04T09:01:30","date_gmt":"2019-03-04T08:01:30","guid":{"rendered":"https:\/\/www.fotolab.sk\/blog\/?p=7965"},"modified":"2019-03-04T09:06:46","modified_gmt":"2019-03-04T08:06:46","slug":"fujifilm-x-t30","status":"publish","type":"post","link":"https:\/\/www.fotolab.sk\/blog\/fujifilm-x-t30\/","title":{"rendered":"Fujifilm X-T30"},"content":{"rendered":"<h4>Jeden z najpopul\u00e1rnej\u0161\u00edch modelov fotoapar\u00e1tov Fujifilm X m\u00e1 n\u00e1stupcu! D\u00f4stojn\u00e9ho, siln\u00e9ho a pripraven\u00e9ho \u010deli\u0165 v\u0161etk\u00fdm v\u00fdzvam, ktor\u00e9 mu naserv\u00edrujete. D\u00e1my a p\u00e1ni, priv\u00edtajme Fujifilm X-T30.<\/h4>\n<h3>Z\u00e1kladn\u00e1 \u0161pecifik\u00e1cia:<\/h3>\n<ul>\n<li>nov\u00fd typ sn\u00edma\u010da X-Trans s rozl\u00ed\u0161en\u00edm 26 megapixelov,<\/li>\n<li>nov\u00fd, v\u00fdkonnej\u0161\u00ed procesor X-Processor 4. gener\u00e1cie,<\/li>\n<li>100% pokrytie f\u00e1zovou detekciou automatick\u00e9ho zaostrovania,<\/li>\n<li>zaostrovanie v zl\u00fdch sveteln\u00fdch podmienkach do -3EV,<\/li>\n<li>nahr\u00e1vanie 4K videa 30p 4:2:0 na pam\u00e4\u0165ov\u00fa kartu (4:2:2 na ext. rekord\u00e9r),<\/li>\n<li>joystick pre ovl\u00e1danie a v\u00fdber AF bodov,<\/li>\n<li>emul\u00e1cia ob\u013e\u00faben\u00fdch filmov vr\u00e1tane najnov\u0161ieho profilu ETERNA.<\/li>\n<\/ul>\n<p><a href=\"https:\/\/blog.fotolab.sk\/wp-content\/uploads\/2019\/03\/Fujifilm-X-30-XF-16mm-f2.8-R-3-insta.jpg\" target=\"_blank\" rel=\"noopener\"><img decoding=\"async\" loading=\"lazy\" class=\"alignnone wp-image-7967 size-large\" src=\"https:\/\/blog.fotolab.sk\/wp-content\/uploads\/2019\/03\/Fujifilm-X-30-XF-16mm-f2.8-R-3-insta-1024x683.jpg\" alt=\"fujifilm X-T30 cewe fotolab\" width=\"770\" height=\"514\" srcset=\"https:\/\/blog.fotolab.sk\/wp-content\/uploads\/2019\/03\/Fujifilm-X-30-XF-16mm-f2.8-R-3-insta-1024x683.jpg 1024w, https:\/\/blog.fotolab.sk\/wp-content\/uploads\/2019\/03\/Fujifilm-X-30-XF-16mm-f2.8-R-3-insta-300x200.jpg 300w, https:\/\/blog.fotolab.sk\/wp-content\/uploads\/2019\/03\/Fujifilm-X-30-XF-16mm-f2.8-R-3-insta-768x512.jpg 768w, https:\/\/blog.fotolab.sk\/wp-content\/uploads\/2019\/03\/Fujifilm-X-30-XF-16mm-f2.8-R-3-insta-370x247.jpg 370w, https:\/\/blog.fotolab.sk\/wp-content\/uploads\/2019\/03\/Fujifilm-X-30-XF-16mm-f2.8-R-3-insta-270x180.jpg 270w, https:\/\/blog.fotolab.sk\/wp-content\/uploads\/2019\/03\/Fujifilm-X-30-XF-16mm-f2.8-R-3-insta-740x493.jpg 740w, https:\/\/blog.fotolab.sk\/wp-content\/uploads\/2019\/03\/Fujifilm-X-30-XF-16mm-f2.8-R-3-insta.jpg 1500w\" sizes=\"(max-width: 770px) 100vw, 770px\" \/><\/a><\/p>\n<p>Pre\u010do ten pomp\u00e9zny \u00favod na fotoapar\u00e1t strednej, alebo vy\u0161\u0161ej strednej triedy? V\u0161ak nejde o \u017eiaden profesion\u00e1lny stroj, ale o malink\u00fd fo\u0165\u00e1\u010dik, ktor\u00fd up\u00fata najm\u00e4 svoj\u00edm pr\u00edjemn\u00fdm retro v\u00fdzorom. Nebudeme ale povrchn\u00ed a pozrieme sa detailnej\u0161ie na to, \u010do okrem dizajnu t\u00e1to novinka ukr\u00fdva.<\/p>\n<p>Pribli\u017ene pred pol rokom spolo\u010dnos\u0165 Fujifilm uviedla na trh nov\u00fd mirrorless fotoapar\u00e1t X-T3, ktor\u00fd je reprezentantom toho najlep\u0161ieho, \u010do spolo\u010dnos\u0165 m\u00e1. R\u00fdchle zaostrovanie, ktor\u00e9 dok\u00e1\u017ee konkurova\u0165 zrkadlovk\u00e1m a mnoh\u00e9 z nich aj pred\u010d\u00ed, v\u00fdborn\u00e1 kvalita obrazu aj v zl\u00fdch sveteln\u00fdch podmienkach, r\u00fdchle reakcie pr\u00edstroja, intuit\u00edvne ovl\u00e1danie a mnoho \u010fal\u0161ieho. Skr\u00e1tka, fotoapar\u00e1t pre pokro\u010dil\u00fdch nad\u0161encov, alebo profesion\u00e1lov.<\/p>\n<p><a href=\"https:\/\/blog.fotolab.sk\/wp-content\/uploads\/2019\/03\/Fujifilm-X-30-9.jpg\" target=\"_blank\" rel=\"noopener\"><img decoding=\"async\" loading=\"lazy\" class=\"alignnone wp-image-7975 size-large\" src=\"https:\/\/blog.fotolab.sk\/wp-content\/uploads\/2019\/03\/Fujifilm-X-30-9-1024x683.jpg\" alt=\"fujifilm X-T30 cewefotolab\" width=\"770\" height=\"514\" srcset=\"https:\/\/blog.fotolab.sk\/wp-content\/uploads\/2019\/03\/Fujifilm-X-30-9-1024x683.jpg 1024w, https:\/\/blog.fotolab.sk\/wp-content\/uploads\/2019\/03\/Fujifilm-X-30-9-300x200.jpg 300w, https:\/\/blog.fotolab.sk\/wp-content\/uploads\/2019\/03\/Fujifilm-X-30-9-768x512.jpg 768w, https:\/\/blog.fotolab.sk\/wp-content\/uploads\/2019\/03\/Fujifilm-X-30-9-370x247.jpg 370w, https:\/\/blog.fotolab.sk\/wp-content\/uploads\/2019\/03\/Fujifilm-X-30-9-270x180.jpg 270w, https:\/\/blog.fotolab.sk\/wp-content\/uploads\/2019\/03\/Fujifilm-X-30-9-740x493.jpg 740w\" sizes=\"(max-width: 770px) 100vw, 770px\" \/><\/a><\/p>\n<p>Ale nie ka\u017ed\u00fd potrebuje v\u0161etko to, \u010do pon\u00faka model X-T3. Ve\u013ea fotografov d\u00e1va prednos\u0165 men\u0161\u00edm a \u013eah\u0161\u00edm pr\u00edstrojom. A tu prich\u00e1dza na sc\u00e9nu X-T30, mal\u00fd ve\u013ek\u00fd brat \u201et\u00e9 trojky\u201c.<\/p>\n<h3>Mal\u00fd telom, ve\u013ek\u00fd duchom<\/h3>\n<p>Dizajn \u201edesiatkov\u00e9ho\u201c modelov\u00e9ho radu X-T sa takmer nezmenil od jeho uvedenia. Niet sa \u010domu \u010dudova\u0165. Okrem toho, \u017ee je pr\u00edjemn\u00fd na poh\u013ead, je aj funk\u010dn\u00fd. P\u00e1\u010dia sa mi kot\u00fa\u010diky na hornej strane, ktor\u00e9 ovl\u00e1daj\u00fa re\u017eim sn\u00edmania, \u010das z\u00e1vierky a korekciu expoz\u00edcie. V kombin\u00e1cii s clonov\u00fdm prstencom na objekt\u00edve je fotografovanie pr\u00edjemn\u00e9 a intuit\u00edvne. Najv\u00e4\u010d\u0161ia zmena na zov\u0148aj\u0161ku sa odohrala na zadnej strane pr\u00edstroja. St\u00e1le jej dominuje v\u00fdklopn\u00fd dotykov\u00fd displej, no m\u00e1rne by sme h\u013eadali 4-smerov\u00fd voli\u010d. Namiesto neho pribudol joystick, ktor\u00fd sl\u00fa\u017ei na pohyb v menu fotoapar\u00e1tu a pre r\u00fdchly v\u00fdber zaostrovac\u00edch bodov pri fotografovan\u00ed. Podobn\u00e1 zmena sa ned\u00e1vno udiala aj v rade X-E. Presunulo sa aj tla\u010didlo \u201eQ\u201c (r\u00fdchle menu), ktor\u00e9 je teraz umiestnen\u00e9 na opierke pre palec. Pr\u00e1ve zadn\u00fd grip ma ve\u013emi pote\u0161il, preto\u017ee fotoapar\u00e1t sa dr\u017e\u00ed omnoho pohodlnej\u0161ie.<\/p>\n<p><a href=\"https:\/\/blog.fotolab.sk\/wp-content\/uploads\/2019\/03\/FXT36613.jpg\" target=\"_blank\" rel=\"noopener\"><img decoding=\"async\" loading=\"lazy\" class=\"alignnone wp-image-7970 size-large\" src=\"https:\/\/blog.fotolab.sk\/wp-content\/uploads\/2019\/03\/FXT36613-1024x683.jpg\" alt=\"fujifilm X-T30 cewefotolab\" width=\"770\" height=\"514\" srcset=\"https:\/\/blog.fotolab.sk\/wp-content\/uploads\/2019\/03\/FXT36613-1024x683.jpg 1024w, https:\/\/blog.fotolab.sk\/wp-content\/uploads\/2019\/03\/FXT36613-300x200.jpg 300w, https:\/\/blog.fotolab.sk\/wp-content\/uploads\/2019\/03\/FXT36613-768x512.jpg 768w, https:\/\/blog.fotolab.sk\/wp-content\/uploads\/2019\/03\/FXT36613-370x247.jpg 370w, https:\/\/blog.fotolab.sk\/wp-content\/uploads\/2019\/03\/FXT36613-270x180.jpg 270w, https:\/\/blog.fotolab.sk\/wp-content\/uploads\/2019\/03\/FXT36613-740x493.jpg 740w, https:\/\/blog.fotolab.sk\/wp-content\/uploads\/2019\/03\/FXT36613.jpg 1500w\" sizes=\"(max-width: 770px) 100vw, 770px\" \/><\/a><\/p>\n<p>To d\u00f4le\u017eit\u00e9 sa odohralo vo vn\u00fatri pr\u00edstroja. Nov\u00fd je sn\u00edma\u010d aj procesor, teda dva najd\u00f4le\u017eitej\u0161ie prvky, ktor\u00e9 ovplyv\u0148uj\u00fa r\u00fdchlos\u0165 fotoapar\u00e1tu a kvalitu sn\u00edmok. Sn\u00edma\u010d X-Trans 4. gener\u00e1cie m\u00e1 rozl\u00ed\u0161enie 26 megapixelov, ktor\u00e9 dosta\u010duje na tla\u010d ve\u013ek\u00fdch zv\u00e4\u010d\u0161en\u00edm. 100% jeho povrchu je pokryt\u00fdch r\u00fdchlou f\u00e1zovou detekciou automatick\u00e9ho zaostrovania. O vyhodnocovanie \u00fadajov zo sn\u00edma\u010da sa star\u00e1 X-Processor, tie\u017e 4. gener\u00e1cie. Jeho v\u00fdpo\u010detn\u00e1 kapacita je nieko\u013eko kr\u00e1t vy\u0161\u0161ia ako to bolo pri 3. gener\u00e1cii. V praxi to znamen\u00e1, \u017ee X-T30 je bleskov\u00fd a m\u00f4\u017eete n\u00edm bez ob\u00e1v fotografova\u0165 r\u00f4zne ak\u010dn\u00e9 sc\u00e9ny. Nie\u010do v\u00e1m to pripom\u00edna? Spr\u00e1vne! X-T30 je vo svojej podstate rovnak\u00fd, ako vy\u0161\u0161\u00ed model X-T3! Ch\u00fdba mu nieko\u013eko ovl\u00e1dac\u00edch prvkov, utesnenie vo\u010di nepriaz\u0148am po\u010dasia a m\u00e1 men\u0161\u00ed h\u013ead\u00e1\u010dik. Inak s\u00fa elektronicky oba fotoapar\u00e1ty toto\u017en\u00e9.<\/p>\n<p><a href=\"https:\/\/blog.fotolab.sk\/wp-content\/uploads\/2019\/03\/Fujifilm-X-30-XF-16mm-f2.8-R-2insta.jpg\" target=\"_blank\" rel=\"noopener\"><img decoding=\"async\" loading=\"lazy\" class=\"alignnone wp-image-7974 size-large\" src=\"https:\/\/blog.fotolab.sk\/wp-content\/uploads\/2019\/03\/Fujifilm-X-30-XF-16mm-f2.8-R-2insta-1024x1024.jpg\" alt=\"fujifilm X-T30 cewe fotolab\" width=\"770\" height=\"770\" srcset=\"https:\/\/blog.fotolab.sk\/wp-content\/uploads\/2019\/03\/Fujifilm-X-30-XF-16mm-f2.8-R-2insta-1024x1024.jpg 1024w, https:\/\/blog.fotolab.sk\/wp-content\/uploads\/2019\/03\/Fujifilm-X-30-XF-16mm-f2.8-R-2insta-150x150.jpg 150w, https:\/\/blog.fotolab.sk\/wp-content\/uploads\/2019\/03\/Fujifilm-X-30-XF-16mm-f2.8-R-2insta-300x300.jpg 300w, https:\/\/blog.fotolab.sk\/wp-content\/uploads\/2019\/03\/Fujifilm-X-30-XF-16mm-f2.8-R-2insta-768x768.jpg 768w, https:\/\/blog.fotolab.sk\/wp-content\/uploads\/2019\/03\/Fujifilm-X-30-XF-16mm-f2.8-R-2insta-370x370.jpg 370w, https:\/\/blog.fotolab.sk\/wp-content\/uploads\/2019\/03\/Fujifilm-X-30-XF-16mm-f2.8-R-2insta-270x270.jpg 270w, https:\/\/blog.fotolab.sk\/wp-content\/uploads\/2019\/03\/Fujifilm-X-30-XF-16mm-f2.8-R-2insta-740x740.jpg 740w, https:\/\/blog.fotolab.sk\/wp-content\/uploads\/2019\/03\/Fujifilm-X-30-XF-16mm-f2.8-R-2insta.jpg 1080w\" sizes=\"(max-width: 770px) 100vw, 770px\" \/><\/a><\/p>\n<h3>Pre (ne)fotografov?<\/h3>\n<p>\u201eDesiatkov\u00fd\u201c rad X-T m\u00e1m r\u00e1d najm\u00e4 v\u010faka jeho univerz\u00e1lnosti. Fotoapar\u00e1ty s\u00fa men\u0161ie, tak\u017ee sa pr\u00edjemnej\u0161ie nosia na v\u00fdlety a cesty. Nezaberaj\u00fa to\u013eko miesta v batohu \u010di bra\u0161ni a pri tom pon\u00fakaj\u00fa rovnak\u00fa kvalitu ako najvy\u0161\u0161\u00ed model. Pr\u00e1ve vysok\u00fa kvalitu a form\u00e1t RAW ocenia v\u0161etci t\u00ed, ktor\u00ed fotografie \u010falej spracov\u00e1vaj\u00fa. Ak v\u0161ak dostane fotoapar\u00e1t do r\u00fak nefotograf, \u00a0\u2026 tak sa ni\u010d nedeje. Pod kot\u00fa\u010dikom pre nastavenie \u010dasu sta\u010d\u00ed prepn\u00fa\u0165 p\u00e1\u010dku na AUTO. Fotoapar\u00e1t sa okam\u017eite za\u010dne spr\u00e1va\u0165 inak. Za\u010dne vyhodnocova\u0165 sc\u00e9nu a zvol\u00ed tie najlep\u0161ie nastavenia pre dosiahnutie perfektn\u00e9ho v\u00fdsledku. Automaticky zmen\u00ed aj form\u00e1t fotografi\u00ed na be\u017en\u00fd JPG. Akon\u00e1hle sa fotoapar\u00e1t vr\u00e1ti do r\u00fak sk\u00fasenej\u0161iemu fotografovi, posunut\u00edm p\u00e1\u010dky do p\u00f4vodnej polohy sa aktivuj\u00fa v\u0161etky predch\u00e1dzaj\u00face nastavenia.<\/p>\n<p><a href=\"https:\/\/blog.fotolab.sk\/wp-content\/uploads\/2019\/03\/FXT36617.jpg\" target=\"_blank\" rel=\"noopener\"><img decoding=\"async\" loading=\"lazy\" class=\"alignnone wp-image-7971 size-large\" src=\"https:\/\/blog.fotolab.sk\/wp-content\/uploads\/2019\/03\/FXT36617-1024x683.jpg\" alt=\"fujifilm X-T30 cewe fotolab\" width=\"770\" height=\"514\" srcset=\"https:\/\/blog.fotolab.sk\/wp-content\/uploads\/2019\/03\/FXT36617-1024x683.jpg 1024w, https:\/\/blog.fotolab.sk\/wp-content\/uploads\/2019\/03\/FXT36617-300x200.jpg 300w, https:\/\/blog.fotolab.sk\/wp-content\/uploads\/2019\/03\/FXT36617-768x512.jpg 768w, https:\/\/blog.fotolab.sk\/wp-content\/uploads\/2019\/03\/FXT36617-370x247.jpg 370w, https:\/\/blog.fotolab.sk\/wp-content\/uploads\/2019\/03\/FXT36617-270x180.jpg 270w, https:\/\/blog.fotolab.sk\/wp-content\/uploads\/2019\/03\/FXT36617-740x493.jpg 740w, https:\/\/blog.fotolab.sk\/wp-content\/uploads\/2019\/03\/FXT36617.jpg 1500w\" sizes=\"(max-width: 770px) 100vw, 770px\" \/><\/a><\/p>\n<p>S fotoapar\u00e1tmi Fujifilm X pracujem u\u017e nieko\u013eko rokov a p\u00e1\u010di sa mi, ak\u00fdm sp\u00f4sobom sa pr\u00edstroje vyv\u00edjaj\u00fa. Okrem poctiv\u00e9ho a robustn\u00e9ho spracovania z kovov\u00fdch \u010dast\u00ed vych\u00e1dzaj\u00fa nov\u00e9 verzie firmv\u00e9ru, ktor\u00e9 \u010dasto prid\u00e1vaj\u00fa nov\u00e9 mo\u017enosti, alebo vylep\u0161uj\u00fa tie st\u00e1vaj\u00face.<\/p>\n<p>Popul\u00e1rne s\u00fa simul\u00e1cie filmov, ktor\u00e9 \u010derpaj\u00fa z 80 ro\u010dnej praxe v\u00fdroby svetlocitliv\u00fdch materi\u00e1lov. Vo fotoapar\u00e1te tak m\u00f4\u017eete simulova\u0165 farebnos\u0165 filmov, ak\u00fdmi s\u00fa napr\u00edklad Astia, Velvia, \u010diernobiely film Acros alebo najnov\u0161ie aj kinematografick\u00fd film Eterna. V\u0161etky simul\u00e1cie sa samozrejme daj\u00fa vyu\u017ei\u0165 aj pri nahr\u00e1van\u00ed videa v 4K kvalite.<\/p>\n<p>K dispoz\u00edcii bol zatia\u013e Sample fotoapar\u00e1t s predproduk\u010dn\u00fdm firmv\u00e9rom, av\u0161ak kvalita fotografi\u00ed bude na rovnakej \u00farovni, ako je to pri fotoapar\u00e1te X-T3.<\/p>\n<p><a href=\"https:\/\/blog.fotolab.sk\/wp-content\/uploads\/2019\/03\/FXT36608.jpg\" target=\"_blank\" rel=\"noopener\"><img decoding=\"async\" loading=\"lazy\" class=\"alignnone wp-image-7969 size-large\" src=\"https:\/\/blog.fotolab.sk\/wp-content\/uploads\/2019\/03\/FXT36608-1024x683.jpg\" alt=\"fujifilm X-T30 cewe fotolab\" width=\"770\" height=\"514\" srcset=\"https:\/\/blog.fotolab.sk\/wp-content\/uploads\/2019\/03\/FXT36608-1024x683.jpg 1024w, https:\/\/blog.fotolab.sk\/wp-content\/uploads\/2019\/03\/FXT36608-300x200.jpg 300w, https:\/\/blog.fotolab.sk\/wp-content\/uploads\/2019\/03\/FXT36608-768x512.jpg 768w, https:\/\/blog.fotolab.sk\/wp-content\/uploads\/2019\/03\/FXT36608-370x247.jpg 370w, https:\/\/blog.fotolab.sk\/wp-content\/uploads\/2019\/03\/FXT36608-270x180.jpg 270w, https:\/\/blog.fotolab.sk\/wp-content\/uploads\/2019\/03\/FXT36608-740x493.jpg 740w, https:\/\/blog.fotolab.sk\/wp-content\/uploads\/2019\/03\/FXT36608.jpg 1500w\" sizes=\"(max-width: 770px) 100vw, 770px\" \/><\/a><\/p>\n<hr \/>\n<p>&nbsp;<\/p>\n","protected":false},"excerpt":{"rendered":"<p>Jeden z najpopul\u00e1rnej\u0161\u00edch modelov fotoapar\u00e1tov Fujifilm X m\u00e1 n\u00e1stupcu! D\u00f4stojn\u00e9ho, siln\u00e9ho a pripraven\u00e9ho \u010deli\u0165 v\u0161etk\u00fdm v\u00fdzvam, ktor\u00e9 mu naserv\u00edrujete. D\u00e1my a p\u00e1ni, priv\u00edtajme Fujifilm X-T30. Z\u00e1kladn\u00e1 \u0161pecifik\u00e1cia: nov\u00fd typ sn\u00edma\u010da X-Trans s rozl\u00ed\u0161en\u00edm 26 megapixelov, nov\u00fd, v\u00fdkonnej\u0161\u00ed procesor X-Processor 4. gener\u00e1cie, 100% pokrytie f\u00e1zovou detekciou automatick\u00e9ho zaostrovania, zaostrovanie v zl\u00fdch sveteln\u00fdch podmienkach do -3EV, nahr\u00e1vanie [&hellip;]<\/p>\n","protected":false},"author":27,"featured_media":7972,"comment_status":"open","ping_status":"open","sticky":false,"template":"","format":"standard","meta":[],"categories":[50,49],"tags":[96,112,91,5],"yoast_head":"<!-- This site is optimized with the Yoast SEO plugin v19.1 - https:\/\/yoast.com\/wordpress\/plugins\/seo\/ -->\n<title>Fujifilm X-T30 - CEWE Fotolab blog<\/title>\n<meta name=\"description\" content=\"Jeden z najpopul\u00e1rnej\u0161\u00edch modelov fotoapar\u00e1tov Fujifilm X m\u00e1 n\u00e1stupcu! D\u00f4stojn\u00e9ho, siln\u00e9ho a pripraven\u00e9ho \u010deli\u0165 v\u0161etk\u00fdm v\u00fdzvam, ktor\u00e9 mu naserv\u00edrujete. D\u00e1my a p\u00e1ni, priv\u00edtajme Fujifilm X-T30.\" \/>\n<meta name=\"robots\" content=\"index, follow, max-snippet:-1, max-image-preview:large, max-video-preview:-1\" \/>\n<link rel=\"canonical\" href=\"https:\/\/www.fotolab.sk\/blog\/fujifilm-x-t30\/\" \/>\n<meta property=\"og:locale\" content=\"sk_SK\" \/>\n<meta property=\"og:type\" content=\"article\" \/>\n<meta property=\"og:title\" content=\"Fujifilm X-T30 - CEWE Fotolab blog\" \/>\n<meta property=\"og:description\" content=\"Jeden z najpopul\u00e1rnej\u0161\u00edch modelov fotoapar\u00e1tov Fujifilm X m\u00e1 n\u00e1stupcu! D\u00f4stojn\u00e9ho, siln\u00e9ho a pripraven\u00e9ho \u010deli\u0165 v\u0161etk\u00fdm v\u00fdzvam, ktor\u00e9 mu naserv\u00edrujete. D\u00e1my a p\u00e1ni, priv\u00edtajme Fujifilm X-T30.\" \/>\n<meta property=\"og:url\" content=\"https:\/\/www.fotolab.sk\/blog\/fujifilm-x-t30\/\" \/>\n<meta property=\"og:site_name\" content=\"CEWE Fotolab blog\" \/>\n<meta property=\"article:published_time\" content=\"2019-03-04T08:01:30+00:00\" \/>\n<meta property=\"article:modified_time\" content=\"2019-03-04T08:06:46+00:00\" \/>\n<meta property=\"og:image\" content=\"https:\/\/blog.fotolab.sk\/wp-content\/uploads\/2019\/03\/titulka.jpg\" \/>\n\t<meta property=\"og:image:width\" content=\"1500\" \/>\n\t<meta property=\"og:image:height\" content=\"500\" \/>\n\t<meta property=\"og:image:type\" content=\"image\/jpeg\" \/>\n<meta name=\"twitter:label1\" content=\"Autor:\" \/>\n\t<meta name=\"twitter:data1\" content=\"Martin Farka\u0161\" \/>\n\t<meta name=\"twitter:label2\" content=\"Predpokladan\u00fd \u010das \u010d\u00edtania\" \/>\n\t<meta name=\"twitter:data2\" content=\"5 min\u00fat\" \/>\n<script type=\"application\/ld+json\" class=\"yoast-schema-graph\">{\"@context\":\"https:\/\/schema.org\",\"@graph\":[{\"@type\":\"WebSite\",\"@id\":\"https:\/\/www.fotolab.sk\/blog\/#website\",\"url\":\"https:\/\/www.fotolab.sk\/blog\/\",\"name\":\"CEWE Fotolab blog\",\"description\":\"Blog ur\u010den\u00fd pre fan\u00fa\u0161ikov fotografie a sveta okolo nej.\",\"potentialAction\":[{\"@type\":\"SearchAction\",\"target\":{\"@type\":\"EntryPoint\",\"urlTemplate\":\"https:\/\/www.fotolab.sk\/blog\/?s={search_term_string}\"},\"query-input\":\"required name=search_term_string\"}],\"inLanguage\":\"sk-SK\"},{\"@type\":\"ImageObject\",\"inLanguage\":\"sk-SK\",\"@id\":\"https:\/\/www.fotolab.sk\/blog\/fujifilm-x-t30\/#primaryimage\",\"url\":\"https:\/\/blog.fotolab.sk\/wp-content\/uploads\/2019\/03\/titulka.jpg\",\"contentUrl\":\"https:\/\/blog.fotolab.sk\/wp-content\/uploads\/2019\/03\/titulka.jpg\",\"width\":1500,\"height\":500},{\"@type\":\"WebPage\",\"@id\":\"https:\/\/www.fotolab.sk\/blog\/fujifilm-x-t30\/#webpage\",\"url\":\"https:\/\/www.fotolab.sk\/blog\/fujifilm-x-t30\/\",\"name\":\"Fujifilm X-T30 - CEWE Fotolab blog\",\"isPartOf\":{\"@id\":\"https:\/\/www.fotolab.sk\/blog\/#website\"},\"primaryImageOfPage\":{\"@id\":\"https:\/\/www.fotolab.sk\/blog\/fujifilm-x-t30\/#primaryimage\"},\"datePublished\":\"2019-03-04T08:01:30+00:00\",\"dateModified\":\"2019-03-04T08:06:46+00:00\",\"author\":{\"@id\":\"https:\/\/www.fotolab.sk\/blog\/#\/schema\/person\/f7b077bee79c843ec44ddfc513199029\"},\"description\":\"Jeden z najpopul\u00e1rnej\u0161\u00edch modelov fotoapar\u00e1tov Fujifilm X m\u00e1 n\u00e1stupcu! D\u00f4stojn\u00e9ho, siln\u00e9ho a pripraven\u00e9ho \u010deli\u0165 v\u0161etk\u00fdm v\u00fdzvam, ktor\u00e9 mu naserv\u00edrujete. D\u00e1my a p\u00e1ni, priv\u00edtajme Fujifilm X-T30.\",\"breadcrumb\":{\"@id\":\"https:\/\/www.fotolab.sk\/blog\/fujifilm-x-t30\/#breadcrumb\"},\"inLanguage\":\"sk-SK\",\"potentialAction\":[{\"@type\":\"ReadAction\",\"target\":[\"https:\/\/www.fotolab.sk\/blog\/fujifilm-x-t30\/\"]}]},{\"@type\":\"BreadcrumbList\",\"@id\":\"https:\/\/www.fotolab.sk\/blog\/fujifilm-x-t30\/#breadcrumb\",\"itemListElement\":[{\"@type\":\"ListItem\",\"position\":1,\"name\":\"Home\",\"item\":\"https:\/\/www.fotolab.sk\/blog\/\"},{\"@type\":\"ListItem\",\"position\":2,\"name\":\"Fujifilm X-T30\"}]},{\"@type\":\"Person\",\"@id\":\"https:\/\/www.fotolab.sk\/blog\/#\/schema\/person\/f7b077bee79c843ec44ddfc513199029\",\"name\":\"Martin Farka\u0161\",\"image\":{\"@type\":\"ImageObject\",\"inLanguage\":\"sk-SK\",\"@id\":\"https:\/\/www.fotolab.sk\/blog\/#\/schema\/person\/image\/\",\"url\":\"https:\/\/secure.gravatar.com\/avatar\/780fcefe2a11d28bc6f291673944a60e?s=96&d=mm&r=g\",\"contentUrl\":\"https:\/\/secure.gravatar.com\/avatar\/780fcefe2a11d28bc6f291673944a60e?s=96&d=mm&r=g\",\"caption\":\"Martin Farka\u0161\"},\"description\":\"Prem\u00fd\u0161\u013eam, \u010do o sebe nap\u00edsa\u0165. Za\u010da\u0165 vetou: \u201eFotoapar\u00e1t som chytil do ruky ...\\\" je otrepan\u00e9. Chcel by som o sebe nap\u00edsa\u0165 nie\u010do kreat\u00edvne, nie\u010do, \u010do by vyjadrilo, \u017ee r\u00e1d vym\u00fd\u0161\u013eam nov\u00e9 veci, nav\u0161tevujem netradi\u010dn\u00e9 miesta a st\u00e1le sa sna\u017e\u00edm nau\u010di\u0165 nie\u010do nov\u00e9. P\u00edsanie o sebe mi ale nikdy ne\u0161lo ...\",\"url\":\"https:\/\/www.fotolab.sk\/blog\/author\/matofarkas\/\"}]}<\/script>\n<!-- \/ Yoast SEO plugin. -->","yoast_head_json":{"title":"Fujifilm X-T30 - CEWE Fotolab blog","description":"Jeden z najpopul\u00e1rnej\u0161\u00edch modelov fotoapar\u00e1tov Fujifilm X m\u00e1 n\u00e1stupcu! D\u00f4stojn\u00e9ho, siln\u00e9ho a pripraven\u00e9ho \u010deli\u0165 v\u0161etk\u00fdm v\u00fdzvam, ktor\u00e9 mu naserv\u00edrujete. D\u00e1my a p\u00e1ni, priv\u00edtajme Fujifilm X-T30.","robots":{"index":"index","follow":"follow","max-snippet":"max-snippet:-1","max-image-preview":"max-image-preview:large","max-video-preview":"max-video-preview:-1"},"canonical":"https:\/\/www.fotolab.sk\/blog\/fujifilm-x-t30\/","og_locale":"sk_SK","og_type":"article","og_title":"Fujifilm X-T30 - CEWE Fotolab blog","og_description":"Jeden z najpopul\u00e1rnej\u0161\u00edch modelov fotoapar\u00e1tov Fujifilm X m\u00e1 n\u00e1stupcu! D\u00f4stojn\u00e9ho, siln\u00e9ho a pripraven\u00e9ho \u010deli\u0165 v\u0161etk\u00fdm v\u00fdzvam, ktor\u00e9 mu naserv\u00edrujete. D\u00e1my a p\u00e1ni, priv\u00edtajme Fujifilm X-T30.","og_url":"https:\/\/www.fotolab.sk\/blog\/fujifilm-x-t30\/","og_site_name":"CEWE Fotolab blog","article_published_time":"2019-03-04T08:01:30+00:00","article_modified_time":"2019-03-04T08:06:46+00:00","og_image":[{"width":1500,"height":500,"url":"https:\/\/blog.fotolab.sk\/wp-content\/uploads\/2019\/03\/titulka.jpg","type":"image\/jpeg"}],"twitter_misc":{"Autor:":"Martin Farka\u0161","Predpokladan\u00fd \u010das \u010d\u00edtania":"5 min\u00fat"},"schema":{"@context":"https:\/\/schema.org","@graph":[{"@type":"WebSite","@id":"https:\/\/www.fotolab.sk\/blog\/#website","url":"https:\/\/www.fotolab.sk\/blog\/","name":"CEWE Fotolab blog","description":"Blog ur\u010den\u00fd pre fan\u00fa\u0161ikov fotografie a sveta okolo nej.","potentialAction":[{"@type":"SearchAction","target":{"@type":"EntryPoint","urlTemplate":"https:\/\/www.fotolab.sk\/blog\/?s={search_term_string}"},"query-input":"required name=search_term_string"}],"inLanguage":"sk-SK"},{"@type":"ImageObject","inLanguage":"sk-SK","@id":"https:\/\/www.fotolab.sk\/blog\/fujifilm-x-t30\/#primaryimage","url":"https:\/\/blog.fotolab.sk\/wp-content\/uploads\/2019\/03\/titulka.jpg","contentUrl":"https:\/\/blog.fotolab.sk\/wp-content\/uploads\/2019\/03\/titulka.jpg","width":1500,"height":500},{"@type":"WebPage","@id":"https:\/\/www.fotolab.sk\/blog\/fujifilm-x-t30\/#webpage","url":"https:\/\/www.fotolab.sk\/blog\/fujifilm-x-t30\/","name":"Fujifilm X-T30 - CEWE Fotolab blog","isPartOf":{"@id":"https:\/\/www.fotolab.sk\/blog\/#website"},"primaryImageOfPage":{"@id":"https:\/\/www.fotolab.sk\/blog\/fujifilm-x-t30\/#primaryimage"},"datePublished":"2019-03-04T08:01:30+00:00","dateModified":"2019-03-04T08:06:46+00:00","author":{"@id":"https:\/\/www.fotolab.sk\/blog\/#\/schema\/person\/f7b077bee79c843ec44ddfc513199029"},"description":"Jeden z najpopul\u00e1rnej\u0161\u00edch modelov fotoapar\u00e1tov Fujifilm X m\u00e1 n\u00e1stupcu! D\u00f4stojn\u00e9ho, siln\u00e9ho a pripraven\u00e9ho \u010deli\u0165 v\u0161etk\u00fdm v\u00fdzvam, ktor\u00e9 mu naserv\u00edrujete. D\u00e1my a p\u00e1ni, priv\u00edtajme Fujifilm X-T30.","breadcrumb":{"@id":"https:\/\/www.fotolab.sk\/blog\/fujifilm-x-t30\/#breadcrumb"},"inLanguage":"sk-SK","potentialAction":[{"@type":"ReadAction","target":["https:\/\/www.fotolab.sk\/blog\/fujifilm-x-t30\/"]}]},{"@type":"BreadcrumbList","@id":"https:\/\/www.fotolab.sk\/blog\/fujifilm-x-t30\/#breadcrumb","itemListElement":[{"@type":"ListItem","position":1,"name":"Home","item":"https:\/\/www.fotolab.sk\/blog\/"},{"@type":"ListItem","position":2,"name":"Fujifilm X-T30"}]},{"@type":"Person","@id":"https:\/\/www.fotolab.sk\/blog\/#\/schema\/person\/f7b077bee79c843ec44ddfc513199029","name":"Martin Farka\u0161","image":{"@type":"ImageObject","inLanguage":"sk-SK","@id":"https:\/\/www.fotolab.sk\/blog\/#\/schema\/person\/image\/","url":"https:\/\/secure.gravatar.com\/avatar\/780fcefe2a11d28bc6f291673944a60e?s=96&d=mm&r=g","contentUrl":"https:\/\/secure.gravatar.com\/avatar\/780fcefe2a11d28bc6f291673944a60e?s=96&d=mm&r=g","caption":"Martin Farka\u0161"},"description":"Prem\u00fd\u0161\u013eam, \u010do o sebe nap\u00edsa\u0165. Za\u010da\u0165 vetou: \u201eFotoapar\u00e1t som chytil do ruky ...\" je otrepan\u00e9. Chcel by som o sebe nap\u00edsa\u0165 nie\u010do kreat\u00edvne, nie\u010do, \u010do by vyjadrilo, \u017ee r\u00e1d vym\u00fd\u0161\u013eam nov\u00e9 veci, nav\u0161tevujem netradi\u010dn\u00e9 miesta a st\u00e1le sa sna\u017e\u00edm nau\u010di\u0165 nie\u010do nov\u00e9. P\u00edsanie o sebe mi ale nikdy ne\u0161lo ...","url":"https:\/\/www.fotolab.sk\/blog\/author\/matofarkas\/"}]}},"_links":{"self":[{"href":"https:\/\/www.fotolab.sk\/blog\/wp-json\/wp\/v2\/posts\/7965"}],"collection":[{"href":"https:\/\/www.fotolab.sk\/blog\/wp-json\/wp\/v2\/posts"}],"about":[{"href":"https:\/\/www.fotolab.sk\/blog\/wp-json\/wp\/v2\/types\/post"}],"author":[{"embeddable":true,"href":"https:\/\/www.fotolab.sk\/blog\/wp-json\/wp\/v2\/users\/27"}],"replies":[{"embeddable":true,"href":"https:\/\/www.fotolab.sk\/blog\/wp-json\/wp\/v2\/comments?post=7965"}],"version-history":[{"count":3,"href":"https:\/\/www.fotolab.sk\/blog\/wp-json\/wp\/v2\/posts\/7965\/revisions"}],"predecessor-version":[{"id":7976,"href":"https:\/\/www.fotolab.sk\/blog\/wp-json\/wp\/v2\/posts\/7965\/revisions\/7976"}],"wp:featuredmedia":[{"embeddable":true,"href":"https:\/\/www.fotolab.sk\/blog\/wp-json\/wp\/v2\/media\/7972"}],"wp:attachment":[{"href":"https:\/\/www.fotolab.sk\/blog\/wp-json\/wp\/v2\/media?parent=7965"}],"wp:term":[{"taxonomy":"category","embeddable":true,"href":"https:\/\/www.fotolab.sk\/blog\/wp-json\/wp\/v2\/categories?post=7965"},{"taxonomy":"post_tag","embeddable":true,"href":"https:\/\/www.fotolab.sk\/blog\/wp-json\/wp\/v2\/tags?post=7965"}],"curies":[{"name":"wp","href":"https:\/\/api.w.org\/{rel}","templated":true}]}}