
{"id":6671,"date":"2018-10-15T15:41:10","date_gmt":"2018-10-15T13:41:10","guid":{"rendered":"https:\/\/www.fotolab.sk\/blog\/?p=6671"},"modified":"2018-10-15T09:49:50","modified_gmt":"2018-10-15T07:49:50","slug":"natacanie-videi-z-ciest","status":"publish","type":"post","link":"https:\/\/www.fotolab.sk\/blog\/natacanie-videi-z-ciest\/","title":{"rendered":"Nat\u00e1\u010danie vide\u00ed z ciest"},"content":{"rendered":"<h4>Slovo cestovanie je ur\u010dite bl\u00edzke mnoh\u00fdm z v\u00e1s.<\/h4>\n<p>Ve\u010f kto by nemal r\u00e1d cestovanie? Mysl\u00edm, \u017ee nikto. S\u00e1m som si \u00a0na za\u010diatku kl\u00e1dol ot\u00e1zku, cestova\u0165 alebo nie? Dlho som nad t\u00fdm prem\u00fd\u0161\u013eal, \u010di budem ma\u0165 na to dos\u0165 financi\u00ed, \u010do mi to v \u017eivote d\u00e1 a hlavn\u00fdm probl\u00e9mom bol cudz\u00ed jazyk. Ve\u013emi slabo ovl\u00e1dam angli\u010dtinu a st\u00e1le si hovor\u00edm, \u017eeby som sa ju u\u017e mohol naozaj za\u010da\u0165 u\u010di\u0165.<\/p>\n<p>Po p\u00e1r precestovan\u00fdch krajin\u00e1ch, som si uvedomil, \u017ee cestovanie zmenilo m\u00f4j poh\u013ead na \u017eivot o 180 stup\u0148ov. Zbavil som sa v\u0161etk\u00fdch zl\u00fdch predsudkov, ktor\u00e9 som si nam\u00fd\u0161\u013eal a ktor\u00e9 mi okolie tla\u010dilo do hlavy &#8211; necho\u010f tam lebo tam je vojna, necho\u010f tam lebo tam ti ubl\u00ed\u017eia alebo necho\u010f tam lebo tam je in\u00fd \u017eivot ako u n\u00e1s. Ve\u013ea m\u00e1 nau\u010dilo spozn\u00e1vanie nov\u00fdch \u013eud\u00ed a r\u00f4znych kult\u00far in\u00fdch kraj\u00edn. \u00a0Ka\u017ed\u00fd by sa mal vybra\u0165 do sveta a spozn\u00e1va\u0165 kr\u00e1sy kraj\u00edn po celom svete.<\/p>\n<p><a href=\"https:\/\/blog.fotolab.sk\/wp-content\/uploads\/2018\/08\/IZR00192-2.jpg\"><img decoding=\"async\" loading=\"lazy\" class=\"alignnone size-large wp-image-6681\" src=\"https:\/\/blog.fotolab.sk\/wp-content\/uploads\/2018\/08\/IZR00192-2-1024x576.jpg\" alt=\"\" width=\"770\" height=\"433\" srcset=\"https:\/\/blog.fotolab.sk\/wp-content\/uploads\/2018\/08\/IZR00192-2-1024x576.jpg 1024w, https:\/\/blog.fotolab.sk\/wp-content\/uploads\/2018\/08\/IZR00192-2-300x169.jpg 300w, https:\/\/blog.fotolab.sk\/wp-content\/uploads\/2018\/08\/IZR00192-2-768x432.jpg 768w, https:\/\/blog.fotolab.sk\/wp-content\/uploads\/2018\/08\/IZR00192-2-370x208.jpg 370w, https:\/\/blog.fotolab.sk\/wp-content\/uploads\/2018\/08\/IZR00192-2-270x152.jpg 270w, https:\/\/blog.fotolab.sk\/wp-content\/uploads\/2018\/08\/IZR00192-2-740x416.jpg 740w\" sizes=\"(max-width: 770px) 100vw, 770px\" \/><\/a><\/p>\n<p>Pomedzi to ako som cestoval, som ob\u010das nato\u010dil nejak\u00e9 video a nesk\u00f4r ho dal na <a href=\"https:\/\/www.youtube.com\/channel\/UC4xsGPE4aEMYYzY2-xmTmXw\/featured\" target=\"_blank\" rel=\"noopener\">YouTube<\/a>. Vtedy som si e\u0161te nepomyslel, \u017eeby ma to mohlo bavi\u0165 tak, ako ma to bav\u00ed teraz!<\/p>\n<p>Ke\u010f som i\u0161iel tento rok koncom febru\u00e1ra do Izraela a Jord\u00e1nska, polo\u017eil som si ot\u00e1zku: Sk\u00fasim nato\u010di\u0165 VLOG? Za\u010dal som to\u010di\u0165 v\u0161etko od prv\u00e9ho d\u0148a a\u017e som z toho zostrihal prv\u00fd vlog a n\u00e1sledne aj \u010fal\u0161ie tri \u010dasti. Aj ke\u010f tieto diely nemal\u00e1 vysok\u00e9 \u010d\u00edslo viden\u00ed, pre m\u0148a to bol mal\u00fd \u00faspech.<\/p>\n<p>Mo\u017eno by ste aj vy chceli nato\u010di\u0165 svoje prv\u00e9 video pr\u00edpadne rovno vlog a p\u00fdtate sa sami seba, ak\u00fa techniku k\u00a0tomu potrebujete a \u010do je vhodn\u00e9 pre nat\u00e1\u010danie videa. Predstav\u00edm v\u00e1m techniku, ktor\u00fa pou\u017e\u00edvam ja a mo\u017eno v\u00e1m d\u00e1m in\u0161pir\u00e1ciu na to aby ste za\u010dali to\u010di\u0165.<\/p>\n<p><a href=\"https:\/\/blog.fotolab.sk\/wp-content\/uploads\/2018\/08\/IMG_1408.jpg\"><img decoding=\"async\" loading=\"lazy\" class=\"alignnone size-large wp-image-6678\" src=\"https:\/\/blog.fotolab.sk\/wp-content\/uploads\/2018\/08\/IMG_1408-1024x768.jpg\" alt=\"\" width=\"770\" height=\"578\" srcset=\"https:\/\/blog.fotolab.sk\/wp-content\/uploads\/2018\/08\/IMG_1408-1024x768.jpg 1024w, https:\/\/blog.fotolab.sk\/wp-content\/uploads\/2018\/08\/IMG_1408-300x225.jpg 300w, https:\/\/blog.fotolab.sk\/wp-content\/uploads\/2018\/08\/IMG_1408-768x576.jpg 768w, https:\/\/blog.fotolab.sk\/wp-content\/uploads\/2018\/08\/IMG_1408-370x278.jpg 370w, https:\/\/blog.fotolab.sk\/wp-content\/uploads\/2018\/08\/IMG_1408-270x203.jpg 270w, https:\/\/blog.fotolab.sk\/wp-content\/uploads\/2018\/08\/IMG_1408-740x555.jpg 740w, https:\/\/blog.fotolab.sk\/wp-content\/uploads\/2018\/08\/IMG_1408-80x60.jpg 80w\" sizes=\"(max-width: 770px) 100vw, 770px\" \/><\/a><\/p>\n<p>Telo fotoapar\u00e1tu pou\u017e\u00edvam od zna\u010dky Sony \u00a0<a href=\"https:\/\/www.fotolab.sk\/eshop\/kiosk\/sony\/nezrkadlovky-csc\/sony-alpha-7r-iii-telo.html?listtype=searchfulltext&amp;searchparamfull=sony%20A7%20r%203\" target=\"_blank\" rel=\"noopener\">model A7R3<\/a>, k tomu som mal na za\u010diatok setov\u00fd objekt\u00edv Sony 28-70 mm. Nesk\u00f4r som si k\u00fapil profi objekt\u00edv Sony Zeiss 55 mm. Okrem toho u\u017e m\u00e1m aj na vlogy \u00a0vhodn\u00fd,\u00a0 \u0161irokouhl\u00fd objekt\u00edv od zna\u010dky <a href=\"https:\/\/www.fotolab.sk\/eshop\/objektivy\/samyang-14mm-f-2-8-pre-canon-skvele-darceky.html?listtype=searchfulltext&amp;searchparamfull=Samyang%2014%20mm%20s%20AF\" target=\"_blank\" rel=\"noopener\">Samyang 14 mm s AF<\/a>.<\/p>\n<p>Na to\u010denie vlogov je vhodn\u00e9 pou\u017e\u00edva\u0165 stat\u00edv \u2013 tripod.\u00a0 Ja konkr\u00e9tne pou\u017e\u00edvam od <a href=\"https:\/\/www.fotolab.sk\/eshop\/kiosk\/olympus\/prislusenstvo\/stativy\/joby-gorillapod-3k-stand.html?listtype=searchfulltext&amp;searchparamfull=joby\" target=\"_blank\" rel=\"noopener\">zna\u010dky Joby<\/a>, kv\u00f4li kvalite a\u00a0pevnosti.<\/p>\n<p>Vlog by mal ma\u0165 kvalitn\u00fd zvuk a kone\u010dne ho budem ma\u0165 aj ja! Zak\u00fapil som si mikrofon zna\u010dky Boya (\u010d\u00ednska napodobenina mikrof\u00f3nu Rode), je o polovicu lacnej\u0161\u00ed a spolupracuje dobre. Po\u010das to\u010denia pou\u017e\u00edvam \u010dasto aj svoju mali\u010dku kamerku &#8211; GoPro Hero 6. Po\u010das jej pou\u017e\u00edvania nezab\u00fadam ani na selfie ty\u010d. Aby ste mali kvalitn\u00e9 z\u00e1bery s vysok\u00fdm rozl\u00ed\u0161en\u00edm potrebujete vyhovuj\u00face SD karty. Do zrkadlovky pou\u017e\u00edvam preva\u017ene kartu zna\u010dky <a href=\"https:\/\/www.fotolab.sk\/eshop\/kiosk\/canon\/prislusenstvo\/pamatove-media\/sandisk-sdhc-extreme-pro-16gb-class-10.html?listtype=searchfulltext&amp;searchparamfull=san%20disk\" target=\"_blank\" rel=\"noopener\">SANDISK Extreme PRO<\/a>. Do GoPro-\u010dky pou\u017e\u00edvam Sandisk Ultra.<\/p>\n<p>Ak nat\u00e1\u010dam travel video, kde sa s\u00fastred\u00edm na kvalitn\u00e9 a rovn\u00e9 z\u00e1bery, pou\u017e\u00edvam aj stabiliz\u00e1tor zna\u010dky Zhiyun Crane 2 (najnov\u0161\u00ed model). Okey, to by bola moja v\u00fdbava.<\/p>\n<p>\u010co by ste mohli pou\u017e\u00edva\u0165 na za\u010diatok?\u00a0 Na prv\u00e9 videa posta\u010duje mal\u00e1 \u0161ikovn\u00e1 kamera.<\/p>\n<p><a href=\"https:\/\/blog.fotolab.sk\/wp-content\/uploads\/2018\/08\/IZR00924.jpg\"><img decoding=\"async\" loading=\"lazy\" class=\"alignnone size-large wp-image-6685\" src=\"https:\/\/blog.fotolab.sk\/wp-content\/uploads\/2018\/08\/IZR00924-1024x576.jpg\" alt=\"\" width=\"770\" height=\"433\" srcset=\"https:\/\/blog.fotolab.sk\/wp-content\/uploads\/2018\/08\/IZR00924-1024x576.jpg 1024w, https:\/\/blog.fotolab.sk\/wp-content\/uploads\/2018\/08\/IZR00924-300x169.jpg 300w, https:\/\/blog.fotolab.sk\/wp-content\/uploads\/2018\/08\/IZR00924-768x432.jpg 768w, https:\/\/blog.fotolab.sk\/wp-content\/uploads\/2018\/08\/IZR00924-370x208.jpg 370w, https:\/\/blog.fotolab.sk\/wp-content\/uploads\/2018\/08\/IZR00924-270x152.jpg 270w, https:\/\/blog.fotolab.sk\/wp-content\/uploads\/2018\/08\/IZR00924-740x416.jpg 740w\" sizes=\"(max-width: 770px) 100vw, 770px\" \/><\/a><\/p>\n<p>Na to\u010denie prv\u00fdch vide\u00ed alebo vlogov v\u00e1m sta\u010d\u00ed kamerka Go Pro \u2013 nov\u00fd \u010di star\u0161\u00ed model. GoPro m\u00e1 dosta\u010duj\u00facu kvalitu a zvuk. \u0160irokouhl\u00fd obraz, do ktor\u00e9ho sa zmesti naozaj v\u0161etko a\u00a0zaru\u010d\u00ed \u017ee va\u0161e z\u00e1bery z v\u00fdletu bud\u00fa naozaj kr\u00e1sne!<\/p>\n<p><a href=\"https:\/\/blog.fotolab.sk\/wp-content\/uploads\/2018\/08\/IZR00363.jpg\"><img decoding=\"async\" loading=\"lazy\" class=\"alignnone size-large wp-image-6683\" src=\"https:\/\/blog.fotolab.sk\/wp-content\/uploads\/2018\/08\/IZR00363-1024x683.jpg\" alt=\"\" width=\"770\" height=\"514\" srcset=\"https:\/\/blog.fotolab.sk\/wp-content\/uploads\/2018\/08\/IZR00363-1024x683.jpg 1024w, https:\/\/blog.fotolab.sk\/wp-content\/uploads\/2018\/08\/IZR00363-300x200.jpg 300w, https:\/\/blog.fotolab.sk\/wp-content\/uploads\/2018\/08\/IZR00363-768x512.jpg 768w, https:\/\/blog.fotolab.sk\/wp-content\/uploads\/2018\/08\/IZR00363-370x247.jpg 370w, https:\/\/blog.fotolab.sk\/wp-content\/uploads\/2018\/08\/IZR00363-270x180.jpg 270w, https:\/\/blog.fotolab.sk\/wp-content\/uploads\/2018\/08\/IZR00363-740x494.jpg 740w\" sizes=\"(max-width: 770px) 100vw, 770px\" \/><\/a><\/p>\n<p>Odpor\u00fa\u010dam neupravova\u0165 z\u00e1bery z GoPro. T\u00fdm mysl\u00edm ColorGrading (\u00faprava farieb v z\u00e1beroch pri editovan\u00ed) pre sk\u00fasenej\u0161\u00edch, kv\u00f4li tomu, \u017ee po ColorGradingu sa v\u00e4\u010d\u0161inou ten obraz rozpadne a u\u017e nie je tak kvalitn\u00fd\/ostr\u00fd ako priamo z kamery.<\/p>\n<p>Ak ste u\u017e sk\u00fasenej\u0161\u00ed a budete ma\u0165 chu\u0165 do to\u010denia vide\u00ed investova\u0165 tro\u0161ku viac, m\u00f4\u017eete uva\u017eova\u0165 nad k\u00fapou zrkadlovky. Odpor\u00fa\u010dam na za\u010diatok napr. Canon 70D alebo <a href=\"https:\/\/www.fotolab.sk\/eshop\/kiosk\/canon-eos-80d-ef-s-18-135-is-usm-16-gb-extreme-karta-odrazna-doska-fomei-5v1-cashback-100-skvele-darceky.html?listtype=searchfulltext&amp;searchparamfull=Canon%2080D\" target=\"_blank\" rel=\"noopener\">80D<\/a>, s ktor\u00fdm m\u00e1m osobne sk\u00fasenosti. Canon je cenovo dostupn\u00fd, \u00a0m\u00e1 dobr\u00fd AutoFocus \u00a0a\u00a0u\u010dite v\u00e1s nesklame. Samozrejme je tu aj\u00a0 in\u00e1 mo\u017enos\u0165 a\u00a0to fotoapar\u00e1t Sony A6000 alebo <a href=\"https:\/\/www.fotolab.sk\/eshop\/digitalne-fotoaparaty\/nezrkadlovky-csc\/sony-alpha-a6300-16-50mm-cierny-skvele-darceky.html?listtype=searchfulltext&amp;searchparamfull=Sony%20A6300\" target=\"_blank\" rel=\"noopener\">A6300<\/a>, ktor\u00e9 s\u00fa v podobnej cene a povedal by som, \u017ee s\u00fa e\u0161te lep\u0161ie ako Canon. V\u00fdhodou Canon je len to, \u017ee maj\u00fa v\u00fdklopn\u00fd display. Av\u0161ak mo\u017eno v\u00e1s oslovia aj bezzrkadlovky od<a href=\"https:\/\/www.fotolab.sk\/eshop\/kiosk\/olympus\/nezrkadlovky-csc\/olympus-e-m10-mark-iii-telo-strieborne-25mm-f-1-8-uv-filter-sutaz-o-auto-skvele-darceky.html\" target=\"_blank\" rel=\"noopener\"> Olympusu<\/a>.<\/p>\n<p><a href=\"https:\/\/blog.fotolab.sk\/wp-content\/uploads\/2018\/08\/IZR00454.jpg\"><img decoding=\"async\" loading=\"lazy\" class=\"alignnone size-large wp-image-6684\" src=\"https:\/\/blog.fotolab.sk\/wp-content\/uploads\/2018\/08\/IZR00454-1024x576.jpg\" alt=\"\" width=\"770\" height=\"433\" srcset=\"https:\/\/blog.fotolab.sk\/wp-content\/uploads\/2018\/08\/IZR00454-1024x576.jpg 1024w, https:\/\/blog.fotolab.sk\/wp-content\/uploads\/2018\/08\/IZR00454-300x169.jpg 300w, https:\/\/blog.fotolab.sk\/wp-content\/uploads\/2018\/08\/IZR00454-768x432.jpg 768w, https:\/\/blog.fotolab.sk\/wp-content\/uploads\/2018\/08\/IZR00454-370x208.jpg 370w, https:\/\/blog.fotolab.sk\/wp-content\/uploads\/2018\/08\/IZR00454-270x152.jpg 270w, https:\/\/blog.fotolab.sk\/wp-content\/uploads\/2018\/08\/IZR00454-740x416.jpg 740w\" sizes=\"(max-width: 770px) 100vw, 770px\" \/><\/a><\/p>\n<p>Prajem v\u00e1m ve\u013ea \u00faspechov pri nat\u00e1\u010dan\u00ed prv\u00fdch vide\u00ed.<\/p>\n<hr \/>\n<p>&nbsp;<\/p>\n","protected":false},"excerpt":{"rendered":"<p>Slovo cestovanie je ur\u010dite bl\u00edzke mnoh\u00fdm z v\u00e1s. Ve\u010f kto by nemal r\u00e1d cestovanie? Mysl\u00edm, \u017ee nikto. S\u00e1m som si \u00a0na za\u010diatku kl\u00e1dol ot\u00e1zku, cestova\u0165 alebo nie? Dlho som nad t\u00fdm prem\u00fd\u0161\u013eal, \u010di budem ma\u0165 na to dos\u0165 financi\u00ed, \u010do mi to v \u017eivote d\u00e1 a hlavn\u00fdm probl\u00e9mom bol cudz\u00ed jazyk. Ve\u013emi slabo ovl\u00e1dam angli\u010dtinu [&hellip;]<\/p>\n","protected":false},"author":28,"featured_media":6679,"comment_status":"open","ping_status":"open","sticky":false,"template":"","format":"standard","meta":[],"categories":[50,52],"tags":[92,153,154],"yoast_head":"<!-- This site is optimized with the Yoast SEO plugin v19.1 - https:\/\/yoast.com\/wordpress\/plugins\/seo\/ -->\n<title>Nat\u00e1\u010danie vide\u00ed z ciest - fotolab.sk\/blog<\/title>\n<meta name=\"description\" content=\"Foti\u0165 alebo nat\u00e1\u010da\u0165 video po\u010das cestovania? O tom \u010do \u010dlovek potrebuje aby za\u010dal nat\u00e1\u010da\u0165 video\/vlog z ciest sme pripravili \u010dl\u00e1nok.\" \/>\n<meta name=\"robots\" content=\"index, follow, max-snippet:-1, max-image-preview:large, max-video-preview:-1\" \/>\n<link rel=\"canonical\" href=\"https:\/\/www.fotolab.sk\/blog\/natacanie-videi-z-ciest\/\" \/>\n<meta property=\"og:locale\" content=\"sk_SK\" \/>\n<meta property=\"og:type\" content=\"article\" \/>\n<meta property=\"og:title\" content=\"Nat\u00e1\u010danie vide\u00ed z ciest - fotolab.sk\/blog\" \/>\n<meta property=\"og:description\" content=\"Foti\u0165 alebo nat\u00e1\u010da\u0165 video po\u010das cestovania? O tom \u010do \u010dlovek potrebuje aby za\u010dal nat\u00e1\u010da\u0165 video\/vlog z ciest sme pripravili \u010dl\u00e1nok.\" \/>\n<meta property=\"og:url\" content=\"https:\/\/www.fotolab.sk\/blog\/natacanie-videi-z-ciest\/\" \/>\n<meta property=\"og:site_name\" content=\"CEWE Fotolab blog\" \/>\n<meta property=\"article:published_time\" content=\"2018-10-15T13:41:10+00:00\" \/>\n<meta property=\"article:modified_time\" content=\"2018-10-15T07:49:50+00:00\" \/>\n<meta property=\"og:image\" content=\"https:\/\/blog.fotolab.sk\/wp-content\/uploads\/2018\/08\/IZR00073-2.jpg\" \/>\n\t<meta property=\"og:image:width\" content=\"7952\" \/>\n\t<meta property=\"og:image:height\" content=\"4472\" \/>\n\t<meta property=\"og:image:type\" content=\"image\/jpeg\" \/>\n<meta name=\"twitter:label1\" content=\"Autor:\" \/>\n\t<meta name=\"twitter:data1\" content=\"kovyproduction\" \/>\n\t<meta name=\"twitter:label2\" content=\"Predpokladan\u00fd \u010das \u010d\u00edtania\" \/>\n\t<meta name=\"twitter:data2\" content=\"4 min\u00faty\" \/>\n<script type=\"application\/ld+json\" class=\"yoast-schema-graph\">{\"@context\":\"https:\/\/schema.org\",\"@graph\":[{\"@type\":\"WebSite\",\"@id\":\"https:\/\/www.fotolab.sk\/blog\/#website\",\"url\":\"https:\/\/www.fotolab.sk\/blog\/\",\"name\":\"CEWE Fotolab blog\",\"description\":\"Blog ur\u010den\u00fd pre fan\u00fa\u0161ikov fotografie a sveta okolo nej.\",\"potentialAction\":[{\"@type\":\"SearchAction\",\"target\":{\"@type\":\"EntryPoint\",\"urlTemplate\":\"https:\/\/www.fotolab.sk\/blog\/?s={search_term_string}\"},\"query-input\":\"required name=search_term_string\"}],\"inLanguage\":\"sk-SK\"},{\"@type\":\"ImageObject\",\"inLanguage\":\"sk-SK\",\"@id\":\"https:\/\/www.fotolab.sk\/blog\/natacanie-videi-z-ciest\/#primaryimage\",\"url\":\"https:\/\/blog.fotolab.sk\/wp-content\/uploads\/2018\/08\/IZR00073-2.jpg\",\"contentUrl\":\"https:\/\/blog.fotolab.sk\/wp-content\/uploads\/2018\/08\/IZR00073-2.jpg\",\"width\":7952,\"height\":4472},{\"@type\":\"WebPage\",\"@id\":\"https:\/\/www.fotolab.sk\/blog\/natacanie-videi-z-ciest\/#webpage\",\"url\":\"https:\/\/www.fotolab.sk\/blog\/natacanie-videi-z-ciest\/\",\"name\":\"Nat\u00e1\u010danie vide\u00ed z ciest - fotolab.sk\/blog\",\"isPartOf\":{\"@id\":\"https:\/\/www.fotolab.sk\/blog\/#website\"},\"primaryImageOfPage\":{\"@id\":\"https:\/\/www.fotolab.sk\/blog\/natacanie-videi-z-ciest\/#primaryimage\"},\"datePublished\":\"2018-10-15T13:41:10+00:00\",\"dateModified\":\"2018-10-15T07:49:50+00:00\",\"author\":{\"@id\":\"https:\/\/www.fotolab.sk\/blog\/#\/schema\/person\/b5697f42e273f79e978de25330296f18\"},\"description\":\"Foti\u0165 alebo nat\u00e1\u010da\u0165 video po\u010das cestovania? O tom \u010do \u010dlovek potrebuje aby za\u010dal nat\u00e1\u010da\u0165 video\/vlog z ciest sme pripravili \u010dl\u00e1nok.\",\"breadcrumb\":{\"@id\":\"https:\/\/www.fotolab.sk\/blog\/natacanie-videi-z-ciest\/#breadcrumb\"},\"inLanguage\":\"sk-SK\",\"potentialAction\":[{\"@type\":\"ReadAction\",\"target\":[\"https:\/\/www.fotolab.sk\/blog\/natacanie-videi-z-ciest\/\"]}]},{\"@type\":\"BreadcrumbList\",\"@id\":\"https:\/\/www.fotolab.sk\/blog\/natacanie-videi-z-ciest\/#breadcrumb\",\"itemListElement\":[{\"@type\":\"ListItem\",\"position\":1,\"name\":\"Home\",\"item\":\"https:\/\/www.fotolab.sk\/blog\/\"},{\"@type\":\"ListItem\",\"position\":2,\"name\":\"Nat\u00e1\u010danie vide\u00ed z ciest\"}]},{\"@type\":\"Person\",\"@id\":\"https:\/\/www.fotolab.sk\/blog\/#\/schema\/person\/b5697f42e273f79e978de25330296f18\",\"name\":\"kovyproduction\",\"image\":{\"@type\":\"ImageObject\",\"inLanguage\":\"sk-SK\",\"@id\":\"https:\/\/www.fotolab.sk\/blog\/#\/schema\/person\/image\/\",\"url\":\"https:\/\/secure.gravatar.com\/avatar\/989eb6b3ac459d668ce7c3580c1ce7a5?s=96&d=mm&r=g\",\"contentUrl\":\"https:\/\/secure.gravatar.com\/avatar\/989eb6b3ac459d668ce7c3580c1ce7a5?s=96&d=mm&r=g\",\"caption\":\"kovyproduction\"},\"sameAs\":[\"https:\/\/www.instagram.com\/kovyproduction\/\"],\"url\":\"https:\/\/www.fotolab.sk\/blog\/author\/matej\/\"}]}<\/script>\n<!-- \/ Yoast SEO plugin. -->","yoast_head_json":{"title":"Nat\u00e1\u010danie vide\u00ed z ciest - fotolab.sk\/blog","description":"Foti\u0165 alebo nat\u00e1\u010da\u0165 video po\u010das cestovania? O tom \u010do \u010dlovek potrebuje aby za\u010dal nat\u00e1\u010da\u0165 video\/vlog z ciest sme pripravili \u010dl\u00e1nok.","robots":{"index":"index","follow":"follow","max-snippet":"max-snippet:-1","max-image-preview":"max-image-preview:large","max-video-preview":"max-video-preview:-1"},"canonical":"https:\/\/www.fotolab.sk\/blog\/natacanie-videi-z-ciest\/","og_locale":"sk_SK","og_type":"article","og_title":"Nat\u00e1\u010danie vide\u00ed z ciest - fotolab.sk\/blog","og_description":"Foti\u0165 alebo nat\u00e1\u010da\u0165 video po\u010das cestovania? O tom \u010do \u010dlovek potrebuje aby za\u010dal nat\u00e1\u010da\u0165 video\/vlog z ciest sme pripravili \u010dl\u00e1nok.","og_url":"https:\/\/www.fotolab.sk\/blog\/natacanie-videi-z-ciest\/","og_site_name":"CEWE Fotolab blog","article_published_time":"2018-10-15T13:41:10+00:00","article_modified_time":"2018-10-15T07:49:50+00:00","og_image":[{"width":7952,"height":4472,"url":"https:\/\/blog.fotolab.sk\/wp-content\/uploads\/2018\/08\/IZR00073-2.jpg","type":"image\/jpeg"}],"twitter_misc":{"Autor:":"kovyproduction","Predpokladan\u00fd \u010das \u010d\u00edtania":"4 min\u00faty"},"schema":{"@context":"https:\/\/schema.org","@graph":[{"@type":"WebSite","@id":"https:\/\/www.fotolab.sk\/blog\/#website","url":"https:\/\/www.fotolab.sk\/blog\/","name":"CEWE Fotolab blog","description":"Blog ur\u010den\u00fd pre fan\u00fa\u0161ikov fotografie a sveta okolo nej.","potentialAction":[{"@type":"SearchAction","target":{"@type":"EntryPoint","urlTemplate":"https:\/\/www.fotolab.sk\/blog\/?s={search_term_string}"},"query-input":"required name=search_term_string"}],"inLanguage":"sk-SK"},{"@type":"ImageObject","inLanguage":"sk-SK","@id":"https:\/\/www.fotolab.sk\/blog\/natacanie-videi-z-ciest\/#primaryimage","url":"https:\/\/blog.fotolab.sk\/wp-content\/uploads\/2018\/08\/IZR00073-2.jpg","contentUrl":"https:\/\/blog.fotolab.sk\/wp-content\/uploads\/2018\/08\/IZR00073-2.jpg","width":7952,"height":4472},{"@type":"WebPage","@id":"https:\/\/www.fotolab.sk\/blog\/natacanie-videi-z-ciest\/#webpage","url":"https:\/\/www.fotolab.sk\/blog\/natacanie-videi-z-ciest\/","name":"Nat\u00e1\u010danie vide\u00ed z ciest - fotolab.sk\/blog","isPartOf":{"@id":"https:\/\/www.fotolab.sk\/blog\/#website"},"primaryImageOfPage":{"@id":"https:\/\/www.fotolab.sk\/blog\/natacanie-videi-z-ciest\/#primaryimage"},"datePublished":"2018-10-15T13:41:10+00:00","dateModified":"2018-10-15T07:49:50+00:00","author":{"@id":"https:\/\/www.fotolab.sk\/blog\/#\/schema\/person\/b5697f42e273f79e978de25330296f18"},"description":"Foti\u0165 alebo nat\u00e1\u010da\u0165 video po\u010das cestovania? O tom \u010do \u010dlovek potrebuje aby za\u010dal nat\u00e1\u010da\u0165 video\/vlog z ciest sme pripravili \u010dl\u00e1nok.","breadcrumb":{"@id":"https:\/\/www.fotolab.sk\/blog\/natacanie-videi-z-ciest\/#breadcrumb"},"inLanguage":"sk-SK","potentialAction":[{"@type":"ReadAction","target":["https:\/\/www.fotolab.sk\/blog\/natacanie-videi-z-ciest\/"]}]},{"@type":"BreadcrumbList","@id":"https:\/\/www.fotolab.sk\/blog\/natacanie-videi-z-ciest\/#breadcrumb","itemListElement":[{"@type":"ListItem","position":1,"name":"Home","item":"https:\/\/www.fotolab.sk\/blog\/"},{"@type":"ListItem","position":2,"name":"Nat\u00e1\u010danie vide\u00ed z ciest"}]},{"@type":"Person","@id":"https:\/\/www.fotolab.sk\/blog\/#\/schema\/person\/b5697f42e273f79e978de25330296f18","name":"kovyproduction","image":{"@type":"ImageObject","inLanguage":"sk-SK","@id":"https:\/\/www.fotolab.sk\/blog\/#\/schema\/person\/image\/","url":"https:\/\/secure.gravatar.com\/avatar\/989eb6b3ac459d668ce7c3580c1ce7a5?s=96&d=mm&r=g","contentUrl":"https:\/\/secure.gravatar.com\/avatar\/989eb6b3ac459d668ce7c3580c1ce7a5?s=96&d=mm&r=g","caption":"kovyproduction"},"sameAs":["https:\/\/www.instagram.com\/kovyproduction\/"],"url":"https:\/\/www.fotolab.sk\/blog\/author\/matej\/"}]}},"_links":{"self":[{"href":"https:\/\/www.fotolab.sk\/blog\/wp-json\/wp\/v2\/posts\/6671"}],"collection":[{"href":"https:\/\/www.fotolab.sk\/blog\/wp-json\/wp\/v2\/posts"}],"about":[{"href":"https:\/\/www.fotolab.sk\/blog\/wp-json\/wp\/v2\/types\/post"}],"author":[{"embeddable":true,"href":"https:\/\/www.fotolab.sk\/blog\/wp-json\/wp\/v2\/users\/28"}],"replies":[{"embeddable":true,"href":"https:\/\/www.fotolab.sk\/blog\/wp-json\/wp\/v2\/comments?post=6671"}],"version-history":[{"count":7,"href":"https:\/\/www.fotolab.sk\/blog\/wp-json\/wp\/v2\/posts\/6671\/revisions"}],"predecessor-version":[{"id":7052,"href":"https:\/\/www.fotolab.sk\/blog\/wp-json\/wp\/v2\/posts\/6671\/revisions\/7052"}],"wp:featuredmedia":[{"embeddable":true,"href":"https:\/\/www.fotolab.sk\/blog\/wp-json\/wp\/v2\/media\/6679"}],"wp:attachment":[{"href":"https:\/\/www.fotolab.sk\/blog\/wp-json\/wp\/v2\/media?parent=6671"}],"wp:term":[{"taxonomy":"category","embeddable":true,"href":"https:\/\/www.fotolab.sk\/blog\/wp-json\/wp\/v2\/categories?post=6671"},{"taxonomy":"post_tag","embeddable":true,"href":"https:\/\/www.fotolab.sk\/blog\/wp-json\/wp\/v2\/tags?post=6671"}],"curies":[{"name":"wp","href":"https:\/\/api.w.org\/{rel}","templated":true}]}}