
{"id":5587,"date":"2018-05-03T08:30:12","date_gmt":"2018-05-03T06:30:12","guid":{"rendered":"https:\/\/www.fotolab.sk\/blog\/?p=5587"},"modified":"2018-04-20T13:08:10","modified_gmt":"2018-04-20T11:08:10","slug":"4-narodeniny-predajne-fotolab-v-kosiciach","status":"publish","type":"post","link":"https:\/\/www.fotolab.sk\/blog\/4-narodeniny-predajne-fotolab-v-kosiciach\/","title":{"rendered":"4. narodeniny predajne FOTOLAB v Ko\u0161iciach"},"content":{"rendered":"<p>Tak ako ka\u017ed\u00fd rok v\u00a0tomto obdob\u00ed sa na\u0161a predaj\u0148a chystala na de\u0148 D. De\u0148, kedy osl\u00e1vi svoje 4. narodeniny. Tak ako po minul\u00e9 roky, aj tentokr\u00e1t sme chceli t\u00fato, v\u00fdnimo\u010dn\u00fa udalos\u0165, osl\u00e1vi\u0165 spolu s\u00a0na\u0161imi skvel\u00fdmi z\u00e1kazn\u00edkmi.<\/p>\n<p><a href=\"https:\/\/blog.fotolab.sk\/wp-content\/uploads\/2018\/04\/KE4.jpg\"><img decoding=\"async\" loading=\"lazy\" class=\"alignnone size-large wp-image-5590\" src=\"https:\/\/blog.fotolab.sk\/wp-content\/uploads\/2018\/04\/KE4.jpg\" alt=\"\" width=\"770\" height=\"514\" srcset=\"https:\/\/blog.fotolab.sk\/wp-content\/uploads\/2018\/04\/KE4.jpg 1000w, https:\/\/blog.fotolab.sk\/wp-content\/uploads\/2018\/04\/KE4-300x200.jpg 300w, https:\/\/blog.fotolab.sk\/wp-content\/uploads\/2018\/04\/KE4-768x512.jpg 768w, https:\/\/blog.fotolab.sk\/wp-content\/uploads\/2018\/04\/KE4-370x247.jpg 370w, https:\/\/blog.fotolab.sk\/wp-content\/uploads\/2018\/04\/KE4-270x180.jpg 270w, https:\/\/blog.fotolab.sk\/wp-content\/uploads\/2018\/04\/KE4-740x494.jpg 740w\" sizes=\"(max-width: 770px) 100vw, 770px\" \/><\/a><\/p>\n<p>U\u017e v\u00a0predstihu sme za\u010dali prem\u00fd\u0161\u013ea\u0165, ako by sme mohli pote\u0161i\u0165 na\u0161ich z\u00e1kazn\u00edkov. Vieme, \u017ee v\u00a0narodeninov\u00fd de\u0148 dost\u00e1vaj\u00fa dar\u010deky osl\u00e1venci. Pre n\u00e1s s\u00fa v\u0161ak ve\u013ek\u00fdm darom na\u0161i z\u00e1kazn\u00edci a\u00a0ich neust\u00e1la spokojnos\u0165 s\u00a0na\u0161imi slu\u017ebami. Preto sme sa rozhodli ich obdarova\u0165.<\/p>\n<p><a href=\"https:\/\/blog.fotolab.sk\/wp-content\/uploads\/2018\/04\/KE6.jpg\"><img decoding=\"async\" loading=\"lazy\" class=\"alignnone size-full wp-image-5592\" src=\"https:\/\/blog.fotolab.sk\/wp-content\/uploads\/2018\/04\/KE6.jpg\" alt=\"\" width=\"1000\" height=\"667\" srcset=\"https:\/\/blog.fotolab.sk\/wp-content\/uploads\/2018\/04\/KE6.jpg 1000w, https:\/\/blog.fotolab.sk\/wp-content\/uploads\/2018\/04\/KE6-300x200.jpg 300w, https:\/\/blog.fotolab.sk\/wp-content\/uploads\/2018\/04\/KE6-768x512.jpg 768w, https:\/\/blog.fotolab.sk\/wp-content\/uploads\/2018\/04\/KE6-370x247.jpg 370w, https:\/\/blog.fotolab.sk\/wp-content\/uploads\/2018\/04\/KE6-270x180.jpg 270w, https:\/\/blog.fotolab.sk\/wp-content\/uploads\/2018\/04\/KE6-740x494.jpg 740w\" sizes=\"(max-width: 1000px) 100vw, 1000px\" \/><\/a><\/p>\n<p>Tento rok sme si pre nich pripravili ozaj mil\u00e9 prekvapenie. Za ka\u017ed\u00fd n\u00e1kup od n\u00e1s z\u00e1kazn\u00edk dostal kol\u00e1\u010dik \u0161\u0165astia, v\u00a0ktorom sa nach\u00e1dzalo mal\u00e9 prekvapenie v\u00a0podobe dar\u010dekov\u00fdch pouk\u00e1\u017eok na fotoobrazy, CEWE FOTOKNIHU \u010di okam\u017eit\u00fa tla\u010d. Taktie\u017e boli medzi prekvapeniami dva skvel\u00e9 kinofilmov\u00e9 fotoapar\u00e1ty. \u00a0Za kol\u00e1\u010diky \u0161tastia by sme sa t\u00fdmto sp\u00f4sobom radi po\u010fakovali foodblogerke @foodworld_by_susszie. Pote\u0161ili nielen n\u00e1s, ale aj na\u0161ich z\u00e1kazn\u00edkov.<\/p>\n<p>&nbsp;<\/p>\n<p>U\u017e od r\u00e1na sme to mali na predajni veselo. Po vyzdoben\u00ed predajne sme si s\u00a0kolegovcami pripili detsk\u00fdm \u0161ampansk\u00fdm (v pr\u00e1ci striktne bez alkoholu J ) a\u00a0popriali sme si minim\u00e1lne to\u013eko skvel\u00fdch z\u00e1kazn\u00edkov ako sme mali doteraz.<\/p>\n<p><a href=\"https:\/\/blog.fotolab.sk\/wp-content\/uploads\/2018\/04\/KE7.jpg\"><img decoding=\"async\" loading=\"lazy\" class=\"alignnone size-large wp-image-5593\" src=\"https:\/\/blog.fotolab.sk\/wp-content\/uploads\/2018\/04\/KE7.jpg\" alt=\"\" width=\"770\" height=\"674\" srcset=\"https:\/\/blog.fotolab.sk\/wp-content\/uploads\/2018\/04\/KE7.jpg 1000w, https:\/\/blog.fotolab.sk\/wp-content\/uploads\/2018\/04\/KE7-300x263.jpg 300w, https:\/\/blog.fotolab.sk\/wp-content\/uploads\/2018\/04\/KE7-768x672.jpg 768w, https:\/\/blog.fotolab.sk\/wp-content\/uploads\/2018\/04\/KE7-370x324.jpg 370w, https:\/\/blog.fotolab.sk\/wp-content\/uploads\/2018\/04\/KE7-270x236.jpg 270w, https:\/\/blog.fotolab.sk\/wp-content\/uploads\/2018\/04\/KE7-343x300.jpg 343w, https:\/\/blog.fotolab.sk\/wp-content\/uploads\/2018\/04\/KE7-740x648.jpg 740w\" sizes=\"(max-width: 770px) 100vw, 770px\" \/><\/a><\/p>\n<p>Po\u010das d\u0148a prich\u00e1dzali z\u00e1kazn\u00edci a\u00a0boli ve\u013emi milo prekvapen\u00ed, \u017ee m\u00e1me pre nich tak\u00e9to prekvapenie v\u00a0de\u0148 na\u0161ich naroden\u00edn. O\u00a0to viac n\u00e1s te\u0161ilo, \u017ee n\u00e1s nav\u0161t\u00edvili aj tri skvel\u00e9 blogerky z\u00a0Ko\u0161\u00edc. @lapkinn, @klaudi_rimka a @lucyfashionvisions. Boli ve\u013emi nad\u0161en\u00e9 z\u00a0okam\u017eitej tla\u010de, ako aj z\u00a0prekvapenia, ktor\u00e9 dostali k\u00a0n\u00e1kupu.<\/p>\n<p>Narodeninov\u00fd de\u0148 bol pre n\u00e1s super a\u00a0te\u0161ili sme sa spolu so z\u00e1kazn\u00edkmi. Pribudli aj nov\u00e9 tv\u00e1re, \u010do n\u00e1s ve\u013emi pote\u0161ilo. Sme nesmierne radi, \u017ee sa z\u00e1kazn\u00edkom p\u00e1\u010dilo, a\u00a0 st\u00e1le sa k\u00a0n\u00e1m s\u00a0rados\u0165ou vr\u00e1tia \u010di u\u017e kv\u00f4li okam\u017eitej tla\u010d, objedn\u00e1vke fotoproduktov alebo pre radu pri k\u00fape novej fototechniky.<\/p>\n<p><a href=\"https:\/\/blog.fotolab.sk\/wp-content\/uploads\/2018\/04\/KE3.jpg\"><img decoding=\"async\" loading=\"lazy\" class=\"alignnone size-full wp-image-5589\" src=\"https:\/\/blog.fotolab.sk\/wp-content\/uploads\/2018\/04\/KE3.jpg\" alt=\"\" width=\"1000\" height=\"700\" srcset=\"https:\/\/blog.fotolab.sk\/wp-content\/uploads\/2018\/04\/KE3.jpg 1000w, https:\/\/blog.fotolab.sk\/wp-content\/uploads\/2018\/04\/KE3-300x210.jpg 300w, https:\/\/blog.fotolab.sk\/wp-content\/uploads\/2018\/04\/KE3-768x538.jpg 768w, https:\/\/blog.fotolab.sk\/wp-content\/uploads\/2018\/04\/KE3-370x259.jpg 370w, https:\/\/blog.fotolab.sk\/wp-content\/uploads\/2018\/04\/KE3-270x189.jpg 270w, https:\/\/blog.fotolab.sk\/wp-content\/uploads\/2018\/04\/KE3-740x518.jpg 740w\" sizes=\"(max-width: 1000px) 100vw, 1000px\" \/><\/a><\/p>\n<p>T\u00fdmto by sme sa radi po\u010fakova\u0165 na\u0161im z\u00e1kazn\u00edkom za prejaven\u00fa d\u00f4veru. \u00a0Je to pre n\u00e1s v\u00fdzva nepo\u013eavi\u0165 v\u00a0tom \u010do rob\u00edme a\u00a0neust\u00e1le sa zlep\u0161ova\u0165. V\u017edy sme tu pre v\u00e1s a\u00a0te\u0161\u00edme sa na va\u0161e \u010fal\u0161ie n\u00e1v\u0161tevy.<\/p>\n<hr \/>\n<p>&nbsp;<\/p>\n","protected":false},"excerpt":{"rendered":"<p>Tak ako ka\u017ed\u00fd rok v\u00a0tomto obdob\u00ed sa na\u0161a predaj\u0148a chystala na de\u0148 D. De\u0148, kedy osl\u00e1vi svoje 4. narodeniny. Tak ako po minul\u00e9 roky, aj tentokr\u00e1t sme chceli t\u00fato, v\u00fdnimo\u010dn\u00fa udalos\u0165, osl\u00e1vi\u0165 spolu s\u00a0na\u0161imi skvel\u00fdmi z\u00e1kazn\u00edkmi. U\u017e v\u00a0predstihu sme za\u010dali prem\u00fd\u0161\u013ea\u0165, ako by sme mohli pote\u0161i\u0165 na\u0161ich z\u00e1kazn\u00edkov. Vieme, \u017ee v\u00a0narodeninov\u00fd de\u0148 dost\u00e1vaj\u00fa dar\u010deky osl\u00e1venci. [&hellip;]<\/p>\n","protected":false},"author":10,"featured_media":5591,"comment_status":"open","ping_status":"open","sticky":false,"template":"","format":"standard","meta":[],"categories":[50,56],"tags":[64,114],"yoast_head":"<!-- This site is optimized with the Yoast SEO plugin v19.1 - https:\/\/yoast.com\/wordpress\/plugins\/seo\/ -->\n<title>4.narodeniny predajne FOTOLAB v Ko\u0161iciach - fotolab.sk\/blog<\/title>\n<meta name=\"robots\" content=\"index, follow, max-snippet:-1, max-image-preview:large, max-video-preview:-1\" \/>\n<link rel=\"canonical\" href=\"https:\/\/www.fotolab.sk\/blog\/4-narodeniny-predajne-fotolab-v-kosiciach\/\" \/>\n<meta property=\"og:locale\" content=\"sk_SK\" \/>\n<meta property=\"og:type\" content=\"article\" \/>\n<meta property=\"og:title\" content=\"4.narodeniny predajne FOTOLAB v Ko\u0161iciach - fotolab.sk\/blog\" \/>\n<meta property=\"og:description\" content=\"Tak ako ka\u017ed\u00fd rok v\u00a0tomto obdob\u00ed sa na\u0161a predaj\u0148a chystala na de\u0148 D. De\u0148, kedy osl\u00e1vi svoje 4. narodeniny. Tak ako po minul\u00e9 roky, aj tentokr\u00e1t sme chceli t\u00fato, v\u00fdnimo\u010dn\u00fa udalos\u0165, osl\u00e1vi\u0165 spolu s\u00a0na\u0161imi skvel\u00fdmi z\u00e1kazn\u00edkmi. U\u017e v\u00a0predstihu sme za\u010dali prem\u00fd\u0161\u013ea\u0165, ako by sme mohli pote\u0161i\u0165 na\u0161ich z\u00e1kazn\u00edkov. Vieme, \u017ee v\u00a0narodeninov\u00fd de\u0148 dost\u00e1vaj\u00fa dar\u010deky osl\u00e1venci. [&hellip;]\" \/>\n<meta property=\"og:url\" content=\"https:\/\/www.fotolab.sk\/blog\/4-narodeniny-predajne-fotolab-v-kosiciach\/\" \/>\n<meta property=\"og:site_name\" content=\"CEWE Fotolab blog\" \/>\n<meta property=\"article:published_time\" content=\"2018-05-03T06:30:12+00:00\" \/>\n<meta property=\"article:modified_time\" content=\"2018-04-20T11:08:10+00:00\" \/>\n<meta property=\"og:image\" content=\"https:\/\/blog.fotolab.sk\/wp-content\/uploads\/2018\/04\/KE5.jpg\" \/>\n\t<meta property=\"og:image:width\" content=\"1500\" \/>\n\t<meta property=\"og:image:height\" content=\"1000\" \/>\n\t<meta property=\"og:image:type\" content=\"image\/jpeg\" \/>\n<meta name=\"twitter:label1\" content=\"Autor:\" \/>\n\t<meta name=\"twitter:data1\" content=\"Peter Brejda\" \/>\n\t<meta name=\"twitter:label2\" content=\"Predpokladan\u00fd \u010das \u010d\u00edtania\" \/>\n\t<meta name=\"twitter:data2\" content=\"2 min\u00faty\" \/>\n<script type=\"application\/ld+json\" class=\"yoast-schema-graph\">{\"@context\":\"https:\/\/schema.org\",\"@graph\":[{\"@type\":\"WebSite\",\"@id\":\"https:\/\/www.fotolab.sk\/blog\/#website\",\"url\":\"https:\/\/www.fotolab.sk\/blog\/\",\"name\":\"CEWE Fotolab blog\",\"description\":\"Blog ur\u010den\u00fd pre fan\u00fa\u0161ikov fotografie a sveta okolo nej.\",\"potentialAction\":[{\"@type\":\"SearchAction\",\"target\":{\"@type\":\"EntryPoint\",\"urlTemplate\":\"https:\/\/www.fotolab.sk\/blog\/?s={search_term_string}\"},\"query-input\":\"required name=search_term_string\"}],\"inLanguage\":\"sk-SK\"},{\"@type\":\"ImageObject\",\"inLanguage\":\"sk-SK\",\"@id\":\"https:\/\/www.fotolab.sk\/blog\/4-narodeniny-predajne-fotolab-v-kosiciach\/#primaryimage\",\"url\":\"https:\/\/blog.fotolab.sk\/wp-content\/uploads\/2018\/04\/KE5.jpg\",\"contentUrl\":\"https:\/\/blog.fotolab.sk\/wp-content\/uploads\/2018\/04\/KE5.jpg\",\"width\":1500,\"height\":1000},{\"@type\":\"WebPage\",\"@id\":\"https:\/\/www.fotolab.sk\/blog\/4-narodeniny-predajne-fotolab-v-kosiciach\/#webpage\",\"url\":\"https:\/\/www.fotolab.sk\/blog\/4-narodeniny-predajne-fotolab-v-kosiciach\/\",\"name\":\"4.narodeniny predajne FOTOLAB v Ko\u0161iciach - fotolab.sk\/blog\",\"isPartOf\":{\"@id\":\"https:\/\/www.fotolab.sk\/blog\/#website\"},\"primaryImageOfPage\":{\"@id\":\"https:\/\/www.fotolab.sk\/blog\/4-narodeniny-predajne-fotolab-v-kosiciach\/#primaryimage\"},\"datePublished\":\"2018-05-03T06:30:12+00:00\",\"dateModified\":\"2018-04-20T11:08:10+00:00\",\"author\":{\"@id\":\"https:\/\/www.fotolab.sk\/blog\/#\/schema\/person\/bedbb7781bf9b8ca3e8a79d322c3dfe8\"},\"breadcrumb\":{\"@id\":\"https:\/\/www.fotolab.sk\/blog\/4-narodeniny-predajne-fotolab-v-kosiciach\/#breadcrumb\"},\"inLanguage\":\"sk-SK\",\"potentialAction\":[{\"@type\":\"ReadAction\",\"target\":[\"https:\/\/www.fotolab.sk\/blog\/4-narodeniny-predajne-fotolab-v-kosiciach\/\"]}]},{\"@type\":\"BreadcrumbList\",\"@id\":\"https:\/\/www.fotolab.sk\/blog\/4-narodeniny-predajne-fotolab-v-kosiciach\/#breadcrumb\",\"itemListElement\":[{\"@type\":\"ListItem\",\"position\":1,\"name\":\"Home\",\"item\":\"https:\/\/www.fotolab.sk\/blog\/\"},{\"@type\":\"ListItem\",\"position\":2,\"name\":\"4. narodeniny predajne FOTOLAB v Ko\u0161iciach\"}]},{\"@type\":\"Person\",\"@id\":\"https:\/\/www.fotolab.sk\/blog\/#\/schema\/person\/bedbb7781bf9b8ca3e8a79d322c3dfe8\",\"name\":\"Peter Brejda\",\"image\":{\"@type\":\"ImageObject\",\"inLanguage\":\"sk-SK\",\"@id\":\"https:\/\/www.fotolab.sk\/blog\/#\/schema\/person\/image\/\",\"url\":\"https:\/\/secure.gravatar.com\/avatar\/55e9ded7cbd217cb8884fc5cbaf02249?s=96&d=mm&r=g\",\"contentUrl\":\"https:\/\/secure.gravatar.com\/avatar\/55e9ded7cbd217cb8884fc5cbaf02249?s=96&d=mm&r=g\",\"caption\":\"Peter Brejda\"},\"description\":\"Kombin\u00e1cia \u010diernobielej a report\u00e1\u017enej fotografie je pre m\u0148a tou najkraj\u0161ou fotografiou. Milujem fotenie na kinofilm. M\u00e1m r\u00e1d humor, smiech a hokej je pre m\u0148a celo\u017eivotn\u00e1 l\u00e1ska :-)\",\"sameAs\":[\"https:\/\/www.instagram.com\/peterbrejda\/\"],\"url\":\"https:\/\/www.fotolab.sk\/blog\/author\/petobrejda\/\"}]}<\/script>\n<!-- \/ Yoast SEO plugin. -->","yoast_head_json":{"title":"4.narodeniny predajne FOTOLAB v Ko\u0161iciach - fotolab.sk\/blog","robots":{"index":"index","follow":"follow","max-snippet":"max-snippet:-1","max-image-preview":"max-image-preview:large","max-video-preview":"max-video-preview:-1"},"canonical":"https:\/\/www.fotolab.sk\/blog\/4-narodeniny-predajne-fotolab-v-kosiciach\/","og_locale":"sk_SK","og_type":"article","og_title":"4.narodeniny predajne FOTOLAB v Ko\u0161iciach - fotolab.sk\/blog","og_description":"Tak ako ka\u017ed\u00fd rok v\u00a0tomto obdob\u00ed sa na\u0161a predaj\u0148a chystala na de\u0148 D. De\u0148, kedy osl\u00e1vi svoje 4. narodeniny. Tak ako po minul\u00e9 roky, aj tentokr\u00e1t sme chceli t\u00fato, v\u00fdnimo\u010dn\u00fa udalos\u0165, osl\u00e1vi\u0165 spolu s\u00a0na\u0161imi skvel\u00fdmi z\u00e1kazn\u00edkmi. U\u017e v\u00a0predstihu sme za\u010dali prem\u00fd\u0161\u013ea\u0165, ako by sme mohli pote\u0161i\u0165 na\u0161ich z\u00e1kazn\u00edkov. Vieme, \u017ee v\u00a0narodeninov\u00fd de\u0148 dost\u00e1vaj\u00fa dar\u010deky osl\u00e1venci. [&hellip;]","og_url":"https:\/\/www.fotolab.sk\/blog\/4-narodeniny-predajne-fotolab-v-kosiciach\/","og_site_name":"CEWE Fotolab blog","article_published_time":"2018-05-03T06:30:12+00:00","article_modified_time":"2018-04-20T11:08:10+00:00","og_image":[{"width":1500,"height":1000,"url":"https:\/\/blog.fotolab.sk\/wp-content\/uploads\/2018\/04\/KE5.jpg","type":"image\/jpeg"}],"twitter_misc":{"Autor:":"Peter Brejda","Predpokladan\u00fd \u010das \u010d\u00edtania":"2 min\u00faty"},"schema":{"@context":"https:\/\/schema.org","@graph":[{"@type":"WebSite","@id":"https:\/\/www.fotolab.sk\/blog\/#website","url":"https:\/\/www.fotolab.sk\/blog\/","name":"CEWE Fotolab blog","description":"Blog ur\u010den\u00fd pre fan\u00fa\u0161ikov fotografie a sveta okolo nej.","potentialAction":[{"@type":"SearchAction","target":{"@type":"EntryPoint","urlTemplate":"https:\/\/www.fotolab.sk\/blog\/?s={search_term_string}"},"query-input":"required name=search_term_string"}],"inLanguage":"sk-SK"},{"@type":"ImageObject","inLanguage":"sk-SK","@id":"https:\/\/www.fotolab.sk\/blog\/4-narodeniny-predajne-fotolab-v-kosiciach\/#primaryimage","url":"https:\/\/blog.fotolab.sk\/wp-content\/uploads\/2018\/04\/KE5.jpg","contentUrl":"https:\/\/blog.fotolab.sk\/wp-content\/uploads\/2018\/04\/KE5.jpg","width":1500,"height":1000},{"@type":"WebPage","@id":"https:\/\/www.fotolab.sk\/blog\/4-narodeniny-predajne-fotolab-v-kosiciach\/#webpage","url":"https:\/\/www.fotolab.sk\/blog\/4-narodeniny-predajne-fotolab-v-kosiciach\/","name":"4.narodeniny predajne FOTOLAB v Ko\u0161iciach - fotolab.sk\/blog","isPartOf":{"@id":"https:\/\/www.fotolab.sk\/blog\/#website"},"primaryImageOfPage":{"@id":"https:\/\/www.fotolab.sk\/blog\/4-narodeniny-predajne-fotolab-v-kosiciach\/#primaryimage"},"datePublished":"2018-05-03T06:30:12+00:00","dateModified":"2018-04-20T11:08:10+00:00","author":{"@id":"https:\/\/www.fotolab.sk\/blog\/#\/schema\/person\/bedbb7781bf9b8ca3e8a79d322c3dfe8"},"breadcrumb":{"@id":"https:\/\/www.fotolab.sk\/blog\/4-narodeniny-predajne-fotolab-v-kosiciach\/#breadcrumb"},"inLanguage":"sk-SK","potentialAction":[{"@type":"ReadAction","target":["https:\/\/www.fotolab.sk\/blog\/4-narodeniny-predajne-fotolab-v-kosiciach\/"]}]},{"@type":"BreadcrumbList","@id":"https:\/\/www.fotolab.sk\/blog\/4-narodeniny-predajne-fotolab-v-kosiciach\/#breadcrumb","itemListElement":[{"@type":"ListItem","position":1,"name":"Home","item":"https:\/\/www.fotolab.sk\/blog\/"},{"@type":"ListItem","position":2,"name":"4. narodeniny predajne FOTOLAB v Ko\u0161iciach"}]},{"@type":"Person","@id":"https:\/\/www.fotolab.sk\/blog\/#\/schema\/person\/bedbb7781bf9b8ca3e8a79d322c3dfe8","name":"Peter Brejda","image":{"@type":"ImageObject","inLanguage":"sk-SK","@id":"https:\/\/www.fotolab.sk\/blog\/#\/schema\/person\/image\/","url":"https:\/\/secure.gravatar.com\/avatar\/55e9ded7cbd217cb8884fc5cbaf02249?s=96&d=mm&r=g","contentUrl":"https:\/\/secure.gravatar.com\/avatar\/55e9ded7cbd217cb8884fc5cbaf02249?s=96&d=mm&r=g","caption":"Peter Brejda"},"description":"Kombin\u00e1cia \u010diernobielej a report\u00e1\u017enej fotografie je pre m\u0148a tou najkraj\u0161ou fotografiou. Milujem fotenie na kinofilm. M\u00e1m r\u00e1d humor, smiech a hokej je pre m\u0148a celo\u017eivotn\u00e1 l\u00e1ska :-)","sameAs":["https:\/\/www.instagram.com\/peterbrejda\/"],"url":"https:\/\/www.fotolab.sk\/blog\/author\/petobrejda\/"}]}},"_links":{"self":[{"href":"https:\/\/www.fotolab.sk\/blog\/wp-json\/wp\/v2\/posts\/5587"}],"collection":[{"href":"https:\/\/www.fotolab.sk\/blog\/wp-json\/wp\/v2\/posts"}],"about":[{"href":"https:\/\/www.fotolab.sk\/blog\/wp-json\/wp\/v2\/types\/post"}],"author":[{"embeddable":true,"href":"https:\/\/www.fotolab.sk\/blog\/wp-json\/wp\/v2\/users\/10"}],"replies":[{"embeddable":true,"href":"https:\/\/www.fotolab.sk\/blog\/wp-json\/wp\/v2\/comments?post=5587"}],"version-history":[{"count":3,"href":"https:\/\/www.fotolab.sk\/blog\/wp-json\/wp\/v2\/posts\/5587\/revisions"}],"predecessor-version":[{"id":5599,"href":"https:\/\/www.fotolab.sk\/blog\/wp-json\/wp\/v2\/posts\/5587\/revisions\/5599"}],"wp:featuredmedia":[{"embeddable":true,"href":"https:\/\/www.fotolab.sk\/blog\/wp-json\/wp\/v2\/media\/5591"}],"wp:attachment":[{"href":"https:\/\/www.fotolab.sk\/blog\/wp-json\/wp\/v2\/media?parent=5587"}],"wp:term":[{"taxonomy":"category","embeddable":true,"href":"https:\/\/www.fotolab.sk\/blog\/wp-json\/wp\/v2\/categories?post=5587"},{"taxonomy":"post_tag","embeddable":true,"href":"https:\/\/www.fotolab.sk\/blog\/wp-json\/wp\/v2\/tags?post=5587"}],"curies":[{"name":"wp","href":"https:\/\/api.w.org\/{rel}","templated":true}]}}