
{"id":5452,"date":"2018-04-30T08:30:00","date_gmt":"2018-04-30T06:30:00","guid":{"rendered":"https:\/\/www.fotolab.sk\/blog\/?p=5452"},"modified":"2018-07-11T10:54:15","modified_gmt":"2018-07-11T08:54:15","slug":"preco-sa-oplati-tlacit-fotografie","status":"publish","type":"post","link":"https:\/\/www.fotolab.sk\/blog\/preco-sa-oplati-tlacit-fotografie\/","title":{"rendered":"Pre\u010do sa oplat\u00ed tla\u010di\u0165 fotografie"},"content":{"rendered":"<p>Spomienky z\u00a0detstva, prv\u00fdch v\u00fdletov ako aj spolo\u010dn\u00fdch dovoleniek n\u00e1m aj po dlh\u0161om \u010dase najlep\u0161ie pripomen\u00fa fotografie. \u010ci u\u017e fot\u00edte mobilom alebo fotoapar\u00e1tom, v\u017edy sa sna\u017e\u00edte zachyti\u0165 pre n\u00e1s najkraj\u0161ie momenty.<\/p>\n<p><a href=\"https:\/\/blog.fotolab.sk\/wp-content\/uploads\/2018\/04\/shutterstock_741306598.jpg\" target=\"_blank\" rel=\"noopener\"><img decoding=\"async\" loading=\"lazy\" class=\"alignnone wp-image-5479 size-full\" src=\"https:\/\/blog.fotolab.sk\/wp-content\/uploads\/2018\/04\/shutterstock_741306598.jpg\" alt=\"\" width=\"1000\" height=\"667\" srcset=\"https:\/\/blog.fotolab.sk\/wp-content\/uploads\/2018\/04\/shutterstock_741306598.jpg 1000w, https:\/\/blog.fotolab.sk\/wp-content\/uploads\/2018\/04\/shutterstock_741306598-300x200.jpg 300w, https:\/\/blog.fotolab.sk\/wp-content\/uploads\/2018\/04\/shutterstock_741306598-768x512.jpg 768w, https:\/\/blog.fotolab.sk\/wp-content\/uploads\/2018\/04\/shutterstock_741306598-370x247.jpg 370w, https:\/\/blog.fotolab.sk\/wp-content\/uploads\/2018\/04\/shutterstock_741306598-270x180.jpg 270w, https:\/\/blog.fotolab.sk\/wp-content\/uploads\/2018\/04\/shutterstock_741306598-740x494.jpg 740w\" sizes=\"(max-width: 1000px) 100vw, 1000px\" \/><\/a><\/p>\n<p>\u010castokr\u00e1t tieto fotografie kon\u010dia ulo\u017een\u00e9 v\u00a0mobiloch, v\u00a0tom lep\u0161om pr\u00edpade vo vzorne vytvorenej zlo\u017eke v\u00a0po\u010d\u00edta\u010di alebo externom m\u00e9diu. Tento sp\u00f4sob uchov\u00e1vania fotografi\u00ed v\u0161ak nemus\u00ed by\u0165 ten najlep\u0161\u00ed.<\/p>\n<p>Ve\u013emi \u010dasto sa na predajni stret\u00e1vam s\u00a0t\u00fdm, \u017ee z\u00e1kazn\u00edci pr\u00eddu s\u00a0mobilom kde maj\u00fa a\u017e 5\u00a0000 fotiek a\u00a0chc\u00fa si ich vytla\u010di\u0165 lebo pri\u0161li na to, \u017ee inak si tie fotografie nepozeraj\u00fa. Niekedy sa len rozhodn\u00fa prevetra\u0165 prie\u010dinky v\u00a0po\u010d\u00edta\u010di. Urobia si v\u00fdber najlep\u0161\u00edch fotografi\u00ed a\u00a0objednaj\u00fa si ich pomocou na\u0161ej str\u00e1nky alebo preh\u013eadn\u00e9ho softv\u00e9ru <a href=\"https:\/\/www.fotolab.sk\/softver-zadarmo.html\" target=\"_blank\" rel=\"noopener\">M\u00f4j CEWE FOTOSVET<\/a>. Pr\u00edpadne pr\u00eddu k\u00a0n\u00e1m na predaj\u0148u, kde im ve\u013emi ochotne pom\u00f4\u017eeme a\u00a0porad\u00edme pri okam\u017eitej tla\u010di z kioskov.<\/p>\n<p><a href=\"https:\/\/blog.fotolab.sk\/wp-content\/uploads\/2018\/04\/29790701_10216090994416510_7881848339208077312_o.jpg\" target=\"_blank\" rel=\"noopener\"><img decoding=\"async\" loading=\"lazy\" class=\"alignnone wp-image-5477 size-large\" src=\"https:\/\/blog.fotolab.sk\/wp-content\/uploads\/2018\/04\/29790701_10216090994416510_7881848339208077312_o-e1523261633151-1024x340.jpg\" alt=\"\" width=\"770\" height=\"256\" srcset=\"https:\/\/blog.fotolab.sk\/wp-content\/uploads\/2018\/04\/29790701_10216090994416510_7881848339208077312_o-e1523261633151-1024x340.jpg 1024w, https:\/\/blog.fotolab.sk\/wp-content\/uploads\/2018\/04\/29790701_10216090994416510_7881848339208077312_o-e1523261633151-300x100.jpg 300w, https:\/\/blog.fotolab.sk\/wp-content\/uploads\/2018\/04\/29790701_10216090994416510_7881848339208077312_o-e1523261633151-768x255.jpg 768w, https:\/\/blog.fotolab.sk\/wp-content\/uploads\/2018\/04\/29790701_10216090994416510_7881848339208077312_o-e1523261633151-370x123.jpg 370w, https:\/\/blog.fotolab.sk\/wp-content\/uploads\/2018\/04\/29790701_10216090994416510_7881848339208077312_o-e1523261633151-270x90.jpg 270w, https:\/\/blog.fotolab.sk\/wp-content\/uploads\/2018\/04\/29790701_10216090994416510_7881848339208077312_o-e1523261633151-1500x500.jpg 1500w, https:\/\/blog.fotolab.sk\/wp-content\/uploads\/2018\/04\/29790701_10216090994416510_7881848339208077312_o-e1523261633151-740x246.jpg 740w\" sizes=\"(max-width: 770px) 100vw, 770px\" \/><\/a><\/p>\n<p>Pr\u00e1ve tieto pr\u00edpady s\u00fa, pre n\u00e1s vyzn\u00e1va\u010dov fotografie, pozit\u00edvne. Ve\u010f si to priznajte. Ko\u013ekokr\u00e1t ste si prezreli fotografie v\u00a0telef\u00f3ne alebo po\u010d\u00edta\u010di po tom ako ste ich nafotili a\u00a0ulo\u017eili? No dobre, tak mo\u017eno mesiac po dovolenke, ke\u010f ste e\u0161te v\u00a0takom dovolenkovom opojen\u00ed alebo po nejakej skvelej akcii. Po \u010dase v\u0161ak fotky upadn\u00fa do zabudnutia a\u00a0jedin\u00fa funkciu, ktor\u00fa sp\u013a\u0148aj\u00fa je, \u017ee n\u00e1m zaberaj\u00fa miesto v\u00a0pam\u00e4ti \u010di na disku.<\/p>\n<p>Pritom tam n\u00e1jdeme fotografie, ktor\u00e9 by bolo \u0161koda ukr\u00fdva\u0165 pred svetom. Pre\u010do by ste sa nemohli pochv\u00e1li\u0165 vytla\u010denou fotografiou pred zn\u00e1mymi? <a href=\"https:\/\/www.fotolab.sk\/vyvolanie-fotiek.html\" target=\"_blank\" rel=\"noopener\">Fotografia<\/a> je ove\u013ea pohodlnej\u0161ia a\u00a0hlavne jednoduch\u0161ia na uk\u00e1\u017eku n\u00e1v\u0161teve. Z\u00e1rove\u0148 nemus\u00edte cel\u00fa n\u00e1v\u0161tevu \u0165aha\u0165 od stola k\u00a0po\u010d\u00edta\u010du, pr\u00edpadnej jednej ve\u013ekej obrazovke, kde elektronicky prelistujete tis\u00edcku fotografi\u00ed. Zo sk\u00fasenosti viem, \u017ee ve\u013ea fotiek sa len tak prelistuje a\u00a0mo\u017eno by si zasl\u00fa\u017eili viac pozornosti. Nehovoriac o\u00a0tom, \u017ee tla\u010di\u0165 sa pred jednou obrazovkou, po\u010d\u00edta\u010dom nie je najpohodlnej\u0161ie.<\/p>\n<p><a href=\"https:\/\/blog.fotolab.sk\/wp-content\/uploads\/2018\/04\/fotoatukz.jpg\" target=\"_blank\" rel=\"noopener\"><img decoding=\"async\" loading=\"lazy\" class=\"alignnone wp-image-5604 size-large\" src=\"https:\/\/blog.fotolab.sk\/wp-content\/uploads\/2018\/04\/fotoatukz-1024x684.jpg\" alt=\"\" width=\"770\" height=\"514\" srcset=\"https:\/\/blog.fotolab.sk\/wp-content\/uploads\/2018\/04\/fotoatukz-1024x684.jpg 1024w, https:\/\/blog.fotolab.sk\/wp-content\/uploads\/2018\/04\/fotoatukz-300x200.jpg 300w, https:\/\/blog.fotolab.sk\/wp-content\/uploads\/2018\/04\/fotoatukz-768x513.jpg 768w, https:\/\/blog.fotolab.sk\/wp-content\/uploads\/2018\/04\/fotoatukz-370x247.jpg 370w, https:\/\/blog.fotolab.sk\/wp-content\/uploads\/2018\/04\/fotoatukz-270x180.jpg 270w, https:\/\/blog.fotolab.sk\/wp-content\/uploads\/2018\/04\/fotoatukz-740x494.jpg 740w, https:\/\/blog.fotolab.sk\/wp-content\/uploads\/2018\/04\/fotoatukz.jpg 1080w\" sizes=\"(max-width: 770px) 100vw, 770px\" \/><\/a><\/p>\n<p>\u010co v\u00a0pr\u00edpade ak mobil \u010di po\u010d\u00edta\u010d vypoved\u00e1 slu\u017ebu? V\u00a0tom okamihu sa \u010dlovek zhroz\u00ed, \u010do bude s\u00a0fotografiami. Verte mi, viem o\u00a0\u010dom rozpr\u00e1vam. Mne osobne sa stala podobn\u00e1 sk\u00fasenos\u0165. Pri in\u0161tal\u00e1cii nov\u00e9ho opera\u010dn\u00e9ho syst\u00e9mu do notebooku, sa n\u00e1m podarilo s\u00a0bratrancom zni\u010di\u0165 14 rokov mojich spomienok v podobe fotografi\u00ed. Nemal som ich ve\u013ea vytla\u010den\u00fdch a\u00a0preto sa m\u00f4j foto\u017eivot za\u010d\u00ednal od za\u010diatku. Ak v\u0161ak m\u00e1te fotografie st\u00e1le niekde ulo\u017een\u00e9 a\u00a0viete sa k\u00a0nim vr\u00e1ti\u0165, tak je to lep\u0161ia situ\u00e1cia.<\/p>\n<p>Dnes si u\u017e d\u00e1vam v\u00e4\u010d\u0161\u00ed pozor. Aj ke\u010f fotografie uklad\u00e1m na extern\u00e9 disky, sna\u017e\u00edm sa tie najlep\u0161ie spomienky vo forme fotografi\u00ed uchova\u0165 pomocou tla\u010de alebo spracovan\u00edm do ob\u013e\u00fabenej <a href=\"https:\/\/www.fotolab.sk\/cewe-fotokniha.html\" target=\"_blank\" rel=\"noopener\">CEWE FOTOKNIHY.<\/a><\/p>\n<p>Nev\u00e1hajte, prehrabte sa vo svojich mobiloch, po\u010d\u00edta\u010doch \u010di extern\u00fdch diskoch a\u00a0nebojte sa vytla\u010di\u0165 si najkraj\u0161ie spomienky. Ur\u010dite to neo\u013eutujete. Pr\u00edpadne sa zastavte na na\u0161ich predajniach kde v\u00e1m s\u00a0rados\u0165ou porad\u00edme.<\/p>\n<hr \/>\n<p>&nbsp;<\/p>\n","protected":false},"excerpt":{"rendered":"<p>Spomienky z\u00a0detstva, prv\u00fdch v\u00fdletov ako aj spolo\u010dn\u00fdch dovoleniek n\u00e1m aj po dlh\u0161om \u010dase najlep\u0161ie pripomen\u00fa fotografie. \u010ci u\u017e fot\u00edte mobilom alebo fotoapar\u00e1tom, v\u017edy sa sna\u017e\u00edte zachyti\u0165 pre n\u00e1s najkraj\u0161ie momenty. \u010castokr\u00e1t tieto fotografie kon\u010dia ulo\u017een\u00e9 v\u00a0mobiloch, v\u00a0tom lep\u0161om pr\u00edpade vo vzorne vytvorenej zlo\u017eke v\u00a0po\u010d\u00edta\u010di alebo externom m\u00e9diu. Tento sp\u00f4sob uchov\u00e1vania fotografi\u00ed v\u0161ak nemus\u00ed by\u0165 ten [&hellip;]<\/p>\n","protected":false},"author":10,"featured_media":5478,"comment_status":"open","ping_status":"open","sticky":false,"template":"","format":"standard","meta":[],"categories":[51],"tags":[96,133,99],"yoast_head":"<!-- This site is optimized with the Yoast SEO plugin v19.1 - https:\/\/yoast.com\/wordpress\/plugins\/seo\/ -->\n<title>Pre\u010do sa oplat\u00ed tla\u010di\u0165 fotografie - fotolab.sk\/blog<\/title>\n<meta name=\"robots\" content=\"index, follow, max-snippet:-1, max-image-preview:large, max-video-preview:-1\" \/>\n<link rel=\"canonical\" href=\"https:\/\/www.fotolab.sk\/blog\/preco-sa-oplati-tlacit-fotografie\/\" \/>\n<meta property=\"og:locale\" content=\"sk_SK\" \/>\n<meta property=\"og:type\" content=\"article\" \/>\n<meta property=\"og:title\" content=\"Pre\u010do sa oplat\u00ed tla\u010di\u0165 fotografie - fotolab.sk\/blog\" \/>\n<meta property=\"og:description\" content=\"Spomienky z\u00a0detstva, prv\u00fdch v\u00fdletov ako aj spolo\u010dn\u00fdch dovoleniek n\u00e1m aj po dlh\u0161om \u010dase najlep\u0161ie pripomen\u00fa fotografie. \u010ci u\u017e fot\u00edte mobilom alebo fotoapar\u00e1tom, v\u017edy sa sna\u017e\u00edte zachyti\u0165 pre n\u00e1s najkraj\u0161ie momenty. \u010castokr\u00e1t tieto fotografie kon\u010dia ulo\u017een\u00e9 v\u00a0mobiloch, v\u00a0tom lep\u0161om pr\u00edpade vo vzorne vytvorenej zlo\u017eke v\u00a0po\u010d\u00edta\u010di alebo externom m\u00e9diu. Tento sp\u00f4sob uchov\u00e1vania fotografi\u00ed v\u0161ak nemus\u00ed by\u0165 ten [&hellip;]\" \/>\n<meta property=\"og:url\" content=\"https:\/\/www.fotolab.sk\/blog\/preco-sa-oplati-tlacit-fotografie\/\" \/>\n<meta property=\"og:site_name\" content=\"CEWE Fotolab blog\" \/>\n<meta property=\"article:published_time\" content=\"2018-04-30T06:30:00+00:00\" \/>\n<meta property=\"article:modified_time\" content=\"2018-07-11T08:54:15+00:00\" \/>\n<meta property=\"og:image\" content=\"https:\/\/blog.fotolab.sk\/wp-content\/uploads\/2018\/04\/titulka-blog.jpg\" \/>\n\t<meta property=\"og:image:width\" content=\"1500\" \/>\n\t<meta property=\"og:image:height\" content=\"500\" \/>\n\t<meta property=\"og:image:type\" content=\"image\/jpeg\" \/>\n<meta name=\"twitter:label1\" content=\"Autor:\" \/>\n\t<meta name=\"twitter:data1\" content=\"Peter Brejda\" \/>\n\t<meta name=\"twitter:label2\" content=\"Predpokladan\u00fd \u010das \u010d\u00edtania\" \/>\n\t<meta name=\"twitter:data2\" content=\"3 min\u00faty\" \/>\n<script type=\"application\/ld+json\" class=\"yoast-schema-graph\">{\"@context\":\"https:\/\/schema.org\",\"@graph\":[{\"@type\":\"WebSite\",\"@id\":\"https:\/\/www.fotolab.sk\/blog\/#website\",\"url\":\"https:\/\/www.fotolab.sk\/blog\/\",\"name\":\"CEWE Fotolab blog\",\"description\":\"Blog ur\u010den\u00fd pre fan\u00fa\u0161ikov fotografie a sveta okolo nej.\",\"potentialAction\":[{\"@type\":\"SearchAction\",\"target\":{\"@type\":\"EntryPoint\",\"urlTemplate\":\"https:\/\/www.fotolab.sk\/blog\/?s={search_term_string}\"},\"query-input\":\"required name=search_term_string\"}],\"inLanguage\":\"sk-SK\"},{\"@type\":\"ImageObject\",\"inLanguage\":\"sk-SK\",\"@id\":\"https:\/\/www.fotolab.sk\/blog\/preco-sa-oplati-tlacit-fotografie\/#primaryimage\",\"url\":\"https:\/\/blog.fotolab.sk\/wp-content\/uploads\/2018\/04\/titulka-blog.jpg\",\"contentUrl\":\"https:\/\/blog.fotolab.sk\/wp-content\/uploads\/2018\/04\/titulka-blog.jpg\",\"width\":1500,\"height\":500},{\"@type\":\"WebPage\",\"@id\":\"https:\/\/www.fotolab.sk\/blog\/preco-sa-oplati-tlacit-fotografie\/#webpage\",\"url\":\"https:\/\/www.fotolab.sk\/blog\/preco-sa-oplati-tlacit-fotografie\/\",\"name\":\"Pre\u010do sa oplat\u00ed tla\u010di\u0165 fotografie - fotolab.sk\/blog\",\"isPartOf\":{\"@id\":\"https:\/\/www.fotolab.sk\/blog\/#website\"},\"primaryImageOfPage\":{\"@id\":\"https:\/\/www.fotolab.sk\/blog\/preco-sa-oplati-tlacit-fotografie\/#primaryimage\"},\"datePublished\":\"2018-04-30T06:30:00+00:00\",\"dateModified\":\"2018-07-11T08:54:15+00:00\",\"author\":{\"@id\":\"https:\/\/www.fotolab.sk\/blog\/#\/schema\/person\/bedbb7781bf9b8ca3e8a79d322c3dfe8\"},\"breadcrumb\":{\"@id\":\"https:\/\/www.fotolab.sk\/blog\/preco-sa-oplati-tlacit-fotografie\/#breadcrumb\"},\"inLanguage\":\"sk-SK\",\"potentialAction\":[{\"@type\":\"ReadAction\",\"target\":[\"https:\/\/www.fotolab.sk\/blog\/preco-sa-oplati-tlacit-fotografie\/\"]}]},{\"@type\":\"BreadcrumbList\",\"@id\":\"https:\/\/www.fotolab.sk\/blog\/preco-sa-oplati-tlacit-fotografie\/#breadcrumb\",\"itemListElement\":[{\"@type\":\"ListItem\",\"position\":1,\"name\":\"Home\",\"item\":\"https:\/\/www.fotolab.sk\/blog\/\"},{\"@type\":\"ListItem\",\"position\":2,\"name\":\"Pre\u010do sa oplat\u00ed tla\u010di\u0165 fotografie\"}]},{\"@type\":\"Person\",\"@id\":\"https:\/\/www.fotolab.sk\/blog\/#\/schema\/person\/bedbb7781bf9b8ca3e8a79d322c3dfe8\",\"name\":\"Peter Brejda\",\"image\":{\"@type\":\"ImageObject\",\"inLanguage\":\"sk-SK\",\"@id\":\"https:\/\/www.fotolab.sk\/blog\/#\/schema\/person\/image\/\",\"url\":\"https:\/\/secure.gravatar.com\/avatar\/55e9ded7cbd217cb8884fc5cbaf02249?s=96&d=mm&r=g\",\"contentUrl\":\"https:\/\/secure.gravatar.com\/avatar\/55e9ded7cbd217cb8884fc5cbaf02249?s=96&d=mm&r=g\",\"caption\":\"Peter Brejda\"},\"description\":\"Kombin\u00e1cia \u010diernobielej a report\u00e1\u017enej fotografie je pre m\u0148a tou najkraj\u0161ou fotografiou. Milujem fotenie na kinofilm. M\u00e1m r\u00e1d humor, smiech a hokej je pre m\u0148a celo\u017eivotn\u00e1 l\u00e1ska :-)\",\"sameAs\":[\"https:\/\/www.instagram.com\/peterbrejda\/\"],\"url\":\"https:\/\/www.fotolab.sk\/blog\/author\/petobrejda\/\"}]}<\/script>\n<!-- \/ Yoast SEO plugin. -->","yoast_head_json":{"title":"Pre\u010do sa oplat\u00ed tla\u010di\u0165 fotografie - fotolab.sk\/blog","robots":{"index":"index","follow":"follow","max-snippet":"max-snippet:-1","max-image-preview":"max-image-preview:large","max-video-preview":"max-video-preview:-1"},"canonical":"https:\/\/www.fotolab.sk\/blog\/preco-sa-oplati-tlacit-fotografie\/","og_locale":"sk_SK","og_type":"article","og_title":"Pre\u010do sa oplat\u00ed tla\u010di\u0165 fotografie - fotolab.sk\/blog","og_description":"Spomienky z\u00a0detstva, prv\u00fdch v\u00fdletov ako aj spolo\u010dn\u00fdch dovoleniek n\u00e1m aj po dlh\u0161om \u010dase najlep\u0161ie pripomen\u00fa fotografie. \u010ci u\u017e fot\u00edte mobilom alebo fotoapar\u00e1tom, v\u017edy sa sna\u017e\u00edte zachyti\u0165 pre n\u00e1s najkraj\u0161ie momenty. \u010castokr\u00e1t tieto fotografie kon\u010dia ulo\u017een\u00e9 v\u00a0mobiloch, v\u00a0tom lep\u0161om pr\u00edpade vo vzorne vytvorenej zlo\u017eke v\u00a0po\u010d\u00edta\u010di alebo externom m\u00e9diu. Tento sp\u00f4sob uchov\u00e1vania fotografi\u00ed v\u0161ak nemus\u00ed by\u0165 ten [&hellip;]","og_url":"https:\/\/www.fotolab.sk\/blog\/preco-sa-oplati-tlacit-fotografie\/","og_site_name":"CEWE Fotolab blog","article_published_time":"2018-04-30T06:30:00+00:00","article_modified_time":"2018-07-11T08:54:15+00:00","og_image":[{"width":1500,"height":500,"url":"https:\/\/blog.fotolab.sk\/wp-content\/uploads\/2018\/04\/titulka-blog.jpg","type":"image\/jpeg"}],"twitter_misc":{"Autor:":"Peter Brejda","Predpokladan\u00fd \u010das \u010d\u00edtania":"3 min\u00faty"},"schema":{"@context":"https:\/\/schema.org","@graph":[{"@type":"WebSite","@id":"https:\/\/www.fotolab.sk\/blog\/#website","url":"https:\/\/www.fotolab.sk\/blog\/","name":"CEWE Fotolab blog","description":"Blog ur\u010den\u00fd pre fan\u00fa\u0161ikov fotografie a sveta okolo nej.","potentialAction":[{"@type":"SearchAction","target":{"@type":"EntryPoint","urlTemplate":"https:\/\/www.fotolab.sk\/blog\/?s={search_term_string}"},"query-input":"required name=search_term_string"}],"inLanguage":"sk-SK"},{"@type":"ImageObject","inLanguage":"sk-SK","@id":"https:\/\/www.fotolab.sk\/blog\/preco-sa-oplati-tlacit-fotografie\/#primaryimage","url":"https:\/\/blog.fotolab.sk\/wp-content\/uploads\/2018\/04\/titulka-blog.jpg","contentUrl":"https:\/\/blog.fotolab.sk\/wp-content\/uploads\/2018\/04\/titulka-blog.jpg","width":1500,"height":500},{"@type":"WebPage","@id":"https:\/\/www.fotolab.sk\/blog\/preco-sa-oplati-tlacit-fotografie\/#webpage","url":"https:\/\/www.fotolab.sk\/blog\/preco-sa-oplati-tlacit-fotografie\/","name":"Pre\u010do sa oplat\u00ed tla\u010di\u0165 fotografie - fotolab.sk\/blog","isPartOf":{"@id":"https:\/\/www.fotolab.sk\/blog\/#website"},"primaryImageOfPage":{"@id":"https:\/\/www.fotolab.sk\/blog\/preco-sa-oplati-tlacit-fotografie\/#primaryimage"},"datePublished":"2018-04-30T06:30:00+00:00","dateModified":"2018-07-11T08:54:15+00:00","author":{"@id":"https:\/\/www.fotolab.sk\/blog\/#\/schema\/person\/bedbb7781bf9b8ca3e8a79d322c3dfe8"},"breadcrumb":{"@id":"https:\/\/www.fotolab.sk\/blog\/preco-sa-oplati-tlacit-fotografie\/#breadcrumb"},"inLanguage":"sk-SK","potentialAction":[{"@type":"ReadAction","target":["https:\/\/www.fotolab.sk\/blog\/preco-sa-oplati-tlacit-fotografie\/"]}]},{"@type":"BreadcrumbList","@id":"https:\/\/www.fotolab.sk\/blog\/preco-sa-oplati-tlacit-fotografie\/#breadcrumb","itemListElement":[{"@type":"ListItem","position":1,"name":"Home","item":"https:\/\/www.fotolab.sk\/blog\/"},{"@type":"ListItem","position":2,"name":"Pre\u010do sa oplat\u00ed tla\u010di\u0165 fotografie"}]},{"@type":"Person","@id":"https:\/\/www.fotolab.sk\/blog\/#\/schema\/person\/bedbb7781bf9b8ca3e8a79d322c3dfe8","name":"Peter Brejda","image":{"@type":"ImageObject","inLanguage":"sk-SK","@id":"https:\/\/www.fotolab.sk\/blog\/#\/schema\/person\/image\/","url":"https:\/\/secure.gravatar.com\/avatar\/55e9ded7cbd217cb8884fc5cbaf02249?s=96&d=mm&r=g","contentUrl":"https:\/\/secure.gravatar.com\/avatar\/55e9ded7cbd217cb8884fc5cbaf02249?s=96&d=mm&r=g","caption":"Peter Brejda"},"description":"Kombin\u00e1cia \u010diernobielej a report\u00e1\u017enej fotografie je pre m\u0148a tou najkraj\u0161ou fotografiou. Milujem fotenie na kinofilm. M\u00e1m r\u00e1d humor, smiech a hokej je pre m\u0148a celo\u017eivotn\u00e1 l\u00e1ska :-)","sameAs":["https:\/\/www.instagram.com\/peterbrejda\/"],"url":"https:\/\/www.fotolab.sk\/blog\/author\/petobrejda\/"}]}},"_links":{"self":[{"href":"https:\/\/www.fotolab.sk\/blog\/wp-json\/wp\/v2\/posts\/5452"}],"collection":[{"href":"https:\/\/www.fotolab.sk\/blog\/wp-json\/wp\/v2\/posts"}],"about":[{"href":"https:\/\/www.fotolab.sk\/blog\/wp-json\/wp\/v2\/types\/post"}],"author":[{"embeddable":true,"href":"https:\/\/www.fotolab.sk\/blog\/wp-json\/wp\/v2\/users\/10"}],"replies":[{"embeddable":true,"href":"https:\/\/www.fotolab.sk\/blog\/wp-json\/wp\/v2\/comments?post=5452"}],"version-history":[{"count":5,"href":"https:\/\/www.fotolab.sk\/blog\/wp-json\/wp\/v2\/posts\/5452\/revisions"}],"predecessor-version":[{"id":5717,"href":"https:\/\/www.fotolab.sk\/blog\/wp-json\/wp\/v2\/posts\/5452\/revisions\/5717"}],"wp:featuredmedia":[{"embeddable":true,"href":"https:\/\/www.fotolab.sk\/blog\/wp-json\/wp\/v2\/media\/5478"}],"wp:attachment":[{"href":"https:\/\/www.fotolab.sk\/blog\/wp-json\/wp\/v2\/media?parent=5452"}],"wp:term":[{"taxonomy":"category","embeddable":true,"href":"https:\/\/www.fotolab.sk\/blog\/wp-json\/wp\/v2\/categories?post=5452"},{"taxonomy":"post_tag","embeddable":true,"href":"https:\/\/www.fotolab.sk\/blog\/wp-json\/wp\/v2\/tags?post=5452"}],"curies":[{"name":"wp","href":"https:\/\/api.w.org\/{rel}","templated":true}]}}