
{"id":4959,"date":"2018-01-18T08:30:07","date_gmt":"2018-01-18T07:30:07","guid":{"rendered":"https:\/\/www.fotolab.sk\/blog\/?p=4959"},"modified":"2018-04-10T16:12:23","modified_gmt":"2018-04-10T14:12:23","slug":"graficke-trendy-roka-2018-v-cewe-fotoknihe","status":"publish","type":"post","link":"https:\/\/www.fotolab.sk\/blog\/graficke-trendy-roka-2018-v-cewe-fotoknihe\/","title":{"rendered":"Grafick\u00e9 trendy roka 2018 v CEWE FOTOKNIHE"},"content":{"rendered":"<p>Za\u010diatkom roka m\u00f4\u017eeme n\u00e1js\u0165 na internete r\u00f4zne tipy a\u00a0inform\u00e1cie s\u00a0trendmi na nasleduj\u00faci rok v\u00a0oble\u010den\u00ed, grafike, tipy na knihy \u010di filmy, ktor\u00e9 bud\u00fa \u00faspe\u0161n\u00e9. Na z\u00e1klade t\u00fdchto \u010dl\u00e1nkov sme si vybrali niektor\u00e9 z\u00a0grafick\u00fdch trendov na rok 2018 a\u00a0rozhodli sme sa z nich vytvori\u0165 <a href=\"https:\/\/www.fotolab.sk\/cewe-fotokniha.html\" target=\"_blank\" rel=\"noopener\">CEWE FOTOKNIHU<\/a>.<\/p>\n<p>Spolo\u010dnos\u0165 PANTONE zvolila farbou roka 2018 ULTRA VIOLET, ktor\u00fa sme sa rozhodli pou\u017ei\u0165 vo fotoknihe. Okrem tohto trendu sme do CEWE FOTOKNIHY zakomponovali geometrick\u00e9 vzory, ilustr\u00e1cie, jednotn\u00fd \u0161t\u00fdl textov podobn\u00fd p\u00edsan\u00e9mu \u0161t\u00fdlu a\u00a0gradient.<\/p>\n<p>V\u0161etky tieto grafick\u00e9 prvky sme vyu\u017eili pri detskej fotoknihe, ktor\u00e1 m\u00f4\u017ee by\u0165 hrav\u00e1, farebn\u00e1 a\u00a0pln\u00e1 radostn\u00fdch spomienok. CEWE FOTOKNIHA je v\u00a0jednoduchom a\u00a0prijemnom \u0161t\u00fdle, ktor\u00fd zabav\u00ed a\u00a0pote\u0161\u00ed pri jej listovan\u00ed.<\/p>\n<p><strong><em>D\u00f4le\u017eit\u00e9 rozhodnutie na za\u010diatku<\/em><\/strong><\/p>\n<p>Ako jeden z\u00a0najd\u00f4le\u017eitej\u0161\u00edch krokov pri tvorbe fotoknihy na za\u010diatku \u00a0je rozhodnutie ak\u00fd <a href=\"https:\/\/www.fotolab.sk\/cewe-fotokniha\/formaty.html\" target=\"_blank\" rel=\"noopener\">form\u00e1t<\/a> m\u00e1 ma\u0165 CEWE FOTOKNIHA a\u00a0na akom <a href=\"https:\/\/www.fotolab.sk\/cewe-fotokniha\/papier.html\" target=\"_blank\" rel=\"noopener\">papieri<\/a> bud\u00fa fotografie vytla\u010den\u00e9. \u00a0Vybrali sme si XL fotoknihu aby sme vyu\u017eili ob\u00e1lku s\u00a0ozdobn\u00fdm efektom. Z\u00a0d\u00f4vodu lep\u0161ieho otv\u00e1rania a\u00a0listovania \u201elay-flat\u201c sme si vybrali fotopapier matn\u00fd.<\/p>\n<p><a href=\"https:\/\/blog.fotolab.sk\/wp-content\/uploads\/2018\/01\/flatlay.jpg\" target=\"_blank\" rel=\"noopener\"><img decoding=\"async\" loading=\"lazy\" class=\"alignnone wp-image-4973 size-full\" src=\"https:\/\/blog.fotolab.sk\/wp-content\/uploads\/2018\/01\/flatlay.jpg\" alt=\"\" width=\"1000\" height=\"667\" srcset=\"https:\/\/blog.fotolab.sk\/wp-content\/uploads\/2018\/01\/flatlay.jpg 1000w, https:\/\/blog.fotolab.sk\/wp-content\/uploads\/2018\/01\/flatlay-300x200.jpg 300w, https:\/\/blog.fotolab.sk\/wp-content\/uploads\/2018\/01\/flatlay-768x512.jpg 768w, https:\/\/blog.fotolab.sk\/wp-content\/uploads\/2018\/01\/flatlay-370x247.jpg 370w, https:\/\/blog.fotolab.sk\/wp-content\/uploads\/2018\/01\/flatlay-270x180.jpg 270w, https:\/\/blog.fotolab.sk\/wp-content\/uploads\/2018\/01\/flatlay-740x494.jpg 740w\" sizes=\"(max-width: 1000px) 100vw, 1000px\" \/><\/a><\/p>\n<p><strong><em>Ob\u00e1lka<\/em><\/strong><\/p>\n<p>Pri tvorbe ob\u00e1lky sme sa rozhodli skombinova\u0165 dve farby \u2013 tmavomodr\u00e1 (navy) a\u00a0zlat\u00e1 s\u00a0geometrick\u00fdmi vzormi (trojuholn\u00edky a\u00a0vertik\u00e1lne \u010diary). Trojuholn\u00edkov\u00e9 pozadie sme na\u0161li v\u00a0sekcii pozadia. Zlat\u00fa farbu sme zvolili na z\u00e1klade povrchovej \u00fapravy &#8211; ozdobnej ob\u00e1lky so zlat\u00fdm efektom. Tento prvok je dodato\u010dn\u00fd krok, ktor\u00fd je na va\u0161om osobnom rozhodnut\u00ed.<\/p>\n<p><a href=\"https:\/\/blog.fotolab.sk\/wp-content\/uploads\/2018\/01\/popis-obal-efekt.jpg\" target=\"_blank\" rel=\"noopener\"><img decoding=\"async\" loading=\"lazy\" class=\"alignnone wp-image-4962 size-large\" src=\"https:\/\/blog.fotolab.sk\/wp-content\/uploads\/2018\/01\/popis-obal-efekt-1024x533.jpg\" alt=\"\" width=\"770\" height=\"401\" srcset=\"https:\/\/blog.fotolab.sk\/wp-content\/uploads\/2018\/01\/popis-obal-efekt-1024x533.jpg 1024w, https:\/\/blog.fotolab.sk\/wp-content\/uploads\/2018\/01\/popis-obal-efekt-300x156.jpg 300w, https:\/\/blog.fotolab.sk\/wp-content\/uploads\/2018\/01\/popis-obal-efekt-768x400.jpg 768w, https:\/\/blog.fotolab.sk\/wp-content\/uploads\/2018\/01\/popis-obal-efekt-370x193.jpg 370w, https:\/\/blog.fotolab.sk\/wp-content\/uploads\/2018\/01\/popis-obal-efekt-270x141.jpg 270w, https:\/\/blog.fotolab.sk\/wp-content\/uploads\/2018\/01\/popis-obal-efekt-740x385.jpg 740w\" sizes=\"(max-width: 770px) 100vw, 770px\" \/><\/a><\/p>\n<p><strong><em>\u0160t\u00fdl <\/em><\/strong><\/p>\n<p>Na pozadie str\u00e1n sme uva\u017eovali nad r\u00f4znymi farbami, \u0161t\u00fdlmi. Nakoniec sme si z\u00a0ponuky priamo v\u00a0softv\u00e9ri vybrali akvarel, ktor\u00fd obsahoval pr\u00edjemne hrav\u00e9 farby ako \u017elt\u00e1, \u010derven\u00e1, zelen\u00e1, ale aj fialov\u00e1, ktor\u00e1 je vyhl\u00e1sen\u00e1\u00a0 farbou roka 2018.<\/p>\n<p><a href=\"https:\/\/blog.fotolab.sk\/wp-content\/uploads\/2018\/01\/styly.jpg\" target=\"_blank\" rel=\"noopener\"><img decoding=\"async\" loading=\"lazy\" class=\"alignnone wp-image-4967 size-large\" src=\"https:\/\/blog.fotolab.sk\/wp-content\/uploads\/2018\/01\/styly-1024x535.jpg\" alt=\"\" width=\"770\" height=\"402\" srcset=\"https:\/\/blog.fotolab.sk\/wp-content\/uploads\/2018\/01\/styly-1024x535.jpg 1024w, https:\/\/blog.fotolab.sk\/wp-content\/uploads\/2018\/01\/styly-300x157.jpg 300w, https:\/\/blog.fotolab.sk\/wp-content\/uploads\/2018\/01\/styly-768x401.jpg 768w, https:\/\/blog.fotolab.sk\/wp-content\/uploads\/2018\/01\/styly-370x193.jpg 370w, https:\/\/blog.fotolab.sk\/wp-content\/uploads\/2018\/01\/styly-270x141.jpg 270w, https:\/\/blog.fotolab.sk\/wp-content\/uploads\/2018\/01\/styly-740x387.jpg 740w\" sizes=\"(max-width: 770px) 100vw, 770px\" \/><\/a><\/p>\n<p><strong><em>Rozlo\u017eenie fotografi\u00ed<\/em><\/strong><\/p>\n<p>Pri v\u00fdbere fotografi\u00ed sme sa rozhodli umiestni\u0165 jednu fotografiu na stranu aby vynikla jej kr\u00e1sa. Menej je niekedy viac a\u00a0preto sa pri v\u00fdbere fotografi\u00ed dbali na to, aby neboli rozmazan\u00e9, ni\u017e\u0161ej kvality alebo tmav\u00e9. Pr\u00edpadne sme si fotografia zosvetlili, pred ich pou\u017eit\u00edm \u2013 priamo vo softv\u00e9ri.<\/p>\n<p>Jednoduch\u00e9 rozlo\u017eenie 1 -2 fotografi\u00ed na stranu n\u00e1m umo\u017enilo prerozpr\u00e1va\u0165 pr\u00edbeh dvoch det\u00ed Evy a\u00a0Petra.<\/p>\n<p><a href=\"https:\/\/blog.fotolab.sk\/wp-content\/uploads\/2018\/01\/kniha-rozlozenie.jpg\" target=\"_blank\" rel=\"noopener\"><img decoding=\"async\" loading=\"lazy\" class=\"alignnone wp-image-4961 size-large\" src=\"https:\/\/blog.fotolab.sk\/wp-content\/uploads\/2018\/01\/kniha-rozlozenie-1024x535.jpg\" alt=\"\" width=\"770\" height=\"402\" srcset=\"https:\/\/blog.fotolab.sk\/wp-content\/uploads\/2018\/01\/kniha-rozlozenie-1024x535.jpg 1024w, https:\/\/blog.fotolab.sk\/wp-content\/uploads\/2018\/01\/kniha-rozlozenie-300x157.jpg 300w, https:\/\/blog.fotolab.sk\/wp-content\/uploads\/2018\/01\/kniha-rozlozenie-768x401.jpg 768w, https:\/\/blog.fotolab.sk\/wp-content\/uploads\/2018\/01\/kniha-rozlozenie-370x193.jpg 370w, https:\/\/blog.fotolab.sk\/wp-content\/uploads\/2018\/01\/kniha-rozlozenie-270x141.jpg 270w, https:\/\/blog.fotolab.sk\/wp-content\/uploads\/2018\/01\/kniha-rozlozenie-740x386.jpg 740w\" sizes=\"(max-width: 770px) 100vw, 770px\" \/><\/a><\/p>\n<p><strong><em>Text &amp; kliparty<\/em><\/strong><\/p>\n<p>Cel\u00fd pr\u00edbeh sme dotvorili prostredn\u00edctvom textov a\u00a0klipartov. Kr\u00e1tke spomienky, pripomienky z\u00e1\u017eitkov, ktor\u00e9 sa za\u017eili po\u010das roka sme v\u00a0jednotnom \u0161t\u00fdle vkladali do str\u00e1n. Okrem textov sme pr\u00edjemn\u00fa, hrav\u00fa atmosf\u00e9ru udr\u017eali ak pomocou klipartov, ktor\u00e9 dodali str\u00e1nkam fotoknihy \u010fal\u0161\u00ed rozmer. Op\u00e4\u0165 sme sa dr\u017eali pravidla menej je niekedy viac a\u00a0vybrali sme si p\u00e1r, jednoduch\u00fdch obr\u00e1zkov.<\/p>\n<p><a href=\"https:\/\/blog.fotolab.sk\/wp-content\/uploads\/2018\/01\/kliparty.jpg\" target=\"_blank\" rel=\"noopener\"><img decoding=\"async\" loading=\"lazy\" class=\"alignnone wp-image-4960 size-large\" src=\"https:\/\/blog.fotolab.sk\/wp-content\/uploads\/2018\/01\/kliparty-1024x533.jpg\" alt=\"\" width=\"770\" height=\"401\" srcset=\"https:\/\/blog.fotolab.sk\/wp-content\/uploads\/2018\/01\/kliparty-1024x533.jpg 1024w, https:\/\/blog.fotolab.sk\/wp-content\/uploads\/2018\/01\/kliparty-300x156.jpg 300w, https:\/\/blog.fotolab.sk\/wp-content\/uploads\/2018\/01\/kliparty-768x400.jpg 768w, https:\/\/blog.fotolab.sk\/wp-content\/uploads\/2018\/01\/kliparty-370x193.jpg 370w, https:\/\/blog.fotolab.sk\/wp-content\/uploads\/2018\/01\/kliparty-270x141.jpg 270w, https:\/\/blog.fotolab.sk\/wp-content\/uploads\/2018\/01\/kliparty-740x385.jpg 740w\" sizes=\"(max-width: 770px) 100vw, 770px\" \/><\/a><\/p>\n<p>V\u0161etky kliparty a\u00a0p\u00edsmo je pou\u017eit\u00e9 priamo zo softv\u00e9ru CEWE FOTOSVET, ktor\u00fd je dostupn\u00fd<a href=\"https:\/\/www.fotolab.sk\/softver-zadarmo.html\" target=\"_blank\" rel=\"noopener\"> na na\u0161ej str\u00e1nke<\/a>.<\/p>\n<hr \/>\n<p><a href=\"https:\/\/blog.fotolab.sk\/wp-content\/uploads\/2018\/01\/output_FdlCYJ.gif\" target=\"_blank\" rel=\"noopener\"><img decoding=\"async\" loading=\"lazy\" class=\"alignnone wp-image-4971 size-full\" src=\"https:\/\/blog.fotolab.sk\/wp-content\/uploads\/2018\/01\/output_FdlCYJ.gif\" alt=\"\" width=\"1000\" height=\"667\" \/><\/a><\/p>\n","protected":false},"excerpt":{"rendered":"<p>Za\u010diatkom roka m\u00f4\u017eeme n\u00e1js\u0165 na internete r\u00f4zne tipy a\u00a0inform\u00e1cie s\u00a0trendmi na nasleduj\u00faci rok v\u00a0oble\u010den\u00ed, grafike, tipy na knihy \u010di filmy, ktor\u00e9 bud\u00fa \u00faspe\u0161n\u00e9. Na z\u00e1klade t\u00fdchto \u010dl\u00e1nkov sme si vybrali niektor\u00e9 z\u00a0grafick\u00fdch trendov na rok 2018 a\u00a0rozhodli sme sa z nich vytvori\u0165 CEWE FOTOKNIHU. Spolo\u010dnos\u0165 PANTONE zvolila farbou roka 2018 ULTRA VIOLET, ktor\u00fa sme sa [&hellip;]<\/p>\n","protected":false},"author":14,"featured_media":4974,"comment_status":"open","ping_status":"open","sticky":false,"template":"","format":"standard","meta":[],"categories":[51],"tags":[81,97],"yoast_head":"<!-- This site is optimized with the Yoast SEO plugin v19.1 - https:\/\/yoast.com\/wordpress\/plugins\/seo\/ -->\n<title>Grafick\u00e9 trendy roka 2018 v CEWE FOTOKNIHE - CEWE Fotolab blog<\/title>\n<meta name=\"robots\" content=\"index, follow, max-snippet:-1, max-image-preview:large, max-video-preview:-1\" \/>\n<link rel=\"canonical\" href=\"https:\/\/www.fotolab.sk\/blog\/graficke-trendy-roka-2018-v-cewe-fotoknihe\/\" \/>\n<meta property=\"og:locale\" content=\"sk_SK\" \/>\n<meta property=\"og:type\" content=\"article\" \/>\n<meta property=\"og:title\" content=\"Grafick\u00e9 trendy roka 2018 v CEWE FOTOKNIHE - CEWE Fotolab blog\" \/>\n<meta property=\"og:description\" content=\"Za\u010diatkom roka m\u00f4\u017eeme n\u00e1js\u0165 na internete r\u00f4zne tipy a\u00a0inform\u00e1cie s\u00a0trendmi na nasleduj\u00faci rok v\u00a0oble\u010den\u00ed, grafike, tipy na knihy \u010di filmy, ktor\u00e9 bud\u00fa \u00faspe\u0161n\u00e9. Na z\u00e1klade t\u00fdchto \u010dl\u00e1nkov sme si vybrali niektor\u00e9 z\u00a0grafick\u00fdch trendov na rok 2018 a\u00a0rozhodli sme sa z nich vytvori\u0165 CEWE FOTOKNIHU. Spolo\u010dnos\u0165 PANTONE zvolila farbou roka 2018 ULTRA VIOLET, ktor\u00fa sme sa [&hellip;]\" \/>\n<meta property=\"og:url\" content=\"https:\/\/www.fotolab.sk\/blog\/graficke-trendy-roka-2018-v-cewe-fotoknihe\/\" \/>\n<meta property=\"og:site_name\" content=\"CEWE Fotolab blog\" \/>\n<meta property=\"article:published_time\" content=\"2018-01-18T07:30:07+00:00\" \/>\n<meta property=\"article:modified_time\" content=\"2018-04-10T14:12:23+00:00\" \/>\n<meta property=\"og:image\" content=\"https:\/\/blog.fotolab.sk\/wp-content\/uploads\/2018\/01\/titulka-1.jpg\" \/>\n\t<meta property=\"og:image:width\" content=\"1500\" \/>\n\t<meta property=\"og:image:height\" content=\"500\" \/>\n\t<meta property=\"og:image:type\" content=\"image\/jpeg\" \/>\n<meta name=\"twitter:label1\" content=\"Autor:\" \/>\n\t<meta name=\"twitter:data1\" content=\"Ingrid Neveov\u00e1\" \/>\n\t<meta name=\"twitter:label2\" content=\"Predpokladan\u00fd \u010das \u010d\u00edtania\" \/>\n\t<meta name=\"twitter:data2\" content=\"2 min\u00faty\" \/>\n<script type=\"application\/ld+json\" class=\"yoast-schema-graph\">{\"@context\":\"https:\/\/schema.org\",\"@graph\":[{\"@type\":\"WebSite\",\"@id\":\"https:\/\/www.fotolab.sk\/blog\/#website\",\"url\":\"https:\/\/www.fotolab.sk\/blog\/\",\"name\":\"CEWE Fotolab blog\",\"description\":\"Blog ur\u010den\u00fd pre fan\u00fa\u0161ikov fotografie a sveta okolo nej.\",\"potentialAction\":[{\"@type\":\"SearchAction\",\"target\":{\"@type\":\"EntryPoint\",\"urlTemplate\":\"https:\/\/www.fotolab.sk\/blog\/?s={search_term_string}\"},\"query-input\":\"required name=search_term_string\"}],\"inLanguage\":\"sk-SK\"},{\"@type\":\"ImageObject\",\"inLanguage\":\"sk-SK\",\"@id\":\"https:\/\/www.fotolab.sk\/blog\/graficke-trendy-roka-2018-v-cewe-fotoknihe\/#primaryimage\",\"url\":\"https:\/\/blog.fotolab.sk\/wp-content\/uploads\/2018\/01\/titulka-1.jpg\",\"contentUrl\":\"https:\/\/blog.fotolab.sk\/wp-content\/uploads\/2018\/01\/titulka-1.jpg\",\"width\":1500,\"height\":500},{\"@type\":\"WebPage\",\"@id\":\"https:\/\/www.fotolab.sk\/blog\/graficke-trendy-roka-2018-v-cewe-fotoknihe\/#webpage\",\"url\":\"https:\/\/www.fotolab.sk\/blog\/graficke-trendy-roka-2018-v-cewe-fotoknihe\/\",\"name\":\"Grafick\u00e9 trendy roka 2018 v CEWE FOTOKNIHE - CEWE Fotolab blog\",\"isPartOf\":{\"@id\":\"https:\/\/www.fotolab.sk\/blog\/#website\"},\"primaryImageOfPage\":{\"@id\":\"https:\/\/www.fotolab.sk\/blog\/graficke-trendy-roka-2018-v-cewe-fotoknihe\/#primaryimage\"},\"datePublished\":\"2018-01-18T07:30:07+00:00\",\"dateModified\":\"2018-04-10T14:12:23+00:00\",\"author\":{\"@id\":\"https:\/\/www.fotolab.sk\/blog\/#\/schema\/person\/25117a866fdc417528b2e95fc658c280\"},\"breadcrumb\":{\"@id\":\"https:\/\/www.fotolab.sk\/blog\/graficke-trendy-roka-2018-v-cewe-fotoknihe\/#breadcrumb\"},\"inLanguage\":\"sk-SK\",\"potentialAction\":[{\"@type\":\"ReadAction\",\"target\":[\"https:\/\/www.fotolab.sk\/blog\/graficke-trendy-roka-2018-v-cewe-fotoknihe\/\"]}]},{\"@type\":\"BreadcrumbList\",\"@id\":\"https:\/\/www.fotolab.sk\/blog\/graficke-trendy-roka-2018-v-cewe-fotoknihe\/#breadcrumb\",\"itemListElement\":[{\"@type\":\"ListItem\",\"position\":1,\"name\":\"Home\",\"item\":\"https:\/\/www.fotolab.sk\/blog\/\"},{\"@type\":\"ListItem\",\"position\":2,\"name\":\"Grafick\u00e9 trendy roka 2018 v CEWE FOTOKNIHE\"}]},{\"@type\":\"Person\",\"@id\":\"https:\/\/www.fotolab.sk\/blog\/#\/schema\/person\/25117a866fdc417528b2e95fc658c280\",\"name\":\"Ingrid Neveov\u00e1\",\"image\":{\"@type\":\"ImageObject\",\"inLanguage\":\"sk-SK\",\"@id\":\"https:\/\/www.fotolab.sk\/blog\/#\/schema\/person\/image\/\",\"url\":\"https:\/\/secure.gravatar.com\/avatar\/3184175e9f226da081004a49dc0af8f3?s=96&d=mm&r=g\",\"contentUrl\":\"https:\/\/secure.gravatar.com\/avatar\/3184175e9f226da081004a49dc0af8f3?s=96&d=mm&r=g\",\"caption\":\"Ingrid Neveov\u00e1\"},\"description\":\"Moje motto: \\\"Raz som si myslel, \u017ee som urobil chybu, uk\u00e1zalo sa v\u0161ak, \u017ee to bol kreat\u00edvny okam\u017eik.\\\" Scott Fleming\",\"sameAs\":[\"https:\/\/www.instagram.com\/inge_neve\/\"],\"url\":\"https:\/\/www.fotolab.sk\/blog\/author\/inge\/\"}]}<\/script>\n<!-- \/ Yoast SEO plugin. -->","yoast_head_json":{"title":"Grafick\u00e9 trendy roka 2018 v CEWE FOTOKNIHE - CEWE Fotolab blog","robots":{"index":"index","follow":"follow","max-snippet":"max-snippet:-1","max-image-preview":"max-image-preview:large","max-video-preview":"max-video-preview:-1"},"canonical":"https:\/\/www.fotolab.sk\/blog\/graficke-trendy-roka-2018-v-cewe-fotoknihe\/","og_locale":"sk_SK","og_type":"article","og_title":"Grafick\u00e9 trendy roka 2018 v CEWE FOTOKNIHE - CEWE Fotolab blog","og_description":"Za\u010diatkom roka m\u00f4\u017eeme n\u00e1js\u0165 na internete r\u00f4zne tipy a\u00a0inform\u00e1cie s\u00a0trendmi na nasleduj\u00faci rok v\u00a0oble\u010den\u00ed, grafike, tipy na knihy \u010di filmy, ktor\u00e9 bud\u00fa \u00faspe\u0161n\u00e9. Na z\u00e1klade t\u00fdchto \u010dl\u00e1nkov sme si vybrali niektor\u00e9 z\u00a0grafick\u00fdch trendov na rok 2018 a\u00a0rozhodli sme sa z nich vytvori\u0165 CEWE FOTOKNIHU. Spolo\u010dnos\u0165 PANTONE zvolila farbou roka 2018 ULTRA VIOLET, ktor\u00fa sme sa [&hellip;]","og_url":"https:\/\/www.fotolab.sk\/blog\/graficke-trendy-roka-2018-v-cewe-fotoknihe\/","og_site_name":"CEWE Fotolab blog","article_published_time":"2018-01-18T07:30:07+00:00","article_modified_time":"2018-04-10T14:12:23+00:00","og_image":[{"width":1500,"height":500,"url":"https:\/\/blog.fotolab.sk\/wp-content\/uploads\/2018\/01\/titulka-1.jpg","type":"image\/jpeg"}],"twitter_misc":{"Autor:":"Ingrid Neveov\u00e1","Predpokladan\u00fd \u010das \u010d\u00edtania":"2 min\u00faty"},"schema":{"@context":"https:\/\/schema.org","@graph":[{"@type":"WebSite","@id":"https:\/\/www.fotolab.sk\/blog\/#website","url":"https:\/\/www.fotolab.sk\/blog\/","name":"CEWE Fotolab blog","description":"Blog ur\u010den\u00fd pre fan\u00fa\u0161ikov fotografie a sveta okolo nej.","potentialAction":[{"@type":"SearchAction","target":{"@type":"EntryPoint","urlTemplate":"https:\/\/www.fotolab.sk\/blog\/?s={search_term_string}"},"query-input":"required name=search_term_string"}],"inLanguage":"sk-SK"},{"@type":"ImageObject","inLanguage":"sk-SK","@id":"https:\/\/www.fotolab.sk\/blog\/graficke-trendy-roka-2018-v-cewe-fotoknihe\/#primaryimage","url":"https:\/\/blog.fotolab.sk\/wp-content\/uploads\/2018\/01\/titulka-1.jpg","contentUrl":"https:\/\/blog.fotolab.sk\/wp-content\/uploads\/2018\/01\/titulka-1.jpg","width":1500,"height":500},{"@type":"WebPage","@id":"https:\/\/www.fotolab.sk\/blog\/graficke-trendy-roka-2018-v-cewe-fotoknihe\/#webpage","url":"https:\/\/www.fotolab.sk\/blog\/graficke-trendy-roka-2018-v-cewe-fotoknihe\/","name":"Grafick\u00e9 trendy roka 2018 v CEWE FOTOKNIHE - CEWE Fotolab blog","isPartOf":{"@id":"https:\/\/www.fotolab.sk\/blog\/#website"},"primaryImageOfPage":{"@id":"https:\/\/www.fotolab.sk\/blog\/graficke-trendy-roka-2018-v-cewe-fotoknihe\/#primaryimage"},"datePublished":"2018-01-18T07:30:07+00:00","dateModified":"2018-04-10T14:12:23+00:00","author":{"@id":"https:\/\/www.fotolab.sk\/blog\/#\/schema\/person\/25117a866fdc417528b2e95fc658c280"},"breadcrumb":{"@id":"https:\/\/www.fotolab.sk\/blog\/graficke-trendy-roka-2018-v-cewe-fotoknihe\/#breadcrumb"},"inLanguage":"sk-SK","potentialAction":[{"@type":"ReadAction","target":["https:\/\/www.fotolab.sk\/blog\/graficke-trendy-roka-2018-v-cewe-fotoknihe\/"]}]},{"@type":"BreadcrumbList","@id":"https:\/\/www.fotolab.sk\/blog\/graficke-trendy-roka-2018-v-cewe-fotoknihe\/#breadcrumb","itemListElement":[{"@type":"ListItem","position":1,"name":"Home","item":"https:\/\/www.fotolab.sk\/blog\/"},{"@type":"ListItem","position":2,"name":"Grafick\u00e9 trendy roka 2018 v CEWE FOTOKNIHE"}]},{"@type":"Person","@id":"https:\/\/www.fotolab.sk\/blog\/#\/schema\/person\/25117a866fdc417528b2e95fc658c280","name":"Ingrid Neveov\u00e1","image":{"@type":"ImageObject","inLanguage":"sk-SK","@id":"https:\/\/www.fotolab.sk\/blog\/#\/schema\/person\/image\/","url":"https:\/\/secure.gravatar.com\/avatar\/3184175e9f226da081004a49dc0af8f3?s=96&d=mm&r=g","contentUrl":"https:\/\/secure.gravatar.com\/avatar\/3184175e9f226da081004a49dc0af8f3?s=96&d=mm&r=g","caption":"Ingrid Neveov\u00e1"},"description":"Moje motto: \"Raz som si myslel, \u017ee som urobil chybu, uk\u00e1zalo sa v\u0161ak, \u017ee to bol kreat\u00edvny okam\u017eik.\" Scott Fleming","sameAs":["https:\/\/www.instagram.com\/inge_neve\/"],"url":"https:\/\/www.fotolab.sk\/blog\/author\/inge\/"}]}},"_links":{"self":[{"href":"https:\/\/www.fotolab.sk\/blog\/wp-json\/wp\/v2\/posts\/4959"}],"collection":[{"href":"https:\/\/www.fotolab.sk\/blog\/wp-json\/wp\/v2\/posts"}],"about":[{"href":"https:\/\/www.fotolab.sk\/blog\/wp-json\/wp\/v2\/types\/post"}],"author":[{"embeddable":true,"href":"https:\/\/www.fotolab.sk\/blog\/wp-json\/wp\/v2\/users\/14"}],"replies":[{"embeddable":true,"href":"https:\/\/www.fotolab.sk\/blog\/wp-json\/wp\/v2\/comments?post=4959"}],"version-history":[{"count":6,"href":"https:\/\/www.fotolab.sk\/blog\/wp-json\/wp\/v2\/posts\/4959\/revisions"}],"predecessor-version":[{"id":4980,"href":"https:\/\/www.fotolab.sk\/blog\/wp-json\/wp\/v2\/posts\/4959\/revisions\/4980"}],"wp:featuredmedia":[{"embeddable":true,"href":"https:\/\/www.fotolab.sk\/blog\/wp-json\/wp\/v2\/media\/4974"}],"wp:attachment":[{"href":"https:\/\/www.fotolab.sk\/blog\/wp-json\/wp\/v2\/media?parent=4959"}],"wp:term":[{"taxonomy":"category","embeddable":true,"href":"https:\/\/www.fotolab.sk\/blog\/wp-json\/wp\/v2\/categories?post=4959"},{"taxonomy":"post_tag","embeddable":true,"href":"https:\/\/www.fotolab.sk\/blog\/wp-json\/wp\/v2\/tags?post=4959"}],"curies":[{"name":"wp","href":"https:\/\/api.w.org\/{rel}","templated":true}]}}