
{"id":49201,"date":"2023-12-08T16:55:28","date_gmt":"2023-12-08T15:55:28","guid":{"rendered":"https:\/\/www.fotolab.sk\/blog\/?p=49201"},"modified":"2024-01-23T14:47:14","modified_gmt":"2024-01-23T13:47:14","slug":"sneh-nas-bavi-alebo-zimne-fotenie-deti-v-prirode","status":"publish","type":"post","link":"https:\/\/www.fotolab.sk\/blog\/sneh-nas-bavi-alebo-zimne-fotenie-deti-v-prirode\/","title":{"rendered":"Sneh n\u00e1s bav\u00ed alebo zimn\u00e9 fotenie det\u00ed v pr\u00edrode"},"content":{"rendered":"<p>Outdoorov\u00e9 aktivity a hry s\u00fa pre deti to najprirodzenej\u0161ie. Oproti ateli\u00e9rov\u00e9mu foteniu maj\u00fa t\u00fa v\u00fdhodu, \u017ee sa deti pri p\u00f3zovan\u00ed rozhodne nudi\u0165 nebud\u00fa. Vyzer\u00e1 to tak, \u017ee sne\u017ei\u0165 bude t\u00fato zimu \u010dasto, preto ak chcete ma\u0165 kr\u00e1snu spomienku na zimu v celej svojej kr\u00e1se, tento \u010dl\u00e1nok je pr\u00e1ve pre v\u00e1s.<\/p>\n<p><img decoding=\"async\" loading=\"lazy\" class=\"alignnone size-full wp-image-49206\" src=\"https:\/\/blog.fotolab.sk\/wp-content\/uploads\/2023\/12\/Leonora_Grigat_20210906_Christmas_Winter_007.jpg\" alt=\"\" width=\"1200\" height=\"800\" \/><\/p>\n<p>Zima je \u010darovn\u00e1 a pre deti sa sp\u00e1ja s pokojnou atmosf\u00e9rou a v\u00fdletmi do pr\u00edrody. Aj ke\u010f sami nem\u00e1te deti, skvel\u00fdm dar\u010dekom je fotenie pre priate\u013eov a ich rodiny. Aspo\u0148 na chv\u00ed\u013eu za\u017eijete, ak\u00e9 to je fotografova\u0165 detsk\u00fa z\u00e1bavu. Foti\u0165 v snehu v\u0161ak nie je jednoduch\u00e9, preto som si pre v\u00e1s pripravila p\u00e1r n\u00e1padov.\u00a0 Samozrejme, je potrebn\u00e9 dobre sa pripravi\u0165.<\/p>\n<h2>Oble\u010denie je z\u00e1klad<\/h2>\n<p>V zime m\u00f4\u017ee by\u0165 oble\u010denie v\u00fdzvou, preto\u017ee len m\u00e1lo \u013eud\u00ed vyzer\u00e1 v obrovskej bunde dokonale. Ale m\u00f4\u017eete nie\u010do vymyslie\u0165&#8230;<\/p>\n<p><img decoding=\"async\" loading=\"lazy\" class=\"alignnone size-full wp-image-49207\" src=\"https:\/\/blog.fotolab.sk\/wp-content\/uploads\/2023\/12\/Leonora_Grigat_20210906_Christmas_Winter_008.jpg\" alt=\"\" width=\"1200\" height=\"800\" \/><\/p>\n<p>Najlep\u0161ie je obliec\u0165 deti do neutr\u00e1lnych farieb, ni\u010d honosn\u00e9, bez n\u00e1pisov a potla\u010de. Vrstvite oble\u010denie tak, aby ste ho v pr\u00edpade potreby mohli odlo\u017ei\u0165. In\u0161pirujte sa farbami pr\u00edrody. Na dotvorenie atmosf\u00e9ry s\u00fa skvel\u00e9 monochromatick\u00e9 pleten\u00e9 \u010diapky, rukavice a \u0161\u00e1ly. Bundu je mo\u017en\u00e9 rozopn\u00fa\u0165 na zips alebo, ak svieti slnko, dokonca si ju na p\u00e1r min\u00fat vyzliec\u0165. Pri tejto pr\u00edle\u017eitosti nos\u00edm so sebou hrub\u00fa prikr\u00fdvku, do ktorej uklad\u00e1m a zabal\u00edm svoje oble\u010denie tak, aby nepremoklo od snehu. Nezabudnite na termosku \u010daju a mo\u017eno aj vyhrievacie rukavice, alebo hrejiv\u00e9 vank\u00fa\u0161iky do vreciek.<\/p>\n<p><img decoding=\"async\" loading=\"lazy\" class=\"alignnone size-full wp-image-49208\" src=\"https:\/\/blog.fotolab.sk\/wp-content\/uploads\/2023\/12\/Leonora_Grigat_20210906_Christmas_Winter_009.jpg\" alt=\"\" width=\"1200\" height=\"800\" \/><\/p>\n<h2>Dobre sa vybavte<\/h2>\n<p>Treba ma\u0165 na pam\u00e4ti, \u017ee ide o ve\u013emi r\u00fdchle fotenie. Po prv\u00e9, nechcete, aby deti prechladli, tak\u017ee sa budete musie\u0165 pon\u00e1h\u013ea\u0165, a po druh\u00e9, o\u010dak\u00e1vajte, \u017ee va\u0161e mal\u00e9 modely bud\u00fa neust\u00e1le v pohybe. Preto na tento druh fotenia potrebujete pokro\u010dil\u00fd <a href=\"https:\/\/www.fotolab.sk\/objektivy\/objektivy-podla-zanru\/sport-a-wildlife-objeektivy\" target=\"_blank\" rel=\"noopener\">fotoapar\u00e1t a objekt\u00edv s r\u00fdchlym zaostrovan\u00edm<\/a>. Hod\u00ed sa digit\u00e1lna <a href=\"https:\/\/www.fotolab.sk\/fotoaparaty\/digitalne-zrkadlovky-dslr\" target=\"_blank\" rel=\"noopener\">zrkadlovka<\/a> aj <a href=\"https:\/\/www.fotolab.sk\/fotoaparaty\/bezzrkadlovky\" target=\"_blank\" rel=\"noopener\">bezzrkadlovka<\/a>. V\u00fdhodou t\u00fdchto fo\u0165\u00e1kov je, \u017ee objekt\u00edvy m\u00f4\u017eete meni\u0165 pod\u013ea situ\u00e1cie. Clona objekt\u00edvu je tu k\u013e\u00fa\u010dov\u00e1.<\/p>\n<p>Za slne\u010dn\u00e9ho d\u0148a, najm\u00e4 na hor\u00e1ch, sneh intenz\u00edvne odr\u00e1\u017ea svetlo. Ak pl\u00e1nujete fotografova\u0165 na snehu ako ja, je dobr\u00e9 pou\u017ei\u0165 filter na objekt\u00edve. Filter neutr\u00e1lnej hustoty pom\u00f4\u017ee zn\u00ed\u017ei\u0165 ne\u017eiad\u00face presvietenie v pr\u00edpade, \u017ee chcete sn\u00edma\u0165 so \u0161iroko otvorenou clonou.\u00a0 Pri portr\u00e9toch v snehu sa hodia slab\u0161ie siv\u00e9 filtre, ako napr\u00edklad ND 8x. Alebo <a href=\"https:\/\/www.fotolab.sk\/produkt\/hoya-cirkularny-polarizacny-filter-hd-mk-ii-49mm\" target=\"_blank\" rel=\"noopener\">polariza\u010dn\u00fd filter<\/a>, ktor\u00fd si porad\u00ed so zbyto\u010dn\u00fdm odleskami a vytvor\u00ed kontrastn\u00fa modr\u00fa oblohu. Za predpokladu, \u017ee prevl\u00e1da siv\u00e1 obloha a riedke rozpt\u00fdlen\u00e9 svetlo, posta\u010d\u00ed oby\u010dajn\u00fd <a href=\"https:\/\/www.fotolab.sk\/produkt\/hoya-uv-hd-filter-72mm-127\" target=\"_blank\" rel=\"noopener\">ochrann\u00fd UV filter<\/a>.<\/p>\n<p><img decoding=\"async\" loading=\"lazy\" class=\"alignnone size-full wp-image-49209\" src=\"https:\/\/blog.fotolab.sk\/wp-content\/uploads\/2023\/12\/Leonora_Grigat_20210906_Christmas_Winter_010.jpg\" alt=\"\" width=\"800\" height=\"1200\" \/><\/p>\n<h2>V\u00fdber miesta<\/h2>\n<p>Nemus\u00edte cestova\u0165 \u010faleko, sta\u010d\u00ed \u00eds\u0165 len k\u00fasok od v\u00e1\u0161ho domu. Ak sne\u017e\u00ed, r\u00fdchlo si zba\u013ete veci, oble\u010dte deti a bez v\u00e1hania vyrazte. Niekedy v\u0161etko, \u010do potrebujete, je v\u00fdlet na chatu alebo na ob\u013e\u00faben\u00e9 miesto, kde ste zvyknut\u00ed fotografova\u0165 aj v lete. Pok\u00faste sa vybra\u0165 miesto s \u010do najmen\u0161\u00edm po\u010dtom ru\u0161iv\u00fdch detailov, ako s\u00fa aut\u00e1, bytovky, mestsk\u00e9 reklamy. Hlavne si nezabudnite dobr\u00fa n\u00e1ladu.<\/p>\n<p><img decoding=\"async\" loading=\"lazy\" class=\"alignnone size-full wp-image-49210\" src=\"https:\/\/blog.fotolab.sk\/wp-content\/uploads\/2023\/12\/Leonora_Grigat_20210906_Christmas_Winter_011.jpg\" alt=\"\" width=\"800\" height=\"1200\" \/><\/p>\n<h2>Nie\u010do navy\u0161e<\/h2>\n<p>Prineste si s\u00e1nky, boby alebo kor\u010dule. Vyu\u017eite v\u0161etky mo\u017enosti z\u00e1bavy pre deti v pr\u00edrode. Budete len beha\u0165 okolo nich a zachyt\u00e1va\u0165 nezabudnute\u013en\u00e9 radostn\u00e9 chv\u00edle. Ako motiv\u00e1cia pre detsk\u00fa fotografiu s\u00fa dobr\u00e9 fotogenick\u00e9 sladkosti. Napr\u00edklad ovocie, ve\u013ek\u00e9 l\u00edzanky alebo su\u0161ienky a pekn\u00fd hrn\u010dek, kde si nalejete tepl\u00fd \u010daj alebo kakao. Majte na pam\u00e4ti, \u017ee ak die\u0165a dostane do r\u00fak nie\u010do z toho, m\u00f4\u017ee sa kedyko\u013evek za\u0161pini\u0165. Preto majte po ruke vlhk\u00e9 utierky a najlep\u0161ie asistenta, ktor\u00fd sa o to postar\u00e1 s\u00e1m a nebudete musie\u0165 odlo\u017ei\u0165 fotoapar\u00e1t a preru\u0161i\u0165 fotenie.<\/p>\n<p><img decoding=\"async\" loading=\"lazy\" class=\"alignnone size-full wp-image-49222\" src=\"https:\/\/blog.fotolab.sk\/wp-content\/uploads\/2023\/12\/Leonora_Grigat_Bordkalender_2022_21.jpg\" alt=\"\" width=\"5472\" height=\"3648\" \/><\/p>\n<p>Ak neviete, \u010do robi\u0165 s fotografick\u00fdm materi\u00e1lom, ve\u013ea in\u0161pir\u00e1cie n\u00e1jdete na webe <a href=\"https:\/\/www.cewe.sk\/\" target=\"_blank\" rel=\"noopener\">cewe.sk<\/a>. Mne osobne sa ve\u013emi p\u00e1\u010di stolov\u00fd kalend\u00e1r alebo fotop\u00e1siky, ktor\u00e9 si m\u00f4\u017eete vytla\u010di\u0165 na\u00a0po\u010dkanie s fotoslu\u017ebou <strong>CEWE foto ihne\u010f<\/strong> vo v\u0161etk\u00fdch <a href=\"https:\/\/www.cewe.sk\/nase-predajne.html\" target=\"_blank\" rel=\"noopener\">predajniach CEWE Fotolab<\/a>.<\/p>\n<p><img decoding=\"async\" loading=\"lazy\" class=\"alignnone size-full wp-image-49223\" src=\"https:\/\/blog.fotolab.sk\/wp-content\/uploads\/2023\/12\/Leonora_Grigat_Billedstrimmel_2022_06.jpg\" alt=\"\" width=\"5472\" height=\"3648\" \/><\/p>\n<p>Prajem v\u00e1m ve\u013ea z\u00e1bavy a jedine\u010dn\u00fdch spomienok, ktor\u00e9 zachyt\u00edte fotoapar\u00e1tom.<\/p>\n","protected":false},"excerpt":{"rendered":"<p>Outdoorov\u00e9 aktivity a hry s\u00fa pre deti to najprirodzenej\u0161ie. Oproti ateli\u00e9rov\u00e9mu foteniu maj\u00fa t\u00fa v\u00fdhodu, \u017ee sa deti pri p\u00f3zovan\u00ed rozhodne nudi\u0165 nebud\u00fa. Vyzer\u00e1 to tak, \u017ee sne\u017ei\u0165 bude t\u00fato zimu \u010dasto, preto ak chcete ma\u0165 kr\u00e1snu spomienku na zimu v celej svojej kr\u00e1se, tento \u010dl\u00e1nok je pr\u00e1ve pre v\u00e1s. Zima je \u010darovn\u00e1 a pre [&hellip;]<\/p>\n","protected":false},"author":14,"featured_media":49211,"comment_status":"open","ping_status":"open","sticky":false,"template":"","format":"standard","meta":[],"categories":[3,52],"tags":[96,108,119,125],"yoast_head":"<!-- This site is optimized with the Yoast SEO plugin v19.1 - https:\/\/yoast.com\/wordpress\/plugins\/seo\/ -->\n<title>Sneh n\u00e1s bav\u00ed alebo zimn\u00e9 fotenie det\u00ed v pr\u00edrode - CEWE Fotolab blog<\/title>\n<meta name=\"robots\" content=\"index, follow, max-snippet:-1, max-image-preview:large, max-video-preview:-1\" \/>\n<link rel=\"canonical\" href=\"https:\/\/www.fotolab.sk\/blog\/sneh-nas-bavi-alebo-zimne-fotenie-deti-v-prirode\/\" \/>\n<meta property=\"og:locale\" content=\"sk_SK\" \/>\n<meta property=\"og:type\" content=\"article\" \/>\n<meta property=\"og:title\" content=\"Sneh n\u00e1s bav\u00ed alebo zimn\u00e9 fotenie det\u00ed v pr\u00edrode - CEWE Fotolab blog\" \/>\n<meta property=\"og:description\" content=\"Outdoorov\u00e9 aktivity a hry s\u00fa pre deti to najprirodzenej\u0161ie. Oproti ateli\u00e9rov\u00e9mu foteniu maj\u00fa t\u00fa v\u00fdhodu, \u017ee sa deti pri p\u00f3zovan\u00ed rozhodne nudi\u0165 nebud\u00fa. Vyzer\u00e1 to tak, \u017ee sne\u017ei\u0165 bude t\u00fato zimu \u010dasto, preto ak chcete ma\u0165 kr\u00e1snu spomienku na zimu v celej svojej kr\u00e1se, tento \u010dl\u00e1nok je pr\u00e1ve pre v\u00e1s. Zima je \u010darovn\u00e1 a pre [&hellip;]\" \/>\n<meta property=\"og:url\" content=\"https:\/\/www.fotolab.sk\/blog\/sneh-nas-bavi-alebo-zimne-fotenie-deti-v-prirode\/\" \/>\n<meta property=\"og:site_name\" content=\"CEWE Fotolab blog\" \/>\n<meta property=\"article:published_time\" content=\"2023-12-08T15:55:28+00:00\" \/>\n<meta property=\"article:modified_time\" content=\"2024-01-23T13:47:14+00:00\" \/>\n<meta property=\"og:image\" content=\"https:\/\/blog.fotolab.sk\/wp-content\/uploads\/2023\/12\/Leonora_Grigat_20210906_Christmas_Winter_013.jpg\" \/>\n\t<meta property=\"og:image:width\" content=\"1200\" \/>\n\t<meta property=\"og:image:height\" content=\"400\" \/>\n\t<meta property=\"og:image:type\" content=\"image\/jpeg\" \/>\n<meta name=\"twitter:label1\" content=\"Autor:\" \/>\n\t<meta name=\"twitter:data1\" content=\"Ingrid Neveov\u00e1\" \/>\n\t<meta name=\"twitter:label2\" content=\"Predpokladan\u00fd \u010das \u010d\u00edtania\" \/>\n\t<meta name=\"twitter:data2\" content=\"5 min\u00fat\" \/>\n<script type=\"application\/ld+json\" class=\"yoast-schema-graph\">{\"@context\":\"https:\/\/schema.org\",\"@graph\":[{\"@type\":\"WebSite\",\"@id\":\"https:\/\/www.fotolab.sk\/blog\/#website\",\"url\":\"https:\/\/www.fotolab.sk\/blog\/\",\"name\":\"CEWE Fotolab blog\",\"description\":\"Blog ur\u010den\u00fd pre fan\u00fa\u0161ikov fotografie a sveta okolo nej.\",\"potentialAction\":[{\"@type\":\"SearchAction\",\"target\":{\"@type\":\"EntryPoint\",\"urlTemplate\":\"https:\/\/www.fotolab.sk\/blog\/?s={search_term_string}\"},\"query-input\":\"required name=search_term_string\"}],\"inLanguage\":\"sk-SK\"},{\"@type\":\"ImageObject\",\"inLanguage\":\"sk-SK\",\"@id\":\"https:\/\/www.fotolab.sk\/blog\/sneh-nas-bavi-alebo-zimne-fotenie-deti-v-prirode\/#primaryimage\",\"url\":\"https:\/\/blog.fotolab.sk\/wp-content\/uploads\/2023\/12\/Leonora_Grigat_20210906_Christmas_Winter_013.jpg\",\"contentUrl\":\"https:\/\/blog.fotolab.sk\/wp-content\/uploads\/2023\/12\/Leonora_Grigat_20210906_Christmas_Winter_013.jpg\",\"width\":1200,\"height\":400},{\"@type\":\"WebPage\",\"@id\":\"https:\/\/www.fotolab.sk\/blog\/sneh-nas-bavi-alebo-zimne-fotenie-deti-v-prirode\/#webpage\",\"url\":\"https:\/\/www.fotolab.sk\/blog\/sneh-nas-bavi-alebo-zimne-fotenie-deti-v-prirode\/\",\"name\":\"Sneh n\u00e1s bav\u00ed alebo zimn\u00e9 fotenie det\u00ed v pr\u00edrode - CEWE Fotolab blog\",\"isPartOf\":{\"@id\":\"https:\/\/www.fotolab.sk\/blog\/#website\"},\"primaryImageOfPage\":{\"@id\":\"https:\/\/www.fotolab.sk\/blog\/sneh-nas-bavi-alebo-zimne-fotenie-deti-v-prirode\/#primaryimage\"},\"datePublished\":\"2023-12-08T15:55:28+00:00\",\"dateModified\":\"2024-01-23T13:47:14+00:00\",\"author\":{\"@id\":\"https:\/\/www.fotolab.sk\/blog\/#\/schema\/person\/25117a866fdc417528b2e95fc658c280\"},\"breadcrumb\":{\"@id\":\"https:\/\/www.fotolab.sk\/blog\/sneh-nas-bavi-alebo-zimne-fotenie-deti-v-prirode\/#breadcrumb\"},\"inLanguage\":\"sk-SK\",\"potentialAction\":[{\"@type\":\"ReadAction\",\"target\":[\"https:\/\/www.fotolab.sk\/blog\/sneh-nas-bavi-alebo-zimne-fotenie-deti-v-prirode\/\"]}]},{\"@type\":\"BreadcrumbList\",\"@id\":\"https:\/\/www.fotolab.sk\/blog\/sneh-nas-bavi-alebo-zimne-fotenie-deti-v-prirode\/#breadcrumb\",\"itemListElement\":[{\"@type\":\"ListItem\",\"position\":1,\"name\":\"Home\",\"item\":\"https:\/\/www.fotolab.sk\/blog\/\"},{\"@type\":\"ListItem\",\"position\":2,\"name\":\"Sneh n\u00e1s bav\u00ed alebo zimn\u00e9 fotenie det\u00ed v pr\u00edrode\"}]},{\"@type\":\"Person\",\"@id\":\"https:\/\/www.fotolab.sk\/blog\/#\/schema\/person\/25117a866fdc417528b2e95fc658c280\",\"name\":\"Ingrid Neveov\u00e1\",\"image\":{\"@type\":\"ImageObject\",\"inLanguage\":\"sk-SK\",\"@id\":\"https:\/\/www.fotolab.sk\/blog\/#\/schema\/person\/image\/\",\"url\":\"https:\/\/secure.gravatar.com\/avatar\/3184175e9f226da081004a49dc0af8f3?s=96&d=mm&r=g\",\"contentUrl\":\"https:\/\/secure.gravatar.com\/avatar\/3184175e9f226da081004a49dc0af8f3?s=96&d=mm&r=g\",\"caption\":\"Ingrid Neveov\u00e1\"},\"description\":\"Moje motto: \\\"Raz som si myslel, \u017ee som urobil chybu, uk\u00e1zalo sa v\u0161ak, \u017ee to bol kreat\u00edvny okam\u017eik.\\\" Scott Fleming\",\"sameAs\":[\"https:\/\/www.instagram.com\/inge_neve\/\"],\"url\":\"https:\/\/www.fotolab.sk\/blog\/author\/inge\/\"}]}<\/script>\n<!-- \/ Yoast SEO plugin. -->","yoast_head_json":{"title":"Sneh n\u00e1s bav\u00ed alebo zimn\u00e9 fotenie det\u00ed v pr\u00edrode - CEWE Fotolab blog","robots":{"index":"index","follow":"follow","max-snippet":"max-snippet:-1","max-image-preview":"max-image-preview:large","max-video-preview":"max-video-preview:-1"},"canonical":"https:\/\/www.fotolab.sk\/blog\/sneh-nas-bavi-alebo-zimne-fotenie-deti-v-prirode\/","og_locale":"sk_SK","og_type":"article","og_title":"Sneh n\u00e1s bav\u00ed alebo zimn\u00e9 fotenie det\u00ed v pr\u00edrode - CEWE Fotolab blog","og_description":"Outdoorov\u00e9 aktivity a hry s\u00fa pre deti to najprirodzenej\u0161ie. Oproti ateli\u00e9rov\u00e9mu foteniu maj\u00fa t\u00fa v\u00fdhodu, \u017ee sa deti pri p\u00f3zovan\u00ed rozhodne nudi\u0165 nebud\u00fa. Vyzer\u00e1 to tak, \u017ee sne\u017ei\u0165 bude t\u00fato zimu \u010dasto, preto ak chcete ma\u0165 kr\u00e1snu spomienku na zimu v celej svojej kr\u00e1se, tento \u010dl\u00e1nok je pr\u00e1ve pre v\u00e1s. Zima je \u010darovn\u00e1 a pre [&hellip;]","og_url":"https:\/\/www.fotolab.sk\/blog\/sneh-nas-bavi-alebo-zimne-fotenie-deti-v-prirode\/","og_site_name":"CEWE Fotolab blog","article_published_time":"2023-12-08T15:55:28+00:00","article_modified_time":"2024-01-23T13:47:14+00:00","og_image":[{"width":1200,"height":400,"url":"https:\/\/blog.fotolab.sk\/wp-content\/uploads\/2023\/12\/Leonora_Grigat_20210906_Christmas_Winter_013.jpg","type":"image\/jpeg"}],"twitter_misc":{"Autor:":"Ingrid Neveov\u00e1","Predpokladan\u00fd \u010das \u010d\u00edtania":"5 min\u00fat"},"schema":{"@context":"https:\/\/schema.org","@graph":[{"@type":"WebSite","@id":"https:\/\/www.fotolab.sk\/blog\/#website","url":"https:\/\/www.fotolab.sk\/blog\/","name":"CEWE Fotolab blog","description":"Blog ur\u010den\u00fd pre fan\u00fa\u0161ikov fotografie a sveta okolo nej.","potentialAction":[{"@type":"SearchAction","target":{"@type":"EntryPoint","urlTemplate":"https:\/\/www.fotolab.sk\/blog\/?s={search_term_string}"},"query-input":"required name=search_term_string"}],"inLanguage":"sk-SK"},{"@type":"ImageObject","inLanguage":"sk-SK","@id":"https:\/\/www.fotolab.sk\/blog\/sneh-nas-bavi-alebo-zimne-fotenie-deti-v-prirode\/#primaryimage","url":"https:\/\/blog.fotolab.sk\/wp-content\/uploads\/2023\/12\/Leonora_Grigat_20210906_Christmas_Winter_013.jpg","contentUrl":"https:\/\/blog.fotolab.sk\/wp-content\/uploads\/2023\/12\/Leonora_Grigat_20210906_Christmas_Winter_013.jpg","width":1200,"height":400},{"@type":"WebPage","@id":"https:\/\/www.fotolab.sk\/blog\/sneh-nas-bavi-alebo-zimne-fotenie-deti-v-prirode\/#webpage","url":"https:\/\/www.fotolab.sk\/blog\/sneh-nas-bavi-alebo-zimne-fotenie-deti-v-prirode\/","name":"Sneh n\u00e1s bav\u00ed alebo zimn\u00e9 fotenie det\u00ed v pr\u00edrode - CEWE Fotolab blog","isPartOf":{"@id":"https:\/\/www.fotolab.sk\/blog\/#website"},"primaryImageOfPage":{"@id":"https:\/\/www.fotolab.sk\/blog\/sneh-nas-bavi-alebo-zimne-fotenie-deti-v-prirode\/#primaryimage"},"datePublished":"2023-12-08T15:55:28+00:00","dateModified":"2024-01-23T13:47:14+00:00","author":{"@id":"https:\/\/www.fotolab.sk\/blog\/#\/schema\/person\/25117a866fdc417528b2e95fc658c280"},"breadcrumb":{"@id":"https:\/\/www.fotolab.sk\/blog\/sneh-nas-bavi-alebo-zimne-fotenie-deti-v-prirode\/#breadcrumb"},"inLanguage":"sk-SK","potentialAction":[{"@type":"ReadAction","target":["https:\/\/www.fotolab.sk\/blog\/sneh-nas-bavi-alebo-zimne-fotenie-deti-v-prirode\/"]}]},{"@type":"BreadcrumbList","@id":"https:\/\/www.fotolab.sk\/blog\/sneh-nas-bavi-alebo-zimne-fotenie-deti-v-prirode\/#breadcrumb","itemListElement":[{"@type":"ListItem","position":1,"name":"Home","item":"https:\/\/www.fotolab.sk\/blog\/"},{"@type":"ListItem","position":2,"name":"Sneh n\u00e1s bav\u00ed alebo zimn\u00e9 fotenie det\u00ed v pr\u00edrode"}]},{"@type":"Person","@id":"https:\/\/www.fotolab.sk\/blog\/#\/schema\/person\/25117a866fdc417528b2e95fc658c280","name":"Ingrid Neveov\u00e1","image":{"@type":"ImageObject","inLanguage":"sk-SK","@id":"https:\/\/www.fotolab.sk\/blog\/#\/schema\/person\/image\/","url":"https:\/\/secure.gravatar.com\/avatar\/3184175e9f226da081004a49dc0af8f3?s=96&d=mm&r=g","contentUrl":"https:\/\/secure.gravatar.com\/avatar\/3184175e9f226da081004a49dc0af8f3?s=96&d=mm&r=g","caption":"Ingrid Neveov\u00e1"},"description":"Moje motto: \"Raz som si myslel, \u017ee som urobil chybu, uk\u00e1zalo sa v\u0161ak, \u017ee to bol kreat\u00edvny okam\u017eik.\" Scott Fleming","sameAs":["https:\/\/www.instagram.com\/inge_neve\/"],"url":"https:\/\/www.fotolab.sk\/blog\/author\/inge\/"}]}},"_links":{"self":[{"href":"https:\/\/www.fotolab.sk\/blog\/wp-json\/wp\/v2\/posts\/49201"}],"collection":[{"href":"https:\/\/www.fotolab.sk\/blog\/wp-json\/wp\/v2\/posts"}],"about":[{"href":"https:\/\/www.fotolab.sk\/blog\/wp-json\/wp\/v2\/types\/post"}],"author":[{"embeddable":true,"href":"https:\/\/www.fotolab.sk\/blog\/wp-json\/wp\/v2\/users\/14"}],"replies":[{"embeddable":true,"href":"https:\/\/www.fotolab.sk\/blog\/wp-json\/wp\/v2\/comments?post=49201"}],"version-history":[{"count":11,"href":"https:\/\/www.fotolab.sk\/blog\/wp-json\/wp\/v2\/posts\/49201\/revisions"}],"predecessor-version":[{"id":49226,"href":"https:\/\/www.fotolab.sk\/blog\/wp-json\/wp\/v2\/posts\/49201\/revisions\/49226"}],"wp:featuredmedia":[{"embeddable":true,"href":"https:\/\/www.fotolab.sk\/blog\/wp-json\/wp\/v2\/media\/49211"}],"wp:attachment":[{"href":"https:\/\/www.fotolab.sk\/blog\/wp-json\/wp\/v2\/media?parent=49201"}],"wp:term":[{"taxonomy":"category","embeddable":true,"href":"https:\/\/www.fotolab.sk\/blog\/wp-json\/wp\/v2\/categories?post=49201"},{"taxonomy":"post_tag","embeddable":true,"href":"https:\/\/www.fotolab.sk\/blog\/wp-json\/wp\/v2\/tags?post=49201"}],"curies":[{"name":"wp","href":"https:\/\/api.w.org\/{rel}","templated":true}]}}