
{"id":48813,"date":"2023-06-05T17:30:18","date_gmt":"2023-06-05T15:30:18","guid":{"rendered":"https:\/\/www.fotolab.sk\/blog\/?p=48813"},"modified":"2023-06-06T16:29:52","modified_gmt":"2023-06-06T14:29:52","slug":"nikon-z8-prichadza-na-scenu-prvykrat-v-rukach","status":"publish","type":"post","link":"https:\/\/www.fotolab.sk\/blog\/nikon-z8-prichadza-na-scenu-prvykrat-v-rukach\/","title":{"rendered":"Nikon Z8 prich\u00e1dza na sc\u00e9nu \u2013 prv\u00fdkr\u00e1t v ruk\u00e1ch"},"content":{"rendered":"<p><strong>S pr\u00edchodom Nikon Z9 na trh bolo ka\u017ed\u00e9mu jasn\u00e9, \u017ee s\u00e9rii fotoapar\u00e1tov Nikon Z s \u010d\u00edslami 5, 6 a 7 akosi ch\u00fdba magick\u00e1 osmi\u010dka. Ni\u010d proti Nikon Z 6II a Z 7II, oba zariadenia s\u00fa vynikaj\u00face, ale kto mal niekedy mo\u017enos\u0165 fotografova\u0165 s Nikonom Z9, vedel, \u017ee hr\u00e1 \u00faplne in\u00fa ligu. Na druhej strane, nie ka\u017ed\u00fd chce obrovsk\u00fd fotoapar\u00e1t so zabudovan\u00fdm gripom a nie ka\u017ed\u00fd chce donekone\u010dna foti\u0165 s Nikon D850. Nikon Z8 prich\u00e1dza!<\/strong><\/p>\n<p>Nikon Z9 s cenou viac ako \u0161es\u0165tis\u00edctristo eur ur\u010dite nie je fotoapar\u00e1t pre ka\u017ed\u00e9ho. Je to zariadenie pre profesion\u00e1lov a pre t\u00fdch, ktor\u00ed potrebuj\u00fa maxim\u00e1lnu odolnos\u0165, v\u00fdkon pri fotografovan\u00ed a nat\u00e1\u010dan\u00ed videa. A tie\u017e pre t\u00fdch, ktor\u00ed nemaj\u00fa probl\u00e9m nosi\u0165 a pou\u017e\u00edva\u0165, na pomery bezzrkadloviek, \u0165a\u017ek\u00e9 telo v\u00e1\u017eiace takmer kilo a pol bez objekt\u00edvu.<\/p>\n<figure id=\"attachment_48815\" aria-describedby=\"caption-attachment-48815\" style=\"width: 1600px\" class=\"wp-caption alignnone\"><img decoding=\"async\" loading=\"lazy\" class=\"wp-image-48815 size-full\" src=\"https:\/\/blog.fotolab.sk\/wp-content\/uploads\/2023\/06\/nikon-z8-celny-pohlad.jpg\" alt=\"Nikon Z8 detail na fotoapar\u00e1t a jeho objekt\u00edv.\" width=\"1600\" height=\"1600\" \/><figcaption id=\"caption-attachment-48815\" class=\"wp-caption-text\">Nemohol som si pom\u00f4c\u0165, je to naozaj kr\u00e1sny fotoapar\u00e1t \ud83d\ude42<\/figcaption><\/figure>\n<p>Logicky je Nikon Z9 mirrorless n\u00e1stupcom Nikon D6. T\u00fdm p\u00e1dom by sme n\u00e1stupcu profesion\u00e1lneho modelu pre najn\u00e1ro\u010dnej\u0161\u00edch mali, Nikon Z 6II a Nikon Z 7II si hraj\u00fa svoju vlastn\u00fa hru, ale \u010do majitelia Nikon D850? Dnes u\u017e legend\u00e1rna digit\u00e1lna zrkadlovka, ktor\u00e1 bola a je absol\u00fatnym vrcholom technol\u00f3gie DSLR, st\u00e1le nedostala svojho nasledovn\u00edk a st\u00e1le ju m\u00f4\u017eete n\u00e1js\u0165 v ruk\u00e1ch stoviek fotografov v\u0161etk\u00fdch mo\u017en\u00fdch \u017e\u00e1nrov. <strong>Odpove\u010f na t\u00fato ot\u00e1zku prich\u00e1dza s Nikonom Z8.<\/strong><\/p>\n<figure id=\"attachment_48817\" aria-describedby=\"caption-attachment-48817\" style=\"width: 1600px\" class=\"wp-caption alignnone\"><img decoding=\"async\" loading=\"lazy\" class=\"size-full wp-image-48817\" src=\"https:\/\/blog.fotolab.sk\/wp-content\/uploads\/2023\/06\/nikon-z8-displej.jpg\" alt=\"\" width=\"1600\" height=\"1600\" \/><figcaption id=\"caption-attachment-48817\" class=\"wp-caption-text\">Na zadnej strane nen\u00e1jdeme \u017eiadne v\u00fdznamn\u00e9 novinky, \u010do je to len dobr\u00e9. Ide o \u010dist\u00fa a premyslen\u00fa ergon\u00f3miu na celodenn\u00fa pr\u00e1cu.<\/figcaption><\/figure>\n<p>&nbsp;<\/p>\n<h2>Nikon Z8 v skratke<\/h2>\n<ul>\n<li>Vrstven\u00fd sn\u00edma\u010d BSI je rovnako dobr\u00fd ako v Nikon Z9 a m\u00e1 <strong>45,7 MPix <\/strong>a stabiliz\u00e1ciu <strong>s \u00fa\u010dinnos\u0165ou a\u017e 6EV<\/strong><\/li>\n<li>Sn\u00edma\u010d je rovnako r\u00fdchly, tak\u017ee fotoapar\u00e1t <strong>nepotrebuje mechanick\u00fa uz\u00e1vierku<\/strong>, tak\u017ee je dokonale tich\u00fd a menej n\u00e1chyln\u00fd na technick\u00e9 komplik\u00e1cie.\u00a0<strong>Maxim\u00e1lna r\u00fdchlos\u0165 uz\u00e1vierky je 1\/32 000 <\/strong>s a <strong>\u010das synchroniz\u00e1cie blesku je 1\/200 s<\/strong><\/li>\n<li><strong>Automatick\u00e9 zaostrovanie vyu\u017e\u00edva <\/strong>vylep\u0161en\u00fd algoritmus z fotoapar\u00e1tu Nikon Z9, vyu\u017e\u00edva umel\u00fa inteligenciu a dok\u00e1\u017ee detekova\u0165 o\u010di spolu so \u0161irokou \u0161k\u00e1lou \u010fal\u0161\u00edch ent\u00edt od automobilov po lietadl\u00e1.\u00a0<strong> Pracovn\u00fd rozsah od -9 do +20 EV je vynikaj\u00faci<\/strong><\/li>\n<li>Kamera zvl\u00e1dne <strong>20 sn\u00edmok za sekundu vo form\u00e1te RAW a 120 sn\u00edmok za sekundu vo form\u00e1te JPEG<\/strong>. M\u00f4\u017ee tie\u017e pracova\u0165 s nov\u00fdm 10-bitov\u00fdm form\u00e1tom HEIF<\/li>\n<li>Nat\u00e1\u010da video v <strong>rozl\u00ed\u0161en\u00ed a\u017e 8K pri 60 fps, <\/strong>podporuje tie\u017e <strong>10-Bit ProRes 422 HQ <\/strong>a<strong> 12-Bit Raw<\/strong>, to v\u0161etko interne bez potreby extern\u00e9ho rekord\u00e9ra<\/li>\n<li>H\u013ead\u00e1\u010dik m\u00e1 3,69 MPix a je pekelne r\u00fdchly \u2013 odozva a plynulos\u0165 zodpoved\u00e1 pr\u00e1ci s optick\u00fdm h\u013ead\u00e1\u010dikom, navy\u0161e bez v\u00fdpadku medzi z\u00e1bermi<\/li>\n<li>Dva sloty na pam\u00e4\u0165ov\u00e9 karty s\u00fa obsaden\u00e9<strong> 1-kr\u00e1t CFexpress typ B <\/strong>a <strong>1-kr\u00e1t SD UHS-II<\/strong><\/li>\n<li>S hmotnos\u0165ou <strong>910 g je Nikon Z8 o 15 % men\u0161\u00ed ako Nikon <\/strong>D850 a dokonca o 30 % men\u0161\u00ed ako Nikon Z9<strong> (pri zachovan\u00ed rovnak\u00e9ho v\u00fdkonu)<\/strong><\/li>\n<li><strong>3,2&#8243;\u00a0<\/strong>LCD displej vyu\u017e\u00edva rovnak\u00fd horizont\u00e1lny a vertik\u00e1lny syst\u00e9m nakl\u00e1pania ako Nikon Z9 a je <strong>doplnen\u00fd horn\u00fdm stavov\u00fdm LCD displejom<\/strong><\/li>\n<li>Kamera pou\u017e\u00edva <strong>bat\u00e9rie EN-EL15c\u00a0<\/strong>a <strong>m\u00e1 du\u00e1lne USB-C<\/strong>. Toto je prv\u00fd, ktor\u00fd umo\u017e\u0148uje tethering (napr. fotenie priamo do PC) a nab\u00edjanie s\u00fa\u010dasne<\/li>\n<li><a href=\"https:\/\/www.fotolab.sk\/eshop?fotolab_product%5Bquery%5D=nikon%20z8\" target=\"_blank\" rel=\"noopener\"><strong>Cenu a aktu\u00e1lnu dostupnos\u0165 n\u00e1jdete v na\u0161om e-shope<\/strong><\/a><\/li>\n<\/ul>\n<figure id=\"attachment_48820\" aria-describedby=\"caption-attachment-48820\" style=\"width: 1600px\" class=\"wp-caption alignnone\"><img decoding=\"async\" loading=\"lazy\" class=\"wp-image-48820 size-full\" src=\"https:\/\/blog.fotolab.sk\/wp-content\/uploads\/2023\/06\/nikon-z8-pohlad-zhora.jpg\" alt=\"Nikon Z8 preh\u013eadn\u00fd poh\u013ead zhora.\" width=\"1600\" height=\"1600\" \/><figcaption id=\"caption-attachment-48820\" class=\"wp-caption-text\">Horn\u00e1 strana je preh\u013eadn\u00e1 a ovl\u00e1danie jednoduch\u00e9. V\u0161imnite si vyv\u00fd\u0161en\u00e9 tla\u010didlo RECORD naklonen\u00e9 dopredu, aby sa dalo \u013eahko stla\u010di\u0165 aj pri umiestnen\u00ed do klietky alebo kardanu.<\/figcaption><\/figure>\n<p>&nbsp;<\/p>\n<h2>Ak\u00fd je Nikon Z8?<\/h2>\n<p>Parametre nov\u00e9ho Nikon Z8 nie s\u00fa prekvapen\u00edm a hoci vy ako z\u00e1kazn\u00edk m\u00f4\u017eete tvrdi\u0165, \u017ee to, \u010do trvalo Nikonu tak dlho, je len Nikon Z9 bez gripu. Realita je ale neraz ove\u013ea zlo\u017eitej\u0161ia. V men\u0161om a \u013eah\u0161om tele sa Nikon musel vysporiada\u0165 s absenciou niektor\u00fdch tla\u010didiel, efekt\u00edvnym chladen\u00edm a celkovou ergon\u00f3miou. Preto s\u00fa tabu\u013eky s technick\u00fdmi parametrami iba \u010das\u0165ou sklada\u010dky. <strong>Ove\u013ea d\u00f4le\u017eitej\u0161ie je, ako sa s fotoapar\u00e1tom pracuje, ako sa dr\u017e\u00ed a ako efekt\u00edvne a r\u00fdchlo sa s\u00a0n\u00edm d\u00e1 nar\u00e1ba\u0165.<\/strong><\/p>\n<figure id=\"attachment_48816\" aria-describedby=\"caption-attachment-48816\" style=\"width: 1600px\" class=\"wp-caption alignnone\"><img decoding=\"async\" loading=\"lazy\" class=\"size-full wp-image-48816\" src=\"https:\/\/blog.fotolab.sk\/wp-content\/uploads\/2023\/06\/nikon-z8-detail.jpg\" alt=\"Nikon Z8 na stole v detaile viedotechnika.\" width=\"1600\" height=\"1067\" \/><figcaption id=\"caption-attachment-48816\" class=\"wp-caption-text\">Pripravujeme aj podrobn\u00e9 video!<\/figcaption><\/figure>\n<p>&nbsp;<\/p>\n<p>Na dlhoro\u010dn\u00e9 sk\u00fasenosti si po\u010dk\u00e1me, ale prv\u00fd dojem z kamery vo mne zostal naozaj pozit\u00edvny. V porovnan\u00ed s modelmi Z 6II a Z 7II fotoapar\u00e1t mierne nar\u00e1stol, \u010do v\u00f4bec nevad\u00ed, pr\u00e1ve naopak. Rukov\u00e4\u0165 je ve\u013emi pohodln\u00e1 a perfektne tvarovan\u00e1. Najviac mi pripom\u00edna Nikon D850, aj ke\u010f fotoapar\u00e1t je o nie\u010do men\u0161\u00ed ako spom\u00ednan\u00e1 digit\u00e1lna zrkadlovka. Rozlo\u017eenie tla\u010didiel, op\u00e4\u0165 najbli\u017e\u0161ie k fotoapar\u00e1tu D850, bude vyhovova\u0165 mal\u00fdm, stredn\u00fdm aj ve\u013ek\u00fdm ru\u010dn\u00fdm fotografom. <strong>V\u0161etko je perfektne na dosah a logika ovl\u00e1dania sa mi zd\u00e1 lep\u0161ia ako je to napr\u00edklad pri konkuren\u010dnom Canon EOS R5, Panasonic S1R alebo Sony Alpha A9 II.\u00a0 <\/strong>Samozrejme, je to aj ot\u00e1zka zvyku, ale rad\u0161ej si na nie\u010do zvyk\u00e1m hodinu ako t\u00fd\u017ede\u0148 \ud83d\ude42<\/p>\n<figure id=\"attachment_48818\" aria-describedby=\"caption-attachment-48818\" style=\"width: 1600px\" class=\"wp-caption alignnone\"><img decoding=\"async\" loading=\"lazy\" class=\"size-full wp-image-48818\" src=\"https:\/\/blog.fotolab.sk\/wp-content\/uploads\/2023\/06\/nikon-z8-objektiv.jpg\" alt=\"\" width=\"1600\" height=\"1067\" \/><figcaption id=\"caption-attachment-48818\" class=\"wp-caption-text\">Ani men\u0161ie ruky nebud\u00fa ma\u0165 probl\u00e9m dr\u017ea\u0165 alebo dosiahnu\u0165 v\u0161etky tla\u010didl\u00e1.<\/figcaption><\/figure>\n<p>&nbsp;<\/p>\n<p>V prednej \u010dasti fotoapar\u00e1tu n\u00e1jdete okolo bajonetu celkom dve funk\u010dn\u00e9 tla\u010didl\u00e1 a hlavne ve\u013ea priestoru pre prsty, kde va\u0161e k\u013aby nezni\u010dia ani \u0161o\u0161ovky s\u00a0roz\u0161iruj\u00facou sa trubicou (mimochodom, tretie funk\u010dn\u00e9 tla\u010didlo je na zadnej strane).\u00a0 <strong>V pravej dolnej \u010dasti pod bajonetom si v\u0161imnite ve\u013emi v\u00edtan\u00fd prep\u00edna\u010d medzi typmi zaostrovania.<\/strong> Synchro konektor na blesky p\u00f4sob\u00ed trochu nostalgicky a hoci si mysl\u00edm, \u017ee ho 99 % pou\u017e\u00edvate\u013eov nevyu\u017eije, m\u00e1m pocit, \u017ee Nikon st\u00e1le vklad\u00e1 svoje srdce do v\u00fdvoja svojich zariaden\u00ed a kladie fotografov (a teraz film\u00e1rov) na prv\u00e9 miesto.<\/p>\n<figure id=\"attachment_48822\" aria-describedby=\"caption-attachment-48822\" style=\"width: 1600px\" class=\"wp-caption alignnone\"><img decoding=\"async\" loading=\"lazy\" class=\"size-full wp-image-48822\" src=\"https:\/\/blog.fotolab.sk\/wp-content\/uploads\/2023\/06\/nikon-z8-v-ruke.jpg\" alt=\"\" width=\"1600\" height=\"1067\" \/><figcaption id=\"caption-attachment-48822\" class=\"wp-caption-text\">Spolo\u010dnos\u0165 Nikon si na prezent\u00e1ciu fotoapar\u00e1tu vybrala najhor\u0161ie mo\u017en\u00e9 priestory z h\u013eadiska svetla. Na \u00favodn\u00fa sk\u00fa\u0161ku to ale sta\u010dilo.<\/figcaption><\/figure>\n<p>&nbsp;<\/p>\n<p>Na prv\u00fd poh\u013ead ma zaujala ikonick\u00e1 kruhov\u00e1 o\u010dnica na zadnej strane. Inak<strong> je rozlo\u017eenie tla\u010didiel, ich kvalita a odozva bez v\u00fdhrad. Aj v\u010faka tomu sa tu bude pou\u017e\u00edvate\u013e \u010dasto spom\u00ednan\u00e9ho Nikon D850 c\u00edti\u0165 ako doma.<\/strong> Ale zastav\u00edm sa pri kruhovej o\u010dnici. Za \u0148ou sa toti\u017e skr\u00fdva elektronick\u00fd h\u013ead\u00e1\u010dik, ktor\u00fd na prv\u00fd poh\u013ead, rovnako ako u Z9, vyzer\u00e1 v porovnan\u00ed s konkurenciou ako chudobn\u00fd pr\u00edbuzn\u00fd. Ale zdanie klame, a to je \u00fadel t\u00fdch, ktor\u00ed sa zameriavaj\u00fa na porovn\u00e1vanie parametrov v tabu\u013ek\u00e1ch. V praxi v\u0161ak zist\u00edte, \u017ee ide o jeden z najlep\u0161\u00edch h\u013ead\u00e1\u010dikov na trhu, ktor\u00fd vymenil absurdne vysok\u00e9 rozl\u00ed\u0161enie za absol\u00fatnu plynulos\u0165 aj pri slabom svetle, prakticky nulov\u00fa odozvu a kombinuje v\u00fdhody optick\u00e9ho h\u013ead\u00e1\u010dika s funkciami elektronick\u00e9ho h\u013ead\u00e1\u010dika.<\/p>\n<figure id=\"attachment_48819\" aria-describedby=\"caption-attachment-48819\" style=\"width: 1800px\" class=\"wp-caption alignnone\"><img decoding=\"async\" loading=\"lazy\" class=\"size-full wp-image-48819\" src=\"https:\/\/blog.fotolab.sk\/wp-content\/uploads\/2023\/06\/nikon-z8-pani-a-pes.jpg\" alt=\"\" width=\"1800\" height=\"1200\" \/><figcaption id=\"caption-attachment-48819\" class=\"wp-caption-text\">Nikon Z8 bude ma\u0165 v\u00fdrazne presnej\u0161ie merania vyv\u00e1\u017eenia bielej a bude tie\u017e lep\u0161ie fungova\u0165 s ple\u0165ovkami (Foto: Nikon)<\/figcaption><\/figure>\n<p>&nbsp;<\/p>\n<p>Vrchn\u00fa \u010das\u0165 tvor\u00ed ve\u013ek\u00fd a \u013eahko \u010ditate\u013en\u00fd stavov\u00fd LCD panel a hlavne s\u00fastava ovl\u00e1dac\u00edch prvkov a tla\u010didiel pre r\u00fdchly pr\u00edstup k funkci\u00e1m, ako je bracketing alebo zmena re\u017eimu. Pou\u017e\u00edvatelia pokro\u010dil\u00fdch tiel Nikon nespoznaj\u00fa rozdiel. \u010co by som zd\u00f4raznil, je \u00fapln\u00e1 absencia tla\u010didiel okolo stavov\u00e9ho LCD. \u010co to znamen\u00e1? V\u0161etko m\u00e1te na dosah ruky a nie je potrebn\u00e9 \u201eprehmat\u00e1va\u0165\u201c.<\/p>\n<h2>P\u00e1r slov na z\u00e1ver<\/h2>\n<p>O Nikone Z8 by sa toho dalo ur\u010dite nap\u00edsa\u0165 ve\u013ea. S\u00e1m sa u\u017e neviem do\u010dka\u0165 na jeho plnohodnotn\u00e9 otestovanie. U\u017e teraz je v\u0161ak jasn\u00e9, \u017ee spolo\u010dnos\u0165 Nikon pracuje predov\u0161etk\u00fdm na tom, aby sa z fotoapar\u00e1tu Nikon Z9 dostala do men\u0161ieho a \u013eah\u0161ieho tela maxim\u00e1lna funk\u010dnos\u0165. Zatia\u013e m\u00e1m pocit, \u017ee to bolo spracovan\u00e9 bezchybne. A pre t\u00fdch, ktor\u00ed s\u00fa netrpezliv\u00ed, <a href=\"https:\/\/www.fotolab.sk\/blog\/nikon-z9-predstavenie-vlajkovej-lode-a-porovnanie-s-konkurenciou\/\"><strong>prid\u00e1vam odkaz na podrobn\u00fd dlhodob\u00fd preh\u013ead<\/strong><\/a> Z9, ktor\u00fd na\u010drtne 99 % mo\u017enosti Nikon Z8.<\/p>\n<p><iframe loading=\"lazy\" title=\"YouTube video player\" src=\"\/\/www.youtube.com\/embed\/cD6UOI0cn7w\" width=\"562\" height=\"315\" frameborder=\"0\" allowfullscreen=\"allowfullscreen\"><\/iframe><\/p>\n","protected":false},"excerpt":{"rendered":"<p>S pr\u00edchodom Nikon Z9 na trh bolo ka\u017ed\u00e9mu jasn\u00e9, \u017ee s\u00e9rii fotoapar\u00e1tov Nikon Z s \u010d\u00edslami 5, 6 a 7 akosi ch\u00fdba magick\u00e1 osmi\u010dka. Ni\u010d proti Nikon Z 6II a Z 7II, oba zariadenia s\u00fa vynikaj\u00face, ale kto mal niekedy mo\u017enos\u0165 fotografova\u0165 s Nikonom Z9, vedel, \u017ee hr\u00e1 \u00faplne in\u00fa ligu. Na druhej strane, nie [&hellip;]<\/p>\n","protected":false},"author":45,"featured_media":48821,"comment_status":"open","ping_status":"open","sticky":false,"template":"","format":"standard","meta":[],"categories":[52],"tags":[103],"yoast_head":"<!-- This site is optimized with the Yoast SEO plugin v19.1 - https:\/\/yoast.com\/wordpress\/plugins\/seo\/ -->\n<title>Nikon Z8 prich\u00e1dza na sc\u00e9nu \u2013 prv\u00fdkr\u00e1t v ruk\u00e1ch - CEWE Fotolab blog<\/title>\n<meta name=\"robots\" content=\"index, follow, max-snippet:-1, max-image-preview:large, max-video-preview:-1\" \/>\n<link rel=\"canonical\" href=\"https:\/\/www.fotolab.sk\/blog\/nikon-z8-prichadza-na-scenu-prvykrat-v-rukach\/\" \/>\n<meta property=\"og:locale\" content=\"sk_SK\" \/>\n<meta property=\"og:type\" content=\"article\" \/>\n<meta property=\"og:title\" content=\"Nikon Z8 prich\u00e1dza na sc\u00e9nu \u2013 prv\u00fdkr\u00e1t v ruk\u00e1ch - CEWE Fotolab blog\" \/>\n<meta property=\"og:description\" content=\"S pr\u00edchodom Nikon Z9 na trh bolo ka\u017ed\u00e9mu jasn\u00e9, \u017ee s\u00e9rii fotoapar\u00e1tov Nikon Z s \u010d\u00edslami 5, 6 a 7 akosi ch\u00fdba magick\u00e1 osmi\u010dka. Ni\u010d proti Nikon Z 6II a Z 7II, oba zariadenia s\u00fa vynikaj\u00face, ale kto mal niekedy mo\u017enos\u0165 fotografova\u0165 s Nikonom Z9, vedel, \u017ee hr\u00e1 \u00faplne in\u00fa ligu. Na druhej strane, nie [&hellip;]\" \/>\n<meta property=\"og:url\" content=\"https:\/\/www.fotolab.sk\/blog\/nikon-z8-prichadza-na-scenu-prvykrat-v-rukach\/\" \/>\n<meta property=\"og:site_name\" content=\"CEWE Fotolab blog\" \/>\n<meta property=\"article:published_time\" content=\"2023-06-05T15:30:18+00:00\" \/>\n<meta property=\"article:modified_time\" content=\"2023-06-06T14:29:52+00:00\" \/>\n<meta property=\"og:image\" content=\"https:\/\/blog.fotolab.sk\/wp-content\/uploads\/2023\/06\/nikon-z8-titulka-1500x500-1.jpg\" \/>\n\t<meta property=\"og:image:width\" content=\"1500\" \/>\n\t<meta property=\"og:image:height\" content=\"500\" \/>\n\t<meta property=\"og:image:type\" content=\"image\/jpeg\" \/>\n<meta name=\"twitter:label1\" content=\"Autor:\" \/>\n\t<meta name=\"twitter:data1\" content=\"Stanislav Mach\" \/>\n\t<meta name=\"twitter:label2\" content=\"Predpokladan\u00fd \u010das \u010d\u00edtania\" \/>\n\t<meta name=\"twitter:data2\" content=\"7 min\u00fat\" \/>\n<script type=\"application\/ld+json\" class=\"yoast-schema-graph\">{\"@context\":\"https:\/\/schema.org\",\"@graph\":[{\"@type\":\"WebSite\",\"@id\":\"https:\/\/www.fotolab.sk\/blog\/#website\",\"url\":\"https:\/\/www.fotolab.sk\/blog\/\",\"name\":\"CEWE Fotolab blog\",\"description\":\"Blog ur\u010den\u00fd pre fan\u00fa\u0161ikov fotografie a sveta okolo nej.\",\"potentialAction\":[{\"@type\":\"SearchAction\",\"target\":{\"@type\":\"EntryPoint\",\"urlTemplate\":\"https:\/\/www.fotolab.sk\/blog\/?s={search_term_string}\"},\"query-input\":\"required name=search_term_string\"}],\"inLanguage\":\"sk-SK\"},{\"@type\":\"ImageObject\",\"inLanguage\":\"sk-SK\",\"@id\":\"https:\/\/www.fotolab.sk\/blog\/nikon-z8-prichadza-na-scenu-prvykrat-v-rukach\/#primaryimage\",\"url\":\"https:\/\/blog.fotolab.sk\/wp-content\/uploads\/2023\/06\/nikon-z8-titulka-1500x500-1.jpg\",\"contentUrl\":\"https:\/\/blog.fotolab.sk\/wp-content\/uploads\/2023\/06\/nikon-z8-titulka-1500x500-1.jpg\",\"width\":1500,\"height\":500,\"caption\":\"Nikon Z8\"},{\"@type\":\"WebPage\",\"@id\":\"https:\/\/www.fotolab.sk\/blog\/nikon-z8-prichadza-na-scenu-prvykrat-v-rukach\/#webpage\",\"url\":\"https:\/\/www.fotolab.sk\/blog\/nikon-z8-prichadza-na-scenu-prvykrat-v-rukach\/\",\"name\":\"Nikon Z8 prich\u00e1dza na sc\u00e9nu \u2013 prv\u00fdkr\u00e1t v ruk\u00e1ch - CEWE Fotolab blog\",\"isPartOf\":{\"@id\":\"https:\/\/www.fotolab.sk\/blog\/#website\"},\"primaryImageOfPage\":{\"@id\":\"https:\/\/www.fotolab.sk\/blog\/nikon-z8-prichadza-na-scenu-prvykrat-v-rukach\/#primaryimage\"},\"datePublished\":\"2023-06-05T15:30:18+00:00\",\"dateModified\":\"2023-06-06T14:29:52+00:00\",\"author\":{\"@id\":\"https:\/\/www.fotolab.sk\/blog\/#\/schema\/person\/1d449956d83f86c3a20790c8c47d2c24\"},\"breadcrumb\":{\"@id\":\"https:\/\/www.fotolab.sk\/blog\/nikon-z8-prichadza-na-scenu-prvykrat-v-rukach\/#breadcrumb\"},\"inLanguage\":\"sk-SK\",\"potentialAction\":[{\"@type\":\"ReadAction\",\"target\":[\"https:\/\/www.fotolab.sk\/blog\/nikon-z8-prichadza-na-scenu-prvykrat-v-rukach\/\"]}]},{\"@type\":\"BreadcrumbList\",\"@id\":\"https:\/\/www.fotolab.sk\/blog\/nikon-z8-prichadza-na-scenu-prvykrat-v-rukach\/#breadcrumb\",\"itemListElement\":[{\"@type\":\"ListItem\",\"position\":1,\"name\":\"Home\",\"item\":\"https:\/\/www.fotolab.sk\/blog\/\"},{\"@type\":\"ListItem\",\"position\":2,\"name\":\"Nikon Z8 prich\u00e1dza na sc\u00e9nu \u2013 prv\u00fdkr\u00e1t v ruk\u00e1ch\"}]},{\"@type\":\"Person\",\"@id\":\"https:\/\/www.fotolab.sk\/blog\/#\/schema\/person\/1d449956d83f86c3a20790c8c47d2c24\",\"name\":\"Stanislav Mach\",\"image\":{\"@type\":\"ImageObject\",\"inLanguage\":\"sk-SK\",\"@id\":\"https:\/\/www.fotolab.sk\/blog\/#\/schema\/person\/image\/\",\"url\":\"https:\/\/secure.gravatar.com\/avatar\/ecfb962362ed945e2aa52aba0c57c893?s=96&d=mm&r=g\",\"contentUrl\":\"https:\/\/secure.gravatar.com\/avatar\/ecfb962362ed945e2aa52aba0c57c893?s=96&d=mm&r=g\",\"caption\":\"Stanislav Mach\"},\"description\":\"V\u010faka viac ako 15-ro\u010dn\u00fdm sk\u00fasenostiam s fotografiou dok\u00e1\u017eem presne poradi\u0165 a vybra\u0165 vhodn\u00e9 n\u00e1stroje a postupy pre za\u010d\u00ednaj\u00facich aj profesion\u00e1lnych fotografov. Akt\u00edvne sa venujem svadobnej a report\u00e1\u017enej fotografii a d\u00f4kladn\u00e9mu testovaniu technologick\u00fdch noviniek.\",\"url\":\"https:\/\/www.fotolab.sk\/blog\/author\/stanislav-mach\/\"}]}<\/script>\n<!-- \/ Yoast SEO plugin. -->","yoast_head_json":{"title":"Nikon Z8 prich\u00e1dza na sc\u00e9nu \u2013 prv\u00fdkr\u00e1t v ruk\u00e1ch - CEWE Fotolab blog","robots":{"index":"index","follow":"follow","max-snippet":"max-snippet:-1","max-image-preview":"max-image-preview:large","max-video-preview":"max-video-preview:-1"},"canonical":"https:\/\/www.fotolab.sk\/blog\/nikon-z8-prichadza-na-scenu-prvykrat-v-rukach\/","og_locale":"sk_SK","og_type":"article","og_title":"Nikon Z8 prich\u00e1dza na sc\u00e9nu \u2013 prv\u00fdkr\u00e1t v ruk\u00e1ch - CEWE Fotolab blog","og_description":"S pr\u00edchodom Nikon Z9 na trh bolo ka\u017ed\u00e9mu jasn\u00e9, \u017ee s\u00e9rii fotoapar\u00e1tov Nikon Z s \u010d\u00edslami 5, 6 a 7 akosi ch\u00fdba magick\u00e1 osmi\u010dka. Ni\u010d proti Nikon Z 6II a Z 7II, oba zariadenia s\u00fa vynikaj\u00face, ale kto mal niekedy mo\u017enos\u0165 fotografova\u0165 s Nikonom Z9, vedel, \u017ee hr\u00e1 \u00faplne in\u00fa ligu. Na druhej strane, nie [&hellip;]","og_url":"https:\/\/www.fotolab.sk\/blog\/nikon-z8-prichadza-na-scenu-prvykrat-v-rukach\/","og_site_name":"CEWE Fotolab blog","article_published_time":"2023-06-05T15:30:18+00:00","article_modified_time":"2023-06-06T14:29:52+00:00","og_image":[{"width":1500,"height":500,"url":"https:\/\/blog.fotolab.sk\/wp-content\/uploads\/2023\/06\/nikon-z8-titulka-1500x500-1.jpg","type":"image\/jpeg"}],"twitter_misc":{"Autor:":"Stanislav Mach","Predpokladan\u00fd \u010das \u010d\u00edtania":"7 min\u00fat"},"schema":{"@context":"https:\/\/schema.org","@graph":[{"@type":"WebSite","@id":"https:\/\/www.fotolab.sk\/blog\/#website","url":"https:\/\/www.fotolab.sk\/blog\/","name":"CEWE Fotolab blog","description":"Blog ur\u010den\u00fd pre fan\u00fa\u0161ikov fotografie a sveta okolo nej.","potentialAction":[{"@type":"SearchAction","target":{"@type":"EntryPoint","urlTemplate":"https:\/\/www.fotolab.sk\/blog\/?s={search_term_string}"},"query-input":"required name=search_term_string"}],"inLanguage":"sk-SK"},{"@type":"ImageObject","inLanguage":"sk-SK","@id":"https:\/\/www.fotolab.sk\/blog\/nikon-z8-prichadza-na-scenu-prvykrat-v-rukach\/#primaryimage","url":"https:\/\/blog.fotolab.sk\/wp-content\/uploads\/2023\/06\/nikon-z8-titulka-1500x500-1.jpg","contentUrl":"https:\/\/blog.fotolab.sk\/wp-content\/uploads\/2023\/06\/nikon-z8-titulka-1500x500-1.jpg","width":1500,"height":500,"caption":"Nikon Z8"},{"@type":"WebPage","@id":"https:\/\/www.fotolab.sk\/blog\/nikon-z8-prichadza-na-scenu-prvykrat-v-rukach\/#webpage","url":"https:\/\/www.fotolab.sk\/blog\/nikon-z8-prichadza-na-scenu-prvykrat-v-rukach\/","name":"Nikon Z8 prich\u00e1dza na sc\u00e9nu \u2013 prv\u00fdkr\u00e1t v ruk\u00e1ch - CEWE Fotolab blog","isPartOf":{"@id":"https:\/\/www.fotolab.sk\/blog\/#website"},"primaryImageOfPage":{"@id":"https:\/\/www.fotolab.sk\/blog\/nikon-z8-prichadza-na-scenu-prvykrat-v-rukach\/#primaryimage"},"datePublished":"2023-06-05T15:30:18+00:00","dateModified":"2023-06-06T14:29:52+00:00","author":{"@id":"https:\/\/www.fotolab.sk\/blog\/#\/schema\/person\/1d449956d83f86c3a20790c8c47d2c24"},"breadcrumb":{"@id":"https:\/\/www.fotolab.sk\/blog\/nikon-z8-prichadza-na-scenu-prvykrat-v-rukach\/#breadcrumb"},"inLanguage":"sk-SK","potentialAction":[{"@type":"ReadAction","target":["https:\/\/www.fotolab.sk\/blog\/nikon-z8-prichadza-na-scenu-prvykrat-v-rukach\/"]}]},{"@type":"BreadcrumbList","@id":"https:\/\/www.fotolab.sk\/blog\/nikon-z8-prichadza-na-scenu-prvykrat-v-rukach\/#breadcrumb","itemListElement":[{"@type":"ListItem","position":1,"name":"Home","item":"https:\/\/www.fotolab.sk\/blog\/"},{"@type":"ListItem","position":2,"name":"Nikon Z8 prich\u00e1dza na sc\u00e9nu \u2013 prv\u00fdkr\u00e1t v ruk\u00e1ch"}]},{"@type":"Person","@id":"https:\/\/www.fotolab.sk\/blog\/#\/schema\/person\/1d449956d83f86c3a20790c8c47d2c24","name":"Stanislav Mach","image":{"@type":"ImageObject","inLanguage":"sk-SK","@id":"https:\/\/www.fotolab.sk\/blog\/#\/schema\/person\/image\/","url":"https:\/\/secure.gravatar.com\/avatar\/ecfb962362ed945e2aa52aba0c57c893?s=96&d=mm&r=g","contentUrl":"https:\/\/secure.gravatar.com\/avatar\/ecfb962362ed945e2aa52aba0c57c893?s=96&d=mm&r=g","caption":"Stanislav Mach"},"description":"V\u010faka viac ako 15-ro\u010dn\u00fdm sk\u00fasenostiam s fotografiou dok\u00e1\u017eem presne poradi\u0165 a vybra\u0165 vhodn\u00e9 n\u00e1stroje a postupy pre za\u010d\u00ednaj\u00facich aj profesion\u00e1lnych fotografov. Akt\u00edvne sa venujem svadobnej a report\u00e1\u017enej fotografii a d\u00f4kladn\u00e9mu testovaniu technologick\u00fdch noviniek.","url":"https:\/\/www.fotolab.sk\/blog\/author\/stanislav-mach\/"}]}},"_links":{"self":[{"href":"https:\/\/www.fotolab.sk\/blog\/wp-json\/wp\/v2\/posts\/48813"}],"collection":[{"href":"https:\/\/www.fotolab.sk\/blog\/wp-json\/wp\/v2\/posts"}],"about":[{"href":"https:\/\/www.fotolab.sk\/blog\/wp-json\/wp\/v2\/types\/post"}],"author":[{"embeddable":true,"href":"https:\/\/www.fotolab.sk\/blog\/wp-json\/wp\/v2\/users\/45"}],"replies":[{"embeddable":true,"href":"https:\/\/www.fotolab.sk\/blog\/wp-json\/wp\/v2\/comments?post=48813"}],"version-history":[{"count":9,"href":"https:\/\/www.fotolab.sk\/blog\/wp-json\/wp\/v2\/posts\/48813\/revisions"}],"predecessor-version":[{"id":48830,"href":"https:\/\/www.fotolab.sk\/blog\/wp-json\/wp\/v2\/posts\/48813\/revisions\/48830"}],"wp:featuredmedia":[{"embeddable":true,"href":"https:\/\/www.fotolab.sk\/blog\/wp-json\/wp\/v2\/media\/48821"}],"wp:attachment":[{"href":"https:\/\/www.fotolab.sk\/blog\/wp-json\/wp\/v2\/media?parent=48813"}],"wp:term":[{"taxonomy":"category","embeddable":true,"href":"https:\/\/www.fotolab.sk\/blog\/wp-json\/wp\/v2\/categories?post=48813"},{"taxonomy":"post_tag","embeddable":true,"href":"https:\/\/www.fotolab.sk\/blog\/wp-json\/wp\/v2\/tags?post=48813"}],"curies":[{"name":"wp","href":"https:\/\/api.w.org\/{rel}","templated":true}]}}