
{"id":48459,"date":"2022-08-16T14:09:42","date_gmt":"2022-08-16T12:09:42","guid":{"rendered":"https:\/\/www.fotolab.sk\/blog\/?p=48459"},"modified":"2022-08-18T10:40:53","modified_gmt":"2022-08-18T08:40:53","slug":"vystava-romana-nemca-skutocni-hrdinovia-amazonie","status":"publish","type":"post","link":"https:\/\/www.fotolab.sk\/blog\/vystava-romana-nemca-skutocni-hrdinovia-amazonie\/","title":{"rendered":"V\u00fdstava Romana Nemca: Skuto\u010dn\u00ed hrdinovia Amaz\u00f3nie"},"content":{"rendered":"<h5>Za\u010diatkom augusta sa konala v\u00a0Dome stredoeur\u00f3pskej fotografie v\u00a0Bratislave vernis\u00e1\u017e fotografi\u00ed cestovate\u013ea Romana Nemca dokumentuj\u00faca cestu Braz\u00edlskej lek\u00e1rskej exped\u00edcie EDS v\u00a0Amazonskom pralese. Te\u0161\u00edme sa, \u017ee sme mohli tla\u010dou fotografi\u00ed podpori\u0165 t\u00fato st\u00e1le viac aktu\u00e1lnu t\u00e9mu. V\u00fdstavu si m\u00f4\u017eete pozrie\u0165 do 31. augusta 2022.<\/h5>\n<p><img decoding=\"async\" loading=\"lazy\" class=\"alignnone size-full wp-image-48475\" src=\"https:\/\/blog.fotolab.sk\/wp-content\/uploads\/2022\/08\/BL1.jpg\" alt=\"\" width=\"1500\" height=\"999\" \/><\/p>\n<p>&nbsp;<\/p>\n<blockquote>\n<h5>\u201eStara\u0165 sa o zdravie domorod\u00fdch obyvate\u013eov znamen\u00e1 zachova\u0165 Amazonsk\u00fd prales!\u201c Braz\u00edlske lek\u00e1rske exped\u00edcie \u2013 EDS<\/h5>\n<p>&nbsp;<\/p><\/blockquote>\n<p>V\u00a0s\u00fa\u010dasnosti, ke\u010f sa v m\u00e9di\u00e1ch hovor\u00ed o\u00a0Amazonskom pralese, spr\u00e1vy sa t\u00fdkaj\u00fa devasta\u010dn\u00e9ho odles\u0148ovania, nez\u00e1konn\u00e9ho \u0165a\u017eenia miner\u00e1lov a\u00a0n\u00e1silnost\u00ed p\u00e1chan\u00fdch na domorodcoch. Smutn\u00e9 je, \u017ee vl\u00e1dy \u0161t\u00e1tov, na ktor\u00fdch \u00fazem\u00ed sa Amazon rozprestiera, konaj\u00fa pr\u00edli\u0161 pomaly a\u00a0m\u00e1lo. Tento negat\u00edvny trend je \u017eia\u013e dlhodob\u00fd a\u00a0s alarmuj\u00facou tendenciou. T\u00fdka sa n\u00e1s to? Celkom ur\u010dite \u00e1no, je to predsa pr\u00edrodn\u00e9 dedi\u010dstvo n\u00e1s v\u0161etk\u00fdch. Amazon je najv\u00e4\u010d\u0161\u00edm da\u017e\u010fov\u00fdm pralesom na svete a\u00a0teda ve\u013ekou z\u00e1sob\u00e1r\u0148ou vody, je vit\u00e1lnym \u00falo\u017eiskom uhl\u00edka, \u010d\u00edm akt\u00edvne prispieva k spoma\u013eovaniu glob\u00e1lneho otep\u013eovania. Je domovom pre viac ako 3 mili\u00f3ny druhov rastl\u00edn a \u017eivo\u010d\u00edchov, ktorej ve\u013ek\u00e1 \u010das\u0165 je endemick\u00e1 a taktie\u017e domovom viac ako jedn\u00e9ho mili\u00f3na domorod\u00fdch obyvate\u013eov, ktor\u00ed v \u00faplnej harm\u00f3nii v \u0148om dok\u00e1zali na\u017e\u00edva\u0165 po tis\u00edcro\u010dia.<\/p>\n<p><img decoding=\"async\" loading=\"lazy\" class=\"size-full wp-image-48477\" src=\"https:\/\/blog.fotolab.sk\/wp-content\/uploads\/2022\/08\/BL2.jpg\" alt=\"\" width=\"1500\" height=\"1121\" \/><\/p>\n<p><a href=\"https:\/\/www.instagram.com\/romannemec13\/\" target=\"_blank\" rel=\"noopener\">Roman Nemec<\/a> je nez\u00e1visl\u00fd foto\u017eurnalista a cestovate\u013e, p\u00ed\u0161uci o svojich sk\u00fasenostiach z ciest, kult\u00farach, zvyklostiach a o pr\u00edrode. Viac ako 6 rokov \u017eil v S\u00e3o Paule v Braz\u00edlii. Publikuje v slovensk\u00fdch, \u010desk\u00fdch ale aj braz\u00edlskych \u010dasopisoch. Fotografiu \u0161tudoval prostredn\u00edctvom akad\u00e9mie Scotta Kelbyho a akt\u00edvne sa jej venuje od roku 2013. Jeho ve\u013ek\u00fdm vzorom je braz\u00edlsky fotograf Sebasti\u00e3o Salgado.<\/p>\n<p><img decoding=\"async\" loading=\"lazy\" class=\"alignnone size-full wp-image-48478\" src=\"https:\/\/blog.fotolab.sk\/wp-content\/uploads\/2022\/08\/BL3.jpg\" alt=\"\" width=\"1500\" height=\"999\" \/><\/p>\n<p>Po\u010das svojich ciest do Amazonsk\u00e9ho pralesa sa zozn\u00e1mil s\u00a0NGO Braz\u00edlske lek\u00e1rske exped\u00edcie- EDS, ktor\u00ed ho pozvali dokumentova\u0165 ich pr\u00e1cu na exped\u00edcii v\u00a0apr\u00edli 2019. T\u00e1to mimovl\u00e1dna organiz\u00e1cia pozost\u00e1vaj\u00faca z\u00a0dobrovo\u013en\u00edkov od roku 2003 poskytuje chirurgick\u00e9 a lek\u00e1rske slu\u017eby domorod\u00fdm obyvate\u013eom v ich tradi\u010dnom prostred\u00ed. Maj\u00fa na konte viac ako 47 exped\u00edci\u00ed a to nielen v\u00a0Amaz\u00f3nii, po\u010das ktor\u00fdch bolo zrealizovan\u00fdch neuverite\u013en\u00fdch 9 363 chirurgick\u00fdch z\u00e1krokov a skoro 70 tis\u00edc lek\u00e1rskych \u00fakonov. Aj napriek \u00fa\u017easnej znalosti pr\u00edrodnej medic\u00edny tak\u00fd \u0161ed\u00fd z\u00e1kal \u010di pruh predstavuj\u00fa pre domorodcov nerie\u0161ite\u013en\u00fd probl\u00e9m, ktor\u00fd ich vy\u010dlen\u00ed zo spolo\u010densk\u00e9ho i pracovn\u00e9ho \u017eivota. Cestovanie za lek\u00e1rom do ve\u013ek\u00fdch miest je pr\u00edli\u0161 n\u00e1ro\u010dn\u00e9 a\u00a0zd\u013ahav\u00e9. EDS ver\u00ed, \u017ee svojou pr\u00e1cou prispieva k ochrane Amazonsk\u00e9ho pralesa. Be\u017ene sa im tie\u017e hovor\u00ed \u201cOchrancovia \u010di hrdinovia pralesa.\u201d<\/p>\n<p><img decoding=\"async\" loading=\"lazy\" class=\"size-full wp-image-48479\" src=\"https:\/\/blog.fotolab.sk\/wp-content\/uploads\/2022\/08\/BL4.jpg\" alt=\"\" width=\"1500\" height=\"1069\" \/><\/p>\n<p><img decoding=\"async\" loading=\"lazy\" class=\"alignnone size-full wp-image-48480\" src=\"https:\/\/blog.fotolab.sk\/wp-content\/uploads\/2022\/08\/BL5.jpg\" alt=\"\" width=\"1500\" height=\"1971\" \/><\/p>\n<p><img decoding=\"async\" loading=\"lazy\" class=\"alignnone size-full wp-image-48481\" src=\"https:\/\/blog.fotolab.sk\/wp-content\/uploads\/2022\/08\/BL6.jpg\" alt=\"\" width=\"1500\" height=\"1001\" \/><\/p>\n<p>Prostredn\u00edctvom vystaven\u00fdch fotografi\u00ed sa vyberme do stredn\u00e9ho povodia majest\u00e1tnej rieky Negro, do domorodej osady Cartucho, kde za pomoci braz\u00edlskych ozbrojen\u00fdch s\u00edl, letectva a\u00a0vl\u00e1dnej organiz\u00e1cie FUNAI dobrovo\u013en\u00edci z EDS postavili mobiln\u00fa nemocnicu. \u201eBoli to dva t\u00fd\u017edne pln\u00e9 na n\u00e1ro\u010dn\u00e9 v\u00fdkony, strety odli\u0161n\u00fdch kult\u00far a jazykov, ale aj bohat\u00e9 na mal\u00e9 \u010di ve\u013ek\u00e9 z\u00e1zraky\u201c, spom\u00edna Roman. Vedenie EDS vyhodnocuje \u00faspe\u0161nos\u0165 v porad\u00ed 42. exped\u00edcie do Braz\u00edlskej Amaz\u00f3nie. V\u00fdsledky s\u00fa pr\u00edjemne prekvapiv\u00e9: 353 chirurgick\u00fdch z\u00e1krokov, 2 289 lek\u00e1rskych konzult\u00e1ci\u00ed a\u00a06 828 vy\u0161etren\u00ed. Tieto \u010d\u00edsla prekra\u010duj\u00fa t\u00fd\u017edenn\u00e9 v\u00fdkony stredne ve\u013ek\u00fdch a\u017e ve\u013ek\u00fdch nemocn\u00edc v Braz\u00edlii. Exped\u00edcia posl\u00fa\u017eila domorod\u00fdm etnik\u00e1m ako Bar\u00e9, Desana, Pira-tapuya, Tukano, Siriano, Baniwa a\u00a0Yanomami.<\/p>\n<p><img decoding=\"async\" loading=\"lazy\" class=\"alignnone size-full wp-image-48482\" src=\"https:\/\/blog.fotolab.sk\/wp-content\/uploads\/2022\/08\/BL7.jpg\" alt=\"\" width=\"1500\" height=\"999\" \/><\/p>\n<p><img decoding=\"async\" loading=\"lazy\" class=\"alignnone size-full wp-image-48483\" src=\"https:\/\/blog.fotolab.sk\/wp-content\/uploads\/2022\/08\/BL8.jpg\" alt=\"\" width=\"1500\" height=\"999\" \/><\/p>\n<p>S\u00favisiacu Romanovu report\u00e1\u017e si m\u00f4\u017eete pre\u010d\u00edta\u0165 online na str\u00e1nke <a href=\"https:\/\/www.reflex.cz\/clanek\/lide-a-zeme-amerika\/100209\/skutecni-hrdinove-amazonie-to-jsou-zdravotni-dobrovolnici-z-brazilske-lekarske-expedice.html\" target=\"_blank\" rel=\"noopener\">Lid\u00e9 a Zem\u011b<\/a>. Online predn\u00e1\u0161ku o tejto exped\u00edcii n\u00e1jdete na str\u00e1nke <a href=\"https:\/\/online.cestounecestou.sk\/product\/roman-nemec-skutocni-hrdinovia-amazonie\/\" target=\"_blank\" rel=\"noopener\">Cestou necestou<\/a>. Viac o organiz\u00e1cii EDS sa m\u00f4\u017eete dozvedie\u0165 z <a href=\"https:\/\/eds.org.br\/english\/\" target=\"_blank\" rel=\"noopener\">ich str\u00e1nky.<\/a><\/p>\n<p><img decoding=\"async\" loading=\"lazy\" class=\"size-full wp-image-48487 aligncenter\" src=\"https:\/\/blog.fotolab.sk\/wp-content\/uploads\/2022\/08\/roman_nemec.png\" alt=\"\" width=\"396\" height=\"577\" \/><\/p>\n<p>Za kr\u00e1sne fotky z vernis\u00e1\u017ee \u010fakujeme fotografovi <a href=\"https:\/\/karolsrnec.sk\/\" target=\"_blank\" rel=\"noopener\">Karolovi Srncovi<\/a>. V\u00fdstava <strong>Skuto\u010dn\u00ed hrdinovia Amaz\u00f3nie <\/strong>v Stredoeur\u00f3pskom dome fotografie potrv\u00e1 do 31.8.2022.<\/p>\n<p>&nbsp;<\/p>\n<p style=\"text-align: left;\">Katar\u00edna L\u00ed\u0161kov\u00e1<\/p>\n<p style=\"text-align: left;\">Kur\u00e1torka<\/p>\n","protected":false},"excerpt":{"rendered":"<p>Za\u010diatkom augusta sa konala v\u00a0Dome stredoeur\u00f3pskej fotografie v\u00a0Bratislave vernis\u00e1\u017e fotografi\u00ed cestovate\u013ea Romana Nemca dokumentuj\u00faca cestu Braz\u00edlskej lek\u00e1rskej exped\u00edcie EDS v\u00a0Amazonskom pralese. Te\u0161\u00edme sa, \u017ee sme mohli tla\u010dou fotografi\u00ed podpori\u0165 t\u00fato st\u00e1le viac aktu\u00e1lnu t\u00e9mu. V\u00fdstavu si m\u00f4\u017eete pozrie\u0165 do 31. augusta 2022. &nbsp; \u201eStara\u0165 sa o zdravie domorod\u00fdch obyvate\u013eov znamen\u00e1 zachova\u0165 Amazonsk\u00fd prales!\u201c Braz\u00edlske lek\u00e1rske [&hellip;]<\/p>\n","protected":false},"author":41,"featured_media":48473,"comment_status":"open","ping_status":"open","sticky":false,"template":"","format":"standard","meta":[],"categories":[51,188],"tags":[95,98],"yoast_head":"<!-- This site is optimized with the Yoast SEO plugin v19.1 - https:\/\/yoast.com\/wordpress\/plugins\/seo\/ -->\n<title>V\u00fdstava Romana Nemca: Skuto\u010dn\u00ed hrdinovia Amaz\u00f3nie - CEWE Fotolab blog<\/title>\n<meta name=\"robots\" content=\"index, follow, max-snippet:-1, max-image-preview:large, max-video-preview:-1\" \/>\n<link rel=\"canonical\" href=\"https:\/\/www.fotolab.sk\/blog\/vystava-romana-nemca-skutocni-hrdinovia-amazonie\/\" \/>\n<meta property=\"og:locale\" content=\"sk_SK\" \/>\n<meta property=\"og:type\" content=\"article\" \/>\n<meta property=\"og:title\" content=\"V\u00fdstava Romana Nemca: Skuto\u010dn\u00ed hrdinovia Amaz\u00f3nie - CEWE Fotolab blog\" \/>\n<meta property=\"og:description\" content=\"Za\u010diatkom augusta sa konala v\u00a0Dome stredoeur\u00f3pskej fotografie v\u00a0Bratislave vernis\u00e1\u017e fotografi\u00ed cestovate\u013ea Romana Nemca dokumentuj\u00faca cestu Braz\u00edlskej lek\u00e1rskej exped\u00edcie EDS v\u00a0Amazonskom pralese. Te\u0161\u00edme sa, \u017ee sme mohli tla\u010dou fotografi\u00ed podpori\u0165 t\u00fato st\u00e1le viac aktu\u00e1lnu t\u00e9mu. V\u00fdstavu si m\u00f4\u017eete pozrie\u0165 do 31. augusta 2022. &nbsp; \u201eStara\u0165 sa o zdravie domorod\u00fdch obyvate\u013eov znamen\u00e1 zachova\u0165 Amazonsk\u00fd prales!\u201c Braz\u00edlske lek\u00e1rske [&hellip;]\" \/>\n<meta property=\"og:url\" content=\"https:\/\/www.fotolab.sk\/blog\/vystava-romana-nemca-skutocni-hrdinovia-amazonie\/\" \/>\n<meta property=\"og:site_name\" content=\"CEWE Fotolab blog\" \/>\n<meta property=\"article:published_time\" content=\"2022-08-16T12:09:42+00:00\" \/>\n<meta property=\"article:modified_time\" content=\"2022-08-18T08:40:53+00:00\" \/>\n<meta property=\"og:image\" content=\"https:\/\/blog.fotolab.sk\/wp-content\/uploads\/2022\/08\/Titulka-blogu.png\" \/>\n\t<meta property=\"og:image:width\" content=\"2700\" \/>\n\t<meta property=\"og:image:height\" content=\"900\" \/>\n\t<meta property=\"og:image:type\" content=\"image\/png\" \/>\n<meta name=\"twitter:label1\" content=\"Autor:\" \/>\n\t<meta name=\"twitter:data1\" content=\"Redakcia CEWE\" \/>\n\t<meta name=\"twitter:label2\" content=\"Predpokladan\u00fd \u010das \u010d\u00edtania\" \/>\n\t<meta name=\"twitter:data2\" content=\"4 min\u00faty\" \/>\n<script type=\"application\/ld+json\" class=\"yoast-schema-graph\">{\"@context\":\"https:\/\/schema.org\",\"@graph\":[{\"@type\":\"WebSite\",\"@id\":\"https:\/\/www.fotolab.sk\/blog\/#website\",\"url\":\"https:\/\/www.fotolab.sk\/blog\/\",\"name\":\"CEWE Fotolab blog\",\"description\":\"Blog ur\u010den\u00fd pre fan\u00fa\u0161ikov fotografie a sveta okolo nej.\",\"potentialAction\":[{\"@type\":\"SearchAction\",\"target\":{\"@type\":\"EntryPoint\",\"urlTemplate\":\"https:\/\/www.fotolab.sk\/blog\/?s={search_term_string}\"},\"query-input\":\"required name=search_term_string\"}],\"inLanguage\":\"sk-SK\"},{\"@type\":\"ImageObject\",\"inLanguage\":\"sk-SK\",\"@id\":\"https:\/\/www.fotolab.sk\/blog\/vystava-romana-nemca-skutocni-hrdinovia-amazonie\/#primaryimage\",\"url\":\"https:\/\/blog.fotolab.sk\/wp-content\/uploads\/2022\/08\/Titulka-blogu.png\",\"contentUrl\":\"https:\/\/blog.fotolab.sk\/wp-content\/uploads\/2022\/08\/Titulka-blogu.png\",\"width\":2700,\"height\":900},{\"@type\":\"WebPage\",\"@id\":\"https:\/\/www.fotolab.sk\/blog\/vystava-romana-nemca-skutocni-hrdinovia-amazonie\/#webpage\",\"url\":\"https:\/\/www.fotolab.sk\/blog\/vystava-romana-nemca-skutocni-hrdinovia-amazonie\/\",\"name\":\"V\u00fdstava Romana Nemca: Skuto\u010dn\u00ed hrdinovia Amaz\u00f3nie - CEWE Fotolab blog\",\"isPartOf\":{\"@id\":\"https:\/\/www.fotolab.sk\/blog\/#website\"},\"primaryImageOfPage\":{\"@id\":\"https:\/\/www.fotolab.sk\/blog\/vystava-romana-nemca-skutocni-hrdinovia-amazonie\/#primaryimage\"},\"datePublished\":\"2022-08-16T12:09:42+00:00\",\"dateModified\":\"2022-08-18T08:40:53+00:00\",\"author\":{\"@id\":\"https:\/\/www.fotolab.sk\/blog\/#\/schema\/person\/7857aea021b4560af0d06d2abe97110b\"},\"breadcrumb\":{\"@id\":\"https:\/\/www.fotolab.sk\/blog\/vystava-romana-nemca-skutocni-hrdinovia-amazonie\/#breadcrumb\"},\"inLanguage\":\"sk-SK\",\"potentialAction\":[{\"@type\":\"ReadAction\",\"target\":[\"https:\/\/www.fotolab.sk\/blog\/vystava-romana-nemca-skutocni-hrdinovia-amazonie\/\"]}]},{\"@type\":\"BreadcrumbList\",\"@id\":\"https:\/\/www.fotolab.sk\/blog\/vystava-romana-nemca-skutocni-hrdinovia-amazonie\/#breadcrumb\",\"itemListElement\":[{\"@type\":\"ListItem\",\"position\":1,\"name\":\"Home\",\"item\":\"https:\/\/www.fotolab.sk\/blog\/\"},{\"@type\":\"ListItem\",\"position\":2,\"name\":\"V\u00fdstava Romana Nemca: Skuto\u010dn\u00ed hrdinovia Amaz\u00f3nie\"}]},{\"@type\":\"Person\",\"@id\":\"https:\/\/www.fotolab.sk\/blog\/#\/schema\/person\/7857aea021b4560af0d06d2abe97110b\",\"name\":\"Redakcia CEWE\",\"image\":{\"@type\":\"ImageObject\",\"inLanguage\":\"sk-SK\",\"@id\":\"https:\/\/www.fotolab.sk\/blog\/#\/schema\/person\/image\/\",\"url\":\"https:\/\/secure.gravatar.com\/avatar\/e27c65ada54cc066e94388632d402763?s=96&d=mm&r=g\",\"contentUrl\":\"https:\/\/secure.gravatar.com\/avatar\/e27c65ada54cc066e94388632d402763?s=96&d=mm&r=g\",\"caption\":\"Redakcia CEWE\"},\"sameAs\":[\"https:\/\/www.instagram.com\/cewe.sk\/\"],\"url\":\"https:\/\/www.fotolab.sk\/blog\/author\/cewe-redakcia\/\"}]}<\/script>\n<!-- \/ Yoast SEO plugin. -->","yoast_head_json":{"title":"V\u00fdstava Romana Nemca: Skuto\u010dn\u00ed hrdinovia Amaz\u00f3nie - CEWE Fotolab blog","robots":{"index":"index","follow":"follow","max-snippet":"max-snippet:-1","max-image-preview":"max-image-preview:large","max-video-preview":"max-video-preview:-1"},"canonical":"https:\/\/www.fotolab.sk\/blog\/vystava-romana-nemca-skutocni-hrdinovia-amazonie\/","og_locale":"sk_SK","og_type":"article","og_title":"V\u00fdstava Romana Nemca: Skuto\u010dn\u00ed hrdinovia Amaz\u00f3nie - CEWE Fotolab blog","og_description":"Za\u010diatkom augusta sa konala v\u00a0Dome stredoeur\u00f3pskej fotografie v\u00a0Bratislave vernis\u00e1\u017e fotografi\u00ed cestovate\u013ea Romana Nemca dokumentuj\u00faca cestu Braz\u00edlskej lek\u00e1rskej exped\u00edcie EDS v\u00a0Amazonskom pralese. Te\u0161\u00edme sa, \u017ee sme mohli tla\u010dou fotografi\u00ed podpori\u0165 t\u00fato st\u00e1le viac aktu\u00e1lnu t\u00e9mu. V\u00fdstavu si m\u00f4\u017eete pozrie\u0165 do 31. augusta 2022. &nbsp; \u201eStara\u0165 sa o zdravie domorod\u00fdch obyvate\u013eov znamen\u00e1 zachova\u0165 Amazonsk\u00fd prales!\u201c Braz\u00edlske lek\u00e1rske [&hellip;]","og_url":"https:\/\/www.fotolab.sk\/blog\/vystava-romana-nemca-skutocni-hrdinovia-amazonie\/","og_site_name":"CEWE Fotolab blog","article_published_time":"2022-08-16T12:09:42+00:00","article_modified_time":"2022-08-18T08:40:53+00:00","og_image":[{"width":2700,"height":900,"url":"https:\/\/blog.fotolab.sk\/wp-content\/uploads\/2022\/08\/Titulka-blogu.png","type":"image\/png"}],"twitter_misc":{"Autor:":"Redakcia CEWE","Predpokladan\u00fd \u010das \u010d\u00edtania":"4 min\u00faty"},"schema":{"@context":"https:\/\/schema.org","@graph":[{"@type":"WebSite","@id":"https:\/\/www.fotolab.sk\/blog\/#website","url":"https:\/\/www.fotolab.sk\/blog\/","name":"CEWE Fotolab blog","description":"Blog ur\u010den\u00fd pre fan\u00fa\u0161ikov fotografie a sveta okolo nej.","potentialAction":[{"@type":"SearchAction","target":{"@type":"EntryPoint","urlTemplate":"https:\/\/www.fotolab.sk\/blog\/?s={search_term_string}"},"query-input":"required name=search_term_string"}],"inLanguage":"sk-SK"},{"@type":"ImageObject","inLanguage":"sk-SK","@id":"https:\/\/www.fotolab.sk\/blog\/vystava-romana-nemca-skutocni-hrdinovia-amazonie\/#primaryimage","url":"https:\/\/blog.fotolab.sk\/wp-content\/uploads\/2022\/08\/Titulka-blogu.png","contentUrl":"https:\/\/blog.fotolab.sk\/wp-content\/uploads\/2022\/08\/Titulka-blogu.png","width":2700,"height":900},{"@type":"WebPage","@id":"https:\/\/www.fotolab.sk\/blog\/vystava-romana-nemca-skutocni-hrdinovia-amazonie\/#webpage","url":"https:\/\/www.fotolab.sk\/blog\/vystava-romana-nemca-skutocni-hrdinovia-amazonie\/","name":"V\u00fdstava Romana Nemca: Skuto\u010dn\u00ed hrdinovia Amaz\u00f3nie - CEWE Fotolab blog","isPartOf":{"@id":"https:\/\/www.fotolab.sk\/blog\/#website"},"primaryImageOfPage":{"@id":"https:\/\/www.fotolab.sk\/blog\/vystava-romana-nemca-skutocni-hrdinovia-amazonie\/#primaryimage"},"datePublished":"2022-08-16T12:09:42+00:00","dateModified":"2022-08-18T08:40:53+00:00","author":{"@id":"https:\/\/www.fotolab.sk\/blog\/#\/schema\/person\/7857aea021b4560af0d06d2abe97110b"},"breadcrumb":{"@id":"https:\/\/www.fotolab.sk\/blog\/vystava-romana-nemca-skutocni-hrdinovia-amazonie\/#breadcrumb"},"inLanguage":"sk-SK","potentialAction":[{"@type":"ReadAction","target":["https:\/\/www.fotolab.sk\/blog\/vystava-romana-nemca-skutocni-hrdinovia-amazonie\/"]}]},{"@type":"BreadcrumbList","@id":"https:\/\/www.fotolab.sk\/blog\/vystava-romana-nemca-skutocni-hrdinovia-amazonie\/#breadcrumb","itemListElement":[{"@type":"ListItem","position":1,"name":"Home","item":"https:\/\/www.fotolab.sk\/blog\/"},{"@type":"ListItem","position":2,"name":"V\u00fdstava Romana Nemca: Skuto\u010dn\u00ed hrdinovia Amaz\u00f3nie"}]},{"@type":"Person","@id":"https:\/\/www.fotolab.sk\/blog\/#\/schema\/person\/7857aea021b4560af0d06d2abe97110b","name":"Redakcia CEWE","image":{"@type":"ImageObject","inLanguage":"sk-SK","@id":"https:\/\/www.fotolab.sk\/blog\/#\/schema\/person\/image\/","url":"https:\/\/secure.gravatar.com\/avatar\/e27c65ada54cc066e94388632d402763?s=96&d=mm&r=g","contentUrl":"https:\/\/secure.gravatar.com\/avatar\/e27c65ada54cc066e94388632d402763?s=96&d=mm&r=g","caption":"Redakcia CEWE"},"sameAs":["https:\/\/www.instagram.com\/cewe.sk\/"],"url":"https:\/\/www.fotolab.sk\/blog\/author\/cewe-redakcia\/"}]}},"_links":{"self":[{"href":"https:\/\/www.fotolab.sk\/blog\/wp-json\/wp\/v2\/posts\/48459"}],"collection":[{"href":"https:\/\/www.fotolab.sk\/blog\/wp-json\/wp\/v2\/posts"}],"about":[{"href":"https:\/\/www.fotolab.sk\/blog\/wp-json\/wp\/v2\/types\/post"}],"author":[{"embeddable":true,"href":"https:\/\/www.fotolab.sk\/blog\/wp-json\/wp\/v2\/users\/41"}],"replies":[{"embeddable":true,"href":"https:\/\/www.fotolab.sk\/blog\/wp-json\/wp\/v2\/comments?post=48459"}],"version-history":[{"count":10,"href":"https:\/\/www.fotolab.sk\/blog\/wp-json\/wp\/v2\/posts\/48459\/revisions"}],"predecessor-version":[{"id":48498,"href":"https:\/\/www.fotolab.sk\/blog\/wp-json\/wp\/v2\/posts\/48459\/revisions\/48498"}],"wp:featuredmedia":[{"embeddable":true,"href":"https:\/\/www.fotolab.sk\/blog\/wp-json\/wp\/v2\/media\/48473"}],"wp:attachment":[{"href":"https:\/\/www.fotolab.sk\/blog\/wp-json\/wp\/v2\/media?parent=48459"}],"wp:term":[{"taxonomy":"category","embeddable":true,"href":"https:\/\/www.fotolab.sk\/blog\/wp-json\/wp\/v2\/categories?post=48459"},{"taxonomy":"post_tag","embeddable":true,"href":"https:\/\/www.fotolab.sk\/blog\/wp-json\/wp\/v2\/tags?post=48459"}],"curies":[{"name":"wp","href":"https:\/\/api.w.org\/{rel}","templated":true}]}}