
{"id":48406,"date":"2022-07-08T11:58:17","date_gmt":"2022-07-08T09:58:17","guid":{"rendered":"https:\/\/www.fotolab.sk\/blog\/?p=48406"},"modified":"2022-07-08T13:31:11","modified_gmt":"2022-07-08T11:31:11","slug":"nikon-z30-prvy-pohlad-ide-to-aj-bez-hladacika","status":"publish","type":"post","link":"https:\/\/www.fotolab.sk\/blog\/nikon-z30-prvy-pohlad-ide-to-aj-bez-hladacika\/","title":{"rendered":"Nikon Z30: Prv\u00fd poh\u013ead \u2013 Ide to aj bez h\u013ead\u00e1\u010dika"},"content":{"rendered":"<h5>Pod\u013ea m\u0148a sa \u00faplne zbyto\u010dne sklo\u0148uje to, \u017ee novinka Nikon Z30 je zameran\u00e1 \u010disto na vlogerov. Prsty v tom m\u00e1 mimochodom aj Nikon. Nov\u00e1 tridsiatka je ale v\u0161eumelec, ktor\u00fd oslov\u00ed fotografov aj kameramanov. A \u017ee nem\u00e1 h\u013ead\u00e1\u010dik? \u010cudovali by ste sa, ko\u013eko \u013eud\u00ed ho v skuto\u010dnosti v\u00f4bec nepou\u017e\u00edva a nepotrebuje.<\/h5>\n<h5>Nikon Z30 v skratke<\/h5>\n<figure id=\"attachment_48408\" aria-describedby=\"caption-attachment-48408\" style=\"width: 768px\" class=\"wp-caption alignnone\"><img decoding=\"async\" loading=\"lazy\" class=\"wp-image-48408 size-full\" src=\"https:\/\/blog.fotolab.sk\/wp-content\/uploads\/2022\/07\/nikon-z30-cewe-0002-768x542-1.jpg\" alt=\"Nikon Z30\" width=\"768\" height=\"542\" \/><figcaption id=\"caption-attachment-48408\" class=\"wp-caption-text\">Podsadit\u00fd tvar hornej strany maskuje mal\u00e9 rozmery.<\/figcaption><\/figure>\n<p>&nbsp;<\/p>\n<ul>\n<li>APS-C (DX) sn\u00edma\u010d je rovnak\u00fd (a rovnako dobr\u00fd) ako v Nikon Z50 a Nikon Zfc. M\u00e1 20,9 MPix.<\/li>\n<li>Maxim\u00e1lna r\u00fdchlos\u0165 uz\u00e1vierky je 1\/4000s a v sekvencii zvl\u00e1dne Z30 ve\u013emi sol\u00eddnych 11 sn.\/s.<\/li>\n<li>Stabiliz\u00e1cia sn\u00edma\u010da bohu\u017eia\u013e ch\u00fdba. Spo\u013eahn\u00fa\u0165 sa budete musie\u0165 na t\u00fa v objekt\u00edvoch.<\/li>\n<li>Z fotoapar\u00e1tu boli odstr\u00e1nen\u00e9 sc\u00e9nick\u00e9 re\u017eimy a nahradila ich m\u00fadra automatika, ktor\u00e1 sama rozpozn\u00e1 typ fotenej sc\u00e9ny a pod\u013ea toho nastav\u00ed fotoapar\u00e1t.<\/li>\n<li>3\u2033 displej je v\u00fdklopn\u00fd a oto\u010dn\u00fd. Pri preto\u010den\u00ed do selfie orient\u00e1cie sa na LCD aktivuje upraven\u00e9 dotykov\u00e9 rozhranie pre jednoduch\u00e9 ovl\u00e1danie.<\/li>\n<li>\u013dahko pozmenen\u00e1 poz\u00edcia tla\u010didiel ide v \u00fastrety fotografom aj film\u00e1rom. Nech\u00fdbaj\u00fa dve kolieska a tla\u010didlo record sa presunulo na horn\u00fa stranu fotoapar\u00e1tu.<\/li>\n<li>Automatick\u00e9 f\u00e1zov\u00e9 ostrenie vyu\u017e\u00edva detekciu o\u010d\u00ed so sledovan\u00edm subjektu. Pr\u00edtomn\u00e1 je aj detekcia zvierat.<\/li>\n<li>Video zvl\u00e1dne nat\u00e1\u010da\u0165 bez orezu v 30 fps a 4K rozl\u00ed\u0161en\u00ed. Oproti ostatn\u00fdm APS-C modelom Nikon m\u00e1 ponovom obmedzenie doby nat\u00e1\u010dania na 125 min\u00fat namiesto 30 min\u00fat.<\/li>\n<li>Spomalen\u00e9 video vo FullHD m\u00e1 120 fps.<\/li>\n<\/ul>\n<blockquote><p><a href=\"https:\/\/www.fotolab.sk\/?fotolab_product%5Bquery%5D=nikon%20Z30\" target=\"_blank\" rel=\"noopener\"><em>Aktu\u00e1lnu cenu a dostupnos\u0165 novinky Nikon Z30 n\u00e1jdete v e-shope Fotolab.sk<\/em><\/a><\/p><\/blockquote>\n<figure id=\"attachment_48409\" aria-describedby=\"caption-attachment-48409\" style=\"width: 768px\" class=\"wp-caption alignnone\"><img decoding=\"async\" loading=\"lazy\" class=\"wp-image-48409 size-full\" src=\"https:\/\/blog.fotolab.sk\/wp-content\/uploads\/2022\/07\/Z30-cewe-003-768x511-1.jpg\" alt=\"Nikon Z30\" width=\"768\" height=\"511\" \/><figcaption id=\"caption-attachment-48409\" class=\"wp-caption-text\">Grip vyzer\u00e1 na prv\u00fd poh\u013ead rovnako ako na Nikone Z50. Vykrojenie prednej \u010dasti je ale in\u00e9 a fotoapar\u00e1t sa dr\u017e\u00ed e\u0161te o kus lep\u0161ie.<\/figcaption><\/figure>\n<p>&nbsp;<\/p>\n<h5><strong>Prv\u00fd poh\u013ead<\/strong><\/h5>\n<p>Na prv\u00fd poh\u013ead to vyzer\u00e1, \u017ee nov\u00fd Nikon Z30 je postaven\u00fd proti vlogersk\u00e9mu fotoapar\u00e1tu <a href=\"https:\/\/www.fotolab.sk\/produkt\/sony-alpha-zv-e10-16-50mm\" target=\"_blank\" rel=\"noopener\">Sony ZV-E10<\/a>. Ostatne aj s\u00e1m Nikon \u201epred\u00e1va\u201c nov\u00fa tridsiatku ako fotoapar\u00e1t ur\u010den\u00fd na nat\u00e1\u010danie vide\u00ed, vlogging, \u010di tvorbu obsahu na YouTube. Ja s t\u00fdm osobne v\u00f4bec nes\u00fahlas\u00edm a pr\u00edde mi \u0161koda vytv\u00e1ra\u0165 okolo fotoapar\u00e1tu auru tohto typu. Hne\u010f vysvetl\u00edm pre\u010do.<\/p>\n<figure id=\"attachment_48410\" aria-describedby=\"caption-attachment-48410\" style=\"width: 768px\" class=\"wp-caption alignnone\"><img decoding=\"async\" loading=\"lazy\" class=\"size-full wp-image-48410\" src=\"https:\/\/blog.fotolab.sk\/wp-content\/uploads\/2022\/07\/Nikon-Z-30-Lifestlye-image-2-768x512-1.jpg\" alt=\"Nikon Z30\" width=\"768\" height=\"512\" \/><figcaption id=\"caption-attachment-48410\" class=\"wp-caption-text\">Na produktov\u00fdch fotk\u00e1ch Nikon sa za\u010dalo objavova\u0165 pr\u00edslu\u0161enstvo Manfrotto. \u017deby sa chystala nejak\u00e1 spolupr\u00e1ca?<\/figcaption><\/figure>\n<p>&nbsp;<\/p>\n<p>V prvom rade sa pozrite na pou\u017eit\u00fd sn\u00edma\u010d a uz\u00e1vierku fotoapar\u00e1tu. Nie, na video naozaj nie je potrebn\u00e9 ma\u0165 sekven\u010dn\u00e9 sn\u00edmanie s r\u00fdchlos\u0165ou 11 fotiek za sekundu. Aj napriek tomu to fotoapar\u00e1t zvl\u00e1dne. U\u017e <a href=\"https:\/\/www.fotolab.sk\/produkt\/nikon-z50-z-16-50-mm-z-50-250mm\" target=\"_blank\" rel=\"noopener\">Nikon Z50<\/a> a <a href=\"https:\/\/www.fotolab.sk\/produkt\/nikon-z-fc-z-16-50mm-silver\" target=\"_blank\" rel=\"noopener\">ZFC<\/a> presved\u010dili o tom, \u017ee pou\u017e\u00edvaj\u00fa moment\u00e1lne jeden z najlep\u0161\u00edch APS-C sn\u00edma\u010dov na trhu. Ten v Nikone Z30 je rovnako dobr\u00fd. Ani automatick\u00e9 ostrenie nezaost\u00e1va a zvl\u00e1dne sledova\u0165 o\u010di alebo zvierat\u00e1. A takto by som mohol pokra\u010dova\u0165.<\/p>\n<p><img decoding=\"async\" loading=\"lazy\" class=\"alignnone size-full wp-image-48411\" src=\"https:\/\/blog.fotolab.sk\/wp-content\/uploads\/2022\/07\/Z30-cewe-002-768x511-1.jpg\" alt=\"\" width=\"768\" height=\"511\" \/><\/p>\n<p>&nbsp;<\/p>\n<p>Keby som mal porovna\u0165 s\u00fa\u010dasn\u00fa \u201ezet p\u00e4\u0165desiatku\u201c a retro \u0161t\u00fdlovku Zfc, n\u00e1jdem minimum rozdielov. T\u00e1 hlavn\u00e1 a najviac vidite\u013en\u00e1 odli\u0161nos\u0165 je v absencii h\u013ead\u00e1\u010dika. To je nie\u010do, \u010do ve\u013ea zaryt\u00fdch fotografov prekusne len \u0165a\u017eko. Ako sa ale hovor\u00ed: \u201esto \u013eud\u00ed, sto chut\u00ed\u201c a <a href=\"https:\/\/www.fotolab.sk\/nikon-novinka\" target=\"_blank\" rel=\"noopener\">Nikon Z30<\/a> \u00faplne jasne oslovuje publikum vyu\u017e\u00edvaj\u00face mobiln\u00e9 telef\u00f3ny a tie, ako dobre vieme, h\u013ead\u00e1\u010dik nemaj\u00fa. Na kurzoch som sa dokonca stretol aj s radom fotografov a fotografiek, ktor\u00ed na fotoapar\u00e1te h\u013ead\u00e1\u010dik maj\u00fa, aj napriek tomu ho nepou\u017e\u00edvaj\u00fa a preferuj\u00fa fotografovanie cez displej. Nie je na tom ni\u010d zl\u00e9.<\/p>\n<figure id=\"attachment_48412\" aria-describedby=\"caption-attachment-48412\" style=\"width: 768px\" class=\"wp-caption alignnone\"><img decoding=\"async\" loading=\"lazy\" class=\"wp-image-48412 size-full\" src=\"https:\/\/blog.fotolab.sk\/wp-content\/uploads\/2022\/07\/Nikon_Z30_back-768x512-1.jpg\" alt=\"\" width=\"768\" height=\"512\" \/><figcaption id=\"caption-attachment-48412\" class=\"wp-caption-text\">Na zadnej strane bohu\u017eia\u013e nezostalo miesto pre joystick alebo tla\u010didlo AF-ON. Po\u010d\u00edta sa s vyu\u017e\u00edvan\u00edm dotykov\u00e9ho LCD.<\/figcaption><\/figure>\n<p>&nbsp;<\/p>\n<p>Displej je na Nikone Z30 v\u00fdklopn\u00fd aj oto\u010dn\u00fd, a t\u00fdm umo\u017e\u0148uje fotografovanie z neobvykl\u00fdch uhlov. Absencia h\u013ead\u00e1\u010dika sa premietla aj do celkov\u00fdch rozmerov pr\u00edstroja. V tento moment m\u00f4\u017eeme prakticky len d\u00fafa\u0165 v pr\u00edchod pevn\u00fdch sveteln\u00fdch pancake objekt\u00edvov na bajonet Z. Potom by som sa neb\u00e1l ozna\u010di\u0165 fotoapar\u00e1t ako vreckov\u00fd. Na vrecko na ko\u0161eli to s\u00edce nie je, ale v bunde alebo kab\u00e1te sa kompaktn\u00e9 APS-C telo strat\u00ed ako ni\u010d aj napriek tomu, \u017ee je fotoapar\u00e1t vybaven\u00fd pomerne v\u00fdrazn\u00fdm gripom.<\/p>\n<figure id=\"attachment_48413\" aria-describedby=\"caption-attachment-48413\" style=\"width: 768px\" class=\"wp-caption alignnone\"><img decoding=\"async\" loading=\"lazy\" class=\"wp-image-48413 size-full\" src=\"https:\/\/blog.fotolab.sk\/wp-content\/uploads\/2022\/07\/nikon-z30-cewe-0009-768x306-1.jpg\" alt=\"\" width=\"768\" height=\"306\" \/><figcaption id=\"caption-attachment-48413\" class=\"wp-caption-text\">P\u00e1\u010di sa mi, \u017ee Nikon nevynechal dve funk\u010dn\u00e9 tla\u010didl\u00e1 okolo bajonetu.<\/figcaption><\/figure>\n<p>&nbsp;<\/p>\n<p>V oh\u013eade softv\u00e9ru je zmien a noviniek sk\u00f4r m\u00e1lo. \u010co ale prekvap\u00ed je nie\u010do, \u010do zauj\u00edma hlavne za\u010d\u00ednaj\u00facich fotografov. Nikon ust\u00fapil klasick\u00fdm sc\u00e9nick\u00fdm re\u017eimom a namiesto toho do fotoapar\u00e1tu zabudoval ve\u013emi funk\u010dn\u00fa m\u00fadru automatiku, ktor\u00e1 dok\u00e1\u017ee sama rozpozna\u0165 typ fotenej sc\u00e9ny a pod\u013ea toho upravi\u0165 nastavenie clony a \u010dasu. Jednoducho povedan\u00e9, fotoapar\u00e1t vid\u00ed hlavu, ostr\u00ed teda s\u00e1m na oko a otv\u00e1ra clonu tak, aby bolo pozadie rozmazan\u00e9. Funguje to spo\u013eahlivo a dokonca aj v plne automatickom re\u017eime m\u00e1 u\u017e\u00edvate\u013e mo\u017enos\u0165 upravi\u0165 v\u00fdsledn\u00fd jas (korekcia expoz\u00edcie). Je to trochu odli\u0161n\u00fd pr\u00edstup, ktor\u00fd mysl\u00ed na tvorcov a kreat\u00edvcov, ktor\u00ed nutne nepotrebuj\u00fa pozna\u0165 kompletn\u00fa problematiku expozi\u010dn\u00e9ho trojuholn\u00edka, a aj napriek tomu m\u00f4\u017eu popusti\u0165 uzdu svojej fant\u00e1zii.<\/p>\n<p>&nbsp;<\/p>\n<figure id=\"attachment_48414\" aria-describedby=\"caption-attachment-48414\" style=\"width: 768px\" class=\"wp-caption alignnone\"><img decoding=\"async\" loading=\"lazy\" class=\"wp-image-48414 size-full\" src=\"https:\/\/blog.fotolab.sk\/wp-content\/uploads\/2022\/07\/Z30-cewe-001-768x511-1.jpg\" alt=\"\" width=\"768\" height=\"511\" \/><figcaption id=\"caption-attachment-48414\" class=\"wp-caption-text\">Mechanizmus vykl\u00e1pania displeja je pevn\u00fd a p\u00f4sob\u00ed odolne. Bavilo ma aj rozmiestnenie v\u0161etk\u00fdch tla\u010didiel, ovl\u00e1danie je na jednotku.<\/figcaption><\/figure>\n<p>&nbsp;<\/p>\n<p>\u010co na novinku hovor\u00edte? Ja nie som ani nad\u0161en\u00fd, ani sklaman\u00fd. Tak trochu som o\u010dak\u00e1val n\u00e1stupcu ob\u013e\u00faben\u00fdch modelov <a href=\"https:\/\/www.fotolab.sk\/nikon-novinka?fotolab_product%5Bquery%5D=Nikon%20D3500%20%2B%2018-55mm%20AF-P%20DX%20VR\" target=\"_blank\" rel=\"noopener\">Nikon D3500<\/a> a <a href=\"https:\/\/www.fotolab.sk\/nikon-novinka?fotolab_product%5Bquery%5D=Nikon%20D5600%20%2B%2018-55mm%20AF-P%20DX%20VR\" target=\"_blank\" rel=\"noopener\">D5600<\/a>, namiesto toho sme dostali fotoapar\u00e1t mieriaci na \u00faplne odli\u0161n\u00e9 publikum. \u010ci je to dobre alebo zle, uk\u00e1\u017ee \u010das. Ni\u010d to v\u0161ak nemen\u00ed na tom, \u017ee Nikon Z30 je ve\u013emi v\u00fdkonn\u00fd univerz\u00e1lny fotoapar\u00e1t, ktor\u00fd sa hod\u00ed nielen na nat\u00e1\u010danie vide\u00ed. S\u013eubuje vysok\u00fa r\u00fdchlos\u0165, v\u00fdborn\u00fa obrazov\u00fa kvalitu, pokro\u010dil\u00fd syst\u00e9m ostrenia a to v\u0161etko v pomerne kompaktnom tele, ktor\u00e9 ale nerob\u00ed \u00fastupky ergon\u00f3mii.<\/p>\n<p>&nbsp;<\/p>\n<figure id=\"attachment_48415\" aria-describedby=\"caption-attachment-48415\" style=\"width: 768px\" class=\"wp-caption alignnone\"><img decoding=\"async\" loading=\"lazy\" class=\"wp-image-48415 size-full\" src=\"https:\/\/blog.fotolab.sk\/wp-content\/uploads\/2022\/07\/z-30-smallrig-cewe-768x432-1.jpg\" alt=\"\" width=\"768\" height=\"432\" \/><figcaption id=\"caption-attachment-48415\" class=\"wp-caption-text\">Vlogging kit bude obsahova\u0165 grip s priestorom na dia\u013ekov\u00fa sp\u00fa\u0161\u0165 a hlavne mal\u00fd filter proti vetru od SmallRig.<\/figcaption><\/figure>\n<p>&nbsp;<\/p>\n<p>Fotoapar\u00e1t bude zo za\u010diatku k dispoz\u00edcii ako <a href=\"https:\/\/www.fotolab.sk\/produkt\/nikon-z30-telo\" target=\"_blank\" rel=\"noopener\">samostatn\u00e9 telo<\/a>, <a href=\"https:\/\/www.fotolab.sk\/produkt\/nikon-z30-z-dx-16-50mm-vr\" target=\"_blank\" rel=\"noopener\">v sete so stabilizovan\u00fdm objekt\u00edvom 16-50 mm<\/a> (ktor\u00fd m\u00f4\u017eem vrelo odporu\u010di\u0165 &#8211; na to \u017ee sa jedn\u00e1 o z\u00e1kladn\u00fd se\u0165\u00e1k, je objekt\u00edv \u0161pi\u010dkovo ostr\u00fd), \u010falej <a href=\"https:\/\/www.fotolab.sk\/produkt\/nikon-z30-z-dx-16-50-z-dx-50-250-vr\" target=\"_blank\" rel=\"noopener\">v sete so z\u00e1kla\u010f\u00e1kom a teleobjekt\u00edvom<\/a> a nakoniec aj ako <a href=\"https:\/\/www.fotolab.sk\/produkt\/nikon-z30--z-dx-16-50mm-vr-vlogger-kit\" target=\"_blank\" rel=\"noopener\">bal\u00ed\u010dek \u0161peci\u00e1lne ur\u010den\u00fd pre vlogging<\/a>, v ktorom nech\u00fdba grip, dia\u013ekov\u00e9 ovl\u00e1danie a ve\u013emi m\u00fadro vymyslen\u00fd protivetern\u00fd filter pre mikrof\u00f3n od firmy SmallRig, ktor\u00fd sa zasunie do s\u00e1nok blesku a fotoapar\u00e1tu dod\u00e1 \u201eu\u0161i\u201c.<\/p>\n<p>&nbsp;<\/p>\n<p>Nesk\u00f4r e\u0161te pribudne set aj s DX objekt\u00edvom na bajonet Z vo ve\u013emi ob\u013e\u00fabenom rozsahu 18-140 mm, ktor\u00fd nadv\u00e4zuje na v\u0161etk\u00fdm zn\u00e1me zrkadlovkov\u00e9 objekt\u00edvy Nikon 18-105 mm a Nikon 18-140 mm.<\/p>\n<p>&nbsp;<\/p>\n<blockquote><p><a href=\"https:\/\/www.fotolab.sk\/nikon-novinka\" target=\"_blank\" rel=\"noopener\"><em>Nikon Z30 sa do predaja dostane 14.7. 2022. Predobjedna\u0165 ho m\u00f4\u017eete v e-shope Fotolab.sk<\/em><\/a><\/p>\n<p>&nbsp;<\/p><\/blockquote>\n","protected":false},"excerpt":{"rendered":"<p>Pod\u013ea m\u0148a sa \u00faplne zbyto\u010dne sklo\u0148uje to, \u017ee novinka Nikon Z30 je zameran\u00e1 \u010disto na vlogerov. Prsty v tom m\u00e1 mimochodom aj Nikon. Nov\u00e1 tridsiatka je ale v\u0161eumelec, ktor\u00fd oslov\u00ed fotografov aj kameramanov. A \u017ee nem\u00e1 h\u013ead\u00e1\u010dik? \u010cudovali by ste sa, ko\u013eko \u013eud\u00ed ho v skuto\u010dnosti v\u00f4bec nepou\u017e\u00edva a nepotrebuje. Nikon Z30 v skratke &nbsp; [&hellip;]<\/p>\n","protected":false},"author":45,"featured_media":48407,"comment_status":"open","ping_status":"open","sticky":false,"template":"","format":"standard","meta":[],"categories":[49],"tags":[112,57,103],"yoast_head":"<!-- This site is optimized with the Yoast SEO plugin v19.1 - https:\/\/yoast.com\/wordpress\/plugins\/seo\/ -->\n<title>Nikon Z30: Prv\u00fd poh\u013ead \u2013 Ide to aj bez h\u013ead\u00e1\u010dika - CEWE Fotolab blog<\/title>\n<meta name=\"robots\" content=\"index, follow, max-snippet:-1, max-image-preview:large, max-video-preview:-1\" \/>\n<link rel=\"canonical\" href=\"https:\/\/www.fotolab.sk\/blog\/nikon-z30-prvy-pohlad-ide-to-aj-bez-hladacika\/\" \/>\n<meta property=\"og:locale\" content=\"sk_SK\" \/>\n<meta property=\"og:type\" content=\"article\" \/>\n<meta property=\"og:title\" content=\"Nikon Z30: Prv\u00fd poh\u013ead \u2013 Ide to aj bez h\u013ead\u00e1\u010dika - CEWE Fotolab blog\" \/>\n<meta property=\"og:description\" content=\"Pod\u013ea m\u0148a sa \u00faplne zbyto\u010dne sklo\u0148uje to, \u017ee novinka Nikon Z30 je zameran\u00e1 \u010disto na vlogerov. Prsty v tom m\u00e1 mimochodom aj Nikon. Nov\u00e1 tridsiatka je ale v\u0161eumelec, ktor\u00fd oslov\u00ed fotografov aj kameramanov. A \u017ee nem\u00e1 h\u013ead\u00e1\u010dik? \u010cudovali by ste sa, ko\u013eko \u013eud\u00ed ho v skuto\u010dnosti v\u00f4bec nepou\u017e\u00edva a nepotrebuje. Nikon Z30 v skratke &nbsp; [&hellip;]\" \/>\n<meta property=\"og:url\" content=\"https:\/\/www.fotolab.sk\/blog\/nikon-z30-prvy-pohlad-ide-to-aj-bez-hladacika\/\" \/>\n<meta property=\"og:site_name\" content=\"CEWE Fotolab blog\" \/>\n<meta property=\"article:published_time\" content=\"2022-07-08T09:58:17+00:00\" \/>\n<meta property=\"article:modified_time\" content=\"2022-07-08T11:31:11+00:00\" \/>\n<meta property=\"og:image\" content=\"https:\/\/blog.fotolab.sk\/wp-content\/uploads\/2022\/07\/Nikon-Z30-recenze-1.jpg\" \/>\n\t<meta property=\"og:image:width\" content=\"1800\" \/>\n\t<meta property=\"og:image:height\" content=\"600\" \/>\n\t<meta property=\"og:image:type\" content=\"image\/jpeg\" \/>\n<meta name=\"twitter:label1\" content=\"Autor:\" \/>\n\t<meta name=\"twitter:data1\" content=\"Stanislav Mach\" \/>\n\t<meta name=\"twitter:label2\" content=\"Predpokladan\u00fd \u010das \u010d\u00edtania\" \/>\n\t<meta name=\"twitter:data2\" content=\"7 min\u00fat\" \/>\n<script type=\"application\/ld+json\" class=\"yoast-schema-graph\">{\"@context\":\"https:\/\/schema.org\",\"@graph\":[{\"@type\":\"WebSite\",\"@id\":\"https:\/\/www.fotolab.sk\/blog\/#website\",\"url\":\"https:\/\/www.fotolab.sk\/blog\/\",\"name\":\"CEWE Fotolab blog\",\"description\":\"Blog ur\u010den\u00fd pre fan\u00fa\u0161ikov fotografie a sveta okolo nej.\",\"potentialAction\":[{\"@type\":\"SearchAction\",\"target\":{\"@type\":\"EntryPoint\",\"urlTemplate\":\"https:\/\/www.fotolab.sk\/blog\/?s={search_term_string}\"},\"query-input\":\"required name=search_term_string\"}],\"inLanguage\":\"sk-SK\"},{\"@type\":\"ImageObject\",\"inLanguage\":\"sk-SK\",\"@id\":\"https:\/\/www.fotolab.sk\/blog\/nikon-z30-prvy-pohlad-ide-to-aj-bez-hladacika\/#primaryimage\",\"url\":\"https:\/\/blog.fotolab.sk\/wp-content\/uploads\/2022\/07\/Nikon-Z30-recenze-1.jpg\",\"contentUrl\":\"https:\/\/blog.fotolab.sk\/wp-content\/uploads\/2022\/07\/Nikon-Z30-recenze-1.jpg\",\"width\":1800,\"height\":600},{\"@type\":\"WebPage\",\"@id\":\"https:\/\/www.fotolab.sk\/blog\/nikon-z30-prvy-pohlad-ide-to-aj-bez-hladacika\/#webpage\",\"url\":\"https:\/\/www.fotolab.sk\/blog\/nikon-z30-prvy-pohlad-ide-to-aj-bez-hladacika\/\",\"name\":\"Nikon Z30: Prv\u00fd poh\u013ead \u2013 Ide to aj bez h\u013ead\u00e1\u010dika - CEWE Fotolab blog\",\"isPartOf\":{\"@id\":\"https:\/\/www.fotolab.sk\/blog\/#website\"},\"primaryImageOfPage\":{\"@id\":\"https:\/\/www.fotolab.sk\/blog\/nikon-z30-prvy-pohlad-ide-to-aj-bez-hladacika\/#primaryimage\"},\"datePublished\":\"2022-07-08T09:58:17+00:00\",\"dateModified\":\"2022-07-08T11:31:11+00:00\",\"author\":{\"@id\":\"https:\/\/www.fotolab.sk\/blog\/#\/schema\/person\/1d449956d83f86c3a20790c8c47d2c24\"},\"breadcrumb\":{\"@id\":\"https:\/\/www.fotolab.sk\/blog\/nikon-z30-prvy-pohlad-ide-to-aj-bez-hladacika\/#breadcrumb\"},\"inLanguage\":\"sk-SK\",\"potentialAction\":[{\"@type\":\"ReadAction\",\"target\":[\"https:\/\/www.fotolab.sk\/blog\/nikon-z30-prvy-pohlad-ide-to-aj-bez-hladacika\/\"]}]},{\"@type\":\"BreadcrumbList\",\"@id\":\"https:\/\/www.fotolab.sk\/blog\/nikon-z30-prvy-pohlad-ide-to-aj-bez-hladacika\/#breadcrumb\",\"itemListElement\":[{\"@type\":\"ListItem\",\"position\":1,\"name\":\"Home\",\"item\":\"https:\/\/www.fotolab.sk\/blog\/\"},{\"@type\":\"ListItem\",\"position\":2,\"name\":\"Nikon Z30: Prv\u00fd poh\u013ead \u2013 Ide to aj bez h\u013ead\u00e1\u010dika\"}]},{\"@type\":\"Person\",\"@id\":\"https:\/\/www.fotolab.sk\/blog\/#\/schema\/person\/1d449956d83f86c3a20790c8c47d2c24\",\"name\":\"Stanislav Mach\",\"image\":{\"@type\":\"ImageObject\",\"inLanguage\":\"sk-SK\",\"@id\":\"https:\/\/www.fotolab.sk\/blog\/#\/schema\/person\/image\/\",\"url\":\"https:\/\/secure.gravatar.com\/avatar\/ecfb962362ed945e2aa52aba0c57c893?s=96&d=mm&r=g\",\"contentUrl\":\"https:\/\/secure.gravatar.com\/avatar\/ecfb962362ed945e2aa52aba0c57c893?s=96&d=mm&r=g\",\"caption\":\"Stanislav Mach\"},\"description\":\"V\u010faka viac ako 15-ro\u010dn\u00fdm sk\u00fasenostiam s fotografiou dok\u00e1\u017eem presne poradi\u0165 a vybra\u0165 vhodn\u00e9 n\u00e1stroje a postupy pre za\u010d\u00ednaj\u00facich aj profesion\u00e1lnych fotografov. Akt\u00edvne sa venujem svadobnej a report\u00e1\u017enej fotografii a d\u00f4kladn\u00e9mu testovaniu technologick\u00fdch noviniek.\",\"url\":\"https:\/\/www.fotolab.sk\/blog\/author\/stanislav-mach\/\"}]}<\/script>\n<!-- \/ Yoast SEO plugin. -->","yoast_head_json":{"title":"Nikon Z30: Prv\u00fd poh\u013ead \u2013 Ide to aj bez h\u013ead\u00e1\u010dika - CEWE Fotolab blog","robots":{"index":"index","follow":"follow","max-snippet":"max-snippet:-1","max-image-preview":"max-image-preview:large","max-video-preview":"max-video-preview:-1"},"canonical":"https:\/\/www.fotolab.sk\/blog\/nikon-z30-prvy-pohlad-ide-to-aj-bez-hladacika\/","og_locale":"sk_SK","og_type":"article","og_title":"Nikon Z30: Prv\u00fd poh\u013ead \u2013 Ide to aj bez h\u013ead\u00e1\u010dika - CEWE Fotolab blog","og_description":"Pod\u013ea m\u0148a sa \u00faplne zbyto\u010dne sklo\u0148uje to, \u017ee novinka Nikon Z30 je zameran\u00e1 \u010disto na vlogerov. Prsty v tom m\u00e1 mimochodom aj Nikon. Nov\u00e1 tridsiatka je ale v\u0161eumelec, ktor\u00fd oslov\u00ed fotografov aj kameramanov. A \u017ee nem\u00e1 h\u013ead\u00e1\u010dik? \u010cudovali by ste sa, ko\u013eko \u013eud\u00ed ho v skuto\u010dnosti v\u00f4bec nepou\u017e\u00edva a nepotrebuje. Nikon Z30 v skratke &nbsp; [&hellip;]","og_url":"https:\/\/www.fotolab.sk\/blog\/nikon-z30-prvy-pohlad-ide-to-aj-bez-hladacika\/","og_site_name":"CEWE Fotolab blog","article_published_time":"2022-07-08T09:58:17+00:00","article_modified_time":"2022-07-08T11:31:11+00:00","og_image":[{"width":1800,"height":600,"url":"https:\/\/blog.fotolab.sk\/wp-content\/uploads\/2022\/07\/Nikon-Z30-recenze-1.jpg","type":"image\/jpeg"}],"twitter_misc":{"Autor:":"Stanislav Mach","Predpokladan\u00fd \u010das \u010d\u00edtania":"7 min\u00fat"},"schema":{"@context":"https:\/\/schema.org","@graph":[{"@type":"WebSite","@id":"https:\/\/www.fotolab.sk\/blog\/#website","url":"https:\/\/www.fotolab.sk\/blog\/","name":"CEWE Fotolab blog","description":"Blog ur\u010den\u00fd pre fan\u00fa\u0161ikov fotografie a sveta okolo nej.","potentialAction":[{"@type":"SearchAction","target":{"@type":"EntryPoint","urlTemplate":"https:\/\/www.fotolab.sk\/blog\/?s={search_term_string}"},"query-input":"required name=search_term_string"}],"inLanguage":"sk-SK"},{"@type":"ImageObject","inLanguage":"sk-SK","@id":"https:\/\/www.fotolab.sk\/blog\/nikon-z30-prvy-pohlad-ide-to-aj-bez-hladacika\/#primaryimage","url":"https:\/\/blog.fotolab.sk\/wp-content\/uploads\/2022\/07\/Nikon-Z30-recenze-1.jpg","contentUrl":"https:\/\/blog.fotolab.sk\/wp-content\/uploads\/2022\/07\/Nikon-Z30-recenze-1.jpg","width":1800,"height":600},{"@type":"WebPage","@id":"https:\/\/www.fotolab.sk\/blog\/nikon-z30-prvy-pohlad-ide-to-aj-bez-hladacika\/#webpage","url":"https:\/\/www.fotolab.sk\/blog\/nikon-z30-prvy-pohlad-ide-to-aj-bez-hladacika\/","name":"Nikon Z30: Prv\u00fd poh\u013ead \u2013 Ide to aj bez h\u013ead\u00e1\u010dika - CEWE Fotolab blog","isPartOf":{"@id":"https:\/\/www.fotolab.sk\/blog\/#website"},"primaryImageOfPage":{"@id":"https:\/\/www.fotolab.sk\/blog\/nikon-z30-prvy-pohlad-ide-to-aj-bez-hladacika\/#primaryimage"},"datePublished":"2022-07-08T09:58:17+00:00","dateModified":"2022-07-08T11:31:11+00:00","author":{"@id":"https:\/\/www.fotolab.sk\/blog\/#\/schema\/person\/1d449956d83f86c3a20790c8c47d2c24"},"breadcrumb":{"@id":"https:\/\/www.fotolab.sk\/blog\/nikon-z30-prvy-pohlad-ide-to-aj-bez-hladacika\/#breadcrumb"},"inLanguage":"sk-SK","potentialAction":[{"@type":"ReadAction","target":["https:\/\/www.fotolab.sk\/blog\/nikon-z30-prvy-pohlad-ide-to-aj-bez-hladacika\/"]}]},{"@type":"BreadcrumbList","@id":"https:\/\/www.fotolab.sk\/blog\/nikon-z30-prvy-pohlad-ide-to-aj-bez-hladacika\/#breadcrumb","itemListElement":[{"@type":"ListItem","position":1,"name":"Home","item":"https:\/\/www.fotolab.sk\/blog\/"},{"@type":"ListItem","position":2,"name":"Nikon Z30: Prv\u00fd poh\u013ead \u2013 Ide to aj bez h\u013ead\u00e1\u010dika"}]},{"@type":"Person","@id":"https:\/\/www.fotolab.sk\/blog\/#\/schema\/person\/1d449956d83f86c3a20790c8c47d2c24","name":"Stanislav Mach","image":{"@type":"ImageObject","inLanguage":"sk-SK","@id":"https:\/\/www.fotolab.sk\/blog\/#\/schema\/person\/image\/","url":"https:\/\/secure.gravatar.com\/avatar\/ecfb962362ed945e2aa52aba0c57c893?s=96&d=mm&r=g","contentUrl":"https:\/\/secure.gravatar.com\/avatar\/ecfb962362ed945e2aa52aba0c57c893?s=96&d=mm&r=g","caption":"Stanislav Mach"},"description":"V\u010faka viac ako 15-ro\u010dn\u00fdm sk\u00fasenostiam s fotografiou dok\u00e1\u017eem presne poradi\u0165 a vybra\u0165 vhodn\u00e9 n\u00e1stroje a postupy pre za\u010d\u00ednaj\u00facich aj profesion\u00e1lnych fotografov. Akt\u00edvne sa venujem svadobnej a report\u00e1\u017enej fotografii a d\u00f4kladn\u00e9mu testovaniu technologick\u00fdch noviniek.","url":"https:\/\/www.fotolab.sk\/blog\/author\/stanislav-mach\/"}]}},"_links":{"self":[{"href":"https:\/\/www.fotolab.sk\/blog\/wp-json\/wp\/v2\/posts\/48406"}],"collection":[{"href":"https:\/\/www.fotolab.sk\/blog\/wp-json\/wp\/v2\/posts"}],"about":[{"href":"https:\/\/www.fotolab.sk\/blog\/wp-json\/wp\/v2\/types\/post"}],"author":[{"embeddable":true,"href":"https:\/\/www.fotolab.sk\/blog\/wp-json\/wp\/v2\/users\/45"}],"replies":[{"embeddable":true,"href":"https:\/\/www.fotolab.sk\/blog\/wp-json\/wp\/v2\/comments?post=48406"}],"version-history":[{"count":1,"href":"https:\/\/www.fotolab.sk\/blog\/wp-json\/wp\/v2\/posts\/48406\/revisions"}],"predecessor-version":[{"id":48416,"href":"https:\/\/www.fotolab.sk\/blog\/wp-json\/wp\/v2\/posts\/48406\/revisions\/48416"}],"wp:featuredmedia":[{"embeddable":true,"href":"https:\/\/www.fotolab.sk\/blog\/wp-json\/wp\/v2\/media\/48407"}],"wp:attachment":[{"href":"https:\/\/www.fotolab.sk\/blog\/wp-json\/wp\/v2\/media?parent=48406"}],"wp:term":[{"taxonomy":"category","embeddable":true,"href":"https:\/\/www.fotolab.sk\/blog\/wp-json\/wp\/v2\/categories?post=48406"},{"taxonomy":"post_tag","embeddable":true,"href":"https:\/\/www.fotolab.sk\/blog\/wp-json\/wp\/v2\/tags?post=48406"}],"curies":[{"name":"wp","href":"https:\/\/api.w.org\/{rel}","templated":true}]}}