
{"id":48094,"date":"2022-04-01T16:36:35","date_gmt":"2022-04-01T14:36:35","guid":{"rendered":"https:\/\/www.fotolab.sk\/blog\/?p=48094"},"modified":"2022-04-07T21:30:22","modified_gmt":"2022-04-07T19:30:22","slug":"rozhovor-s-fotografom-tomasom-hulikom","status":"publish","type":"post","link":"https:\/\/www.fotolab.sk\/blog\/rozhovor-s-fotografom-tomasom-hulikom\/","title":{"rendered":"Rozhovor s fotografom Tom\u00e1\u0161om Hul\u00edkom"},"content":{"rendered":"<h5><a href=\"https:\/\/www.tomashulik.com\/\" target=\"_blank\" rel=\"noopener\">Tom\u00e1\u0161 Hul\u00edk<\/a> je v\u00a0prvom rade pr\u00edrodovedec, a\u017e potom fotograf. A\u00a0to sa odr\u00e1\u017ea v\u00a0celej jeho tvorbe. Na jeho filmoch a\u00a0fotografi\u00e1ch zachyt\u00e1va kr\u00e1su divokej pr\u00edrody a\u00a0jej obyvate\u013eov. V\u00a0rozhovore n\u00e1m povedal, kam sa vyda\u0165 na fotoexped\u00edciu, ako na fotenie divok\u00fdch zvierat a\u00a0\u010do je jeho fotografick\u00fdm snom.<\/h5>\n<figure id=\"attachment_48115\" aria-describedby=\"caption-attachment-48115\" style=\"width: 1024px\" class=\"wp-caption alignnone\"><img decoding=\"async\" loading=\"lazy\" class=\"size-full wp-image-48115\" src=\"https:\/\/blog.fotolab.sk\/wp-content\/uploads\/2022\/04\/Slon-africky-Etosha-Namibia.jpg\" alt=\"\" width=\"1024\" height=\"682\" \/><figcaption id=\"caption-attachment-48115\" class=\"wp-caption-text\">Slon africk\u00fd, Etosha National Park, Nam\u00edbia<\/figcaption><\/figure>\n<h5><\/h5>\n<h5>Za\u010dneme asi klasickou ot\u00e1zkou, ale ned\u00e1 sa ju nesp\u00fdta\u0165 \u00a0\u2013 ak\u00e9 boli Va\u0161e fotografick\u00e9 za\u010diatky?<\/h5>\n<p>Z\u00e1bavn\u00e9&#8230; Na\u0161iel som u\u00a0otca v\u00a0ateli\u00e9ri staru\u010dk\u00fa Praktiku. Mohol sa p\u00edsa\u0165 rok 1992. Samozrejme som od otca vyzvedal ako sa d\u00e1 urobi\u0165 pekn\u00e1 a\u00a0dobr\u00e1 fotka. Ten mi vysvetlil expoz\u00edciu ve\u013emi po lopate. V\u00a0h\u013ead\u00e1\u010diku m\u00e1\u0161 kr\u00fa\u017eok a\u00a0mus\u00ed\u0161 pri nastavenom \u010dase to\u010di\u0165 clonou pokia\u013e pali\u010dka nepr\u00edde do kr\u00fa\u017eku. A\u00a0r\u00fdchlo kurz geniality bol hotov\u00fd. Od toho momentu vlastne triafam pali\u010dku do kr\u00fa\u017eku &#x1f60a;. Samozrejme prv\u00e9 fotografie boli g\u00fd\u010dov\u00e9 z\u00e1pady slnka foten\u00e9 z\u00a0Dev\u00ednskej Kobyly. A\u00a0k\u00a0tomu fl\u00f3ra a\u00a0hmyz, ktor\u00e9mu som sa vtedy venoval. \u010ci\u017ee musel som si k\u00fapi\u0165 makro kr\u00fa\u017eky. No a\u00a0potom som si k\u00fapil svoju prv\u00fd fotoapar\u00e1t Minoltu, nesk\u00f4r som pre\u0161iel na Nikon a\u00a0tomu som ostal vern\u00fd a\u017e dodnes, kedy som sa dokonca stal ambas\u00e1dorom tejto zna\u010dky na Slovensku.<\/p>\n<h5>Precestovali ste na fotografick\u00fdch a\u00a0film\u00e1rskych exped\u00edci\u00e1ch kus sveta, Afriku, Mongolsko&#8230; ktor\u00fa lokalitu by ste odporu\u010dili nad\u0161en\u00e9mu hobby fotografovi a\u00a0pre\u010do?<\/h5>\n<p>Na fotenie divokej pr\u00edrody je samozrejme absol\u00fatnou jednotkou Afrika. C\u00edtite sa tam ako v\u00a0pr\u00edrodopisnom filme. M\u00e1m na mysli n\u00e1rodn\u00e9 parky. Masai Mara, Amboseli, Chobe \u010di Etosha s\u00fa miesta, kde sa r\u00e1d vraciam, alebo r\u00e1d by som sa tam vracal. Pre krajin\u00e1ra je fascinuj\u00face Mongolsko. Roz\u013eahl\u00e1 krajina s\u00a0neuverite\u013en\u00fdm mno\u017estvom \u00fachvatn\u00fdch scen\u00e9ri\u00ed. Ale nemus\u00edme cestova\u0165 \u010faleko, sta\u010d\u00ed zbehn\u00fa\u0165 60 km z\u00a0Bratislavy a\u00a0sme v\u00a0rak\u00faskom n\u00e1rodnom parku Neusiedler See, kde to prekypuje \u017eivotnom najm\u00e4 vodn\u00e9ho vt\u00e1ctva. O\u00a0trochu \u010falej je ma\u010farsk\u00e1 Hortobagy. Najm\u00e4 na jese\u0148 \u00fa\u017easn\u00e9 pr\u00edrodn\u00e9 divadlo s\u00a0desiatkami tis\u00edc \u017eeriavov popolav\u00fdch. Ve\u013emi r\u00e1d nav\u0161tevujem V\u00fdchodn\u00e9 Rodopy v\u00a0Bulharsku a\u00a0koncom roku 2021 som sa vr\u00e1til zo \u0160panielska, kde som mal t\u00fa \u010des\u0165 stretn\u00fa\u0165, pozorova\u0165 a\u00a0aj si odfoti\u0165 jednu z\u00a0najvz\u00e1cnej\u0161\u00edch ma\u010dkovit\u00fdch \u0161eliem \u2013 rysa ibersk\u00e9ho. Ale doma je doma a\u00a0u\u00a0n\u00e1s ve\u013emi r\u00e1d chod\u00edm hne\u010f za humno na Dev\u00ednske jazero, ktor\u00e9 som si svojho \u010dasu nazval slovensk\u00e9 Serengeti.<\/p>\n<figure id=\"attachment_48113\" aria-describedby=\"caption-attachment-48113\" style=\"width: 1024px\" class=\"wp-caption alignnone\"><img decoding=\"async\" loading=\"lazy\" class=\"size-full wp-image-48113\" src=\"https:\/\/blog.fotolab.sk\/wp-content\/uploads\/2022\/04\/rys-ibersky-Andaluzia-Spanielsko-2.jpg\" alt=\"\" width=\"1024\" height=\"681\" \/><figcaption id=\"caption-attachment-48113\" class=\"wp-caption-text\">Rys ibersk\u00fd, Andal\u00fazia, \u0160panielsko<\/figcaption><\/figure>\n<h5><\/h5>\n<h5>Na ak\u00fd svoj projekt najrad\u0161ej spom\u00ednate, z \u010doho m\u00e1te najv\u00e4\u010d\u0161iu rados\u0165?<\/h5>\n<p>V\u017edy na ten posledn\u00fd. Ale samozrejme ve\u013emi r\u00e1d si spomeniem aj na m\u00f4j prv\u00fd ve\u013ek\u00fd projekt a to \u017eivot s bobrami. A potom na n\u00e1dhern\u00e9 dva roky str\u00e1ven\u00e9 v pr\u00edrode N\u00e1rodn\u00e9ho parku Ve\u013ek\u00e1 Fatra pri v\u00fdchove dvoch ml\u00e1\u010fat rysov a ich n\u00e1vrat do divo\u010diny n\u00e1rodn\u00e9ho parku.<\/p>\n<figure id=\"attachment_48116\" aria-describedby=\"caption-attachment-48116\" style=\"width: 1024px\" class=\"wp-caption alignnone\"><img decoding=\"async\" loading=\"lazy\" class=\"size-full wp-image-48116\" src=\"https:\/\/blog.fotolab.sk\/wp-content\/uploads\/2022\/04\/rys-ostrovid-Velka-Fatra.jpg\" alt=\"\" width=\"1024\" height=\"680\" \/><figcaption id=\"caption-attachment-48116\" class=\"wp-caption-text\">Rys ostrovid, Ve\u013ek\u00e1 Fatra<\/figcaption><\/figure>\n<h5><\/h5>\n<h5>\u010co V\u00e1s viac nap\u013a\u0148a, fotografovanie alebo to\u010denie filmov?<\/h5>\n<p>\u0164a\u017eko poveda\u0165. Ke\u010f dlho iba fot\u00edm, rozm\u00fd\u0161\u013eam nad filmov\u00fdm projektom a\u00a0naopak, ke\u010f kon\u010d\u00edm filmov\u00fd projekt, najm\u00e4 po dlh\u00fdch t\u00fd\u017ed\u0148och str\u00e1ven\u00fdch v\u00a0stri\u017eni sa te\u0161\u00edm na fotoapar\u00e1t a\u00a0potulky pr\u00edrodou. Tu si m\u00f4\u017eem naplno vychutn\u00e1va\u0165 ten z\u00e1\u017eitok z\u00a0pobytu v\u00a0pr\u00edrode. Dospel som u\u017e do \u0161t\u00e1dia, \u017ee som ve\u013emi r\u00e1d, ke\u010f nie\u010do intenz\u00edvne za\u017eijem a\u00a0dobre samozrejme aj ke\u010f to odfot\u00edm.<\/p>\n<h5>Stala sa V\u00e1m po\u010das fotenie nejak\u00e1 vtipn\u00e1 pr\u00edhoda, na ktor\u00fa radi spom\u00ednate?<\/h5>\n<p>T\u00fdch pr\u00edhod je ve\u013emi ve\u013ea, neviem \u010di s\u00fa a\u017e tak vtipn\u00e9, ale zaka\u017ed\u00fdm, ke\u010f sa vr\u00e1tim z\u00a0Bulharska, z\u00a0V\u00fdchodn\u00fdch Rodop, poviem si, \u017ee u\u017e tam nikdy nejdem, preto\u017ee presed\u00edme nieko\u013eko dn\u00ed v\u00a0kryte a\u00a0posledn\u00e9 dva roky n\u00e1m akur\u00e1t tak podve\u010der priletel orol skaln\u00fd. V\u017edy si spom\u00ednam na svoj prv\u00fd pobyt, kedy sme fotil vlka, bitku \u0161akala s\u00a0orlom skaln\u00fdm \u010di supy. Ale aj tak sa u\u017e nasleduj\u00faci janu\u00e1r bal\u00edm a\u00a0vyr\u00e1\u017eam na strastipln\u00fa 16 hodinov\u00fa cestu autom&#8230; Taktie\u017e sa n\u00e1m pri h\u013eadan\u00ed rysa ibersk\u00e9ho stalo, \u017ee sme str\u00e1vili nieko\u013eko dn\u00ed v\u00a0pohor\u00ed Sierra de Andujar h\u013eadan\u00edm rysa, ale nevideli sme ani chlp. Kolegovia n\u00e1m iba hovorili, \u017ee akur\u00e1t tu bol, alebo hovorili, \u017ee v\u010dera o\u00a0deviatej r\u00e1no tam prebehol. Odch\u00e1dzali sme u\u017e z\u00a0lokality, ke\u010f sme s\u00a0pomocou in\u00fdch fotografov zbadali mlad\u00e9ho rysa vyhrievaj\u00faceho sa na kameni vo vysn\u00edvanej scen\u00e9rii. O\u00a0p\u00e1r metrov \u010falej by sme dupli na plyn a\u00a0odch\u00e1dzali na \u010fal\u0161iu lokalitu za kozoro\u017ecami ibersk\u00fdmi.<\/p>\n<figure id=\"attachment_48117\" aria-describedby=\"caption-attachment-48117\" style=\"width: 1024px\" class=\"wp-caption alignnone\"><img decoding=\"async\" loading=\"lazy\" class=\"size-full wp-image-48117\" src=\"https:\/\/blog.fotolab.sk\/wp-content\/uploads\/2022\/04\/vlk-dravy-Vychodne-Rodopy-Bulharsko-1.jpg\" alt=\"\" width=\"1024\" height=\"682\" \/><figcaption id=\"caption-attachment-48117\" class=\"wp-caption-text\">Vlk drav\u00fd, V\u00fdchodn\u00e9 Rodopy, Bulharsko<\/figcaption><\/figure>\n<h5><\/h5>\n<h5>Ak\u00fa fototechniku pou\u017e\u00edvate?<\/h5>\n<p>Ako som u\u017e spom\u00ednal, som Nikon ambas\u00e1dor na Slovensku, tak\u017ee v\u00a0mojom fotoruksaku nos\u00edm <a href=\"https:\/\/www.fotolab.sk\/produkt\/nikon-z9-telo\" target=\"_blank\" rel=\"noopener\">Nikon Z9<\/a>, Nikon Z7, <a href=\"https:\/\/www.fotolab.sk\/produkt\/nikon-z6ii-telo\" target=\"_blank\" rel=\"noopener\">Nikon Z6II<\/a> a\u00a0samozrejme v\u0161etky mo\u017en\u00e9 a\u00a0dostupn\u00e9 zetkov\u00e9 skl\u00e1. Moment\u00e1lne m\u00e1m najv\u00e4\u010d\u0161iu rados\u0165 z\u00a0teleobjekt\u00edvu 100-400mm a\u00a0fantastick\u00e9ho makro objekt\u00edvu 105mm. Ke\u010f viem, \u017ee idem foti\u0165 vyslovene wildlife, priba\u013eujem do svojej v\u00fdbavy 600mm teleobjekt\u00edv. Postupne som pre\u0161iel na mirrorless radu Nikonov a\u00a0postupne sa zbavujem skvel\u00fdch fotoapar\u00e1tov D800E, D810 a\u00a0D850. Nech\u00e1vam si iba \u0161peci\u00e1lny astronomick\u00fd Nikon D810A.<\/p>\n<h5>Ktor\u00e9 zviera je naj\u0165a\u017e\u0161ie odfoti\u0165?<\/h5>\n<p>Skoro v\u0161etky. Ka\u017ed\u00e9 zviera mus\u00edte ma\u0165 dobre na\u0161tudovan\u00e9, ako \u017eije, ako sa spr\u00e1va. Samozrejme nem\u00f4\u017eete ho vyru\u0161ova\u0165 vo svojom prirodzenom v\u00fdvine. Vyslovene nem\u00e1m r\u00e1d fotografov, ktor\u00ed id\u00fa cez \u201em\u0155tvoly\u201c a\u00a0absol\u00fatne nere\u0161pektuj\u00fa a\u00a0nemaj\u00fa \u00factu k\u00a0fotografovan\u00fdm zvierat\u00e1m a\u00a0potom je internet zahlten\u00fd vystresovan\u00fdmi zvieratami. Netreba ma\u0165 fotku zviera\u0165a komponovan\u00e9 do cel\u00e9ho z\u00e1beru, tak\u00fdchto encyklopedick\u00fdch fotografi\u00ed s\u00fa mraky. Osobne m\u00e1m ve\u013emi r\u00e1d fotografie, kedy m\u00f4\u017eete od\u010d\u00edta\u0165 aj prostredie v\u00a0ktorom \u017eij\u00fa.<\/p>\n<figure id=\"attachment_48118\" aria-describedby=\"caption-attachment-48118\" style=\"width: 1024px\" class=\"wp-caption alignnone\"><img decoding=\"async\" loading=\"lazy\" class=\"size-full wp-image-48118\" src=\"https:\/\/blog.fotolab.sk\/wp-content\/uploads\/2022\/04\/zebra-Amboseli-NP-Kenya-1.jpg\" alt=\"\" width=\"1024\" height=\"683\" \/><figcaption id=\"caption-attachment-48118\" class=\"wp-caption-text\">Zebry, Amboseli National Park, Kenya<\/figcaption><\/figure>\n<h5><\/h5>\n<h5>\u010co je Va\u0161im fotografick\u00fdm a cestovate\u013esk\u00fdm snom?<\/h5>\n<p>D\u00fafam, \u017ee sa mi to \u010doskoro spln\u00ed, ve\u013emi r\u00e1d by som nav\u0161t\u00edvil Kazachstan a\u00a0pok\u00fasil sa stretn\u00fa\u0165 sajgy \u010di sne\u017en\u00e9ho leoparda. R\u00e1d by som sa i\u0161iel pozrie\u0165 do Nep\u00e1lu za pandami \u010derven\u00fdmi. A\u00a0samozrejme na Nov\u00fd Z\u00e9land za mojimi ob\u013e\u00faben\u00fdmi papag\u00e1jmi nestor kea a\u00a0tu by som ur\u010dite nepohrdol ani extr\u00e9mne vz\u00e1cnym papag\u00e1jom kakapom. T\u00fdch druhov, ktor\u00e9 by som v\u00a0pr\u00edrode stretol ve\u013emi r\u00e1d je neprebern\u00e9 mno\u017estvo, ale budem r\u00e1d ke\u010f sa mi aj v\u00a0na\u0161ich kon\u010din\u00e1ch podar\u00ed stretn\u00fa\u0165 a\u00a0pozorova\u0165 napr\u00edklad lelka.<\/p>\n<figure id=\"attachment_48114\" aria-describedby=\"caption-attachment-48114\" style=\"width: 1024px\" class=\"wp-caption alignnone\"><img decoding=\"async\" loading=\"lazy\" class=\"size-full wp-image-48114\" src=\"https:\/\/blog.fotolab.sk\/wp-content\/uploads\/2022\/04\/Kazasski-lovci-s-orlami-Olgii-Mongolsko-2.jpg\" alt=\"\" width=\"1024\" height=\"682\" \/><figcaption id=\"caption-attachment-48114\" class=\"wp-caption-text\">Kaza\u0161sk\u00fd lovci s orlami, \u00d6lgij, Mongolsko<\/figcaption><\/figure>\n<h5><\/h5>\n<h5>Minul\u00fd rok ste prezentovali projekt Odvr\u00e1ten\u00e1 strana Slovenska, ktor\u00fd teraz vy\u0161iel aj v kni\u017enej podobe. Je to ak\u00fdsi protiklad dokumentu Slovensko pr\u00edtomn\u00e1 minulos\u0165, ktor\u00fd ste robili pre RTVS. V Odvr\u00e1tenej strane Slovenska ste sa zamerali na odli\u0161n\u00fd typ tvorby, fotili ste skl\u00e1dky \u010di rozpad\u00e1vaj\u00face sa ka\u0161tiele. Ako vznikol tento n\u00e1pad? Podarilo sa V\u00e1m dosiahnu\u0165 nejak\u00e9 konkr\u00e9tne zlep\u0161enie situ\u00e1cie vo fotografovan\u00fdch lokalit\u00e1ch?<\/h5>\n<p>N\u00e1pad vznikol na mojich cest\u00e1ch Slovenskom. Precestoval som k jednotliv\u00fdm projektom nieko\u013eko stotis\u00edc kilometrov po Slovensku a t\u00fa odvr\u00e1ten\u00fa stranu sa ned\u00e1 prehliada\u0165. S projektom som za\u010dal u\u017e v roku 2010 pri projekte Cesty Slovenskom a postupne to zrelo, a\u017e sme sa rozhodli s moj\u00edm kolegom Palom Jura\u010dkom a RTVS urobi\u0165 tieto dva filmy. Odvr\u00e1ten\u00e1 strana mala by\u0165 ak\u00fdmsi apelom na spolo\u010dnos\u0165, aby sme si ka\u017ed\u00fd uvedomili svoju zodpovednos\u0165 za stav, v ktorom sa na\u0161a krajina nach\u00e1dza. Nedostatok vzdelania, empatie a zdrav\u00e9ho rozumu zapr\u00ed\u010di\u0148uje absol\u00fatny rozvrat v na\u0161ich mysliach, ver\u00edme primit\u00edvnym a nebezpe\u010dn\u00fdm hoaxom a nepravd\u00e1m, nepozn\u00e1me vlastn\u00fa hist\u00f3riu, namiesto fenomen\u00e1lnych pamiatok a pr\u00edrody sa utiekame do aquaparkov, n\u00e1kupn\u00fdch centier a nav\u0161tevujeme chodn\u00edky v korun\u00e1ch stromov, ktor\u00e9 medzi\u010dasom niekto vyr\u00fabal.<\/p>\n<p>Na\u0161ou ka\u017edodennou \u010dinnos\u0165ou sme menili, men\u00edme a budeme meni\u0165 tv\u00e1r na\u0161ej krajiny. Len si to nevieme prizna\u0165. Spr\u00e1vame sa tak, ako keby mal n\u00e1\u0161 komfort trva\u0165 naveky. Ignorujeme v\u0161etky varovn\u00e9 sign\u00e1ly, ktor\u00e9 n\u00e1m krajina vysiela. St\u00e1le \u017eijeme v\u00a0predstave, \u017ee najd\u00f4le\u017eitej\u0161ie s\u00fa pre n\u00e1s najm\u00e4 pr\u00edrodn\u00e9 zdroje. Z h\u013eadiska zachovania n\u00e1\u0161ho \u017eivota je v\u0161ak schopnos\u0165 krajiny tlmi\u0165 klimatick\u00e9 extr\u00e9my rovnako cenn\u00e1 ako produkcia zrna, m\u00e4sa, dreva \u010di energie. Les, l\u00faka, pole, mesto a dedina. A\u00a0medzi nimi ostr\u00e9 hranice. V\u0161etky tie jemn\u00e9 odtiene krajiny sa bagruj\u00fa, or\u00fa, r\u00fabu a nen\u00e1vratne vytr\u00e1caj\u00fa. Mizn\u00fa aj z\u00a0n\u00e1\u0161ho jazyka: vetrolam, medza, rem\u00edzka, slatina, luh, mo\u010diar. A\u00a0aj preto m\u00e1 Slovensko, tak ako ka\u017ed\u00fd in\u00fd \u0161t\u00e1t, aj svoju odvr\u00e1ten\u00fa tv\u00e1r. Tv\u00e1r, ktorou sa nebudeme chv\u00e1li\u0165 pred turistami, ale zatv\u00e1ra\u0165 o\u010di pred \u0148ou jednoducho nem\u00f4\u017eeme. Mali by sme si uvedomi\u0165 osobn\u00fa zodpovednos\u0165 za stav, do ktor\u00e9ho sme na\u0161u krajinu priviedli a urobi\u0165 v\u0161etko pre to, aby sme zachovali vz\u00e1cne kult\u00farne dedi\u010dstvo a prostredie vhodn\u00e9 na \u017eivot aj pre bud\u00face gener\u00e1cie. Aby deti na\u0161ich det\u00ed neplatili krut\u00fa da\u0148 za na\u0161u \u013eahostajnos\u0165.<\/p>\n<h5>Ak\u00e9 projekty, v\u00fdstavy alebo filmy chyst\u00e1te v najbli\u017e\u0161ej bud\u00facnosti?<\/h5>\n<p>V\u00a0apr\u00edli by som mal ma\u0165 v\u00fdstavu Odvr\u00e1tenej strany Slovenska v\u00a0Banskej Bystrici a\u00a0dokon\u010dujem film, na ktor\u00fd som sa ve\u013emi te\u0161il. Rieka bez hran\u00edc. O\u00a0rieke Morave. Po mojej anab\u00e1ze v\u00a0Zoologickej z\u00e1hrade v\u00a0Bratislave moment\u00e1lne d\u00e1vam na papier niektor\u00e9 \u010fal\u0161ie n\u00e1mety, pokra\u010dovanie odvr\u00e1tenej strany, ale pripravujem si aj fotografick\u00e9 projekty za vz\u00e1cnou a\u00a0ohrozenou faunou.<\/p>\n<figure id=\"attachment_48119\" aria-describedby=\"caption-attachment-48119\" style=\"width: 1024px\" class=\"wp-caption alignnone\"><img decoding=\"async\" loading=\"lazy\" class=\"size-full wp-image-48119\" src=\"https:\/\/blog.fotolab.sk\/wp-content\/uploads\/2022\/04\/Sossusvlei-Namibia.jpg\" alt=\"\" width=\"1024\" height=\"682\" \/><figcaption id=\"caption-attachment-48119\" class=\"wp-caption-text\">Sossusvlei, Namibia<\/figcaption><\/figure>\n<h5><\/h5>\n<h5>Tom\u00e1\u0161 Hul\u00edk je zn\u00e1my svojimi filmami ako napr\u00edklad Vysok\u00e9 Tatry Divo\u010dina zamrznut\u00e1 v \u010dase, N\u00e1vrat rysov \u010di Cesty Slovenskom. Produkoval a re\u017e\u00edroval filmy pre rak\u00fasku ORF, nemeck\u00e9 stanice ZDF, ARTE a anglick\u00fd Discovery Channel. V spolupr\u00e1ci s STV nato\u010dil nieko\u013eko filmov o Slovensku. Jeho fotografie boli publikovan\u00e9 v \u010dasopisoch GEO, National Geographic, Universum a mnoh\u00fdch \u010fal\u0161\u00edch v \u010cech\u00e1ch aj na Slovensku. Je ambas\u00e1dorom spolo\u010dnosti Nikon na Slovensku. V celej svojej tvorbe sa zasadzuje za ochranu pr\u00edrody a jej zachovanie pre bud\u00face gener\u00e1cie. Viac inform\u00e1ci\u00ed sa o Tom\u00e1\u0161ovi do\u010d\u00edtate na jeho str\u00e1nke <a href=\"https:\/\/www.tomashulik.com\/\" target=\"_blank\" rel=\"noopener\">TU<\/a>.<\/h5>\n","protected":false},"excerpt":{"rendered":"<p>Tom\u00e1\u0161 Hul\u00edk je v\u00a0prvom rade pr\u00edrodovedec, a\u017e potom fotograf. A\u00a0to sa odr\u00e1\u017ea v\u00a0celej jeho tvorbe. Na jeho filmoch a\u00a0fotografi\u00e1ch zachyt\u00e1va kr\u00e1su divokej pr\u00edrody a\u00a0jej obyvate\u013eov. V\u00a0rozhovore n\u00e1m povedal, kam sa vyda\u0165 na fotoexped\u00edciu, ako na fotenie divok\u00fdch zvierat a\u00a0\u010do je jeho fotografick\u00fdm snom. Za\u010dneme asi klasickou ot\u00e1zkou, ale ned\u00e1 sa ju nesp\u00fdta\u0165 \u00a0\u2013 ak\u00e9 boli [&hellip;]<\/p>\n","protected":false},"author":41,"featured_media":48107,"comment_status":"open","ping_status":"open","sticky":false,"template":"","format":"standard","meta":[],"categories":[3,51],"tags":[],"yoast_head":"<!-- This site is optimized with the Yoast SEO plugin v19.1 - https:\/\/yoast.com\/wordpress\/plugins\/seo\/ -->\n<title>Rozhovor s fotografom Tom\u00e1\u0161om Hul\u00edkom - CEWE Fotolab blog<\/title>\n<meta name=\"description\" content=\"Tom\u00e1\u0161 Hul\u00edk je v\u00a0prvom rade pr\u00edrodovedec, a\u017e potom fotograf. A\u00a0to sa odr\u00e1\u017ea v\u00a0celej jeho tvorbe. Na jeho filmoch a\u00a0fotografi\u00e1ch zachyt\u00e1va kr\u00e1su divokej pr\u00edrody a\u00a0jej obyvate\u013eov.\" \/>\n<meta name=\"robots\" content=\"index, follow, max-snippet:-1, max-image-preview:large, max-video-preview:-1\" \/>\n<link rel=\"canonical\" href=\"https:\/\/www.fotolab.sk\/blog\/rozhovor-s-fotografom-tomasom-hulikom\/\" \/>\n<meta property=\"og:locale\" content=\"sk_SK\" \/>\n<meta property=\"og:type\" content=\"article\" \/>\n<meta property=\"og:title\" content=\"Rozhovor s fotografom Tom\u00e1\u0161om Hul\u00edkom - CEWE Fotolab blog\" \/>\n<meta property=\"og:description\" content=\"Tom\u00e1\u0161 Hul\u00edk je v\u00a0prvom rade pr\u00edrodovedec, a\u017e potom fotograf. A\u00a0to sa odr\u00e1\u017ea v\u00a0celej jeho tvorbe. Na jeho filmoch a\u00a0fotografi\u00e1ch zachyt\u00e1va kr\u00e1su divokej pr\u00edrody a\u00a0jej obyvate\u013eov.\" \/>\n<meta property=\"og:url\" content=\"https:\/\/www.fotolab.sk\/blog\/rozhovor-s-fotografom-tomasom-hulikom\/\" \/>\n<meta property=\"og:site_name\" content=\"CEWE Fotolab blog\" \/>\n<meta property=\"article:published_time\" content=\"2022-04-01T14:36:35+00:00\" \/>\n<meta property=\"article:modified_time\" content=\"2022-04-07T19:30:22+00:00\" \/>\n<meta property=\"og:image\" content=\"https:\/\/blog.fotolab.sk\/wp-content\/uploads\/2022\/04\/titulkahulik.jpg\" \/>\n\t<meta property=\"og:image:width\" content=\"1500\" \/>\n\t<meta property=\"og:image:height\" content=\"1124\" \/>\n\t<meta property=\"og:image:type\" content=\"image\/jpeg\" \/>\n<meta name=\"twitter:label1\" content=\"Autor:\" \/>\n\t<meta name=\"twitter:data1\" content=\"Redakcia CEWE\" \/>\n\t<meta name=\"twitter:label2\" content=\"Predpokladan\u00fd \u010das \u010d\u00edtania\" \/>\n\t<meta name=\"twitter:data2\" content=\"10 min\u00fat\" \/>\n<script type=\"application\/ld+json\" class=\"yoast-schema-graph\">{\"@context\":\"https:\/\/schema.org\",\"@graph\":[{\"@type\":\"WebSite\",\"@id\":\"https:\/\/www.fotolab.sk\/blog\/#website\",\"url\":\"https:\/\/www.fotolab.sk\/blog\/\",\"name\":\"CEWE Fotolab blog\",\"description\":\"Blog ur\u010den\u00fd pre fan\u00fa\u0161ikov fotografie a sveta okolo nej.\",\"potentialAction\":[{\"@type\":\"SearchAction\",\"target\":{\"@type\":\"EntryPoint\",\"urlTemplate\":\"https:\/\/www.fotolab.sk\/blog\/?s={search_term_string}\"},\"query-input\":\"required name=search_term_string\"}],\"inLanguage\":\"sk-SK\"},{\"@type\":\"ImageObject\",\"inLanguage\":\"sk-SK\",\"@id\":\"https:\/\/www.fotolab.sk\/blog\/rozhovor-s-fotografom-tomasom-hulikom\/#primaryimage\",\"url\":\"https:\/\/blog.fotolab.sk\/wp-content\/uploads\/2022\/04\/titulkahulik.jpg\",\"contentUrl\":\"https:\/\/blog.fotolab.sk\/wp-content\/uploads\/2022\/04\/titulkahulik.jpg\",\"width\":1500,\"height\":1124},{\"@type\":\"WebPage\",\"@id\":\"https:\/\/www.fotolab.sk\/blog\/rozhovor-s-fotografom-tomasom-hulikom\/#webpage\",\"url\":\"https:\/\/www.fotolab.sk\/blog\/rozhovor-s-fotografom-tomasom-hulikom\/\",\"name\":\"Rozhovor s fotografom Tom\u00e1\u0161om Hul\u00edkom - CEWE Fotolab blog\",\"isPartOf\":{\"@id\":\"https:\/\/www.fotolab.sk\/blog\/#website\"},\"primaryImageOfPage\":{\"@id\":\"https:\/\/www.fotolab.sk\/blog\/rozhovor-s-fotografom-tomasom-hulikom\/#primaryimage\"},\"datePublished\":\"2022-04-01T14:36:35+00:00\",\"dateModified\":\"2022-04-07T19:30:22+00:00\",\"author\":{\"@id\":\"https:\/\/www.fotolab.sk\/blog\/#\/schema\/person\/7857aea021b4560af0d06d2abe97110b\"},\"description\":\"Tom\u00e1\u0161 Hul\u00edk je v\u00a0prvom rade pr\u00edrodovedec, a\u017e potom fotograf. A\u00a0to sa odr\u00e1\u017ea v\u00a0celej jeho tvorbe. Na jeho filmoch a\u00a0fotografi\u00e1ch zachyt\u00e1va kr\u00e1su divokej pr\u00edrody a\u00a0jej obyvate\u013eov.\",\"breadcrumb\":{\"@id\":\"https:\/\/www.fotolab.sk\/blog\/rozhovor-s-fotografom-tomasom-hulikom\/#breadcrumb\"},\"inLanguage\":\"sk-SK\",\"potentialAction\":[{\"@type\":\"ReadAction\",\"target\":[\"https:\/\/www.fotolab.sk\/blog\/rozhovor-s-fotografom-tomasom-hulikom\/\"]}]},{\"@type\":\"BreadcrumbList\",\"@id\":\"https:\/\/www.fotolab.sk\/blog\/rozhovor-s-fotografom-tomasom-hulikom\/#breadcrumb\",\"itemListElement\":[{\"@type\":\"ListItem\",\"position\":1,\"name\":\"Home\",\"item\":\"https:\/\/www.fotolab.sk\/blog\/\"},{\"@type\":\"ListItem\",\"position\":2,\"name\":\"Rozhovor s fotografom Tom\u00e1\u0161om Hul\u00edkom\"}]},{\"@type\":\"Person\",\"@id\":\"https:\/\/www.fotolab.sk\/blog\/#\/schema\/person\/7857aea021b4560af0d06d2abe97110b\",\"name\":\"Redakcia CEWE\",\"image\":{\"@type\":\"ImageObject\",\"inLanguage\":\"sk-SK\",\"@id\":\"https:\/\/www.fotolab.sk\/blog\/#\/schema\/person\/image\/\",\"url\":\"https:\/\/secure.gravatar.com\/avatar\/e27c65ada54cc066e94388632d402763?s=96&d=mm&r=g\",\"contentUrl\":\"https:\/\/secure.gravatar.com\/avatar\/e27c65ada54cc066e94388632d402763?s=96&d=mm&r=g\",\"caption\":\"Redakcia CEWE\"},\"sameAs\":[\"https:\/\/www.instagram.com\/cewe.sk\/\"],\"url\":\"https:\/\/www.fotolab.sk\/blog\/author\/cewe-redakcia\/\"}]}<\/script>\n<!-- \/ Yoast SEO plugin. -->","yoast_head_json":{"title":"Rozhovor s fotografom Tom\u00e1\u0161om Hul\u00edkom - CEWE Fotolab blog","description":"Tom\u00e1\u0161 Hul\u00edk je v\u00a0prvom rade pr\u00edrodovedec, a\u017e potom fotograf. A\u00a0to sa odr\u00e1\u017ea v\u00a0celej jeho tvorbe. Na jeho filmoch a\u00a0fotografi\u00e1ch zachyt\u00e1va kr\u00e1su divokej pr\u00edrody a\u00a0jej obyvate\u013eov.","robots":{"index":"index","follow":"follow","max-snippet":"max-snippet:-1","max-image-preview":"max-image-preview:large","max-video-preview":"max-video-preview:-1"},"canonical":"https:\/\/www.fotolab.sk\/blog\/rozhovor-s-fotografom-tomasom-hulikom\/","og_locale":"sk_SK","og_type":"article","og_title":"Rozhovor s fotografom Tom\u00e1\u0161om Hul\u00edkom - CEWE Fotolab blog","og_description":"Tom\u00e1\u0161 Hul\u00edk je v\u00a0prvom rade pr\u00edrodovedec, a\u017e potom fotograf. A\u00a0to sa odr\u00e1\u017ea v\u00a0celej jeho tvorbe. Na jeho filmoch a\u00a0fotografi\u00e1ch zachyt\u00e1va kr\u00e1su divokej pr\u00edrody a\u00a0jej obyvate\u013eov.","og_url":"https:\/\/www.fotolab.sk\/blog\/rozhovor-s-fotografom-tomasom-hulikom\/","og_site_name":"CEWE Fotolab blog","article_published_time":"2022-04-01T14:36:35+00:00","article_modified_time":"2022-04-07T19:30:22+00:00","og_image":[{"width":1500,"height":1124,"url":"https:\/\/blog.fotolab.sk\/wp-content\/uploads\/2022\/04\/titulkahulik.jpg","type":"image\/jpeg"}],"twitter_misc":{"Autor:":"Redakcia CEWE","Predpokladan\u00fd \u010das \u010d\u00edtania":"10 min\u00fat"},"schema":{"@context":"https:\/\/schema.org","@graph":[{"@type":"WebSite","@id":"https:\/\/www.fotolab.sk\/blog\/#website","url":"https:\/\/www.fotolab.sk\/blog\/","name":"CEWE Fotolab blog","description":"Blog ur\u010den\u00fd pre fan\u00fa\u0161ikov fotografie a sveta okolo nej.","potentialAction":[{"@type":"SearchAction","target":{"@type":"EntryPoint","urlTemplate":"https:\/\/www.fotolab.sk\/blog\/?s={search_term_string}"},"query-input":"required name=search_term_string"}],"inLanguage":"sk-SK"},{"@type":"ImageObject","inLanguage":"sk-SK","@id":"https:\/\/www.fotolab.sk\/blog\/rozhovor-s-fotografom-tomasom-hulikom\/#primaryimage","url":"https:\/\/blog.fotolab.sk\/wp-content\/uploads\/2022\/04\/titulkahulik.jpg","contentUrl":"https:\/\/blog.fotolab.sk\/wp-content\/uploads\/2022\/04\/titulkahulik.jpg","width":1500,"height":1124},{"@type":"WebPage","@id":"https:\/\/www.fotolab.sk\/blog\/rozhovor-s-fotografom-tomasom-hulikom\/#webpage","url":"https:\/\/www.fotolab.sk\/blog\/rozhovor-s-fotografom-tomasom-hulikom\/","name":"Rozhovor s fotografom Tom\u00e1\u0161om Hul\u00edkom - CEWE Fotolab blog","isPartOf":{"@id":"https:\/\/www.fotolab.sk\/blog\/#website"},"primaryImageOfPage":{"@id":"https:\/\/www.fotolab.sk\/blog\/rozhovor-s-fotografom-tomasom-hulikom\/#primaryimage"},"datePublished":"2022-04-01T14:36:35+00:00","dateModified":"2022-04-07T19:30:22+00:00","author":{"@id":"https:\/\/www.fotolab.sk\/blog\/#\/schema\/person\/7857aea021b4560af0d06d2abe97110b"},"description":"Tom\u00e1\u0161 Hul\u00edk je v\u00a0prvom rade pr\u00edrodovedec, a\u017e potom fotograf. A\u00a0to sa odr\u00e1\u017ea v\u00a0celej jeho tvorbe. Na jeho filmoch a\u00a0fotografi\u00e1ch zachyt\u00e1va kr\u00e1su divokej pr\u00edrody a\u00a0jej obyvate\u013eov.","breadcrumb":{"@id":"https:\/\/www.fotolab.sk\/blog\/rozhovor-s-fotografom-tomasom-hulikom\/#breadcrumb"},"inLanguage":"sk-SK","potentialAction":[{"@type":"ReadAction","target":["https:\/\/www.fotolab.sk\/blog\/rozhovor-s-fotografom-tomasom-hulikom\/"]}]},{"@type":"BreadcrumbList","@id":"https:\/\/www.fotolab.sk\/blog\/rozhovor-s-fotografom-tomasom-hulikom\/#breadcrumb","itemListElement":[{"@type":"ListItem","position":1,"name":"Home","item":"https:\/\/www.fotolab.sk\/blog\/"},{"@type":"ListItem","position":2,"name":"Rozhovor s fotografom Tom\u00e1\u0161om Hul\u00edkom"}]},{"@type":"Person","@id":"https:\/\/www.fotolab.sk\/blog\/#\/schema\/person\/7857aea021b4560af0d06d2abe97110b","name":"Redakcia CEWE","image":{"@type":"ImageObject","inLanguage":"sk-SK","@id":"https:\/\/www.fotolab.sk\/blog\/#\/schema\/person\/image\/","url":"https:\/\/secure.gravatar.com\/avatar\/e27c65ada54cc066e94388632d402763?s=96&d=mm&r=g","contentUrl":"https:\/\/secure.gravatar.com\/avatar\/e27c65ada54cc066e94388632d402763?s=96&d=mm&r=g","caption":"Redakcia CEWE"},"sameAs":["https:\/\/www.instagram.com\/cewe.sk\/"],"url":"https:\/\/www.fotolab.sk\/blog\/author\/cewe-redakcia\/"}]}},"_links":{"self":[{"href":"https:\/\/www.fotolab.sk\/blog\/wp-json\/wp\/v2\/posts\/48094"}],"collection":[{"href":"https:\/\/www.fotolab.sk\/blog\/wp-json\/wp\/v2\/posts"}],"about":[{"href":"https:\/\/www.fotolab.sk\/blog\/wp-json\/wp\/v2\/types\/post"}],"author":[{"embeddable":true,"href":"https:\/\/www.fotolab.sk\/blog\/wp-json\/wp\/v2\/users\/41"}],"replies":[{"embeddable":true,"href":"https:\/\/www.fotolab.sk\/blog\/wp-json\/wp\/v2\/comments?post=48094"}],"version-history":[{"count":10,"href":"https:\/\/www.fotolab.sk\/blog\/wp-json\/wp\/v2\/posts\/48094\/revisions"}],"predecessor-version":[{"id":48123,"href":"https:\/\/www.fotolab.sk\/blog\/wp-json\/wp\/v2\/posts\/48094\/revisions\/48123"}],"wp:featuredmedia":[{"embeddable":true,"href":"https:\/\/www.fotolab.sk\/blog\/wp-json\/wp\/v2\/media\/48107"}],"wp:attachment":[{"href":"https:\/\/www.fotolab.sk\/blog\/wp-json\/wp\/v2\/media?parent=48094"}],"wp:term":[{"taxonomy":"category","embeddable":true,"href":"https:\/\/www.fotolab.sk\/blog\/wp-json\/wp\/v2\/categories?post=48094"},{"taxonomy":"post_tag","embeddable":true,"href":"https:\/\/www.fotolab.sk\/blog\/wp-json\/wp\/v2\/tags?post=48094"}],"curies":[{"name":"wp","href":"https:\/\/api.w.org\/{rel}","templated":true}]}}