
{"id":47761,"date":"2022-01-14T14:04:01","date_gmt":"2022-01-14T13:04:01","guid":{"rendered":"https:\/\/www.fotolab.sk\/blog\/?p=47761"},"modified":"2022-01-14T14:33:03","modified_gmt":"2022-01-14T13:33:03","slug":"ako-vybrat-fotoaparat-kompletny-sprievodca","status":"publish","type":"post","link":"https:\/\/www.fotolab.sk\/blog\/ako-vybrat-fotoaparat-kompletny-sprievodca\/","title":{"rendered":"Ako vybra\u0165 fotoapar\u00e1t: kompletn\u00fd sprievodca"},"content":{"rendered":"<h5>Rozhodli ste sa k\u00fapi\u0165 nov\u00fd digit\u00e1lny fotoapar\u00e1t? Po pre\u010d\u00edtan\u00ed tohto \u010dl\u00e1nku budete ma\u0165 jasno v tom, ako postupova\u0165, ak\u00e9 parametre sledova\u0165, a ak\u00fd typ fotoapar\u00e1tu vybra\u0165.<\/h5>\n<p>Ak ste za\u010diato\u010dn\u00edk a vyber\u00e1te fotoapar\u00e1t, m\u00f4\u017eete sa obr\u00e1ti\u0165 na zn\u00e1meho alebo kamar\u00e1ta fotografa, op\u00fdta\u0165 sa na nejakom diskusnom f\u00f3re, alebo treba nav\u0161t\u00edvi\u0165 <a href=\"https:\/\/www.cewe.sk\/nase-predajne\" target=\"_blank\" rel=\"noopener\">niektor\u00fa z na\u0161ich predajn\u00ed<\/a> a z\u00edska\u0165 rady od vy\u0161kolen\u00fdch predajcov-fotografov.<\/p>\n<p><span data-language-for-alternatives=\"sk\" data-language-to-translate-into=\"cs\" data-phrase-index=\"5\" data-number-of-phrases=\"10\"> Probl\u00e9m ale m\u00f4\u017ee by\u0165 v tom, \u017ee nie v\u017edy onen kamar\u00e1t-fotograf porad\u00ed dobre.<\/span> Nemus\u00ed pozna\u0165 va\u0161e potreby a po\u017eiadavky, \u010dasto tie\u017e odporu\u010d\u00ed nie\u010do, \u010do je sympatick\u00e9 jemu, ale pre v\u00e1s nemus\u00ed by\u0165 ide\u00e1lne. Najlep\u0161ie preto bude si vo veciach v\u00fdberu novej techniky urobi\u0165 vlastn\u00fd n\u00e1zor. A presne to sa dnes nau\u010d\u00edme.<\/p>\n<h5>Ako vybra\u0165 fotoapar\u00e1t?<\/h5>\n<p>Pokia\u013e vyber\u00e1te jednoduch\u00fd kompakt alebo ultrazoom, pravdepodobne nebudete podrobne rie\u0161i\u0165 ka\u017ed\u00fd detail a vyhr\u00e1 ten s najlep\u0161\u00edmi parametrami alebo cenou.<\/p>\n<p><span data-language-for-alternatives=\"sk\" data-language-to-translate-into=\"cs\" data-phrase-index=\"2\" data-number-of-phrases=\"4\"> Ak v\u00e1s ale fotografia bav\u00ed a pokukujete po pokro\u010dilom pr\u00edstroji s mo\u017enos\u0165ou v\u00fdmeny objekt\u00edvov, ur\u010dite venujte viac \u010dasu sk\u00famaniu nielen tiel fotoapar\u00e1tov, ale aj tomu, ak\u00e9 objekt\u00edvy s\u00fa na dan\u00fd syst\u00e9m k dispoz\u00edcii.<\/span><\/p>\n<h5>Fotoapar\u00e1t pred n\u00e1kupom vysk\u00fa\u0161ajte<\/h5>\n<p>Jedna vec s\u00fa tabu\u013ekov\u00e9 parametre a druh\u00e1 potom prax. <span data-language-for-alternatives=\"sk\" data-language-to-translate-into=\"cs\" data-phrase-index=\"2\" data-number-of-phrases=\"8\">\u010casto toti\u017e rozhoduj\u00fa mali\u010dkosti.<\/span> Ve\u013ekou v\u00fdhodou aktu\u00e1lnej ponuky na trhu je to, \u017ee u\u017e <strong>prakticky neexistuje zl\u00fd model<\/strong>, ktor\u00fd by v nie\u010dom z\u00e1sadne zaost\u00e1val za konkurenciou. Znie to, akoby ne\u0161lo siahnu\u0165 ved\u013ea, ale opak je pravdou.<\/p>\n<figure id=\"attachment_47765\" aria-describedby=\"caption-attachment-47765\" style=\"width: 1280px\" class=\"wp-caption alignnone\"><img decoding=\"async\" loading=\"lazy\" class=\"size-full wp-image-47765\" src=\"https:\/\/blog.fotolab.sk\/wp-content\/uploads\/2022\/01\/08-1.jpg\" alt=\"\" width=\"1280\" height=\"720\" \/><figcaption id=\"caption-attachment-47765\" class=\"wp-caption-text\">V\u00fdber toho spr\u00e1vneho pr\u00edstroja prinesie rados\u0165 z fotenia na mnoho rokov &#8211; nepozerajte sa len na parametre.<\/figcaption><\/figure>\n<p>&nbsp;<\/p>\n<p>Vo fotografii toti\u017e plat\u00ed klasick\u00e9 \u201esto \u013eud\u00ed, sto chut\u00ed\u201c a ka\u017ed\u00e9mu vyhovuje nie\u010do in\u00e9. Pri starostlivom v\u00fdbere si tak m\u00f4\u017eete zaobstara\u0165 fotoapar\u00e1t, ktor\u00fd v\u00e1m bude sedie\u0165 rovnako ako va\u0161e ob\u013e\u00faben\u00e9 tri\u010dko. Na druh\u00fa stranu m\u00f4\u017eete skon\u010di\u0165 s pr\u00edstrojom, ktor\u00fd s\u00edce bude svojimi parametrami atakova\u0165 predn\u00e9 prie\u010dky porovn\u00e1vac\u00edch tabuliek, ale m\u00f4\u017ee v\u00e1s neust\u00e1le otravova\u0165 napr\u00edklad nevhodnou ergon\u00f3miou.<\/p>\n<p>V\u00fdber si preto rozde\u013ete do dvoch \u010dast\u00ed. T\u00e1 prv\u00e1 bude teoretick\u00e1. Ur\u010dite si, ak\u00e9 m\u00e1te po\u017eiadavky, a pod\u013ea parametrov pr\u00edstrojov, v\u00fdberu objekt\u00edvov, \u0161pecifick\u00fdch vlastnost\u00ed alebo sk\u00fasenost\u00ed ostatn\u00fdch u\u017e\u00edvate\u013eov vyberte nieko\u013eko pr\u00edstrojov. Ako na to si povieme o p\u00e1r riadkov ni\u017e\u0161ie.<\/p>\n<p>Praktick\u00e1 \u010das\u0165 v\u00fdberu je potom o tom si pr\u00edstroj ohmata\u0165. Vysk\u00fa\u0161a\u0165 si jeho dr\u017eanie, ovl\u00e1danie, prejs\u0165 si menu &#8211; celkovo si uvedomi\u0165, ktor\u00fd fotoapar\u00e1t pre\u0161iel naju\u017e\u0161\u00edm v\u00fdberom a je v\u00e1m najbli\u017e\u0161\u00ed. Nie je ni\u010d jednoduch\u0161ie, ne\u017e si zavola\u0165 <a href=\"https:\/\/www.cewe.sk\/nase-predajne\" target=\"_blank\" rel=\"noopener\">do najbli\u017e\u0161ej predajne Fotolabu<\/a>, a dohodn\u00fa\u0165 sa na vysk\u00fa\u0161an\u00ed viacer\u00fdch modelov.<\/p>\n<h5>Kon\u0161trukcia fotoapar\u00e1tu<\/h5>\n<p>Ako \u00fapln\u00fd z\u00e1klad je mo\u017en\u00e9 pova\u017eova\u0165 rozhodnutie, \u010di chcete meni\u0165 objekt\u00edvy alebo sa uspokoj\u00edte s fixn\u00fdm rie\u0161en\u00edm. Fotoapar\u00e1ty tak m\u00f4\u017eeme rozdeli\u0165 na <strong>syst\u00e9mov\u00e9 a nesyst\u00e9mov\u00e9<\/strong>.<\/p>\n<p><strong>Nesyst\u00e9mov\u00e9 fotoapar\u00e1ty<\/strong>, medzi ktor\u00e9 rad\u00edme kompakty, superzoomy a pokojne aj fotomobily, nemaj\u00fa mo\u017enos\u0165 v\u00fdmeny objekt\u00edvov a pou\u017eitie roz\u0161iruj\u00faceho pr\u00edslu\u0161enstva je, a\u017e na niektor\u00e9 pokro\u010dil\u00e9 modely, obmedzen\u00e9.<\/p>\n<div class=\"vlp-link-container vlp-layout-basic\"><a href=\"https:\/\/www.fotolab.sk\/produkt\/olympus-tg-6-cerveny\" class=\"vlp-link\" title=\"Olympus TG-6 \u010derven\u00fd | CEWE Fotolab\" rel=\"nofollow\" target=\"_blank\"><\/a><div class=\"vlp-layout-zone-side\"><div class=\"vlp-block-2 vlp-link-image\"><img style=\"max-width: 150px;\" width=\"150\" height=\"99\" src=\"https:\/\/blog.fotolab.sk\/wp-content\/uploads\/2020\/07\/olympus_tg-5_cerveny.png\" class=\"attachment-150x999 size-150x999\" alt=\"\" decoding=\"async\" loading=\"lazy\" \/><\/div><\/div><div class=\"vlp-layout-zone-main\"><div class=\"vlp-block-0 vlp-link-title\">Olympus TG-6 \u010derven\u00fd | CEWE Fotolab<\/div><div class=\"vlp-block-1 vlp-link-summary\">Olympus TG-6 s\u00edce neumo\u017e\u0148uje v\u00fdmenu objekt\u00edvov, zato sa p\u00fd\u0161i vodotesn\u00fdm a n\u00e1razu odoln\u00fdm telom. Pokia\u013e ho vybav\u00edte puzdrom Olympus PT-059, m\u00f4\u017eete sa pot\u00e1pa\u0165 a\u017e do h\u013abky 45 m.<\/div><\/div><\/div>\n<p>Medzi <strong>syst\u00e9mov\u00e9 fotoapar\u00e1ty<\/strong> rad\u00edme DSLR zrkadlovky a CSC bezzrkadlovky. <span data-language-for-alternatives=\"sk\" data-language-to-translate-into=\"cs\" data-phrase-index=\"5\" data-number-of-phrases=\"13\">Oba typy fotoapar\u00e1tov umo\u017e\u0148uj\u00fa v\u00fdmenu objekt\u00edvov, \u010do ich rob\u00ed univerz\u00e1lnej\u0161\u00edmi a m\u00f4\u017eu sa prisp\u00f4sobi\u0165 r\u00f4znym fotografick\u00fdm \u017e\u00e1nrom a situ\u00e1ci\u00e1m. <\/span><\/p>\n<div class=\"vlp-link-container vlp-layout-basic\"><a href=\"https:\/\/www.fotolab.sk\/produkt\/nikon-d3500-18-140mm\" class=\"vlp-link\" title=\"Nikon D3500 + 18-140mm | CEWE Fotolab\" rel=\"nofollow\" target=\"_blank\"><\/a><div class=\"vlp-layout-zone-side\"><div class=\"vlp-block-2 vlp-link-image\"><img style=\"max-width: 150px;\" width=\"150\" height=\"150\" src=\"https:\/\/blog.fotolab.sk\/wp-content\/uploads\/2022\/01\/nikon-d3500-18-140-80055856.png\" class=\"attachment-150x999 size-150x999\" alt=\"\" decoding=\"async\" loading=\"lazy\" \/><\/div><\/div><div class=\"vlp-layout-zone-main\"><div class=\"vlp-block-0 vlp-link-title\">Nikon D3500 + 18-140mm | CEWE Fotolab<\/div><div class=\"vlp-block-1 vlp-link-summary\">Nikon D3500 patr\u00ed medzi z\u00e1kladn\u00e9 zrkadlovky s APS-C sn\u00edma\u010dom a vysokou obrazovou kvalitou. Ve\u013emi v\u00fdhodnou k\u00fapou je set s objekt\u00edvom 18-140 mm. Ten je obrazovo naozaj podaren\u00fd a uspokoj\u00ed aj n\u00e1ro\u010dnej\u0161\u00edch fotografov.<\/div><\/div><\/div>\n<h5>Rozdelenie digit\u00e1lnych fotoapar\u00e1tov<\/h5>\n<p>Syst\u00e9mov\u00e9 a nesyst\u00e9mov\u00e9 fotoapar\u00e1ty m\u00f4\u017eeme \u010falej rozdeli\u0165 do nieko\u013ek\u00fdch kateg\u00f3ri\u00ed pod\u013ea typu pr\u00edstroja a jeho ur\u010denia.<\/p>\n<ul>\n<li>Z\u00e1kladn\u00e9 kompakty \u2013 jednoduch\u00e9 lacnej\u0161ie fotoapar\u00e1ty, ktor\u00e9 s\u00fa postupne vytl\u00e1\u010dan\u00e9 fotomobilmi. Z tejto skupiny maj\u00fa najv\u00e4\u010d\u0161\u00ed v\u00fdznam cestovn\u00e9 zoomy s v\u00e4\u010d\u0161\u00edm rozsahom objekt\u00edvu.<\/li>\n<li>Outdoorov\u00e9 kompakty \u2013 podskupina kompaktov, tieto fotoapar\u00e1ty s\u00fa utesnen\u00e9, odoln\u00e9 proti n\u00e1razu a \u010dastokr\u00e1t sa s nimi m\u00f4\u017eete aj pot\u00e1pa\u0165. Najlep\u0161ie modely maj\u00fa aj GPS, \u010di h\u013abkomer a v\u00fd\u0161komer.<\/li>\n<li>Pokro\u010dil\u00e9 kompakty \u2013 tieto fotoapar\u00e1ty s\u00fa osaden\u00e9 v\u00e4\u010d\u0161\u00edm sn\u00edma\u010dom a ich v\u00fdkon tak prevy\u0161uje aj tie najlep\u0161ie inteligentn\u00e9 telef\u00f3ny. Hod\u00ed sa v\u0161ade tam, kde je m\u00e1lo svetla a uspokoj\u00ed aj n\u00e1ro\u010dnej\u0161\u00edch fotografov.<\/li>\n<li>Superzoomy \u2013 odno\u017e kompaktn\u00fdch fotoapar\u00e1tov. Dizajn je in\u0161pirovan\u00fd zrkadlovkami. Vyzna\u010duj\u00fa sa ve\u013ek\u00fdm rozsahom objekt\u00edvu. Mal\u00fd sn\u00edma\u010d svojim potenci\u00e1lom ale uspokoj\u00ed len menej n\u00e1ro\u010dn\u00fdch fotografov.<\/li>\n<li>Pokro\u010dil\u00e9 superzoomy \u2013 fotoapar\u00e1ty s 1\u201d sn\u00edma\u010dom a pomerne ve\u013ek\u00fdm rozsahom objekt\u00edvu. V\u010faka sn\u00edma\u010du, skvelej v\u00fdbave a dobrej ergon\u00f3mii uspokoj\u00ed aj n\u00e1ro\u010dn\u00fdch amat\u00e9rov. V\u00fdborne posl\u00fa\u017ei ako rodinn\u00e1 videokamera. S\u00fa to univerz\u00e1lne pr\u00edstroje, ale bez mo\u017enosti v\u00fdmeny objekt\u00edvu. Medzi pokro\u010dil\u00e9 superzoomy m\u00f4\u017eeme zaradi\u0165 aj \u0161pecializovan\u00e9 fotoapar\u00e1ty s mal\u00fdm \u010dipom, ale s extr\u00e9mnym rozsahom objekt\u00edvu, ako m\u00e1 Nikon P1000.<\/li>\n<li>Digit\u00e1lne DSLR zrkadlovky \u2013 ob\u013e\u00faben\u00e1 kateg\u00f3ria fotoapar\u00e1tov s mo\u017enos\u0165ou v\u00fdmeny objekt\u00edvov. Obraz je pren\u00e1\u0161an\u00fd opticky do h\u013ead\u00e1\u010dika, pomocou zrkadla, matnice a hranola. N\u00e1jdete tu fotoapar\u00e1ty v\u0161etk\u00fdch kateg\u00f3ri\u00ed.<\/li>\n<li>Digit\u00e1lne CSC bezzrkadlovky \u2013 s\u00fa syst\u00e9mov\u00e9 fotoapar\u00e1ty vych\u00e1dzaj\u00face zo zrkadloviek, ale nemaj\u00fa zrkadlo, matnicu ani hranol. Svetlo z objekt\u00edvu ide priamo na sn\u00edma\u010d a obraz je premietan\u00fd na displej alebo elektronick\u00fd h\u013ead\u00e1\u010dik. Tieto fotoapar\u00e1ty m\u00f4\u017eu by\u0165 men\u0161ie a \u013eah\u0161ie. H\u013ead\u00e1\u010dik nemus\u00ed by\u0165 umiestnen\u00fd nad objekt\u00edvom. Absencia zrkadla umo\u017e\u0148uje ur\u00fdchli\u0165 s\u00e9riov\u00e9 sn\u00edmanie. Prednos\u0165ou je tie\u017e zaostrovanie na sn\u00edma\u010di, ktor\u00e9 je presn\u00e9 a m\u00f4\u017ee lep\u0161ie pokry\u0165 sn\u00edman\u00fa sc\u00e9nu. N\u00e1jdete tu fotoapar\u00e1ty s Micro 4\/3, APS-C aj FF sn\u00edma\u010dom v\u0161etk\u00fdch kateg\u00f3ri\u00ed.<\/li>\n<\/ul>\n<h5>Krit\u00e9ri\u00e1 v\u00fdberu fotoapar\u00e1tu<\/h5>\n<h5>Na \u010do budem fotoapar\u00e1t pou\u017e\u00edva\u0165<\/h5>\n<p>Ako prv\u00e9 si odpovedzte na ot\u00e1zku, <strong>\u010do chcete fotografova\u0165 a ak\u00e9 bud\u00fa ma\u0165 fotografie vyu\u017eitie<\/strong>. H\u013ead\u00e1te obrazov\u00fd z\u00e1pisn\u00edk, fotoapar\u00e1t na cestovanie, alebo v\u00fdkonn\u00fd r\u00fdchly fotoapar\u00e1t pre ambici\u00f3zneho fotografa? Nechcete len foti\u0165, alebo aj nat\u00e1\u010da\u0165 vide\u00e1? Alebo potrebujete \u0161pecializovan\u00fa v\u00fdbavu pre konkr\u00e9tny \u017e\u00e1ner? Odpor\u00fa\u010dam, aby ste si svoje po\u017eiadavky nap\u00edsali na papier, u\u013eah\u010d\u00ed a ur\u00fdchli v\u00e1m to vyberanie.<\/p>\n<p>Pre nen\u00e1ro\u010dn\u00e9ho pou\u017e\u00edvate\u013ea, \u010do h\u013ead\u00e1 \u201elen nie\u010do lep\u0161ie ako je mobil\u201c, m\u00e1m dobr\u00fa spr\u00e1vu \u2013 v\u0161etky pr\u00edstroje na trhu pon\u00faknu oproti mobiln\u00fdm telef\u00f3nom v oblasti fotografie nie\u010do navy\u0161e. Najlacnej\u0161ie kompakty rozsah zoomu, pokro\u010dil\u00e9 kompakty navy\u0161e lep\u0161ie fotografie aj v zlom svetle, a tie najlep\u0161ie fotoapar\u00e1ty str\u010d\u00ed do vrecka skoro ka\u017ed\u00fd smartphone. \u010c\u00edm nar\u00e1\u017eame na ve\u013ekos\u0165 a ergon\u00f3miu. Telef\u00f3n m\u00e1te vo vrecku st\u00e1le, dobr\u00fd fotoapar\u00e1t je s\u00edce v\u00e4\u010d\u0161\u00ed, ale ide v \u00fastrety u\u017e\u00edvate\u013eovi. Lep\u0161ie sa dr\u017e\u00ed aj ovl\u00e1da, je r\u00fdchlej\u0161\u00ed a nad sn\u00edmkami m\u00e1te ove\u013ea v\u00e4\u010d\u0161iu kontrolu.<\/p>\n<p>Pokia\u013e sa chcete fotografovaniu a nat\u00e1\u010daniu venova\u0165 viac, siahnite rad\u0161ej po modeli s mo\u017enos\u0165ou vymeni\u0165 objekt\u00edv. Vyhnete sa tak situ\u00e1cii, ke\u010f z fotoapar\u00e1tu pr\u00edli\u0161 r\u00fdchlo vyrastiete, nov\u00fd objekt\u00edv urob\u00ed \u010dasto viac ako fotoapar\u00e1t.<\/p>\n<h5>Ve\u013ekos\u0165 sn\u00edma\u010da a jeho obrazov\u00fd potenci\u00e1l<\/h5>\n<p><strong>Sn\u00edma\u010d je srdcom fotoapar\u00e1tu. Najd\u00f4le\u017eitej\u0161\u00edm parametrom je jeho fyzick\u00e1 ve\u013ekos\u0165.<\/strong> V\u0161eobecne plat\u00ed, \u017ee \u010d\u00edm v\u00e4\u010d\u0161\u00ed sn\u00edma\u010d, t\u00fdm lep\u0161\u00ed obrazov\u00fd potenci\u00e1l. V\u00e4\u010d\u0161ie sn\u00edma\u010de ani tak ne\u0161umia na vysokej citlivosti, kedy v kombin\u00e1cii so sveteln\u00fdm objekt\u00edvom m\u00f4\u017eete foti\u0165 kvalitn\u00e9 fotky aj v zlom svetle, samozrejme bez blesku.<\/p>\n<p>Ve\u013ekos\u0165 sn\u00edma\u010da ovplyvn\u00ed aj to, ako \u010faleko p\u00f4jde pracova\u0165 s h\u013abkou ostrosti. \u010c\u00edm je sn\u00edma\u010d v\u00e4\u010d\u0161\u00ed, t\u00fdm \u013eah\u0161ie je dosiahnu\u0165 mal\u00fa h\u013abku ostrosti, ktor\u00fa sprev\u00e1dza \u010dasto \u017eiadan\u00fd bokeh. Pokia\u013e budete chcie\u0165 fotografova\u0165 napr\u00edklad portr\u00e9ty s ve\u013emi v\u00fdrazne rozmazan\u00fdm pozad\u00edm a popred\u00edm na fotoapar\u00e1toch s men\u0161\u00edm sn\u00edma\u010dom (1\u2033, Micro 4\/3 a APS-C), bude nutn\u00e9 pou\u017ei\u0165 sveteln\u00e9 objekt\u00edvy s dlh\u0161\u00edm ohniskom.<\/p>\n<figure id=\"attachment_47766\" aria-describedby=\"caption-attachment-47766\" style=\"width: 740px\" class=\"wp-caption alignnone\"><img decoding=\"async\" loading=\"lazy\" class=\"size-full wp-image-47766\" src=\"https:\/\/blog.fotolab.sk\/wp-content\/uploads\/2022\/01\/08-740x493-1.jpg\" alt=\"\" width=\"740\" height=\"493\" \/><figcaption id=\"caption-attachment-47766\" class=\"wp-caption-text\">S full-frame sn\u00edma\u010dom m\u00f4\u017eete vytvori\u0165 pekn\u00fd bokeh aj so \u0161irokouhl\u00fdmi objekt\u00edvmi, v tomto pr\u00edpade s 35 mm.<\/figcaption><\/figure>\n<p>&nbsp;<\/p>\n<p>Svoje prednosti maj\u00fa ale aj men\u0161ie sn\u00edma\u010de. <strong>Ve\u013ek\u00fd sn\u00edma\u010d znamen\u00e1 \u0165a\u017e\u0161iu techniku \u200b\u200ba v\u00e4\u010d\u0161ie objekt\u00edvy.<\/strong> Ve\u013emi zauj\u00edmav\u00fdm kompromisom s\u00fa fotoapar\u00e1ty s Micro 4\/3 sn\u00edma\u010dom Olympus (\u010doskoro pod n\u00e1zvom OM System) a Panasonic. Tie s\u00fa \u013eah\u0161ie a men\u0161ie, hodia sa na cestovanie aj fotenie \u0161portu a objekt\u00edvy v\u00e1\u017eia polovicu oproti t\u00fdm pre full-frame. Ich vy\u0161\u0161\u00ed crop faktor potom pred\u013a\u017ei ohnisko, kedy napr\u00edklad 200 mm objekt\u00edv bude ma\u0165 na Micro 4\/3 sn\u00edma\u010di prepo\u010d\u00edtan\u00e9 ohnisko 400 mm. Je to o preferenci\u00e1ch.<\/p>\n<h5>Ak\u00e9 ve\u013ekosti sn\u00edma\u010dov s\u00fa najviac roz\u0161\u00edren\u00e9?<\/h5>\n<p>Sn\u00edma\u010de ni\u017e\u0161ie s\u00fa zoraden\u00e9 od najmen\u0161\u00edch po najv\u00e4\u010d\u0161ie.<\/p>\n<ul>\n<li>Men\u0161ie ako 1\u201d \u2013 pou\u017e\u00edvaj\u00fa sa v oby\u010dajn\u00fdch kompaktoch, superzoomoch a mobiln\u00fdch telef\u00f3noch. Ich ve\u013ekos\u0165 je ud\u00e1van\u00e1 ako zlomok, napr\u00edklad 1\/2,3 alebo 1\/1,7. Uspokoj\u00ed nen\u00e1ro\u010dn\u00fdch fotografov.<\/li>\n<li>1\u201d \u2013 tzv. palcov\u00fd sn\u00edma\u010d v skuto\u010dnosti nem\u00e1 uhloprie\u010dku jeden palec, ale aj tak je zhruba 4x v\u00e4\u010d\u0161\u00ed ako be\u017en\u00fd mal\u00fd \u010dip. Pou\u017e\u00edva sa v pokro\u010dil\u00fdch kompaktoch a superzoomoch a uspokoj\u00ed aj n\u00e1ro\u010dnej\u0161\u00edch fotografov. Pr\u00e1ca s malou h\u013abkou ostrosti je st\u00e1le oproti v\u00e4\u010d\u0161\u00edm sn\u00edma\u010dom limitovan\u00e1, ale v\u00fdkon na vysokej citlivosti je u\u017e ove\u013ea lep\u0161\u00ed ako u miniat\u00farnych \u010dipov v mobiloch.<\/li>\n<li>4\/3 \u2013 pou\u017e\u00edva sa v Micro 4\/3 bezzrkadlovk\u00e1ch, dronoch a kamer\u00e1ch. Obrazov\u00fd potenci\u00e1l uspokoj\u00ed aj n\u00e1ro\u010dn\u00e9ho fotografa. Na dosiahnutie malej h\u013abky ostrosti potrebujete sveteln\u00e9 objekt\u00edvy. Micro 4\/3 (alebo tie\u017e MFT) fotoapar\u00e1ty s\u00fa skvel\u00fdm kompromisom medzi mal\u00fdmi rozmermi a vysokou technickou kvalitou obrazu. V\u010faka dvojn\u00e1sobn\u00e9mu pred\u013a\u017eeniu ohniska s\u00fa ob\u013e\u00faben\u00e9 aj na fotenie \u0161portu alebo wildlife.<\/li>\n<li>APS-C \u2013 pou\u017e\u00edva sa predov\u0161etk\u00fdm v amat\u00e9rskych a poloprofesion\u00e1lnych DSLR a CSC, ale aj v pokro\u010dil\u00fdch kompaktoch. Dobre si vedie aj za hor\u0161\u00edch sveteln\u00fdch podmienok, \u013eah\u0161ie sa tu dosahuje mal\u00e1 h\u013abka ostrosti.<\/li>\n<li>FF (pln\u00fd form\u00e1t) \u2013 profesion\u00e1lny \u0161tandard, ktor\u00fd sa st\u00e1le viac objavuje aj v pr\u00edstrojoch pre n\u00e1ro\u010dn\u00fdch amat\u00e9rov. V\u00fdborne si vedie za hor\u0161\u00edch sveteln\u00fdch podmienok. V\u00fdborn\u00fd je aj potenci\u00e1l pre pr\u00e1cu s malou h\u013abkou ostrosti.<\/li>\n<\/ul>\n<p>Ak h\u013ead\u00e1te dobr\u00fd v\u00fdkon, ktor\u00fd sa schov\u00e1 do vrecka, vo\u013ete fotoapar\u00e1ty s palcov\u00fdm sn\u00edma\u010dom (1\u2033). Za kompromis medzi ve\u013ekos\u0165ou a technickou kvalitou m\u00f4\u017eeme pova\u017eova\u0165 fotoapar\u00e1ty s Micro 4\/3 alebo APS-C sn\u00edma\u010dom. Full-frame pr\u00edstroje s\u00fa najviac roz\u0161\u00edren\u00e9 v profesion\u00e1lnom segmente, ale m\u00f4\u017eu po nich siahnu\u0165 aj nad\u0161en\u00ed amat\u00e9ri a v\u0161etci, ktor\u00ed chc\u00fa t\u00fa najlep\u0161iu mo\u017en\u00fa kvalitu.<\/p>\n<p>Okrem full-frame fotoapar\u00e1tov na trhu existuj\u00fa aj stroje s e\u0161te v\u00e4\u010d\u0161\u00edm \u010dipom, tzv. stredoform\u00e1ty. Tie svojou cenou siahaj\u00fa do st\u00e1tis\u00edcov a pou\u017e\u00edvaj\u00fa sa \u010dasto vo vrcholovej reklamnej alebo m\u00f3dnej fotografii.<\/p>\n<p><strong>Pri sn\u00edma\u010di, okrem ve\u013ekosti, m\u00f4\u017eete sledova\u0165 aj dynamick\u00fd rozsah<\/strong>. Ten je ud\u00e1van\u00fd v hodnot\u00e1ch EV a ur\u010duje schopnos\u0165 sn\u00edma\u0165 \u0161irok\u00fd rozsah jasov, od najvy\u0161\u0161\u00edch svetiel po najhlb\u0161ie tiene. Vysok\u00fd dynamick\u00fd rozsah vyu\u017eijete najm\u00e4 pri fotografovan\u00ed krajiny a architekt\u00fary. Pri fotografovan\u00ed za zl\u00fdch sveteln\u00fdch podmienok v\u00e1s naopak bude zauj\u00edma\u0165 \u00farove\u0148 \u0161umu pri stredn\u00fdch a vysok\u00fdch citlivostiach ISO. Inform\u00e1cie o t\u00fdchto parametroch m\u00f4\u017eete n\u00e1js\u0165 na webe DxOMark, kde sa venuj\u00fa testovaniu v\u00fdkonu jednotliv\u00fdch senzorov.<\/p>\n<div class=\"vlp-link-container vlp-layout-basic\"><a href=\"https:\/\/www.fotolab.sk\/produkt\/canon-eos-6d-mark-ii-telo\" class=\"vlp-link\" title=\"Canon EOS 6D Mark II telo | CEWE Fotolab\" rel=\"nofollow\" target=\"_blank\"><\/a><div class=\"vlp-layout-zone-side\"><div class=\"vlp-block-2 vlp-link-image\"><img style=\"max-width: 150px;\" width=\"150\" height=\"150\" src=\"https:\/\/blog.fotolab.sk\/wp-content\/uploads\/2022\/01\/80052377__canon_eos_6d_mark_ii_1.jpg\" class=\"attachment-150x999 size-150x999\" alt=\"\" decoding=\"async\" loading=\"lazy\" \/><\/div><\/div><div class=\"vlp-layout-zone-main\"><div class=\"vlp-block-0 vlp-link-title\">Canon EOS 6D Mark II telo | CEWE Fotolab<\/div><div class=\"vlp-block-1 vlp-link-summary\">Zaobstaranie full-frame fotoapar\u00e1tu u\u017e dnes nemus\u00ed znamena\u0165 st\u00e1tis\u00edcov\u00fa invest\u00edciu. Canon 6D Mark II stoj\u00ed menej ako niektor\u00e9 APS-C alebo Micro 4\/3 modely a rozhodne sa nenech\u00e1 zahanbi\u0165 ani v porovnan\u00ed s v\u00fdrazne drah\u0161\u00edmi fotoapar\u00e1tmi.<\/div><\/div><\/div>\n<h5>Objekt\u00edvy<\/h5>\n<p>Pri v\u00fdbere kompaktu bez vymenite\u013en\u00fdch objekt\u00edvov starostlivo zv\u00e1\u017ete, ak\u00fd rozsah a svetelnos\u0165 potrebujete. Tie najlep\u0161ie kompakty svojim objekt\u00edvom m\u00f4\u017eu aj prekvapi\u0165. Napr\u00edklad Panasonic FZ2000 alebo Sony RX10 IV pou\u017e\u00edvaj\u00fa objekt\u00edv renomovan\u00e9ho v\u00fdrobcu s perfektn\u00fdmi parametrami. S\u00edce ich nevymen\u00edte, ale nie ka\u017ed\u00fd t\u00fa\u017ei po \u017eonglovan\u00ed s objekt\u00edvmi.<\/p>\n<p>In\u00e9 je to v\u0161ak pri zrkadlovk\u00e1ch a bezzrkadlovk\u00e1ch. <strong>V\u00fdmena objekt\u00edvu d\u00e1va t\u00fdmto pr\u00edstrojom obrovsk\u00fa variabilitu.<\/strong> Pri vyberan\u00ed nov\u00e9ho fotoapar\u00e1tu sa nezameriavajte iba na telo, objekt\u00edv je toti\u017e \u010dasto d\u00f4le\u017eitej\u0161\u00ed, ne\u017e samotn\u00fd fotoapar\u00e1t. Pri v\u00fdbere syst\u00e9mov\u00e9ho fotoapar\u00e1tu preto zv\u00e1\u017ete, ak\u00e1 je na dan\u00fd bajonet ponuka objekt\u00edvov. M\u00e1 v\u00fdrobca v ponuke v\u0161etky objekt\u00edvy, ktor\u00e9 do bud\u00facnosti pl\u00e1nujete k\u00fapi\u0165? Existuj\u00fa na\u0148 aj alternat\u00edvy v\u00fdrobcov tret\u00edch str\u00e1n Tamron, Sigma, Samyang, Tokina, at\u010f.<\/p>\n<h5>Parametre a\u00a0funk\u010dn\u00e1 v\u00fdbava<\/h5>\n<p>Pod\u013ea toho, \u010do fotografujete, s\u00fa niektor\u00e9 parametre d\u00f4le\u017eitej\u0161ie a in\u00e9 menej. Na \u010do sa pri v\u00fdbere zamera\u0165?<\/p>\n<ul>\n<li>R\u00fdchlos\u0165 a sp\u00f4sob ostrenia \u2013 Nov\u0161ie pr\u00edstroje disponuj\u00fa asistentmi s ostren\u00edm na oko, zvierat\u00e1 alebo dopravn\u00e9 prostriedky. Jednoduch\u0161ie modely zvl\u00e1dnu maxim\u00e1lne detekciu tv\u00e1r\u00ed.<\/li>\n<li>R\u00fdchlos\u0165 s\u00e9riov\u00e9ho sn\u00edmania \u2013 Pl\u00e1nujete foti\u0165 r\u00fdchlu akciu alebo \u0161port? Vyberajte pr\u00edstroj s r\u00fdchlym sekven\u010dn\u00fdm sn\u00edman\u00edm. Dajte si pozor na ud\u00e1van\u00fd \u00fadaj a na str\u00e1nkach v\u00fdrobcu h\u013eadajte podrobn\u00e9 inform\u00e1cie. Niektor\u00e9 fotoapar\u00e1ty, hlavne tie od Sony, toti\u017e maj\u00fa uveden\u00fd parameter, ktor\u00fd je mo\u017en\u00e9 dosiahnu\u0165 napr\u00edklad iba pri nastaven\u00ed ni\u017e\u0161ej kvality sn\u00edmky alebo pri deaktiv\u00e1cii sledovania cie\u013ea.<\/li>\n<li>Stabiliz\u00e1cia \u2013 Okrem stabiliz\u00e1cie v objekt\u00edve, sa dnes m\u00f4\u017eete be\u017ene stretn\u00fa\u0165 s funkciou stabilizovan\u00e9ho sn\u00edma\u010da. Ten m\u00e1 v\u00fdhodu v stabiliz\u00e1cii ak\u00e9hoko\u013evek nasaden\u00e9ho objekt\u00edvu, aj toho bez stabiliz\u00e1cie. Obzvl\u00e1\u0161\u0165 d\u00f4le\u017eit\u00e1 je stabiliz\u00e1cia pri foten\u00ed s dlh\u00fdmi teleobjekt\u00edvmi.<\/li>\n<li>V\u00fddr\u017e bat\u00e9rie \u2013 Kompakty a CSC bezzrkadlovky maj\u00fa krat\u0161iu v\u00fddr\u017e ako klasick\u00e9 DSLR. Myslite na to a vybavte sa n\u00e1hradnou bat\u00e9riou. To ist\u00e9 plat\u00ed aj pri nat\u00e1\u010dan\u00ed vide\u00ed, kedy si n\u00e1hradn\u00fdch bateriek rad\u0161ej vezmite e\u0161te viac.<\/li>\n<li>Konektivita \u2013 Modern\u00e9 fotoapar\u00e1ty maj\u00fa bohat\u00e9 mo\u017enosti bezdr\u00f4tov\u00e9ho prepojenia so \u0161ikovn\u00fdm zariaden\u00edm. Vie okam\u017eite posiela\u0165 zhotoven\u00e9 fotografie do smartf\u00f3nu, fungova\u0165 ako dia\u013ekov\u00e1 sp\u00fa\u0161\u0165 s n\u00e1h\u013eadom alebo dokonca aktualizova\u0165 firmware (toto zvl\u00e1dnu napr\u00edklad fo\u0165\u00e1ky Nikon Z s aplik\u00e1ciou SnapBridge).<\/li>\n<\/ul>\n<p>Parametrov, ktor\u00e9 treba sledova\u0165, je ur\u010dite viac. Je na ka\u017edom z v\u00e1s, \u010di nejak\u00fa funkciu beriete ako nutnos\u0165 alebo iba pr\u00edjemn\u00fd doplnok. Niekto potrebuje pripoji\u0165 extern\u00fd mikrof\u00f3n a sl\u00fachadl\u00e1, niekto zase extern\u00fd grip. Alebo budete potrebova\u0165 nejak\u00fa \u0161peci\u00e1lnu vychyt\u00e1vku? Napr\u00edklad Pixel Shift na nav\u00fd\u0161enie rozl\u00ed\u0161enia na \u0161tvorn\u00e1sobok pomocou pohybu senzora. <span data-language-for-alternatives=\"sk\" data-language-to-translate-into=\"cs\" data-phrase-index=\"5\" data-number-of-phrases=\"12\">Ten zvl\u00e1dnu vybran\u00e9 pr\u00edstroje Panasonic, Olympus, Sony alebo Pentax.<\/span><\/p>\n<p>Existuj\u00fa aj asistenti na ma\u013eovanie svetlom, na skladanie makrofotografi\u00ed alebo tvorbu timelapse z\u00e1znamov. Presne preto je d\u00f4le\u017eit\u00e9 si uvedomi\u0165, \u010do m\u00e1te v pl\u00e1ne s fotoapar\u00e1tom robi\u0165 a pod\u013ea toho z\u00fa\u017ei\u0165 v\u00fdber.<\/p>\n<figure id=\"attachment_47769\" aria-describedby=\"caption-attachment-47769\" style=\"width: 993px\" class=\"wp-caption alignnone\"><img decoding=\"async\" loading=\"lazy\" class=\"size-full wp-image-47769\" src=\"https:\/\/blog.fotolab.sk\/wp-content\/uploads\/2022\/01\/focus-shift-start-menu-screen.jpg\" alt=\"\" width=\"993\" height=\"747\" \/><figcaption id=\"caption-attachment-47769\" class=\"wp-caption-text\">Funkcia focus shift umo\u017e\u0148uje \u013eahk\u00e9 fotografovanie sn\u00edmok na skladanie makro fotografi\u00ed. T\u00e1to funkcia m\u00f4\u017ee u\u0161etri\u0165 ve\u013ea \u010dasu aj pe\u0148az\u00ed za drah\u00e9 pr\u00edslu\u0161enstvo.<\/figcaption><\/figure>\n<p><span data-language-for-alternatives=\"sk\" data-language-to-translate-into=\"cs\" data-phrase-index=\"10\" data-number-of-phrases=\"12\">\u00a0<\/span><\/p>\n<h5>Ergon\u00f3mia<\/h5>\n<p>Pre pokro\u010dilej\u0161\u00edch fotografov je d\u00f4le\u017eit\u00e1 ergon\u00f3mia dr\u017eania a ovl\u00e1dania. Tie\u017e \u010di m\u00e1 fotoapar\u00e1t mo\u017enos\u0165 u\u017e\u00edvate\u013esky nastavi\u0165 ovl\u00e1dacie prvky. K tomu patr\u00ed aj kvalita h\u013ead\u00e1\u010dika. U optick\u00e9ho jeho ve\u013ekos\u0165 a pokrytie, u elektronick\u00e9ho hlavne jeho rozl\u00ed\u0161enie, pr\u00edpadne aj prekres\u013eovacia frekvencia. Myslite aj na kon\u0161trukciu displeja, m\u00f4\u017ee by\u0165 pevn\u00e1, v\u00fdklopn\u00e1, alebo sa displej m\u00f4\u017ee ot\u00e1\u010da\u0165 okolo k\u013abu.<\/p>\n<figure id=\"attachment_47770\" aria-describedby=\"caption-attachment-47770\" style=\"width: 2048px\" class=\"wp-caption alignnone\"><img decoding=\"async\" loading=\"lazy\" class=\"size-full wp-image-47770\" src=\"https:\/\/blog.fotolab.sk\/wp-content\/uploads\/2022\/01\/05-4.jpg\" alt=\"\" width=\"2048\" height=\"551\" \/><figcaption id=\"caption-attachment-47770\" class=\"wp-caption-text\">Tri funk\u010dne ve\u013emi podobn\u00e9 fotoapar\u00e1ty, l\u00ed\u0161ia sa ale odli\u0161n\u00fdm pr\u00edstupom k ovl\u00e1daniu a ergon\u00f3mii. (Z\u013eava: Fujifilm X-E4, X-T30 a X-S10)<\/figcaption><\/figure>\n<p><span data-language-for-alternatives=\"sk\" data-language-to-translate-into=\"cs\" data-phrase-index=\"7\" data-number-of-phrases=\"10\">\u00a0<\/span><\/p>\n<h5>Video<\/h5>\n<p>Takmer ka\u017ed\u00fd s\u00fa\u010dasn\u00fd fotoapar\u00e1t funguje aj ako videokamera. <strong>Kon\u0161truk\u010dne najvhodnej\u0161ie s\u00fa pre video CSC bezzrkadlovky a pokro\u010dil\u00e9 kompakty.<\/strong> \u0160tandardom je 4K rozl\u00ed\u0161enie v 30fps. Vo v\u00fdkonnej\u0161\u00edch (a drah\u0161\u00edch) fotoapar\u00e1toch potom n\u00e1jdete aj 4K v 60 fps alebo vy\u0161\u0161om. To vyu\u017eijete na tvorbu spomalen\u00fdch \u201eslowmotion\u201c vide\u00ed. V\u00fdhodou je aj mo\u017enos\u0165 nastavi\u0165 flat alebo log profil pre potreby postprodukcie.<\/p>\n<p>Ak v\u00e1s video zauj\u00edma viac, pozrite sa, \u010di fotoapar\u00e1t nat\u00e1\u010da video v 8 bit alebo v 10 bit farb\u00e1ch. \u010eal\u0161ou u\u017eito\u010dnou vecou je mo\u017enos\u0165 pripoji\u0165 mikrof\u00f3n alebo sl\u00fachadl\u00e1 na odposluch. Vloggeri a v\u0161eobecne film\u00e1ri by mali ur\u010dite kl\u00e1s\u0165 v\u00e4\u010d\u0161\u00ed d\u00f4raz na mo\u017enos\u0165 vyklopenia a oto\u010denia displeja, a to nielen do polohy selfie.<\/p>\n<div class=\"vlp-link-container vlp-layout-basic\"><a href=\"https:\/\/www.fotolab.sk\/produkt\/panasonic-lumix-dc-gh5-mark-ii-telo-127\" class=\"vlp-link\" title=\"Panasonic Lumix DC-GH5 Mark II telo | CEWE Fotolab\" rel=\"nofollow\" target=\"_blank\"><\/a><div class=\"vlp-layout-zone-side\"><div class=\"vlp-block-2 vlp-link-image\"><img style=\"max-width: 150px;\" width=\"150\" height=\"113\" src=\"https:\/\/blog.fotolab.sk\/wp-content\/uploads\/2022\/01\/PIM1132127_Panasonic_1622805069395.jpg\" class=\"attachment-150x999 size-150x999\" alt=\"\" decoding=\"async\" loading=\"lazy\" \/><\/div><\/div><div class=\"vlp-layout-zone-main\"><div class=\"vlp-block-0 vlp-link-title\">Panasonic Lumix DC-GH5 Mark II telo | CEWE Fotolab<\/div><div class=\"vlp-block-1 vlp-link-summary\">Panasonic u\u017e mnoho rokov pos\u00fava hranice v mo\u017enostiach nat\u00e1\u010dania vide\u00ed a pribli\u017euje tak \u013eu\u010fom kvalitu, ktor\u00e1 b\u00fdvala v\u00fdsadou profesion\u00e1lnych kamier za st\u00e1tis\u00edce. Nov\u00fd GH5 Mark II je toho d\u00f4kazom a rozhodne ho m\u00f4\u017eeme iba a len odporu\u010di\u0165. <\/div><\/div><\/div>\n<h5>Materi\u00e1ly a\u00a0spracovanie<\/h5>\n<p>M\u00f4\u017ee sa zda\u0165, \u017ee kvalitn\u00fa kon\u0161trukciu z \u013eahk\u00fdch kovov, navy\u0161e utesnen\u00fa proti prachu a vode, ocen\u00ed iba profesion\u00e1lny fotograf. Ale aj amat\u00e9rsky fotograf sa m\u00f4\u017ee dosta\u0165 do situ\u00e1cie, kedy by ocenil kvalitn\u00e9 odoln\u00e9 spracovanie. Pokia\u013e cestujete, venujete sa turistike alebo v\u0161eobecne fotografujete vo vonkaj\u0161om prostred\u00ed, da\u017edi, snehu alebo prachu sa nevyhnete.<\/p>\n<p>V situ\u00e1cii, kde sa oby\u010dajn\u00fd fotoapar\u00e1t mus\u00ed schova\u0165 do ta\u0161ky, m\u00f4\u017eete s utesnen\u00fdm telom a objekt\u00edvom veselo fotografova\u0165 \u010falej. <span data-language-for-alternatives=\"sk\" data-language-to-translate-into=\"cs\" data-phrase-index=\"4\" data-number-of-phrases=\"6\">D\u00f4raz je kladen\u00fd na objekt\u00edv, preto\u017ee ak m\u00e1te utesnen\u00e9 telo bez utesnen\u00e9ho objekt\u00edvu, existuje riziko nielen po\u0161kodenia objekt\u00edvu samotn\u00e9ho, ale aj vniknutiu vlhkosti do \u00fatrob fotoapar\u00e1tu cez bajonet.<\/span><\/p>\n<h5>Ve\u013ekos\u0165 a hmotnos\u0165<\/h5>\n<p>Pre niekoho s\u00fa d\u00f4le\u017eit\u00e9 mal\u00e9 rozmery a n\u00edzka hmotnos\u0165, aj za cenu kompromisu v ergon\u00f3mii dr\u017eania. <span data-language-for-alternatives=\"sk\" data-language-to-translate-into=\"cs\" data-phrase-index=\"4\" data-number-of-phrases=\"6\">Turista \u010di cestovate\u013e so sebou nechce nosi\u0165 nieko\u013eko kilogramov techniky.<\/span> Profesion\u00e1l na hmotnos\u0165 a ve\u013ekos\u0165 pr\u00edli\u0161 neh\u013ead\u00ed a je ochotn\u00fd nosi\u0165 \u0165a\u017ek\u00fa v\u00fdbavu, bez kompromisov v ergon\u00f3mii \u010di funk\u010dnej v\u00fdbave. Dobre si rozmyslite, \u010di chcete fotoapar\u00e1t, ktor\u00fd sa schov\u00e1 do vrecka bundy, alebo ste ochotn\u00ed so sebou nosi\u0165 nejak\u00fa ta\u0161ku alebo batoh.<\/p>\n<p>Ke\u010f u\u017e sme pri ta\u0161k\u00e1ch a batohoch, v\u00fdber nepodce\u0148te. <span data-language-for-alternatives=\"sk\" data-language-to-translate-into=\"cs\" data-phrase-index=\"7\" data-number-of-phrases=\"9\">Vyberajte kvalitnej\u0161\u00ed odoln\u00fd produkt so \u0161irok\u00fdmi a pohodln\u00fdmi popruhmi, ktor\u00fd v\u00e1m bude sl\u00fa\u017ei\u0165 mnoho rokov.<\/span><\/p>\n<h5>Cena<\/h5>\n<p>Fotoapar\u00e1ty s\u00fa dnes ove\u013ea dostupnej\u0161ie a u\u017e okolo 700-800\u20ac m\u00f4\u017eete k\u00fapi\u0165 ve\u013emi v\u00fdkonn\u00fd pr\u00edstroj, ktor\u00fd v\u00e1m umo\u017en\u00ed fotograficky r\u00e1s\u0165. Do rozpo\u010dtu nezabudnite zapo\u010d\u00edta\u0165 aj n\u00e1klady na pr\u00edslu\u0161enstvo, ako s\u00fa pam\u00e4\u0165ov\u00e9 karty, n\u00e1hradn\u00e9 bat\u00e9rie, \u010distiaca sada, ta\u0161ka alebo batoh, pr\u00edpadne filtre, dia\u013ekov\u00e1 sp\u00fa\u0161\u0165, stat\u00edv at\u010f.<\/p>\n<p>Pri syst\u00e9mov\u00fdch fotoapar\u00e1toch sk\u00f4r \u010di nesk\u00f4r zat\u00fa\u017eite po \u010fal\u0161om objekt\u00edve, pr\u00edpadne syst\u00e9movom blesku. <span data-language-for-alternatives=\"sk\" data-language-to-translate-into=\"cs\" data-phrase-index=\"3\" data-number-of-phrases=\"8\">U\u0161etri\u0165 m\u00f4\u017eete pri k\u00fape setov fotoapar\u00e1tu s objekt\u00edvom spolo\u010dne s bal\u00ed\u010dkom pr\u00edslu\u0161enstva. <\/span><\/p>\n<blockquote><p>Tip: Mo\u017enost\u00ed, ako si zaobstara\u0165 techniku lacnej\u0161ie, ne\u017e napoved\u00e1 odpor\u00fa\u010dan\u00e1 cena, je ve\u013ea. <span data-language-for-alternatives=\"sk\" data-language-to-translate-into=\"cs\" data-phrase-index=\"6\" data-number-of-phrases=\"8\">V\u0161etky n\u00e1jdete na str\u00e1nkach Fotolabu v sekcii <a href=\"https:\/\/www.fotolab.sk\/akcie-a-zlavy\" target=\"_blank\" rel=\"noopener\">Akcie a z\u013eavy<\/a>.<\/span><\/p><\/blockquote>\n<h5>Na z\u00e1ver<\/h5>\n<p>Pri v\u00fdbere fotoapar\u00e1tu postupujte starostlivo, <strong>dobre zv\u00e1\u017ete, na ak\u00fd typ fotografie sa chcete zamera\u0165<\/strong>, pr\u00edpadne \u010di h\u013ead\u00e1te univerz\u00e1lne rie\u0161enie, ktor\u00e9 zvl\u00e1dne \u201eod ka\u017ed\u00e9ho nie\u010do\u201c. Kvalita dne\u0161n\u00fdch fotoapar\u00e1tov je v porovnan\u00ed s ponukou pr\u00edstrojov z d\u00f4b minul\u00fdch neporovnate\u013ene lep\u0161ia. Z\u00e1kladn\u00e9 modely fotia technicky v takmer toto\u017enej kvalite, ako modely vy\u0161\u0161ie, rozdiel je v\u0161ak v r\u00fdchlosti ostrenia, v mo\u017enostiach sledovania cie\u013ea, v kvalite nat\u00e1\u010dania vide\u00ed alebo v mo\u017enostiach ovl\u00e1dania a jeho prisp\u00f4sobenia.<\/p>\n<p>Pokia\u013e m\u00e1te obmedzen\u00fd rozpo\u010det a chcete sa venova\u0165 napr\u00edklad portr\u00e9tnej fotografii, rad\u0161ej investujte do \u0161pi\u010dkov\u00e9ho objekt\u00edvu a z\u00e1kladn\u00e9ho tela. <span data-language-for-alternatives=\"sk\" data-language-to-translate-into=\"cs\" data-phrase-index=\"4\" data-number-of-phrases=\"7\">Naopak, ak chcete fotografova\u0165 r\u00fdchlu akciu, vyu\u017eijete fotoapar\u00e1t s r\u00fdchlym sekven\u010dn\u00fdm sn\u00edman\u00edm a spo\u013eahliv\u00fdm ostren\u00edm.<\/span> Ak by ste mali k v\u00fdberu fotoapar\u00e1tu ak\u00fako\u013evek \u010fal\u0161iu ot\u00e1zku, nap\u00ed\u0161te n\u00e1m, radi porad\u00edme s v\u00fdberom.<\/p>\n","protected":false},"excerpt":{"rendered":"<p>Rozhodli ste sa k\u00fapi\u0165 nov\u00fd digit\u00e1lny fotoapar\u00e1t? Po pre\u010d\u00edtan\u00ed tohto \u010dl\u00e1nku budete ma\u0165 jasno v tom, ako postupova\u0165, ak\u00e9 parametre sledova\u0165, a ak\u00fd typ fotoapar\u00e1tu vybra\u0165. Ak ste za\u010diato\u010dn\u00edk a vyber\u00e1te fotoapar\u00e1t, m\u00f4\u017eete sa obr\u00e1ti\u0165 na zn\u00e1meho alebo kamar\u00e1ta fotografa, op\u00fdta\u0165 sa na nejakom diskusnom f\u00f3re, alebo treba nav\u0161t\u00edvi\u0165 niektor\u00fa z na\u0161ich predajn\u00ed a z\u00edska\u0165 [&hellip;]<\/p>\n","protected":false},"author":43,"featured_media":47775,"comment_status":"open","ping_status":"open","sticky":false,"template":"","format":"standard","meta":[],"categories":[3,49],"tags":[96,112,64,102],"yoast_head":"<!-- This site is optimized with the Yoast SEO plugin v19.1 - https:\/\/yoast.com\/wordpress\/plugins\/seo\/ -->\n<title>Ako vybra\u0165 fotoapar\u00e1t: kompletn\u00fd sprievodca - CEWE Fotolab blog<\/title>\n<meta name=\"description\" content=\"Rozhodli ste sa k\u00fapi\u0165 nov\u00fd digit\u00e1lny fotoapar\u00e1t? Po pre\u010d\u00edtan\u00ed tohto \u010dl\u00e1nku budete ma\u0165 jasno v tom, ako postupova\u0165, ak\u00e9 parametre sledova\u0165 a ak\u00fd typ fotoapar\u00e1tu vybra\u0165.\" \/>\n<meta name=\"robots\" content=\"index, follow, max-snippet:-1, max-image-preview:large, max-video-preview:-1\" \/>\n<link rel=\"canonical\" href=\"https:\/\/www.fotolab.sk\/blog\/ako-vybrat-fotoaparat-kompletny-sprievodca\/\" \/>\n<meta property=\"og:locale\" content=\"sk_SK\" \/>\n<meta property=\"og:type\" content=\"article\" \/>\n<meta property=\"og:title\" content=\"Ako vybra\u0165 fotoapar\u00e1t: kompletn\u00fd sprievodca - CEWE Fotolab blog\" \/>\n<meta property=\"og:description\" content=\"Rozhodli ste sa k\u00fapi\u0165 nov\u00fd digit\u00e1lny fotoapar\u00e1t? Po pre\u010d\u00edtan\u00ed tohto \u010dl\u00e1nku budete ma\u0165 jasno v tom, ako postupova\u0165, ak\u00e9 parametre sledova\u0165 a ak\u00fd typ fotoapar\u00e1tu vybra\u0165.\" \/>\n<meta property=\"og:url\" content=\"https:\/\/www.fotolab.sk\/blog\/ako-vybrat-fotoaparat-kompletny-sprievodca\/\" \/>\n<meta property=\"og:site_name\" content=\"CEWE Fotolab blog\" \/>\n<meta property=\"article:published_time\" content=\"2022-01-14T13:04:01+00:00\" \/>\n<meta property=\"article:modified_time\" content=\"2022-01-14T13:33:03+00:00\" \/>\n<meta property=\"og:image\" content=\"https:\/\/blog.fotolab.sk\/wp-content\/uploads\/2022\/01\/05-title.jpg\" \/>\n\t<meta property=\"og:image:width\" content=\"1400\" \/>\n\t<meta property=\"og:image:height\" content=\"1050\" \/>\n\t<meta property=\"og:image:type\" content=\"image\/jpeg\" \/>\n<meta name=\"twitter:label1\" content=\"Autor:\" \/>\n\t<meta name=\"twitter:data1\" content=\"Karol Srnec\" \/>\n\t<meta name=\"twitter:label2\" content=\"Predpokladan\u00fd \u010das \u010d\u00edtania\" \/>\n\t<meta name=\"twitter:data2\" content=\"20 min\u00fat\" \/>\n<script type=\"application\/ld+json\" class=\"yoast-schema-graph\">{\"@context\":\"https:\/\/schema.org\",\"@graph\":[{\"@type\":\"WebSite\",\"@id\":\"https:\/\/www.fotolab.sk\/blog\/#website\",\"url\":\"https:\/\/www.fotolab.sk\/blog\/\",\"name\":\"CEWE Fotolab blog\",\"description\":\"Blog ur\u010den\u00fd pre fan\u00fa\u0161ikov fotografie a sveta okolo nej.\",\"potentialAction\":[{\"@type\":\"SearchAction\",\"target\":{\"@type\":\"EntryPoint\",\"urlTemplate\":\"https:\/\/www.fotolab.sk\/blog\/?s={search_term_string}\"},\"query-input\":\"required name=search_term_string\"}],\"inLanguage\":\"sk-SK\"},{\"@type\":\"ImageObject\",\"inLanguage\":\"sk-SK\",\"@id\":\"https:\/\/www.fotolab.sk\/blog\/ako-vybrat-fotoaparat-kompletny-sprievodca\/#primaryimage\",\"url\":\"https:\/\/blog.fotolab.sk\/wp-content\/uploads\/2022\/01\/05-title.jpg\",\"contentUrl\":\"https:\/\/blog.fotolab.sk\/wp-content\/uploads\/2022\/01\/05-title.jpg\",\"width\":1400,\"height\":1050},{\"@type\":\"WebPage\",\"@id\":\"https:\/\/www.fotolab.sk\/blog\/ako-vybrat-fotoaparat-kompletny-sprievodca\/#webpage\",\"url\":\"https:\/\/www.fotolab.sk\/blog\/ako-vybrat-fotoaparat-kompletny-sprievodca\/\",\"name\":\"Ako vybra\u0165 fotoapar\u00e1t: kompletn\u00fd sprievodca - CEWE Fotolab blog\",\"isPartOf\":{\"@id\":\"https:\/\/www.fotolab.sk\/blog\/#website\"},\"primaryImageOfPage\":{\"@id\":\"https:\/\/www.fotolab.sk\/blog\/ako-vybrat-fotoaparat-kompletny-sprievodca\/#primaryimage\"},\"datePublished\":\"2022-01-14T13:04:01+00:00\",\"dateModified\":\"2022-01-14T13:33:03+00:00\",\"author\":{\"@id\":\"https:\/\/www.fotolab.sk\/blog\/#\/schema\/person\/abcc511ebe69bfc34a1f5286ac7fdb41\"},\"description\":\"Rozhodli ste sa k\u00fapi\u0165 nov\u00fd digit\u00e1lny fotoapar\u00e1t? Po pre\u010d\u00edtan\u00ed tohto \u010dl\u00e1nku budete ma\u0165 jasno v tom, ako postupova\u0165, ak\u00e9 parametre sledova\u0165 a ak\u00fd typ fotoapar\u00e1tu vybra\u0165.\",\"breadcrumb\":{\"@id\":\"https:\/\/www.fotolab.sk\/blog\/ako-vybrat-fotoaparat-kompletny-sprievodca\/#breadcrumb\"},\"inLanguage\":\"sk-SK\",\"potentialAction\":[{\"@type\":\"ReadAction\",\"target\":[\"https:\/\/www.fotolab.sk\/blog\/ako-vybrat-fotoaparat-kompletny-sprievodca\/\"]}]},{\"@type\":\"BreadcrumbList\",\"@id\":\"https:\/\/www.fotolab.sk\/blog\/ako-vybrat-fotoaparat-kompletny-sprievodca\/#breadcrumb\",\"itemListElement\":[{\"@type\":\"ListItem\",\"position\":1,\"name\":\"Home\",\"item\":\"https:\/\/www.fotolab.sk\/blog\/\"},{\"@type\":\"ListItem\",\"position\":2,\"name\":\"Ako vybra\u0165 fotoapar\u00e1t: kompletn\u00fd sprievodca\"}]},{\"@type\":\"Person\",\"@id\":\"https:\/\/www.fotolab.sk\/blog\/#\/schema\/person\/abcc511ebe69bfc34a1f5286ac7fdb41\",\"name\":\"Karol Srnec\",\"image\":{\"@type\":\"ImageObject\",\"inLanguage\":\"sk-SK\",\"@id\":\"https:\/\/www.fotolab.sk\/blog\/#\/schema\/person\/image\/\",\"url\":\"https:\/\/secure.gravatar.com\/avatar\/8eaae137f9e6c7637a75ee9d8a80c896?s=96&d=mm&r=g\",\"contentUrl\":\"https:\/\/secure.gravatar.com\/avatar\/8eaae137f9e6c7637a75ee9d8a80c896?s=96&d=mm&r=g\",\"caption\":\"Karol Srnec\"},\"url\":\"https:\/\/www.fotolab.sk\/blog\/author\/karol-srnec\/\"}]}<\/script>\n<!-- \/ Yoast SEO plugin. -->","yoast_head_json":{"title":"Ako vybra\u0165 fotoapar\u00e1t: kompletn\u00fd sprievodca - CEWE Fotolab blog","description":"Rozhodli ste sa k\u00fapi\u0165 nov\u00fd digit\u00e1lny fotoapar\u00e1t? Po pre\u010d\u00edtan\u00ed tohto \u010dl\u00e1nku budete ma\u0165 jasno v tom, ako postupova\u0165, ak\u00e9 parametre sledova\u0165 a ak\u00fd typ fotoapar\u00e1tu vybra\u0165.","robots":{"index":"index","follow":"follow","max-snippet":"max-snippet:-1","max-image-preview":"max-image-preview:large","max-video-preview":"max-video-preview:-1"},"canonical":"https:\/\/www.fotolab.sk\/blog\/ako-vybrat-fotoaparat-kompletny-sprievodca\/","og_locale":"sk_SK","og_type":"article","og_title":"Ako vybra\u0165 fotoapar\u00e1t: kompletn\u00fd sprievodca - CEWE Fotolab blog","og_description":"Rozhodli ste sa k\u00fapi\u0165 nov\u00fd digit\u00e1lny fotoapar\u00e1t? Po pre\u010d\u00edtan\u00ed tohto \u010dl\u00e1nku budete ma\u0165 jasno v tom, ako postupova\u0165, ak\u00e9 parametre sledova\u0165 a ak\u00fd typ fotoapar\u00e1tu vybra\u0165.","og_url":"https:\/\/www.fotolab.sk\/blog\/ako-vybrat-fotoaparat-kompletny-sprievodca\/","og_site_name":"CEWE Fotolab blog","article_published_time":"2022-01-14T13:04:01+00:00","article_modified_time":"2022-01-14T13:33:03+00:00","og_image":[{"width":1400,"height":1050,"url":"https:\/\/blog.fotolab.sk\/wp-content\/uploads\/2022\/01\/05-title.jpg","type":"image\/jpeg"}],"twitter_misc":{"Autor:":"Karol Srnec","Predpokladan\u00fd \u010das \u010d\u00edtania":"20 min\u00fat"},"schema":{"@context":"https:\/\/schema.org","@graph":[{"@type":"WebSite","@id":"https:\/\/www.fotolab.sk\/blog\/#website","url":"https:\/\/www.fotolab.sk\/blog\/","name":"CEWE Fotolab blog","description":"Blog ur\u010den\u00fd pre fan\u00fa\u0161ikov fotografie a sveta okolo nej.","potentialAction":[{"@type":"SearchAction","target":{"@type":"EntryPoint","urlTemplate":"https:\/\/www.fotolab.sk\/blog\/?s={search_term_string}"},"query-input":"required name=search_term_string"}],"inLanguage":"sk-SK"},{"@type":"ImageObject","inLanguage":"sk-SK","@id":"https:\/\/www.fotolab.sk\/blog\/ako-vybrat-fotoaparat-kompletny-sprievodca\/#primaryimage","url":"https:\/\/blog.fotolab.sk\/wp-content\/uploads\/2022\/01\/05-title.jpg","contentUrl":"https:\/\/blog.fotolab.sk\/wp-content\/uploads\/2022\/01\/05-title.jpg","width":1400,"height":1050},{"@type":"WebPage","@id":"https:\/\/www.fotolab.sk\/blog\/ako-vybrat-fotoaparat-kompletny-sprievodca\/#webpage","url":"https:\/\/www.fotolab.sk\/blog\/ako-vybrat-fotoaparat-kompletny-sprievodca\/","name":"Ako vybra\u0165 fotoapar\u00e1t: kompletn\u00fd sprievodca - CEWE Fotolab blog","isPartOf":{"@id":"https:\/\/www.fotolab.sk\/blog\/#website"},"primaryImageOfPage":{"@id":"https:\/\/www.fotolab.sk\/blog\/ako-vybrat-fotoaparat-kompletny-sprievodca\/#primaryimage"},"datePublished":"2022-01-14T13:04:01+00:00","dateModified":"2022-01-14T13:33:03+00:00","author":{"@id":"https:\/\/www.fotolab.sk\/blog\/#\/schema\/person\/abcc511ebe69bfc34a1f5286ac7fdb41"},"description":"Rozhodli ste sa k\u00fapi\u0165 nov\u00fd digit\u00e1lny fotoapar\u00e1t? Po pre\u010d\u00edtan\u00ed tohto \u010dl\u00e1nku budete ma\u0165 jasno v tom, ako postupova\u0165, ak\u00e9 parametre sledova\u0165 a ak\u00fd typ fotoapar\u00e1tu vybra\u0165.","breadcrumb":{"@id":"https:\/\/www.fotolab.sk\/blog\/ako-vybrat-fotoaparat-kompletny-sprievodca\/#breadcrumb"},"inLanguage":"sk-SK","potentialAction":[{"@type":"ReadAction","target":["https:\/\/www.fotolab.sk\/blog\/ako-vybrat-fotoaparat-kompletny-sprievodca\/"]}]},{"@type":"BreadcrumbList","@id":"https:\/\/www.fotolab.sk\/blog\/ako-vybrat-fotoaparat-kompletny-sprievodca\/#breadcrumb","itemListElement":[{"@type":"ListItem","position":1,"name":"Home","item":"https:\/\/www.fotolab.sk\/blog\/"},{"@type":"ListItem","position":2,"name":"Ako vybra\u0165 fotoapar\u00e1t: kompletn\u00fd sprievodca"}]},{"@type":"Person","@id":"https:\/\/www.fotolab.sk\/blog\/#\/schema\/person\/abcc511ebe69bfc34a1f5286ac7fdb41","name":"Karol Srnec","image":{"@type":"ImageObject","inLanguage":"sk-SK","@id":"https:\/\/www.fotolab.sk\/blog\/#\/schema\/person\/image\/","url":"https:\/\/secure.gravatar.com\/avatar\/8eaae137f9e6c7637a75ee9d8a80c896?s=96&d=mm&r=g","contentUrl":"https:\/\/secure.gravatar.com\/avatar\/8eaae137f9e6c7637a75ee9d8a80c896?s=96&d=mm&r=g","caption":"Karol Srnec"},"url":"https:\/\/www.fotolab.sk\/blog\/author\/karol-srnec\/"}]}},"_links":{"self":[{"href":"https:\/\/www.fotolab.sk\/blog\/wp-json\/wp\/v2\/posts\/47761"}],"collection":[{"href":"https:\/\/www.fotolab.sk\/blog\/wp-json\/wp\/v2\/posts"}],"about":[{"href":"https:\/\/www.fotolab.sk\/blog\/wp-json\/wp\/v2\/types\/post"}],"author":[{"embeddable":true,"href":"https:\/\/www.fotolab.sk\/blog\/wp-json\/wp\/v2\/users\/43"}],"replies":[{"embeddable":true,"href":"https:\/\/www.fotolab.sk\/blog\/wp-json\/wp\/v2\/comments?post=47761"}],"version-history":[{"count":19,"href":"https:\/\/www.fotolab.sk\/blog\/wp-json\/wp\/v2\/posts\/47761\/revisions"}],"predecessor-version":[{"id":47792,"href":"https:\/\/www.fotolab.sk\/blog\/wp-json\/wp\/v2\/posts\/47761\/revisions\/47792"}],"wp:featuredmedia":[{"embeddable":true,"href":"https:\/\/www.fotolab.sk\/blog\/wp-json\/wp\/v2\/media\/47775"}],"wp:attachment":[{"href":"https:\/\/www.fotolab.sk\/blog\/wp-json\/wp\/v2\/media?parent=47761"}],"wp:term":[{"taxonomy":"category","embeddable":true,"href":"https:\/\/www.fotolab.sk\/blog\/wp-json\/wp\/v2\/categories?post=47761"},{"taxonomy":"post_tag","embeddable":true,"href":"https:\/\/www.fotolab.sk\/blog\/wp-json\/wp\/v2\/tags?post=47761"}],"curies":[{"name":"wp","href":"https:\/\/api.w.org\/{rel}","templated":true}]}}