
{"id":47700,"date":"2023-12-18T14:30:17","date_gmt":"2023-12-18T13:30:17","guid":{"rendered":"https:\/\/www.fotolab.sk\/blog\/?p=47700"},"modified":"2023-12-18T14:35:40","modified_gmt":"2023-12-18T13:35:40","slug":"darceky-na-poslednu-chvilu-2","status":"publish","type":"post","link":"https:\/\/www.fotolab.sk\/blog\/darceky-na-poslednu-chvilu-2\/","title":{"rendered":"Dar\u010deky na posledn\u00fa chv\u00ed\u013eu"},"content":{"rendered":"<h5>Koniec z\u00fafal\u00e9ho h\u013eadania! Ak sa v\u00e1m nepodarilo z\u00edska\u0165 v\u0161etky dar\u010deky v\u010das, nez\u00fafajte. M\u00e1me pre v\u00e1s nieko\u013eko tipov na origin\u00e1lne dar\u010deky, ktor\u00e9 m\u00f4\u017eete vytvori\u0165 z vlastn\u00fdch fotografi\u00ed za p\u00e1r min\u00fat.<\/h5>\n<p>V\u0161etky dar\u010deky na posledn\u00fa chv\u00ed\u013eu dok\u00e1\u017eete vytvori\u0165 v ktorejko\u013evek <a href=\"https:\/\/www.cewe.sk\/nase-predajne.html\" target=\"_blank\" rel=\"noopener\"><strong>na\u0161ej predajni<\/strong><\/a> po celom Slovensku.<\/p>\n<p><img decoding=\"async\" loading=\"lazy\" class=\"alignnone size-full wp-image-47703\" src=\"https:\/\/blog.fotolab.sk\/wp-content\/uploads\/2021\/12\/d1.jpg\" alt=\"\" width=\"1387\" height=\"925\" \/><\/p>\n<h5>Srdie\u010dkov\u00e1 alebo snehov\u00e1 gu\u013ea s fotopotla\u010dou<\/h5>\n<p><strong>Srdie\u010dkov\u00fa alebo snehov\u00fa gu\u013eu s fotopotla\u010dou<\/strong> vytvor\u00edte za okamih. Sta\u010d\u00ed si fotografie vytla\u010di\u0165 na <a href=\"https:\/\/www.cewe.sk\/fotografie\/cewe-foto-ihned.html\" target=\"_blank\" rel=\"noopener\"><strong>fotostanici<\/strong><\/a>, potom ich vystrihn\u00fa\u0165 pod\u013ea \u0161abl\u00f3ny do po\u017eadovan\u00e9ho tvaru a trad\u00e1 &#8211; skvel\u00fd dar\u010dek je na svete! Tak\u00fdto dar\u010dek m\u00f4\u017eete darova\u0165 svojmu partnerovi na pracovn\u00fd st\u00f4l alebo do detskej izby.<\/p>\n<p><img decoding=\"async\" loading=\"lazy\" class=\"alignnone size-full wp-image-47707\" src=\"https:\/\/blog.fotolab.sk\/wp-content\/uploads\/2021\/12\/d2.jpg\" alt=\"\" width=\"1387\" height=\"925\" \/><\/p>\n<p>Snehov\u00e1 aj srdcov\u00e1 gu\u013ea je obojstrann\u00e1, v\u010faka \u010domu m\u00f4\u017eete na ka\u017ed\u00fa stranu \u0165a\u017e\u00edtka pou\u017ei\u0165 odli\u0161n\u00fa fotografiu.<\/p>\n<h5>K\u013e\u00fa\u010denka<\/h5>\n<p>Mal\u00e1 fotografia &#8211; ve\u013ek\u00fd v\u00fdznam. Vytvorte pre svojich bl\u00edzkych k\u013e\u00fa\u010denku s ich vlastnou fotografiou, ktor\u00fa bud\u00fa ma\u0165 st\u00e1le pri sebe. Zaberie v\u00e1m to p\u00e1r min\u00fat, no urob\u00edte t\u00fdm obrovsk\u00fa rados\u0165. V obchodoch n\u00e1jdete <strong>dva typy &#8211; kovov\u00fa a plastov\u00fa k\u013e\u00fa\u010denku.<\/strong><\/p>\n<p><img decoding=\"async\" loading=\"lazy\" class=\"alignnone size-full wp-image-47706\" src=\"https:\/\/blog.fotolab.sk\/wp-content\/uploads\/2021\/12\/d3.jpg\" alt=\"\" width=\"1387\" height=\"925\" \/><\/p>\n<p>Ak potrebujete poradi\u0165, nev\u00e1hajte sa obr\u00e1ti\u0165 na na\u0161ich ochotn\u00fdch a profesion\u00e1lnych predajcov, ktor\u00ed v\u00e1m so v\u0161etk\u00fdm radi pom\u00f4\u017eu.<\/p>\n<h5>CEWE foto ihne\u010f<\/h5>\n<p><strong>Ke\u010f darujete spomienky, d\u00e1vate ten najcennej\u0161\u00ed dar.<\/strong> Vytla\u010dte si tie najlep\u0161ie fotografie z uplynul\u00e9ho roka, vyberte si z mnoh\u00fdch druhov fotoalbumov, vlo\u017ete do nich fotografie a z\u00edskate dar\u010dek, ktor\u00fd bude robi\u0165 rados\u0165 nav\u017edy.<\/p>\n<p><img decoding=\"async\" loading=\"lazy\" class=\"alignnone size-full wp-image-47705\" src=\"https:\/\/blog.fotolab.sk\/wp-content\/uploads\/2021\/12\/d4.jpg\" alt=\"\" width=\"1387\" height=\"925\" \/><\/p>\n<h5>Fotka v r\u00e1m\u010deku<\/h5>\n<p>A na z\u00e1ver dar\u010dek, ktor\u00fd je pripraven\u00fd doslova za 5 min\u00fat. Na tak\u00fdto dar\u010dek budete potrebova\u0165 len jednu fotografiu a vhodn\u00fd r\u00e1m. V na\u0161ich <b>predajniach <\/b>m\u00e1me na v\u00fdber naozaj ve\u013ek\u00e9 mno\u017estvo, sta\u010d\u00ed si len vybra\u0165. Dokonalos\u0165, v\u0161ak?<\/p>\n<p><img decoding=\"async\" loading=\"lazy\" class=\"alignnone size-full wp-image-47704\" src=\"https:\/\/blog.fotolab.sk\/wp-content\/uploads\/2021\/12\/d5.jpg\" alt=\"\" width=\"1387\" height=\"925\" \/><\/p>\n<p>Ako vid\u00edte, aj na posledn\u00fa chv\u00ed\u013eu m\u00f4\u017eete vytvori\u0165 kr\u00e1sne viano\u010dn\u00e9 dar\u010deky, ktor\u00e9 pote\u0161ia va\u0161ich bl\u00edzkych a mo\u017eno aj viac ako drah\u00e9 dar\u010deky za tis\u00edce \ud83d\ude09<\/p>\n<p>Prajeme v\u00e1m kr\u00e1sne a hlavne pokojn\u00e9 Vianoce!<\/p>\n","protected":false},"excerpt":{"rendered":"<p>Koniec z\u00fafal\u00e9ho h\u013eadania! Ak sa v\u00e1m nepodarilo z\u00edska\u0165 v\u0161etky dar\u010deky v\u010das, nez\u00fafajte. M\u00e1me pre v\u00e1s nieko\u013eko tipov na origin\u00e1lne dar\u010deky, ktor\u00e9 m\u00f4\u017eete vytvori\u0165 z vlastn\u00fdch fotografi\u00ed za p\u00e1r min\u00fat. V\u0161etky dar\u010deky na posledn\u00fa chv\u00ed\u013eu dok\u00e1\u017eete vytvori\u0165 v ktorejko\u013evek na\u0161ej predajni po celom Slovensku. Srdie\u010dkov\u00e1 alebo snehov\u00e1 gu\u013ea s fotopotla\u010dou Srdie\u010dkov\u00fa alebo snehov\u00fa gu\u013eu s fotopotla\u010dou [&hellip;]<\/p>\n","protected":false},"author":41,"featured_media":47705,"comment_status":"open","ping_status":"open","sticky":false,"template":"","format":"standard","meta":[],"categories":[51,52],"tags":[107,183,98,99,119],"yoast_head":"<!-- This site is optimized with the Yoast SEO plugin v19.1 - https:\/\/yoast.com\/wordpress\/plugins\/seo\/ -->\n<title>Dar\u010deky na posledn\u00fa chv\u00ed\u013eu - CEWE Fotolab blog<\/title>\n<meta name=\"description\" content=\"Koniec z\u00fafal\u00e9ho h\u013eadania! Ak sa v\u00e1m nepodarilo z\u00edska\u0165 v\u0161etky dar\u010deky v\u010das, nez\u00fafajte. M\u00e1me pre v\u00e1s nieko\u013eko tipov na origin\u00e1lne dar\u010deky, ktor\u00e9 m\u00f4\u017eete vytvori\u0165 z vlastn\u00fdch fotografi\u00ed za p\u00e1r min\u00fat.\" \/>\n<meta name=\"robots\" content=\"index, follow, max-snippet:-1, max-image-preview:large, max-video-preview:-1\" \/>\n<link rel=\"canonical\" href=\"https:\/\/www.fotolab.sk\/blog\/darceky-na-poslednu-chvilu-2\/\" \/>\n<meta property=\"og:locale\" content=\"sk_SK\" \/>\n<meta property=\"og:type\" content=\"article\" \/>\n<meta property=\"og:title\" content=\"Dar\u010deky na posledn\u00fa chv\u00ed\u013eu - CEWE Fotolab blog\" \/>\n<meta property=\"og:description\" content=\"Koniec z\u00fafal\u00e9ho h\u013eadania! Ak sa v\u00e1m nepodarilo z\u00edska\u0165 v\u0161etky dar\u010deky v\u010das, nez\u00fafajte. M\u00e1me pre v\u00e1s nieko\u013eko tipov na origin\u00e1lne dar\u010deky, ktor\u00e9 m\u00f4\u017eete vytvori\u0165 z vlastn\u00fdch fotografi\u00ed za p\u00e1r min\u00fat.\" \/>\n<meta property=\"og:url\" content=\"https:\/\/www.fotolab.sk\/blog\/darceky-na-poslednu-chvilu-2\/\" \/>\n<meta property=\"og:site_name\" content=\"CEWE Fotolab blog\" \/>\n<meta property=\"article:published_time\" content=\"2023-12-18T13:30:17+00:00\" \/>\n<meta property=\"article:modified_time\" content=\"2023-12-18T13:35:40+00:00\" \/>\n<meta property=\"og:image\" content=\"https:\/\/blog.fotolab.sk\/wp-content\/uploads\/2021\/12\/d4.jpg\" \/>\n\t<meta property=\"og:image:width\" content=\"1387\" \/>\n\t<meta property=\"og:image:height\" content=\"925\" \/>\n\t<meta property=\"og:image:type\" content=\"image\/jpeg\" \/>\n<meta name=\"twitter:label1\" content=\"Autor:\" \/>\n\t<meta name=\"twitter:data1\" content=\"Redakcia CEWE\" \/>\n\t<meta name=\"twitter:label2\" content=\"Predpokladan\u00fd \u010das \u010d\u00edtania\" \/>\n\t<meta name=\"twitter:data2\" content=\"2 min\u00faty\" \/>\n<script type=\"application\/ld+json\" class=\"yoast-schema-graph\">{\"@context\":\"https:\/\/schema.org\",\"@graph\":[{\"@type\":\"WebSite\",\"@id\":\"https:\/\/www.fotolab.sk\/blog\/#website\",\"url\":\"https:\/\/www.fotolab.sk\/blog\/\",\"name\":\"CEWE Fotolab blog\",\"description\":\"Blog ur\u010den\u00fd pre fan\u00fa\u0161ikov fotografie a sveta okolo nej.\",\"potentialAction\":[{\"@type\":\"SearchAction\",\"target\":{\"@type\":\"EntryPoint\",\"urlTemplate\":\"https:\/\/www.fotolab.sk\/blog\/?s={search_term_string}\"},\"query-input\":\"required name=search_term_string\"}],\"inLanguage\":\"sk-SK\"},{\"@type\":\"ImageObject\",\"inLanguage\":\"sk-SK\",\"@id\":\"https:\/\/www.fotolab.sk\/blog\/darceky-na-poslednu-chvilu-2\/#primaryimage\",\"url\":\"https:\/\/blog.fotolab.sk\/wp-content\/uploads\/2021\/12\/d4.jpg\",\"contentUrl\":\"https:\/\/blog.fotolab.sk\/wp-content\/uploads\/2021\/12\/d4.jpg\",\"width\":1387,\"height\":925},{\"@type\":\"WebPage\",\"@id\":\"https:\/\/www.fotolab.sk\/blog\/darceky-na-poslednu-chvilu-2\/#webpage\",\"url\":\"https:\/\/www.fotolab.sk\/blog\/darceky-na-poslednu-chvilu-2\/\",\"name\":\"Dar\u010deky na posledn\u00fa chv\u00ed\u013eu - CEWE Fotolab blog\",\"isPartOf\":{\"@id\":\"https:\/\/www.fotolab.sk\/blog\/#website\"},\"primaryImageOfPage\":{\"@id\":\"https:\/\/www.fotolab.sk\/blog\/darceky-na-poslednu-chvilu-2\/#primaryimage\"},\"datePublished\":\"2023-12-18T13:30:17+00:00\",\"dateModified\":\"2023-12-18T13:35:40+00:00\",\"author\":{\"@id\":\"https:\/\/www.fotolab.sk\/blog\/#\/schema\/person\/7857aea021b4560af0d06d2abe97110b\"},\"description\":\"Koniec z\u00fafal\u00e9ho h\u013eadania! Ak sa v\u00e1m nepodarilo z\u00edska\u0165 v\u0161etky dar\u010deky v\u010das, nez\u00fafajte. M\u00e1me pre v\u00e1s nieko\u013eko tipov na origin\u00e1lne dar\u010deky, ktor\u00e9 m\u00f4\u017eete vytvori\u0165 z vlastn\u00fdch fotografi\u00ed za p\u00e1r min\u00fat.\",\"breadcrumb\":{\"@id\":\"https:\/\/www.fotolab.sk\/blog\/darceky-na-poslednu-chvilu-2\/#breadcrumb\"},\"inLanguage\":\"sk-SK\",\"potentialAction\":[{\"@type\":\"ReadAction\",\"target\":[\"https:\/\/www.fotolab.sk\/blog\/darceky-na-poslednu-chvilu-2\/\"]}]},{\"@type\":\"BreadcrumbList\",\"@id\":\"https:\/\/www.fotolab.sk\/blog\/darceky-na-poslednu-chvilu-2\/#breadcrumb\",\"itemListElement\":[{\"@type\":\"ListItem\",\"position\":1,\"name\":\"Home\",\"item\":\"https:\/\/www.fotolab.sk\/blog\/\"},{\"@type\":\"ListItem\",\"position\":2,\"name\":\"Dar\u010deky na posledn\u00fa chv\u00ed\u013eu\"}]},{\"@type\":\"Person\",\"@id\":\"https:\/\/www.fotolab.sk\/blog\/#\/schema\/person\/7857aea021b4560af0d06d2abe97110b\",\"name\":\"Redakcia CEWE\",\"image\":{\"@type\":\"ImageObject\",\"inLanguage\":\"sk-SK\",\"@id\":\"https:\/\/www.fotolab.sk\/blog\/#\/schema\/person\/image\/\",\"url\":\"https:\/\/secure.gravatar.com\/avatar\/e27c65ada54cc066e94388632d402763?s=96&d=mm&r=g\",\"contentUrl\":\"https:\/\/secure.gravatar.com\/avatar\/e27c65ada54cc066e94388632d402763?s=96&d=mm&r=g\",\"caption\":\"Redakcia CEWE\"},\"sameAs\":[\"https:\/\/www.instagram.com\/cewe.sk\/\"],\"url\":\"https:\/\/www.fotolab.sk\/blog\/author\/cewe-redakcia\/\"}]}<\/script>\n<!-- \/ Yoast SEO plugin. -->","yoast_head_json":{"title":"Dar\u010deky na posledn\u00fa chv\u00ed\u013eu - CEWE Fotolab blog","description":"Koniec z\u00fafal\u00e9ho h\u013eadania! Ak sa v\u00e1m nepodarilo z\u00edska\u0165 v\u0161etky dar\u010deky v\u010das, nez\u00fafajte. M\u00e1me pre v\u00e1s nieko\u013eko tipov na origin\u00e1lne dar\u010deky, ktor\u00e9 m\u00f4\u017eete vytvori\u0165 z vlastn\u00fdch fotografi\u00ed za p\u00e1r min\u00fat.","robots":{"index":"index","follow":"follow","max-snippet":"max-snippet:-1","max-image-preview":"max-image-preview:large","max-video-preview":"max-video-preview:-1"},"canonical":"https:\/\/www.fotolab.sk\/blog\/darceky-na-poslednu-chvilu-2\/","og_locale":"sk_SK","og_type":"article","og_title":"Dar\u010deky na posledn\u00fa chv\u00ed\u013eu - CEWE Fotolab blog","og_description":"Koniec z\u00fafal\u00e9ho h\u013eadania! Ak sa v\u00e1m nepodarilo z\u00edska\u0165 v\u0161etky dar\u010deky v\u010das, nez\u00fafajte. M\u00e1me pre v\u00e1s nieko\u013eko tipov na origin\u00e1lne dar\u010deky, ktor\u00e9 m\u00f4\u017eete vytvori\u0165 z vlastn\u00fdch fotografi\u00ed za p\u00e1r min\u00fat.","og_url":"https:\/\/www.fotolab.sk\/blog\/darceky-na-poslednu-chvilu-2\/","og_site_name":"CEWE Fotolab blog","article_published_time":"2023-12-18T13:30:17+00:00","article_modified_time":"2023-12-18T13:35:40+00:00","og_image":[{"width":1387,"height":925,"url":"https:\/\/blog.fotolab.sk\/wp-content\/uploads\/2021\/12\/d4.jpg","type":"image\/jpeg"}],"twitter_misc":{"Autor:":"Redakcia CEWE","Predpokladan\u00fd \u010das \u010d\u00edtania":"2 min\u00faty"},"schema":{"@context":"https:\/\/schema.org","@graph":[{"@type":"WebSite","@id":"https:\/\/www.fotolab.sk\/blog\/#website","url":"https:\/\/www.fotolab.sk\/blog\/","name":"CEWE Fotolab blog","description":"Blog ur\u010den\u00fd pre fan\u00fa\u0161ikov fotografie a sveta okolo nej.","potentialAction":[{"@type":"SearchAction","target":{"@type":"EntryPoint","urlTemplate":"https:\/\/www.fotolab.sk\/blog\/?s={search_term_string}"},"query-input":"required name=search_term_string"}],"inLanguage":"sk-SK"},{"@type":"ImageObject","inLanguage":"sk-SK","@id":"https:\/\/www.fotolab.sk\/blog\/darceky-na-poslednu-chvilu-2\/#primaryimage","url":"https:\/\/blog.fotolab.sk\/wp-content\/uploads\/2021\/12\/d4.jpg","contentUrl":"https:\/\/blog.fotolab.sk\/wp-content\/uploads\/2021\/12\/d4.jpg","width":1387,"height":925},{"@type":"WebPage","@id":"https:\/\/www.fotolab.sk\/blog\/darceky-na-poslednu-chvilu-2\/#webpage","url":"https:\/\/www.fotolab.sk\/blog\/darceky-na-poslednu-chvilu-2\/","name":"Dar\u010deky na posledn\u00fa chv\u00ed\u013eu - CEWE Fotolab blog","isPartOf":{"@id":"https:\/\/www.fotolab.sk\/blog\/#website"},"primaryImageOfPage":{"@id":"https:\/\/www.fotolab.sk\/blog\/darceky-na-poslednu-chvilu-2\/#primaryimage"},"datePublished":"2023-12-18T13:30:17+00:00","dateModified":"2023-12-18T13:35:40+00:00","author":{"@id":"https:\/\/www.fotolab.sk\/blog\/#\/schema\/person\/7857aea021b4560af0d06d2abe97110b"},"description":"Koniec z\u00fafal\u00e9ho h\u013eadania! Ak sa v\u00e1m nepodarilo z\u00edska\u0165 v\u0161etky dar\u010deky v\u010das, nez\u00fafajte. M\u00e1me pre v\u00e1s nieko\u013eko tipov na origin\u00e1lne dar\u010deky, ktor\u00e9 m\u00f4\u017eete vytvori\u0165 z vlastn\u00fdch fotografi\u00ed za p\u00e1r min\u00fat.","breadcrumb":{"@id":"https:\/\/www.fotolab.sk\/blog\/darceky-na-poslednu-chvilu-2\/#breadcrumb"},"inLanguage":"sk-SK","potentialAction":[{"@type":"ReadAction","target":["https:\/\/www.fotolab.sk\/blog\/darceky-na-poslednu-chvilu-2\/"]}]},{"@type":"BreadcrumbList","@id":"https:\/\/www.fotolab.sk\/blog\/darceky-na-poslednu-chvilu-2\/#breadcrumb","itemListElement":[{"@type":"ListItem","position":1,"name":"Home","item":"https:\/\/www.fotolab.sk\/blog\/"},{"@type":"ListItem","position":2,"name":"Dar\u010deky na posledn\u00fa chv\u00ed\u013eu"}]},{"@type":"Person","@id":"https:\/\/www.fotolab.sk\/blog\/#\/schema\/person\/7857aea021b4560af0d06d2abe97110b","name":"Redakcia CEWE","image":{"@type":"ImageObject","inLanguage":"sk-SK","@id":"https:\/\/www.fotolab.sk\/blog\/#\/schema\/person\/image\/","url":"https:\/\/secure.gravatar.com\/avatar\/e27c65ada54cc066e94388632d402763?s=96&d=mm&r=g","contentUrl":"https:\/\/secure.gravatar.com\/avatar\/e27c65ada54cc066e94388632d402763?s=96&d=mm&r=g","caption":"Redakcia CEWE"},"sameAs":["https:\/\/www.instagram.com\/cewe.sk\/"],"url":"https:\/\/www.fotolab.sk\/blog\/author\/cewe-redakcia\/"}]}},"_links":{"self":[{"href":"https:\/\/www.fotolab.sk\/blog\/wp-json\/wp\/v2\/posts\/47700"}],"collection":[{"href":"https:\/\/www.fotolab.sk\/blog\/wp-json\/wp\/v2\/posts"}],"about":[{"href":"https:\/\/www.fotolab.sk\/blog\/wp-json\/wp\/v2\/types\/post"}],"author":[{"embeddable":true,"href":"https:\/\/www.fotolab.sk\/blog\/wp-json\/wp\/v2\/users\/41"}],"replies":[{"embeddable":true,"href":"https:\/\/www.fotolab.sk\/blog\/wp-json\/wp\/v2\/comments?post=47700"}],"version-history":[{"count":6,"href":"https:\/\/www.fotolab.sk\/blog\/wp-json\/wp\/v2\/posts\/47700\/revisions"}],"predecessor-version":[{"id":49218,"href":"https:\/\/www.fotolab.sk\/blog\/wp-json\/wp\/v2\/posts\/47700\/revisions\/49218"}],"wp:featuredmedia":[{"embeddable":true,"href":"https:\/\/www.fotolab.sk\/blog\/wp-json\/wp\/v2\/media\/47705"}],"wp:attachment":[{"href":"https:\/\/www.fotolab.sk\/blog\/wp-json\/wp\/v2\/media?parent=47700"}],"wp:term":[{"taxonomy":"category","embeddable":true,"href":"https:\/\/www.fotolab.sk\/blog\/wp-json\/wp\/v2\/categories?post=47700"},{"taxonomy":"post_tag","embeddable":true,"href":"https:\/\/www.fotolab.sk\/blog\/wp-json\/wp\/v2\/tags?post=47700"}],"curies":[{"name":"wp","href":"https:\/\/api.w.org\/{rel}","templated":true}]}}