
{"id":4465,"date":"2018-02-12T14:13:05","date_gmt":"2018-02-12T13:13:05","guid":{"rendered":"https:\/\/www.fotolab.sk\/blog\/?p=4465"},"modified":"2018-07-11T10:48:28","modified_gmt":"2018-07-11T08:48:28","slug":"nas-svet-je-krasny","status":"publish","type":"post","link":"https:\/\/www.fotolab.sk\/blog\/nas-svet-je-krasny\/","title":{"rendered":"180.000 fotografi\u00ed vo fotos\u00fa\u0165a\u017ei N\u00e1\u0161 svet je kr\u00e1sny"},"content":{"rendered":"<p><span style=\"color: #000000;\">Predstavujeme v\u00fdhern\u00e9 fotografie najv\u00e4\u010d\u0161ej CEWE fotos\u00fa\u0165a\u017ee sveta!<\/span><\/p>\n<p><span style=\"color: #000000;\">CEWE organizovalo od <em>20.9.2016 do 30.6.2017<\/em> medzin\u00e1rodn\u00fa fotos\u00fa\u0165a\u017e <a href=\"http:\/\/sutaz.cewe-fotokniha.sk\/beautiful-world-2016\/sk_sk\/winners\" target=\"_blank\" rel=\"noopener\">Our world is beautiful<\/a> (N\u00e1\u0161 svet je kr\u00e1sny), ktorej sa mohli z\u00fa\u010dastni\u0165 fotografi z cel\u00e9ho sveta. Do fotos\u00fa\u0165a\u017ee sa zapojilo mno\u017estvo fotografov a celkovo prispeli vy\u0161e 180.000 fotografiami, \u010d\u00edm z tejto fotos\u00fa\u0165a\u017ee urobili najv\u00e4\u010d\u0161iu otvoren\u00fa fotos\u00fa\u0165a\u017e sveta za rok 2017. Zo Slovenska sa v TOP 1.000 umiestnilo a\u017e 83 fotografi\u00ed. V\u0161etk\u00fdm umiestnen\u00fdm srde\u010dne gratulujeme. <\/span><\/p>\n<p><span style=\"color: #000000;\">Radi by sme v\u00e1m predstavili prv\u00fdch 6 v\u00fdhern\u00fdch fotografi\u00ed, tieto s\u00fa v\u00fdhercovia jednotliv\u00fdch kateg\u00f3ri\u00ed a jeden z nich sa stal hlavn\u00fdm v\u00fdhercom fotos\u00fa\u0165a\u017ee. Tento rok sa uskuto\u010dnil u\u017e 2. ro\u010dn\u00edk &#8211; v 1. ro\u010dn\u00edku z\u00edskal slovensk\u00fd fotograf Adam Kov\u00e1\u010d cenu za kateg\u00f3riu <a style=\"color: #000000;\" href=\"http:\/\/sutaz.fotolab.sk\/beautiful-world-2014\" target=\"_blank\" rel=\"noopener\"><strong>Krajina<\/strong><\/a> so svojou fotografiou 2+2, \u010d\u00edm sa stal najvy\u0161\u0161ie umiestnen\u00fdm Slov\u00e1kom tejto fotos\u00fa\u0165a\u017ee.<\/span><\/p>\n<p><span style=\"color: #000000;\">Autorom v\u00fdhernej fotografie CEWE fotos\u00fa\u0165a\u017ee &#8220;<a style=\"color: #000000;\" href=\"http:\/\/sutaz.cewe-fotokniha.sk\/beautiful-world-2016\/sk_sk\/winners\" target=\"_blank\" rel=\"noopener\">N\u00e1\u0161 svet je kr\u00e1sny<\/a>&#8221; je fotografia <em>\u00datesy Kal\u00faru<\/em> od fotografa <em>Janne Kahila<\/em> z F\u00ednska.<\/span><\/p>\n<figure id=\"attachment_4467\" aria-describedby=\"caption-attachment-4467\" style=\"width: 770px\" class=\"wp-caption alignnone\"><a href=\"https:\/\/blog.fotolab.sk\/wp-content\/uploads\/2017\/10\/FO-FI-Landscapes-384885-small.jpg\" target=\"_blank\" rel=\"noopener\"><img decoding=\"async\" loading=\"lazy\" class=\"wp-image-4467 size-large\" src=\"https:\/\/blog.fotolab.sk\/wp-content\/uploads\/2017\/10\/FO-FI-Landscapes-384885-small-1024x902.jpg\" alt=\"fotosutaz-cewe-our-world-is-beautiful-1\" width=\"770\" height=\"678\" srcset=\"https:\/\/blog.fotolab.sk\/wp-content\/uploads\/2017\/10\/FO-FI-Landscapes-384885-small-1024x902.jpg 1024w, https:\/\/blog.fotolab.sk\/wp-content\/uploads\/2017\/10\/FO-FI-Landscapes-384885-small-300x264.jpg 300w, https:\/\/blog.fotolab.sk\/wp-content\/uploads\/2017\/10\/FO-FI-Landscapes-384885-small-768x676.jpg 768w, https:\/\/blog.fotolab.sk\/wp-content\/uploads\/2017\/10\/FO-FI-Landscapes-384885-small-740x652.jpg 740w\" sizes=\"(max-width: 770px) 100vw, 770px\" \/><\/a><figcaption id=\"caption-attachment-4467\" class=\"wp-caption-text\"><span style=\"color: #000000;\">V\u00fdhern\u00e1 fotografia kateg\u00f3rie Krajina a z\u00e1rove\u0148 hlavn\u00fd v\u00fdherca celej fotos\u00fa\u0165a\u017ee N\u00e1\u0161 svet je kr\u00e1sny.<\/span><\/figcaption><\/figure>\n<p><strong><span style=\"color: #000000;\">\u010eal\u0161ie v\u00fdhern\u00e9 fotografie medzin\u00e1rodnej fotos\u00fa\u0165a\u017ee, v\u00fdhercovia jednotliv\u00fdch kateg\u00f3ri\u00ed:<\/span><\/strong><\/p>\n<figure id=\"attachment_4470\" aria-describedby=\"caption-attachment-4470\" style=\"width: 770px\" class=\"wp-caption alignnone\"><a href=\"https:\/\/blog.fotolab.sk\/wp-content\/uploads\/2017\/10\/NP-DE-People-274925-small.jpg\" target=\"_blank\" rel=\"noopener\"><img decoding=\"async\" loading=\"lazy\" class=\"wp-image-4470 size-large\" src=\"https:\/\/blog.fotolab.sk\/wp-content\/uploads\/2017\/10\/NP-DE-People-274925-small-1024x713.jpg\" alt=\"fotosutaz-cewe-our-world-is-beautiful-2\" width=\"770\" height=\"536\" srcset=\"https:\/\/blog.fotolab.sk\/wp-content\/uploads\/2017\/10\/NP-DE-People-274925-small-1024x713.jpg 1024w, https:\/\/blog.fotolab.sk\/wp-content\/uploads\/2017\/10\/NP-DE-People-274925-small-300x209.jpg 300w, https:\/\/blog.fotolab.sk\/wp-content\/uploads\/2017\/10\/NP-DE-People-274925-small-768x535.jpg 768w, https:\/\/blog.fotolab.sk\/wp-content\/uploads\/2017\/10\/NP-DE-People-274925-small-740x515.jpg 740w\" sizes=\"(max-width: 770px) 100vw, 770px\" \/><\/a><figcaption id=\"caption-attachment-4470\" class=\"wp-caption-text\"><span style=\"color: #000000;\">V\u00fdhern\u00e1 fotografia kateg\u00f3rie \u013dudia<\/span><\/figcaption><\/figure>\n<figure id=\"attachment_4466\" aria-describedby=\"caption-attachment-4466\" style=\"width: 770px\" class=\"wp-caption alignnone\"><a href=\"https:\/\/blog.fotolab.sk\/wp-content\/uploads\/2017\/10\/AT-AT-Sport-125457-small.jpg\" target=\"_blank\" rel=\"noopener\"><img decoding=\"async\" loading=\"lazy\" class=\"wp-image-4466 size-large\" src=\"https:\/\/blog.fotolab.sk\/wp-content\/uploads\/2017\/10\/AT-AT-Sport-125457-small-1024x613.jpg\" alt=\"cewe-photocontest-Sport\" width=\"770\" height=\"461\" srcset=\"https:\/\/blog.fotolab.sk\/wp-content\/uploads\/2017\/10\/AT-AT-Sport-125457-small-1024x613.jpg 1024w, https:\/\/blog.fotolab.sk\/wp-content\/uploads\/2017\/10\/AT-AT-Sport-125457-small-300x180.jpg 300w, https:\/\/blog.fotolab.sk\/wp-content\/uploads\/2017\/10\/AT-AT-Sport-125457-small-768x460.jpg 768w, https:\/\/blog.fotolab.sk\/wp-content\/uploads\/2017\/10\/AT-AT-Sport-125457-small-740x443.jpg 740w\" sizes=\"(max-width: 770px) 100vw, 770px\" \/><\/a><figcaption id=\"caption-attachment-4466\" class=\"wp-caption-text\"><span style=\"color: #000000;\">V\u00fdhern\u00e1 fotografia kateg\u00f3rie \u0160port<\/span><\/figcaption><\/figure>\n<figure id=\"attachment_4468\" aria-describedby=\"caption-attachment-4468\" style=\"width: 770px\" class=\"wp-caption alignnone\"><a href=\"https:\/\/blog.fotolab.sk\/wp-content\/uploads\/2017\/10\/HU-HU-Architecture-270956-small.jpg\" target=\"_blank\" rel=\"noopener\"><img decoding=\"async\" loading=\"lazy\" class=\"wp-image-4468 size-large\" src=\"https:\/\/blog.fotolab.sk\/wp-content\/uploads\/2017\/10\/HU-HU-Architecture-270956-small-1024x655.jpg\" alt=\"cewe-photocontest--Architecture\" width=\"770\" height=\"493\" srcset=\"https:\/\/blog.fotolab.sk\/wp-content\/uploads\/2017\/10\/HU-HU-Architecture-270956-small-1024x655.jpg 1024w, https:\/\/blog.fotolab.sk\/wp-content\/uploads\/2017\/10\/HU-HU-Architecture-270956-small-300x192.jpg 300w, https:\/\/blog.fotolab.sk\/wp-content\/uploads\/2017\/10\/HU-HU-Architecture-270956-small-768x491.jpg 768w, https:\/\/blog.fotolab.sk\/wp-content\/uploads\/2017\/10\/HU-HU-Architecture-270956-small-470x300.jpg 470w, https:\/\/blog.fotolab.sk\/wp-content\/uploads\/2017\/10\/HU-HU-Architecture-270956-small-740x473.jpg 740w\" sizes=\"(max-width: 770px) 100vw, 770px\" \/><\/a><figcaption id=\"caption-attachment-4468\" class=\"wp-caption-text\"><span style=\"color: #000000;\">V\u00fdhern\u00e1 fotografia kateg\u00f3rie Architekt\u00fara<\/span><\/figcaption><\/figure>\n<figure id=\"attachment_4469\" aria-describedby=\"caption-attachment-4469\" style=\"width: 770px\" class=\"wp-caption alignnone\"><a href=\"https:\/\/blog.fotolab.sk\/wp-content\/uploads\/2017\/10\/IS-CZ-Nature-348311-small.jpg\" target=\"_blank\" rel=\"noopener\"><img decoding=\"async\" loading=\"lazy\" class=\"wp-image-4469 size-large\" src=\"https:\/\/blog.fotolab.sk\/wp-content\/uploads\/2017\/10\/IS-CZ-Nature-348311-small-1024x683.jpg\" alt=\"cewe-photocontest-Nature\" width=\"770\" height=\"514\" srcset=\"https:\/\/blog.fotolab.sk\/wp-content\/uploads\/2017\/10\/IS-CZ-Nature-348311-small-1024x683.jpg 1024w, https:\/\/blog.fotolab.sk\/wp-content\/uploads\/2017\/10\/IS-CZ-Nature-348311-small-300x200.jpg 300w, https:\/\/blog.fotolab.sk\/wp-content\/uploads\/2017\/10\/IS-CZ-Nature-348311-small-768x512.jpg 768w, https:\/\/blog.fotolab.sk\/wp-content\/uploads\/2017\/10\/IS-CZ-Nature-348311-small-740x493.jpg 740w\" sizes=\"(max-width: 770px) 100vw, 770px\" \/><\/a><figcaption id=\"caption-attachment-4469\" class=\"wp-caption-text\"><span style=\"color: #000000;\">V\u00fdhern\u00e1 fotografia kateg\u00f3rie Pr\u00edroda<\/span><\/figcaption><\/figure>\n<figure id=\"attachment_4471\" aria-describedby=\"caption-attachment-4471\" style=\"width: 770px\" class=\"wp-caption alignnone\"><a href=\"https:\/\/blog.fotolab.sk\/wp-content\/uploads\/2017\/10\/VN-DE-Traffic_and_infrastructure-270000-small.jpg\" target=\"_blank\" rel=\"noopener\"><img decoding=\"async\" loading=\"lazy\" class=\"wp-image-4471 size-large\" src=\"https:\/\/blog.fotolab.sk\/wp-content\/uploads\/2017\/10\/VN-DE-Traffic_and_infrastructure-270000-small-1024x682.jpg\" alt=\"cewe-photocontest-Traffic_and_infrastructure\" width=\"770\" height=\"513\" srcset=\"https:\/\/blog.fotolab.sk\/wp-content\/uploads\/2017\/10\/VN-DE-Traffic_and_infrastructure-270000-small-1024x682.jpg 1024w, https:\/\/blog.fotolab.sk\/wp-content\/uploads\/2017\/10\/VN-DE-Traffic_and_infrastructure-270000-small-300x200.jpg 300w, https:\/\/blog.fotolab.sk\/wp-content\/uploads\/2017\/10\/VN-DE-Traffic_and_infrastructure-270000-small-768x512.jpg 768w, https:\/\/blog.fotolab.sk\/wp-content\/uploads\/2017\/10\/VN-DE-Traffic_and_infrastructure-270000-small-740x493.jpg 740w, https:\/\/blog.fotolab.sk\/wp-content\/uploads\/2017\/10\/VN-DE-Traffic_and_infrastructure-270000-small.jpg 1772w\" sizes=\"(max-width: 770px) 100vw, 770px\" \/><\/a><figcaption id=\"caption-attachment-4471\" class=\"wp-caption-text\"><span style=\"color: #000000;\">V\u00fdhern\u00e1 fotografia kateg\u00f3rie Doprava a infra\u0161trukt\u00fara<\/span><\/figcaption><\/figure>\n<p><span style=\"color: #000000;\">Nov\u00fd ro\u010dn\u00edk tejto \u00faspe\u0161ne medzin\u00e1rodnej fotos\u00fa\u0165a\u017ee pl\u00e1nuje CEWE spusti\u0165 op\u00e4\u0165 tento rok &#8211; 1.5.2018. V\u00fdhern\u00e9 fotografie minul\u00e9ho ro\u010dn\u00edka si m\u00f4\u017eu z\u00e1ujemcovia pr\u00eds\u0165 pozrie\u0165 na v\u00fdstavu v Bratislave &#8211; od 15.2. bude mo\u017en\u00e9 nav\u0161t\u00edvi\u0165 v\u00fdstavu v Eurovea, potom v \u010fal\u0161\u00edch n\u00e1kupn\u00fdch centr\u00e1ch.<\/span><\/p>\n<hr \/>\n<p>&nbsp;<\/p>\n","protected":false},"excerpt":{"rendered":"<p>Predstavujeme v\u00fdhern\u00e9 fotografie najv\u00e4\u010d\u0161ej CEWE fotos\u00fa\u0165a\u017ee sveta! CEWE organizovalo od 20.9.2016 do 30.6.2017 medzin\u00e1rodn\u00fa fotos\u00fa\u0165a\u017e Our world is beautiful (N\u00e1\u0161 svet je kr\u00e1sny), ktorej sa mohli z\u00fa\u010dastni\u0165 fotografi z cel\u00e9ho sveta. Do fotos\u00fa\u0165a\u017ee sa zapojilo mno\u017estvo fotografov a celkovo prispeli vy\u0161e 180.000 fotografiami, \u010d\u00edm z tejto fotos\u00fa\u0165a\u017ee urobili najv\u00e4\u010d\u0161iu otvoren\u00fa fotos\u00fa\u0165a\u017e sveta za rok 2017. [&hellip;]<\/p>\n","protected":false},"author":4,"featured_media":5147,"comment_status":"open","ping_status":"open","sticky":false,"template":"","format":"standard","meta":[],"categories":[56],"tags":[107],"yoast_head":"<!-- This site is optimized with the Yoast SEO plugin v19.1 - https:\/\/yoast.com\/wordpress\/plugins\/seo\/ -->\n<title>180.000 fotografi\u00ed vo fotos\u00fa\u0165a\u017ei N\u00e1\u0161 svet je kr\u00e1sny - CEWE Fotolab blog<\/title>\n<meta name=\"robots\" content=\"index, follow, max-snippet:-1, max-image-preview:large, max-video-preview:-1\" \/>\n<link rel=\"canonical\" href=\"https:\/\/www.fotolab.sk\/blog\/nas-svet-je-krasny\/\" \/>\n<meta property=\"og:locale\" content=\"sk_SK\" \/>\n<meta property=\"og:type\" content=\"article\" \/>\n<meta property=\"og:title\" content=\"180.000 fotografi\u00ed vo fotos\u00fa\u0165a\u017ei N\u00e1\u0161 svet je kr\u00e1sny - CEWE Fotolab blog\" \/>\n<meta property=\"og:description\" content=\"Predstavujeme v\u00fdhern\u00e9 fotografie najv\u00e4\u010d\u0161ej CEWE fotos\u00fa\u0165a\u017ee sveta! CEWE organizovalo od 20.9.2016 do 30.6.2017 medzin\u00e1rodn\u00fa fotos\u00fa\u0165a\u017e Our world is beautiful (N\u00e1\u0161 svet je kr\u00e1sny), ktorej sa mohli z\u00fa\u010dastni\u0165 fotografi z cel\u00e9ho sveta. Do fotos\u00fa\u0165a\u017ee sa zapojilo mno\u017estvo fotografov a celkovo prispeli vy\u0161e 180.000 fotografiami, \u010d\u00edm z tejto fotos\u00fa\u0165a\u017ee urobili najv\u00e4\u010d\u0161iu otvoren\u00fa fotos\u00fa\u0165a\u017e sveta za rok 2017. [&hellip;]\" \/>\n<meta property=\"og:url\" content=\"https:\/\/www.fotolab.sk\/blog\/nas-svet-je-krasny\/\" \/>\n<meta property=\"og:site_name\" content=\"CEWE Fotolab blog\" \/>\n<meta property=\"article:published_time\" content=\"2018-02-12T13:13:05+00:00\" \/>\n<meta property=\"article:modified_time\" content=\"2018-07-11T08:48:28+00:00\" \/>\n<meta property=\"og:image\" content=\"https:\/\/blog.fotolab.sk\/wp-content\/uploads\/2018\/02\/cewe-fotosutaz-main.jpg\" \/>\n\t<meta property=\"og:image:width\" content=\"1500\" \/>\n\t<meta property=\"og:image:height\" content=\"500\" \/>\n\t<meta property=\"og:image:type\" content=\"image\/jpeg\" \/>\n<meta name=\"twitter:label1\" content=\"Autor:\" \/>\n\t<meta name=\"twitter:data1\" content=\"Monika Michalikova\" \/>\n\t<meta name=\"twitter:label2\" content=\"Predpokladan\u00fd \u010das \u010d\u00edtania\" \/>\n\t<meta name=\"twitter:data2\" content=\"2 min\u00faty\" \/>\n<script type=\"application\/ld+json\" class=\"yoast-schema-graph\">{\"@context\":\"https:\/\/schema.org\",\"@graph\":[{\"@type\":\"WebSite\",\"@id\":\"https:\/\/www.fotolab.sk\/blog\/#website\",\"url\":\"https:\/\/www.fotolab.sk\/blog\/\",\"name\":\"CEWE Fotolab blog\",\"description\":\"Blog ur\u010den\u00fd pre fan\u00fa\u0161ikov fotografie a sveta okolo nej.\",\"potentialAction\":[{\"@type\":\"SearchAction\",\"target\":{\"@type\":\"EntryPoint\",\"urlTemplate\":\"https:\/\/www.fotolab.sk\/blog\/?s={search_term_string}\"},\"query-input\":\"required name=search_term_string\"}],\"inLanguage\":\"sk-SK\"},{\"@type\":\"ImageObject\",\"inLanguage\":\"sk-SK\",\"@id\":\"https:\/\/www.fotolab.sk\/blog\/nas-svet-je-krasny\/#primaryimage\",\"url\":\"https:\/\/blog.fotolab.sk\/wp-content\/uploads\/2018\/02\/cewe-fotosutaz-main.jpg\",\"contentUrl\":\"https:\/\/blog.fotolab.sk\/wp-content\/uploads\/2018\/02\/cewe-fotosutaz-main.jpg\",\"width\":1500,\"height\":500,\"caption\":\"cewe-fotosutaz-main\"},{\"@type\":\"WebPage\",\"@id\":\"https:\/\/www.fotolab.sk\/blog\/nas-svet-je-krasny\/#webpage\",\"url\":\"https:\/\/www.fotolab.sk\/blog\/nas-svet-je-krasny\/\",\"name\":\"180.000 fotografi\u00ed vo fotos\u00fa\u0165a\u017ei N\u00e1\u0161 svet je kr\u00e1sny - CEWE Fotolab blog\",\"isPartOf\":{\"@id\":\"https:\/\/www.fotolab.sk\/blog\/#website\"},\"primaryImageOfPage\":{\"@id\":\"https:\/\/www.fotolab.sk\/blog\/nas-svet-je-krasny\/#primaryimage\"},\"datePublished\":\"2018-02-12T13:13:05+00:00\",\"dateModified\":\"2018-07-11T08:48:28+00:00\",\"author\":{\"@id\":\"https:\/\/www.fotolab.sk\/blog\/#\/schema\/person\/cfb8b8700accf5147409a341828230b3\"},\"breadcrumb\":{\"@id\":\"https:\/\/www.fotolab.sk\/blog\/nas-svet-je-krasny\/#breadcrumb\"},\"inLanguage\":\"sk-SK\",\"potentialAction\":[{\"@type\":\"ReadAction\",\"target\":[\"https:\/\/www.fotolab.sk\/blog\/nas-svet-je-krasny\/\"]}]},{\"@type\":\"BreadcrumbList\",\"@id\":\"https:\/\/www.fotolab.sk\/blog\/nas-svet-je-krasny\/#breadcrumb\",\"itemListElement\":[{\"@type\":\"ListItem\",\"position\":1,\"name\":\"Home\",\"item\":\"https:\/\/www.fotolab.sk\/blog\/\"},{\"@type\":\"ListItem\",\"position\":2,\"name\":\"180.000 fotografi\u00ed vo fotos\u00fa\u0165a\u017ei N\u00e1\u0161 svet je kr\u00e1sny\"}]},{\"@type\":\"Person\",\"@id\":\"https:\/\/www.fotolab.sk\/blog\/#\/schema\/person\/cfb8b8700accf5147409a341828230b3\",\"name\":\"Monika Michalikova\",\"image\":{\"@type\":\"ImageObject\",\"inLanguage\":\"sk-SK\",\"@id\":\"https:\/\/www.fotolab.sk\/blog\/#\/schema\/person\/image\/\",\"url\":\"https:\/\/secure.gravatar.com\/avatar\/94d69b3557cfe7b0dcdd146335547bef?s=96&d=mm&r=g\",\"contentUrl\":\"https:\/\/secure.gravatar.com\/avatar\/94d69b3557cfe7b0dcdd146335547bef?s=96&d=mm&r=g\",\"caption\":\"Monika Michalikova\"},\"sameAs\":[\"http:\/\/www.fotolab.sk\"],\"url\":\"https:\/\/www.fotolab.sk\/blog\/author\/michalikova\/\"}]}<\/script>\n<!-- \/ Yoast SEO plugin. -->","yoast_head_json":{"title":"180.000 fotografi\u00ed vo fotos\u00fa\u0165a\u017ei N\u00e1\u0161 svet je kr\u00e1sny - CEWE Fotolab blog","robots":{"index":"index","follow":"follow","max-snippet":"max-snippet:-1","max-image-preview":"max-image-preview:large","max-video-preview":"max-video-preview:-1"},"canonical":"https:\/\/www.fotolab.sk\/blog\/nas-svet-je-krasny\/","og_locale":"sk_SK","og_type":"article","og_title":"180.000 fotografi\u00ed vo fotos\u00fa\u0165a\u017ei N\u00e1\u0161 svet je kr\u00e1sny - CEWE Fotolab blog","og_description":"Predstavujeme v\u00fdhern\u00e9 fotografie najv\u00e4\u010d\u0161ej CEWE fotos\u00fa\u0165a\u017ee sveta! CEWE organizovalo od 20.9.2016 do 30.6.2017 medzin\u00e1rodn\u00fa fotos\u00fa\u0165a\u017e Our world is beautiful (N\u00e1\u0161 svet je kr\u00e1sny), ktorej sa mohli z\u00fa\u010dastni\u0165 fotografi z cel\u00e9ho sveta. Do fotos\u00fa\u0165a\u017ee sa zapojilo mno\u017estvo fotografov a celkovo prispeli vy\u0161e 180.000 fotografiami, \u010d\u00edm z tejto fotos\u00fa\u0165a\u017ee urobili najv\u00e4\u010d\u0161iu otvoren\u00fa fotos\u00fa\u0165a\u017e sveta za rok 2017. [&hellip;]","og_url":"https:\/\/www.fotolab.sk\/blog\/nas-svet-je-krasny\/","og_site_name":"CEWE Fotolab blog","article_published_time":"2018-02-12T13:13:05+00:00","article_modified_time":"2018-07-11T08:48:28+00:00","og_image":[{"width":1500,"height":500,"url":"https:\/\/blog.fotolab.sk\/wp-content\/uploads\/2018\/02\/cewe-fotosutaz-main.jpg","type":"image\/jpeg"}],"twitter_misc":{"Autor:":"Monika Michalikova","Predpokladan\u00fd \u010das \u010d\u00edtania":"2 min\u00faty"},"schema":{"@context":"https:\/\/schema.org","@graph":[{"@type":"WebSite","@id":"https:\/\/www.fotolab.sk\/blog\/#website","url":"https:\/\/www.fotolab.sk\/blog\/","name":"CEWE Fotolab blog","description":"Blog ur\u010den\u00fd pre fan\u00fa\u0161ikov fotografie a sveta okolo nej.","potentialAction":[{"@type":"SearchAction","target":{"@type":"EntryPoint","urlTemplate":"https:\/\/www.fotolab.sk\/blog\/?s={search_term_string}"},"query-input":"required name=search_term_string"}],"inLanguage":"sk-SK"},{"@type":"ImageObject","inLanguage":"sk-SK","@id":"https:\/\/www.fotolab.sk\/blog\/nas-svet-je-krasny\/#primaryimage","url":"https:\/\/blog.fotolab.sk\/wp-content\/uploads\/2018\/02\/cewe-fotosutaz-main.jpg","contentUrl":"https:\/\/blog.fotolab.sk\/wp-content\/uploads\/2018\/02\/cewe-fotosutaz-main.jpg","width":1500,"height":500,"caption":"cewe-fotosutaz-main"},{"@type":"WebPage","@id":"https:\/\/www.fotolab.sk\/blog\/nas-svet-je-krasny\/#webpage","url":"https:\/\/www.fotolab.sk\/blog\/nas-svet-je-krasny\/","name":"180.000 fotografi\u00ed vo fotos\u00fa\u0165a\u017ei N\u00e1\u0161 svet je kr\u00e1sny - CEWE Fotolab blog","isPartOf":{"@id":"https:\/\/www.fotolab.sk\/blog\/#website"},"primaryImageOfPage":{"@id":"https:\/\/www.fotolab.sk\/blog\/nas-svet-je-krasny\/#primaryimage"},"datePublished":"2018-02-12T13:13:05+00:00","dateModified":"2018-07-11T08:48:28+00:00","author":{"@id":"https:\/\/www.fotolab.sk\/blog\/#\/schema\/person\/cfb8b8700accf5147409a341828230b3"},"breadcrumb":{"@id":"https:\/\/www.fotolab.sk\/blog\/nas-svet-je-krasny\/#breadcrumb"},"inLanguage":"sk-SK","potentialAction":[{"@type":"ReadAction","target":["https:\/\/www.fotolab.sk\/blog\/nas-svet-je-krasny\/"]}]},{"@type":"BreadcrumbList","@id":"https:\/\/www.fotolab.sk\/blog\/nas-svet-je-krasny\/#breadcrumb","itemListElement":[{"@type":"ListItem","position":1,"name":"Home","item":"https:\/\/www.fotolab.sk\/blog\/"},{"@type":"ListItem","position":2,"name":"180.000 fotografi\u00ed vo fotos\u00fa\u0165a\u017ei N\u00e1\u0161 svet je kr\u00e1sny"}]},{"@type":"Person","@id":"https:\/\/www.fotolab.sk\/blog\/#\/schema\/person\/cfb8b8700accf5147409a341828230b3","name":"Monika Michalikova","image":{"@type":"ImageObject","inLanguage":"sk-SK","@id":"https:\/\/www.fotolab.sk\/blog\/#\/schema\/person\/image\/","url":"https:\/\/secure.gravatar.com\/avatar\/94d69b3557cfe7b0dcdd146335547bef?s=96&d=mm&r=g","contentUrl":"https:\/\/secure.gravatar.com\/avatar\/94d69b3557cfe7b0dcdd146335547bef?s=96&d=mm&r=g","caption":"Monika Michalikova"},"sameAs":["http:\/\/www.fotolab.sk"],"url":"https:\/\/www.fotolab.sk\/blog\/author\/michalikova\/"}]}},"_links":{"self":[{"href":"https:\/\/www.fotolab.sk\/blog\/wp-json\/wp\/v2\/posts\/4465"}],"collection":[{"href":"https:\/\/www.fotolab.sk\/blog\/wp-json\/wp\/v2\/posts"}],"about":[{"href":"https:\/\/www.fotolab.sk\/blog\/wp-json\/wp\/v2\/types\/post"}],"author":[{"embeddable":true,"href":"https:\/\/www.fotolab.sk\/blog\/wp-json\/wp\/v2\/users\/4"}],"replies":[{"embeddable":true,"href":"https:\/\/www.fotolab.sk\/blog\/wp-json\/wp\/v2\/comments?post=4465"}],"version-history":[{"count":9,"href":"https:\/\/www.fotolab.sk\/blog\/wp-json\/wp\/v2\/posts\/4465\/revisions"}],"predecessor-version":[{"id":5148,"href":"https:\/\/www.fotolab.sk\/blog\/wp-json\/wp\/v2\/posts\/4465\/revisions\/5148"}],"wp:featuredmedia":[{"embeddable":true,"href":"https:\/\/www.fotolab.sk\/blog\/wp-json\/wp\/v2\/media\/5147"}],"wp:attachment":[{"href":"https:\/\/www.fotolab.sk\/blog\/wp-json\/wp\/v2\/media?parent=4465"}],"wp:term":[{"taxonomy":"category","embeddable":true,"href":"https:\/\/www.fotolab.sk\/blog\/wp-json\/wp\/v2\/categories?post=4465"},{"taxonomy":"post_tag","embeddable":true,"href":"https:\/\/www.fotolab.sk\/blog\/wp-json\/wp\/v2\/tags?post=4465"}],"curies":[{"name":"wp","href":"https:\/\/api.w.org\/{rel}","templated":true}]}}