
{"id":4295,"date":"2017-10-16T09:00:30","date_gmt":"2017-10-16T07:00:30","guid":{"rendered":"https:\/\/www.fotolab.sk\/blog\/?p=4295"},"modified":"2023-05-09T15:11:40","modified_gmt":"2023-05-09T13:11:40","slug":"prezentujte-vase-fotografie-kreativne","status":"publish","type":"post","link":"https:\/\/www.fotolab.sk\/blog\/prezentujte-vase-fotografie-kreativne\/","title":{"rendered":"Prezentujte va\u0161e fotografie kreat\u00edvne"},"content":{"rendered":"<p>Jednoduch\u00e9, ale p\u00f4sobiv\u00e9 &#8211; va\u0161e fotografie ako dekorat\u00edvne doplnky. Sta\u010d\u00ed naozaj m\u00e1lo a z va\u0161ich vydaren\u00fdch momentiek sa m\u00f4\u017ee sta\u0165 dom\u00e1ca gal\u00e9ria alebo kreat\u00edvny dar\u010dek.<\/p>\n<p>Foto-box<\/p>\n<p>Ma\u0165 spomienky v\u017edy pokope je ve\u013emi praktick\u00e9. kedyko\u013evek ich m\u00f4\u017eete uk\u00e1za\u0165 n\u00e1v\u0161teve alebo ich darova\u0165 ako kreat\u00edvny osobn\u00fd dar\u010dek. Spomienkov\u00fd foto-box si vytvor\u00edte pomocou pevn\u00e9ho papiera, ktor\u00fd posklad\u00e1te do tvaru harmoniky, nalep\u00edte na\u0148 svoje najlep\u0161ie fotografie <a href=\"https:\/\/dovolenka.sme.sk\/\">z dovolenky<\/a>, oslavy, svadby a vlo\u017e\u00edte ich do krabi\u010dky v rovnakom form\u00e1te. Fotografie m\u00f4\u017eete doplni\u0165 vlastnoru\u010dne p\u00edsan\u00fdmi odkazmi, ktor\u00e9 v\u00e1m aj po rokoch pripomen\u00fa \u010do v\u0161etko ste za\u017eili.<\/p>\n<p><a href=\"https:\/\/blog.fotolab.sk\/wp-content\/uploads\/2017\/09\/Set_50_CEWE_01_2014_0062_ret.jpg\"><img decoding=\"async\" loading=\"lazy\" class=\"alignnone size-large wp-image-4301\" src=\"https:\/\/blog.fotolab.sk\/wp-content\/uploads\/2017\/09\/Set_50_CEWE_01_2014_0062_ret-790x1024.jpg\" alt=\"\" width=\"770\" height=\"998\" srcset=\"https:\/\/blog.fotolab.sk\/wp-content\/uploads\/2017\/09\/Set_50_CEWE_01_2014_0062_ret-790x1024.jpg 790w, https:\/\/blog.fotolab.sk\/wp-content\/uploads\/2017\/09\/Set_50_CEWE_01_2014_0062_ret-231x300.jpg 231w, https:\/\/blog.fotolab.sk\/wp-content\/uploads\/2017\/09\/Set_50_CEWE_01_2014_0062_ret-768x995.jpg 768w, https:\/\/blog.fotolab.sk\/wp-content\/uploads\/2017\/09\/Set_50_CEWE_01_2014_0062_ret-740x959.jpg 740w\" sizes=\"(max-width: 770px) 100vw, 770px\" \/><\/a><\/p>\n<p>Farebn\u00e9 r\u00e1miky<\/p>\n<p>Hrav\u00e9 a origin\u00e1lne r\u00e1miky vo va\u0161ich ob\u013e\u00faben\u00fdch farb\u00e1ch si m\u00f4\u017eete vytvori\u0165 celkom jednoducho pomocou farby a maskovacej p\u00e1sky. Tv\u00e1r r\u00e1mikov si na stenu nama\u013eujete pod\u013ea \u0161abl\u00f3ny vyroben\u00e9 z papiera. Tvar a ve\u013ekos\u0165 r\u00e1mikov je len na va\u0161ej fant\u00e1zii.Do farebn\u00fdch r\u00e1mikov umiestnite va\u0161e fotografie pomocou maskovej p\u00e1sky, ktor\u00e1 je dostupn\u00e1 v r\u00f4znych dizajnoch. Takto vytvor\u00edte vesel\u00e9 zoskupenie, ktor\u00e9 o\u017eiv\u00ed ka\u017ed\u00fd priestor. Navy\u0161e si fotografie m\u00f4\u017eete kedyko\u013evek vymeni\u0165 za nov\u00e9.<\/p>\n<p><a href=\"https:\/\/blog.fotolab.sk\/wp-content\/uploads\/2017\/09\/Set_50_CEWE_01_2014_0116.jpg\"><img decoding=\"async\" loading=\"lazy\" class=\"alignnone size-large wp-image-4302\" src=\"https:\/\/blog.fotolab.sk\/wp-content\/uploads\/2017\/09\/Set_50_CEWE_01_2014_0116-843x1024.jpg\" alt=\"\" width=\"770\" height=\"935\" srcset=\"https:\/\/blog.fotolab.sk\/wp-content\/uploads\/2017\/09\/Set_50_CEWE_01_2014_0116-843x1024.jpg 843w, https:\/\/blog.fotolab.sk\/wp-content\/uploads\/2017\/09\/Set_50_CEWE_01_2014_0116-247x300.jpg 247w, https:\/\/blog.fotolab.sk\/wp-content\/uploads\/2017\/09\/Set_50_CEWE_01_2014_0116-768x933.jpg 768w, https:\/\/blog.fotolab.sk\/wp-content\/uploads\/2017\/09\/Set_50_CEWE_01_2014_0116-740x899.jpg 740w\" sizes=\"(max-width: 770px) 100vw, 770px\" \/><\/a><\/p>\n<p>Dom\u00e1ca gal\u00e9ria<\/p>\n<p>Vlo\u017ete fotografie s v\u00fdnimo\u010dn\u00fdmi momentami s va\u0161imi bl\u00edzkymi do atrakt\u00edvnych r\u00e1mov a zaveste ich jednoducho na stenu. Skombinova\u0165 m\u00f4\u017eete r\u00f4zne form\u00e1ty fotiek a fotor\u00e1miky rozli\u010dn\u00fdch tvarov. Hrav\u00fdm usporiadan\u00edm na dvoch rohov\u00fdch sten\u00e1ch vytvor\u00edte zauj\u00edmav\u00fd efekt, ktor\u00fd milo prekvap\u00ed aj va\u0161ich host\u00ed.<\/p>\n<p><a href=\"https:\/\/blog.fotolab.sk\/wp-content\/uploads\/2017\/09\/Set_50_CEWE_01_2014_0011_ret.jpg\"><img decoding=\"async\" loading=\"lazy\" class=\"alignnone size-large wp-image-4300\" src=\"https:\/\/blog.fotolab.sk\/wp-content\/uploads\/2017\/09\/Set_50_CEWE_01_2014_0011_ret-892x1024.jpg\" alt=\"\" width=\"770\" height=\"884\" srcset=\"https:\/\/blog.fotolab.sk\/wp-content\/uploads\/2017\/09\/Set_50_CEWE_01_2014_0011_ret-892x1024.jpg 892w, https:\/\/blog.fotolab.sk\/wp-content\/uploads\/2017\/09\/Set_50_CEWE_01_2014_0011_ret-261x300.jpg 261w, https:\/\/blog.fotolab.sk\/wp-content\/uploads\/2017\/09\/Set_50_CEWE_01_2014_0011_ret-768x881.jpg 768w, https:\/\/blog.fotolab.sk\/wp-content\/uploads\/2017\/09\/Set_50_CEWE_01_2014_0011_ret-740x849.jpg 740w\" sizes=\"(max-width: 770px) 100vw, 770px\" \/><\/a><\/p>\n<p>&nbsp;<\/p>\n<p>Z\u00e1\u017eitky uchovan\u00e9 vo fotografi\u00e1ch si m\u00f4\u017eete vytla\u010di\u0165 priamo na <a href=\"https:\/\/www.fotolab.sk\/okamzita-tlac.html\" target=\"_blank\" rel=\"noopener\">na\u0161ich predajniach <\/a>prostredn\u00edctvom fotokioskov alebo <a href=\"https:\/\/www.fotolab.sk\/vyvolanie-fotiek\/vyvolanie-fotiek.html\" target=\"_blank\" rel=\"noopener\">objedna\u0165 cez internet<\/a>.<\/p>\n<p>Nev\u00e1hajte a okr\u00e1\u0161lite si byt spomienkami na kr\u00e1sne chv\u00edle.<\/p>\n<hr \/>\n<p>&nbsp;<\/p>\n","protected":false},"excerpt":{"rendered":"<p>Jednoduch\u00e9, ale p\u00f4sobiv\u00e9 &#8211; va\u0161e fotografie ako dekorat\u00edvne doplnky. Sta\u010d\u00ed naozaj m\u00e1lo a z va\u0161ich vydaren\u00fdch momentiek sa m\u00f4\u017ee sta\u0165 dom\u00e1ca gal\u00e9ria alebo kreat\u00edvny dar\u010dek. Foto-box Ma\u0165 spomienky v\u017edy pokope je ve\u013emi praktick\u00e9. kedyko\u013evek ich m\u00f4\u017eete uk\u00e1za\u0165 n\u00e1v\u0161teve alebo ich darova\u0165 ako kreat\u00edvny osobn\u00fd dar\u010dek. Spomienkov\u00fd foto-box si vytvor\u00edte pomocou pevn\u00e9ho papiera, ktor\u00fd posklad\u00e1te do [&hellip;]<\/p>\n","protected":false},"author":12,"featured_media":4300,"comment_status":"open","ping_status":"open","sticky":false,"template":"","format":"standard","meta":[],"categories":[51],"tags":[77,99],"yoast_head":"<!-- This site is optimized with the Yoast SEO plugin v19.1 - https:\/\/yoast.com\/wordpress\/plugins\/seo\/ -->\n<title>Prezentujte va\u0161e fotografie kreat\u00edvne - CEWE Fotolab blog<\/title>\n<meta name=\"robots\" content=\"index, follow, max-snippet:-1, max-image-preview:large, max-video-preview:-1\" \/>\n<link rel=\"canonical\" href=\"https:\/\/www.fotolab.sk\/blog\/prezentujte-vase-fotografie-kreativne\/\" \/>\n<meta property=\"og:locale\" content=\"sk_SK\" \/>\n<meta property=\"og:type\" content=\"article\" \/>\n<meta property=\"og:title\" content=\"Prezentujte va\u0161e fotografie kreat\u00edvne - CEWE Fotolab blog\" \/>\n<meta property=\"og:description\" content=\"Jednoduch\u00e9, ale p\u00f4sobiv\u00e9 &#8211; va\u0161e fotografie ako dekorat\u00edvne doplnky. Sta\u010d\u00ed naozaj m\u00e1lo a z va\u0161ich vydaren\u00fdch momentiek sa m\u00f4\u017ee sta\u0165 dom\u00e1ca gal\u00e9ria alebo kreat\u00edvny dar\u010dek. Foto-box Ma\u0165 spomienky v\u017edy pokope je ve\u013emi praktick\u00e9. kedyko\u013evek ich m\u00f4\u017eete uk\u00e1za\u0165 n\u00e1v\u0161teve alebo ich darova\u0165 ako kreat\u00edvny osobn\u00fd dar\u010dek. Spomienkov\u00fd foto-box si vytvor\u00edte pomocou pevn\u00e9ho papiera, ktor\u00fd posklad\u00e1te do [&hellip;]\" \/>\n<meta property=\"og:url\" content=\"https:\/\/www.fotolab.sk\/blog\/prezentujte-vase-fotografie-kreativne\/\" \/>\n<meta property=\"og:site_name\" content=\"CEWE Fotolab blog\" \/>\n<meta property=\"article:published_time\" content=\"2017-10-16T07:00:30+00:00\" \/>\n<meta property=\"article:modified_time\" content=\"2023-05-09T13:11:40+00:00\" \/>\n<meta property=\"og:image\" content=\"https:\/\/blog.fotolab.sk\/wp-content\/uploads\/2017\/09\/Set_50_CEWE_01_2014_0011_ret-892x1024.jpg\" \/>\n\t<meta property=\"og:image:width\" content=\"892\" \/>\n\t<meta property=\"og:image:height\" content=\"1024\" \/>\n\t<meta property=\"og:image:type\" content=\"image\/jpeg\" \/>\n<meta name=\"twitter:label1\" content=\"Autor:\" \/>\n\t<meta name=\"twitter:data1\" content=\"O\u013ega Kleinov\u00e1\" \/>\n\t<meta name=\"twitter:label2\" content=\"Predpokladan\u00fd \u010das \u010d\u00edtania\" \/>\n\t<meta name=\"twitter:data2\" content=\"2 min\u00faty\" \/>\n<script type=\"application\/ld+json\" class=\"yoast-schema-graph\">{\"@context\":\"https:\/\/schema.org\",\"@graph\":[{\"@type\":\"WebSite\",\"@id\":\"https:\/\/www.fotolab.sk\/blog\/#website\",\"url\":\"https:\/\/www.fotolab.sk\/blog\/\",\"name\":\"CEWE Fotolab blog\",\"description\":\"Blog ur\u010den\u00fd pre fan\u00fa\u0161ikov fotografie a sveta okolo nej.\",\"potentialAction\":[{\"@type\":\"SearchAction\",\"target\":{\"@type\":\"EntryPoint\",\"urlTemplate\":\"https:\/\/www.fotolab.sk\/blog\/?s={search_term_string}\"},\"query-input\":\"required name=search_term_string\"}],\"inLanguage\":\"sk-SK\"},{\"@type\":\"ImageObject\",\"inLanguage\":\"sk-SK\",\"@id\":\"https:\/\/www.fotolab.sk\/blog\/prezentujte-vase-fotografie-kreativne\/#primaryimage\",\"url\":\"https:\/\/blog.fotolab.sk\/wp-content\/uploads\/2017\/09\/Set_50_CEWE_01_2014_0011_ret.jpg\",\"contentUrl\":\"https:\/\/blog.fotolab.sk\/wp-content\/uploads\/2017\/09\/Set_50_CEWE_01_2014_0011_ret.jpg\",\"width\":5087,\"height\":5838},{\"@type\":\"WebPage\",\"@id\":\"https:\/\/www.fotolab.sk\/blog\/prezentujte-vase-fotografie-kreativne\/#webpage\",\"url\":\"https:\/\/www.fotolab.sk\/blog\/prezentujte-vase-fotografie-kreativne\/\",\"name\":\"Prezentujte va\u0161e fotografie kreat\u00edvne - CEWE Fotolab blog\",\"isPartOf\":{\"@id\":\"https:\/\/www.fotolab.sk\/blog\/#website\"},\"primaryImageOfPage\":{\"@id\":\"https:\/\/www.fotolab.sk\/blog\/prezentujte-vase-fotografie-kreativne\/#primaryimage\"},\"datePublished\":\"2017-10-16T07:00:30+00:00\",\"dateModified\":\"2023-05-09T13:11:40+00:00\",\"author\":{\"@id\":\"https:\/\/www.fotolab.sk\/blog\/#\/schema\/person\/2e19f5490476b81c242c9fff812a989a\"},\"breadcrumb\":{\"@id\":\"https:\/\/www.fotolab.sk\/blog\/prezentujte-vase-fotografie-kreativne\/#breadcrumb\"},\"inLanguage\":\"sk-SK\",\"potentialAction\":[{\"@type\":\"ReadAction\",\"target\":[\"https:\/\/www.fotolab.sk\/blog\/prezentujte-vase-fotografie-kreativne\/\"]}]},{\"@type\":\"BreadcrumbList\",\"@id\":\"https:\/\/www.fotolab.sk\/blog\/prezentujte-vase-fotografie-kreativne\/#breadcrumb\",\"itemListElement\":[{\"@type\":\"ListItem\",\"position\":1,\"name\":\"Home\",\"item\":\"https:\/\/www.fotolab.sk\/blog\/\"},{\"@type\":\"ListItem\",\"position\":2,\"name\":\"Prezentujte va\u0161e fotografie kreat\u00edvne\"}]},{\"@type\":\"Person\",\"@id\":\"https:\/\/www.fotolab.sk\/blog\/#\/schema\/person\/2e19f5490476b81c242c9fff812a989a\",\"name\":\"O\u013ega Kleinov\u00e1\",\"image\":{\"@type\":\"ImageObject\",\"inLanguage\":\"sk-SK\",\"@id\":\"https:\/\/www.fotolab.sk\/blog\/#\/schema\/person\/image\/\",\"url\":\"https:\/\/secure.gravatar.com\/avatar\/ebdc1d328c2afe1d0a2ee77d2f337c72?s=96&d=mm&r=g\",\"contentUrl\":\"https:\/\/secure.gravatar.com\/avatar\/ebdc1d328c2afe1d0a2ee77d2f337c72?s=96&d=mm&r=g\",\"caption\":\"O\u013ega Kleinov\u00e1\"},\"description\":\"Fotografia je \u00fa\u017easn\u00fd fenom\u00e9n, ktor\u00fd ma sprev\u00e1dza v pr\u00e1ci aj mimo nej. Bav\u00ed ma zachyt\u00e1va\u0165 pr\u00edbeh na\u0161ej rodiny, v\u00fdnimo\u010dn\u00e9 aj be\u017en\u00e9 momenty, ktor\u00e9 spolu za\u017e\u00edvame. Ako marketingov\u00fd mana\u017e\u00e9r spolo\u010dnosti CEWE sa sna\u017e\u00edm in\u0161pirova\u0165 a prin\u00e1\u0161a\u0165 nov\u00e9 mo\u017enosti pre kreat\u00edvne spracovanie fotografi\u00ed.\",\"url\":\"https:\/\/www.fotolab.sk\/blog\/author\/olgakleinova\/\"}]}<\/script>\n<!-- \/ Yoast SEO plugin. -->","yoast_head_json":{"title":"Prezentujte va\u0161e fotografie kreat\u00edvne - CEWE Fotolab blog","robots":{"index":"index","follow":"follow","max-snippet":"max-snippet:-1","max-image-preview":"max-image-preview:large","max-video-preview":"max-video-preview:-1"},"canonical":"https:\/\/www.fotolab.sk\/blog\/prezentujte-vase-fotografie-kreativne\/","og_locale":"sk_SK","og_type":"article","og_title":"Prezentujte va\u0161e fotografie kreat\u00edvne - CEWE Fotolab blog","og_description":"Jednoduch\u00e9, ale p\u00f4sobiv\u00e9 &#8211; va\u0161e fotografie ako dekorat\u00edvne doplnky. Sta\u010d\u00ed naozaj m\u00e1lo a z va\u0161ich vydaren\u00fdch momentiek sa m\u00f4\u017ee sta\u0165 dom\u00e1ca gal\u00e9ria alebo kreat\u00edvny dar\u010dek. Foto-box Ma\u0165 spomienky v\u017edy pokope je ve\u013emi praktick\u00e9. kedyko\u013evek ich m\u00f4\u017eete uk\u00e1za\u0165 n\u00e1v\u0161teve alebo ich darova\u0165 ako kreat\u00edvny osobn\u00fd dar\u010dek. Spomienkov\u00fd foto-box si vytvor\u00edte pomocou pevn\u00e9ho papiera, ktor\u00fd posklad\u00e1te do [&hellip;]","og_url":"https:\/\/www.fotolab.sk\/blog\/prezentujte-vase-fotografie-kreativne\/","og_site_name":"CEWE Fotolab blog","article_published_time":"2017-10-16T07:00:30+00:00","article_modified_time":"2023-05-09T13:11:40+00:00","og_image":[{"width":892,"height":1024,"url":"https:\/\/blog.fotolab.sk\/wp-content\/uploads\/2017\/09\/Set_50_CEWE_01_2014_0011_ret-892x1024.jpg","type":"image\/jpeg"}],"twitter_misc":{"Autor:":"O\u013ega Kleinov\u00e1","Predpokladan\u00fd \u010das \u010d\u00edtania":"2 min\u00faty"},"schema":{"@context":"https:\/\/schema.org","@graph":[{"@type":"WebSite","@id":"https:\/\/www.fotolab.sk\/blog\/#website","url":"https:\/\/www.fotolab.sk\/blog\/","name":"CEWE Fotolab blog","description":"Blog ur\u010den\u00fd pre fan\u00fa\u0161ikov fotografie a sveta okolo nej.","potentialAction":[{"@type":"SearchAction","target":{"@type":"EntryPoint","urlTemplate":"https:\/\/www.fotolab.sk\/blog\/?s={search_term_string}"},"query-input":"required name=search_term_string"}],"inLanguage":"sk-SK"},{"@type":"ImageObject","inLanguage":"sk-SK","@id":"https:\/\/www.fotolab.sk\/blog\/prezentujte-vase-fotografie-kreativne\/#primaryimage","url":"https:\/\/blog.fotolab.sk\/wp-content\/uploads\/2017\/09\/Set_50_CEWE_01_2014_0011_ret.jpg","contentUrl":"https:\/\/blog.fotolab.sk\/wp-content\/uploads\/2017\/09\/Set_50_CEWE_01_2014_0011_ret.jpg","width":5087,"height":5838},{"@type":"WebPage","@id":"https:\/\/www.fotolab.sk\/blog\/prezentujte-vase-fotografie-kreativne\/#webpage","url":"https:\/\/www.fotolab.sk\/blog\/prezentujte-vase-fotografie-kreativne\/","name":"Prezentujte va\u0161e fotografie kreat\u00edvne - CEWE Fotolab blog","isPartOf":{"@id":"https:\/\/www.fotolab.sk\/blog\/#website"},"primaryImageOfPage":{"@id":"https:\/\/www.fotolab.sk\/blog\/prezentujte-vase-fotografie-kreativne\/#primaryimage"},"datePublished":"2017-10-16T07:00:30+00:00","dateModified":"2023-05-09T13:11:40+00:00","author":{"@id":"https:\/\/www.fotolab.sk\/blog\/#\/schema\/person\/2e19f5490476b81c242c9fff812a989a"},"breadcrumb":{"@id":"https:\/\/www.fotolab.sk\/blog\/prezentujte-vase-fotografie-kreativne\/#breadcrumb"},"inLanguage":"sk-SK","potentialAction":[{"@type":"ReadAction","target":["https:\/\/www.fotolab.sk\/blog\/prezentujte-vase-fotografie-kreativne\/"]}]},{"@type":"BreadcrumbList","@id":"https:\/\/www.fotolab.sk\/blog\/prezentujte-vase-fotografie-kreativne\/#breadcrumb","itemListElement":[{"@type":"ListItem","position":1,"name":"Home","item":"https:\/\/www.fotolab.sk\/blog\/"},{"@type":"ListItem","position":2,"name":"Prezentujte va\u0161e fotografie kreat\u00edvne"}]},{"@type":"Person","@id":"https:\/\/www.fotolab.sk\/blog\/#\/schema\/person\/2e19f5490476b81c242c9fff812a989a","name":"O\u013ega Kleinov\u00e1","image":{"@type":"ImageObject","inLanguage":"sk-SK","@id":"https:\/\/www.fotolab.sk\/blog\/#\/schema\/person\/image\/","url":"https:\/\/secure.gravatar.com\/avatar\/ebdc1d328c2afe1d0a2ee77d2f337c72?s=96&d=mm&r=g","contentUrl":"https:\/\/secure.gravatar.com\/avatar\/ebdc1d328c2afe1d0a2ee77d2f337c72?s=96&d=mm&r=g","caption":"O\u013ega Kleinov\u00e1"},"description":"Fotografia je \u00fa\u017easn\u00fd fenom\u00e9n, ktor\u00fd ma sprev\u00e1dza v pr\u00e1ci aj mimo nej. Bav\u00ed ma zachyt\u00e1va\u0165 pr\u00edbeh na\u0161ej rodiny, v\u00fdnimo\u010dn\u00e9 aj be\u017en\u00e9 momenty, ktor\u00e9 spolu za\u017e\u00edvame. Ako marketingov\u00fd mana\u017e\u00e9r spolo\u010dnosti CEWE sa sna\u017e\u00edm in\u0161pirova\u0165 a prin\u00e1\u0161a\u0165 nov\u00e9 mo\u017enosti pre kreat\u00edvne spracovanie fotografi\u00ed.","url":"https:\/\/www.fotolab.sk\/blog\/author\/olgakleinova\/"}]}},"_links":{"self":[{"href":"https:\/\/www.fotolab.sk\/blog\/wp-json\/wp\/v2\/posts\/4295"}],"collection":[{"href":"https:\/\/www.fotolab.sk\/blog\/wp-json\/wp\/v2\/posts"}],"about":[{"href":"https:\/\/www.fotolab.sk\/blog\/wp-json\/wp\/v2\/types\/post"}],"author":[{"embeddable":true,"href":"https:\/\/www.fotolab.sk\/blog\/wp-json\/wp\/v2\/users\/12"}],"replies":[{"embeddable":true,"href":"https:\/\/www.fotolab.sk\/blog\/wp-json\/wp\/v2\/comments?post=4295"}],"version-history":[{"count":3,"href":"https:\/\/www.fotolab.sk\/blog\/wp-json\/wp\/v2\/posts\/4295\/revisions"}],"predecessor-version":[{"id":48787,"href":"https:\/\/www.fotolab.sk\/blog\/wp-json\/wp\/v2\/posts\/4295\/revisions\/48787"}],"wp:featuredmedia":[{"embeddable":true,"href":"https:\/\/www.fotolab.sk\/blog\/wp-json\/wp\/v2\/media\/4300"}],"wp:attachment":[{"href":"https:\/\/www.fotolab.sk\/blog\/wp-json\/wp\/v2\/media?parent=4295"}],"wp:term":[{"taxonomy":"category","embeddable":true,"href":"https:\/\/www.fotolab.sk\/blog\/wp-json\/wp\/v2\/categories?post=4295"},{"taxonomy":"post_tag","embeddable":true,"href":"https:\/\/www.fotolab.sk\/blog\/wp-json\/wp\/v2\/tags?post=4295"}],"curies":[{"name":"wp","href":"https:\/\/api.w.org\/{rel}","templated":true}]}}