
{"id":3401,"date":"2017-06-29T00:27:20","date_gmt":"2017-06-28T22:27:20","guid":{"rendered":"http:\/\/blog.fotolab.sk\/?p=3401"},"modified":"2017-07-31T15:45:37","modified_gmt":"2017-07-31T13:45:37","slug":"fotolab-zilina","status":"publish","type":"post","link":"https:\/\/www.fotolab.sk\/blog\/fotolab-zilina\/","title":{"rendered":"FOTOLAB zo \u017diliny"},"content":{"rendered":"<p style=\"text-align: justify;\"><strong>Chcete vedie\u0165, ktor\u00e1 predaj\u0148a FOTOLAB je k v\u00e1m najbli\u017e\u0161ie? Ak\u00e9 benefity pon\u00faka? Tak ste tu spr\u00e1vne! Rozhodli sme sa v\u00e1m predstavi\u0165 jednu predaj\u0148u za druhou. Pripravili sme si pre v\u00e1s \u010dl\u00e1nky, kde v\u00e1m predstav\u00edme predaj\u0148u a\u00a0kolekt\u00edv, ktor\u00fd sa star\u00e1 o\u00a0chod predajne. Chceme, aby ste sa u\u00a0n\u00e1s c\u00edtili pr\u00edjemne, a\u00a0preto za\u010d\u00edname predaj\u0148ou FOTOLAB v\u00a0\u017diline.<\/strong><\/p>\n<p style=\"text-align: justify;\"><u>7 d\u00f4vodov pre\u010do nav\u0161t\u00edvi\u0165 FOTOLAB v \u017diline<\/u><\/p>\n<ol>\n<li><strong>Parkovanie<\/strong> cez t\u00fd\u017ede\u0148 je zdarma na 3 hod. a cez v\u00edkend dokonca a\u017e 6 hod. bezplatn\u00e9ho parkovania.<\/li>\n<li><strong>Jednoduch\u00fd pr\u00edstup k\u00a0MHD <\/strong>zast\u00e1vke, ktor\u00e1 je priamo pred vchodom Auparku.<\/li>\n<li><strong>Predaj\u0148a <\/strong>m\u00e1 skvel\u00fa polohu, priamo v\u00a0centre mesta v\u00a0obchodnom dome Aupark. N\u00e1jdete n\u00e1s na 1.poschod\u00ed oproti eskal\u00e1torom ved\u013ea kaviarne Fresco a\u00a0kn\u00edhkupectva Pantha Rei.<\/li>\n<li><strong>Tri fotokiosky<\/strong>, ktor\u00e9 ur\u00fdchlia tla\u010d fotografi\u00ed na po\u010dkanie.<\/li>\n<li><strong>Ve\u0161iak<\/strong>, kde si m\u00f4\u017eete zavesi\u0165 kab\u00e1ty alebo n\u00e1kup.<\/li>\n<li><strong>Fotky na doklady<\/strong> v\u00e1m vieme spravi\u0165 behom min\u00fatky, na po\u010dkanie.<\/li>\n<li><strong>Priamy predaj <\/strong>je u\u00a0n\u00e1s ve\u013emi pestr\u00fd. N\u00e1jdete tu ve\u013ea popredn\u00fdch zna\u010diek zo sveta fototechniky cez fotoapar\u00e1ty, objekt\u00edvy, pr\u00edslu\u0161enstvo, ktor\u00e9 m\u00e1te mo\u017enos\u0165 vysk\u00fa\u0161a\u0165 priamo v predajni. Z\u00e1rove\u0148 v\u00e1m vieme okrem fotiek na po\u010dkanie vyrobi\u0165 aj p\u00e1r fotodar\u010dekov, ktor\u00e9 v\u00e1s zachr\u00e1nia v\u00a0de\u0148 sviatku va\u0161ich bl\u00edzkych.<\/li>\n<\/ol>\n<p><a href=\"http:\/\/blog.fotolab.sk\/wp-content\/uploads\/2017\/05\/DSC4647-2.jpg\" target=\"_blank\" rel=\"noopener\"><img decoding=\"async\" loading=\"lazy\" class=\"alignnone size-large wp-image-3402\" src=\"http:\/\/blog.fotolab.sk\/wp-content\/uploads\/2017\/05\/DSC4647-2-1024x684.jpg\" alt=\"\" width=\"770\" height=\"514\" srcset=\"https:\/\/blog.fotolab.sk\/wp-content\/uploads\/2017\/05\/DSC4647-2-1024x684.jpg 1024w, https:\/\/blog.fotolab.sk\/wp-content\/uploads\/2017\/05\/DSC4647-2-300x200.jpg 300w, https:\/\/blog.fotolab.sk\/wp-content\/uploads\/2017\/05\/DSC4647-2-768x513.jpg 768w, https:\/\/blog.fotolab.sk\/wp-content\/uploads\/2017\/05\/DSC4647-2-740x494.jpg 740w, https:\/\/blog.fotolab.sk\/wp-content\/uploads\/2017\/05\/DSC4647-2.jpg 1200w\" sizes=\"(max-width: 770px) 100vw, 770px\" \/><\/a><span style=\"font-size: 12px;\"><em>Luk\u00e1\u0161, Sima, Jaro a Darinka\u00a0<\/em>\ud83d\ude42<\/span><\/p>\n<p style=\"text-align: justify;\"><strong>Ako dlho funguje \u017eilinsk\u00fd FOTOLAB?<\/strong><\/p>\n<p style=\"text-align: justify;\">Nov\u00fa predaj\u0148u v\u00a0OC Aupark \u017dilina sme otvorili 6. augusta 2016, dovtedy sme s\u00eddlili v\u00a0ZOC Max \u017dilina. Po\u010das otvorenia predajne sme mali pripraven\u00e9 skvel\u00e9 akcie na fotky a\u00a0fototechniku.<\/p>\n<p style=\"text-align: justify;\"><strong>Charakter predajne?<\/strong><\/p>\n<p style=\"text-align: justify;\">V predajni pracuje skvel\u00fd mlad\u00fd kolekt\u00edv: Luk\u00e1\u0161, Sima, Jaro a\u00a0Darinka. T\u00edm je nabit\u00fd pozit\u00edvnou energiou a\u00a0ochotn\u00fd pom\u00f4c\u0165 k\u00a0spokojnosti z\u00e1kazn\u00edka<em>. \u201cPracujeme v\u00e4\u010d\u0161inou v\u017edy v\u00a0mu\u017esko-\u017eenskom zlo\u017een\u00ed, ktor\u00e9 n\u00e1m pom\u00e1ha dop\u013a\u0148a\u0165 sa medzi sebou.\u201d<\/em> vrav\u00ed FOTOLAB t\u00edm.<\/p>\n<p style=\"text-align: justify;\"><strong>\u010co ich bav\u00ed na pr\u00e1ci vo FOTOLAB?<\/strong><\/p>\n<p style=\"text-align: justify;\"><em>\u201cNa na\u0161ej pr\u00e1ci n\u00e1s bav\u00ed neust\u00e1le sa stret\u00e1va\u0165 s nov\u00fdmi z\u00e1kazn\u00edkmi. V\u017edy sa te\u0161\u00edme na nov\u00e9, kr\u00e1sne fotky, s\u00a0ktor\u00fdmi sa s\u00a0nami podelia na\u0161i z\u00e1kazn\u00edci formou vytla\u010den\u00fdch fotiek, fotokn\u00edh, fotoobrazov a\u00a0\u010fal\u0161\u00edch fotodar\u010dekov. Bav\u00ed n\u00e1s robi\u0165 t\u00fato pr\u00e1cu, lebo vid\u00edme tie \u0161\u0165astn\u00e9 tv\u00e1re pri odovzd\u00e1van\u00ed fotopr\u00e1c.\u201d<\/em> vrav\u00ed ved\u00faci Luk\u00e1\u0161.<\/p>\n<p style=\"text-align: justify;\"><strong>Najlep\u0161\u00ed\/najhor\u0161\u00ed z\u00e1\u017eitok z\u00a0predajne?<\/strong><\/p>\n<p style=\"text-align: justify;\">Medzi pr\u00edjemn\u00e9 z\u00e1\u017eitky radia tie, ke\u010f je predaj\u0148a pln\u00e1 z\u00e1kazn\u00edkov. FOTOLAB t\u00edm sa zhoduje: <em>\u201cTe\u0161\u00ed n\u00e1s, \u017ee sa k n\u00e1m z\u00e1kazn\u00edci vracaj\u00fa. V\u017edy pohlad\u00ed na du\u0161i, ke\u010f v\u00e1m z\u00e1kazn\u00edci po\u010fakuj\u00fa za skvel\u00fd v\u00fdber fo\u0165\u00e1ku alebo pri dobrej vo\u013ebe, ako vyu\u017ei\u0165 fotku na uchovanie spomienok. V podstate \u017eiaden z\u00e1\u017eitok nie je zl\u00fd, lebo v\u00a0ka\u017edom, mo\u017eno aj nepr\u00edjemnom z\u00e1\u017eitku, treba h\u013eada\u0165 t\u00fa svetl\u00fa str\u00e1nku, ktor\u00e1 n\u00e1s pos\u00fava \u010falej v\u00a0pracovnom aj osobnom \u017eivote.\u201d<\/em><\/p>\n<p style=\"text-align: justify;\"><strong>Pozn\u00e1 FOTOLAB t\u00edm st\u00e1lych z\u00e1kazn\u00edkov?<\/strong><\/p>\n<p style=\"text-align: justify;\"><em>\u201cSamozrejme, \u017ee pozn\u00e1me a hne\u010f im aj utek\u00e1me na POMOC, napr. p\u00e1n \u0160imko vie ve\u013emi zlep\u0161i\u0165 n\u00e1ladu aj na cel\u00fd de\u0148.\u201d<\/em> smeje sa kolekt\u00edv z predajne \ud83d\ude00<\/p>\n<p style=\"text-align: justify;\"><strong>Odkaz pre z\u00e1kazn\u00edkov<\/strong><\/p>\n<p style=\"text-align: justify;\"><em>\u201cFotky uchov\u00e1vaj\u00fa spomienky a\u00a0vedia n\u00e1m pripomen\u00fa\u0165 pekn\u00e9 z\u00e1\u017eitky. Chceme, aby na\u0161i z\u00e1kazn\u00edci fotili a\u00a0tla\u010dili v\u00a0r\u00f4znej forme na\u010falej. Te\u0161\u00edme sa na va\u0161u n\u00e1v\u0161tevu.\u201d<\/em> odkazuj\u00fa sympatick\u00e9 diev\u010dat\u00e1 a chlapci zo \u017diliny.<\/p>\n<p><a href=\"http:\/\/blog.fotolab.sk\/wp-content\/uploads\/2017\/05\/DSC_4644.jpg\" target=\"_blank\" rel=\"noopener\"><img decoding=\"async\" loading=\"lazy\" class=\"alignnone size-large wp-image-3403\" src=\"http:\/\/blog.fotolab.sk\/wp-content\/uploads\/2017\/05\/DSC_4644-1024x683.jpg\" alt=\"\" width=\"770\" height=\"514\" srcset=\"https:\/\/blog.fotolab.sk\/wp-content\/uploads\/2017\/05\/DSC_4644-1024x683.jpg 1024w, https:\/\/blog.fotolab.sk\/wp-content\/uploads\/2017\/05\/DSC_4644-300x200.jpg 300w, https:\/\/blog.fotolab.sk\/wp-content\/uploads\/2017\/05\/DSC_4644-768x512.jpg 768w, https:\/\/blog.fotolab.sk\/wp-content\/uploads\/2017\/05\/DSC_4644-740x493.jpg 740w, https:\/\/blog.fotolab.sk\/wp-content\/uploads\/2017\/05\/DSC_4644.jpg 1200w\" sizes=\"(max-width: 770px) 100vw, 770px\" \/><\/a><\/p>\n<p><strong>P.S.:<\/strong> N\u00e1jdete n\u00e1s na tejto <a href=\"https:\/\/www.google.sk\/maps\/place\/FOTOLAB+%C5%BDilina+-+OC+Aupark\/@49.2204637,18.7372797,17z\/data=!4m8!1m2!2m1!1zQXVwYXJrIFNDIMW9aWxpbmEgVmXEvmvDoSBPa3J1xb5uw6EgNTlB!3m4!1s0x0:0xfefbb3207857163f!8m2!3d49.2214868!4d18.740701?hl=sk\" target=\"_blank\" rel=\"noopener\"><span style=\"color: #ff0000;\">adrese<\/span><\/a><span style=\"color: #000000;\"> ;<\/span>)<span style=\"color: #ff0000;\">\u00a0<\/span><\/p>\n","protected":false},"excerpt":{"rendered":"<p>Chcete vedie\u0165, ktor\u00e1 predaj\u0148a FOTOLAB je k v\u00e1m najbli\u017e\u0161ie? Ak\u00e9 benefity pon\u00faka? Tak ste tu spr\u00e1vne! Rozhodli sme sa v\u00e1m predstavi\u0165 jednu predaj\u0148u za druhou. Pripravili sme si pre v\u00e1s \u010dl\u00e1nky, kde v\u00e1m predstav\u00edme predaj\u0148u a\u00a0kolekt\u00edv, ktor\u00fd sa star\u00e1 o\u00a0chod predajne. Chceme, aby ste sa u\u00a0n\u00e1s c\u00edtili pr\u00edjemne, a\u00a0preto za\u010d\u00edname predaj\u0148ou FOTOLAB v\u00a0\u017diline. 7 d\u00f4vodov [&hellip;]<\/p>\n","protected":false},"author":9,"featured_media":3407,"comment_status":"open","ping_status":"open","sticky":false,"template":"","format":"standard","meta":[],"categories":[56],"tags":[],"yoast_head":"<!-- This site is optimized with the Yoast SEO plugin v19.1 - https:\/\/yoast.com\/wordpress\/plugins\/seo\/ -->\n<title>FOTOLAB zo \u017diliny - CEWE Fotolab blog<\/title>\n<meta name=\"robots\" content=\"index, follow, max-snippet:-1, max-image-preview:large, max-video-preview:-1\" \/>\n<link rel=\"canonical\" href=\"https:\/\/www.fotolab.sk\/blog\/fotolab-zilina\/\" \/>\n<meta property=\"og:locale\" content=\"sk_SK\" \/>\n<meta property=\"og:type\" content=\"article\" \/>\n<meta property=\"og:title\" content=\"FOTOLAB zo \u017diliny - CEWE Fotolab blog\" \/>\n<meta property=\"og:description\" content=\"Chcete vedie\u0165, ktor\u00e1 predaj\u0148a FOTOLAB je k v\u00e1m najbli\u017e\u0161ie? Ak\u00e9 benefity pon\u00faka? Tak ste tu spr\u00e1vne! Rozhodli sme sa v\u00e1m predstavi\u0165 jednu predaj\u0148u za druhou. Pripravili sme si pre v\u00e1s \u010dl\u00e1nky, kde v\u00e1m predstav\u00edme predaj\u0148u a\u00a0kolekt\u00edv, ktor\u00fd sa star\u00e1 o\u00a0chod predajne. Chceme, aby ste sa u\u00a0n\u00e1s c\u00edtili pr\u00edjemne, a\u00a0preto za\u010d\u00edname predaj\u0148ou FOTOLAB v\u00a0\u017diline. 7 d\u00f4vodov [&hellip;]\" \/>\n<meta property=\"og:url\" content=\"https:\/\/www.fotolab.sk\/blog\/fotolab-zilina\/\" \/>\n<meta property=\"og:site_name\" content=\"CEWE Fotolab blog\" \/>\n<meta property=\"article:published_time\" content=\"2017-06-28T22:27:20+00:00\" \/>\n<meta property=\"article:modified_time\" content=\"2017-07-31T13:45:37+00:00\" \/>\n<meta property=\"og:image\" content=\"https:\/\/blog.fotolab.sk\/wp-content\/uploads\/2017\/05\/DSC00017-2.jpg\" \/>\n\t<meta property=\"og:image:width\" content=\"1200\" \/>\n\t<meta property=\"og:image:height\" content=\"800\" \/>\n\t<meta property=\"og:image:type\" content=\"image\/jpeg\" \/>\n<meta name=\"twitter:label1\" content=\"Autor:\" \/>\n\t<meta name=\"twitter:data1\" content=\"Luk\u00e1\u0161 Podrack\u00fd\" \/>\n\t<meta name=\"twitter:label2\" content=\"Predpokladan\u00fd \u010das \u010d\u00edtania\" \/>\n\t<meta name=\"twitter:data2\" content=\"3 min\u00faty\" \/>\n<script type=\"application\/ld+json\" class=\"yoast-schema-graph\">{\"@context\":\"https:\/\/schema.org\",\"@graph\":[{\"@type\":\"WebSite\",\"@id\":\"https:\/\/www.fotolab.sk\/blog\/#website\",\"url\":\"https:\/\/www.fotolab.sk\/blog\/\",\"name\":\"CEWE Fotolab blog\",\"description\":\"Blog ur\u010den\u00fd pre fan\u00fa\u0161ikov fotografie a sveta okolo nej.\",\"potentialAction\":[{\"@type\":\"SearchAction\",\"target\":{\"@type\":\"EntryPoint\",\"urlTemplate\":\"https:\/\/www.fotolab.sk\/blog\/?s={search_term_string}\"},\"query-input\":\"required name=search_term_string\"}],\"inLanguage\":\"sk-SK\"},{\"@type\":\"ImageObject\",\"inLanguage\":\"sk-SK\",\"@id\":\"https:\/\/www.fotolab.sk\/blog\/fotolab-zilina\/#primaryimage\",\"url\":\"https:\/\/blog.fotolab.sk\/wp-content\/uploads\/2017\/05\/DSC00017-2.jpg\",\"contentUrl\":\"https:\/\/blog.fotolab.sk\/wp-content\/uploads\/2017\/05\/DSC00017-2.jpg\",\"width\":1200,\"height\":800},{\"@type\":\"WebPage\",\"@id\":\"https:\/\/www.fotolab.sk\/blog\/fotolab-zilina\/#webpage\",\"url\":\"https:\/\/www.fotolab.sk\/blog\/fotolab-zilina\/\",\"name\":\"FOTOLAB zo \u017diliny - CEWE Fotolab blog\",\"isPartOf\":{\"@id\":\"https:\/\/www.fotolab.sk\/blog\/#website\"},\"primaryImageOfPage\":{\"@id\":\"https:\/\/www.fotolab.sk\/blog\/fotolab-zilina\/#primaryimage\"},\"datePublished\":\"2017-06-28T22:27:20+00:00\",\"dateModified\":\"2017-07-31T13:45:37+00:00\",\"author\":{\"@id\":\"https:\/\/www.fotolab.sk\/blog\/#\/schema\/person\/e77c38084517568c10d34c1d83f99e12\"},\"breadcrumb\":{\"@id\":\"https:\/\/www.fotolab.sk\/blog\/fotolab-zilina\/#breadcrumb\"},\"inLanguage\":\"sk-SK\",\"potentialAction\":[{\"@type\":\"ReadAction\",\"target\":[\"https:\/\/www.fotolab.sk\/blog\/fotolab-zilina\/\"]}]},{\"@type\":\"BreadcrumbList\",\"@id\":\"https:\/\/www.fotolab.sk\/blog\/fotolab-zilina\/#breadcrumb\",\"itemListElement\":[{\"@type\":\"ListItem\",\"position\":1,\"name\":\"Home\",\"item\":\"https:\/\/www.fotolab.sk\/blog\/\"},{\"@type\":\"ListItem\",\"position\":2,\"name\":\"FOTOLAB zo \u017diliny\"}]},{\"@type\":\"Person\",\"@id\":\"https:\/\/www.fotolab.sk\/blog\/#\/schema\/person\/e77c38084517568c10d34c1d83f99e12\",\"name\":\"Luk\u00e1\u0161 Podrack\u00fd\",\"image\":{\"@type\":\"ImageObject\",\"inLanguage\":\"sk-SK\",\"@id\":\"https:\/\/www.fotolab.sk\/blog\/#\/schema\/person\/image\/\",\"url\":\"https:\/\/secure.gravatar.com\/avatar\/299f4a2b90f240895a6a30dc3278f042?s=96&d=mm&r=g\",\"contentUrl\":\"https:\/\/secure.gravatar.com\/avatar\/299f4a2b90f240895a6a30dc3278f042?s=96&d=mm&r=g\",\"caption\":\"Luk\u00e1\u0161 Podrack\u00fd\"},\"description\":\"Milujem cestovanie a fotografovanie. Bez fotoapar\u00e1tu ma na v\u00fdlete, turistike nestretne\u0161. Fotkou sa viem vr\u00e1ti\u0165 v \u010dase a pripomen\u00fa\u0165 si z\u00e1\u017eitky. R\u00e1d porad\u00edm, n\u00e1jde\u0161 ma vo Fotolab \u017dilina. \u201eHovor\u00ed sa, \u017ee svet je ako kniha a t\u00ed, \u010do necestuj\u00fa, akoby \u010d\u00edtali t\u00fa ist\u00fa str\u00e1nku dookola\u201c.\",\"url\":\"https:\/\/www.fotolab.sk\/blog\/author\/lukaspodracky\/\"}]}<\/script>\n<!-- \/ Yoast SEO plugin. -->","yoast_head_json":{"title":"FOTOLAB zo \u017diliny - CEWE Fotolab blog","robots":{"index":"index","follow":"follow","max-snippet":"max-snippet:-1","max-image-preview":"max-image-preview:large","max-video-preview":"max-video-preview:-1"},"canonical":"https:\/\/www.fotolab.sk\/blog\/fotolab-zilina\/","og_locale":"sk_SK","og_type":"article","og_title":"FOTOLAB zo \u017diliny - CEWE Fotolab blog","og_description":"Chcete vedie\u0165, ktor\u00e1 predaj\u0148a FOTOLAB je k v\u00e1m najbli\u017e\u0161ie? Ak\u00e9 benefity pon\u00faka? Tak ste tu spr\u00e1vne! Rozhodli sme sa v\u00e1m predstavi\u0165 jednu predaj\u0148u za druhou. Pripravili sme si pre v\u00e1s \u010dl\u00e1nky, kde v\u00e1m predstav\u00edme predaj\u0148u a\u00a0kolekt\u00edv, ktor\u00fd sa star\u00e1 o\u00a0chod predajne. Chceme, aby ste sa u\u00a0n\u00e1s c\u00edtili pr\u00edjemne, a\u00a0preto za\u010d\u00edname predaj\u0148ou FOTOLAB v\u00a0\u017diline. 7 d\u00f4vodov [&hellip;]","og_url":"https:\/\/www.fotolab.sk\/blog\/fotolab-zilina\/","og_site_name":"CEWE Fotolab blog","article_published_time":"2017-06-28T22:27:20+00:00","article_modified_time":"2017-07-31T13:45:37+00:00","og_image":[{"width":1200,"height":800,"url":"https:\/\/blog.fotolab.sk\/wp-content\/uploads\/2017\/05\/DSC00017-2.jpg","type":"image\/jpeg"}],"twitter_misc":{"Autor:":"Luk\u00e1\u0161 Podrack\u00fd","Predpokladan\u00fd \u010das \u010d\u00edtania":"3 min\u00faty"},"schema":{"@context":"https:\/\/schema.org","@graph":[{"@type":"WebSite","@id":"https:\/\/www.fotolab.sk\/blog\/#website","url":"https:\/\/www.fotolab.sk\/blog\/","name":"CEWE Fotolab blog","description":"Blog ur\u010den\u00fd pre fan\u00fa\u0161ikov fotografie a sveta okolo nej.","potentialAction":[{"@type":"SearchAction","target":{"@type":"EntryPoint","urlTemplate":"https:\/\/www.fotolab.sk\/blog\/?s={search_term_string}"},"query-input":"required name=search_term_string"}],"inLanguage":"sk-SK"},{"@type":"ImageObject","inLanguage":"sk-SK","@id":"https:\/\/www.fotolab.sk\/blog\/fotolab-zilina\/#primaryimage","url":"https:\/\/blog.fotolab.sk\/wp-content\/uploads\/2017\/05\/DSC00017-2.jpg","contentUrl":"https:\/\/blog.fotolab.sk\/wp-content\/uploads\/2017\/05\/DSC00017-2.jpg","width":1200,"height":800},{"@type":"WebPage","@id":"https:\/\/www.fotolab.sk\/blog\/fotolab-zilina\/#webpage","url":"https:\/\/www.fotolab.sk\/blog\/fotolab-zilina\/","name":"FOTOLAB zo \u017diliny - CEWE Fotolab blog","isPartOf":{"@id":"https:\/\/www.fotolab.sk\/blog\/#website"},"primaryImageOfPage":{"@id":"https:\/\/www.fotolab.sk\/blog\/fotolab-zilina\/#primaryimage"},"datePublished":"2017-06-28T22:27:20+00:00","dateModified":"2017-07-31T13:45:37+00:00","author":{"@id":"https:\/\/www.fotolab.sk\/blog\/#\/schema\/person\/e77c38084517568c10d34c1d83f99e12"},"breadcrumb":{"@id":"https:\/\/www.fotolab.sk\/blog\/fotolab-zilina\/#breadcrumb"},"inLanguage":"sk-SK","potentialAction":[{"@type":"ReadAction","target":["https:\/\/www.fotolab.sk\/blog\/fotolab-zilina\/"]}]},{"@type":"BreadcrumbList","@id":"https:\/\/www.fotolab.sk\/blog\/fotolab-zilina\/#breadcrumb","itemListElement":[{"@type":"ListItem","position":1,"name":"Home","item":"https:\/\/www.fotolab.sk\/blog\/"},{"@type":"ListItem","position":2,"name":"FOTOLAB zo \u017diliny"}]},{"@type":"Person","@id":"https:\/\/www.fotolab.sk\/blog\/#\/schema\/person\/e77c38084517568c10d34c1d83f99e12","name":"Luk\u00e1\u0161 Podrack\u00fd","image":{"@type":"ImageObject","inLanguage":"sk-SK","@id":"https:\/\/www.fotolab.sk\/blog\/#\/schema\/person\/image\/","url":"https:\/\/secure.gravatar.com\/avatar\/299f4a2b90f240895a6a30dc3278f042?s=96&d=mm&r=g","contentUrl":"https:\/\/secure.gravatar.com\/avatar\/299f4a2b90f240895a6a30dc3278f042?s=96&d=mm&r=g","caption":"Luk\u00e1\u0161 Podrack\u00fd"},"description":"Milujem cestovanie a fotografovanie. Bez fotoapar\u00e1tu ma na v\u00fdlete, turistike nestretne\u0161. Fotkou sa viem vr\u00e1ti\u0165 v \u010dase a pripomen\u00fa\u0165 si z\u00e1\u017eitky. R\u00e1d porad\u00edm, n\u00e1jde\u0161 ma vo Fotolab \u017dilina. \u201eHovor\u00ed sa, \u017ee svet je ako kniha a t\u00ed, \u010do necestuj\u00fa, akoby \u010d\u00edtali t\u00fa ist\u00fa str\u00e1nku dookola\u201c.","url":"https:\/\/www.fotolab.sk\/blog\/author\/lukaspodracky\/"}]}},"_links":{"self":[{"href":"https:\/\/www.fotolab.sk\/blog\/wp-json\/wp\/v2\/posts\/3401"}],"collection":[{"href":"https:\/\/www.fotolab.sk\/blog\/wp-json\/wp\/v2\/posts"}],"about":[{"href":"https:\/\/www.fotolab.sk\/blog\/wp-json\/wp\/v2\/types\/post"}],"author":[{"embeddable":true,"href":"https:\/\/www.fotolab.sk\/blog\/wp-json\/wp\/v2\/users\/9"}],"replies":[{"embeddable":true,"href":"https:\/\/www.fotolab.sk\/blog\/wp-json\/wp\/v2\/comments?post=3401"}],"version-history":[{"count":20,"href":"https:\/\/www.fotolab.sk\/blog\/wp-json\/wp\/v2\/posts\/3401\/revisions"}],"predecessor-version":[{"id":3891,"href":"https:\/\/www.fotolab.sk\/blog\/wp-json\/wp\/v2\/posts\/3401\/revisions\/3891"}],"wp:featuredmedia":[{"embeddable":true,"href":"https:\/\/www.fotolab.sk\/blog\/wp-json\/wp\/v2\/media\/3407"}],"wp:attachment":[{"href":"https:\/\/www.fotolab.sk\/blog\/wp-json\/wp\/v2\/media?parent=3401"}],"wp:term":[{"taxonomy":"category","embeddable":true,"href":"https:\/\/www.fotolab.sk\/blog\/wp-json\/wp\/v2\/categories?post=3401"},{"taxonomy":"post_tag","embeddable":true,"href":"https:\/\/www.fotolab.sk\/blog\/wp-json\/wp\/v2\/tags?post=3401"}],"curies":[{"name":"wp","href":"https:\/\/api.w.org\/{rel}","templated":true}]}}