
{"id":3367,"date":"2017-07-07T08:36:09","date_gmt":"2017-07-07T06:36:09","guid":{"rendered":"http:\/\/blog.fotolab.sk\/?p=3367"},"modified":"2017-09-18T17:02:52","modified_gmt":"2017-09-18T15:02:52","slug":"co-zazit-na-islande-za-kratky-cas","status":"publish","type":"post","link":"https:\/\/www.fotolab.sk\/blog\/co-zazit-na-islande-za-kratky-cas\/","title":{"rendered":"Za\u017eite Island"},"content":{"rendered":"<p style=\"text-align: justify\">\n\t<span style=\"color:#000000;\"><span style=\"font-family: arial,helvetica,sans-serif;\"><strong>Island je s&iacute;ce drah&aacute;, ale zato kr&aacute;sna&nbsp;krajina. Precestovan&yacute;&nbsp;m&aacute;m juh a juhov&yacute;chod a prin&aacute;&scaron;am V&aacute;m p&aacute;r tipov, \u010do nav&scaron;t&iacute;vi\u0165 a za\u017ei\u0165 na tomto k&uacute;zelnom ostrove v kr&aacute;tkom \u010dase.<\/strong><\/span><\/span>\n<\/p>\n<h4 style=\"text-align: justify\">\n\t<span style=\"font-size:20px\"><span style=\"font-family: arial,helvetica,sans-serif\"><span>Golden Circle<\/span><\/span><\/span><br \/>\n<\/h4>\n<p style=\"text-align: justify\">\n\t<span style=\"color:#000000;\"><span style=\"font-size: 16px;\"><span style=\"font-family: arial,helvetica,sans-serif;\">Ob\u013e&uacute;ben&aacute; 300 km trasa s kr&aacute;snymi pamiatkami, ktor&uacute; zvl&aacute;dnete za kr&aacute;tky \u010das. Hlavn&yacute;&nbsp;zlat&yacute; okruh tvor&iacute;&nbsp;N&aacute;rodn&yacute; Park Thingvellir, gejz&iacute;r&nbsp;Strokkur a&nbsp;Geysir a vodop&aacute;d&nbsp;Gullfoss. Prejdete to&nbsp;za cca 6 hod&iacute;n aj s&nbsp;prest&aacute;vkami a foten&iacute;m.<\/span><\/span><\/span>\n<\/p>\n<p style=\"text-align: justify\">\n\t<span style=\"font-size:16px\"><span style=\"font-family: arial,helvetica,sans-serif\"><span><strong>1.&nbsp;N&aacute;rodn&yacute; Park Thingvellir<\/strong><\/span><\/span><\/span>\n<\/p>\n<p style=\"text-align: justify\">\n\t<span style=\"color:#000000;\"><span style=\"font-size: 16px;\"><span style=\"font-family: arial,helvetica,sans-serif;\">Hlavnou zauj&iacute;mavos\u0165ou n&aacute;rodn&eacute;ho parku je, \u017ee sa od seba odde\u013euje severo-americk&aacute; a euro-&aacute;zijsk&aacute; tektonick&aacute; doska (cca 2cm\/rok) a je tu&nbsp;najstar&scaron;&iacute; eur&oacute;psky parlament (r.930), ktor&yacute; zalo\u017eili Vikingovia.<\/span><\/span><\/span>\n<\/p>\n<p style=\"text-align: justify\">\n\t<span style=\"font-size:16px\"><span style=\"font-family: arial,helvetica,sans-serif\"><a href=\"http:\/\/blog.fotolab.sk\/wp-content\/uploads\/2017\/05\/DSC02083.jpg\" target=\"_blank\"><span><img decoding=\"async\" loading=\"lazy\" alt=\"\" class=\"alignnone size-large wp-image-3372\" height=\"514\" src=\"http:\/\/blog.fotolab.sk\/wp-content\/uploads\/2017\/05\/DSC02083-1024x683.jpg\" width=\"770\" srcset=\"https:\/\/blog.fotolab.sk\/wp-content\/uploads\/2017\/05\/DSC02083-1024x683.jpg 1024w, https:\/\/blog.fotolab.sk\/wp-content\/uploads\/2017\/05\/DSC02083-300x200.jpg 300w, https:\/\/blog.fotolab.sk\/wp-content\/uploads\/2017\/05\/DSC02083-768x512.jpg 768w, https:\/\/blog.fotolab.sk\/wp-content\/uploads\/2017\/05\/DSC02083-740x493.jpg 740w, https:\/\/blog.fotolab.sk\/wp-content\/uploads\/2017\/05\/DSC02083.jpg 1200w\" sizes=\"(max-width: 770px) 100vw, 770px\" \/><\/span><\/a><\/span><\/span><span style=\"font-size:12px\"><span style=\"font-family: arial,helvetica,sans-serif\"><span><em>odde\u013eovanie severo-americkej&nbsp;a euro-&aacute;zijskej&nbsp;tektonickej&nbsp;dosky (nat&aacute;\u010dalo sa tu Game of Thrones)<\/em> \ud83d\ude09<\/span><\/span><\/span>\n<\/p>\n<p style=\"text-align: justify\">\n\t<span style=\"font-size:16px\"><span style=\"font-family: arial,helvetica,sans-serif\"><a href=\"http:\/\/blog.fotolab.sk\/wp-content\/uploads\/2017\/05\/DSC02059.jpg\" target=\"_blank\"><span><img decoding=\"async\" loading=\"lazy\" alt=\"\" class=\"alignnone size-large wp-image-3373\" height=\"461\" src=\"http:\/\/blog.fotolab.sk\/wp-content\/uploads\/2017\/05\/DSC02059-1024x613.jpg\" width=\"770\" srcset=\"https:\/\/blog.fotolab.sk\/wp-content\/uploads\/2017\/05\/DSC02059-1024x613.jpg 1024w, https:\/\/blog.fotolab.sk\/wp-content\/uploads\/2017\/05\/DSC02059-300x180.jpg 300w, https:\/\/blog.fotolab.sk\/wp-content\/uploads\/2017\/05\/DSC02059-768x460.jpg 768w, https:\/\/blog.fotolab.sk\/wp-content\/uploads\/2017\/05\/DSC02059-740x443.jpg 740w, https:\/\/blog.fotolab.sk\/wp-content\/uploads\/2017\/05\/DSC02059.jpg 1200w\" sizes=\"(max-width: 770px) 100vw, 770px\" \/><\/span><\/a><\/span><\/span><span style=\"font-size:12px\"><span style=\"font-family: arial,helvetica,sans-serif\"><span><em>najstar&scaron;&iacute; eur&oacute;psky parlament<\/em><\/span><\/span><\/span>\n<\/p>\n<p style=\"text-align: justify\">\n\t<span style=\"color:#000000;\"><span style=\"font-size: 16px;\"><span style=\"font-family: arial,helvetica,sans-serif;\"><strong>Fototip:<\/strong>&nbsp;hladinu vody viete vyu\u017ei\u0165 ako zrkadlenie objektu, ktor&eacute;ho fot&iacute;te a t&yacute;m fotke prid&aacute;te in&yacute; poh\u013ead na vec.<\/span><\/span><\/span>\n<\/p>\n<p style=\"text-align: justify\">\n\t<span style=\"font-size:16px\"><span style=\"font-family: arial,helvetica,sans-serif\"><span><strong>2.&nbsp;gejz&iacute;r&nbsp;Strokkur a Geysir<\/strong><\/span><\/span><\/span>\n<\/p>\n<p style=\"text-align: justify\">\n\t<span style=\"color:#000000;\"><span style=\"font-size: 16px;\"><span style=\"font-family: arial,helvetica,sans-serif;\">Najzn&aacute;mej&scaron;&iacute;m gejz&iacute;rom je islandsk&yacute;&nbsp;<strong>Geysir<\/strong>, pod\u013ea ktor&eacute;ho dostali n&aacute;zov v&scaron;etky ostatn&eacute; gejz&iacute;ry na svete. Naposledy v&scaron;ak bol&nbsp;akt&iacute;vny a\u017e 20 rokov dozadu.<\/span><\/span><\/span>\n<\/p>\n<p style=\"text-align: justify\">\n\t<span style=\"color:#000000;\"><span style=\"font-size: 16px;\"><span style=\"font-family: arial,helvetica,sans-serif;\">Naopak gejz&iacute;r&nbsp;<strong>Strokkur<\/strong>&nbsp;je akt&iacute;vny ka\u017ed&yacute;ch cca 5 &ndash; 8 min&uacute;t a vystrekuje do v&yacute;&scaron;ky 25m.&nbsp;<\/span><\/span><\/span>\n<\/p>\n<p style=\"text-align: justify\">\n\t<span style=\"font-size:16px\"><span style=\"font-family: arial,helvetica,sans-serif\"><a href=\"http:\/\/blog.fotolab.sk\/wp-content\/uploads\/2017\/05\/DSC02158.jpg\" target=\"_blank\"><span><img decoding=\"async\" loading=\"lazy\" alt=\"\" class=\"alignnone size-large wp-image-3374\" height=\"514\" src=\"http:\/\/blog.fotolab.sk\/wp-content\/uploads\/2017\/05\/DSC02158-1024x683.jpg\" width=\"770\" srcset=\"https:\/\/blog.fotolab.sk\/wp-content\/uploads\/2017\/05\/DSC02158-1024x683.jpg 1024w, https:\/\/blog.fotolab.sk\/wp-content\/uploads\/2017\/05\/DSC02158-300x200.jpg 300w, https:\/\/blog.fotolab.sk\/wp-content\/uploads\/2017\/05\/DSC02158-768x512.jpg 768w, https:\/\/blog.fotolab.sk\/wp-content\/uploads\/2017\/05\/DSC02158-740x493.jpg 740w, https:\/\/blog.fotolab.sk\/wp-content\/uploads\/2017\/05\/DSC02158.jpg 1200w\" sizes=\"(max-width: 770px) 100vw, 770px\" \/><\/span><\/a><\/span><\/span><span style=\"font-size:12px\"><span style=\"font-family: arial,helvetica,sans-serif\"><span><em>ne\u010dinn&yacute; Geysir<\/em><\/span><\/span><\/span>\n<\/p>\n<p style=\"text-align: justify\">\n\t<span style=\"font-size:16px\"><span style=\"font-family: arial,helvetica,sans-serif\"><a href=\"http:\/\/blog.fotolab.sk\/wp-content\/uploads\/2017\/05\/DSC02100.jpg\" target=\"_blank\"><span><img decoding=\"async\" loading=\"lazy\" alt=\"\" class=\"alignnone size-large wp-image-3375\" height=\"514\" src=\"http:\/\/blog.fotolab.sk\/wp-content\/uploads\/2017\/05\/DSC02100-1024x683.jpg\" width=\"770\" srcset=\"https:\/\/blog.fotolab.sk\/wp-content\/uploads\/2017\/05\/DSC02100-1024x683.jpg 1024w, https:\/\/blog.fotolab.sk\/wp-content\/uploads\/2017\/05\/DSC02100-300x200.jpg 300w, https:\/\/blog.fotolab.sk\/wp-content\/uploads\/2017\/05\/DSC02100-768x512.jpg 768w, https:\/\/blog.fotolab.sk\/wp-content\/uploads\/2017\/05\/DSC02100-740x493.jpg 740w, https:\/\/blog.fotolab.sk\/wp-content\/uploads\/2017\/05\/DSC02100.jpg 1200w\" sizes=\"(max-width: 770px) 100vw, 770px\" \/><\/span><\/a><\/span><\/span><span style=\"font-size:12px\"><span style=\"font-family: arial,helvetica,sans-serif\"><span><em>gejz&iacute;r Strokkur<\/em><\/span><\/span><\/span>\n<\/p>\n<p style=\"text-align: justify\">\n\t<span style=\"color:#000000;\"><span style=\"font-size: 16px;\"><span style=\"font-family: arial,helvetica,sans-serif;\"><strong>Fototip:<\/strong>&nbsp;Pekn&yacute; okamih nast&aacute;va, ke\u010f sa tvor&iacute; modr&aacute; bublina. Odpor&uacute;\u010dam ma\u0165 lep&scaron;&iacute; zoom a zachyt&iacute;te&nbsp;naozaj zauj&iacute;mav&eacute; fotky, mo\u017eno a\u017e abstraktn&eacute; \ud83d\ude42 . <\/span><\/span><\/span>\n<\/p>\n<p style=\"text-align: justify\">\n\t<span style=\"font-size:16px\"><span style=\"font-family: arial,helvetica,sans-serif\"><span><strong>3.&nbsp;vodop&aacute;d&nbsp;Gullfoss<\/strong><\/span><\/span><\/span>\n<\/p>\n<p style=\"text-align: justify\">\n\t<span style=\"color:#000000;\"><span style=\"font-size: 16px;\"><span style=\"font-family: arial,helvetica,sans-serif;\">Hlavn&yacute; zlat&yacute; okruh uzatv&aacute;ra vodop&aacute;d Gullfoss a ak v&aacute;m vyjde slne\u010dn&eacute; po\u010dasie, m&aacute;te istotu g&yacute;\u010dovej d&uacute;hy nad n&iacute;m.&nbsp;<\/span><\/span><\/span>\n<\/p>\n<p style=\"text-align: justify\">\n\t<span style=\"font-size:16px\"><span style=\"font-family: arial,helvetica,sans-serif\"><a href=\"http:\/\/blog.fotolab.sk\/wp-content\/uploads\/2017\/05\/DSC02161.jpg\" target=\"_blank\"><span><img decoding=\"async\" loading=\"lazy\" alt=\"\" class=\"alignnone size-large wp-image-3376\" height=\"375\" src=\"http:\/\/blog.fotolab.sk\/wp-content\/uploads\/2017\/05\/DSC02161-1024x499.jpg\" width=\"770\" srcset=\"https:\/\/blog.fotolab.sk\/wp-content\/uploads\/2017\/05\/DSC02161-1024x499.jpg 1024w, https:\/\/blog.fotolab.sk\/wp-content\/uploads\/2017\/05\/DSC02161-300x146.jpg 300w, https:\/\/blog.fotolab.sk\/wp-content\/uploads\/2017\/05\/DSC02161-768x374.jpg 768w, https:\/\/blog.fotolab.sk\/wp-content\/uploads\/2017\/05\/DSC02161-740x361.jpg 740w, https:\/\/blog.fotolab.sk\/wp-content\/uploads\/2017\/05\/DSC02161.jpg 1200w\" sizes=\"(max-width: 770px) 100vw, 770px\" \/><\/span><\/a><\/span><\/span><span style=\"font-size:12px\"><span style=\"font-family: arial,helvetica,sans-serif\"><span><em>vodop&aacute;d Gullfoss<\/em><\/span><\/span><\/span>\n<\/p>\n<h4 style=\"text-align: justify\">\n\t<span style=\"font-size:20px\"><span style=\"font-family: arial,helvetica,sans-serif\"><span>lag&uacute;na J&ouml;kuls&aacute;rl&oacute;n<\/span><\/span><\/span><br \/>\n<\/h4>\n<p style=\"text-align: justify\">\n\t<span style=\"color:#000000;\"><span style=\"font-size: 16px;\"><span style=\"font-family: arial,helvetica,sans-serif;\">\u013dadovcov&aacute; lag&uacute;na J&ouml;kuls&aacute;rl&oacute;n je n&aacute;dhernej modrej farby. Z \u013eadovca&nbsp;Brei&eth;amerkurj&ouml;kull sa odtrh&aacute;vaj&uacute; \u013eadov&eacute; kry, ktor&eacute; sa zos&uacute;vaj&uacute; do tejto lag&uacute;ny a putuj&uacute; smerom k oce&aacute;nu. Na pl&aacute;\u017ei m&aacute;te potom mo\u017enos\u0165 vidie\u0165 tieto vyplaven&eacute; vybr&uacute;sen&eacute; priezra\u010dn&eacute; \u013eadovce.<\/span><\/span><\/span>\n<\/p>\n<p style=\"text-align: justify\">\n\t<span style=\"font-size:16px\"><span style=\"font-family: arial,helvetica,sans-serif\"><a href=\"http:\/\/blog.fotolab.sk\/wp-content\/uploads\/2017\/05\/DSC02052.jpg\" target=\"_blank\"><span><img decoding=\"async\" loading=\"lazy\" alt=\"\" class=\"alignnone size-large wp-image-3377\" height=\"514\" src=\"http:\/\/blog.fotolab.sk\/wp-content\/uploads\/2017\/05\/DSC02052-1024x683.jpg\" width=\"770\" srcset=\"https:\/\/blog.fotolab.sk\/wp-content\/uploads\/2017\/05\/DSC02052-1024x683.jpg 1024w, https:\/\/blog.fotolab.sk\/wp-content\/uploads\/2017\/05\/DSC02052-300x200.jpg 300w, https:\/\/blog.fotolab.sk\/wp-content\/uploads\/2017\/05\/DSC02052-768x512.jpg 768w, https:\/\/blog.fotolab.sk\/wp-content\/uploads\/2017\/05\/DSC02052-740x493.jpg 740w, https:\/\/blog.fotolab.sk\/wp-content\/uploads\/2017\/05\/DSC02052.jpg 1200w\" sizes=\"(max-width: 770px) 100vw, 770px\" \/><\/span><\/a><\/span><\/span><span style=\"font-size:12px\"><span style=\"font-family: arial,helvetica,sans-serif\"><span><em>lag&uacute;na&nbsp;J&ouml;kuls&aacute;rl&oacute;n<\/em><\/span><\/span><\/span>\n<\/p>\n<p style=\"text-align: justify\">\n\t<span style=\"color:#000000;\"><span style=\"font-size: 16px;\"><span style=\"font-family: arial,helvetica,sans-serif;\"><strong>Fototip:<\/strong> ve\u013ea fotografov \u010dak&aacute;,&nbsp;k&yacute;m im \u013eudia zmizn&uacute; zo z&aacute;beru a&nbsp;potom si nafot&iacute; ,,\u010dist&uacute;&ldquo; krajinu. Niekedy sa v&scaron;ak oplat&iacute; zakomponova\u0165 do va&scaron;ej fotky \u013eud&iacute;, preto\u017ee v&aacute;m pridaj&uacute;&nbsp;h\u013abku a rozmer.&nbsp;<\/span><\/span><\/span>\n<\/p>\n<p style=\"text-align: justify\">\n\t<span style=\"font-size:16px\"><span style=\"font-family: arial,helvetica,sans-serif\"><a href=\"http:\/\/blog.fotolab.sk\/wp-content\/uploads\/2017\/05\/DSC02047.jpg\" target=\"_blank\"><span><img decoding=\"async\" loading=\"lazy\" alt=\"\" class=\"alignnone size-large wp-image-3654\" height=\"174\" src=\"http:\/\/blog.fotolab.sk\/wp-content\/uploads\/2017\/05\/DSC02047-1024x232.jpg\" width=\"770\" srcset=\"https:\/\/blog.fotolab.sk\/wp-content\/uploads\/2017\/05\/DSC02047-1024x232.jpg 1024w, https:\/\/blog.fotolab.sk\/wp-content\/uploads\/2017\/05\/DSC02047-300x68.jpg 300w, https:\/\/blog.fotolab.sk\/wp-content\/uploads\/2017\/05\/DSC02047-768x174.jpg 768w, https:\/\/blog.fotolab.sk\/wp-content\/uploads\/2017\/05\/DSC02047-740x168.jpg 740w, https:\/\/blog.fotolab.sk\/wp-content\/uploads\/2017\/05\/DSC02047.jpg 1600w\" sizes=\"(max-width: 770px) 100vw, 770px\" \/><\/span><\/a><\/span><\/span><span style=\"font-size:12px\"><span style=\"font-family: arial,helvetica,sans-serif\"><span><em>panor&aacute;ma<\/em>&nbsp;<em>lag&uacute;ny&nbsp;J&ouml;kuls&aacute;rl&oacute;n<\/em><\/span><\/span><\/span>\n<\/p>\n<p style=\"text-align: justify\">\n\t<span style=\"color:#000000;\"><span style=\"font-size: 16px;\"><span style=\"font-family: arial,helvetica,sans-serif;\"><strong>Fototip:<\/strong> n&aacute;jdite si miesto, kde budete ma\u0165 super v&yacute;h\u013ead a ur\u010dite si vysk&uacute;&scaron;ajte spravi\u0165 panor&aacute;mu tejto k&uacute;zelnej&nbsp;lag&uacute;ny.<\/span><\/span><\/span>\n<\/p>\n<p style=\"text-align: justify\">\n\t<span style=\"font-size:16px\"><span style=\"font-family: arial,helvetica,sans-serif\"><a href=\"http:\/\/blog.fotolab.sk\/wp-content\/uploads\/2017\/05\/DSC02040.jpg\" target=\"_blank\"><span><img decoding=\"async\" loading=\"lazy\" alt=\"\" class=\"alignnone size-large wp-image-3378\" height=\"378\" src=\"http:\/\/blog.fotolab.sk\/wp-content\/uploads\/2017\/05\/DSC02040-1024x503.jpg\" width=\"770\" srcset=\"https:\/\/blog.fotolab.sk\/wp-content\/uploads\/2017\/05\/DSC02040-1024x503.jpg 1024w, https:\/\/blog.fotolab.sk\/wp-content\/uploads\/2017\/05\/DSC02040-300x148.jpg 300w, https:\/\/blog.fotolab.sk\/wp-content\/uploads\/2017\/05\/DSC02040-768x378.jpg 768w, https:\/\/blog.fotolab.sk\/wp-content\/uploads\/2017\/05\/DSC02040-740x364.jpg 740w, https:\/\/blog.fotolab.sk\/wp-content\/uploads\/2017\/05\/DSC02040.jpg 1200w\" sizes=\"(max-width: 770px) 100vw, 770px\" \/><\/span><\/a><\/span><\/span><span style=\"font-size:12px\"><span style=\"font-family: arial,helvetica,sans-serif\"><span><em>vyplaven&eacute; \u013eadovce<\/em><\/span><\/span><\/span>\n<\/p>\n<h4 style=\"text-align: justify\">\n\t<span style=\"color:#000000;\"><span style=\"font-size: 20px;\"><span style=\"font-family: arial,helvetica,sans-serif;\">Dedinka&nbsp;V&iacute;k<\/span><\/span><\/span><br \/>\n<\/h4>\n<p style=\"text-align: justify\">\n\t<span style=\"color:#000000;\"><span style=\"font-size: 16px;\"><span style=\"font-family: arial,helvetica,sans-serif;\">V&iacute;k je mal&aacute; dedinka s 300 obyvate\u013emi, pl&aacute;\u017eami a presl&aacute;ven&yacute;m \u010diernym pieskom.&nbsp;V dia\u013eke vidno <strong>Reynisdrangar,&nbsp; <\/strong>skalnat&eacute; ihly, ku ktor&yacute;m sa via\u017ee&nbsp;legenda:&nbsp;<em>,,Dvaja trollovia sa sna\u017eili vytiahnu\u0165 lo\u010f na breh, ale nestihli to po\u010das noci a pri dennom svetle sa spolu s lo\u010fou premenili na kame\u0148,,.<\/em><\/span><\/span><\/span>\n<\/p>\n<p>\n\t<span style=\"font-size:16px\"><span style=\"font-family: arial,helvetica,sans-serif\"><a href=\"http:\/\/blog.fotolab.sk\/wp-content\/uploads\/2017\/05\/DSC02193.jpg\" target=\"_blank\"><span><img decoding=\"async\" loading=\"lazy\" alt=\"\" class=\"alignnone size-large wp-image-3379\" height=\"514\" src=\"http:\/\/blog.fotolab.sk\/wp-content\/uploads\/2017\/05\/DSC02193-1024x683.jpg\" width=\"770\" srcset=\"https:\/\/blog.fotolab.sk\/wp-content\/uploads\/2017\/05\/DSC02193-1024x683.jpg 1024w, https:\/\/blog.fotolab.sk\/wp-content\/uploads\/2017\/05\/DSC02193-300x200.jpg 300w, https:\/\/blog.fotolab.sk\/wp-content\/uploads\/2017\/05\/DSC02193-768x512.jpg 768w, https:\/\/blog.fotolab.sk\/wp-content\/uploads\/2017\/05\/DSC02193-740x493.jpg 740w, https:\/\/blog.fotolab.sk\/wp-content\/uploads\/2017\/05\/DSC02193.jpg 1200w\" sizes=\"(max-width: 770px) 100vw, 770px\" \/><\/span><\/a><\/span><\/span><span style=\"font-size:12px\"><span style=\"font-family: arial,helvetica,sans-serif\"><span><em>skamenel&iacute; trollovia &ndash;&nbsp;Reynisdrangar<\/em><\/span><\/span><\/span>\n<\/p>\n<p style=\"text-align: justify\">\n\t<span style=\"color:#000000;\"><span style=\"font-size: 16px;\"><span style=\"font-family: arial,helvetica,sans-serif;\">Bl&iacute;zko dedinky V&iacute;k sa z opa\u010dnej strany hory&nbsp;Reynisfjall nach&aacute;dza pl&aacute;\u017e s pekn&yacute;m v&yacute;h\u013eadom na jasky\u0148u&nbsp;<strong>H&aacute;lsanefshellir<\/strong>, ktor&aacute; je tvoren&aacute; pravideln&yacute;mi \u010dadi\u010dov&yacute;mi st\u013apmi.<\/span><\/span><\/span>\n<\/p>\n<p style=\"text-align: justify\">\n\t<span style=\"font-size:16px\"><span style=\"font-family: arial,helvetica,sans-serif\"><a href=\"http:\/\/blog.fotolab.sk\/wp-content\/uploads\/2017\/05\/DSC02203.jpg\" target=\"_blank\"><span><img decoding=\"async\" loading=\"lazy\" alt=\"\" class=\"alignnone size-large wp-image-3655\" height=\"509\" src=\"http:\/\/blog.fotolab.sk\/wp-content\/uploads\/2017\/05\/DSC02203-1024x677.jpg\" width=\"770\" srcset=\"https:\/\/blog.fotolab.sk\/wp-content\/uploads\/2017\/05\/DSC02203-1024x677.jpg 1024w, https:\/\/blog.fotolab.sk\/wp-content\/uploads\/2017\/05\/DSC02203-300x198.jpg 300w, https:\/\/blog.fotolab.sk\/wp-content\/uploads\/2017\/05\/DSC02203-768x508.jpg 768w, https:\/\/blog.fotolab.sk\/wp-content\/uploads\/2017\/05\/DSC02203-740x489.jpg 740w, https:\/\/blog.fotolab.sk\/wp-content\/uploads\/2017\/05\/DSC02203.jpg 1200w\" sizes=\"(max-width: 770px) 100vw, 770px\" \/><\/span><\/a><\/span><\/span><span style=\"font-size:12px\"><span style=\"font-family: arial,helvetica,sans-serif\"><span><em>jasky\u0148a H&aacute;lsanefshellir<\/em><\/span><\/span><\/span>\n<\/p>\n<p style=\"text-align: justify\">\n\t<span style=\"color:#000000;\"><span style=\"font-size: 16px;\"><span style=\"font-family: arial,helvetica,sans-serif;\"><strong>Fototip:<\/strong> v tomto okol&iacute; je mo\u017en&eacute; pozorova\u0165 vt&aacute;\u010die kol&oacute;nie, hlavne Alku bielobrad&uacute; (kraj&scaron;&iacute; \u010desk&yacute;&nbsp;n&aacute;zov &ndash; papuch&aacute;lky), a preto si tu pr&iacute;du na svoje aj wildlife fotografi.&nbsp;<\/span><\/span><\/span>\n<\/p>\n<h4>\n\t<span style=\"color:#000000;\"><span style=\"font-size: 20px;\"><span style=\"font-family: arial,helvetica,sans-serif;\">Sk&oacute;gafoss<\/span><\/span><\/span><br \/>\n<\/h4>\n<p style=\"text-align: justify\">\n\t<span style=\"color:#000000;\"><span style=\"font-size: 16px;\"><span style=\"font-family: arial,helvetica,sans-serif;\">Zn&aacute;my vodop&aacute;d, ktor&yacute; mus&iacute;te nav&scaron;t&iacute;vi\u0165, je&nbsp;Sk&oacute;gafoss v dedinke Sk&oacute;gar, ktor&yacute; meria 62m a poh\u013ead na\u0148 si viete vychutna\u0165 zhora aj zdola.&nbsp;<\/span><\/span><\/span>\n<\/p>\n<p>\n\t<span style=\"font-size:16px\"><span style=\"font-family: arial,helvetica,sans-serif\"><a href=\"http:\/\/blog.fotolab.sk\/wp-content\/uploads\/2017\/05\/DSC02018.jpg\" target=\"_blank\"><span><img decoding=\"async\" loading=\"lazy\" alt=\"\" class=\"alignnone size-large wp-image-3380\" height=\"514\" src=\"http:\/\/blog.fotolab.sk\/wp-content\/uploads\/2017\/05\/DSC02018-1024x683.jpg\" width=\"770\" srcset=\"https:\/\/blog.fotolab.sk\/wp-content\/uploads\/2017\/05\/DSC02018-1024x683.jpg 1024w, https:\/\/blog.fotolab.sk\/wp-content\/uploads\/2017\/05\/DSC02018-300x200.jpg 300w, https:\/\/blog.fotolab.sk\/wp-content\/uploads\/2017\/05\/DSC02018-768x512.jpg 768w, https:\/\/blog.fotolab.sk\/wp-content\/uploads\/2017\/05\/DSC02018-740x493.jpg 740w, https:\/\/blog.fotolab.sk\/wp-content\/uploads\/2017\/05\/DSC02018.jpg 1200w\" sizes=\"(max-width: 770px) 100vw, 770px\" \/><\/span><\/a><\/span><\/span><span style=\"font-size:12px\"><span style=\"font-family: arial,helvetica,sans-serif\"><span><em>vodop&aacute;d&nbsp;Sk&oacute;gafoss<\/em><\/span><\/span><\/span>\n<\/p>\n<p style=\"text-align: justify\">\n\t<span style=\"color:#000000;\"><span style=\"font-size: 16px;\"><span style=\"font-family: arial,helvetica,sans-serif;\"><strong>Fototip:<\/strong> farebn&eacute; bundy vedia t&uacute;to krajinu e&scaron;te viac spestri\u0165 \ud83d\ude09&nbsp;<\/span><\/span><\/span>\n<\/p>\n<h4>\n\t<span style=\"color:#000000;\"><span style=\"font-size: 20px;\"><span style=\"font-family: arial,helvetica,sans-serif;\">Seljalandsfoss<\/span><\/span><\/span><br \/>\n<\/h4>\n<p>\n\t<span style=\"color:#000000;\"><span style=\"font-size: 16px;\"><span style=\"font-family: arial,helvetica,sans-serif;\">Vodop&aacute;d&nbsp;Seljalandsfoss je v&yacute;nimo\u010dn&yacute; hlavne t&yacute;m, \u017ee sa viete dosta\u0165 a\u017e za\u0148. Ur\u010dite preto odpor&uacute;\u010dam dobr&uacute; nepremokav&uacute; bundu alebo pr&scaron;ipl&aacute;&scaron;\u0165, preto\u017ee troche vody sa nevyhnete.<\/span><\/span><\/span>\n<\/p>\n<p>\n\t<span style=\"font-size:16px\"><span style=\"font-family: arial,helvetica,sans-serif\"><a href=\"http:\/\/blog.fotolab.sk\/wp-content\/uploads\/2017\/05\/DSC02215.jpg\" target=\"_blank\"><span><img decoding=\"async\" loading=\"lazy\" alt=\"\" class=\"alignnone size-large wp-image-3381\" height=\"514\" src=\"http:\/\/blog.fotolab.sk\/wp-content\/uploads\/2017\/05\/DSC02215-1024x683.jpg\" width=\"770\" srcset=\"https:\/\/blog.fotolab.sk\/wp-content\/uploads\/2017\/05\/DSC02215-1024x683.jpg 1024w, https:\/\/blog.fotolab.sk\/wp-content\/uploads\/2017\/05\/DSC02215-300x200.jpg 300w, https:\/\/blog.fotolab.sk\/wp-content\/uploads\/2017\/05\/DSC02215-768x512.jpg 768w, https:\/\/blog.fotolab.sk\/wp-content\/uploads\/2017\/05\/DSC02215-740x493.jpg 740w, https:\/\/blog.fotolab.sk\/wp-content\/uploads\/2017\/05\/DSC02215.jpg 1200w\" sizes=\"(max-width: 770px) 100vw, 770px\" \/><\/span><\/a><\/span><\/span><span style=\"font-size:12px\"><span style=\"font-family: arial,helvetica,sans-serif\"><span><em>vodop&aacute;d&nbsp;Seljalandsfoss<\/em><\/span><\/span><\/span>\n<\/p>\n<p style=\"text-align: justify\">\n\t<span style=\"font-size:16px\"><span style=\"font-family: arial,helvetica,sans-serif\"><span><span style=\"color:#000000;\"><strong>Fototip:<\/strong> <\/span><span style=\"line-height: 107%\"><span style=\"color:#000000;\">ja som bohu\u017eia\u013e nemal &scaron;ed&yacute; filter (ND), a tak som nemohol dosiahnu\u0165 pekn&eacute; rozmazanie vodop&aacute;dov aj za denn&eacute;ho svetla, \u010do by fotk&aacute;m dodalo ok&uacute;z\u013euj&uacute;ci efekt. Ak sa chcete dozvedie\u0165 viac, pre\u010d&iacute;tajte si \u010dl&aacute;nok<\/span>&nbsp;<\/span><\/span><span lang=\"EN-US\" style=\"line-height: 107%\"><a href=\"http:\/\/blog.fotolab.sk\/pouzitie-fotografickych-filtrov-v-praxi\/\" target=\"_blank\"><span><span lang=\"SK\" style=\"line-height: 107%\">Pou\u017eitie fotografick&yacute;ch filtrov v praxi<\/span><\/span><\/a><\/span><span><span style=\"line-height: 107%\">&nbsp;<span style=\"color:#000000;\">a n&aacute;sledne pochop&iacute;te, pre\u010do je potrebn&eacute;, ma\u0165 ich vo svojej fotov&yacute;bave.<\/span><\/span><\/span><\/span><\/span>\n<\/p>\n<h4 style=\"text-align: justify\">\n\t<span style=\"font-size:20px\"><span style=\"font-family: arial,helvetica,sans-serif\"><span>Hlavn&eacute; mesto Reykjav&iacute;k<\/span><\/span><\/span><br \/>\n<\/h4>\n<p style=\"text-align: justify\">\n\t<span style=\"color:#000000;\"><span style=\"font-size: 16px;\"><span style=\"font-family: arial,helvetica,sans-serif;\">Pod\u013ea m\u0148a sta\u010d&iacute; vidie\u0165 dve hlavn&eacute; pamiatky, aby ste si mohli od&scaron;krtn&uacute;\u0165 Reykjav&iacute;k zo zoznamu. Prvou je bet&oacute;nov&yacute; kostol&nbsp;<strong>Hallgr&iacute;mskirkja <\/strong>z&nbsp;\u010dadi\u010dov&yacute;ch st\u013apov a druhou pamiatkou je popul&aacute;rna <strong>vikingsk&aacute; <\/strong><strong>lo\u010f Solfar<\/strong>.&nbsp;<\/span><\/span><\/span>\n<\/p>\n<p>\n\t<span style=\"font-size:16px\"><span style=\"font-family: arial,helvetica,sans-serif\"><a href=\"http:\/\/blog.fotolab.sk\/wp-content\/uploads\/2017\/05\/DSC02244.jpg\" target=\"_blank\"><span><img decoding=\"async\" loading=\"lazy\" alt=\"\" class=\"alignnone size-large wp-image-3656\" height=\"514\" src=\"http:\/\/blog.fotolab.sk\/wp-content\/uploads\/2017\/05\/DSC02244-1024x683.jpg\" width=\"770\" srcset=\"https:\/\/blog.fotolab.sk\/wp-content\/uploads\/2017\/05\/DSC02244-1024x683.jpg 1024w, https:\/\/blog.fotolab.sk\/wp-content\/uploads\/2017\/05\/DSC02244-300x200.jpg 300w, https:\/\/blog.fotolab.sk\/wp-content\/uploads\/2017\/05\/DSC02244-768x512.jpg 768w, https:\/\/blog.fotolab.sk\/wp-content\/uploads\/2017\/05\/DSC02244-740x493.jpg 740w, https:\/\/blog.fotolab.sk\/wp-content\/uploads\/2017\/05\/DSC02244.jpg 1200w\" sizes=\"(max-width: 770px) 100vw, 770px\" \/><\/span><\/a><\/span><\/span><span style=\"font-size:12px\"><span style=\"font-family: arial,helvetica,sans-serif\"><span><em>kostol&nbsp;Hallgr&iacute;mskirkja<\/em><\/span><\/span><\/span>\n<\/p>\n<p style=\"text-align: justify\">\n\t<span style=\"color:#000000;\"><span style=\"font-size: 16px;\"><span style=\"font-family: arial,helvetica,sans-serif;\"><strong>Fototip:<\/strong> aj origin&aacute;lna p&oacute;za vie ozvl&aacute;&scaron;tni\u0165 fotku \ud83d\ude00&nbsp;<\/span><\/span><\/span>\n<\/p>\n<p>\n\t<span style=\"font-size:16px\"><span style=\"font-family: arial,helvetica,sans-serif\"><a href=\"http:\/\/blog.fotolab.sk\/wp-content\/uploads\/2017\/05\/DSC02224.jpg\" target=\"_blank\"><span><img decoding=\"async\" loading=\"lazy\" alt=\"\" class=\"alignnone size-large wp-image-3383\" height=\"514\" src=\"http:\/\/blog.fotolab.sk\/wp-content\/uploads\/2017\/05\/DSC02224-1024x683.jpg\" width=\"770\" srcset=\"https:\/\/blog.fotolab.sk\/wp-content\/uploads\/2017\/05\/DSC02224-1024x683.jpg 1024w, https:\/\/blog.fotolab.sk\/wp-content\/uploads\/2017\/05\/DSC02224-300x200.jpg 300w, https:\/\/blog.fotolab.sk\/wp-content\/uploads\/2017\/05\/DSC02224-768x512.jpg 768w, https:\/\/blog.fotolab.sk\/wp-content\/uploads\/2017\/05\/DSC02224-740x493.jpg 740w, https:\/\/blog.fotolab.sk\/wp-content\/uploads\/2017\/05\/DSC02224.jpg 1200w\" sizes=\"(max-width: 770px) 100vw, 770px\" \/><\/span><\/a><\/span><\/span><span style=\"font-size:12px\"><span style=\"font-family: arial,helvetica,sans-serif\"><span><em>vikingsk&aacute; lo\u010f<\/em><\/span><\/span><\/span>\n<\/p>\n<p style=\"text-align: justify\">\n\t<span style=\"font-size:16px\"><span style=\"font-family: arial,helvetica,sans-serif\"><span><span style=\"color:#000000;\"><strong>Fototip:<\/strong> chcete ma\u0165 fo\u0165&aacute;k, s ktor&yacute;m budete cestova\u0165 na\u013eahko a foti\u0165 pekn&eacute; fotky ako zo zrkadlovky, pre\u010d&iacute;tajte si tie\u017e \u010dl&aacute;nok<\/span> <\/span><a href=\"http:\/\/blog.fotolab.sk\/ako-vybrat-fotak-a-zaroven-cestovat-nalahko\/\" target=\"_blank\"><span>Ako vybra\u0165 fo\u0165&aacute;k, a z&aacute;rove\u0148 cestova\u0165 na\u013eahko<\/span><\/a><span>.<\/span><\/span><\/span>\n<\/p>\n<p style=\"text-align: justify\">\n\t<span style=\"color:#000000;\"><span style=\"font-size: 16px;\"><span style=\"font-family: arial,helvetica,sans-serif;\"><strong>Island je pre m\u0148a jednozna\u010dne jedna z TOP kraj&iacute;n, ktor&eacute; som doteraz nav&scaron;t&iacute;vil. Jeho &uacute;\u017easn&aacute; pr&iacute;roda v&aacute;s nenech&aacute; od&iacute;s\u0165 bez toho, aby ste aspo\u0148 raz nepovedali slov&iacute;\u010dko ,,wau&ldquo;. Ke\u010f\u017ee je Island ve\u013emi fotogenick&yacute;, &scaron;kared&eacute; fotky si odtia\u013eto donesie len m&aacute;lokto. <\/strong><\/span><\/span><\/span>\n<\/p>\n<hr \/>\n<p>\n\t&nbsp;<\/p>\n","protected":false},"excerpt":{"rendered":"<p>Island je s&iacute;ce drah&aacute;, ale zato kr&aacute;sna&nbsp;krajina. Precestovan&yacute;&nbsp;m&aacute;m juh a juhov&yacute;chod a prin&aacute;&scaron;am V&aacute;m p&aacute;r tipov, \u010do nav&scaron;t&iacute;vi\u0165 a za\u017ei\u0165 na tomto k&uacute;zelnom ostrove v kr&aacute;tkom \u010dase. Golden Circle Ob\u013e&uacute;ben&aacute; 300 km trasa s kr&aacute;snymi pamiatkami, ktor&uacute; zvl&aacute;dnete za kr&aacute;tky \u010das. Hlavn&yacute;&nbsp;zlat&yacute; okruh tvor&iacute;&nbsp;N&aacute;rodn&yacute; Park Thingvellir, gejz&iacute;r&nbsp;Strokkur a&nbsp;Geysir a vodop&aacute;d&nbsp;Gullfoss. Prejdete to&nbsp;za cca 6 hod&iacute;n [&hellip;]<\/p>\n","protected":false},"author":9,"featured_media":3383,"comment_status":"open","ping_status":"open","sticky":false,"template":"","format":"standard","meta":[],"categories":[52],"tags":[92,94,96,90],"yoast_head":"<!-- This site is optimized with the Yoast SEO plugin v19.1 - https:\/\/yoast.com\/wordpress\/plugins\/seo\/ -->\n<title>Za\u017eite Island - CEWE Fotolab blog<\/title>\n<meta name=\"robots\" content=\"index, follow, max-snippet:-1, max-image-preview:large, max-video-preview:-1\" \/>\n<link rel=\"canonical\" href=\"https:\/\/www.fotolab.sk\/blog\/co-zazit-na-islande-za-kratky-cas\/\" \/>\n<meta property=\"og:locale\" content=\"sk_SK\" \/>\n<meta property=\"og:type\" content=\"article\" \/>\n<meta property=\"og:title\" content=\"Za\u017eite Island - CEWE Fotolab blog\" \/>\n<meta property=\"og:description\" content=\"Island je s&iacute;ce drah&aacute;, ale zato kr&aacute;sna&nbsp;krajina. Precestovan&yacute;&nbsp;m&aacute;m juh a juhov&yacute;chod a prin&aacute;&scaron;am V&aacute;m p&aacute;r tipov, \u010do nav&scaron;t&iacute;vi\u0165 a za\u017ei\u0165 na tomto k&uacute;zelnom ostrove v kr&aacute;tkom \u010dase. Golden Circle Ob\u013e&uacute;ben&aacute; 300 km trasa s kr&aacute;snymi pamiatkami, ktor&uacute; zvl&aacute;dnete za kr&aacute;tky \u010das. Hlavn&yacute;&nbsp;zlat&yacute; okruh tvor&iacute;&nbsp;N&aacute;rodn&yacute; Park Thingvellir, gejz&iacute;r&nbsp;Strokkur a&nbsp;Geysir a vodop&aacute;d&nbsp;Gullfoss. Prejdete to&nbsp;za cca 6 hod&iacute;n [&hellip;]\" \/>\n<meta property=\"og:url\" content=\"https:\/\/www.fotolab.sk\/blog\/co-zazit-na-islande-za-kratky-cas\/\" \/>\n<meta property=\"og:site_name\" content=\"CEWE Fotolab blog\" \/>\n<meta property=\"article:published_time\" content=\"2017-07-07T06:36:09+00:00\" \/>\n<meta property=\"article:modified_time\" content=\"2017-09-18T15:02:52+00:00\" \/>\n<meta property=\"og:image\" content=\"https:\/\/blog.fotolab.sk\/wp-content\/uploads\/2017\/05\/DSC02224.jpg\" \/>\n\t<meta property=\"og:image:width\" content=\"1200\" \/>\n\t<meta property=\"og:image:height\" content=\"800\" \/>\n\t<meta property=\"og:image:type\" content=\"image\/jpeg\" \/>\n<meta name=\"twitter:label1\" content=\"Autor:\" \/>\n\t<meta name=\"twitter:data1\" content=\"Luk\u00e1\u0161 Podrack\u00fd\" \/>\n\t<meta name=\"twitter:label2\" content=\"Predpokladan\u00fd \u010das \u010d\u00edtania\" \/>\n\t<meta name=\"twitter:data2\" content=\"6 min\u00fat\" \/>\n<script type=\"application\/ld+json\" class=\"yoast-schema-graph\">{\"@context\":\"https:\/\/schema.org\",\"@graph\":[{\"@type\":\"WebSite\",\"@id\":\"https:\/\/www.fotolab.sk\/blog\/#website\",\"url\":\"https:\/\/www.fotolab.sk\/blog\/\",\"name\":\"CEWE Fotolab blog\",\"description\":\"Blog ur\u010den\u00fd pre fan\u00fa\u0161ikov fotografie a sveta okolo nej.\",\"potentialAction\":[{\"@type\":\"SearchAction\",\"target\":{\"@type\":\"EntryPoint\",\"urlTemplate\":\"https:\/\/www.fotolab.sk\/blog\/?s={search_term_string}\"},\"query-input\":\"required name=search_term_string\"}],\"inLanguage\":\"sk-SK\"},{\"@type\":\"ImageObject\",\"inLanguage\":\"sk-SK\",\"@id\":\"https:\/\/www.fotolab.sk\/blog\/co-zazit-na-islande-za-kratky-cas\/#primaryimage\",\"url\":\"https:\/\/blog.fotolab.sk\/wp-content\/uploads\/2017\/05\/DSC02224.jpg\",\"contentUrl\":\"https:\/\/blog.fotolab.sk\/wp-content\/uploads\/2017\/05\/DSC02224.jpg\",\"width\":1200,\"height\":800},{\"@type\":\"WebPage\",\"@id\":\"https:\/\/www.fotolab.sk\/blog\/co-zazit-na-islande-za-kratky-cas\/#webpage\",\"url\":\"https:\/\/www.fotolab.sk\/blog\/co-zazit-na-islande-za-kratky-cas\/\",\"name\":\"Za\u017eite Island - CEWE Fotolab blog\",\"isPartOf\":{\"@id\":\"https:\/\/www.fotolab.sk\/blog\/#website\"},\"primaryImageOfPage\":{\"@id\":\"https:\/\/www.fotolab.sk\/blog\/co-zazit-na-islande-za-kratky-cas\/#primaryimage\"},\"datePublished\":\"2017-07-07T06:36:09+00:00\",\"dateModified\":\"2017-09-18T15:02:52+00:00\",\"author\":{\"@id\":\"https:\/\/www.fotolab.sk\/blog\/#\/schema\/person\/e77c38084517568c10d34c1d83f99e12\"},\"breadcrumb\":{\"@id\":\"https:\/\/www.fotolab.sk\/blog\/co-zazit-na-islande-za-kratky-cas\/#breadcrumb\"},\"inLanguage\":\"sk-SK\",\"potentialAction\":[{\"@type\":\"ReadAction\",\"target\":[\"https:\/\/www.fotolab.sk\/blog\/co-zazit-na-islande-za-kratky-cas\/\"]}]},{\"@type\":\"BreadcrumbList\",\"@id\":\"https:\/\/www.fotolab.sk\/blog\/co-zazit-na-islande-za-kratky-cas\/#breadcrumb\",\"itemListElement\":[{\"@type\":\"ListItem\",\"position\":1,\"name\":\"Home\",\"item\":\"https:\/\/www.fotolab.sk\/blog\/\"},{\"@type\":\"ListItem\",\"position\":2,\"name\":\"Za\u017eite Island\"}]},{\"@type\":\"Person\",\"@id\":\"https:\/\/www.fotolab.sk\/blog\/#\/schema\/person\/e77c38084517568c10d34c1d83f99e12\",\"name\":\"Luk\u00e1\u0161 Podrack\u00fd\",\"image\":{\"@type\":\"ImageObject\",\"inLanguage\":\"sk-SK\",\"@id\":\"https:\/\/www.fotolab.sk\/blog\/#\/schema\/person\/image\/\",\"url\":\"https:\/\/secure.gravatar.com\/avatar\/299f4a2b90f240895a6a30dc3278f042?s=96&d=mm&r=g\",\"contentUrl\":\"https:\/\/secure.gravatar.com\/avatar\/299f4a2b90f240895a6a30dc3278f042?s=96&d=mm&r=g\",\"caption\":\"Luk\u00e1\u0161 Podrack\u00fd\"},\"description\":\"Milujem cestovanie a fotografovanie. Bez fotoapar\u00e1tu ma na v\u00fdlete, turistike nestretne\u0161. Fotkou sa viem vr\u00e1ti\u0165 v \u010dase a pripomen\u00fa\u0165 si z\u00e1\u017eitky. R\u00e1d porad\u00edm, n\u00e1jde\u0161 ma vo Fotolab \u017dilina. \u201eHovor\u00ed sa, \u017ee svet je ako kniha a t\u00ed, \u010do necestuj\u00fa, akoby \u010d\u00edtali t\u00fa ist\u00fa str\u00e1nku dookola\u201c.\",\"url\":\"https:\/\/www.fotolab.sk\/blog\/author\/lukaspodracky\/\"}]}<\/script>\n<!-- \/ Yoast SEO plugin. -->","yoast_head_json":{"title":"Za\u017eite Island - CEWE Fotolab blog","robots":{"index":"index","follow":"follow","max-snippet":"max-snippet:-1","max-image-preview":"max-image-preview:large","max-video-preview":"max-video-preview:-1"},"canonical":"https:\/\/www.fotolab.sk\/blog\/co-zazit-na-islande-za-kratky-cas\/","og_locale":"sk_SK","og_type":"article","og_title":"Za\u017eite Island - CEWE Fotolab blog","og_description":"Island je s&iacute;ce drah&aacute;, ale zato kr&aacute;sna&nbsp;krajina. Precestovan&yacute;&nbsp;m&aacute;m juh a juhov&yacute;chod a prin&aacute;&scaron;am V&aacute;m p&aacute;r tipov, \u010do nav&scaron;t&iacute;vi\u0165 a za\u017ei\u0165 na tomto k&uacute;zelnom ostrove v kr&aacute;tkom \u010dase. Golden Circle Ob\u013e&uacute;ben&aacute; 300 km trasa s kr&aacute;snymi pamiatkami, ktor&uacute; zvl&aacute;dnete za kr&aacute;tky \u010das. Hlavn&yacute;&nbsp;zlat&yacute; okruh tvor&iacute;&nbsp;N&aacute;rodn&yacute; Park Thingvellir, gejz&iacute;r&nbsp;Strokkur a&nbsp;Geysir a vodop&aacute;d&nbsp;Gullfoss. Prejdete to&nbsp;za cca 6 hod&iacute;n [&hellip;]","og_url":"https:\/\/www.fotolab.sk\/blog\/co-zazit-na-islande-za-kratky-cas\/","og_site_name":"CEWE Fotolab blog","article_published_time":"2017-07-07T06:36:09+00:00","article_modified_time":"2017-09-18T15:02:52+00:00","og_image":[{"width":1200,"height":800,"url":"https:\/\/blog.fotolab.sk\/wp-content\/uploads\/2017\/05\/DSC02224.jpg","type":"image\/jpeg"}],"twitter_misc":{"Autor:":"Luk\u00e1\u0161 Podrack\u00fd","Predpokladan\u00fd \u010das \u010d\u00edtania":"6 min\u00fat"},"schema":{"@context":"https:\/\/schema.org","@graph":[{"@type":"WebSite","@id":"https:\/\/www.fotolab.sk\/blog\/#website","url":"https:\/\/www.fotolab.sk\/blog\/","name":"CEWE Fotolab blog","description":"Blog ur\u010den\u00fd pre fan\u00fa\u0161ikov fotografie a sveta okolo nej.","potentialAction":[{"@type":"SearchAction","target":{"@type":"EntryPoint","urlTemplate":"https:\/\/www.fotolab.sk\/blog\/?s={search_term_string}"},"query-input":"required name=search_term_string"}],"inLanguage":"sk-SK"},{"@type":"ImageObject","inLanguage":"sk-SK","@id":"https:\/\/www.fotolab.sk\/blog\/co-zazit-na-islande-za-kratky-cas\/#primaryimage","url":"https:\/\/blog.fotolab.sk\/wp-content\/uploads\/2017\/05\/DSC02224.jpg","contentUrl":"https:\/\/blog.fotolab.sk\/wp-content\/uploads\/2017\/05\/DSC02224.jpg","width":1200,"height":800},{"@type":"WebPage","@id":"https:\/\/www.fotolab.sk\/blog\/co-zazit-na-islande-za-kratky-cas\/#webpage","url":"https:\/\/www.fotolab.sk\/blog\/co-zazit-na-islande-za-kratky-cas\/","name":"Za\u017eite Island - CEWE Fotolab blog","isPartOf":{"@id":"https:\/\/www.fotolab.sk\/blog\/#website"},"primaryImageOfPage":{"@id":"https:\/\/www.fotolab.sk\/blog\/co-zazit-na-islande-za-kratky-cas\/#primaryimage"},"datePublished":"2017-07-07T06:36:09+00:00","dateModified":"2017-09-18T15:02:52+00:00","author":{"@id":"https:\/\/www.fotolab.sk\/blog\/#\/schema\/person\/e77c38084517568c10d34c1d83f99e12"},"breadcrumb":{"@id":"https:\/\/www.fotolab.sk\/blog\/co-zazit-na-islande-za-kratky-cas\/#breadcrumb"},"inLanguage":"sk-SK","potentialAction":[{"@type":"ReadAction","target":["https:\/\/www.fotolab.sk\/blog\/co-zazit-na-islande-za-kratky-cas\/"]}]},{"@type":"BreadcrumbList","@id":"https:\/\/www.fotolab.sk\/blog\/co-zazit-na-islande-za-kratky-cas\/#breadcrumb","itemListElement":[{"@type":"ListItem","position":1,"name":"Home","item":"https:\/\/www.fotolab.sk\/blog\/"},{"@type":"ListItem","position":2,"name":"Za\u017eite Island"}]},{"@type":"Person","@id":"https:\/\/www.fotolab.sk\/blog\/#\/schema\/person\/e77c38084517568c10d34c1d83f99e12","name":"Luk\u00e1\u0161 Podrack\u00fd","image":{"@type":"ImageObject","inLanguage":"sk-SK","@id":"https:\/\/www.fotolab.sk\/blog\/#\/schema\/person\/image\/","url":"https:\/\/secure.gravatar.com\/avatar\/299f4a2b90f240895a6a30dc3278f042?s=96&d=mm&r=g","contentUrl":"https:\/\/secure.gravatar.com\/avatar\/299f4a2b90f240895a6a30dc3278f042?s=96&d=mm&r=g","caption":"Luk\u00e1\u0161 Podrack\u00fd"},"description":"Milujem cestovanie a fotografovanie. Bez fotoapar\u00e1tu ma na v\u00fdlete, turistike nestretne\u0161. Fotkou sa viem vr\u00e1ti\u0165 v \u010dase a pripomen\u00fa\u0165 si z\u00e1\u017eitky. R\u00e1d porad\u00edm, n\u00e1jde\u0161 ma vo Fotolab \u017dilina. \u201eHovor\u00ed sa, \u017ee svet je ako kniha a t\u00ed, \u010do necestuj\u00fa, akoby \u010d\u00edtali t\u00fa ist\u00fa str\u00e1nku dookola\u201c.","url":"https:\/\/www.fotolab.sk\/blog\/author\/lukaspodracky\/"}]}},"_links":{"self":[{"href":"https:\/\/www.fotolab.sk\/blog\/wp-json\/wp\/v2\/posts\/3367"}],"collection":[{"href":"https:\/\/www.fotolab.sk\/blog\/wp-json\/wp\/v2\/posts"}],"about":[{"href":"https:\/\/www.fotolab.sk\/blog\/wp-json\/wp\/v2\/types\/post"}],"author":[{"embeddable":true,"href":"https:\/\/www.fotolab.sk\/blog\/wp-json\/wp\/v2\/users\/9"}],"replies":[{"embeddable":true,"href":"https:\/\/www.fotolab.sk\/blog\/wp-json\/wp\/v2\/comments?post=3367"}],"version-history":[{"count":34,"href":"https:\/\/www.fotolab.sk\/blog\/wp-json\/wp\/v2\/posts\/3367\/revisions"}],"predecessor-version":[{"id":3698,"href":"https:\/\/www.fotolab.sk\/blog\/wp-json\/wp\/v2\/posts\/3367\/revisions\/3698"}],"wp:featuredmedia":[{"embeddable":true,"href":"https:\/\/www.fotolab.sk\/blog\/wp-json\/wp\/v2\/media\/3383"}],"wp:attachment":[{"href":"https:\/\/www.fotolab.sk\/blog\/wp-json\/wp\/v2\/media?parent=3367"}],"wp:term":[{"taxonomy":"category","embeddable":true,"href":"https:\/\/www.fotolab.sk\/blog\/wp-json\/wp\/v2\/categories?post=3367"},{"taxonomy":"post_tag","embeddable":true,"href":"https:\/\/www.fotolab.sk\/blog\/wp-json\/wp\/v2\/tags?post=3367"}],"curies":[{"name":"wp","href":"https:\/\/api.w.org\/{rel}","templated":true}]}}