
{"id":2737,"date":"2017-03-14T14:50:37","date_gmt":"2017-03-14T13:50:37","guid":{"rendered":"http:\/\/blog.fotolab.sk\/?p=2737"},"modified":"2021-08-24T12:35:16","modified_gmt":"2021-08-24T10:35:16","slug":"skladny-a-precizny-sony-alpha-7","status":"publish","type":"post","link":"https:\/\/www.fotolab.sk\/blog\/skladny-a-precizny-sony-alpha-7\/","title":{"rendered":"Skladn\u00fd a prec\u00edzny plnoform\u00e1t &#8211; Sony Alpha 7 II"},"content":{"rendered":"<h5>Na tento pr\u00edstroj som sa ve\u013emi te\u0161il a po rozbalen\u00ed sa moje o\u010dak\u00e1vania potvrdili. Fotoapar\u00e1t vyzer\u00e1 naozaj kvalitne a\u00a0pr\u00ed\u0165a\u017elivo. Telo z\u00a0hor\u010d\u00edkovej zliatiny m\u00e1 origin\u00e1lne hranat\u00e9 tvary a v\u0161etko pekne usporiadan\u00e9. Je rados\u0165 ma\u0165 na krku zavesen\u00fd takto kvalitne spracovan\u00fd pr\u00edstroj. Nemohol som sa do\u010dka\u0165 prv\u00e9ho fotenia.<\/h5>\n<p style=\"text-align: justify;\"><span style=\"font-size: 14px;\">Hne\u010f ma zaujal \u00fadaj o\u00a0zabudovanej 5-osej stabiliz\u00e1cii. Prax uk\u00e1zala, \u017ee funguje excelentne. Fotil som zvedav\u00e9ho vrabca, ktor\u00fd okolo m\u0148a poskakoval a\u00a0nebol probl\u00e9m. Fotka bola ostr\u00e1 aj pri dlh\u0161\u00edch \u010dasoch uz\u00e1vierky. Taktie\u017e v\u0161etky star\u00e9 sveteln\u00e9 objekt\u00edvy pou\u017eit\u00e9 cez adapt\u00e9r bud\u00fa stabilizovan\u00e9. Fotoapar\u00e1t je osaden\u00fd 24,3 Mpx sn\u00edma\u010dom vo ve\u013ekosti Full Frame. Pr\u00e1ve z\u00a0tejto hodnoty vych\u00e1dza ve\u013ek\u00fd\u00a0potenci\u00e1l tohto pr\u00edstroja. 25-bodov\u00fd AF syst\u00e9m je ve\u013emi r\u00fdchly a\u00a0presn\u00fd. Dokonale sa mi to potvrdilo pri foten\u00ed mojej dc\u00e9rky, ktor\u00e1 st\u00e1le beh\u00e1 a\u00a0poskakuje. AF syst\u00e9m v\u017edy r\u00fdchlo a\u00a0bezchybne vyhodnotil situ\u00e1ciu a\u00a0presne zaostril. Pochop\u00ed to ka\u017ed\u00fd, kto niekedy fotil neposedn\u00e9 deti.<\/span><\/p>\n<p><a href=\"https:\/\/www.fotolab.sk\/produkt\/sony-alpha-a7-ii-fe-28-70-mm-cierny\" target=\"_blank\" rel=\"noopener noreferrer\">Sony Alpha 7 II + FE 28-70 mm v na\u0161om e-shope<\/a><\/p>\n<p style=\"text-align: justify;\"><span style=\"font-size: 14px;\">Fotoapar\u00e1t m\u00e1 ve\u013ek\u00fd 3-palcov\u00fd TFT LCD displej. Ten sa d\u00e1 vykl\u00e1pa\u0165, a\u00a0preto je mo\u017en\u00e9 fotografova\u0165 aj z\u00a0r\u00f4znych \u0165a\u017ek\u00fdch uhlov. \u010casto som ho vyu\u017eil pri foten\u00ed tesne nad zemou na takzvan\u00e9 fotky z\u00a0podh\u013eadu, \u010di foten\u00ed v\u00a0dave, kde nevid\u00edte pred seba. Mne sa ale najviac osved\u010dil ve\u013ek\u00fd elektronick\u00fd h\u013ead\u00e1\u010dik so 100% pokryt\u00edm. Je v\u00fdborne \u010ditate\u013en\u00fd a\u00a0je rados\u0165 cez neho komponova\u0165. V\u017edy, ke\u010f som sa do h\u013ead\u00e1\u010dika pozrel, mal som svet ako na dlani. Pri foten\u00ed z\u00e1berov pri vode v\u00fdrazne pom\u00e1ha vodov\u00e1ha, s\u00a0ktorou sa u\u017e nemus\u00edte ob\u00e1va\u0165 padaj\u00faceho horizontu. Jedin\u00e1 nev\u00fdhoda, ak ju tak m\u00f4\u017eem nazva\u0165, je v\u00fdrazne vy\u0161\u0161ia spotreba bat\u00e9rie, hlavne pri pou\u017eit\u00ed h\u013ead\u00e1\u010dika. Preto odpor\u00fa\u010dam aspo\u0148 dve do z\u00e1soby, tento h\u013ead\u00e1\u010dik proste mus\u00edte vyu\u017e\u00edva\u0165 naplno. Nafoten\u00e9 z\u00e1bery je mo\u017en\u00e9 r\u00fdchlo pren\u00e1\u0161a\u0165 cez vstavan\u00e9 WIFI a\u00a0NFC (Near Field Communication) do smartf\u00f3nu alebo zariadenia, ktor\u00e9 ho podporuje. V\u00a0s\u00fa\u010dasnej r\u00fdchlej dobe je to v\u00fdborn\u00e1 funkcia.<\/span><\/p>\n<p style=\"text-align: justify;\"><span style=\"font-size: 14px;\"><strong>Fotografovanie v praxi<\/strong><\/span><\/p>\n<p style=\"text-align: justify;\"><span style=\"font-size: 14px;\">Nasadil som prilo\u017een\u00fd objekt\u00edv 28-70 mm, vlo\u017eil pam\u00e4\u0165ov\u00fa kartu SDHC (tieto fotoapar\u00e1t podporuje) a\u00a0vybral sa na Dunajsk\u00e9 n\u00e1bre\u017eie. Ned\u00e1vno mal Dunaj omnoho vy\u0161\u0161iu hladinu, a\u00a0preto na n\u00e1bre\u017e\u00ed zanechal ve\u013ek\u00e9 mno\u017estvo naplaven\u00edn, kon\u00e1rov a\u00a0suchej tr\u00e1vy. In\u0161pirovalo ma to k\u00a0foteniu zauj\u00edmav\u00fdch z\u00e1berov zo zeme. Zaostroval som na naplaven\u00e9 kon\u00e1re v\u00a0popred\u00ed s\u00a0Dunajom. Oko fotografa ur\u010dite \u010dasto zaujme aj rozostavan\u00fd nov\u00fd \u201eStar\u00fd\u201c most. Mas\u00edvna kovov\u00e1 kon\u0161trukcia a pravideln\u00e1 \u0161trukt\u00fara l\u00e1ka k\u00a0dobrej kompoz\u00edcii. R\u00e1d fot\u00edm premeny mesta \u010di okolia, v\u00a0ktorom \u017eijem. \u0160peci\u00e1lne tento most vyzer\u00e1 na fotk\u00e1ch v\u00fdborne, hlavne po preveden\u00ed do \u010dierno-bielej. Sony Alpha 7 II nesklamala a\u00a0podarilo sa mi nafoti\u0165 p\u00e1r pekn\u00fdch z\u00e1berov mosta a\u00a0jeho rozostavan\u00e9ho okolia.<\/span><\/p>\n<p style=\"text-align: justify;\"><a href=\"http:\/\/blog.fotolab.sk\/wp-content\/uploads\/2017\/03\/DSC00207.jpg\" target=\"_blank\" rel=\"noopener noreferrer\"><img decoding=\"async\" loading=\"lazy\" class=\"alignnone size-large wp-image-2816\" src=\"http:\/\/blog.fotolab.sk\/wp-content\/uploads\/2017\/03\/DSC00207-1024x588.jpg\" alt=\"\" width=\"770\" height=\"442\" srcset=\"https:\/\/blog.fotolab.sk\/wp-content\/uploads\/2017\/03\/DSC00207-1024x588.jpg 1024w, https:\/\/blog.fotolab.sk\/wp-content\/uploads\/2017\/03\/DSC00207-300x172.jpg 300w, https:\/\/blog.fotolab.sk\/wp-content\/uploads\/2017\/03\/DSC00207-768x441.jpg 768w, https:\/\/blog.fotolab.sk\/wp-content\/uploads\/2017\/03\/DSC00207-740x425.jpg 740w\" sizes=\"(max-width: 770px) 100vw, 770px\" \/><\/a><\/p>\n<p style=\"text-align: justify;\"><span style=\"font-size: 14px;\">Zauj\u00edmalo ma, ako si fotoapar\u00e1t porad\u00ed s\u00a0nat\u00e1\u010dan\u00edm Full HD videa, ktor\u00e9 pon\u00faka. Pri to\u010den\u00ed som sa sna\u017eil \u010dasto meni\u0165 polohu zoomu a\u00a0kompoz\u00edciu. Fotoapar\u00e1t zvl\u00e1dol preostrovanie z\u00a0kon\u0161trukcie mosta na te\u010d\u00facu vodu a\u00a0\u013eud\u00ed na n\u00e1bre\u017e\u00ed ve\u013emi dobre. Z\u00e1znam je pekne jednoliaty\u00a0bez sekav\u00e9ho preostrovania. Zna\u010dka Sony v\u017edy patrila v\u00a0tomto segmente k\u00a0\u0161pi\u010dke a\u00a0je tomu tak aj v\u00a0pr\u00edpade Sony Alpha 7 II.<\/span><\/p>\n<p style=\"text-align: justify;\"><span style=\"font-size: 14px;\">Moje \u010fal\u0161ie kroky viedli do bratislavsk\u00e9ho Star\u00e9ho mesta. Ulice boli napriek po\u010dasiu pln\u00e9 turistov. \u010casto ich sledujem, ako zaujate v\u0161etko okolo seba fotia. Urobil som to teraz aj ja a\u00a0pre\u0161iel som cel\u00e9 Star\u00e9 mesto a\u017e po Bratislavsk\u00fd hrad\u00a0o\u010dami turistu. V\u0161\u00edmal som si veci, ktor\u00e9 si be\u017ene nev\u0161\u00edmam. Fotil som detaily star\u00fdch domov, schodov a\u00a0mre\u017e\u00ed na okn\u00e1ch. Vyslovene som si u\u017eil fotenie na jednej z\u00a0uli\u010diek v\u00a0historickom centre mesta. N\u00e1sledne som sa po dlhom kamennom schodisku dostal ku kostol\u00edku pod hradom. E\u0161te ned\u00e1vno bol kostol\u00edk aspo\u0148 ob\u010das otvoren\u00fd, dnes na dver\u00e1ch kra\u013euje u\u017e len fotogenick\u00e1 pavu\u010dina.<\/span><\/p>\n<p style=\"text-align: justify;\"><a href=\"http:\/\/blog.fotolab.sk\/wp-content\/uploads\/2017\/03\/DSC00256.jpg\" target=\"_blank\" rel=\"noopener noreferrer\"><img decoding=\"async\" loading=\"lazy\" class=\"alignnone size-large wp-image-2822\" src=\"http:\/\/blog.fotolab.sk\/wp-content\/uploads\/2017\/03\/DSC00256-1024x601.jpg\" alt=\"\" width=\"770\" height=\"452\" srcset=\"https:\/\/blog.fotolab.sk\/wp-content\/uploads\/2017\/03\/DSC00256-1024x601.jpg 1024w, https:\/\/blog.fotolab.sk\/wp-content\/uploads\/2017\/03\/DSC00256-300x176.jpg 300w, https:\/\/blog.fotolab.sk\/wp-content\/uploads\/2017\/03\/DSC00256-768x451.jpg 768w, https:\/\/blog.fotolab.sk\/wp-content\/uploads\/2017\/03\/DSC00256-740x434.jpg 740w\" sizes=\"(max-width: 770px) 100vw, 770px\" \/><\/a><\/p>\n<p style=\"text-align: justify;\"><span style=\"font-size: 14px;\">\u010eal\u0161\u00edch p\u00e1r desiatok schodov a\u00a0bol som na zn\u00e1mom v\u00fdh\u013eade nad mestom. Odpor\u00fa\u010dam toto miesto nav\u0161t\u00edvi\u0165 hlavne po zotmen\u00ed. Ak\u00a0chcete ma\u0165 pekn\u00e9 fotografie no\u010dn\u00e9ho mesta, toto je to spr\u00e1vne miesto. Fotoapar\u00e1t disponuje 24 Mpx sn\u00edma\u010dom Full Frame, a\u00a0preto sa zo z\u00e1berov daj\u00fa robi\u0165 naozaj kr\u00e1sne v\u00fdrezy. \u0160peci\u00e1lne s\u00a0fotkami mesta sa d\u00e1 dobre pracova\u0165 a\u00a0zo\u00a0z\u00e1beru vybra\u0165 len t\u00fa \u010das\u0165, ktorou chcete osvie\u017ei\u0165 svoju kancel\u00e1riu \u010di b\u00fdvanie. Fotografick\u00e9 popoludnie ubiehalo a na fotoapar\u00e1t som si celkom r\u00fdchlo zvykol. Jeho pr\u00edjemn\u00e1 v\u00e1ha ma ani po dlhom foten\u00ed neza\u0165a\u017eovala. Je r\u00fdchly, ve\u013emi presne meria expoz\u00edciu, fotografie s\u00fa pekne ostr\u00e9 a farby vyv\u00e1\u017een\u00e9. Jedin\u00e9, \u010do ma trochu prekvapilo, je dos\u0165 komplikovan\u00e9 MENU, ale predpoklad\u00e1m, \u017ee je to len sila zvyku. Doma som si neodpustil p\u00e1r portr\u00e9tov mojej dc\u00e9rky. Neobi\u0161iel som ani na\u0161e balk\u00f3nov\u00e9 kvety, kde sa v\u00fdborne prejavuje kvalita h\u013abky ostrosti. T\u00e1 je pri tomto fotoapar\u00e1te \u00fa\u017easn\u00e1, predsa len ide o\u00a0Full Frame. Zaostren\u00fd objekt pekne vyst\u00fapi do popredia a\u00a0pozadie ostane rozostren\u00e9. Ak ste majite\u013eom CSC fotoapar\u00e1tu rady micro 4\/3 alebo APS-C, budete c\u00edti\u0165 rozdiel. Nie tak v\u00a0kvalite obrazu, ako v\u00a0\u201eh\u013abke\u201c z\u00e1beru, obrovskom dynamickom rozsahu a\u00a0v\u00a0mo\u017enosti pracova\u0165 s\u00a0h\u013abkou ostrosti.<\/span><\/p>\n<p style=\"text-align: justify;\"><a href=\"http:\/\/blog.fotolab.sk\/wp-content\/uploads\/2017\/03\/DSC00314.jpg\" target=\"_blank\" rel=\"noopener noreferrer\"><img decoding=\"async\" loading=\"lazy\" class=\"alignnone size-large wp-image-2828\" src=\"http:\/\/blog.fotolab.sk\/wp-content\/uploads\/2017\/03\/DSC00314-1024x632.jpg\" alt=\"\" width=\"770\" height=\"475\" srcset=\"https:\/\/blog.fotolab.sk\/wp-content\/uploads\/2017\/03\/DSC00314-1024x632.jpg 1024w, https:\/\/blog.fotolab.sk\/wp-content\/uploads\/2017\/03\/DSC00314-300x185.jpg 300w, https:\/\/blog.fotolab.sk\/wp-content\/uploads\/2017\/03\/DSC00314-768x474.jpg 768w, https:\/\/blog.fotolab.sk\/wp-content\/uploads\/2017\/03\/DSC00314-740x457.jpg 740w\" sizes=\"(max-width: 770px) 100vw, 770px\" \/><\/a><\/p>\n<p style=\"text-align: justify;\"><span style=\"font-size: 14px;\">Fotoapar\u00e1t je presne pre \u013eud\u00ed, ktor\u00ed potrebuj\u00fa nekompromisn\u00fa kvalitu obrazu alebo fotia portr\u00e9ty s\u00a0dokonale rozostren\u00fdm pozad\u00edm. Ak vy\u017eadujete kompaktnej\u0161ie rozmery ako maj\u00fa be\u017en\u00e9 Full Frame zrkadlovky, <a href=\"https:\/\/www.fotolab.sk\/produkt\/sony-alpha-a7-ii-fe-28-70-mm-cierny\" target=\"_blank\" rel=\"noopener noreferrer\">Sony Alpha 7 II<\/a> je ten spr\u00e1vny pr\u00edstroj. Tento fotoapar\u00e1t m\u00e1 s\u00edce mal\u00e9 telo, ale v\u00fdsledky vyd\u00e1vaj\u00fa svedectvo o\u00a0jeho ve\u013ekom potenci\u00e1li. Osobne odpor\u00fa\u010dam pou\u017eitie pevn\u00fdch a\u00a0sveteln\u00fdch objekt\u00edvov, tie z\u00a0fotoapar\u00e1tu vy\u0165a\u017eia maximum kvality. U\u017e len to spr\u00e1vne svetlo a\u00a0m\u00f4\u017eete sa vyda\u0165 do ul\u00edc \u017eivota.<\/span><\/p>\n<p style=\"text-align: justify;\"><span style=\"font-size: 14px;\">Recenzia bola v p\u00edsan\u00e1 v \u010dase rekon\u0161trukcie Star\u00e9ho mostu v Bratislave v roku 2015.<\/span><\/p>\n<hr \/>\n<p style=\"text-align: justify;\"><style>\r\n\/*===== general options =========*\/\r\na {\r\n    box-shadow: none !important;\r\n}\r\n\r\n.view *:not(i), .album_categories *, .album_back_button *, #album_disabled_layer {\r\n    font-family: sans-serif, Arial, Verdana, Sylfaen !important;\r\n}\r\n\r\n#album_disabled_layer {\r\n    display: none;\r\n    position: absolute;\r\n    width: 100%;\r\n    height: 100%;\r\n    text-align: center;\r\n    background-color: transparent;\r\n    z-index: 10;\r\n    padding-top: 20px;\r\n    color: #fff;\r\n}\r\n\r\n#album_list_container {\r\n    position: relative;\r\n}\r\n\r\n\/* ====================== album onhover styles ==========================*\/\r\n\r\n#album_list .view {\r\n    -webkit-box-sizing: border-box;\r\n    -moz-box-sizing: border-box;\r\n    -o-box-sizing: border-box;\r\n    display: none;\r\n\r\n}\r\n\r\n.view .mask,\r\n.view .content {\r\n    width: 100%;\r\n    height: 100%;\r\n    position: absolute;\r\n    overflow: hidden;\r\n    top: 0;\r\n    left: 0;\r\n}\r\n\r\n.view h2 {\r\n    text-transform: uppercase;\r\n    color: #fff;\r\n    text-align: center;\r\n    position: relative;\r\n    font-size: 17px;\r\n    font-family: Raleway, serif;\r\n    padding: 10px;\r\n    \/*background: rgba(0, 0, 0, 0.8);*\/\r\n    margin: 20px 0 0 0;\r\n\r\n}\r\n\r\n.album_back_button a, .view a {\r\n    text-decoration: none !important;\r\n}\r\n\r\n.view p {\r\n    font-family: Merriweather, serif;\r\n    font-style: italic;\r\n    font-size: 14px;\r\n    position: relative;\r\n    color: #fff;\r\n    padding: 0px 20px 0px;\r\n    text-align: center;\r\n\r\n}\r\n\r\n.view a.info {\r\n    display: inline-block;\r\n    text-decoration: none;\r\n    font-size: 13px;\r\n    padding: 2px 14px;\r\n    margin-bottom: 3px;\r\n    background: #000;\r\n    color: #fff;\r\n    font-family: Raleway, serif;\r\n    text-transform: uppercase;\r\n    box-shadow: 0 0 1px #000\r\n}\r\n\r\n.mask-text h2 {\r\n    font-size: 20px !important;\r\n}\r\n\r\n.view a.info:hover {\r\n    box-shadow: 0 0 5px #000\r\n}\r\n\r\n.view .mask-bg {\r\n    height: 100%;\r\n}\r\n\r\n.view .album_social {\r\n    color: #fff;\r\n    position: absolute;\r\n    bottom: 3px;\r\n    left: 3px;\r\n    border: 1px solid #ffffff;\r\n    -webkit-border-radius: 3px;\r\n    -moz-border-radius: 3px;\r\n    border-radius: 3px;\r\n    padding: 3px 5px;\r\n\r\n}\r\n\r\n.view .album_social:active, .view .album_social:focus, .view .album_social:hover {\r\n    color: #ffffff;\r\n    outline: none;\r\n}\r\n\r\n\/*1*\/\r\n\r\n.view .info {\r\n    margin-top: 5px;\r\n}\r\n\r\n.view-first .mask {\r\n    opacity: 0;\r\n    background-color: rgba(0, 0, 0, 0.7);\r\n    transition: all 0.4s ease-in-out;\r\n\r\n}\r\n\r\n.view-first h2 {\r\n    transform: translateY(-100px);\r\n    opacity: 0;\r\n    font-family: Raleway, serif;\r\n    transition: all 0.2s ease-in-out;\r\n}\r\n\r\n.view-first p {\r\n    transform: translateY(100px);\r\n    opacity: 0;\r\n    transition: all 0.2s linear;\r\n}\r\n\r\n.view-first a.info {\r\n    opacity: 0;\r\n    transition: all 0.2s ease-in-out;\r\n}\r\n\r\n\/* *\/\r\n\r\n.view-first:hover img {\r\n    \/*transform: scale(1.1);*\/\r\n}\r\n\r\n.view-first:hover .mask {\r\n    opacity: 1;\r\n}\r\n\r\n.view-first:hover h2,\r\n.view-first:hover p,\r\n.view-first:hover a.info {\r\n    opacity: 1;\r\n    transform: translateY(0px);\r\n}\r\n\r\n.view-first:hover p {\r\n    transition-delay: 0.1s;\r\n}\r\n\r\n.view-first:hover a.info {\r\n    transition-delay: 0.2s;\r\n}\r\n\r\n\/*2*\/\r\n.view-second img {\r\n    -webkit-filter: grayscale(0) blur(0);\r\n    filter: grayscale(0) blur(0);\r\n    -webkit-transition: .3s ease-in-out;\r\n    transition: .3s ease-in-out;\r\n}\r\n\r\n.view-second .mask {\r\n    background-color: rgba(226, 200, 127, 0.2);\r\n    transition: all 0.5s linear;\r\n    opacity: 0;\r\n}\r\n\r\n.view-second h2 {\r\n    background: transparent;\r\n    margin: 20px 40px 0px 40px;\r\n    transform: scale(0);\r\n    color: #333;\r\n    transition: all 0.5s linear;\r\n    opacity: 0;\r\n}\r\n\r\n.view-second p {\r\n    opacity: 0;\r\n    transform: scale(0);\r\n    transition: all 0.5s linear;\r\n}\r\n\r\n.view-second a.info {\r\n    opacity: 0;\r\n    transform: scale(0);\r\n    transition: all 0.5s linear;\r\n}\r\n\r\n.view-second:hover img {\r\n    -webkit-filter: grayscale(100%) blur(3px);\r\n    filter: grayscale(100%) blur(3px);\r\n}\r\n\r\n.view-second:hover .mask {\r\n    opacity: 1;\r\n}\r\n\r\n.view-second:hover h2,\r\n.view-second:hover p,\r\n.view-second:hover a.info {\r\n    transform: scale(1);\r\n    opacity: 1;\r\n}\r\n\r\n.view-second img {\r\n    -webkit-filter: grayscale(0) blur(0);\r\n    filter: grayscale(0) blur(0);\r\n    -webkit-transition: .3s ease-in-out;\r\n    transition: .3s ease-in-out;\r\n}\r\n\r\n.view-second:hover img {\r\n    -webkit-filter: grayscale(100%) blur(3px);\r\n    filter: grayscale(100%) blur(3px);\r\n}\r\n\r\n\/*3*\/\r\n\r\n.view-third img {\r\n    transform: scaleY(1);\r\n    transition: all .7s ease-in-out;\r\n}\r\n\r\n.view-third a.info {\r\n    opacity: 0;\r\n    transform: scale(0);\r\n    transition: all 0.5s linear;\r\n}\r\n\r\n.view-third:hover img {\r\n    -webkit-transform: scale(10);\r\n    transform: scale(10);\r\n    opacity: 0;\r\n}\r\n\r\n.view-third:hover .mask {\r\n    opacity: 1;\r\n}\r\n\r\n.view-third:hover h2,\r\n.view-third:hover p,\r\n.view-third:hover a.info {\r\n    transform: scale(1);\r\n    opacity: 1;\r\n}\r\n\r\n\/* ==== view 4 ===*\/\r\n\r\n.view-forth-wrapper {\r\n    overflow: hidden;\r\n    position: relative !important;\r\n    height: 100%;\r\n    \/* cursor: pointer;*\/\r\n}\r\n\r\n.view-forth img {\r\n    max-width: 100%;\r\n    position: relative;\r\n    top: 0;\r\n    -webkit-transition: all 600ms cubic-bezier(0.645, 0.045, 0.355, 1);\r\n    transition: all 600ms cubic-bezier(0.645, 0.045, 0.355, 1);\r\n}\r\n\r\n.view-forth .mask {\r\n    position: absolute;\r\n    width: 100%;\r\n    \/*    height: 70px;*\/\r\n    \/*    bottom: -70px;*\/\r\n    height: 50%;\r\n    bottom: -50%;\r\n    -webkit-transition: all 300ms cubic-bezier(0.645, 0.045, 0.355, 1);\r\n    transition: all 300ms cubic-bezier(0.645, 0.045, 0.355, 1);\r\n    top: inherit;\r\n}\r\n\r\n.view-forth:hover .mask {\r\n    bottom: 0;\r\n}\r\n\r\n.view-forth:hover img {\r\n    top: -30px;\r\n}\r\n\r\n\/*==  view 5 ==*\/\r\n\r\n.view-fifth .view-fifth-wrapper,\r\n.view-fifth .view-fifth-wrapper img {\r\n    display: block;\r\n    position: relative;\r\n}\r\n\r\n.view-fifth .view-fifth-wrapper {\r\n    overflow: hidden;\r\n    height: 100%;\r\n}\r\n\r\n.view-fifth .view-fifth-wrapper .mask {\r\n    display: none;\r\n    position: absolute;\r\n    background: #333;\r\n    background: rgba(75, 75, 75, 0.7);\r\n    width: 100%;\r\n    height: 100%;\r\n}\r\n\r\n\/* ====================== album category styles ==========================*\/\r\n\r\n#filters {\r\n    margin: 1% 0;\r\n    padding: 0;\r\n    list-style: none;\r\n    list-style-type: none !important;\r\n\r\n}\r\n\r\n#filters li {\r\n    float: left;\r\n    list-style-type: none !important;\r\n}\r\n\r\n#filters li:first-child span {\r\n    margin-left: 0px;\r\n}\r\n\r\n#filters li span {\r\n    display: block;\r\n    text-decoration: none;\r\n    cursor: pointer;\r\n}\r\n\r\n.album_categories {\r\n    list-style-type: none;\r\n    margin: 0;\r\n    padding: 0;\r\n    overflow: hidden;\r\n    padding-top: 5px;\r\n}\r\n\r\n\/*=========  sharing buttons  ============*\/\r\n\r\n.album_socials {\r\n    position: relative;\r\n    top: 3px;\r\n    width: 100px;\r\n    height: 28px;\r\n    margin: 0 auto;\r\n}\r\n\r\n.album_socials .rwd-share-buttons {\r\n    top: 0px !important;\r\n    width: 100% !important;\r\n    margin: 0px !important;\r\n}\r\n\r\n.album_socials a {\r\n    text-decoration: underline !important;\r\n}\r\n\r\n.gallery_images, .album_image_place {\r\n    margin-top: 15px;\r\n    margin-top: 15px;\r\n}\r\n\r\n#rwd-share-facebook:hover {\r\n    background-position: 0 -31px !important;\r\n}\r\n\r\n#rwd-share-twitter:hover {\r\n    background-position: -31px 32px !important;\r\n}\r\n\r\n#rwd-share-googleplus:hover {\r\n    background-position: -66px -31px !important;\r\n}\r\n\r\n.rwd-share-buttons li, .rwd-share-buttons li a {\r\n    width: 26px !important;\r\n    border: 0px !important;\r\n}\r\n\r\n.rwd-share-buttons {\r\n    top: 0 !important;\r\n}\r\n\r\n.img_link_btn {\r\n    position: absolute;\r\n    z-index: 99999;\r\n    bottom: 0;\r\n    left: 0;\r\n    right: 0;\r\n    width: 100%;\r\n    padding: 8px;\r\n}\r\n\r\n.rwd-title {\r\n    padding: 10px 0px !important;\r\n}\r\n\r\n@media only screen and (max-width: 475px) {\r\n    .rwd-share-buttons {\r\n        top: -25px !important;\r\n    }\r\n\r\n    .rwd-title-text {\r\n        line-height: 15px;\r\n    }\r\n}\r\n\r\n\/*=========  hover style ===========*\/\r\n\r\n#hover {\r\n    color: rgba(188, 175, 204, 0.9);\r\n}\r\n\r\nh2#testimonials {\r\n    color: #fffae3;\r\n}\r\n\r\ndiv#all {\r\n    width: 100%;\r\n    height: 100%;\r\n}\r\n\r\n.view img {\r\n    height: auto;\r\n}\r\n\r\n.view {\r\n    color: #fff;\r\n    margin: 0 10px 10px 0;\r\n    overflow: hidden;\r\n    position: relative;\r\n    text-align: center;\r\n    float: left;\r\n    cursor: default;\r\n    border: 1px solid #ccc;\r\n}\r\n\r\n.view-wrapper {\r\n    height: 100%;\r\n}\r\n\r\n.view img {\r\n    display: block;\r\n    position: relative;\r\n    transition: all 0.2s linear;\r\n    height: 100%;\r\n    width: auto;\r\n    max-width: 100%;\r\n    margin: 0 auto;\r\n}\r\n\r\n.mask-text h2 {\r\n    font-size: 20px !important;\r\n    margin-top: 20px !important;\r\n}\r\n\r\n\/* view 1 *\/\r\n\r\n.view-first .text-category, .view-first .mask-text h2, .view-first .mask-text p {\r\n    color: #fff;\r\n}\r\n\r\n\/*  view 2 *\/\r\n.view-second .text-category, .view-second .mask-text h2, .view-second p {\r\n    color: #333;\r\n}\r\n\r\n.view-second .mask-text h2 {\r\n    border-bottom: 1px solid #333;\r\n}\r\n\r\n\/* view 3*\/\r\n.view-third .mask {\r\n    background-color: #ccc;\r\n    transition: all 0.5s linear;\r\n    opacity: 0;\r\n    color: #333;\r\n}\r\n\r\n.view-third h2 {\r\n    border-bottom: 1px solid #333;\r\n    background: transparent;\r\n    margin: 20px 40px 0px 40px;\r\n    transform: scale(0);\r\n    color: #333;\r\n    transition: all 0.5s linear;\r\n    opacity: 0;\r\n}\r\n\r\n.view-third p {\r\n    color: #333;\r\n    opacity: 0;\r\n    transform: scale(0);\r\n    transition: all 0.5s linear;\r\n}\r\n\r\n.view-third .text-category {\r\n    color: #333;\r\n}\r\n\r\n\/* view 4 *\/\r\n\r\n.view-forth .mask-bg {\r\n    background: #333;\r\n    width: 100%;\r\n    height: 100%;\r\n    position: absolute;\r\n    top: 0;\r\n    left: 0;\r\n}\r\n\r\n.view-forth .mask-text {\r\n    color: #fff;\r\n    position: relative;\r\n    z-index: 500;\r\n    padding: 5px 8px;\r\n}\r\n\r\n.view-forth .mask-text h2 {\r\n    margin: 0px;\r\n    font-size: 13px;\r\n    padding: 2px;\r\n    color: #fff;\r\n}\r\n\r\n.view-forth .mask-text h2:hover {\r\n    cursor: pointer;\r\n}\r\n\r\n.view-forth .text-category {\r\n    display: block;\r\n    font-size: 15px;\r\n    color: #fff;\r\n}\r\n\r\n.view-forth p {\r\n    color: #fff;\r\n}\r\n\r\n\/* view 5 *\/\r\n.view-fifth .text-category, .view-fifth .text-category *, .view-fifth .mask-text h2, .view-fifth .mask-text p {\r\n    color: #fff;\r\n}\r\n\r\n<\/style><div id=\"mygallery_wrapper_10\" class=\"gallery-img-content clear\"\r\n     data-gallery-id=\"10\" data-content-per-page=\"5\"\r\n     data-rating-type=\"off\">\r\n    <div id=\"mygallery_10\" class=\"mygallery view-justified clear\">\r\n                <input type=\"hidden\" id=\"total\" value=\"3\"\/>\r\n                                                <a class=\"gallery_group10\" href=\"http:\/\/blog.fotolab.sk\/wp-content\/uploads\/2017\/03\/DSC00199.jpg\"\r\n                       title=\"\">\r\n                        <img id=\"wd-cl-img0\"\r\n                             alt=\"\"\r\n                             src=\"https:\/\/blog.fotolab.sk\/wp-content\/uploads\/2017\/03\/DSC00199-1024x598.jpg\"\/>\r\n                                            <\/a>\r\n                    <input type=\"hidden\" class=\"pagenum\" value=\"1\"\/>\r\n                                                                            <a class=\"gallery_group10\" href=\"http:\/\/blog.fotolab.sk\/wp-content\/uploads\/2017\/03\/DSC00207.jpg\"\r\n                       title=\"\">\r\n                        <img id=\"wd-cl-img1\"\r\n                             alt=\"\"\r\n                             src=\"https:\/\/blog.fotolab.sk\/wp-content\/uploads\/2017\/03\/DSC00207-1024x588.jpg\"\/>\r\n                                            <\/a>\r\n                    <input type=\"hidden\" class=\"pagenum\" value=\"1\"\/>\r\n                                                                            <a class=\"gallery_group10\" href=\"http:\/\/blog.fotolab.sk\/wp-content\/uploads\/2017\/03\/DSC00209.jpg\"\r\n                       title=\"\">\r\n                        <img id=\"wd-cl-img2\"\r\n                             alt=\"\"\r\n                             src=\"https:\/\/blog.fotolab.sk\/wp-content\/uploads\/2017\/03\/DSC00209-1024x560.jpg\"\/>\r\n                                            <\/a>\r\n                    <input type=\"hidden\" class=\"pagenum\" value=\"1\"\/>\r\n                                                                            <a class=\"gallery_group10\" href=\"http:\/\/blog.fotolab.sk\/wp-content\/uploads\/2017\/03\/DSC00268.jpg\"\r\n                       title=\"\">\r\n                        <img id=\"wd-cl-img3\"\r\n                             alt=\"\"\r\n                             src=\"https:\/\/blog.fotolab.sk\/wp-content\/uploads\/2017\/03\/DSC00268-1024x553.jpg\"\/>\r\n                                            <\/a>\r\n                    <input type=\"hidden\" class=\"pagenum\" value=\"1\"\/>\r\n                                                                            <a class=\"gallery_group10\" href=\"http:\/\/blog.fotolab.sk\/wp-content\/uploads\/2017\/03\/DSC00281.jpg\"\r\n                       title=\"\">\r\n                        <img id=\"wd-cl-img4\"\r\n                             alt=\"\"\r\n                             src=\"https:\/\/blog.fotolab.sk\/wp-content\/uploads\/2017\/03\/DSC00281-1024x575.jpg\"\/>\r\n                                            <\/a>\r\n                    <input type=\"hidden\" class=\"pagenum\" value=\"1\"\/>\r\n                                                                            <a class=\"gallery_group10\" href=\"http:\/\/blog.fotolab.sk\/wp-content\/uploads\/2017\/03\/DSC00309.jpg\"\r\n                       title=\"\">\r\n                        <img id=\"wd-cl-img5\"\r\n                             alt=\"\"\r\n                             src=\"https:\/\/blog.fotolab.sk\/wp-content\/uploads\/2017\/03\/DSC00309-1024x595.jpg\"\/>\r\n                                            <\/a>\r\n                    <input type=\"hidden\" class=\"pagenum\" value=\"1\"\/>\r\n                                                                            <a class=\"gallery_group10\" href=\"http:\/\/blog.fotolab.sk\/wp-content\/uploads\/2017\/03\/DSC00267.jpg\"\r\n                       title=\"\">\r\n                        <img id=\"wd-cl-img6\"\r\n                             alt=\"\"\r\n                             src=\"https:\/\/blog.fotolab.sk\/wp-content\/uploads\/2017\/03\/DSC00267-1024x596.jpg\"\/>\r\n                                            <\/a>\r\n                    <input type=\"hidden\" class=\"pagenum\" value=\"1\"\/>\r\n                                                                            <a class=\"gallery_group10\" href=\"http:\/\/blog.fotolab.sk\/wp-content\/uploads\/2017\/03\/DSC00262.jpg\"\r\n                       title=\"\">\r\n                        <img id=\"wd-cl-img7\"\r\n                             alt=\"\"\r\n                             src=\"https:\/\/blog.fotolab.sk\/wp-content\/uploads\/2017\/03\/DSC00262-1024x607.jpg\"\/>\r\n                                            <\/a>\r\n                    <input type=\"hidden\" class=\"pagenum\" value=\"1\"\/>\r\n                                                                            <a class=\"gallery_group10\" href=\"http:\/\/blog.fotolab.sk\/wp-content\/uploads\/2017\/03\/DSC00249.jpg\"\r\n                       title=\"\">\r\n                        <img id=\"wd-cl-img8\"\r\n                             alt=\"\"\r\n                             src=\"https:\/\/blog.fotolab.sk\/wp-content\/uploads\/2017\/03\/DSC00249-1024x602.jpg\"\/>\r\n                                            <\/a>\r\n                    <input type=\"hidden\" class=\"pagenum\" value=\"1\"\/>\r\n                                                                            <a class=\"gallery_group10\" href=\"http:\/\/blog.fotolab.sk\/wp-content\/uploads\/2017\/03\/DSC00247.jpg\"\r\n                       title=\"\">\r\n                        <img id=\"wd-cl-img9\"\r\n                             alt=\"\"\r\n                             src=\"https:\/\/blog.fotolab.sk\/wp-content\/uploads\/2017\/03\/DSC00247-1024x649.jpg\"\/>\r\n                                            <\/a>\r\n                    <input type=\"hidden\" class=\"pagenum\" value=\"1\"\/>\r\n                                                                            <a class=\"gallery_group10\" href=\"http:\/\/blog.fotolab.sk\/wp-content\/uploads\/2017\/03\/DSC00239.jpg\"\r\n                       title=\"\">\r\n                        <img id=\"wd-cl-img10\"\r\n                             alt=\"\"\r\n                             src=\"https:\/\/blog.fotolab.sk\/wp-content\/uploads\/2017\/03\/DSC00239-1024x589.jpg\"\/>\r\n                                            <\/a>\r\n                    <input type=\"hidden\" class=\"pagenum\" value=\"1\"\/>\r\n                                                                            <a class=\"gallery_group10\" href=\"http:\/\/blog.fotolab.sk\/wp-content\/uploads\/2017\/03\/DSC00236.jpg\"\r\n                       title=\"\">\r\n                        <img id=\"wd-cl-img11\"\r\n                             alt=\"\"\r\n                             src=\"https:\/\/blog.fotolab.sk\/wp-content\/uploads\/2017\/03\/DSC00236-1024x602.jpg\"\/>\r\n                                            <\/a>\r\n                    <input type=\"hidden\" class=\"pagenum\" value=\"1\"\/>\r\n                                        <\/div>\r\n    <\/div>\r\n<style>\r\n.justified-gallery {\r\n    width: 100%;\r\n    position: relative;\r\n}\r\n.justified-gallery a{\r\n    border:none;\r\n}\r\n.justified-gallery > a,\r\n.justified-gallery > div {\r\n    position: absolute;\r\n    display: inline-block;\r\n    opacity: 0;\r\n    overflow:hidden;\r\n    filter: alpha(opacity=0);\r\n    \/* IE8 or Earlier *\/\r\n}\r\n.justified-gallery > a > img,\r\n.justified-gallery > div > img {\r\n    position: absolute;\r\n    top: 50%;\r\n    left: 50%;\r\n    padding: 0;\r\n}\r\n.justified-gallery > a > .caption,\r\n.justified-gallery > div > .caption {\r\n    display: none;\r\n    position: absolute;\r\n    bottom: 0;\r\n    padding: 5px;\r\n    left: 0;\r\n    right: 0;\r\n    margin: 0;\r\n    color: #3AD6FC;\r\n    font-size: 13px;\r\n    font-weight: 300;\r\n    font-family: sans-serif;\r\n\/\/margin-left: px;\r\n    background:rgba(255,28,28,0.9)  !important;\r\n    overflow: hidden;\r\n    text-overflow: ellipsis;\r\n    white-space:nowrap;\r\n}\r\n.justified-gallery > a > .caption.caption-visible,\r\n.justified-gallery > div > .caption.caption-visible {\r\n    display: initial;\r\n    filter: \"alpha(opacity=70)\";\r\n    \/* IE8 or Earlier *\/\r\n    -webkit-animation: justified-gallery-show-caption-animation 500ms 0 ease;\r\n    -moz-animation: justified-gallery-show-caption-animation 500ms 0 ease;\r\n    -ms-animation: justified-gallery-show-caption-animation 500ms 0 ease;\r\n}\r\n.justified-gallery > .entry-visible {\r\n    opacity: 1.0;\r\n    filter: alpha(opacity=100);\r\n    \/* IE8 or Earlier *\/\r\n    -webkit-animation: justified-gallery-show-entry-animation 300ms 0 ease;\r\n    -moz-animation: justified-gallery-show-entry-animation 300ms 0 ease;\r\n    -ms-animation: justified-gallery-show-entry-animation 300ms 0 ease;\r\n}\r\n.justified-gallery > .spinner {\r\n    position: absolute;\r\n    bottom: 0;\r\n    margin-left: -24px;\r\n    padding: 10px 0 10px 0;\r\n    left: 50%;\r\n    opacity: initial;\r\n    filter: initial;\r\n    overflow: initial;\r\n}\r\n.justified-gallery > .spinner > span {\r\n    display: inline-block;\r\n    opacity: 0;\r\n    filter: alpha(opacity=0);\r\n    \/* IE8 or Earlier *\/\r\n    width: 8px;\r\n    height: 8px;\r\n    margin: 0 4px 0 4px;\r\n    background-color: #000;\r\n    border-top-left-radius: 6px;\r\n    border-top-right-radius: 6px;\r\n    border-bottom-right-radius: 6px;\r\n    border-bottom-left-radius: 6px;\r\n}\r\n.play-icon {\r\n    position:absolute;\r\n    top:0;\r\n    left:0;\r\n    width:100%;\r\n    height:100%;\r\n}\r\n.load_more2 {\r\n    margin: 10px 0;\r\n    position:relative;\r\n    text-align:center;\r\n    width:100%;\r\n}\r\n.load_more_button2 {\r\n    border-radius: 10px;\r\n    display:inline-block;\r\n    padding:5px 15px;\r\n    font-size:14px !important;;\r\n    color:#FF1C1C !important;;\r\n    background:#26A6FC !important;\r\n    cursor:pointer;\r\n}\r\n.load_more_button2:hover{\r\n    color:#FF4242 !important;\r\n    background:#0FEFFF !important;\r\n}\r\n.loading2 {\r\n    display:none;\r\n}\r\n.paginate2{\r\n    font-size:18px !important;\r\n    color:#26A6FC !important;\r\n    text-align: center;\r\n    margin-top: 25px;\r\n}\r\n.paginate2 a{\r\n    border-bottom: none !important;\r\n}\r\n.icon-style2{\r\n    font-size: 18px !important;\r\n    color:#26A6FC !important;\r\n}\r\n.clear{\r\n    clear:both;\r\n}\r\n.play-icon.youtube-icon {background:url(https:\/\/blog.fotolab.sk\/wp-content\/plugins\/gallery-images\/assets\/images\/admin_images\/play.youtube.png) center center no-repeat;}\r\n.play-icon.vimeo-icon {background:url(https:\/\/blog.fotolab.sk\/wp-content\/plugins\/gallery-images\/assets\/images\/admin_images\/play.vimeo.png) center center no-repeat;}\r\n<\/style>\n","protected":false},"excerpt":{"rendered":"<p>Na tento pr\u00edstroj som sa ve\u013emi te\u0161il a po rozbalen\u00ed sa moje o\u010dak\u00e1vania potvrdili. Fotoapar\u00e1t vyzer\u00e1 naozaj kvalitne a\u00a0pr\u00ed\u0165a\u017elivo. Telo z\u00a0hor\u010d\u00edkovej zliatiny m\u00e1 origin\u00e1lne hranat\u00e9 tvary a v\u0161etko pekne usporiadan\u00e9. Je rados\u0165 ma\u0165 na krku zavesen\u00fd takto kvalitne spracovan\u00fd pr\u00edstroj. Nemohol som sa do\u010dka\u0165 prv\u00e9ho fotenia. Hne\u010f ma zaujal \u00fadaj o\u00a0zabudovanej 5-osej stabiliz\u00e1cii. Prax uk\u00e1zala, [&hellip;]<\/p>\n","protected":false},"author":8,"featured_media":2827,"comment_status":"open","ping_status":"open","sticky":false,"template":"","format":"gallery","meta":[],"categories":[49],"tags":[103,74,75],"yoast_head":"<!-- This site is optimized with the Yoast SEO plugin v19.1 - https:\/\/yoast.com\/wordpress\/plugins\/seo\/ -->\n<title>Skladn\u00fd a prec\u00edzny plnoform\u00e1t - Sony Alpha 7 II - CEWE Fotolab blog<\/title>\n<meta name=\"robots\" content=\"index, follow, max-snippet:-1, max-image-preview:large, max-video-preview:-1\" \/>\n<link rel=\"canonical\" href=\"https:\/\/www.fotolab.sk\/blog\/skladny-a-precizny-sony-alpha-7\/\" \/>\n<meta property=\"og:locale\" content=\"sk_SK\" \/>\n<meta property=\"og:type\" content=\"article\" \/>\n<meta property=\"og:title\" content=\"Skladn\u00fd a prec\u00edzny plnoform\u00e1t - Sony Alpha 7 II - CEWE Fotolab blog\" \/>\n<meta property=\"og:description\" content=\"Na tento pr\u00edstroj som sa ve\u013emi te\u0161il a po rozbalen\u00ed sa moje o\u010dak\u00e1vania potvrdili. Fotoapar\u00e1t vyzer\u00e1 naozaj kvalitne a\u00a0pr\u00ed\u0165a\u017elivo. Telo z\u00a0hor\u010d\u00edkovej zliatiny m\u00e1 origin\u00e1lne hranat\u00e9 tvary a v\u0161etko pekne usporiadan\u00e9. Je rados\u0165 ma\u0165 na krku zavesen\u00fd takto kvalitne spracovan\u00fd pr\u00edstroj. Nemohol som sa do\u010dka\u0165 prv\u00e9ho fotenia. Hne\u010f ma zaujal \u00fadaj o\u00a0zabudovanej 5-osej stabiliz\u00e1cii. Prax uk\u00e1zala, [&hellip;]\" \/>\n<meta property=\"og:url\" content=\"https:\/\/www.fotolab.sk\/blog\/skladny-a-precizny-sony-alpha-7\/\" \/>\n<meta property=\"og:site_name\" content=\"CEWE Fotolab blog\" \/>\n<meta property=\"article:published_time\" content=\"2017-03-14T13:50:37+00:00\" \/>\n<meta property=\"article:modified_time\" content=\"2021-08-24T10:35:16+00:00\" \/>\n<meta property=\"og:image\" content=\"https:\/\/blog.fotolab.sk\/wp-content\/uploads\/2017\/03\/DSC00309-1024x595.jpg\" \/>\n\t<meta property=\"og:image:width\" content=\"1024\" \/>\n\t<meta property=\"og:image:height\" content=\"595\" \/>\n\t<meta property=\"og:image:type\" content=\"image\/jpeg\" \/>\n<meta name=\"twitter:label1\" content=\"Autor:\" \/>\n\t<meta name=\"twitter:data1\" content=\"J\u00e1n Kandra\" \/>\n\t<meta name=\"twitter:label2\" content=\"Predpokladan\u00fd \u010das \u010d\u00edtania\" \/>\n\t<meta name=\"twitter:data2\" content=\"6 min\u00fat\" \/>\n<script type=\"application\/ld+json\" class=\"yoast-schema-graph\">{\"@context\":\"https:\/\/schema.org\",\"@graph\":[{\"@type\":\"WebSite\",\"@id\":\"https:\/\/www.fotolab.sk\/blog\/#website\",\"url\":\"https:\/\/www.fotolab.sk\/blog\/\",\"name\":\"CEWE Fotolab blog\",\"description\":\"Blog ur\u010den\u00fd pre fan\u00fa\u0161ikov fotografie a sveta okolo nej.\",\"potentialAction\":[{\"@type\":\"SearchAction\",\"target\":{\"@type\":\"EntryPoint\",\"urlTemplate\":\"https:\/\/www.fotolab.sk\/blog\/?s={search_term_string}\"},\"query-input\":\"required name=search_term_string\"}],\"inLanguage\":\"sk-SK\"},{\"@type\":\"ImageObject\",\"inLanguage\":\"sk-SK\",\"@id\":\"https:\/\/www.fotolab.sk\/blog\/skladny-a-precizny-sony-alpha-7\/#primaryimage\",\"url\":\"https:\/\/blog.fotolab.sk\/wp-content\/uploads\/2017\/03\/DSC00309.jpg\",\"contentUrl\":\"https:\/\/blog.fotolab.sk\/wp-content\/uploads\/2017\/03\/DSC00309.jpg\",\"width\":6000,\"height\":3486},{\"@type\":\"WebPage\",\"@id\":\"https:\/\/www.fotolab.sk\/blog\/skladny-a-precizny-sony-alpha-7\/#webpage\",\"url\":\"https:\/\/www.fotolab.sk\/blog\/skladny-a-precizny-sony-alpha-7\/\",\"name\":\"Skladn\u00fd a prec\u00edzny plnoform\u00e1t - Sony Alpha 7 II - CEWE Fotolab blog\",\"isPartOf\":{\"@id\":\"https:\/\/www.fotolab.sk\/blog\/#website\"},\"primaryImageOfPage\":{\"@id\":\"https:\/\/www.fotolab.sk\/blog\/skladny-a-precizny-sony-alpha-7\/#primaryimage\"},\"datePublished\":\"2017-03-14T13:50:37+00:00\",\"dateModified\":\"2021-08-24T10:35:16+00:00\",\"author\":{\"@id\":\"https:\/\/www.fotolab.sk\/blog\/#\/schema\/person\/e8b0ddeb32f68096b8595b0a54366d9d\"},\"breadcrumb\":{\"@id\":\"https:\/\/www.fotolab.sk\/blog\/skladny-a-precizny-sony-alpha-7\/#breadcrumb\"},\"inLanguage\":\"sk-SK\",\"potentialAction\":[{\"@type\":\"ReadAction\",\"target\":[\"https:\/\/www.fotolab.sk\/blog\/skladny-a-precizny-sony-alpha-7\/\"]}]},{\"@type\":\"BreadcrumbList\",\"@id\":\"https:\/\/www.fotolab.sk\/blog\/skladny-a-precizny-sony-alpha-7\/#breadcrumb\",\"itemListElement\":[{\"@type\":\"ListItem\",\"position\":1,\"name\":\"Home\",\"item\":\"https:\/\/www.fotolab.sk\/blog\/\"},{\"@type\":\"ListItem\",\"position\":2,\"name\":\"Skladn\u00fd a prec\u00edzny plnoform\u00e1t &#8211; Sony Alpha 7 II\"}]},{\"@type\":\"Person\",\"@id\":\"https:\/\/www.fotolab.sk\/blog\/#\/schema\/person\/e8b0ddeb32f68096b8595b0a54366d9d\",\"name\":\"J\u00e1n Kandra\",\"image\":{\"@type\":\"ImageObject\",\"inLanguage\":\"sk-SK\",\"@id\":\"https:\/\/www.fotolab.sk\/blog\/#\/schema\/person\/image\/\",\"url\":\"https:\/\/secure.gravatar.com\/avatar\/d44a91f16c0e3ce8235506d8085a497a?s=96&d=mm&r=g\",\"contentUrl\":\"https:\/\/secure.gravatar.com\/avatar\/d44a91f16c0e3ce8235506d8085a497a?s=96&d=mm&r=g\",\"caption\":\"J\u00e1n Kandra\"},\"description\":\"Fotografovaniu sa venujem u\u017e skoro 16 rokov. Za\u010d\u00ednal som ako mnoho in\u00fdch fotografovan\u00edm na kinofilm a postupne pre\u0161iel na digit\u00e1lnu technol\u00f3giu. Tejto oblasti sa venujem aj vo svojej pr\u00e1ci ako spr\u00e1vca internetov\u00e9ho obchodu Fotolab.sk. Medzi moje ob\u013e\u00faben\u00e9 \u017e\u00e1nre dlho patrilo fotografovanie krajiny. V s\u00fa\u010dastnosti fot\u00edm hlavne report\u00e1\u017enu fotografiu a portr\u00e9ty z be\u017en\u00e9ho \u017eivota.\",\"url\":\"https:\/\/www.fotolab.sk\/blog\/author\/jankandra\/\"}]}<\/script>\n<!-- \/ Yoast SEO plugin. -->","yoast_head_json":{"title":"Skladn\u00fd a prec\u00edzny plnoform\u00e1t - Sony Alpha 7 II - CEWE Fotolab blog","robots":{"index":"index","follow":"follow","max-snippet":"max-snippet:-1","max-image-preview":"max-image-preview:large","max-video-preview":"max-video-preview:-1"},"canonical":"https:\/\/www.fotolab.sk\/blog\/skladny-a-precizny-sony-alpha-7\/","og_locale":"sk_SK","og_type":"article","og_title":"Skladn\u00fd a prec\u00edzny plnoform\u00e1t - Sony Alpha 7 II - CEWE Fotolab blog","og_description":"Na tento pr\u00edstroj som sa ve\u013emi te\u0161il a po rozbalen\u00ed sa moje o\u010dak\u00e1vania potvrdili. Fotoapar\u00e1t vyzer\u00e1 naozaj kvalitne a\u00a0pr\u00ed\u0165a\u017elivo. Telo z\u00a0hor\u010d\u00edkovej zliatiny m\u00e1 origin\u00e1lne hranat\u00e9 tvary a v\u0161etko pekne usporiadan\u00e9. Je rados\u0165 ma\u0165 na krku zavesen\u00fd takto kvalitne spracovan\u00fd pr\u00edstroj. Nemohol som sa do\u010dka\u0165 prv\u00e9ho fotenia. Hne\u010f ma zaujal \u00fadaj o\u00a0zabudovanej 5-osej stabiliz\u00e1cii. Prax uk\u00e1zala, [&hellip;]","og_url":"https:\/\/www.fotolab.sk\/blog\/skladny-a-precizny-sony-alpha-7\/","og_site_name":"CEWE Fotolab blog","article_published_time":"2017-03-14T13:50:37+00:00","article_modified_time":"2021-08-24T10:35:16+00:00","og_image":[{"width":1024,"height":595,"url":"https:\/\/blog.fotolab.sk\/wp-content\/uploads\/2017\/03\/DSC00309-1024x595.jpg","type":"image\/jpeg"}],"twitter_misc":{"Autor:":"J\u00e1n Kandra","Predpokladan\u00fd \u010das \u010d\u00edtania":"6 min\u00fat"},"schema":{"@context":"https:\/\/schema.org","@graph":[{"@type":"WebSite","@id":"https:\/\/www.fotolab.sk\/blog\/#website","url":"https:\/\/www.fotolab.sk\/blog\/","name":"CEWE Fotolab blog","description":"Blog ur\u010den\u00fd pre fan\u00fa\u0161ikov fotografie a sveta okolo nej.","potentialAction":[{"@type":"SearchAction","target":{"@type":"EntryPoint","urlTemplate":"https:\/\/www.fotolab.sk\/blog\/?s={search_term_string}"},"query-input":"required name=search_term_string"}],"inLanguage":"sk-SK"},{"@type":"ImageObject","inLanguage":"sk-SK","@id":"https:\/\/www.fotolab.sk\/blog\/skladny-a-precizny-sony-alpha-7\/#primaryimage","url":"https:\/\/blog.fotolab.sk\/wp-content\/uploads\/2017\/03\/DSC00309.jpg","contentUrl":"https:\/\/blog.fotolab.sk\/wp-content\/uploads\/2017\/03\/DSC00309.jpg","width":6000,"height":3486},{"@type":"WebPage","@id":"https:\/\/www.fotolab.sk\/blog\/skladny-a-precizny-sony-alpha-7\/#webpage","url":"https:\/\/www.fotolab.sk\/blog\/skladny-a-precizny-sony-alpha-7\/","name":"Skladn\u00fd a prec\u00edzny plnoform\u00e1t - Sony Alpha 7 II - CEWE Fotolab blog","isPartOf":{"@id":"https:\/\/www.fotolab.sk\/blog\/#website"},"primaryImageOfPage":{"@id":"https:\/\/www.fotolab.sk\/blog\/skladny-a-precizny-sony-alpha-7\/#primaryimage"},"datePublished":"2017-03-14T13:50:37+00:00","dateModified":"2021-08-24T10:35:16+00:00","author":{"@id":"https:\/\/www.fotolab.sk\/blog\/#\/schema\/person\/e8b0ddeb32f68096b8595b0a54366d9d"},"breadcrumb":{"@id":"https:\/\/www.fotolab.sk\/blog\/skladny-a-precizny-sony-alpha-7\/#breadcrumb"},"inLanguage":"sk-SK","potentialAction":[{"@type":"ReadAction","target":["https:\/\/www.fotolab.sk\/blog\/skladny-a-precizny-sony-alpha-7\/"]}]},{"@type":"BreadcrumbList","@id":"https:\/\/www.fotolab.sk\/blog\/skladny-a-precizny-sony-alpha-7\/#breadcrumb","itemListElement":[{"@type":"ListItem","position":1,"name":"Home","item":"https:\/\/www.fotolab.sk\/blog\/"},{"@type":"ListItem","position":2,"name":"Skladn\u00fd a prec\u00edzny plnoform\u00e1t &#8211; Sony Alpha 7 II"}]},{"@type":"Person","@id":"https:\/\/www.fotolab.sk\/blog\/#\/schema\/person\/e8b0ddeb32f68096b8595b0a54366d9d","name":"J\u00e1n Kandra","image":{"@type":"ImageObject","inLanguage":"sk-SK","@id":"https:\/\/www.fotolab.sk\/blog\/#\/schema\/person\/image\/","url":"https:\/\/secure.gravatar.com\/avatar\/d44a91f16c0e3ce8235506d8085a497a?s=96&d=mm&r=g","contentUrl":"https:\/\/secure.gravatar.com\/avatar\/d44a91f16c0e3ce8235506d8085a497a?s=96&d=mm&r=g","caption":"J\u00e1n Kandra"},"description":"Fotografovaniu sa venujem u\u017e skoro 16 rokov. Za\u010d\u00ednal som ako mnoho in\u00fdch fotografovan\u00edm na kinofilm a postupne pre\u0161iel na digit\u00e1lnu technol\u00f3giu. Tejto oblasti sa venujem aj vo svojej pr\u00e1ci ako spr\u00e1vca internetov\u00e9ho obchodu Fotolab.sk. Medzi moje ob\u013e\u00faben\u00e9 \u017e\u00e1nre dlho patrilo fotografovanie krajiny. V s\u00fa\u010dastnosti fot\u00edm hlavne report\u00e1\u017enu fotografiu a portr\u00e9ty z be\u017en\u00e9ho \u017eivota.","url":"https:\/\/www.fotolab.sk\/blog\/author\/jankandra\/"}]}},"_links":{"self":[{"href":"https:\/\/www.fotolab.sk\/blog\/wp-json\/wp\/v2\/posts\/2737"}],"collection":[{"href":"https:\/\/www.fotolab.sk\/blog\/wp-json\/wp\/v2\/posts"}],"about":[{"href":"https:\/\/www.fotolab.sk\/blog\/wp-json\/wp\/v2\/types\/post"}],"author":[{"embeddable":true,"href":"https:\/\/www.fotolab.sk\/blog\/wp-json\/wp\/v2\/users\/8"}],"replies":[{"embeddable":true,"href":"https:\/\/www.fotolab.sk\/blog\/wp-json\/wp\/v2\/comments?post=2737"}],"version-history":[{"count":12,"href":"https:\/\/www.fotolab.sk\/blog\/wp-json\/wp\/v2\/posts\/2737\/revisions"}],"predecessor-version":[{"id":12621,"href":"https:\/\/www.fotolab.sk\/blog\/wp-json\/wp\/v2\/posts\/2737\/revisions\/12621"}],"wp:featuredmedia":[{"embeddable":true,"href":"https:\/\/www.fotolab.sk\/blog\/wp-json\/wp\/v2\/media\/2827"}],"wp:attachment":[{"href":"https:\/\/www.fotolab.sk\/blog\/wp-json\/wp\/v2\/media?parent=2737"}],"wp:term":[{"taxonomy":"category","embeddable":true,"href":"https:\/\/www.fotolab.sk\/blog\/wp-json\/wp\/v2\/categories?post=2737"},{"taxonomy":"post_tag","embeddable":true,"href":"https:\/\/www.fotolab.sk\/blog\/wp-json\/wp\/v2\/tags?post=2737"}],"curies":[{"name":"wp","href":"https:\/\/api.w.org\/{rel}","templated":true}]}}