
{"id":12781,"date":"2022-11-16T11:00:56","date_gmt":"2022-11-16T10:00:56","guid":{"rendered":"https:\/\/www.fotolab.sk\/blog\/?p=12781"},"modified":"2022-11-16T14:12:02","modified_gmt":"2022-11-16T13:12:02","slug":"black-friday-2022-je-tu","status":"publish","type":"post","link":"https:\/\/www.fotolab.sk\/blog\/black-friday-2022-je-tu\/","title":{"rendered":"Black Friday 2022 je tu!"},"content":{"rendered":"<h5>Vyber\u00e1te fotoapar\u00e1t alebo nov\u00fd objekt\u00edv? Po\u010das ka\u017edoro\u010dn\u00e9ho v\u00fdpredaja <a href=\"https:\/\/www.fotolab.sk\/black\" target=\"_blank\" rel=\"noopener noreferrer\"><span style=\"color: #800000;\">Black Friday<\/span><\/a> m\u00f4\u017eete u\u0161etri\u0165 stovky eur. Nie v\u0161etky z\u013eavy sa v\u0161ak oplatia. Preto sme vybrali len tie najlep\u0161ie ponuky, ktor\u00e9 maj\u00fa naozaj zmysel. \u010cierny piatok je spojen\u00fd s mnoh\u00fdmi kontroverziami &#8211; krachmi na burze a \u013eu\u010fmi spiacimi v stanoch pred obchodmi. Ale vedeli ste, \u017ee p\u00f4vodne znamenal nie\u010do \u00faplne in\u00e9?<\/h5>\n<h5>Black Friday &#8211; zlato a nemocensk\u00e9 d\u00e1vky<\/h5>\n<p>Term\u00edn Black Friday poch\u00e1dza z Philadelphie z roku 1861 a ozna\u010duje de\u0148 po Dni v\u010fakyvzdania, ke\u010f bol na cest\u00e1ch ve\u013ek\u00fd ruch. Ako sa v\u0161ak z ru\u0161n\u00e9ho d\u0148a stal nep\u00edsan\u00fd &#8220;n\u00e1kupn\u00fd sviatok&#8221;, ktor\u00fd je zn\u00e1my takmer po celom svete? Najzn\u00e1mej\u0161\u00ed je v\u010faka burze cenn\u00fdch papierov. Len o osem rokov nesk\u00f4r, v roku 1869, sa 18. prezident Spojen\u00fdch \u0161t\u00e1tov Ulysses S. Grant sna\u017eil splati\u0165 \u0161t\u00e1tny dlh &#8211; ka\u017ed\u00fd t\u00fd\u017ede\u0148 pred\u00e1val zlato zo \u0161t\u00e1tnych z\u00e1sob.<\/p>\n<p>Dvaja p\u00e1ni, James Fisk a Jay Gould, sa s n\u00edm spriatelili a presved\u010dili ho, aby prestal pred\u00e1va\u0165. Sami potom nakupovali zlato vo ve\u013ekom, \u010d\u00edm ovplyv\u0148ovali jeho cenu. Je dobr\u00e9, \u017ee sa to u\u017e nest\u00e1va \ud83d\ude42<\/p>\n<figure id=\"attachment_12784\" aria-describedby=\"caption-attachment-12784\" style=\"width: 1024px\" class=\"wp-caption alignnone\"><img decoding=\"async\" loading=\"lazy\" class=\"wp-image-12784 size-full\" src=\"https:\/\/blog.fotolab.sk\/wp-content\/uploads\/2021\/11\/Black_Friday_1869.jpg\" alt=\"\" width=\"1024\" height=\"893\" \/><figcaption id=\"caption-attachment-12784\" class=\"wp-caption-text\">Tabu\u013ea s cenami zlata z vy\u0161etrovania incidentu z \u010cierneho piatku. Zdroj: Wikipedia Commons<\/figcaption><\/figure>\n<p><em>\u00a0<\/em><\/p>\n<p>N\u00e1kup zlata bol v\u0161ak vtedy komplikovanej\u0161\u00ed a ich finta bola odhalen\u00e1. Grant potom nariadil predaj ve\u013ek\u00e9ho mno\u017estva zlata, ktor\u00e9ho cena klesla o p\u00e4tinu.<\/p>\n<p>Po tomto incidente sa slovn\u00e9 spojenie \u010dierny piatok za\u010dalo pou\u017e\u00edva\u0165 r\u00f4znymi sp\u00f4sobmi. \u010cierny piatok sa za\u010dal sp\u00e1ja\u0165 s konkr\u00e9tnym novembrov\u00fdm d\u00e1tumom kv\u00f4li neschopnosti &#8220;naplni\u0165 smeny&#8221; v d\u00f4sledku n\u00e1rastu chor\u00f4b a vyu\u017e\u00edvania &#8220;sick days&#8221;. Zhodou okolnost\u00ed to bolo de\u0148 po Dni v\u010fakyvzdania, po\u010das ktor\u00e9ho sa v\u00e4\u010d\u0161ina Ameriky napch\u00e1va moriakom a zap\u00edja ho priemern\u00fdm pivom.<\/p>\n<h5>\u010cierny piatok &#8211; d\u00f4vod oslavova\u0165 De\u0148 v\u010fakyvzdania o t\u00fd\u017ede\u0148 sk\u00f4r<\/h5>\n<p>A\u017e do roku 1981 fungoval v\u00fdraz Black Friday ako ozna\u010denie pre &#8220;najru\u0161nej\u0161\u00ed de\u0148 v roku&#8221; a samozrejme, prenikol aj do sveta obchodu. Preto bolo nep\u00edsan\u00fdm pravidlom, \u017ee za\u010diatok predviano\u010dnej predajnej sez\u00f3ny sa za\u010d\u00ednal posledn\u00fd novembrov\u00fd piatok, de\u0148 po Dni v\u010fakyvzdania. V tento de\u0148 neboli zisky obchodov zaznamenan\u00e9 v \u010derven\u00fdch \u010d\u00edslach, ale v \u010diernych &#8211; preto Black Friday.<\/p>\n<p>Obchodn\u00edci sa v\u0161ak s\u0165a\u017eovali, \u017ee predajn\u00e1 sez\u00f3na bola pr\u00edli\u0161 kr\u00e1tka. V tom \u010dase sa vraj navz\u00e1jom re\u0161pektovali a poctivo vy\u010dk\u00e1vali s reklamami a z\u013eavov\u00fdmi akciami. Na n\u00e1reky obchodn\u00edkov reagoval v roku 1939 prezident Roosevelt, ktor\u00fd doslova posunul sviatok D\u0148a v\u010fakyvzdania o t\u00fd\u017ede\u0148, \u010d\u00edm vytvoril dva t\u00e1bory \u013eud\u00ed a zrodila sa obchodn\u00e1 trad\u00edcia.<\/p>\n<h5>\u010cierny piatok na Slovensku<\/h5>\n<p>Akcie Black Friday sa roz\u0161\u00edrili po celom svete vr\u00e1tane Slovenska. Aj tu sa po vzore najv\u00e4\u010d\u0161\u00edch hr\u00e1\u010dov, ktor\u00ed vo vo\u013enom \u010dase lietaj\u00fa vo vesm\u00edre, za\u010dal pou\u017e\u00edva\u0165 &#8220;\u010dierny piatok&#8221; po cel\u00fd rok. Bohu\u017eia\u013e, niektor\u00ed to zneu\u017e\u00edvaj\u00fa a mus\u00edte si d\u00e1va\u0165 pozor na pravos\u0165 zliav. Vo svete fotografie je v\u0161ak na\u0161\u0165astie v\u0161etko v poriadku. Pre v\u00fdrobcov fotografick\u00e9ho vybavenia je Black Friday sp\u00f4sob, ako z\u00edska\u0165 nov\u00fdch pou\u017e\u00edvate\u013eov do ekosyst\u00e9mu svojej zna\u010dky.<\/p>\n<h5>Black Friday 2022: Fotoapar\u00e1ty, objekt\u00edvy a fotografick\u00e9 pr\u00edslu\u0161enstvo<\/h5>\n<p>Nie v\u0161etci v\u00fdrobcovia sp\u00fa\u0161\u0165aj\u00fa predajn\u00e9 akcie na \u010cierny piatok. To v\u0161ak neznamen\u00e1, \u017ee sa pred Vianocami nesna\u017eia z\u00edska\u0165 pou\u017e\u00edvate\u013eov na svoju stranu in\u00fdmi sp\u00f4sobmi, preto sa pozrite na <a href=\"https:\/\/www.fotolab.sk\/akcie-a-zlavy\" target=\"_blank\" rel=\"noopener noreferrer\"><strong>aktu\u00e1lne prebiehaj\u00face akcie<\/strong><\/a>. Navy\u0161e, ceny Black Friday mo\u017eno kombinova\u0165 aj s cashbackmi.<\/p>\n<h5>CSC Bezzrkadlov\u00e9 fotoapar\u00e1ty Sony<\/h5>\n<figure id=\"attachment_12787\" aria-describedby=\"caption-attachment-12787\" style=\"width: 1000px\" class=\"wp-caption alignnone\"><img decoding=\"async\" loading=\"lazy\" class=\"wp-image-12787 size-full\" src=\"https:\/\/blog.fotolab.sk\/wp-content\/uploads\/2021\/11\/sony-a7-iii-2.jpg\" alt=\"\" width=\"1000\" height=\"887\" \/><figcaption id=\"caption-attachment-12787\" class=\"wp-caption-text\">Fotoapar\u00e1t Sony A7 Mark III pon\u00faka pokro\u010dil\u00e9 ovl\u00e1dacie prvky, zabudovan\u00fa stabiliz\u00e1ciu a jeden z najlep\u0161\u00edch syst\u00e9mov zaostrovania na trhu.<\/figcaption><\/figure>\n<p>&nbsp;<\/p>\n<p>Hlavn\u00fdm l\u00e1kadlom tohtoro\u010dn\u00e9ho Black Friday je ur\u010dite st\u00e1le vynikaj\u00faci <strong>Sony A7 Mark II + 28-70mm<\/strong> za neuverite\u013en\u00fdch <strong>1039\u20ac<\/strong> a taktie\u017e\u00a0<strong>Sony A7 Mark III za 1598\u20ac po odr\u00e1tan\u00ed Cashback.<\/strong>\u00a0M\u00f4\u017ee sa pochv\u00e1li\u0165 v\u00fdkonn\u00fdm zaostrovan\u00edm so sledovan\u00edm o\u010d\u00ed a vynikaj\u00facim stabilizovan\u00fdm 24 MPix full-frame sn\u00edma\u010dom. Telo je hor\u010d\u00edkov\u00e9, utesnen\u00e9 proti prachu a vode a m\u00e1 dva sloty na SD karty. V\u010faka rozl\u00ed\u0161eniu 4K30p je vhodn\u00fd aj na nat\u00e1\u010danie a vlogovanie. Film\u00e1rov pote\u0161ia pokro\u010dil\u00e9 funkcie ako zebra, focus peaking, mo\u017enos\u0165 nahr\u00e1vania do vlogu alebo pripojenie extern\u00e9ho rekord\u00e9ra. Ak v\u00e1s zauj\u00edma viac o dnes u\u017e takmer kultovom fotoapar\u00e1te Sony A7 III, m\u00f4\u017eete si pre\u010d\u00edta\u0165 na\u0161u\u00a0<strong>podrobn\u00fa recenziu<\/strong>.<\/p>\n<p>Za dobr\u00fa cenu si m\u00f4\u017eete k\u00fapi\u0165 aj\u00a0<strong>v\u00fdhodn\u00e9 sety objekt\u00edvov<\/strong>. Napr\u00edklad set\u00a0<strong>Sony A7 III s objekt\u00edvom FE 85 mm f\/1,8\u00a0na profesion\u00e1lnu portr\u00e9tnu fotografiu za<\/strong>\u00a0<strong>2309\u20ac<\/strong>. Navy\u0161e, ke\u010f skombinujete ceny z\u00a0Black Friday s prebiehaj\u00facim\u00a0<strong>zimn\u00fdm cashbackom od spolo\u010dnosti Sony,\u00a0<\/strong>m\u00f4\u017eete z\u00edska\u0165 zauj\u00edmav\u00e9 ceny.<\/p>\n<p>A aby ste mohli svoj fotoapar\u00e1t hne\u010f\u00a0<strong>vybavi\u0165 nov\u00fdm objekt\u00edvom,\u00a0<\/strong>spolo\u010dnos\u0165 Sony pripravila Cashback aj na ne:<\/p>\n<ul>\n<li><strong>\u0160pi\u010dkov\u00fd \u0161irokouhl\u00fd objekt\u00edv Sony FE 24 mm f\/1,4 GM z profesion\u00e1lnej s\u00e9rie G Master za 1449\u20ac <\/strong>po odr\u00e1tan\u00ed Cashback.<\/li>\n<li><strong>Report\u00e1\u017eny a dokument\u00e1rny objekt\u00edv\u00a0Sony FE 50 mm f\/1,8\u00a0<\/strong>je k dispoz\u00edcii za <strong>219\u20ac<\/strong> a m\u00f4\u017eete ho pou\u017ei\u0165 aj pri\u00a0<strong>fotografovan\u00ed portr\u00e9tov<\/strong>.<\/li>\n<li>Opticky dokonal\u00fd\u00a0<strong>objekt\u00edv pre fotografov divokej pr\u00edrody a \u0161portu\u00a0Sony FE 200-600mm f\/5,6-6,3 G OSS za 1999\u20ac <\/strong>po odr\u00e1tan\u00ed Cashback.<\/li>\n<\/ul>\n<p>To, \u017ee bajonet Sony E je bezzrkadlov\u00fd syst\u00e9m s najv\u00e4\u010d\u0161ou podporou nat\u00edvnych objekt\u00edvov, potvrdzuje aj\u00a0<strong>Tamron 17-28 mm f\/2,8 Di III RXD za 899\u20ac.<\/strong><\/p>\n<p>V\u0161etky objekt\u00edvy FE s\u00fa kompatibiln\u00e9 aj so sn\u00edma\u010dom APS-C s\u00e9rie A6000. Ako vstup do sveta Sony pripravila japonsk\u00e1 spolo\u010dnos\u0165 set\u00a0<strong>Sony Alpha A6000 s objekt\u00edvom 16-50 mm PZ OSS<\/strong>,\u00a0<strong>ktor\u00fd m\u00f4\u017eete ma\u0165 u\u017e za 539\u20ac<\/strong><\/p>\n<figure id=\"attachment_12788\" aria-describedby=\"caption-attachment-12788\" style=\"width: 1487px\" class=\"wp-caption alignnone\"><img decoding=\"async\" loading=\"lazy\" class=\"wp-image-12788 size-full\" src=\"https:\/\/blog.fotolab.sk\/wp-content\/uploads\/2021\/11\/sony-a6000-16-50.jpg\" alt=\"\" width=\"1487\" height=\"1189\" \/><figcaption id=\"caption-attachment-12788\" class=\"wp-caption-text\">Alpha A6000 je st\u00e1lica, ktor\u00e1 m\u00e1 \u010do pon\u00faknu\u0165 aj v roku 2022. Kombin\u00e1cia kvalitn\u00e9ho sn\u00edma\u010da, r\u00fdchleho zaostrovania a mal\u00e9ho tela z neho rob\u00ed dobr\u00fa vo\u013ebu pre za\u010diato\u010dn\u00edkov aj pokro\u010dil\u00fdch fotografov.<\/figcaption><\/figure>\n<p>&nbsp;<\/p>\n<h5>CSC Bezzrkadlovky Panasonic<\/h5>\n<p>Spolo\u010dnos\u0165 Panasonic je priekopn\u00edkom najm\u00e4 v oblasti nat\u00e1\u010dania videa, ale v posledn\u00fdch rokoch dokazuje, \u017ee to mysl\u00ed v\u00e1\u017ene aj so svetom fotografie. Vo v\u00fdhodnej cene pon\u00fakame hybridn\u00fd CSC fotoapar\u00e1t\u00a0<strong>Panasonic GH5 za cenu od<\/strong>\u00a0<strong>1099\u20ac<\/strong>. GH5 je\u00a0<strong>vo svete filmovej tvorby legendou,\u00a0<\/strong>a napriek svojej \u0161tvorro\u010dnej hist\u00f3rii nat\u00e1\u010da lep\u0161ie video ako niektor\u00e9 modern\u00e9 pr\u00edstroje.<\/p>\n<figure id=\"attachment_12789\" aria-describedby=\"caption-attachment-12789\" style=\"width: 1000px\" class=\"wp-caption alignnone\"><img decoding=\"async\" loading=\"lazy\" class=\"size-full wp-image-12789\" src=\"https:\/\/blog.fotolab.sk\/wp-content\/uploads\/2021\/11\/gh-5-front-pohled.jpg\" alt=\"\" width=\"1000\" height=\"872\" \/><figcaption id=\"caption-attachment-12789\" class=\"wp-caption-text\">Panasonic GH5 sa pred\u00e1va spolu s nov\u00fdm modelom GH5II, ktor\u00fd je sk\u00f4r o\u017eiven\u00edm p\u00f4vodn\u00e9ho modelu. V\u010faka tomu je GH5 vynikaj\u00facou k\u00fapou.<\/figcaption><\/figure>\n<p>&nbsp;<\/p>\n<p>Druhou ponukou je profesion\u00e1lny wildlife CSC\u00a0<strong>PanasonicLumixDC-G9 + Vario G 12-60mm za 1393\u20ac<\/strong>. DC-G9 m\u00e1\u00a0<strong>robustn\u00e9 telo s\u00a0<\/strong>mno\u017estvom programovate\u013en\u00fdch funkci\u00ed vr\u00e1tane stavov\u00e9ho displeja a pohodln\u00e9ho gripu na pr\u00e1cu s teleobjekt\u00edvmi.<\/p>\n<h5>CSC Bezzrkadlov\u00e9 fotoapar\u00e1ty Canon<\/h5>\n<p>Spolo\u010dnos\u0165 Canon sa vracia so svoj\u00edm nepr\u00e1vom zanedb\u00e1van\u00fdm radom Canon EOS-M a v ponuke Black Friday s\u00fa dve kompaktn\u00e9 bezzrkadlovky. Cena fotoapar\u00e1tu\u00a0<strong>Canon EOS M50 Mark II s objekt\u00edvom 15\u201345 mm je 679\u20ac<\/strong> a je vhodn\u00fd na vlogovanie a ak\u00e9ko\u013evek pr\u00edle\u017eitostn\u00e9 fotografovanie.<\/p>\n<h5>Black Friday 2022: Z\u00e1ver<\/h5>\n<p>Pri n\u00e1kupoch na \u010cierny piatok si dobre rozmyslite, \u010di je akcia spravodliv\u00e1. Na str\u00e1nkach na porovn\u00e1vanie cien si m\u00f4\u017eete pohodlne prezrie\u0165 hist\u00f3riu cien a skontrolova\u0165, \u010di predajca nepodv\u00e1dza.<\/p>\n<p>Pozor na zariadenia a technol\u00f3gie zo \u0161edej distrib\u00facie. V\u0161etky fotoapar\u00e1ty, ktor\u00e9 pred\u00e1vame na <strong><a href=\"https:\/\/www.fotolab.sk\/eshop\" target=\"_blank\" rel=\"noopener noreferrer\">Fotolab.sk<\/a>, <\/strong>poch\u00e1dzaj\u00fa z \u010deskej ofici\u00e1lnej distrib\u00facie s plnou servisnou podporou \u010desk\u00fdch predajcov v\u0161etk\u00fdch zna\u010diek, dvojro\u010dnou z\u00e1rukou a n\u00e1rokom na \u010fal\u0161ie z\u013eavy a cashbacky. Radi v\u00e1m porad\u00edme online, telefonicky aj v <a href=\"https:\/\/www.cewe.sk\/nase-predajne\" target=\"_blank\" rel=\"noopener noreferrer\"><strong>na\u0161ich predajniach<\/strong><\/a>.<\/p>\n<p><a href=\"https:\/\/www.fotolab.sk\/black-friday\" target=\"_blank\" rel=\"noopener noreferrer\">Kompletn\u00e1 ponuka Fotolab.sk Black Friday 2022<\/a><\/p>\n","protected":false},"excerpt":{"rendered":"<p>Vyber\u00e1te fotoapar\u00e1t alebo nov\u00fd objekt\u00edv? Po\u010das ka\u017edoro\u010dn\u00e9ho v\u00fdpredaja Black Friday m\u00f4\u017eete u\u0161etri\u0165 stovky eur. Nie v\u0161etky z\u013eavy sa v\u0161ak oplatia. Preto sme vybrali len tie najlep\u0161ie ponuky, ktor\u00e9 maj\u00fa naozaj zmysel. \u010cierny piatok je spojen\u00fd s mnoh\u00fdmi kontroverziami &#8211; krachmi na burze a \u013eu\u010fmi spiacimi v stanoch pred obchodmi. Ale vedeli ste, \u017ee p\u00f4vodne znamenal [&hellip;]<\/p>\n","protected":false},"author":41,"featured_media":12794,"comment_status":"open","ping_status":"open","sticky":false,"template":"","format":"standard","meta":[],"categories":[49],"tags":[211,201,112,89],"yoast_head":"<!-- This site is optimized with the Yoast SEO plugin v19.1 - https:\/\/yoast.com\/wordpress\/plugins\/seo\/ -->\n<title>Black Friday 2022 je tu! - CEWE Fotolab blog<\/title>\n<meta name=\"description\" content=\"Vyber\u00e1te fotoapar\u00e1t alebo nov\u00fd objekt\u00edv? Po\u010das ka\u017edoro\u010dn\u00e9ho v\u00fdpredaja Black Friday m\u00f4\u017eete u\u0161etri\u0165 stovky eur. Nie v\u0161etky z\u013eavy sa v\u0161ak oplatia. Preto sme vybrali len tie najlep\u0161ie ponuky, ktor\u00e9 maj\u00fa naozaj zmysel.\" \/>\n<meta name=\"robots\" content=\"index, follow, max-snippet:-1, max-image-preview:large, max-video-preview:-1\" \/>\n<link rel=\"canonical\" href=\"https:\/\/www.fotolab.sk\/blog\/black-friday-2022-je-tu\/\" \/>\n<meta property=\"og:locale\" content=\"sk_SK\" \/>\n<meta property=\"og:type\" content=\"article\" \/>\n<meta property=\"og:title\" content=\"Black Friday 2022 je tu! - CEWE Fotolab blog\" \/>\n<meta property=\"og:description\" content=\"Vyber\u00e1te fotoapar\u00e1t alebo nov\u00fd objekt\u00edv? Po\u010das ka\u017edoro\u010dn\u00e9ho v\u00fdpredaja Black Friday m\u00f4\u017eete u\u0161etri\u0165 stovky eur. Nie v\u0161etky z\u013eavy sa v\u0161ak oplatia. Preto sme vybrali len tie najlep\u0161ie ponuky, ktor\u00e9 maj\u00fa naozaj zmysel.\" \/>\n<meta property=\"og:url\" content=\"https:\/\/www.fotolab.sk\/blog\/black-friday-2022-je-tu\/\" \/>\n<meta property=\"og:site_name\" content=\"CEWE Fotolab blog\" \/>\n<meta property=\"article:published_time\" content=\"2022-11-16T10:00:56+00:00\" \/>\n<meta property=\"article:modified_time\" content=\"2022-11-16T13:12:02+00:00\" \/>\n<meta property=\"og:image\" content=\"https:\/\/blog.fotolab.sk\/wp-content\/uploads\/2021\/11\/title-black-friday.png\" \/>\n\t<meta property=\"og:image:width\" content=\"1378\" \/>\n\t<meta property=\"og:image:height\" content=\"508\" \/>\n\t<meta property=\"og:image:type\" content=\"image\/png\" \/>\n<meta name=\"twitter:label1\" content=\"Autor:\" \/>\n\t<meta name=\"twitter:data1\" content=\"Redakcia CEWE\" \/>\n\t<meta name=\"twitter:label2\" content=\"Predpokladan\u00fd \u010das \u010d\u00edtania\" \/>\n\t<meta name=\"twitter:data2\" content=\"8 min\u00fat\" \/>\n<script type=\"application\/ld+json\" class=\"yoast-schema-graph\">{\"@context\":\"https:\/\/schema.org\",\"@graph\":[{\"@type\":\"WebSite\",\"@id\":\"https:\/\/www.fotolab.sk\/blog\/#website\",\"url\":\"https:\/\/www.fotolab.sk\/blog\/\",\"name\":\"CEWE Fotolab blog\",\"description\":\"Blog ur\u010den\u00fd pre fan\u00fa\u0161ikov fotografie a sveta okolo nej.\",\"potentialAction\":[{\"@type\":\"SearchAction\",\"target\":{\"@type\":\"EntryPoint\",\"urlTemplate\":\"https:\/\/www.fotolab.sk\/blog\/?s={search_term_string}\"},\"query-input\":\"required name=search_term_string\"}],\"inLanguage\":\"sk-SK\"},{\"@type\":\"ImageObject\",\"inLanguage\":\"sk-SK\",\"@id\":\"https:\/\/www.fotolab.sk\/blog\/black-friday-2022-je-tu\/#primaryimage\",\"url\":\"https:\/\/blog.fotolab.sk\/wp-content\/uploads\/2021\/11\/title-black-friday.png\",\"contentUrl\":\"https:\/\/blog.fotolab.sk\/wp-content\/uploads\/2021\/11\/title-black-friday.png\",\"width\":1378,\"height\":508},{\"@type\":\"WebPage\",\"@id\":\"https:\/\/www.fotolab.sk\/blog\/black-friday-2022-je-tu\/#webpage\",\"url\":\"https:\/\/www.fotolab.sk\/blog\/black-friday-2022-je-tu\/\",\"name\":\"Black Friday 2022 je tu! - CEWE Fotolab blog\",\"isPartOf\":{\"@id\":\"https:\/\/www.fotolab.sk\/blog\/#website\"},\"primaryImageOfPage\":{\"@id\":\"https:\/\/www.fotolab.sk\/blog\/black-friday-2022-je-tu\/#primaryimage\"},\"datePublished\":\"2022-11-16T10:00:56+00:00\",\"dateModified\":\"2022-11-16T13:12:02+00:00\",\"author\":{\"@id\":\"https:\/\/www.fotolab.sk\/blog\/#\/schema\/person\/7857aea021b4560af0d06d2abe97110b\"},\"description\":\"Vyber\u00e1te fotoapar\u00e1t alebo nov\u00fd objekt\u00edv? Po\u010das ka\u017edoro\u010dn\u00e9ho v\u00fdpredaja Black Friday m\u00f4\u017eete u\u0161etri\u0165 stovky eur. Nie v\u0161etky z\u013eavy sa v\u0161ak oplatia. Preto sme vybrali len tie najlep\u0161ie ponuky, ktor\u00e9 maj\u00fa naozaj zmysel.\",\"breadcrumb\":{\"@id\":\"https:\/\/www.fotolab.sk\/blog\/black-friday-2022-je-tu\/#breadcrumb\"},\"inLanguage\":\"sk-SK\",\"potentialAction\":[{\"@type\":\"ReadAction\",\"target\":[\"https:\/\/www.fotolab.sk\/blog\/black-friday-2022-je-tu\/\"]}]},{\"@type\":\"BreadcrumbList\",\"@id\":\"https:\/\/www.fotolab.sk\/blog\/black-friday-2022-je-tu\/#breadcrumb\",\"itemListElement\":[{\"@type\":\"ListItem\",\"position\":1,\"name\":\"Home\",\"item\":\"https:\/\/www.fotolab.sk\/blog\/\"},{\"@type\":\"ListItem\",\"position\":2,\"name\":\"Black Friday 2022 je tu!\"}]},{\"@type\":\"Person\",\"@id\":\"https:\/\/www.fotolab.sk\/blog\/#\/schema\/person\/7857aea021b4560af0d06d2abe97110b\",\"name\":\"Redakcia CEWE\",\"image\":{\"@type\":\"ImageObject\",\"inLanguage\":\"sk-SK\",\"@id\":\"https:\/\/www.fotolab.sk\/blog\/#\/schema\/person\/image\/\",\"url\":\"https:\/\/secure.gravatar.com\/avatar\/e27c65ada54cc066e94388632d402763?s=96&d=mm&r=g\",\"contentUrl\":\"https:\/\/secure.gravatar.com\/avatar\/e27c65ada54cc066e94388632d402763?s=96&d=mm&r=g\",\"caption\":\"Redakcia CEWE\"},\"sameAs\":[\"https:\/\/www.instagram.com\/cewe.sk\/\"],\"url\":\"https:\/\/www.fotolab.sk\/blog\/author\/cewe-redakcia\/\"}]}<\/script>\n<!-- \/ Yoast SEO plugin. -->","yoast_head_json":{"title":"Black Friday 2022 je tu! - CEWE Fotolab blog","description":"Vyber\u00e1te fotoapar\u00e1t alebo nov\u00fd objekt\u00edv? Po\u010das ka\u017edoro\u010dn\u00e9ho v\u00fdpredaja Black Friday m\u00f4\u017eete u\u0161etri\u0165 stovky eur. Nie v\u0161etky z\u013eavy sa v\u0161ak oplatia. Preto sme vybrali len tie najlep\u0161ie ponuky, ktor\u00e9 maj\u00fa naozaj zmysel.","robots":{"index":"index","follow":"follow","max-snippet":"max-snippet:-1","max-image-preview":"max-image-preview:large","max-video-preview":"max-video-preview:-1"},"canonical":"https:\/\/www.fotolab.sk\/blog\/black-friday-2022-je-tu\/","og_locale":"sk_SK","og_type":"article","og_title":"Black Friday 2022 je tu! - CEWE Fotolab blog","og_description":"Vyber\u00e1te fotoapar\u00e1t alebo nov\u00fd objekt\u00edv? Po\u010das ka\u017edoro\u010dn\u00e9ho v\u00fdpredaja Black Friday m\u00f4\u017eete u\u0161etri\u0165 stovky eur. Nie v\u0161etky z\u013eavy sa v\u0161ak oplatia. Preto sme vybrali len tie najlep\u0161ie ponuky, ktor\u00e9 maj\u00fa naozaj zmysel.","og_url":"https:\/\/www.fotolab.sk\/blog\/black-friday-2022-je-tu\/","og_site_name":"CEWE Fotolab blog","article_published_time":"2022-11-16T10:00:56+00:00","article_modified_time":"2022-11-16T13:12:02+00:00","og_image":[{"width":1378,"height":508,"url":"https:\/\/blog.fotolab.sk\/wp-content\/uploads\/2021\/11\/title-black-friday.png","type":"image\/png"}],"twitter_misc":{"Autor:":"Redakcia CEWE","Predpokladan\u00fd \u010das \u010d\u00edtania":"8 min\u00fat"},"schema":{"@context":"https:\/\/schema.org","@graph":[{"@type":"WebSite","@id":"https:\/\/www.fotolab.sk\/blog\/#website","url":"https:\/\/www.fotolab.sk\/blog\/","name":"CEWE Fotolab blog","description":"Blog ur\u010den\u00fd pre fan\u00fa\u0161ikov fotografie a sveta okolo nej.","potentialAction":[{"@type":"SearchAction","target":{"@type":"EntryPoint","urlTemplate":"https:\/\/www.fotolab.sk\/blog\/?s={search_term_string}"},"query-input":"required name=search_term_string"}],"inLanguage":"sk-SK"},{"@type":"ImageObject","inLanguage":"sk-SK","@id":"https:\/\/www.fotolab.sk\/blog\/black-friday-2022-je-tu\/#primaryimage","url":"https:\/\/blog.fotolab.sk\/wp-content\/uploads\/2021\/11\/title-black-friday.png","contentUrl":"https:\/\/blog.fotolab.sk\/wp-content\/uploads\/2021\/11\/title-black-friday.png","width":1378,"height":508},{"@type":"WebPage","@id":"https:\/\/www.fotolab.sk\/blog\/black-friday-2022-je-tu\/#webpage","url":"https:\/\/www.fotolab.sk\/blog\/black-friday-2022-je-tu\/","name":"Black Friday 2022 je tu! - CEWE Fotolab blog","isPartOf":{"@id":"https:\/\/www.fotolab.sk\/blog\/#website"},"primaryImageOfPage":{"@id":"https:\/\/www.fotolab.sk\/blog\/black-friday-2022-je-tu\/#primaryimage"},"datePublished":"2022-11-16T10:00:56+00:00","dateModified":"2022-11-16T13:12:02+00:00","author":{"@id":"https:\/\/www.fotolab.sk\/blog\/#\/schema\/person\/7857aea021b4560af0d06d2abe97110b"},"description":"Vyber\u00e1te fotoapar\u00e1t alebo nov\u00fd objekt\u00edv? Po\u010das ka\u017edoro\u010dn\u00e9ho v\u00fdpredaja Black Friday m\u00f4\u017eete u\u0161etri\u0165 stovky eur. Nie v\u0161etky z\u013eavy sa v\u0161ak oplatia. Preto sme vybrali len tie najlep\u0161ie ponuky, ktor\u00e9 maj\u00fa naozaj zmysel.","breadcrumb":{"@id":"https:\/\/www.fotolab.sk\/blog\/black-friday-2022-je-tu\/#breadcrumb"},"inLanguage":"sk-SK","potentialAction":[{"@type":"ReadAction","target":["https:\/\/www.fotolab.sk\/blog\/black-friday-2022-je-tu\/"]}]},{"@type":"BreadcrumbList","@id":"https:\/\/www.fotolab.sk\/blog\/black-friday-2022-je-tu\/#breadcrumb","itemListElement":[{"@type":"ListItem","position":1,"name":"Home","item":"https:\/\/www.fotolab.sk\/blog\/"},{"@type":"ListItem","position":2,"name":"Black Friday 2022 je tu!"}]},{"@type":"Person","@id":"https:\/\/www.fotolab.sk\/blog\/#\/schema\/person\/7857aea021b4560af0d06d2abe97110b","name":"Redakcia CEWE","image":{"@type":"ImageObject","inLanguage":"sk-SK","@id":"https:\/\/www.fotolab.sk\/blog\/#\/schema\/person\/image\/","url":"https:\/\/secure.gravatar.com\/avatar\/e27c65ada54cc066e94388632d402763?s=96&d=mm&r=g","contentUrl":"https:\/\/secure.gravatar.com\/avatar\/e27c65ada54cc066e94388632d402763?s=96&d=mm&r=g","caption":"Redakcia CEWE"},"sameAs":["https:\/\/www.instagram.com\/cewe.sk\/"],"url":"https:\/\/www.fotolab.sk\/blog\/author\/cewe-redakcia\/"}]}},"_links":{"self":[{"href":"https:\/\/www.fotolab.sk\/blog\/wp-json\/wp\/v2\/posts\/12781"}],"collection":[{"href":"https:\/\/www.fotolab.sk\/blog\/wp-json\/wp\/v2\/posts"}],"about":[{"href":"https:\/\/www.fotolab.sk\/blog\/wp-json\/wp\/v2\/types\/post"}],"author":[{"embeddable":true,"href":"https:\/\/www.fotolab.sk\/blog\/wp-json\/wp\/v2\/users\/41"}],"replies":[{"embeddable":true,"href":"https:\/\/www.fotolab.sk\/blog\/wp-json\/wp\/v2\/comments?post=12781"}],"version-history":[{"count":15,"href":"https:\/\/www.fotolab.sk\/blog\/wp-json\/wp\/v2\/posts\/12781\/revisions"}],"predecessor-version":[{"id":48637,"href":"https:\/\/www.fotolab.sk\/blog\/wp-json\/wp\/v2\/posts\/12781\/revisions\/48637"}],"wp:featuredmedia":[{"embeddable":true,"href":"https:\/\/www.fotolab.sk\/blog\/wp-json\/wp\/v2\/media\/12794"}],"wp:attachment":[{"href":"https:\/\/www.fotolab.sk\/blog\/wp-json\/wp\/v2\/media?parent=12781"}],"wp:term":[{"taxonomy":"category","embeddable":true,"href":"https:\/\/www.fotolab.sk\/blog\/wp-json\/wp\/v2\/categories?post=12781"},{"taxonomy":"post_tag","embeddable":true,"href":"https:\/\/www.fotolab.sk\/blog\/wp-json\/wp\/v2\/tags?post=12781"}],"curies":[{"name":"wp","href":"https:\/\/api.w.org\/{rel}","templated":true}]}}