
{"id":12396,"date":"2021-06-02T13:58:19","date_gmt":"2021-06-02T11:58:19","guid":{"rendered":"https:\/\/www.fotolab.sk\/blog\/?p=12396"},"modified":"2021-06-02T14:14:05","modified_gmt":"2021-06-02T12:14:05","slug":"filip-hrebenda-dobrodruzstvo-na-islande","status":"publish","type":"post","link":"https:\/\/www.fotolab.sk\/blog\/filip-hrebenda-dobrodruzstvo-na-islande\/","title":{"rendered":"Filip Hrebenda: Sope\u010dn\u00e9 dobrodru\u017estvo na Islande"},"content":{"rendered":"<h5>Rozpr\u00e1vali sme sa s mesa\u010dn\u00fdm v\u00fdhercom CEWE Photo Award Filipom Hrebendom o jeho ned\u00e1vnej ceste na Island a o tom, ako vznikol jeho projekt \u201cBorn of fire\u201d. Bude to naozaj dobrodru\u017en\u00e9 \u010d\u00edtanie!<\/h5>\n<h5>Ahoj Filip, ned\u00e1vno si sa vr\u00e1til z fotov\u00fdletu na Islande. Bol si tam u\u017e druh\u00fdkr\u00e1t. Pre\u010do pr\u00e1ve Island?<\/h5>\n<p>Ahoj, je to tak. Ako fotograf krajiny ve\u013ea cestujem. Je to v podstate n\u00e1pl\u0148ou mojej pr\u00e1ce a kon\u00ed\u010dka v jednom. Najrad\u0161ej m\u00e1m miesta, ktor\u00e9 s\u00fa z h\u013eadiska fotografie rozmanit\u00e9 a fotogenick\u00e9. Presne v tom je Island ide\u00e1lnou krajinou. Je to tak\u00e9 \u201cihrisko pre krajin\u00e1ra\u201d.<\/p>\n<p>Tentoraz ma ale na Island pril\u00e1kala hlavne novo-vzniknut\u00e1 sope\u010dn\u00e1 oblas\u0165 \u201cFagradalsfjall\u201d. Ke\u010f som sa dopo\u010dul, \u017ee sa otvorili prv\u00e9 kr\u00e1tery, hne\u010f som h\u013eadal letenky a zis\u0165oval, ak\u00e9 proti-covidov\u00e9 proced\u00fary budem musie\u0165 podst\u00fapi\u0165. D\u00e1 sa to teda nazva\u0165 pracovnou cestou. \u0160iel som si po nov\u00fd fotografick\u00fd projekt, ktor\u00fd som nazval \u201cBorn of fire\u201d.<\/p>\n<figure id=\"attachment_12402\" aria-describedby=\"caption-attachment-12402\" style=\"width: 1024px\" class=\"wp-caption alignnone\"><img decoding=\"async\" loading=\"lazy\" class=\"wp-image-12402 size-full\" src=\"https:\/\/blog.fotolab.sk\/wp-content\/uploads\/2021\/06\/02-Journey-to-the-center-of-the-Earth.jpg\" alt=\"\" width=\"1024\" height=\"680\" \/><figcaption id=\"caption-attachment-12402\" class=\"wp-caption-text\">Journey to the center of the Earth<\/figcaption><\/figure>\n<h5><\/h5>\n<h5>Podarilo sa ti vidie\u0165 akt\u00edvnu sopku, ktor\u00e1 je moment\u00e1lne ve\u013ek\u00e1 atrakcia pre fotografov. Je \u0165a\u017ek\u00e9 dosta\u0165 sa k nej a nafoti\u0165 tak\u00fdto \u017eivel?<\/h5>\n<p>Fotenie sopiek a l\u00e1vy je mal\u00fd sen ka\u017ed\u00e9ho krajin\u00e1ra. Ja som nebol v\u00fdnimkou. Preto som ve\u013emi r\u00e1d, \u017ee sa to podarilo. Najzlo\u017eitej\u0161ie bolo dosta\u0165 sa v\u00f4bec na Islande \u201cna slobodu\u201d. Bolo treba podst\u00fapi\u0165 ve\u013ea PCR testov, 6-denn\u00fa karant\u00e9nu v miestnom karant\u00e9nnom zariaden\u00ed v Reykjav\u00edku, vypisova\u0165 r\u00f4zne formul\u00e1re a podobne. Dosta\u0165 sa do samotnej sope\u010dnej oblasti u\u017e nebolo a\u017e tak\u00e9 zlo\u017eit\u00e9. Nach\u00e1dza sa len pribli\u017ene 30km od hlavn\u00e9ho mesta. Ku samotn\u00fdm kr\u00e1terom viedol doteraz neofici\u00e1lny trek cez kopce, ktor\u00fd trval do dvoch hod\u00edn.<\/p>\n<p>S foten\u00edm sopiek to u\u017e bolo \u0165a\u017e\u0161ie. Neviem, \u010di m\u00e1m za sebou n\u00e1ro\u010dnej\u0161ie fotenie ako pr\u00e1ve to pri Islandskej sopke. A to som u\u017e v hor\u00e1ch za\u017eil ozaj kade\u010do. Ovplyv\u0148uje to ve\u013ea faktorov. Prv\u00fdm z nich je typicky premenliv\u00e9 islandsk\u00e9 po\u010dasie. Chv\u00ed\u013eu pr\u0161\u00ed, o p\u00e4\u0165 min\u00fat je slne\u010dno, o \u010fal\u0161\u00edch 20 min\u00fat u\u017e padaj\u00fa kr\u00fapy so snehom. Do toho v oblasti neust\u00e1le f\u00faka vietor striedavo o sile 40-100km\/h. Navy\u0161e, v celej oblasti sa nach\u00e1dza jedovat\u00fd plyn. Pri foten\u00ed bolo d\u00f4le\u017eit\u00e9 sledova\u0165 smer vetra tak, aby mi f\u00fakal od chrbta.<\/p>\n<figure id=\"attachment_12403\" aria-describedby=\"caption-attachment-12403\" style=\"width: 1024px\" class=\"wp-caption alignnone\"><img decoding=\"async\" loading=\"lazy\" class=\"wp-image-12403 size-full\" src=\"https:\/\/blog.fotolab.sk\/wp-content\/uploads\/2021\/06\/01-Born-of-fire.jpg\" alt=\"\" width=\"1024\" height=\"719\" \/><figcaption id=\"caption-attachment-12403\" class=\"wp-caption-text\">Born of fire<\/figcaption><\/figure>\n<p>&nbsp;<\/p>\n<p>Samotn\u00e9 fotenie trochu komplikoval aj \u010das, kedy je l\u00e1va najfotogenickej\u0161ia. T\u00fdm je obdobie medzi z\u00e1padom slnka a koncom \u201cmodrej hodinky\u201d. Tak\u017ee nedostatok svetla so siln\u00fdm vetrom, zimou a jedovat\u00fdm plynom fotenie neu\u013eah\u010dovali. No na druh\u00fa stranu, ka\u017ed\u00e1 fotka, ktor\u00e1 vy\u0161la m\u00e1 pre m\u0148a o to v\u00e4\u010d\u0161iu hodnotu. Ka\u017ed\u00fa si bolo treba poriadne \u201cvydrie\u0165\u201d. Je to nezabudnute\u013en\u00fd z\u00e1\u017eitok, ktor\u00fd stoj\u00ed za v\u0161etk\u00fa n\u00e1mahu.<\/p>\n<figure id=\"attachment_12404\" aria-describedby=\"caption-attachment-12404\" style=\"width: 1024px\" class=\"wp-caption alignnone\"><img decoding=\"async\" loading=\"lazy\" class=\"wp-image-12404 size-full\" src=\"https:\/\/blog.fotolab.sk\/wp-content\/uploads\/2021\/06\/03-Greetings-from-the-earth-bowels.jpg\" alt=\"\" width=\"1024\" height=\"739\" \/><figcaption id=\"caption-attachment-12404\" class=\"wp-caption-text\">Greetings from the earth bowels<\/figcaption><\/figure>\n<p>&nbsp;<\/p>\n<p>Celkovo som pri sopk\u00e1ch str\u00e1vil 3 dni a 3 noci s nieko\u013ekod\u0148ov\u00fdm odstupom. Zauj\u00edmav\u00e9 bolo, ako r\u00fdchlo sa oblas\u0165 menila. Pri prvej n\u00e1v\u0161teve ch\u0155lili l\u00e1vu 3 akt\u00edvne kr\u00e1tery, medzi ktor\u00fdmi sa dalo ako tak chodi\u0165. Oblas\u0165 vyzerala celkom stabilne a tak som bol po\u010das n\u00e1v\u0161tevy k\u013eudn\u00fd. Ke\u010f som ale do oblasti pri\u0161iel druh\u00fdkr\u00e1t po nieko\u013ek\u00fdch d\u0148och, na miestach, kde som sa len pred p\u00e1r d\u0148ami v pohode prech\u00e1dzal u\u017e ch\u0155lili \u010fal\u0161ie 3 nov\u00e9 kr\u00e1tery o ve\u013ekosti be\u017en\u00e9ho panel\u00e1ku. Bol to zvl\u00e1\u0161tny pocit.<\/p>\n<h5>Ak\u00e9 in\u00e9 lokality m\u00e1\u0161 na Islande r\u00e1d na fotenie? Ktor\u00e9 miesta by si ur\u010dite nevynechal?<\/h5>\n<p>T\u00fdch lokal\u00edt je ve\u013ea. Ve\u013emi r\u00e1d m\u00e1m napr\u00edklad juhov\u00fdchod krajiny, kde sa nach\u00e1dza fotografmi \u201cprefl\u00e1knut\u00e9\u201d pohorie Vestrahorn a menej zn\u00e1my \u201cEystrahorn\u201d. Aj ke\u010f niektor\u00e9 z t\u00fdchto miest nav\u0161tevuje pomerne ve\u013ea fotografov, r\u00e1d ich fot\u00edm. M\u00e1m na t\u00fdchto miestach pocit, \u017ee som na konci sveta. Navy\u0161e, aj v zn\u00e1mych lokalit\u00e1ch sa daj\u00fa n\u00e1js\u0165 nov\u00e9 kompoz\u00edcie. To sa sna\u017e\u00edm pri ka\u017edej n\u00e1v\u0161teve robi\u0165. Samozrejme, tieto miesta som nevynechal ani po\u010das ned\u00e1vnej n\u00e1v\u0161tevy Islandu. Tentoraz som chcel zachyti\u0165 pol\u00e1rnu \u017eiaru pod fotogenick\u00fdm \u201cEystrahornom\u201d. A to sa aj nejak\u00fdm \u0161\u0165ast\u00edm podarilo. Aj ke\u010f som to ne\u010dakal, aurora mi zatancovala presne tam, kde som ju chcel ma\u0165 &#8211; tesne nad kopcami.<\/p>\n<div id='gallery-1' class='gallery galleryid-12396 gallery-columns-2 gallery-size-gridlove-single'><figure class='gallery-item'>\n\t\t\t<div class='gallery-icon landscape'>\n\t\t\t\t<a class=\"gridlove-popup\" href='https:\/\/blog.fotolab.sk\/wp-content\/uploads\/2021\/06\/eystrahorn-2.jpg'><img width=\"740\" height=\"512\" src=\"https:\/\/blog.fotolab.sk\/wp-content\/uploads\/2021\/06\/eystrahorn-2.jpg\" class=\"attachment-gridlove-single size-gridlove-single\" alt=\"\" decoding=\"async\" loading=\"lazy\" \/><\/a>\n\t\t\t<\/div><\/figure><figure class='gallery-item'>\n\t\t\t<div class='gallery-icon portrait'>\n\t\t\t\t<a class=\"gridlove-popup\" href='https:\/\/blog.fotolab.sk\/wp-content\/uploads\/2021\/06\/In-the-embrance-of-a-green-lady.jpg'><img width=\"559\" height=\"768\" src=\"https:\/\/blog.fotolab.sk\/wp-content\/uploads\/2021\/06\/In-the-embrance-of-a-green-lady.jpg\" class=\"attachment-gridlove-single size-gridlove-single\" alt=\"\" decoding=\"async\" loading=\"lazy\" \/><\/a>\n\t\t\t<\/div><\/figure>\n\t\t<\/div>\n\n<h5>\u010co by si odporu\u010dil niekomu, kto sa chyst\u00e1 cestova\u0165 po Islande a foti\u0165?<\/h5>\n<p>Ur\u010dite by som odporu\u010dil pripravi\u0165 sa na drsn\u00e9 podmienky. Ak ide o fotku krajiny, za ktorou na Island mnoh\u00ed cestujeme, plat\u00ed &#8211; \u010d\u00edm netradi\u010dnej\u0161ie podmienky, t\u00fdm zauj\u00edmavej\u0161ia fotka. Preto by mal by\u0165 fotograf ochotn\u00fd foti\u0165 aj v nepriaznivom po\u010das\u00ed. Napr\u00edklad pri ned\u00e1vnej n\u00e1v\u0161teve Islandu sme sa rozhodli str\u00e1vi\u0165 4 dni pod ikonickou horou \u201cKirkjufell\u201d.<\/p>\n<p>Aj ke\u010f ide znova o \u201cprefoten\u00e9\u201d miesto, v\u00f4bec sme nerie\u0161ili klasick\u00e9 kompoz\u00edcie. Dva dni sme h\u013eadali nov\u00e9 poh\u013eady a \u010dakali na podmienky, ktor\u00e9 by robili na\u0161e fotky netradi\u010dn\u00fdmi. Po\u010dasie sa menilo sn\u00e1\u010f ka\u017ed\u00fdch 15 min\u00fat. Pam\u00e4t\u00e1m, ako som v jeden ve\u010der st\u00e1l v potoku a behom hodiny mi dali \u201cv\u00fdprask\u201d tak 3-4 b\u00farky striedavo s da\u017e\u010fom a kr\u00fapami. Cel\u00e9 to ale st\u00e1lo za to!<\/p>\n<figure id=\"attachment_12406\" aria-describedby=\"caption-attachment-12406\" style=\"width: 1024px\" class=\"wp-caption alignnone\"><img decoding=\"async\" loading=\"lazy\" class=\"wp-image-12406 size-full\" src=\"https:\/\/blog.fotolab.sk\/wp-content\/uploads\/2021\/06\/Kirkjufell2021-01.jpg\" alt=\"\" width=\"1024\" height=\"724\" \/><figcaption id=\"caption-attachment-12406\" class=\"wp-caption-text\">Kirkjufell<\/figcaption><\/figure>\n<p>&nbsp;<\/p>\n<p>Pr\u00e1ve kv\u00f4li tak\u00fdmto podmienkam by nemal \u017eiaden fotograf pri ceste na Island zabudn\u00fa\u0165 vzia\u0165 si so sebou gum\u00e1ky, a kvalitn\u00e9 nepremokav\u00e9 oble\u010denie. Keby som tak\u00e9 nie\u010do so sebou nemal, ve\u013emi by ma to limitovalo a mohol by som si dovoli\u0165 foti\u0165 len \u201cokukan\u00e9\u201d kompoz\u00edcie za nudn\u00fdch podmienok. A to by som ur\u010dite nechcel.<\/p>\n<figure id=\"attachment_12410\" aria-describedby=\"caption-attachment-12410\" style=\"width: 1024px\" class=\"wp-caption alignnone\"><img decoding=\"async\" loading=\"lazy\" class=\"wp-image-12410 size-full\" src=\"https:\/\/blog.fotolab.sk\/wp-content\/uploads\/2021\/06\/Rocky-bat.jpg\" alt=\"\" width=\"1024\" height=\"679\" \/><figcaption id=\"caption-attachment-12410\" class=\"wp-caption-text\">Vestrahorn<\/figcaption><\/figure>\n<h5><\/h5>\n<h5>Korona kr\u00edza u\u017e trv\u00e1 viac ako rok. Ako ovplyvnila tvoju pr\u00e1cu?<\/h5>\n<p>Ovplyvnila ju do ve\u013ekej miery. Najv\u00e4\u010d\u0161iu \u010das\u0165 mojej pr\u00e1ce tvor\u00ed organizovanie kurzov, workshopov a foto-exped\u00edci\u00ed. A to sa kv\u00f4li z\u00e1kazu stret\u00e1vania a cestovania samozrejme nedalo. Musel som sa teda viac zamera\u0165 na individu\u00e1lne online lekcie. Po\u010das roka som mal mo\u017enos\u0165 spolupracova\u0165 aj na viacer\u00fdch zauj\u00edmav\u00fdch projektoch. Bolo to napr\u00edklad fotenie giga-pano sn\u00edmkov zo zn\u00e1mych tatransk\u00fdch \u0161t\u00edtov pre z\u00e1\u017eitkov\u00fa gal\u00e9riu \u201cTatry vn\u00fatri\u201d v Starom Smokovci, alebo nesk\u00f4r fotenie objekt\u00edvov Samyang v extr\u00e9mnych horsk\u00fdch podmienkach v spolupr\u00e1ci s distrib\u00fatorom foto-techniky \u201cFocus Nordic\u201d. Viackr\u00e1t som spolupracoval aj s vami v CEWE, \u010di u\u017e to bolo porotcovanie s\u00fa\u0165a\u017e\u00ed alebo in\u00e9 projekty, za \u010do som v\u00e1m ve\u013emi v\u010fa\u010dn\u00fd.<\/p>\n<div id='gallery-2' class='gallery galleryid-12396 gallery-columns-2 gallery-size-gridlove-single'><figure class='gallery-item'>\n\t\t\t<div class='gallery-icon portrait'>\n\t\t\t\t<a class=\"gridlove-popup\" href='https:\/\/blog.fotolab.sk\/wp-content\/uploads\/2021\/06\/ts-projekt_1.jpg'><img width=\"510\" height=\"768\" src=\"https:\/\/blog.fotolab.sk\/wp-content\/uploads\/2021\/06\/ts-projekt_1.jpg\" class=\"attachment-gridlove-single size-gridlove-single\" alt=\"\" decoding=\"async\" loading=\"lazy\" \/><\/a>\n\t\t\t<\/div><\/figure><figure class='gallery-item'>\n\t\t\t<div class='gallery-icon portrait'>\n\t\t\t\t<a class=\"gridlove-popup\" href='https:\/\/blog.fotolab.sk\/wp-content\/uploads\/2021\/06\/Bts-projekt_2.jpg'><img width=\"510\" height=\"768\" src=\"https:\/\/blog.fotolab.sk\/wp-content\/uploads\/2021\/06\/Bts-projekt_2.jpg\" class=\"attachment-gridlove-single size-gridlove-single\" alt=\"\" decoding=\"async\" loading=\"lazy\" \/><\/a>\n\t\t\t<\/div><\/figure>\n\t\t<\/div>\n\n<p>V\u010faka t\u00fdmto projektom, spolupr\u00e1cam, online kurzom a \u010diasto\u010dne aj v\u010faka predaju obrazov sa mi zatia\u013e dar\u00ed toto korona-\u0161ialenstvo pre\u017ei\u0165. Napriek obmedzeniam teda m\u00f4\u017eem \u010falej robi\u0165 to, \u010do ma bav\u00ed.<\/p>\n<h5>Chyst\u00e1\u0161 v najbli\u017e\u0161ej dobe nov\u00e9 v\u00fdlety a fotografick\u00e9 workshopy?<\/h5>\n<p>Ur\u010dite \u00e1no. Je ich viac. Korona-opatrenia sa postupne uvo\u013e\u0148uj\u00fa a vyzer\u00e1 to tak, \u017ee o\u010dkovanie n\u00e1m zatia\u013e prinesie aspo\u0148 proviz\u00f3rnu cestovate\u013esk\u00fa slobodu.<\/p>\n<p>Preto som na leto a jese\u0148 otvoril viacero workshopov a foto-exped\u00edci\u00ed. V j\u00fani to s\u00fa dva v\u00edkendov\u00e9 workshopy na Chate pri Zelenom plese, o ktor\u00e9 bol mimoriadny z\u00e1ujem. Naplnili sa ve\u013emi r\u00fdchlo. V j\u00fali chyst\u00e1me v spolupr\u00e1ci s \u010desk\u00fdm kolegom Ji\u0159\u00edm Bendou exped\u00edciu v Talianskych Dolomitoch, na ktor\u00fa m\u00e1me e\u0161te p\u00e1r vo\u013en\u00fdch miest. Hne\u010f po n\u00e1vrate ma \u010dakaj\u00fa \u010fal\u0161ie tri workshopy v Tatr\u00e1ch. Dva v Malej Studenej doline a jeden na Chate pri Zelenom plese.<\/p>\n<p>V septembri to bude exped\u00edcia na Islande, ktor\u00fa organizujeme s Maro\u0161om Kuricom. T\u00e1 bude ve\u013emi zauj\u00edmav\u00e1 pre ka\u017ed\u00e9ho, kto m\u00e1 r\u00e1d dobrodru\u017estvo. Spolu s klientmi a klientkami sa toti\u017e okrem miest, ktor\u00e9 nav\u0161tevujeme be\u017ene, vyd\u00e1me aj do sope\u010dnej oblasti ak bude st\u00e1le akt\u00edvna. Je sa teda na \u010do te\u0161i\u0165.<\/p>\n<p>U\u017e v okt\u00f3bri chyst\u00e1m nieko\u013eko workshopov v mojej dom\u00e1cej Mur\u00e1nskej planine, ktor\u00e1 je na jese\u0148 naozaj kr\u00e1sna. \u010eal\u0161ou jesennou destin\u00e1ciou bud\u00fa op\u00e4\u0165 Talianske Dolomity.<\/p>\n<p>V z\u00e1vere roka pripravujem v spolupr\u00e1ci s astrofotografom Tom\u00e1\u0161om Slovinsk\u00fdm exped\u00edciu na Kan\u00e1rske ostrovy, na ktorej si pr\u00eddu na svoje fotografi\/fotografky, ktor\u00ed sa zauj\u00edmaj\u00fa o astrofotografiu v spojen\u00ed s fotografiou krajiny. Pl\u00e1ny s\u00fa teda ve\u013ek\u00e9. Uvid\u00edm, \u010do v\u0161etko mi korona-situ\u00e1cia dovol\u00ed zrealizova\u0165. Ver\u00edm v\u0161ak, \u017ee to u\u017e bude tento rok lep\u0161ie.<\/p>\n<figure id=\"attachment_12409\" aria-describedby=\"caption-attachment-12409\" style=\"width: 1024px\" class=\"wp-caption alignnone\"><img decoding=\"async\" loading=\"lazy\" class=\"wp-image-12409 size-full\" src=\"https:\/\/blog.fotolab.sk\/wp-content\/uploads\/2021\/06\/003.jpg\" alt=\"\" width=\"1024\" height=\"583\" \/><figcaption id=\"caption-attachment-12409\" class=\"wp-caption-text\">Dolomity<\/figcaption><\/figure>\n<h5><\/h5>\n<h5>M\u00e1\u0161 nejak\u00fd nesplnen\u00fd sen o krajine alebo mieste, ktor\u00e9 si chcel nafoti\u0165?<\/h5>\n<p>T\u00fdch snov je viac. Vytvoril som si ak\u00fdsi poradovn\u00edk miest, ktor\u00e9 chcem ur\u010dite nav\u0161t\u00edvi\u0165. Na ka\u017edom z t\u00fdchto miest chcem samozrejme vytvori\u0165 osobitn\u00fd foto-projekt.<\/p>\n<p>Destin\u00e1ciou, ktor\u00e1 je moment\u00e1lne v porad\u00ed ako prv\u00e1 je juhoamerick\u00e1 Patag\u00f3nia. Nach\u00e1dzaj\u00fa sa v nej ve\u013emi fotogenick\u00e9 horsk\u00e9 oblasti. P\u00f4vodn\u00fd pl\u00e1n bol nav\u0161t\u00edvi\u0165 ju tento rok. To sa kv\u00f4li cestovate\u013eskej situ\u00e1cii nebude da\u0165. Ale nevad\u00ed. Aspo\u0148 m\u00e1m viac \u010dasu na pl\u00e1novanie. Okrem zn\u00e1mych lok\u00e1ci\u00ed chcem v Patag\u00f3nii n\u00e1js\u0165 a odfoti\u0165 aj miesta, ktor\u00e9 s\u00fa \u00faplne nezn\u00e1me. Bude to teda ur\u010dite \u010fal\u0161ie ve\u013emi zauj\u00edmav\u00e9 dobrodru\u017estvo.<\/p>\n<p>\u010eal\u0161\u00edmi destin\u00e1ciami bud\u00fa Gr\u00f3nsko, Himal\u00e1je, ju\u017en\u00e1 Afrika a Severn\u00e1 Amerika. Tie s\u00fa ale zatia\u013e bez konkr\u00e9tneho pl\u00e1nu.<\/p>\n<h5>\u010eakujeme za rozhovor a \u017eel\u00e1me ve\u013ea kr\u00e1snych fotografi\u00ed a \u010fal\u0161\u00edch fotografick\u00fdch \u00faspechov.<\/h5>\n<p>Web: <a href=\"https:\/\/www.filiphrebenda.com\/\" target=\"_blank\" rel=\"noopener noreferrer\">www.filiphrebenda.com<\/a><\/p>\n<p>Instagram: <a href=\"https:\/\/www.instagram.com\/filiphrebenda\/\" target=\"_blank\" rel=\"noopener noreferrer\">@filiphrebenda<\/a><\/p>\n","protected":false},"excerpt":{"rendered":"<p>Rozpr\u00e1vali sme sa s mesa\u010dn\u00fdm v\u00fdhercom CEWE Photo Award Filipom Hrebendom o jeho ned\u00e1vnej ceste na Island a o tom, ako vznikol jeho projekt \u201cBorn of fire\u201d. Bude to naozaj dobrodru\u017en\u00e9 \u010d\u00edtanie! Ahoj Filip, ned\u00e1vno si sa vr\u00e1til z fotov\u00fdletu na Islande. Bol si tam u\u017e druh\u00fdkr\u00e1t. Pre\u010do pr\u00e1ve Island? Ahoj, je to tak. Ako [&hellip;]<\/p>\n","protected":false},"author":39,"featured_media":12413,"comment_status":"open","ping_status":"open","sticky":false,"template":"","format":"standard","meta":[],"categories":[51,50],"tags":[95,206,136],"yoast_head":"<!-- This site is optimized with the Yoast SEO plugin v19.1 - https:\/\/yoast.com\/wordpress\/plugins\/seo\/ -->\n<title>Filip Hrebenda: Sope\u010dn\u00e9 dobrodru\u017estvo na Islande - CEWE Fotolab blog<\/title>\n<meta name=\"robots\" content=\"index, follow, max-snippet:-1, max-image-preview:large, max-video-preview:-1\" \/>\n<link rel=\"canonical\" href=\"https:\/\/www.fotolab.sk\/blog\/filip-hrebenda-dobrodruzstvo-na-islande\/\" \/>\n<meta property=\"og:locale\" content=\"sk_SK\" \/>\n<meta property=\"og:type\" content=\"article\" \/>\n<meta property=\"og:title\" content=\"Filip Hrebenda: Sope\u010dn\u00e9 dobrodru\u017estvo na Islande - CEWE Fotolab blog\" \/>\n<meta property=\"og:description\" content=\"Rozpr\u00e1vali sme sa s mesa\u010dn\u00fdm v\u00fdhercom CEWE Photo Award Filipom Hrebendom o jeho ned\u00e1vnej ceste na Island a o tom, ako vznikol jeho projekt \u201cBorn of fire\u201d. Bude to naozaj dobrodru\u017en\u00e9 \u010d\u00edtanie! Ahoj Filip, ned\u00e1vno si sa vr\u00e1til z fotov\u00fdletu na Islande. Bol si tam u\u017e druh\u00fdkr\u00e1t. Pre\u010do pr\u00e1ve Island? Ahoj, je to tak. Ako [&hellip;]\" \/>\n<meta property=\"og:url\" content=\"https:\/\/www.fotolab.sk\/blog\/filip-hrebenda-dobrodruzstvo-na-islande\/\" \/>\n<meta property=\"og:site_name\" content=\"CEWE Fotolab blog\" \/>\n<meta property=\"article:published_time\" content=\"2021-06-02T11:58:19+00:00\" \/>\n<meta property=\"article:modified_time\" content=\"2021-06-02T12:14:05+00:00\" \/>\n<meta property=\"og:image\" content=\"https:\/\/blog.fotolab.sk\/wp-content\/uploads\/2021\/06\/TITLE-05-The-Creators-river.jpg\" \/>\n\t<meta property=\"og:image:width\" content=\"1500\" \/>\n\t<meta property=\"og:image:height\" content=\"758\" \/>\n\t<meta property=\"og:image:type\" content=\"image\/jpeg\" \/>\n<meta name=\"twitter:label1\" content=\"Autor:\" \/>\n\t<meta name=\"twitter:data1\" content=\"Daniela Ru\u017eovi\u010dov\u00e1\" \/>\n\t<meta name=\"twitter:label2\" content=\"Predpokladan\u00fd \u010das \u010d\u00edtania\" \/>\n\t<meta name=\"twitter:data2\" content=\"9 min\u00fat\" \/>\n<script type=\"application\/ld+json\" class=\"yoast-schema-graph\">{\"@context\":\"https:\/\/schema.org\",\"@graph\":[{\"@type\":\"WebSite\",\"@id\":\"https:\/\/www.fotolab.sk\/blog\/#website\",\"url\":\"https:\/\/www.fotolab.sk\/blog\/\",\"name\":\"CEWE Fotolab blog\",\"description\":\"Blog ur\u010den\u00fd pre fan\u00fa\u0161ikov fotografie a sveta okolo nej.\",\"potentialAction\":[{\"@type\":\"SearchAction\",\"target\":{\"@type\":\"EntryPoint\",\"urlTemplate\":\"https:\/\/www.fotolab.sk\/blog\/?s={search_term_string}\"},\"query-input\":\"required name=search_term_string\"}],\"inLanguage\":\"sk-SK\"},{\"@type\":\"ImageObject\",\"inLanguage\":\"sk-SK\",\"@id\":\"https:\/\/www.fotolab.sk\/blog\/filip-hrebenda-dobrodruzstvo-na-islande\/#primaryimage\",\"url\":\"https:\/\/blog.fotolab.sk\/wp-content\/uploads\/2021\/06\/TITLE-05-The-Creators-river.jpg\",\"contentUrl\":\"https:\/\/blog.fotolab.sk\/wp-content\/uploads\/2021\/06\/TITLE-05-The-Creators-river.jpg\",\"width\":1500,\"height\":758},{\"@type\":\"WebPage\",\"@id\":\"https:\/\/www.fotolab.sk\/blog\/filip-hrebenda-dobrodruzstvo-na-islande\/#webpage\",\"url\":\"https:\/\/www.fotolab.sk\/blog\/filip-hrebenda-dobrodruzstvo-na-islande\/\",\"name\":\"Filip Hrebenda: Sope\u010dn\u00e9 dobrodru\u017estvo na Islande - CEWE Fotolab blog\",\"isPartOf\":{\"@id\":\"https:\/\/www.fotolab.sk\/blog\/#website\"},\"primaryImageOfPage\":{\"@id\":\"https:\/\/www.fotolab.sk\/blog\/filip-hrebenda-dobrodruzstvo-na-islande\/#primaryimage\"},\"datePublished\":\"2021-06-02T11:58:19+00:00\",\"dateModified\":\"2021-06-02T12:14:05+00:00\",\"author\":{\"@id\":\"https:\/\/www.fotolab.sk\/blog\/#\/schema\/person\/77d6dacf2a79ac8f60da8e2a80f2030b\"},\"breadcrumb\":{\"@id\":\"https:\/\/www.fotolab.sk\/blog\/filip-hrebenda-dobrodruzstvo-na-islande\/#breadcrumb\"},\"inLanguage\":\"sk-SK\",\"potentialAction\":[{\"@type\":\"ReadAction\",\"target\":[\"https:\/\/www.fotolab.sk\/blog\/filip-hrebenda-dobrodruzstvo-na-islande\/\"]}]},{\"@type\":\"BreadcrumbList\",\"@id\":\"https:\/\/www.fotolab.sk\/blog\/filip-hrebenda-dobrodruzstvo-na-islande\/#breadcrumb\",\"itemListElement\":[{\"@type\":\"ListItem\",\"position\":1,\"name\":\"Home\",\"item\":\"https:\/\/www.fotolab.sk\/blog\/\"},{\"@type\":\"ListItem\",\"position\":2,\"name\":\"Filip Hrebenda: Sope\u010dn\u00e9 dobrodru\u017estvo na Islande\"}]},{\"@type\":\"Person\",\"@id\":\"https:\/\/www.fotolab.sk\/blog\/#\/schema\/person\/77d6dacf2a79ac8f60da8e2a80f2030b\",\"name\":\"Daniela Ru\u017eovi\u010dov\u00e1\",\"image\":{\"@type\":\"ImageObject\",\"inLanguage\":\"sk-SK\",\"@id\":\"https:\/\/www.fotolab.sk\/blog\/#\/schema\/person\/image\/\",\"url\":\"https:\/\/secure.gravatar.com\/avatar\/647297b7198748e4a44171e3ddb8f81e?s=96&d=mm&r=g\",\"contentUrl\":\"https:\/\/secure.gravatar.com\/avatar\/647297b7198748e4a44171e3ddb8f81e?s=96&d=mm&r=g\",\"caption\":\"Daniela Ru\u017eovi\u010dov\u00e1\"},\"description\":\"M\u00e1m rada zimu, cestovanie a seversk\u00e9 krajiny. \u017divot v Bratislave striedam s v\u00fdletmi do pr\u00edrody a do h\u00f4r, s fotoapar\u00e1tom v ruke.\",\"url\":\"https:\/\/www.fotolab.sk\/blog\/author\/daniela\/\"}]}<\/script>\n<!-- \/ Yoast SEO plugin. -->","yoast_head_json":{"title":"Filip Hrebenda: Sope\u010dn\u00e9 dobrodru\u017estvo na Islande - CEWE Fotolab blog","robots":{"index":"index","follow":"follow","max-snippet":"max-snippet:-1","max-image-preview":"max-image-preview:large","max-video-preview":"max-video-preview:-1"},"canonical":"https:\/\/www.fotolab.sk\/blog\/filip-hrebenda-dobrodruzstvo-na-islande\/","og_locale":"sk_SK","og_type":"article","og_title":"Filip Hrebenda: Sope\u010dn\u00e9 dobrodru\u017estvo na Islande - CEWE Fotolab blog","og_description":"Rozpr\u00e1vali sme sa s mesa\u010dn\u00fdm v\u00fdhercom CEWE Photo Award Filipom Hrebendom o jeho ned\u00e1vnej ceste na Island a o tom, ako vznikol jeho projekt \u201cBorn of fire\u201d. Bude to naozaj dobrodru\u017en\u00e9 \u010d\u00edtanie! Ahoj Filip, ned\u00e1vno si sa vr\u00e1til z fotov\u00fdletu na Islande. Bol si tam u\u017e druh\u00fdkr\u00e1t. Pre\u010do pr\u00e1ve Island? Ahoj, je to tak. Ako [&hellip;]","og_url":"https:\/\/www.fotolab.sk\/blog\/filip-hrebenda-dobrodruzstvo-na-islande\/","og_site_name":"CEWE Fotolab blog","article_published_time":"2021-06-02T11:58:19+00:00","article_modified_time":"2021-06-02T12:14:05+00:00","og_image":[{"width":1500,"height":758,"url":"https:\/\/blog.fotolab.sk\/wp-content\/uploads\/2021\/06\/TITLE-05-The-Creators-river.jpg","type":"image\/jpeg"}],"twitter_misc":{"Autor:":"Daniela Ru\u017eovi\u010dov\u00e1","Predpokladan\u00fd \u010das \u010d\u00edtania":"9 min\u00fat"},"schema":{"@context":"https:\/\/schema.org","@graph":[{"@type":"WebSite","@id":"https:\/\/www.fotolab.sk\/blog\/#website","url":"https:\/\/www.fotolab.sk\/blog\/","name":"CEWE Fotolab blog","description":"Blog ur\u010den\u00fd pre fan\u00fa\u0161ikov fotografie a sveta okolo nej.","potentialAction":[{"@type":"SearchAction","target":{"@type":"EntryPoint","urlTemplate":"https:\/\/www.fotolab.sk\/blog\/?s={search_term_string}"},"query-input":"required name=search_term_string"}],"inLanguage":"sk-SK"},{"@type":"ImageObject","inLanguage":"sk-SK","@id":"https:\/\/www.fotolab.sk\/blog\/filip-hrebenda-dobrodruzstvo-na-islande\/#primaryimage","url":"https:\/\/blog.fotolab.sk\/wp-content\/uploads\/2021\/06\/TITLE-05-The-Creators-river.jpg","contentUrl":"https:\/\/blog.fotolab.sk\/wp-content\/uploads\/2021\/06\/TITLE-05-The-Creators-river.jpg","width":1500,"height":758},{"@type":"WebPage","@id":"https:\/\/www.fotolab.sk\/blog\/filip-hrebenda-dobrodruzstvo-na-islande\/#webpage","url":"https:\/\/www.fotolab.sk\/blog\/filip-hrebenda-dobrodruzstvo-na-islande\/","name":"Filip Hrebenda: Sope\u010dn\u00e9 dobrodru\u017estvo na Islande - CEWE Fotolab blog","isPartOf":{"@id":"https:\/\/www.fotolab.sk\/blog\/#website"},"primaryImageOfPage":{"@id":"https:\/\/www.fotolab.sk\/blog\/filip-hrebenda-dobrodruzstvo-na-islande\/#primaryimage"},"datePublished":"2021-06-02T11:58:19+00:00","dateModified":"2021-06-02T12:14:05+00:00","author":{"@id":"https:\/\/www.fotolab.sk\/blog\/#\/schema\/person\/77d6dacf2a79ac8f60da8e2a80f2030b"},"breadcrumb":{"@id":"https:\/\/www.fotolab.sk\/blog\/filip-hrebenda-dobrodruzstvo-na-islande\/#breadcrumb"},"inLanguage":"sk-SK","potentialAction":[{"@type":"ReadAction","target":["https:\/\/www.fotolab.sk\/blog\/filip-hrebenda-dobrodruzstvo-na-islande\/"]}]},{"@type":"BreadcrumbList","@id":"https:\/\/www.fotolab.sk\/blog\/filip-hrebenda-dobrodruzstvo-na-islande\/#breadcrumb","itemListElement":[{"@type":"ListItem","position":1,"name":"Home","item":"https:\/\/www.fotolab.sk\/blog\/"},{"@type":"ListItem","position":2,"name":"Filip Hrebenda: Sope\u010dn\u00e9 dobrodru\u017estvo na Islande"}]},{"@type":"Person","@id":"https:\/\/www.fotolab.sk\/blog\/#\/schema\/person\/77d6dacf2a79ac8f60da8e2a80f2030b","name":"Daniela Ru\u017eovi\u010dov\u00e1","image":{"@type":"ImageObject","inLanguage":"sk-SK","@id":"https:\/\/www.fotolab.sk\/blog\/#\/schema\/person\/image\/","url":"https:\/\/secure.gravatar.com\/avatar\/647297b7198748e4a44171e3ddb8f81e?s=96&d=mm&r=g","contentUrl":"https:\/\/secure.gravatar.com\/avatar\/647297b7198748e4a44171e3ddb8f81e?s=96&d=mm&r=g","caption":"Daniela Ru\u017eovi\u010dov\u00e1"},"description":"M\u00e1m rada zimu, cestovanie a seversk\u00e9 krajiny. \u017divot v Bratislave striedam s v\u00fdletmi do pr\u00edrody a do h\u00f4r, s fotoapar\u00e1tom v ruke.","url":"https:\/\/www.fotolab.sk\/blog\/author\/daniela\/"}]}},"_links":{"self":[{"href":"https:\/\/www.fotolab.sk\/blog\/wp-json\/wp\/v2\/posts\/12396"}],"collection":[{"href":"https:\/\/www.fotolab.sk\/blog\/wp-json\/wp\/v2\/posts"}],"about":[{"href":"https:\/\/www.fotolab.sk\/blog\/wp-json\/wp\/v2\/types\/post"}],"author":[{"embeddable":true,"href":"https:\/\/www.fotolab.sk\/blog\/wp-json\/wp\/v2\/users\/39"}],"replies":[{"embeddable":true,"href":"https:\/\/www.fotolab.sk\/blog\/wp-json\/wp\/v2\/comments?post=12396"}],"version-history":[{"count":15,"href":"https:\/\/www.fotolab.sk\/blog\/wp-json\/wp\/v2\/posts\/12396\/revisions"}],"predecessor-version":[{"id":12423,"href":"https:\/\/www.fotolab.sk\/blog\/wp-json\/wp\/v2\/posts\/12396\/revisions\/12423"}],"wp:featuredmedia":[{"embeddable":true,"href":"https:\/\/www.fotolab.sk\/blog\/wp-json\/wp\/v2\/media\/12413"}],"wp:attachment":[{"href":"https:\/\/www.fotolab.sk\/blog\/wp-json\/wp\/v2\/media?parent=12396"}],"wp:term":[{"taxonomy":"category","embeddable":true,"href":"https:\/\/www.fotolab.sk\/blog\/wp-json\/wp\/v2\/categories?post=12396"},{"taxonomy":"post_tag","embeddable":true,"href":"https:\/\/www.fotolab.sk\/blog\/wp-json\/wp\/v2\/tags?post=12396"}],"curies":[{"name":"wp","href":"https:\/\/api.w.org\/{rel}","templated":true}]}}