
{"id":12273,"date":"2021-05-14T09:08:26","date_gmt":"2021-05-14T07:08:26","guid":{"rendered":"https:\/\/www.fotolab.sk\/blog\/?p=12273"},"modified":"2021-05-31T11:28:41","modified_gmt":"2021-05-31T09:28:41","slug":"pozrite-si-finale-sutaze-cewe-fotokniha-roka-2020-a-vyhrajte","status":"publish","type":"post","link":"https:\/\/www.fotolab.sk\/blog\/pozrite-si-finale-sutaze-cewe-fotokniha-roka-2020-a-vyhrajte\/","title":{"rendered":"Pozrite si fin\u00e1le s\u00fa\u0165a\u017ee CEWE FOTOKNIHA roka 2020 a vyhrajte!"},"content":{"rendered":"<h5>Tohtoro\u010dn\u00e1 <a href=\"https:\/\/www.cewe-fotokniha.eu\/finale\/sk\/\" target=\"_blank\" rel=\"noopener noreferrer\"><span style=\"color: #800000;\">CEWE FOTOKNIHA roka 2020<\/span><\/a> bola v\u00fdnimo\u010dn\u00e1 a tak\u00e9 bude aj jej fin\u00e1le! Netradi\u010dn\u00e9 a pln\u00e9 prekvapen\u00ed. Sledujte na\u017eivo online vysielanie &#8211; vyhra\u0165 m\u00f4\u017eete aj vy!<\/h5>\n<p><img decoding=\"async\" loading=\"lazy\" class=\"alignnone size-full wp-image-12277\" src=\"https:\/\/blog.fotolab.sk\/wp-content\/uploads\/2021\/05\/Capture1.png\" alt=\"\" width=\"1105\" height=\"548\" \/><\/p>\n<h5>Hlasujte za svojho favorita<\/h5>\n<p>Aj vy sa m\u00f4\u017eete sta\u0165 porotcom a rozhodn\u00fa\u0165 o v\u00ed\u0165azovi kateg\u00f3rie Hlasovanie verejnosti. V na\u0161ej <a href=\"https:\/\/www.cewe-fotokniha.eu\/finale\/sk\/finalisti-sutaze.html\" target=\"_blank\" rel=\"noopener noreferrer\">gal\u00e9rii prihl\u00e1sen\u00fdch fotokn\u00edh<\/a> si vyberte fotoknihu, ktor\u00e1 v\u00e1s nadchla, ohromila, skr\u00e1tka v\u00e1s ak\u00fdmko\u013evek sp\u00f4sobom oslovila, a pomocou tla\u010didla &#8220;T\u00e1to kniha sa mi p\u00e1\u010di&#8221; jej dajte svoj hlas. Autor fotoknihy s najv\u00e4\u010d\u0161\u00edm po\u010dtom hlasov vyhr\u00e1 z\u00e1jazd od FUTBALTOUR na ak\u00e9ko\u013evek \u0161portov\u00e9 podujatie v hodnote 1 000 EUR.<\/p>\n<p><img decoding=\"async\" loading=\"lazy\" class=\"alignnone size-full wp-image-12276\" src=\"https:\/\/blog.fotolab.sk\/wp-content\/uploads\/2021\/05\/NL-1200-03.jpg\" alt=\"\" width=\"1200\" height=\"716\" \/><\/p>\n<h5>Sledujte priamy prenos fin\u00e1le a vyhrajte<\/h5>\n<p>Nezabudnite, \u017ee po\u010das \u017eiv\u00e9ho online vysielania m\u00f4\u017eete vyhra\u0165 skvel\u00e9 ceny! Nenechajte si ujs\u0165 5 r\u00f4znych \u010d\u00edsel, ktor\u00e9 budeme postupne zverej\u0148ova\u0165 po\u010das vysielania. Pozorne si ich zap\u00ed\u0161te a zverejnite ich v chate na YouTube alebo na Facebooku, odkia\u013e budeme vysiela\u0165 fin\u00e1le. A \u010do je v hre?<\/p>\n<ul>\n<li>Samsung Galaxy A52 5G<\/li>\n<li>Samsung Galaxy Tab S6 Lite<\/li>\n<li>Pouk\u00e1\u017eky na fotoprodukty od spolo\u010dnosti CEWE<\/li>\n<\/ul>\n<p><img decoding=\"async\" loading=\"lazy\" class=\"alignnone size-full wp-image-12275\" src=\"https:\/\/blog.fotolab.sk\/wp-content\/uploads\/2021\/05\/NL-1200-02-SK.jpg\" alt=\"\" width=\"1200\" height=\"600\" \/><\/p>\n<h5>Ktor\u00e1 fotokniha sa stane v\u00ed\u0165azom?<\/h5>\n<p>Ak chcete vedie\u0165, ktor\u00e9 fotoknihy sa uch\u00e1dzaj\u00fa o titul \u010cesko-Slovensk\u00e1 CEWE FOTOKNIHA roka, <a href=\"https:\/\/www.cewe-fotokniha.eu\/finale\/sk\/finalisti-sutaze.html\" target=\"_blank\" rel=\"noopener noreferrer\">pozrite si gal\u00e9riu<\/a>.<\/p>\n<p><strong>Ceny v kateg\u00f3ri\u00e1ch:<\/strong><\/p>\n<ul>\n<li>Cena za najlep\u0161iu fotografiu &#8211; <strong>Fotoapar\u00e1t Nikon Z6+24-70\/f4 v hodnote 2300 \u20ac\u00a0<\/strong><\/li>\n<li>Najlep\u0161ia cestovate\u013esk\u00e1 CEWE FOTOKNIHA &#8211; <strong>z\u00e1jazd pre dvoch do New Yorku v hodnote 1880 \u20ac<\/strong><\/li>\n<li>Kronika rodiny &#8211; <strong>z\u00e1jazd pre dvoch na Kapverdy v hodnote 2300 \u20ac<\/strong><\/li>\n<li>Svadobn\u00e1 kateg\u00f3ria &#8211; <strong>Wellness pobyt v Rak\u00fasku v hodnote 1150 \u20ac<\/strong><\/li>\n<li>Najkreat\u00edvnej\u0161ia CEWE FOTOKNIHA &#8211; <strong>Trofej + poukaz na fotopr\u00e1ce v hodnote 500 \u20ac<\/strong><\/li>\n<\/ul>\n<div id='gallery-1' class='gallery galleryid-12273 gallery-columns-2 gallery-size-gridlove-single'><figure class='gallery-item'>\n\t\t\t<div class='gallery-icon landscape'>\n\t\t\t\t<a class=\"gridlove-popup\" href='https:\/\/blog.fotolab.sk\/wp-content\/uploads\/2021\/05\/PEUGEOT_3008_2019_022_FR-2048x1451.jpg'><img width=\"740\" height=\"524\" src=\"https:\/\/blog.fotolab.sk\/wp-content\/uploads\/2021\/05\/PEUGEOT_3008_2019_022_FR-2048x1451.jpg\" class=\"attachment-gridlove-single size-gridlove-single\" alt=\"\" decoding=\"async\" loading=\"lazy\" \/><\/a>\n\t\t\t<\/div><\/figure><figure class='gallery-item'>\n\t\t\t<div class='gallery-icon landscape'>\n\t\t\t\t<a class=\"gridlove-popup\" href='https:\/\/blog.fotolab.sk\/wp-content\/uploads\/2021\/05\/porota.jpg'><img width=\"740\" height=\"556\" src=\"https:\/\/blog.fotolab.sk\/wp-content\/uploads\/2021\/05\/porota.jpg\" class=\"attachment-gridlove-single size-gridlove-single\" alt=\"\" decoding=\"async\" loading=\"lazy\" \/><\/a>\n\t\t\t<\/div><\/figure>\n\t\t<\/div>\n\n<p>Absol\u00fatnym v\u00ed\u0165azom sa m\u00f4\u017ee sta\u0165 ktor\u00fdko\u013evek zo 40 (20 z \u010ceskej republiky a 20 zo Slovenska) autorov. V\u00ed\u0165azn\u00fa fotoknihu vyberie VIP porota a jej autor z\u00edska nov\u00fd Peugeot 3008 od spolo\u010dnost\u00ed Federal Cars, Peugeot a CEWE.<\/p>\n<h5>Radi v\u00e1m pripomenieme, ke\u010f to vypukne<\/h5>\n<p>Ak nechcete zme\u0161ka\u0165 ve\u013ek\u00e9 fin\u00e1le, nastavte si upozornenie. Radi v\u00e1m po\u0161leme pripomienku, aby ste to nezme\u0161kali a mohli sledova\u0165 priamy prenos z pohodlia domova.<\/p>\n<p><img decoding=\"async\" loading=\"lazy\" class=\"alignnone size-full wp-image-12281\" src=\"https:\/\/blog.fotolab.sk\/wp-content\/uploads\/2021\/05\/Capture.png\" alt=\"\" width=\"836\" height=\"284\" \/><\/p>\n<h5>Partneri s\u00fa\u0165a\u017ee<\/h5>\n<p><img decoding=\"async\" loading=\"lazy\" class=\"alignnone size-full wp-image-12377\" src=\"https:\/\/blog.fotolab.sk\/wp-content\/uploads\/2021\/05\/loga.jpg\" alt=\"\" width=\"700\" height=\"250\" \/><\/p>\n<p>Nastavenia ozn\u00e1men\u00ed n\u00e1jdete na str\u00e1nke <a href=\"https:\/\/www.cewe-fotokniha.eu\/finale\/sk\/\" target=\"_blank\" rel=\"noopener noreferrer\">https:\/\/www.cewe-fotokniha.eu\/finale\/sk\/<\/a><\/p>\n<p>Dr\u017e\u00edme v\u00e1m v\u0161etk\u00fdm palce!<\/p>\n","protected":false},"excerpt":{"rendered":"<p>Tohtoro\u010dn\u00e1 CEWE FOTOKNIHA roka 2020 bola v\u00fdnimo\u010dn\u00e1 a tak\u00e9 bude aj jej fin\u00e1le! Netradi\u010dn\u00e9 a pln\u00e9 prekvapen\u00ed. Sledujte na\u017eivo online vysielanie &#8211; vyhra\u0165 m\u00f4\u017eete aj vy! Hlasujte za svojho favorita Aj vy sa m\u00f4\u017eete sta\u0165 porotcom a rozhodn\u00fa\u0165 o v\u00ed\u0165azovi kateg\u00f3rie Hlasovanie verejnosti. V na\u0161ej gal\u00e9rii prihl\u00e1sen\u00fdch fotokn\u00edh si vyberte fotoknihu, ktor\u00e1 v\u00e1s nadchla, ohromila, [&hellip;]<\/p>\n","protected":false},"author":41,"featured_media":12288,"comment_status":"open","ping_status":"open","sticky":false,"template":"","format":"standard","meta":[],"categories":[50,56],"tags":[81,77,87],"yoast_head":"<!-- This site is optimized with the Yoast SEO plugin v19.1 - https:\/\/yoast.com\/wordpress\/plugins\/seo\/ -->\n<title>Pozrite si fin\u00e1le s\u00fa\u0165a\u017ee CEWE FOTOKNIHA roka 2020 a vyhrajte! - CEWE Fotolab blog<\/title>\n<meta name=\"description\" content=\"Tohtoro\u010dn\u00e1 CEWE FOTOKNIHA roka 2020 bola v\u00fdnimo\u010dn\u00e1 a tak\u00e9 bude aj jej fin\u00e1le! Netradi\u010dn\u00e9 a pln\u00e9 prekvapen\u00ed. Sledujte na\u017eivo online vysielanie - vyhra\u0165 m\u00f4\u017eete aj vy!\" \/>\n<meta name=\"robots\" content=\"index, follow, max-snippet:-1, max-image-preview:large, max-video-preview:-1\" \/>\n<link rel=\"canonical\" href=\"https:\/\/www.fotolab.sk\/blog\/pozrite-si-finale-sutaze-cewe-fotokniha-roka-2020-a-vyhrajte\/\" \/>\n<meta property=\"og:locale\" content=\"sk_SK\" \/>\n<meta property=\"og:type\" content=\"article\" \/>\n<meta property=\"og:title\" content=\"Pozrite si fin\u00e1le s\u00fa\u0165a\u017ee CEWE FOTOKNIHA roka 2020 a vyhrajte! - CEWE Fotolab blog\" \/>\n<meta property=\"og:description\" content=\"Tohtoro\u010dn\u00e1 CEWE FOTOKNIHA roka 2020 bola v\u00fdnimo\u010dn\u00e1 a tak\u00e9 bude aj jej fin\u00e1le! Netradi\u010dn\u00e9 a pln\u00e9 prekvapen\u00ed. Sledujte na\u017eivo online vysielanie - vyhra\u0165 m\u00f4\u017eete aj vy!\" \/>\n<meta property=\"og:url\" content=\"https:\/\/www.fotolab.sk\/blog\/pozrite-si-finale-sutaze-cewe-fotokniha-roka-2020-a-vyhrajte\/\" \/>\n<meta property=\"og:site_name\" content=\"CEWE Fotolab blog\" \/>\n<meta property=\"article:published_time\" content=\"2021-05-14T07:08:26+00:00\" \/>\n<meta property=\"article:modified_time\" content=\"2021-05-31T09:28:41+00:00\" \/>\n<meta property=\"og:image\" content=\"https:\/\/blog.fotolab.sk\/wp-content\/uploads\/2021\/05\/title-CFK.png\" \/>\n\t<meta property=\"og:image:width\" content=\"1416\" \/>\n\t<meta property=\"og:image:height\" content=\"495\" \/>\n\t<meta property=\"og:image:type\" content=\"image\/png\" \/>\n<meta name=\"twitter:label1\" content=\"Autor:\" \/>\n\t<meta name=\"twitter:data1\" content=\"Redakcia CEWE\" \/>\n\t<meta name=\"twitter:label2\" content=\"Predpokladan\u00fd \u010das \u010d\u00edtania\" \/>\n\t<meta name=\"twitter:data2\" content=\"2 min\u00faty\" \/>\n<script type=\"application\/ld+json\" class=\"yoast-schema-graph\">{\"@context\":\"https:\/\/schema.org\",\"@graph\":[{\"@type\":\"WebSite\",\"@id\":\"https:\/\/www.fotolab.sk\/blog\/#website\",\"url\":\"https:\/\/www.fotolab.sk\/blog\/\",\"name\":\"CEWE Fotolab blog\",\"description\":\"Blog ur\u010den\u00fd pre fan\u00fa\u0161ikov fotografie a sveta okolo nej.\",\"potentialAction\":[{\"@type\":\"SearchAction\",\"target\":{\"@type\":\"EntryPoint\",\"urlTemplate\":\"https:\/\/www.fotolab.sk\/blog\/?s={search_term_string}\"},\"query-input\":\"required name=search_term_string\"}],\"inLanguage\":\"sk-SK\"},{\"@type\":\"ImageObject\",\"inLanguage\":\"sk-SK\",\"@id\":\"https:\/\/www.fotolab.sk\/blog\/pozrite-si-finale-sutaze-cewe-fotokniha-roka-2020-a-vyhrajte\/#primaryimage\",\"url\":\"https:\/\/blog.fotolab.sk\/wp-content\/uploads\/2021\/05\/title-CFK.png\",\"contentUrl\":\"https:\/\/blog.fotolab.sk\/wp-content\/uploads\/2021\/05\/title-CFK.png\",\"width\":1416,\"height\":495},{\"@type\":\"WebPage\",\"@id\":\"https:\/\/www.fotolab.sk\/blog\/pozrite-si-finale-sutaze-cewe-fotokniha-roka-2020-a-vyhrajte\/#webpage\",\"url\":\"https:\/\/www.fotolab.sk\/blog\/pozrite-si-finale-sutaze-cewe-fotokniha-roka-2020-a-vyhrajte\/\",\"name\":\"Pozrite si fin\u00e1le s\u00fa\u0165a\u017ee CEWE FOTOKNIHA roka 2020 a vyhrajte! - CEWE Fotolab blog\",\"isPartOf\":{\"@id\":\"https:\/\/www.fotolab.sk\/blog\/#website\"},\"primaryImageOfPage\":{\"@id\":\"https:\/\/www.fotolab.sk\/blog\/pozrite-si-finale-sutaze-cewe-fotokniha-roka-2020-a-vyhrajte\/#primaryimage\"},\"datePublished\":\"2021-05-14T07:08:26+00:00\",\"dateModified\":\"2021-05-31T09:28:41+00:00\",\"author\":{\"@id\":\"https:\/\/www.fotolab.sk\/blog\/#\/schema\/person\/7857aea021b4560af0d06d2abe97110b\"},\"description\":\"Tohtoro\u010dn\u00e1 CEWE FOTOKNIHA roka 2020 bola v\u00fdnimo\u010dn\u00e1 a tak\u00e9 bude aj jej fin\u00e1le! Netradi\u010dn\u00e9 a pln\u00e9 prekvapen\u00ed. Sledujte na\u017eivo online vysielanie - vyhra\u0165 m\u00f4\u017eete aj vy!\",\"breadcrumb\":{\"@id\":\"https:\/\/www.fotolab.sk\/blog\/pozrite-si-finale-sutaze-cewe-fotokniha-roka-2020-a-vyhrajte\/#breadcrumb\"},\"inLanguage\":\"sk-SK\",\"potentialAction\":[{\"@type\":\"ReadAction\",\"target\":[\"https:\/\/www.fotolab.sk\/blog\/pozrite-si-finale-sutaze-cewe-fotokniha-roka-2020-a-vyhrajte\/\"]}]},{\"@type\":\"BreadcrumbList\",\"@id\":\"https:\/\/www.fotolab.sk\/blog\/pozrite-si-finale-sutaze-cewe-fotokniha-roka-2020-a-vyhrajte\/#breadcrumb\",\"itemListElement\":[{\"@type\":\"ListItem\",\"position\":1,\"name\":\"Home\",\"item\":\"https:\/\/www.fotolab.sk\/blog\/\"},{\"@type\":\"ListItem\",\"position\":2,\"name\":\"Pozrite si fin\u00e1le s\u00fa\u0165a\u017ee CEWE FOTOKNIHA roka 2020 a vyhrajte!\"}]},{\"@type\":\"Person\",\"@id\":\"https:\/\/www.fotolab.sk\/blog\/#\/schema\/person\/7857aea021b4560af0d06d2abe97110b\",\"name\":\"Redakcia CEWE\",\"image\":{\"@type\":\"ImageObject\",\"inLanguage\":\"sk-SK\",\"@id\":\"https:\/\/www.fotolab.sk\/blog\/#\/schema\/person\/image\/\",\"url\":\"https:\/\/secure.gravatar.com\/avatar\/e27c65ada54cc066e94388632d402763?s=96&d=mm&r=g\",\"contentUrl\":\"https:\/\/secure.gravatar.com\/avatar\/e27c65ada54cc066e94388632d402763?s=96&d=mm&r=g\",\"caption\":\"Redakcia CEWE\"},\"sameAs\":[\"https:\/\/www.instagram.com\/cewe.sk\/\"],\"url\":\"https:\/\/www.fotolab.sk\/blog\/author\/cewe-redakcia\/\"}]}<\/script>\n<!-- \/ Yoast SEO plugin. -->","yoast_head_json":{"title":"Pozrite si fin\u00e1le s\u00fa\u0165a\u017ee CEWE FOTOKNIHA roka 2020 a vyhrajte! - CEWE Fotolab blog","description":"Tohtoro\u010dn\u00e1 CEWE FOTOKNIHA roka 2020 bola v\u00fdnimo\u010dn\u00e1 a tak\u00e9 bude aj jej fin\u00e1le! Netradi\u010dn\u00e9 a pln\u00e9 prekvapen\u00ed. Sledujte na\u017eivo online vysielanie - vyhra\u0165 m\u00f4\u017eete aj vy!","robots":{"index":"index","follow":"follow","max-snippet":"max-snippet:-1","max-image-preview":"max-image-preview:large","max-video-preview":"max-video-preview:-1"},"canonical":"https:\/\/www.fotolab.sk\/blog\/pozrite-si-finale-sutaze-cewe-fotokniha-roka-2020-a-vyhrajte\/","og_locale":"sk_SK","og_type":"article","og_title":"Pozrite si fin\u00e1le s\u00fa\u0165a\u017ee CEWE FOTOKNIHA roka 2020 a vyhrajte! - CEWE Fotolab blog","og_description":"Tohtoro\u010dn\u00e1 CEWE FOTOKNIHA roka 2020 bola v\u00fdnimo\u010dn\u00e1 a tak\u00e9 bude aj jej fin\u00e1le! Netradi\u010dn\u00e9 a pln\u00e9 prekvapen\u00ed. Sledujte na\u017eivo online vysielanie - vyhra\u0165 m\u00f4\u017eete aj vy!","og_url":"https:\/\/www.fotolab.sk\/blog\/pozrite-si-finale-sutaze-cewe-fotokniha-roka-2020-a-vyhrajte\/","og_site_name":"CEWE Fotolab blog","article_published_time":"2021-05-14T07:08:26+00:00","article_modified_time":"2021-05-31T09:28:41+00:00","og_image":[{"width":1416,"height":495,"url":"https:\/\/blog.fotolab.sk\/wp-content\/uploads\/2021\/05\/title-CFK.png","type":"image\/png"}],"twitter_misc":{"Autor:":"Redakcia CEWE","Predpokladan\u00fd \u010das \u010d\u00edtania":"2 min\u00faty"},"schema":{"@context":"https:\/\/schema.org","@graph":[{"@type":"WebSite","@id":"https:\/\/www.fotolab.sk\/blog\/#website","url":"https:\/\/www.fotolab.sk\/blog\/","name":"CEWE Fotolab blog","description":"Blog ur\u010den\u00fd pre fan\u00fa\u0161ikov fotografie a sveta okolo nej.","potentialAction":[{"@type":"SearchAction","target":{"@type":"EntryPoint","urlTemplate":"https:\/\/www.fotolab.sk\/blog\/?s={search_term_string}"},"query-input":"required name=search_term_string"}],"inLanguage":"sk-SK"},{"@type":"ImageObject","inLanguage":"sk-SK","@id":"https:\/\/www.fotolab.sk\/blog\/pozrite-si-finale-sutaze-cewe-fotokniha-roka-2020-a-vyhrajte\/#primaryimage","url":"https:\/\/blog.fotolab.sk\/wp-content\/uploads\/2021\/05\/title-CFK.png","contentUrl":"https:\/\/blog.fotolab.sk\/wp-content\/uploads\/2021\/05\/title-CFK.png","width":1416,"height":495},{"@type":"WebPage","@id":"https:\/\/www.fotolab.sk\/blog\/pozrite-si-finale-sutaze-cewe-fotokniha-roka-2020-a-vyhrajte\/#webpage","url":"https:\/\/www.fotolab.sk\/blog\/pozrite-si-finale-sutaze-cewe-fotokniha-roka-2020-a-vyhrajte\/","name":"Pozrite si fin\u00e1le s\u00fa\u0165a\u017ee CEWE FOTOKNIHA roka 2020 a vyhrajte! - CEWE Fotolab blog","isPartOf":{"@id":"https:\/\/www.fotolab.sk\/blog\/#website"},"primaryImageOfPage":{"@id":"https:\/\/www.fotolab.sk\/blog\/pozrite-si-finale-sutaze-cewe-fotokniha-roka-2020-a-vyhrajte\/#primaryimage"},"datePublished":"2021-05-14T07:08:26+00:00","dateModified":"2021-05-31T09:28:41+00:00","author":{"@id":"https:\/\/www.fotolab.sk\/blog\/#\/schema\/person\/7857aea021b4560af0d06d2abe97110b"},"description":"Tohtoro\u010dn\u00e1 CEWE FOTOKNIHA roka 2020 bola v\u00fdnimo\u010dn\u00e1 a tak\u00e9 bude aj jej fin\u00e1le! Netradi\u010dn\u00e9 a pln\u00e9 prekvapen\u00ed. Sledujte na\u017eivo online vysielanie - vyhra\u0165 m\u00f4\u017eete aj vy!","breadcrumb":{"@id":"https:\/\/www.fotolab.sk\/blog\/pozrite-si-finale-sutaze-cewe-fotokniha-roka-2020-a-vyhrajte\/#breadcrumb"},"inLanguage":"sk-SK","potentialAction":[{"@type":"ReadAction","target":["https:\/\/www.fotolab.sk\/blog\/pozrite-si-finale-sutaze-cewe-fotokniha-roka-2020-a-vyhrajte\/"]}]},{"@type":"BreadcrumbList","@id":"https:\/\/www.fotolab.sk\/blog\/pozrite-si-finale-sutaze-cewe-fotokniha-roka-2020-a-vyhrajte\/#breadcrumb","itemListElement":[{"@type":"ListItem","position":1,"name":"Home","item":"https:\/\/www.fotolab.sk\/blog\/"},{"@type":"ListItem","position":2,"name":"Pozrite si fin\u00e1le s\u00fa\u0165a\u017ee CEWE FOTOKNIHA roka 2020 a vyhrajte!"}]},{"@type":"Person","@id":"https:\/\/www.fotolab.sk\/blog\/#\/schema\/person\/7857aea021b4560af0d06d2abe97110b","name":"Redakcia CEWE","image":{"@type":"ImageObject","inLanguage":"sk-SK","@id":"https:\/\/www.fotolab.sk\/blog\/#\/schema\/person\/image\/","url":"https:\/\/secure.gravatar.com\/avatar\/e27c65ada54cc066e94388632d402763?s=96&d=mm&r=g","contentUrl":"https:\/\/secure.gravatar.com\/avatar\/e27c65ada54cc066e94388632d402763?s=96&d=mm&r=g","caption":"Redakcia CEWE"},"sameAs":["https:\/\/www.instagram.com\/cewe.sk\/"],"url":"https:\/\/www.fotolab.sk\/blog\/author\/cewe-redakcia\/"}]}},"_links":{"self":[{"href":"https:\/\/www.fotolab.sk\/blog\/wp-json\/wp\/v2\/posts\/12273"}],"collection":[{"href":"https:\/\/www.fotolab.sk\/blog\/wp-json\/wp\/v2\/posts"}],"about":[{"href":"https:\/\/www.fotolab.sk\/blog\/wp-json\/wp\/v2\/types\/post"}],"author":[{"embeddable":true,"href":"https:\/\/www.fotolab.sk\/blog\/wp-json\/wp\/v2\/users\/41"}],"replies":[{"embeddable":true,"href":"https:\/\/www.fotolab.sk\/blog\/wp-json\/wp\/v2\/comments?post=12273"}],"version-history":[{"count":8,"href":"https:\/\/www.fotolab.sk\/blog\/wp-json\/wp\/v2\/posts\/12273\/revisions"}],"predecessor-version":[{"id":12379,"href":"https:\/\/www.fotolab.sk\/blog\/wp-json\/wp\/v2\/posts\/12273\/revisions\/12379"}],"wp:featuredmedia":[{"embeddable":true,"href":"https:\/\/www.fotolab.sk\/blog\/wp-json\/wp\/v2\/media\/12288"}],"wp:attachment":[{"href":"https:\/\/www.fotolab.sk\/blog\/wp-json\/wp\/v2\/media?parent=12273"}],"wp:term":[{"taxonomy":"category","embeddable":true,"href":"https:\/\/www.fotolab.sk\/blog\/wp-json\/wp\/v2\/categories?post=12273"},{"taxonomy":"post_tag","embeddable":true,"href":"https:\/\/www.fotolab.sk\/blog\/wp-json\/wp\/v2\/tags?post=12273"}],"curies":[{"name":"wp","href":"https:\/\/api.w.org\/{rel}","templated":true}]}}