
{"id":12191,"date":"2021-04-22T13:55:02","date_gmt":"2021-04-22T11:55:02","guid":{"rendered":"https:\/\/www.fotolab.sk\/blog\/?p=12191"},"modified":"2021-04-22T13:55:02","modified_gmt":"2021-04-22T11:55:02","slug":"utulna-a-pohodlna-domaca-kancelaria","status":"publish","type":"post","link":"https:\/\/www.fotolab.sk\/blog\/utulna-a-pohodlna-domaca-kancelaria\/","title":{"rendered":"\u00datuln\u00e1 a\u00a0pohodln\u00e1 dom\u00e1ca kancel\u00e1ria"},"content":{"rendered":"<h5>Pomocou va\u0161ich ob\u013e\u00faben\u00fdch fotografi\u00ed vo forme ve\u013ekoform\u00e1tov\u00fdch obrazov na stenu m\u00f4\u017eete okam\u017eite vytvori\u0165 pr\u00edjemn\u00fa pracovn\u00fa atmosf\u00e9ru na svojich \u0161tyroch sten\u00e1ch.<\/h5>\n<p>Ak patr\u00edte k \u013eu\u010fom, ktor\u00ed pracuj\u00fa z domu, ur\u010dite tr\u00e1vite ve\u013ea \u010dasu v dom\u00e1cej kancel\u00e1rii. Preto stoj\u00ed za to zariadi\u0165 si t\u00fato \u010das\u0165 bytu \u010di domu pod\u013ea svojho vkusu a vytvori\u0165 atmosf\u00e9ru dobr\u00e9ho pocitu. Navrhnite si vlastn\u00e9 <a href=\"https:\/\/www.cewe.sk\/fotoobrazy\" target=\"_blank\" rel=\"noopener noreferrer\">CEWE fotoobrazy<\/a> a ozdobte si dom\u00e1cu kancel\u00e1riu mot\u00edvmi, ktor\u00e9 v\u00e1s upokoja a motivuj\u00fa.<\/p>\n<p><img decoding=\"async\" loading=\"lazy\" class=\"alignnone size-full wp-image-12194\" src=\"https:\/\/blog.fotolab.sk\/wp-content\/uploads\/2021\/04\/2021_02_04_Cewe_content_workspace_detail_1.jpg\" alt=\"\" width=\"1280\" height=\"853\" \/><\/p>\n<p>M\u00e1me dva pr\u00edklady pre v\u0161etk\u00fdch, ktor\u00ed by chceli da\u0165 svojmu pracovisku individu\u00e1lny vzh\u013ead.<\/p>\n<h5>Dotyk pr\u00edrody v dom\u00e1cej kancel\u00e1rii<\/h5>\n<p><img decoding=\"async\" loading=\"lazy\" class=\"alignnone size-full wp-image-12193\" src=\"https:\/\/blog.fotolab.sk\/wp-content\/uploads\/2021\/04\/2021_02_04_Cewe_content_workspace_8.jpg\" alt=\"\" width=\"1280\" height=\"850\" \/><\/p>\n<p>Ak nem\u00e1te st\u00f4l pri okne s v\u00fdh\u013eadom na krajinu, pr\u00edroda je v\u00e4\u010d\u0161inou od n\u00e1s vzdialen\u00e1. Pre zdravie o\u010d\u00ed je ve\u013emi d\u00f4le\u017eit\u00e9, aby ste sa ob\u010das pozreli do dia\u013eky a pozorne si prezerali mal\u00e9 detaily, ako s\u00fa kvety a listy. Vneste t\u00fato upokojuj\u00facu atmosf\u00e9ru do svojej dom\u00e1cej kancel\u00e1rie cez fotografie pr\u00edrody na <a href=\"https:\/\/www.cewe.sk\/foto-na-hlinikovej-platni\" target=\"_blank\" rel=\"noopener noreferrer\">hlin\u00edkovej platni<\/a>. Robustn\u00fd kovov\u00fd materi\u00e1l elegantne kontrastuje s mot\u00edvom a vyzer\u00e1 mimoriadne kvalitne. Skombinujte napr\u00edklad panoramatick\u00fa fotografiu s detailn\u00fdm z\u00e1berom ako na na\u0161om pr\u00edklade.<\/p>\n<p><img decoding=\"async\" loading=\"lazy\" class=\"alignnone size-full wp-image-12195\" src=\"https:\/\/blog.fotolab.sk\/wp-content\/uploads\/2021\/04\/2021_02_04_Cewe_content_workspace_detail_5.jpg\" alt=\"\" width=\"1280\" height=\"853\" \/><\/p>\n<blockquote><p><strong>N\u00e1\u0161 tip:<\/strong> monochromatick\u00e9 farby s\u00fa v m\u00f3de a \u0161t\u00fdlovo ladia s interi\u00e9rom.<\/p><\/blockquote>\n<h5>Slov\u00e1 a fotografie, ktor\u00e9 vzbudzuj\u00fa em\u00f3cie<\/h5>\n<p>Nechajte si va\u0161e fotografie <a href=\"https:\/\/www.cewe.sk\/foto-na-platno\" target=\"_blank\" rel=\"noopener noreferrer\">vytla\u010di\u0165 na pl\u00e1tno<\/a>, aby ste ich mohli prezentova\u0165 v obzvl\u00e1\u0161\u0165 jasn\u00fdch farb\u00e1ch. Dva r\u00f4zne form\u00e1ty, ktor\u00e9 maj\u00fa rovnak\u00fa v\u00fd\u0161ku ako v na\u0161om pr\u00edklade, zabezpe\u010duj\u00fa celkov\u00fd harmonick\u00fd dojem. P\u00edsmo v \u0161t\u00fdle ru\u010dne p\u00edsan\u00fdch p\u00edsmen navy\u0161e vzbudzujete pozit\u00edvne a motivuj\u00face em\u00f3cie. M\u00f4\u017eete ich \u013eahko prida\u0165 v softv\u00e9ri <a href=\"https:\/\/www.cewe.sk\/softver-zdarma\" target=\"_blank\" rel=\"noopener noreferrer\">CEWE Fotosvet<\/a> alebo v online editore.<\/p>\n<p><img decoding=\"async\" loading=\"lazy\" class=\"alignnone size-full wp-image-12192\" src=\"https:\/\/blog.fotolab.sk\/wp-content\/uploads\/2021\/04\/2021_02_04_Cewe_content_workspace_5a1.jpg\" alt=\"\" width=\"1280\" height=\"850\" \/><\/p>\n<blockquote><p><strong>Zakomponujte slov\u00e1:<\/strong> Obzvl\u00e1\u0161\u0165 dobre funguje, ak si navrhnete obrazy aj s cit\u00e1tmi a v\u00fdrokmi, ktor\u00e9 sa v\u00e1s dot\u00fdkaj\u00fa alebo povzbudzuj\u00fa k s\u00fastredeniu.<\/p><\/blockquote>\n<p>Pri h\u013eadan\u00ed spr\u00e1vnych slov prem\u00fd\u0161\u013eajte o prvom pocite, ktor\u00fd v\u00e1m napadne pri poh\u013eade na va\u0161u ob\u013e\u00faben\u00fa fotografiu. Pr\u00edpadne m\u00f4\u017eete preh\u013ead\u00e1va\u0165 internet, kde n\u00e1jdete cit\u00e1ty na t\u00e9my l\u00e1sky, motiv\u00e1cie, odpo\u010dinku alebo relax\u00e1cie. Ur\u010dite sa n\u00e1jde veta, ktor\u00e1 v\u00e1m dod\u00e1 viac pozornosti pri ka\u017edodennej pr\u00e1ci.<\/p>\n<p>\u017del\u00e1me v\u00e1m ve\u013ea z\u00e1bavy pri tvoren\u00ed!<\/p>\n","protected":false},"excerpt":{"rendered":"<p>Pomocou va\u0161ich ob\u013e\u00faben\u00fdch fotografi\u00ed vo forme ve\u013ekoform\u00e1tov\u00fdch obrazov na stenu m\u00f4\u017eete okam\u017eite vytvori\u0165 pr\u00edjemn\u00fa pracovn\u00fa atmosf\u00e9ru na svojich \u0161tyroch sten\u00e1ch. Ak patr\u00edte k \u013eu\u010fom, ktor\u00ed pracuj\u00fa z domu, ur\u010dite tr\u00e1vite ve\u013ea \u010dasu v dom\u00e1cej kancel\u00e1rii. Preto stoj\u00ed za to zariadi\u0165 si t\u00fato \u010das\u0165 bytu \u010di domu pod\u013ea svojho vkusu a vytvori\u0165 atmosf\u00e9ru dobr\u00e9ho pocitu. Navrhnite [&hellip;]<\/p>\n","protected":false},"author":41,"featured_media":12196,"comment_status":"open","ping_status":"open","sticky":false,"template":"","format":"standard","meta":[],"categories":[51,52],"tags":[107,77,203,99,101],"yoast_head":"<!-- This site is optimized with the Yoast SEO plugin v19.1 - https:\/\/yoast.com\/wordpress\/plugins\/seo\/ -->\n<title>\u00datuln\u00e1 a\u00a0pohodln\u00e1 dom\u00e1ca kancel\u00e1ria - CEWE Fotolab blog<\/title>\n<meta name=\"description\" content=\"Pomocou va\u0161ich ob\u013e\u00faben\u00fdch fotografi\u00ed vo forme ve\u013ekoform\u00e1tov\u00fdch obrazov na stenu m\u00f4\u017eete okam\u017eite vytvori\u0165 pr\u00edjemn\u00fa pracovn\u00fa atmosf\u00e9ru.\" \/>\n<meta name=\"robots\" content=\"index, follow, max-snippet:-1, max-image-preview:large, max-video-preview:-1\" \/>\n<link rel=\"canonical\" href=\"https:\/\/www.fotolab.sk\/blog\/utulna-a-pohodlna-domaca-kancelaria\/\" \/>\n<meta property=\"og:locale\" content=\"sk_SK\" \/>\n<meta property=\"og:type\" content=\"article\" \/>\n<meta property=\"og:title\" content=\"\u00datuln\u00e1 a\u00a0pohodln\u00e1 dom\u00e1ca kancel\u00e1ria - CEWE Fotolab blog\" \/>\n<meta property=\"og:description\" content=\"Pomocou va\u0161ich ob\u013e\u00faben\u00fdch fotografi\u00ed vo forme ve\u013ekoform\u00e1tov\u00fdch obrazov na stenu m\u00f4\u017eete okam\u017eite vytvori\u0165 pr\u00edjemn\u00fa pracovn\u00fa atmosf\u00e9ru.\" \/>\n<meta property=\"og:url\" content=\"https:\/\/www.fotolab.sk\/blog\/utulna-a-pohodlna-domaca-kancelaria\/\" \/>\n<meta property=\"og:site_name\" content=\"CEWE Fotolab blog\" \/>\n<meta property=\"article:published_time\" content=\"2021-04-22T11:55:02+00:00\" \/>\n<meta property=\"og:image\" content=\"https:\/\/blog.fotolab.sk\/wp-content\/uploads\/2021\/04\/domaca-kancelaria-title.jpg\" \/>\n\t<meta property=\"og:image:width\" content=\"1500\" \/>\n\t<meta property=\"og:image:height\" content=\"996\" \/>\n\t<meta property=\"og:image:type\" content=\"image\/jpeg\" \/>\n<meta name=\"twitter:label1\" content=\"Autor:\" \/>\n\t<meta name=\"twitter:data1\" content=\"Redakcia CEWE\" \/>\n\t<meta name=\"twitter:label2\" content=\"Predpokladan\u00fd \u010das \u010d\u00edtania\" \/>\n\t<meta name=\"twitter:data2\" content=\"2 min\u00faty\" \/>\n<script type=\"application\/ld+json\" class=\"yoast-schema-graph\">{\"@context\":\"https:\/\/schema.org\",\"@graph\":[{\"@type\":\"WebSite\",\"@id\":\"https:\/\/www.fotolab.sk\/blog\/#website\",\"url\":\"https:\/\/www.fotolab.sk\/blog\/\",\"name\":\"CEWE Fotolab blog\",\"description\":\"Blog ur\u010den\u00fd pre fan\u00fa\u0161ikov fotografie a sveta okolo nej.\",\"potentialAction\":[{\"@type\":\"SearchAction\",\"target\":{\"@type\":\"EntryPoint\",\"urlTemplate\":\"https:\/\/www.fotolab.sk\/blog\/?s={search_term_string}\"},\"query-input\":\"required name=search_term_string\"}],\"inLanguage\":\"sk-SK\"},{\"@type\":\"ImageObject\",\"inLanguage\":\"sk-SK\",\"@id\":\"https:\/\/www.fotolab.sk\/blog\/utulna-a-pohodlna-domaca-kancelaria\/#primaryimage\",\"url\":\"https:\/\/blog.fotolab.sk\/wp-content\/uploads\/2021\/04\/domaca-kancelaria-title.jpg\",\"contentUrl\":\"https:\/\/blog.fotolab.sk\/wp-content\/uploads\/2021\/04\/domaca-kancelaria-title.jpg\",\"width\":1500,\"height\":996},{\"@type\":\"WebPage\",\"@id\":\"https:\/\/www.fotolab.sk\/blog\/utulna-a-pohodlna-domaca-kancelaria\/#webpage\",\"url\":\"https:\/\/www.fotolab.sk\/blog\/utulna-a-pohodlna-domaca-kancelaria\/\",\"name\":\"\u00datuln\u00e1 a\u00a0pohodln\u00e1 dom\u00e1ca kancel\u00e1ria - CEWE Fotolab blog\",\"isPartOf\":{\"@id\":\"https:\/\/www.fotolab.sk\/blog\/#website\"},\"primaryImageOfPage\":{\"@id\":\"https:\/\/www.fotolab.sk\/blog\/utulna-a-pohodlna-domaca-kancelaria\/#primaryimage\"},\"datePublished\":\"2021-04-22T11:55:02+00:00\",\"dateModified\":\"2021-04-22T11:55:02+00:00\",\"author\":{\"@id\":\"https:\/\/www.fotolab.sk\/blog\/#\/schema\/person\/7857aea021b4560af0d06d2abe97110b\"},\"description\":\"Pomocou va\u0161ich ob\u013e\u00faben\u00fdch fotografi\u00ed vo forme ve\u013ekoform\u00e1tov\u00fdch obrazov na stenu m\u00f4\u017eete okam\u017eite vytvori\u0165 pr\u00edjemn\u00fa pracovn\u00fa atmosf\u00e9ru.\",\"breadcrumb\":{\"@id\":\"https:\/\/www.fotolab.sk\/blog\/utulna-a-pohodlna-domaca-kancelaria\/#breadcrumb\"},\"inLanguage\":\"sk-SK\",\"potentialAction\":[{\"@type\":\"ReadAction\",\"target\":[\"https:\/\/www.fotolab.sk\/blog\/utulna-a-pohodlna-domaca-kancelaria\/\"]}]},{\"@type\":\"BreadcrumbList\",\"@id\":\"https:\/\/www.fotolab.sk\/blog\/utulna-a-pohodlna-domaca-kancelaria\/#breadcrumb\",\"itemListElement\":[{\"@type\":\"ListItem\",\"position\":1,\"name\":\"Home\",\"item\":\"https:\/\/www.fotolab.sk\/blog\/\"},{\"@type\":\"ListItem\",\"position\":2,\"name\":\"\u00datuln\u00e1 a\u00a0pohodln\u00e1 dom\u00e1ca kancel\u00e1ria\"}]},{\"@type\":\"Person\",\"@id\":\"https:\/\/www.fotolab.sk\/blog\/#\/schema\/person\/7857aea021b4560af0d06d2abe97110b\",\"name\":\"Redakcia CEWE\",\"image\":{\"@type\":\"ImageObject\",\"inLanguage\":\"sk-SK\",\"@id\":\"https:\/\/www.fotolab.sk\/blog\/#\/schema\/person\/image\/\",\"url\":\"https:\/\/secure.gravatar.com\/avatar\/e27c65ada54cc066e94388632d402763?s=96&d=mm&r=g\",\"contentUrl\":\"https:\/\/secure.gravatar.com\/avatar\/e27c65ada54cc066e94388632d402763?s=96&d=mm&r=g\",\"caption\":\"Redakcia CEWE\"},\"sameAs\":[\"https:\/\/www.instagram.com\/cewe.sk\/\"],\"url\":\"https:\/\/www.fotolab.sk\/blog\/author\/cewe-redakcia\/\"}]}<\/script>\n<!-- \/ Yoast SEO plugin. -->","yoast_head_json":{"title":"\u00datuln\u00e1 a\u00a0pohodln\u00e1 dom\u00e1ca kancel\u00e1ria - CEWE Fotolab blog","description":"Pomocou va\u0161ich ob\u013e\u00faben\u00fdch fotografi\u00ed vo forme ve\u013ekoform\u00e1tov\u00fdch obrazov na stenu m\u00f4\u017eete okam\u017eite vytvori\u0165 pr\u00edjemn\u00fa pracovn\u00fa atmosf\u00e9ru.","robots":{"index":"index","follow":"follow","max-snippet":"max-snippet:-1","max-image-preview":"max-image-preview:large","max-video-preview":"max-video-preview:-1"},"canonical":"https:\/\/www.fotolab.sk\/blog\/utulna-a-pohodlna-domaca-kancelaria\/","og_locale":"sk_SK","og_type":"article","og_title":"\u00datuln\u00e1 a\u00a0pohodln\u00e1 dom\u00e1ca kancel\u00e1ria - CEWE Fotolab blog","og_description":"Pomocou va\u0161ich ob\u013e\u00faben\u00fdch fotografi\u00ed vo forme ve\u013ekoform\u00e1tov\u00fdch obrazov na stenu m\u00f4\u017eete okam\u017eite vytvori\u0165 pr\u00edjemn\u00fa pracovn\u00fa atmosf\u00e9ru.","og_url":"https:\/\/www.fotolab.sk\/blog\/utulna-a-pohodlna-domaca-kancelaria\/","og_site_name":"CEWE Fotolab blog","article_published_time":"2021-04-22T11:55:02+00:00","og_image":[{"width":1500,"height":996,"url":"https:\/\/blog.fotolab.sk\/wp-content\/uploads\/2021\/04\/domaca-kancelaria-title.jpg","type":"image\/jpeg"}],"twitter_misc":{"Autor:":"Redakcia CEWE","Predpokladan\u00fd \u010das \u010d\u00edtania":"2 min\u00faty"},"schema":{"@context":"https:\/\/schema.org","@graph":[{"@type":"WebSite","@id":"https:\/\/www.fotolab.sk\/blog\/#website","url":"https:\/\/www.fotolab.sk\/blog\/","name":"CEWE Fotolab blog","description":"Blog ur\u010den\u00fd pre fan\u00fa\u0161ikov fotografie a sveta okolo nej.","potentialAction":[{"@type":"SearchAction","target":{"@type":"EntryPoint","urlTemplate":"https:\/\/www.fotolab.sk\/blog\/?s={search_term_string}"},"query-input":"required name=search_term_string"}],"inLanguage":"sk-SK"},{"@type":"ImageObject","inLanguage":"sk-SK","@id":"https:\/\/www.fotolab.sk\/blog\/utulna-a-pohodlna-domaca-kancelaria\/#primaryimage","url":"https:\/\/blog.fotolab.sk\/wp-content\/uploads\/2021\/04\/domaca-kancelaria-title.jpg","contentUrl":"https:\/\/blog.fotolab.sk\/wp-content\/uploads\/2021\/04\/domaca-kancelaria-title.jpg","width":1500,"height":996},{"@type":"WebPage","@id":"https:\/\/www.fotolab.sk\/blog\/utulna-a-pohodlna-domaca-kancelaria\/#webpage","url":"https:\/\/www.fotolab.sk\/blog\/utulna-a-pohodlna-domaca-kancelaria\/","name":"\u00datuln\u00e1 a\u00a0pohodln\u00e1 dom\u00e1ca kancel\u00e1ria - CEWE Fotolab blog","isPartOf":{"@id":"https:\/\/www.fotolab.sk\/blog\/#website"},"primaryImageOfPage":{"@id":"https:\/\/www.fotolab.sk\/blog\/utulna-a-pohodlna-domaca-kancelaria\/#primaryimage"},"datePublished":"2021-04-22T11:55:02+00:00","dateModified":"2021-04-22T11:55:02+00:00","author":{"@id":"https:\/\/www.fotolab.sk\/blog\/#\/schema\/person\/7857aea021b4560af0d06d2abe97110b"},"description":"Pomocou va\u0161ich ob\u013e\u00faben\u00fdch fotografi\u00ed vo forme ve\u013ekoform\u00e1tov\u00fdch obrazov na stenu m\u00f4\u017eete okam\u017eite vytvori\u0165 pr\u00edjemn\u00fa pracovn\u00fa atmosf\u00e9ru.","breadcrumb":{"@id":"https:\/\/www.fotolab.sk\/blog\/utulna-a-pohodlna-domaca-kancelaria\/#breadcrumb"},"inLanguage":"sk-SK","potentialAction":[{"@type":"ReadAction","target":["https:\/\/www.fotolab.sk\/blog\/utulna-a-pohodlna-domaca-kancelaria\/"]}]},{"@type":"BreadcrumbList","@id":"https:\/\/www.fotolab.sk\/blog\/utulna-a-pohodlna-domaca-kancelaria\/#breadcrumb","itemListElement":[{"@type":"ListItem","position":1,"name":"Home","item":"https:\/\/www.fotolab.sk\/blog\/"},{"@type":"ListItem","position":2,"name":"\u00datuln\u00e1 a\u00a0pohodln\u00e1 dom\u00e1ca kancel\u00e1ria"}]},{"@type":"Person","@id":"https:\/\/www.fotolab.sk\/blog\/#\/schema\/person\/7857aea021b4560af0d06d2abe97110b","name":"Redakcia CEWE","image":{"@type":"ImageObject","inLanguage":"sk-SK","@id":"https:\/\/www.fotolab.sk\/blog\/#\/schema\/person\/image\/","url":"https:\/\/secure.gravatar.com\/avatar\/e27c65ada54cc066e94388632d402763?s=96&d=mm&r=g","contentUrl":"https:\/\/secure.gravatar.com\/avatar\/e27c65ada54cc066e94388632d402763?s=96&d=mm&r=g","caption":"Redakcia CEWE"},"sameAs":["https:\/\/www.instagram.com\/cewe.sk\/"],"url":"https:\/\/www.fotolab.sk\/blog\/author\/cewe-redakcia\/"}]}},"_links":{"self":[{"href":"https:\/\/www.fotolab.sk\/blog\/wp-json\/wp\/v2\/posts\/12191"}],"collection":[{"href":"https:\/\/www.fotolab.sk\/blog\/wp-json\/wp\/v2\/posts"}],"about":[{"href":"https:\/\/www.fotolab.sk\/blog\/wp-json\/wp\/v2\/types\/post"}],"author":[{"embeddable":true,"href":"https:\/\/www.fotolab.sk\/blog\/wp-json\/wp\/v2\/users\/41"}],"replies":[{"embeddable":true,"href":"https:\/\/www.fotolab.sk\/blog\/wp-json\/wp\/v2\/comments?post=12191"}],"version-history":[{"count":4,"href":"https:\/\/www.fotolab.sk\/blog\/wp-json\/wp\/v2\/posts\/12191\/revisions"}],"predecessor-version":[{"id":12213,"href":"https:\/\/www.fotolab.sk\/blog\/wp-json\/wp\/v2\/posts\/12191\/revisions\/12213"}],"wp:featuredmedia":[{"embeddable":true,"href":"https:\/\/www.fotolab.sk\/blog\/wp-json\/wp\/v2\/media\/12196"}],"wp:attachment":[{"href":"https:\/\/www.fotolab.sk\/blog\/wp-json\/wp\/v2\/media?parent=12191"}],"wp:term":[{"taxonomy":"category","embeddable":true,"href":"https:\/\/www.fotolab.sk\/blog\/wp-json\/wp\/v2\/categories?post=12191"},{"taxonomy":"post_tag","embeddable":true,"href":"https:\/\/www.fotolab.sk\/blog\/wp-json\/wp\/v2\/tags?post=12191"}],"curies":[{"name":"wp","href":"https:\/\/api.w.org\/{rel}","templated":true}]}}