
{"id":12093,"date":"2021-03-18T11:04:34","date_gmt":"2021-03-18T10:04:34","guid":{"rendered":"https:\/\/www.fotolab.sk\/blog\/?p=12093"},"modified":"2021-03-18T11:09:25","modified_gmt":"2021-03-18T10:09:25","slug":"privitajte-jar-velkonocnymi-fotodarcekmi","status":"publish","type":"post","link":"https:\/\/www.fotolab.sk\/blog\/privitajte-jar-velkonocnymi-fotodarcekmi\/","title":{"rendered":"Priv\u00edtajte jar ve\u013ekono\u010dn\u00fdmi fotodar\u010dekmi"},"content":{"rendered":"<h5>Prich\u00e1dza jar a s \u0148ou aj chu\u0165 na nie\u010do nov\u00e9. Slne\u010dn\u00e9 dni vn\u00e1\u0161aj\u00fa pozit\u00edvnu atmosf\u00e9ru do na\u0161ich domovov. Pripravte sa na Ve\u013ek\u00fa noc spolu s nami a vytvorte kr\u00e1sne ve\u013ekono\u010dn\u00e9 dar\u010deky a dekor\u00e1cie z fotografi\u00ed.<\/h5>\n<p>Svie\u017ee farby, svetl\u00e9 t\u00f3ny a radostn\u00e9 \u00fasmevy. Tak by mala vyzera\u0165 jar a Ve\u013ek\u00e1 noc na va\u0161ich nov\u00fdch fotoproduktoch. In\u0161pirujte sa spolu s nami.<\/p>\n<h5>Z\u00e1bava s puzzle<\/h5>\n<p><a href=\"https:\/\/www.cewe.sk\/ravensburger-fotopuzzle\" target=\"_blank\" rel=\"noopener noreferrer\">Puzzle Ravensburger<\/a> skvele <strong>zabavia a vyplnia be\u017en\u00e9 dni<\/strong>, ktor\u00e9 teraz tr\u00e1vime spolu s na\u0161imi najmen\u0161\u00edmi doma. Odv\u00e1\u017eite sa na 500, 1000 alebo dokonca 1500 k\u00faskov? Po\u010fme na to!<\/p>\n<p><img decoding=\"async\" loading=\"lazy\" class=\"alignnone size-full wp-image-12102\" src=\"https:\/\/blog.fotolab.sk\/wp-content\/uploads\/2021\/03\/velka_noc_puzzle.png\" alt=\"\" width=\"1000\" height=\"750\" \/><\/p>\n<h5>Ob\u013e\u00faben\u00e1 CEWE FOTOKNIHA<\/h5>\n<p><a href=\"https:\/\/www.cewe.sk\/cewe-fotokniha\" target=\"_blank\" rel=\"noopener noreferrer\">CEWE FOTOKNIHA<\/a> je najkraj\u0161ia spomienka a ulo\u017e\u00edte do nej v\u0161etky va\u0161e rodinn\u00e9 fotografie. Dodajte va\u0161ej novej fotoknihe <strong>jarn\u00fd n\u00e1dych s klipartmi a pestr\u00fdmi farbami<\/strong>. Va\u0161e fotografie bud\u00fa len tak \u017eiari\u0165.<\/p>\n<p><img decoding=\"async\" loading=\"lazy\" class=\"alignnone size-full wp-image-12099\" src=\"https:\/\/blog.fotolab.sk\/wp-content\/uploads\/2021\/03\/velka_noc_kniha.jpg\" alt=\"\" width=\"1000\" height=\"667\" \/><\/p>\n<h5>Obal na mobil<\/h5>\n<p>Doprajte jarn\u00fd vzh\u013ead aj v\u00e1\u0161mu mobiln\u00e9mu telef\u00f3nu. Vyberte si z mno\u017estva preveden\u00ed a materi\u00e1lov, ktor\u00e9 dokonale ochr\u00e1nia a ozdobia v\u00e1\u0161 telef\u00f3n.<\/p>\n<p><strong>Na\u0161a ponuka <a href=\"https:\/\/www.cewe.sk\/obaly-na-mobil\" target=\"_blank\" rel=\"noopener noreferrer\">obalov na telef\u00f3n<\/a>:<\/strong><\/p>\n<ul>\n<li>v\u00fdklopn\u00fd obal<\/li>\n<li>silik\u00f3nov\u00fd obal<\/li>\n<li>pevn\u00fd obal<\/li>\n<li>ultra tenk\u00fd silik\u00f3nov\u00fd obal<\/li>\n<li>ko\u017een\u00fd obal<\/li>\n<li>tvrd\u00fd obal<\/li>\n<li>vs\u00favac\u00ed obal<\/li>\n<li>dreven\u00fd obal<\/li>\n<\/ul>\n<p><img decoding=\"async\" loading=\"lazy\" class=\"alignnone size-full wp-image-12103\" src=\"https:\/\/blog.fotolab.sk\/wp-content\/uploads\/2021\/03\/velka_noc_mobil_new.jpg\" alt=\"\" width=\"1000\" height=\"666\" \/><\/p>\n<h5>Ve\u013ekono\u010dn\u00e1 poh\u013eadnica<\/h5>\n<p>Po\u0161lite <a href=\"https:\/\/www.cewe.sk\/pohladnice\" target=\"_blank\" rel=\"noopener noreferrer\">ve\u013ekono\u010dn\u00e9 prianie s fotografiou<\/a> va\u0161im bl\u00edzkym a pote\u0161te ich na Ve\u013ek\u00fa noc. V dobe, ke\u010f sa nem\u00f4\u017eeme stret\u00e1va\u0165 ako oby\u010dajne, ich tak\u00fdto dar\u010dek zaru\u010dene pote\u0161\u00ed.<\/p>\n<p><img decoding=\"async\" loading=\"lazy\" class=\"alignnone size-full wp-image-12101\" src=\"https:\/\/blog.fotolab.sk\/wp-content\/uploads\/2021\/03\/velka_noc_pohladnica.jpg\" alt=\"\" width=\"1000\" height=\"667\" \/><\/p>\n<h5>Fotobox<\/h5>\n<p>N\u00e1\u0161 \u0161t\u00fdlov\u00fd <a href=\"https:\/\/www.cewe.sk\/fotobox\" target=\"_blank\" rel=\"noopener noreferrer\">fotobox<\/a> je <strong>kr\u00e1sna dekor\u00e1cia aj praktick\u00fd obal na va\u0161e fotky<\/strong>. Vymie\u0148ajte \u00favodn\u00fa fotografiu st\u00e1le dokola. Na v\u00fdber m\u00e1te 30, 50 alebo a\u017e 100 fotografi\u00ed. Fotobox posl\u00fa\u017ei aj ako kr\u00e1sny dar\u010dek &#8211; darujte fotografie svojim najbli\u017e\u0161\u00edm, ktor\u00fd sa z nich m\u00f4\u017eu te\u0161i\u0165 ka\u017ed\u00fd de\u0148.<\/p>\n<p><img decoding=\"async\" loading=\"lazy\" class=\"alignnone size-full wp-image-12097\" src=\"https:\/\/blog.fotolab.sk\/wp-content\/uploads\/2021\/03\/velka_noc_fotobox.jpg\" alt=\"\" width=\"1000\" height=\"667\" \/><\/p>\n<h5>CEWE FOTOKNIHA kids<\/h5>\n<p>M\u00e1me tu nie\u010do aj pre t\u00fdch najmen\u0161\u00edch. <a href=\"https:\/\/www.cewe.sk\/cewe-fotokniha-kids\" target=\"_blank\" rel=\"noopener noreferrer\">CEWE FOTOKNIHA kids<\/a> je navrhnut\u00e1 pre najmen\u0161ie deti, aby rozv\u00edjala ich zmysly. Jednotliv\u00e9 strany s\u00fa vyroben\u00e9 z <strong>tvrd\u0161ieho a hrub\u0161ieho papiera<\/strong>, pri\u010dom okraje str\u00e1n s\u00fa <strong>zaoblen\u00e9<\/strong>. Fotokniha Kids s rozmermi <strong>14 x 14 cm<\/strong> a celkovo a\u017e <strong>22 stranami<\/strong> pon\u00faka mo\u017enos\u0165, ako uk\u00e1za\u0165 jedine\u010dn\u00e9 okamihy aj najmen\u0161\u00edm \u010dlenom dom\u00e1cnosti.<\/p>\n<p><img decoding=\"async\" loading=\"lazy\" class=\"alignnone size-full wp-image-12098\" src=\"https:\/\/blog.fotolab.sk\/wp-content\/uploads\/2021\/03\/velka_noc_kids.jpg\" alt=\"\" width=\"1000\" height=\"667\" \/><\/p>\n<p>\u017del\u00e1me v\u00e1m kr\u00e1sne a pokojn\u00e9 bl\u00ed\u017eiace sa ve\u013ekono\u010dne sviatky.<\/p>\n","protected":false},"excerpt":{"rendered":"<p>Prich\u00e1dza jar a s \u0148ou aj chu\u0165 na nie\u010do nov\u00e9. Slne\u010dn\u00e9 dni vn\u00e1\u0161aj\u00fa pozit\u00edvnu atmosf\u00e9ru do na\u0161ich domovov. Pripravte sa na Ve\u013ek\u00fa noc spolu s nami a vytvorte kr\u00e1sne ve\u013ekono\u010dn\u00e9 dar\u010deky a dekor\u00e1cie z fotografi\u00ed. Svie\u017ee farby, svetl\u00e9 t\u00f3ny a radostn\u00e9 \u00fasmevy. Tak by mala vyzera\u0165 jar a Ve\u013ek\u00e1 noc na va\u0161ich nov\u00fdch fotoproduktoch. In\u0161pirujte [&hellip;]<\/p>\n","protected":false},"author":39,"featured_media":12110,"comment_status":"open","ping_status":"open","sticky":false,"template":"","format":"standard","meta":[],"categories":[51,50],"tags":[77,96,99,130],"yoast_head":"<!-- This site is optimized with the Yoast SEO plugin v19.1 - https:\/\/yoast.com\/wordpress\/plugins\/seo\/ -->\n<title>Priv\u00edtajte jar ve\u013ekono\u010dn\u00fdmi fotodar\u010dekmi - CEWE Fotolab blog<\/title>\n<meta name=\"description\" content=\"Prich\u00e1dza jar a s \u0148ou aj chu\u0165 na nie\u010do nov\u00e9. Slne\u010dn\u00e9 dni vn\u00e1\u0161aj\u00fa pozit\u00edvnu atmosf\u00e9ru do na\u0161ich domovov. Pripravte sa na Ve\u013ek\u00fa noc spolu s nami a vytvorte kr\u00e1sne ve\u013ekono\u010dn\u00e9 dar\u010deky a dekor\u00e1cie z fotografi\u00ed.\" \/>\n<meta name=\"robots\" content=\"index, follow, max-snippet:-1, max-image-preview:large, max-video-preview:-1\" \/>\n<link rel=\"canonical\" href=\"https:\/\/www.fotolab.sk\/blog\/privitajte-jar-velkonocnymi-fotodarcekmi\/\" \/>\n<meta property=\"og:locale\" content=\"sk_SK\" \/>\n<meta property=\"og:type\" content=\"article\" \/>\n<meta property=\"og:title\" content=\"Priv\u00edtajte jar ve\u013ekono\u010dn\u00fdmi fotodar\u010dekmi - CEWE Fotolab blog\" \/>\n<meta property=\"og:description\" content=\"Prich\u00e1dza jar a s \u0148ou aj chu\u0165 na nie\u010do nov\u00e9. Slne\u010dn\u00e9 dni vn\u00e1\u0161aj\u00fa pozit\u00edvnu atmosf\u00e9ru do na\u0161ich domovov. Pripravte sa na Ve\u013ek\u00fa noc spolu s nami a vytvorte kr\u00e1sne ve\u013ekono\u010dn\u00e9 dar\u010deky a dekor\u00e1cie z fotografi\u00ed.\" \/>\n<meta property=\"og:url\" content=\"https:\/\/www.fotolab.sk\/blog\/privitajte-jar-velkonocnymi-fotodarcekmi\/\" \/>\n<meta property=\"og:site_name\" content=\"CEWE Fotolab blog\" \/>\n<meta property=\"article:published_time\" content=\"2021-03-18T10:04:34+00:00\" \/>\n<meta property=\"article:modified_time\" content=\"2021-03-18T10:09:25+00:00\" \/>\n<meta property=\"og:image\" content=\"https:\/\/blog.fotolab.sk\/wp-content\/uploads\/2021\/03\/Velka-noc-kniha-keller_title_new.png\" \/>\n\t<meta property=\"og:image:width\" content=\"1500\" \/>\n\t<meta property=\"og:image:height\" content=\"776\" \/>\n\t<meta property=\"og:image:type\" content=\"image\/png\" \/>\n<meta name=\"twitter:label1\" content=\"Autor:\" \/>\n\t<meta name=\"twitter:data1\" content=\"Daniela Ru\u017eovi\u010dov\u00e1\" \/>\n\t<meta name=\"twitter:label2\" content=\"Predpokladan\u00fd \u010das \u010d\u00edtania\" \/>\n\t<meta name=\"twitter:data2\" content=\"2 min\u00faty\" \/>\n<script type=\"application\/ld+json\" class=\"yoast-schema-graph\">{\"@context\":\"https:\/\/schema.org\",\"@graph\":[{\"@type\":\"WebSite\",\"@id\":\"https:\/\/www.fotolab.sk\/blog\/#website\",\"url\":\"https:\/\/www.fotolab.sk\/blog\/\",\"name\":\"CEWE Fotolab blog\",\"description\":\"Blog ur\u010den\u00fd pre fan\u00fa\u0161ikov fotografie a sveta okolo nej.\",\"potentialAction\":[{\"@type\":\"SearchAction\",\"target\":{\"@type\":\"EntryPoint\",\"urlTemplate\":\"https:\/\/www.fotolab.sk\/blog\/?s={search_term_string}\"},\"query-input\":\"required name=search_term_string\"}],\"inLanguage\":\"sk-SK\"},{\"@type\":\"ImageObject\",\"inLanguage\":\"sk-SK\",\"@id\":\"https:\/\/www.fotolab.sk\/blog\/privitajte-jar-velkonocnymi-fotodarcekmi\/#primaryimage\",\"url\":\"https:\/\/blog.fotolab.sk\/wp-content\/uploads\/2021\/03\/Velka-noc-kniha-keller_title_new.png\",\"contentUrl\":\"https:\/\/blog.fotolab.sk\/wp-content\/uploads\/2021\/03\/Velka-noc-kniha-keller_title_new.png\",\"width\":1500,\"height\":776},{\"@type\":\"WebPage\",\"@id\":\"https:\/\/www.fotolab.sk\/blog\/privitajte-jar-velkonocnymi-fotodarcekmi\/#webpage\",\"url\":\"https:\/\/www.fotolab.sk\/blog\/privitajte-jar-velkonocnymi-fotodarcekmi\/\",\"name\":\"Priv\u00edtajte jar ve\u013ekono\u010dn\u00fdmi fotodar\u010dekmi - CEWE Fotolab blog\",\"isPartOf\":{\"@id\":\"https:\/\/www.fotolab.sk\/blog\/#website\"},\"primaryImageOfPage\":{\"@id\":\"https:\/\/www.fotolab.sk\/blog\/privitajte-jar-velkonocnymi-fotodarcekmi\/#primaryimage\"},\"datePublished\":\"2021-03-18T10:04:34+00:00\",\"dateModified\":\"2021-03-18T10:09:25+00:00\",\"author\":{\"@id\":\"https:\/\/www.fotolab.sk\/blog\/#\/schema\/person\/77d6dacf2a79ac8f60da8e2a80f2030b\"},\"description\":\"Prich\u00e1dza jar a s \u0148ou aj chu\u0165 na nie\u010do nov\u00e9. Slne\u010dn\u00e9 dni vn\u00e1\u0161aj\u00fa pozit\u00edvnu atmosf\u00e9ru do na\u0161ich domovov. Pripravte sa na Ve\u013ek\u00fa noc spolu s nami a vytvorte kr\u00e1sne ve\u013ekono\u010dn\u00e9 dar\u010deky a dekor\u00e1cie z fotografi\u00ed.\",\"breadcrumb\":{\"@id\":\"https:\/\/www.fotolab.sk\/blog\/privitajte-jar-velkonocnymi-fotodarcekmi\/#breadcrumb\"},\"inLanguage\":\"sk-SK\",\"potentialAction\":[{\"@type\":\"ReadAction\",\"target\":[\"https:\/\/www.fotolab.sk\/blog\/privitajte-jar-velkonocnymi-fotodarcekmi\/\"]}]},{\"@type\":\"BreadcrumbList\",\"@id\":\"https:\/\/www.fotolab.sk\/blog\/privitajte-jar-velkonocnymi-fotodarcekmi\/#breadcrumb\",\"itemListElement\":[{\"@type\":\"ListItem\",\"position\":1,\"name\":\"Home\",\"item\":\"https:\/\/www.fotolab.sk\/blog\/\"},{\"@type\":\"ListItem\",\"position\":2,\"name\":\"Priv\u00edtajte jar ve\u013ekono\u010dn\u00fdmi fotodar\u010dekmi\"}]},{\"@type\":\"Person\",\"@id\":\"https:\/\/www.fotolab.sk\/blog\/#\/schema\/person\/77d6dacf2a79ac8f60da8e2a80f2030b\",\"name\":\"Daniela Ru\u017eovi\u010dov\u00e1\",\"image\":{\"@type\":\"ImageObject\",\"inLanguage\":\"sk-SK\",\"@id\":\"https:\/\/www.fotolab.sk\/blog\/#\/schema\/person\/image\/\",\"url\":\"https:\/\/secure.gravatar.com\/avatar\/647297b7198748e4a44171e3ddb8f81e?s=96&d=mm&r=g\",\"contentUrl\":\"https:\/\/secure.gravatar.com\/avatar\/647297b7198748e4a44171e3ddb8f81e?s=96&d=mm&r=g\",\"caption\":\"Daniela Ru\u017eovi\u010dov\u00e1\"},\"description\":\"M\u00e1m rada zimu, cestovanie a seversk\u00e9 krajiny. \u017divot v Bratislave striedam s v\u00fdletmi do pr\u00edrody a do h\u00f4r, s fotoapar\u00e1tom v ruke.\",\"url\":\"https:\/\/www.fotolab.sk\/blog\/author\/daniela\/\"}]}<\/script>\n<!-- \/ Yoast SEO plugin. -->","yoast_head_json":{"title":"Priv\u00edtajte jar ve\u013ekono\u010dn\u00fdmi fotodar\u010dekmi - CEWE Fotolab blog","description":"Prich\u00e1dza jar a s \u0148ou aj chu\u0165 na nie\u010do nov\u00e9. Slne\u010dn\u00e9 dni vn\u00e1\u0161aj\u00fa pozit\u00edvnu atmosf\u00e9ru do na\u0161ich domovov. Pripravte sa na Ve\u013ek\u00fa noc spolu s nami a vytvorte kr\u00e1sne ve\u013ekono\u010dn\u00e9 dar\u010deky a dekor\u00e1cie z fotografi\u00ed.","robots":{"index":"index","follow":"follow","max-snippet":"max-snippet:-1","max-image-preview":"max-image-preview:large","max-video-preview":"max-video-preview:-1"},"canonical":"https:\/\/www.fotolab.sk\/blog\/privitajte-jar-velkonocnymi-fotodarcekmi\/","og_locale":"sk_SK","og_type":"article","og_title":"Priv\u00edtajte jar ve\u013ekono\u010dn\u00fdmi fotodar\u010dekmi - CEWE Fotolab blog","og_description":"Prich\u00e1dza jar a s \u0148ou aj chu\u0165 na nie\u010do nov\u00e9. Slne\u010dn\u00e9 dni vn\u00e1\u0161aj\u00fa pozit\u00edvnu atmosf\u00e9ru do na\u0161ich domovov. Pripravte sa na Ve\u013ek\u00fa noc spolu s nami a vytvorte kr\u00e1sne ve\u013ekono\u010dn\u00e9 dar\u010deky a dekor\u00e1cie z fotografi\u00ed.","og_url":"https:\/\/www.fotolab.sk\/blog\/privitajte-jar-velkonocnymi-fotodarcekmi\/","og_site_name":"CEWE Fotolab blog","article_published_time":"2021-03-18T10:04:34+00:00","article_modified_time":"2021-03-18T10:09:25+00:00","og_image":[{"width":1500,"height":776,"url":"https:\/\/blog.fotolab.sk\/wp-content\/uploads\/2021\/03\/Velka-noc-kniha-keller_title_new.png","type":"image\/png"}],"twitter_misc":{"Autor:":"Daniela Ru\u017eovi\u010dov\u00e1","Predpokladan\u00fd \u010das \u010d\u00edtania":"2 min\u00faty"},"schema":{"@context":"https:\/\/schema.org","@graph":[{"@type":"WebSite","@id":"https:\/\/www.fotolab.sk\/blog\/#website","url":"https:\/\/www.fotolab.sk\/blog\/","name":"CEWE Fotolab blog","description":"Blog ur\u010den\u00fd pre fan\u00fa\u0161ikov fotografie a sveta okolo nej.","potentialAction":[{"@type":"SearchAction","target":{"@type":"EntryPoint","urlTemplate":"https:\/\/www.fotolab.sk\/blog\/?s={search_term_string}"},"query-input":"required name=search_term_string"}],"inLanguage":"sk-SK"},{"@type":"ImageObject","inLanguage":"sk-SK","@id":"https:\/\/www.fotolab.sk\/blog\/privitajte-jar-velkonocnymi-fotodarcekmi\/#primaryimage","url":"https:\/\/blog.fotolab.sk\/wp-content\/uploads\/2021\/03\/Velka-noc-kniha-keller_title_new.png","contentUrl":"https:\/\/blog.fotolab.sk\/wp-content\/uploads\/2021\/03\/Velka-noc-kniha-keller_title_new.png","width":1500,"height":776},{"@type":"WebPage","@id":"https:\/\/www.fotolab.sk\/blog\/privitajte-jar-velkonocnymi-fotodarcekmi\/#webpage","url":"https:\/\/www.fotolab.sk\/blog\/privitajte-jar-velkonocnymi-fotodarcekmi\/","name":"Priv\u00edtajte jar ve\u013ekono\u010dn\u00fdmi fotodar\u010dekmi - CEWE Fotolab blog","isPartOf":{"@id":"https:\/\/www.fotolab.sk\/blog\/#website"},"primaryImageOfPage":{"@id":"https:\/\/www.fotolab.sk\/blog\/privitajte-jar-velkonocnymi-fotodarcekmi\/#primaryimage"},"datePublished":"2021-03-18T10:04:34+00:00","dateModified":"2021-03-18T10:09:25+00:00","author":{"@id":"https:\/\/www.fotolab.sk\/blog\/#\/schema\/person\/77d6dacf2a79ac8f60da8e2a80f2030b"},"description":"Prich\u00e1dza jar a s \u0148ou aj chu\u0165 na nie\u010do nov\u00e9. Slne\u010dn\u00e9 dni vn\u00e1\u0161aj\u00fa pozit\u00edvnu atmosf\u00e9ru do na\u0161ich domovov. Pripravte sa na Ve\u013ek\u00fa noc spolu s nami a vytvorte kr\u00e1sne ve\u013ekono\u010dn\u00e9 dar\u010deky a dekor\u00e1cie z fotografi\u00ed.","breadcrumb":{"@id":"https:\/\/www.fotolab.sk\/blog\/privitajte-jar-velkonocnymi-fotodarcekmi\/#breadcrumb"},"inLanguage":"sk-SK","potentialAction":[{"@type":"ReadAction","target":["https:\/\/www.fotolab.sk\/blog\/privitajte-jar-velkonocnymi-fotodarcekmi\/"]}]},{"@type":"BreadcrumbList","@id":"https:\/\/www.fotolab.sk\/blog\/privitajte-jar-velkonocnymi-fotodarcekmi\/#breadcrumb","itemListElement":[{"@type":"ListItem","position":1,"name":"Home","item":"https:\/\/www.fotolab.sk\/blog\/"},{"@type":"ListItem","position":2,"name":"Priv\u00edtajte jar ve\u013ekono\u010dn\u00fdmi fotodar\u010dekmi"}]},{"@type":"Person","@id":"https:\/\/www.fotolab.sk\/blog\/#\/schema\/person\/77d6dacf2a79ac8f60da8e2a80f2030b","name":"Daniela Ru\u017eovi\u010dov\u00e1","image":{"@type":"ImageObject","inLanguage":"sk-SK","@id":"https:\/\/www.fotolab.sk\/blog\/#\/schema\/person\/image\/","url":"https:\/\/secure.gravatar.com\/avatar\/647297b7198748e4a44171e3ddb8f81e?s=96&d=mm&r=g","contentUrl":"https:\/\/secure.gravatar.com\/avatar\/647297b7198748e4a44171e3ddb8f81e?s=96&d=mm&r=g","caption":"Daniela Ru\u017eovi\u010dov\u00e1"},"description":"M\u00e1m rada zimu, cestovanie a seversk\u00e9 krajiny. \u017divot v Bratislave striedam s v\u00fdletmi do pr\u00edrody a do h\u00f4r, s fotoapar\u00e1tom v ruke.","url":"https:\/\/www.fotolab.sk\/blog\/author\/daniela\/"}]}},"_links":{"self":[{"href":"https:\/\/www.fotolab.sk\/blog\/wp-json\/wp\/v2\/posts\/12093"}],"collection":[{"href":"https:\/\/www.fotolab.sk\/blog\/wp-json\/wp\/v2\/posts"}],"about":[{"href":"https:\/\/www.fotolab.sk\/blog\/wp-json\/wp\/v2\/types\/post"}],"author":[{"embeddable":true,"href":"https:\/\/www.fotolab.sk\/blog\/wp-json\/wp\/v2\/users\/39"}],"replies":[{"embeddable":true,"href":"https:\/\/www.fotolab.sk\/blog\/wp-json\/wp\/v2\/comments?post=12093"}],"version-history":[{"count":7,"href":"https:\/\/www.fotolab.sk\/blog\/wp-json\/wp\/v2\/posts\/12093\/revisions"}],"predecessor-version":[{"id":12109,"href":"https:\/\/www.fotolab.sk\/blog\/wp-json\/wp\/v2\/posts\/12093\/revisions\/12109"}],"wp:featuredmedia":[{"embeddable":true,"href":"https:\/\/www.fotolab.sk\/blog\/wp-json\/wp\/v2\/media\/12110"}],"wp:attachment":[{"href":"https:\/\/www.fotolab.sk\/blog\/wp-json\/wp\/v2\/media?parent=12093"}],"wp:term":[{"taxonomy":"category","embeddable":true,"href":"https:\/\/www.fotolab.sk\/blog\/wp-json\/wp\/v2\/categories?post=12093"},{"taxonomy":"post_tag","embeddable":true,"href":"https:\/\/www.fotolab.sk\/blog\/wp-json\/wp\/v2\/tags?post=12093"}],"curies":[{"name":"wp","href":"https:\/\/api.w.org\/{rel}","templated":true}]}}