
{"id":12059,"date":"2021-03-10T09:44:49","date_gmt":"2021-03-10T08:44:49","guid":{"rendered":"https:\/\/www.fotolab.sk\/blog\/?p=12059"},"modified":"2021-03-11T12:32:37","modified_gmt":"2021-03-11T11:32:37","slug":"nikon-vyvija-plnoformatovy-mirrorless-fotoaparat-nikon-z9","status":"publish","type":"post","link":"https:\/\/www.fotolab.sk\/blog\/nikon-vyvija-plnoformatovy-mirrorless-fotoaparat-nikon-z9\/","title":{"rendered":"Nikon vyv\u00edja plnoform\u00e1tov\u00fd mirrorless fotoapar\u00e1t Nikon Z9"},"content":{"rendered":"<h5>Spolo\u010dnos\u0165 Nikon oznamuje v\u00fdvoj vlajkov\u00e9ho plnoform\u00e1tov\u00e9ho mirrorless fotoapar\u00e1tu Z 9.<\/h5>\n<p><strong>Amsterdam, Holandsko, 10. marca 2021: <\/strong>Spolo\u010dnos\u0165 Nikon s pote\u0161en\u00edm oznamuje v\u00fdvoj prv\u00e9ho vlajkov\u00e9ho fotoapar\u00e1tu s bajonetom Nikon Z: modelu Z 9. Vydanie plnoform\u00e1tov\u00e9ho (form\u00e1t Nikon FX) mirrorless fotoapar\u00e1tu je napl\u00e1novan\u00e9 na rok 2021 a predstavuje v\u00fdznamn\u00fd krok vpred v oblasti technol\u00f3gi\u00ed a v\u00fdkonu.<\/p>\n<p><img decoding=\"async\" loading=\"lazy\" class=\"alignnone size-full wp-image-12066\" src=\"https:\/\/blog.fotolab.sk\/wp-content\/uploads\/2021\/03\/NikonZ9blog1.jpg\" alt=\"\" width=\"506\" height=\"502\" \/><\/p>\n<p>Fotoapar\u00e1t Z 9 sp\u00e1ja priekopn\u00edcke technol\u00f3gie od spolo\u010dnosti Nikon a prin\u00e1\u0161a najlep\u0161\u00ed v\u00fdkon v oblasti sn\u00edmania statick\u00fdch sn\u00edmok a videosekvenci\u00ed v hist\u00f3rii spolo\u010dnosti Nikon. Vyu\u017e\u00edva novo vyvinut\u00fd vrstven\u00fd sn\u00edma\u010d CMOS form\u00e1tu FX a nov\u00fd syst\u00e9m spracovania obrazu. V reakcii na rast\u00face potreby profesion\u00e1lov, pokro\u010dil\u00fdch nad\u0161encov a film\u00e1rov model Z 9 pon\u00faka podporu nahr\u00e1vania videosekvenci\u00ed v rozl\u00ed\u0161en\u00ed 8K, ako aj \u010fal\u0161ie technick\u00e9 \u0161pecifik\u00e1cie videa, ktor\u00e9 vyhovuj\u00fa r\u00f4znym potreb\u00e1m profesion\u00e1lov.<\/p>\n<p>Fotoapar\u00e1t Z 9 prin\u00e1\u0161a neb\u00fdval\u00fd z\u00e1\u017eitok z h\u013eadiska vynikaj\u00faceho v\u00fdkonu a\u00a0prev\u00e1dzkovej schopnosti a prevy\u0161uje mo\u017enosti predch\u00e1dzaj\u00facich digit\u00e1lnych jednook\u00fdch zrkadloviek a mirrorless fotoapar\u00e1tov.<\/p>\n<p>&nbsp;<\/p>\n","protected":false},"excerpt":{"rendered":"<p>Spolo\u010dnos\u0165 Nikon oznamuje v\u00fdvoj vlajkov\u00e9ho plnoform\u00e1tov\u00e9ho mirrorless fotoapar\u00e1tu Z 9. Amsterdam, Holandsko, 10. marca 2021: Spolo\u010dnos\u0165 Nikon s pote\u0161en\u00edm oznamuje v\u00fdvoj prv\u00e9ho vlajkov\u00e9ho fotoapar\u00e1tu s bajonetom Nikon Z: modelu Z 9. Vydanie plnoform\u00e1tov\u00e9ho (form\u00e1t Nikon FX) mirrorless fotoapar\u00e1tu je napl\u00e1novan\u00e9 na rok 2021 a predstavuje v\u00fdznamn\u00fd krok vpred v oblasti technol\u00f3gi\u00ed a v\u00fdkonu. Fotoapar\u00e1t Z [&hellip;]<\/p>\n","protected":false},"author":41,"featured_media":12064,"comment_status":"open","ping_status":"open","sticky":false,"template":"","format":"standard","meta":[],"categories":[50,188],"tags":[112,57],"yoast_head":"<!-- This site is optimized with the Yoast SEO plugin v19.1 - https:\/\/yoast.com\/wordpress\/plugins\/seo\/ -->\n<title>Nikon vyv\u00edja plnoform\u00e1tov\u00fd mirrorless fotoapar\u00e1t Nikon Z9 - CEWE Fotolab blog<\/title>\n<meta name=\"description\" content=\"Spolo\u010dnos\u0165 Nikon oznamuje v\u00fdvoj vlajkov\u00e9ho plnoform\u00e1tov\u00e9ho mirrorless fotoapar\u00e1tu Z 9.\" \/>\n<meta name=\"robots\" content=\"index, follow, max-snippet:-1, max-image-preview:large, max-video-preview:-1\" \/>\n<link rel=\"canonical\" href=\"https:\/\/www.fotolab.sk\/blog\/nikon-vyvija-plnoformatovy-mirrorless-fotoaparat-nikon-z9\/\" \/>\n<meta property=\"og:locale\" content=\"sk_SK\" \/>\n<meta property=\"og:type\" content=\"article\" \/>\n<meta property=\"og:title\" content=\"Nikon vyv\u00edja plnoform\u00e1tov\u00fd mirrorless fotoapar\u00e1t Nikon Z9 - CEWE Fotolab blog\" \/>\n<meta property=\"og:description\" content=\"Spolo\u010dnos\u0165 Nikon oznamuje v\u00fdvoj vlajkov\u00e9ho plnoform\u00e1tov\u00e9ho mirrorless fotoapar\u00e1tu Z 9.\" \/>\n<meta property=\"og:url\" content=\"https:\/\/www.fotolab.sk\/blog\/nikon-vyvija-plnoformatovy-mirrorless-fotoaparat-nikon-z9\/\" \/>\n<meta property=\"og:site_name\" content=\"CEWE Fotolab blog\" \/>\n<meta property=\"article:published_time\" content=\"2021-03-10T08:44:49+00:00\" \/>\n<meta property=\"article:modified_time\" content=\"2021-03-11T11:32:37+00:00\" \/>\n<meta property=\"og:image\" content=\"https:\/\/blog.fotolab.sk\/wp-content\/uploads\/2021\/03\/z9.jpg\" \/>\n\t<meta property=\"og:image:width\" content=\"1500\" \/>\n\t<meta property=\"og:image:height\" content=\"843\" \/>\n\t<meta property=\"og:image:type\" content=\"image\/jpeg\" \/>\n<meta name=\"twitter:label1\" content=\"Autor:\" \/>\n\t<meta name=\"twitter:data1\" content=\"Redakcia CEWE\" \/>\n\t<meta name=\"twitter:label2\" content=\"Predpokladan\u00fd \u010das \u010d\u00edtania\" \/>\n\t<meta name=\"twitter:data2\" content=\"1 min\u00fata\" \/>\n<script type=\"application\/ld+json\" class=\"yoast-schema-graph\">{\"@context\":\"https:\/\/schema.org\",\"@graph\":[{\"@type\":\"WebSite\",\"@id\":\"https:\/\/www.fotolab.sk\/blog\/#website\",\"url\":\"https:\/\/www.fotolab.sk\/blog\/\",\"name\":\"CEWE Fotolab blog\",\"description\":\"Blog ur\u010den\u00fd pre fan\u00fa\u0161ikov fotografie a sveta okolo nej.\",\"potentialAction\":[{\"@type\":\"SearchAction\",\"target\":{\"@type\":\"EntryPoint\",\"urlTemplate\":\"https:\/\/www.fotolab.sk\/blog\/?s={search_term_string}\"},\"query-input\":\"required name=search_term_string\"}],\"inLanguage\":\"sk-SK\"},{\"@type\":\"ImageObject\",\"inLanguage\":\"sk-SK\",\"@id\":\"https:\/\/www.fotolab.sk\/blog\/nikon-vyvija-plnoformatovy-mirrorless-fotoaparat-nikon-z9\/#primaryimage\",\"url\":\"https:\/\/blog.fotolab.sk\/wp-content\/uploads\/2021\/03\/z9.jpg\",\"contentUrl\":\"https:\/\/blog.fotolab.sk\/wp-content\/uploads\/2021\/03\/z9.jpg\",\"width\":1500,\"height\":843},{\"@type\":\"WebPage\",\"@id\":\"https:\/\/www.fotolab.sk\/blog\/nikon-vyvija-plnoformatovy-mirrorless-fotoaparat-nikon-z9\/#webpage\",\"url\":\"https:\/\/www.fotolab.sk\/blog\/nikon-vyvija-plnoformatovy-mirrorless-fotoaparat-nikon-z9\/\",\"name\":\"Nikon vyv\u00edja plnoform\u00e1tov\u00fd mirrorless fotoapar\u00e1t Nikon Z9 - CEWE Fotolab blog\",\"isPartOf\":{\"@id\":\"https:\/\/www.fotolab.sk\/blog\/#website\"},\"primaryImageOfPage\":{\"@id\":\"https:\/\/www.fotolab.sk\/blog\/nikon-vyvija-plnoformatovy-mirrorless-fotoaparat-nikon-z9\/#primaryimage\"},\"datePublished\":\"2021-03-10T08:44:49+00:00\",\"dateModified\":\"2021-03-11T11:32:37+00:00\",\"author\":{\"@id\":\"https:\/\/www.fotolab.sk\/blog\/#\/schema\/person\/7857aea021b4560af0d06d2abe97110b\"},\"description\":\"Spolo\u010dnos\u0165 Nikon oznamuje v\u00fdvoj vlajkov\u00e9ho plnoform\u00e1tov\u00e9ho mirrorless fotoapar\u00e1tu Z 9.\",\"breadcrumb\":{\"@id\":\"https:\/\/www.fotolab.sk\/blog\/nikon-vyvija-plnoformatovy-mirrorless-fotoaparat-nikon-z9\/#breadcrumb\"},\"inLanguage\":\"sk-SK\",\"potentialAction\":[{\"@type\":\"ReadAction\",\"target\":[\"https:\/\/www.fotolab.sk\/blog\/nikon-vyvija-plnoformatovy-mirrorless-fotoaparat-nikon-z9\/\"]}]},{\"@type\":\"BreadcrumbList\",\"@id\":\"https:\/\/www.fotolab.sk\/blog\/nikon-vyvija-plnoformatovy-mirrorless-fotoaparat-nikon-z9\/#breadcrumb\",\"itemListElement\":[{\"@type\":\"ListItem\",\"position\":1,\"name\":\"Home\",\"item\":\"https:\/\/www.fotolab.sk\/blog\/\"},{\"@type\":\"ListItem\",\"position\":2,\"name\":\"Nikon vyv\u00edja plnoform\u00e1tov\u00fd mirrorless fotoapar\u00e1t Nikon Z9\"}]},{\"@type\":\"Person\",\"@id\":\"https:\/\/www.fotolab.sk\/blog\/#\/schema\/person\/7857aea021b4560af0d06d2abe97110b\",\"name\":\"Redakcia CEWE\",\"image\":{\"@type\":\"ImageObject\",\"inLanguage\":\"sk-SK\",\"@id\":\"https:\/\/www.fotolab.sk\/blog\/#\/schema\/person\/image\/\",\"url\":\"https:\/\/secure.gravatar.com\/avatar\/e27c65ada54cc066e94388632d402763?s=96&d=mm&r=g\",\"contentUrl\":\"https:\/\/secure.gravatar.com\/avatar\/e27c65ada54cc066e94388632d402763?s=96&d=mm&r=g\",\"caption\":\"Redakcia CEWE\"},\"sameAs\":[\"https:\/\/www.instagram.com\/cewe.sk\/\"],\"url\":\"https:\/\/www.fotolab.sk\/blog\/author\/cewe-redakcia\/\"}]}<\/script>\n<!-- \/ Yoast SEO plugin. -->","yoast_head_json":{"title":"Nikon vyv\u00edja plnoform\u00e1tov\u00fd mirrorless fotoapar\u00e1t Nikon Z9 - CEWE Fotolab blog","description":"Spolo\u010dnos\u0165 Nikon oznamuje v\u00fdvoj vlajkov\u00e9ho plnoform\u00e1tov\u00e9ho mirrorless fotoapar\u00e1tu Z 9.","robots":{"index":"index","follow":"follow","max-snippet":"max-snippet:-1","max-image-preview":"max-image-preview:large","max-video-preview":"max-video-preview:-1"},"canonical":"https:\/\/www.fotolab.sk\/blog\/nikon-vyvija-plnoformatovy-mirrorless-fotoaparat-nikon-z9\/","og_locale":"sk_SK","og_type":"article","og_title":"Nikon vyv\u00edja plnoform\u00e1tov\u00fd mirrorless fotoapar\u00e1t Nikon Z9 - CEWE Fotolab blog","og_description":"Spolo\u010dnos\u0165 Nikon oznamuje v\u00fdvoj vlajkov\u00e9ho plnoform\u00e1tov\u00e9ho mirrorless fotoapar\u00e1tu Z 9.","og_url":"https:\/\/www.fotolab.sk\/blog\/nikon-vyvija-plnoformatovy-mirrorless-fotoaparat-nikon-z9\/","og_site_name":"CEWE Fotolab blog","article_published_time":"2021-03-10T08:44:49+00:00","article_modified_time":"2021-03-11T11:32:37+00:00","og_image":[{"width":1500,"height":843,"url":"https:\/\/blog.fotolab.sk\/wp-content\/uploads\/2021\/03\/z9.jpg","type":"image\/jpeg"}],"twitter_misc":{"Autor:":"Redakcia CEWE","Predpokladan\u00fd \u010das \u010d\u00edtania":"1 min\u00fata"},"schema":{"@context":"https:\/\/schema.org","@graph":[{"@type":"WebSite","@id":"https:\/\/www.fotolab.sk\/blog\/#website","url":"https:\/\/www.fotolab.sk\/blog\/","name":"CEWE Fotolab blog","description":"Blog ur\u010den\u00fd pre fan\u00fa\u0161ikov fotografie a sveta okolo nej.","potentialAction":[{"@type":"SearchAction","target":{"@type":"EntryPoint","urlTemplate":"https:\/\/www.fotolab.sk\/blog\/?s={search_term_string}"},"query-input":"required name=search_term_string"}],"inLanguage":"sk-SK"},{"@type":"ImageObject","inLanguage":"sk-SK","@id":"https:\/\/www.fotolab.sk\/blog\/nikon-vyvija-plnoformatovy-mirrorless-fotoaparat-nikon-z9\/#primaryimage","url":"https:\/\/blog.fotolab.sk\/wp-content\/uploads\/2021\/03\/z9.jpg","contentUrl":"https:\/\/blog.fotolab.sk\/wp-content\/uploads\/2021\/03\/z9.jpg","width":1500,"height":843},{"@type":"WebPage","@id":"https:\/\/www.fotolab.sk\/blog\/nikon-vyvija-plnoformatovy-mirrorless-fotoaparat-nikon-z9\/#webpage","url":"https:\/\/www.fotolab.sk\/blog\/nikon-vyvija-plnoformatovy-mirrorless-fotoaparat-nikon-z9\/","name":"Nikon vyv\u00edja plnoform\u00e1tov\u00fd mirrorless fotoapar\u00e1t Nikon Z9 - CEWE Fotolab blog","isPartOf":{"@id":"https:\/\/www.fotolab.sk\/blog\/#website"},"primaryImageOfPage":{"@id":"https:\/\/www.fotolab.sk\/blog\/nikon-vyvija-plnoformatovy-mirrorless-fotoaparat-nikon-z9\/#primaryimage"},"datePublished":"2021-03-10T08:44:49+00:00","dateModified":"2021-03-11T11:32:37+00:00","author":{"@id":"https:\/\/www.fotolab.sk\/blog\/#\/schema\/person\/7857aea021b4560af0d06d2abe97110b"},"description":"Spolo\u010dnos\u0165 Nikon oznamuje v\u00fdvoj vlajkov\u00e9ho plnoform\u00e1tov\u00e9ho mirrorless fotoapar\u00e1tu Z 9.","breadcrumb":{"@id":"https:\/\/www.fotolab.sk\/blog\/nikon-vyvija-plnoformatovy-mirrorless-fotoaparat-nikon-z9\/#breadcrumb"},"inLanguage":"sk-SK","potentialAction":[{"@type":"ReadAction","target":["https:\/\/www.fotolab.sk\/blog\/nikon-vyvija-plnoformatovy-mirrorless-fotoaparat-nikon-z9\/"]}]},{"@type":"BreadcrumbList","@id":"https:\/\/www.fotolab.sk\/blog\/nikon-vyvija-plnoformatovy-mirrorless-fotoaparat-nikon-z9\/#breadcrumb","itemListElement":[{"@type":"ListItem","position":1,"name":"Home","item":"https:\/\/www.fotolab.sk\/blog\/"},{"@type":"ListItem","position":2,"name":"Nikon vyv\u00edja plnoform\u00e1tov\u00fd mirrorless fotoapar\u00e1t Nikon Z9"}]},{"@type":"Person","@id":"https:\/\/www.fotolab.sk\/blog\/#\/schema\/person\/7857aea021b4560af0d06d2abe97110b","name":"Redakcia CEWE","image":{"@type":"ImageObject","inLanguage":"sk-SK","@id":"https:\/\/www.fotolab.sk\/blog\/#\/schema\/person\/image\/","url":"https:\/\/secure.gravatar.com\/avatar\/e27c65ada54cc066e94388632d402763?s=96&d=mm&r=g","contentUrl":"https:\/\/secure.gravatar.com\/avatar\/e27c65ada54cc066e94388632d402763?s=96&d=mm&r=g","caption":"Redakcia CEWE"},"sameAs":["https:\/\/www.instagram.com\/cewe.sk\/"],"url":"https:\/\/www.fotolab.sk\/blog\/author\/cewe-redakcia\/"}]}},"_links":{"self":[{"href":"https:\/\/www.fotolab.sk\/blog\/wp-json\/wp\/v2\/posts\/12059"}],"collection":[{"href":"https:\/\/www.fotolab.sk\/blog\/wp-json\/wp\/v2\/posts"}],"about":[{"href":"https:\/\/www.fotolab.sk\/blog\/wp-json\/wp\/v2\/types\/post"}],"author":[{"embeddable":true,"href":"https:\/\/www.fotolab.sk\/blog\/wp-json\/wp\/v2\/users\/41"}],"replies":[{"embeddable":true,"href":"https:\/\/www.fotolab.sk\/blog\/wp-json\/wp\/v2\/comments?post=12059"}],"version-history":[{"count":2,"href":"https:\/\/www.fotolab.sk\/blog\/wp-json\/wp\/v2\/posts\/12059\/revisions"}],"predecessor-version":[{"id":12067,"href":"https:\/\/www.fotolab.sk\/blog\/wp-json\/wp\/v2\/posts\/12059\/revisions\/12067"}],"wp:featuredmedia":[{"embeddable":true,"href":"https:\/\/www.fotolab.sk\/blog\/wp-json\/wp\/v2\/media\/12064"}],"wp:attachment":[{"href":"https:\/\/www.fotolab.sk\/blog\/wp-json\/wp\/v2\/media?parent=12059"}],"wp:term":[{"taxonomy":"category","embeddable":true,"href":"https:\/\/www.fotolab.sk\/blog\/wp-json\/wp\/v2\/categories?post=12059"},{"taxonomy":"post_tag","embeddable":true,"href":"https:\/\/www.fotolab.sk\/blog\/wp-json\/wp\/v2\/tags?post=12059"}],"curies":[{"name":"wp","href":"https:\/\/api.w.org\/{rel}","templated":true}]}}