
{"id":11752,"date":"2021-01-05T13:02:03","date_gmt":"2021-01-05T12:02:03","guid":{"rendered":"https:\/\/www.fotolab.sk\/blog\/?p=11752"},"modified":"2021-01-05T15:49:56","modified_gmt":"2021-01-05T14:49:56","slug":"navod-cely-rok-v-jednej-cewe-fotoknihe","status":"publish","type":"post","link":"https:\/\/www.fotolab.sk\/blog\/navod-cely-rok-v-jednej-cewe-fotoknihe\/","title":{"rendered":"N\u00e1vod: Cel\u00fd rok v jednej CEWE FOTOKNIHE"},"content":{"rendered":"<div class=\"sg-cw-magazine-textarea-text sg-cw-magazine-textarea-text-initial \">\n<p>Ak\u00fd bol rok 2020? Asi v\u0161etk\u00fdm n\u00e1m ch\u00fdbali na\u0161i bl\u00edzki. Rok 2020 bol in\u00fd, ale priniesol n\u00e1m chv\u00edle \u0161\u0165astia zvl\u00e1\u0161tnym sp\u00f4sobom. Aj ke\u010f na\u0161i bl\u00edzki nemohli by\u0165 s nami ako obvykle, m\u00f4\u017eeme sa s nimi podeli\u0165 o svoje spomienky: Vyrozpr\u00e1vajte svoj pr\u00edbeh v CEWE FOTOKNIHE, ktor\u00fa napln\u00edte najlep\u0161\u00edmi okamihmi predch\u00e1dzaj\u00faceho roka. Navrhnite si ju str\u00e1nku po str\u00e1nke, tak budete ma\u0165 svojich bl\u00edzkych st\u00e1le pri sebe.<\/p>\n<p><img decoding=\"async\" loading=\"lazy\" class=\"alignnone size-full wp-image-11757\" src=\"https:\/\/blog.fotolab.sk\/wp-content\/uploads\/2021\/01\/LP-artyku\u0142-kronika-roczna_800x505-SK.jpg\" alt=\"\" width=\"800\" height=\"505\" \/><\/p>\n<p>V <a href=\"https:\/\/www.cewe.sk\/cewe-fotokniha\" target=\"_blank\" rel=\"noopener noreferrer\">CEWE FOTOKNIHE<\/a> si zostav\u00edte svoj vlastn\u00fd rodinn\u00fd pr\u00edbeh. Preto\u017ee spolo\u010dn\u00e9 okamihy by sme si mali pam\u00e4ta\u0165 nav\u017edy. Preto\u017ee \u010das be\u017e\u00ed tak stra\u0161ne r\u00fdchlo. Teraz je ale ten spr\u00e1vny moment na chv\u00ed\u013eu sa zastavi\u0165 a da\u0165 spomienkam re\u00e1lnu podobu, preto\u017ee jedine tak nevybledn\u00fa. S na\u0161im n\u00e1vodom zvl\u00e1dne vytvori\u0165 kr\u00e1snu ro\u010denku ka\u017ed\u00fd.<\/p>\n<\/div>\n<h4>N\u00c1VOD: Kr\u00e1sna kronika za 3, 2, 1<\/h4>\n<h5>1. Stiahnite si program CEWE fotosvet<\/h5>\n<p>N\u00e1\u0161 program pln\u00fd \u0161abl\u00f3n si stiahnete \u00faplne zadarmo na na\u0161om webe. Zostav\u00edte v \u0148om CEWE FOTOKNIHU, ale aj mno\u017estvo \u010fal\u0161\u00edch fotodar\u010dekov. N\u00e1\u0161 sprievodca v\u00e1s prevedie celou in\u0161tal\u00e1ciou krok za krokom.<\/p>\n<p><a href=\"https:\/\/www.cewe.sk\/softver-zdarma\" target=\"_blank\" rel=\"noopener noreferrer\">Stiahnu\u0165 program CEWE fotosvet<\/a><\/p>\n<p><img decoding=\"async\" loading=\"lazy\" class=\"alignnone size-full wp-image-11754\" src=\"https:\/\/blog.fotolab.sk\/wp-content\/uploads\/2021\/01\/Cewe_Baby_Content_0339_sk.jpg\" alt=\"\" width=\"1306\" height=\"973\" \/><\/p>\n<h5>2. Kliknite na CEWE FOTOKNIHU<\/h5>\n<p>Po in\u0161tal\u00e1cii a\u00a0spusten\u00ed programu kliknite hore v\u00a0hlavnom menu na produkt CEWE FOTOKNIHA a\u00a0otvor\u00ed sa pred vami ponuka v\u0161etk\u00fdch 9 form\u00e1tov:<\/p>\n<ul>\n<li>Mal\u00e1 alebo mini<\/li>\n<li>Kompakt panor\u00e1ma<\/li>\n<li>\u0160tvorcov\u00e1<\/li>\n<li>Ve\u013ek\u00e1 A4 aj panor\u00e1ma<\/li>\n<li>XL<\/li>\n<li>XXL aj panor\u00e1ma<\/li>\n<\/ul>\n<p><img decoding=\"async\" loading=\"lazy\" class=\"alignnone size-full wp-image-11755\" src=\"https:\/\/blog.fotolab.sk\/wp-content\/uploads\/2021\/01\/Leto-2020-book.jpg\" alt=\"\" width=\"1421\" height=\"971\" \/><\/p>\n<h5>3. Vyberte si form\u00e1t, typ papiera a\u00a0v\u00e4zbu<\/h5>\n<p>Vyberte si ak\u00fdko\u013evek form\u00e1t, typ papiera a v\u00e4zbu. Pre kroniky roka s\u00fa vhodnej\u0161ie v\u00e4\u010d\u0161ie form\u00e1ty, najob\u013e\u00fabenej\u0161\u00edm form\u00e1tom na\u0161ich z\u00e1kazn\u00edkov je zaru\u010dene <a href=\"https:\/\/www.cewe.sk\/fotokniha-xl\" target=\"_blank\" rel=\"noopener noreferrer\">XL<\/a> alebo <a href=\"https:\/\/www.cewe.sk\/fotokniha-velka\" target=\"_blank\" rel=\"noopener noreferrer\">A4<\/a>. Svojimi praktick\u00fdmi rozmermi sa toti\u017e zmestia do ka\u017edej kni\u017enice. Nebojte sa, ve\u013ea vec\u00ed, pre ktor\u00e9 sa na za\u010diatku rozhodnete, mo\u017eno meni\u0165 aj v priebehu zostavovania fotoknihy. Po v\u00fdbere spr\u00e1vneho form\u00e1tu nasleduje v\u00fdber papiera:<\/p>\n<ul>\n<li>Papier vhodn\u00fd pre digit\u00e1lnu tla\u010d \u2013 mat, vysok\u00fd lesk, premium mat<\/li>\n<li>Fotopapier \u2013 mat, lesk, premium mat<\/li>\n<\/ul>\n<p><img decoding=\"async\" loading=\"lazy\" class=\"alignnone size-full wp-image-11756\" src=\"https:\/\/blog.fotolab.sk\/wp-content\/uploads\/2021\/01\/LP-artyku\u0142-kronika-roczna_2_800x505.jpg\" alt=\"\" width=\"800\" height=\"505\" \/><\/p>\n<p><strong>TIP:<\/strong> Vyberte si tvrd\u00fa v\u00e4zbu, na ktor\u00fa je mo\u017en\u00e9 umiestni\u0165 povrchov\u00e9 efekty.<\/p>\n<h5>4. Zvo\u013ete sp\u00f4sob vytvorenia<\/h5>\n<p>Z dvoch sp\u00f4sobov vytvorenia fotoknihy vyberte mo\u017enos\u0165 vytv\u00e1ra\u0165 samostatne a kliknite na tla\u010d\u00edtko \u201eVytvori\u0165 n\u00e1vrh\u201c. Po kliknut\u00ed na spomenut\u00e9 tla\u010d\u00edtko v\u00e1m vysko\u010d\u00ed tabu\u013eka s mno\u017estvom pripraven\u00fdch dizajnov\u00fdch predl\u00f4h. Sta\u010d\u00ed si vybra\u0165 t\u00fa, ktor\u00e1 sa v\u00e1m najviac p\u00e1\u010di. Niektor\u00e9 predlohy s\u00fa navrhnut\u00e9 u\u017e s ozdobn\u00fdm efektom na ob\u00e1lke.<\/p>\n<p><img decoding=\"async\" loading=\"lazy\" class=\"alignnone size-full wp-image-11753\" src=\"https:\/\/blog.fotolab.sk\/wp-content\/uploads\/2021\/01\/box-CFK.jpg\" alt=\"\" width=\"1060\" height=\"652\" \/><\/p>\n<h5>5. Potvr\u010fte predlohu<\/h5>\n<p>Predlohu potvr\u010fte tla\u010d\u00edtkom \u201ePou\u017ei\u0165 v\u00fdber\u201c. Po stla\u010den\u00ed tla\u010d\u00edtka sa pred vami otvor\u00ed nov\u00fd modern\u00fd editor. V\u0161etky str\u00e1nky knihy s\u00fa poskladan\u00e9 pod\u013ea predlohy. <strong>A teraz u\u017e ch\u00fdbaj\u00fa iba va\u0161e fotografie, ktor\u00e9 m\u00f4\u017eete jednoducho doplni\u0165 vlastn\u00fdmi textami alebo klipartmi.<\/strong> \u010co v\u00a0programe nen\u00e1jdete, to si m\u00f4\u017eete stiahnu\u0165 priamo z\u00a0na\u0161ej datab\u00e1zy.<\/p>\n<p>A teraz smelo do toho!<\/p>\n<p><img decoding=\"async\" loading=\"lazy\" class=\"alignnone size-full wp-image-11768\" src=\"https:\/\/blog.fotolab.sk\/wp-content\/uploads\/2021\/01\/na-vyletoch-po-slovensku-small.jpg\" alt=\"\" width=\"1086\" height=\"724\" \/><\/p>\n<div class=\"sg-cw-magazine-textarea-text sg-cw-magazine-textarea-text-initial \">\n<section class=\" sg-cw-section-bg-light sg-cw-section sg-cw-section-magazintext\">\n<div class=\"sg-cw-row\">\n<div class=\"sg-cw-col\">\n<div class=\"sg-cw-magazine-textarea-text \">\n<p>\u017del\u00e1me v\u00e1m ve\u013ea radosti pri tvorbe va\u0161ich ro\u010deniek.<\/p>\n<\/div>\n<\/div>\n<\/div>\n<\/section>\n<\/div>\n","protected":false},"excerpt":{"rendered":"<p>Ak\u00fd bol rok 2020? Asi v\u0161etk\u00fdm n\u00e1m ch\u00fdbali na\u0161i bl\u00edzki. Rok 2020 bol in\u00fd, ale priniesol n\u00e1m chv\u00edle \u0161\u0165astia zvl\u00e1\u0161tnym sp\u00f4sobom. Aj ke\u010f na\u0161i bl\u00edzki nemohli by\u0165 s nami ako obvykle, m\u00f4\u017eeme sa s nimi podeli\u0165 o svoje spomienky: Vyrozpr\u00e1vajte svoj pr\u00edbeh v CEWE FOTOKNIHE, ktor\u00fa napln\u00edte najlep\u0161\u00edmi okamihmi predch\u00e1dzaj\u00faceho roka. Navrhnite si ju str\u00e1nku [&hellip;]<\/p>\n","protected":false},"author":39,"featured_media":11758,"comment_status":"open","ping_status":"open","sticky":false,"template":"","format":"standard","meta":[],"categories":[51],"tags":[107,81,99,202],"yoast_head":"<!-- This site is optimized with the Yoast SEO plugin v19.1 - https:\/\/yoast.com\/wordpress\/plugins\/seo\/ -->\n<title>N\u00e1vod: Cel\u00fd rok v jednej CEWE FOTOKNIHE - CEWE Fotolab blog<\/title>\n<meta name=\"description\" content=\"Teraz je ten spr\u00e1vny moment na chv\u00ed\u013eu sa zastavi\u0165 a da\u0165 spomienkam re\u00e1lnu podobu vo forme ro\u010dnej CEWE FOTOKNIHY. S na\u0161im n\u00e1vod zvl\u00e1dne vytvori\u0165 kr\u00e1snu ro\u010denku ka\u017ed\u00fd.\" \/>\n<meta name=\"robots\" content=\"index, follow, max-snippet:-1, max-image-preview:large, max-video-preview:-1\" \/>\n<link rel=\"canonical\" href=\"https:\/\/www.fotolab.sk\/blog\/navod-cely-rok-v-jednej-cewe-fotoknihe\/\" \/>\n<meta property=\"og:locale\" content=\"sk_SK\" \/>\n<meta property=\"og:type\" content=\"article\" \/>\n<meta property=\"og:title\" content=\"N\u00e1vod: Cel\u00fd rok v jednej CEWE FOTOKNIHE - CEWE Fotolab blog\" \/>\n<meta property=\"og:description\" content=\"Teraz je ten spr\u00e1vny moment na chv\u00ed\u013eu sa zastavi\u0165 a da\u0165 spomienkam re\u00e1lnu podobu vo forme ro\u010dnej CEWE FOTOKNIHY. S na\u0161im n\u00e1vod zvl\u00e1dne vytvori\u0165 kr\u00e1snu ro\u010denku ka\u017ed\u00fd.\" \/>\n<meta property=\"og:url\" content=\"https:\/\/www.fotolab.sk\/blog\/navod-cely-rok-v-jednej-cewe-fotoknihe\/\" \/>\n<meta property=\"og:site_name\" content=\"CEWE Fotolab blog\" \/>\n<meta property=\"article:published_time\" content=\"2021-01-05T12:02:03+00:00\" \/>\n<meta property=\"article:modified_time\" content=\"2021-01-05T14:49:56+00:00\" \/>\n<meta property=\"og:image\" content=\"https:\/\/blog.fotolab.sk\/wp-content\/uploads\/2021\/01\/title-kronika-2020.jpg\" \/>\n\t<meta property=\"og:image:width\" content=\"1516\" \/>\n\t<meta property=\"og:image:height\" content=\"825\" \/>\n\t<meta property=\"og:image:type\" content=\"image\/jpeg\" \/>\n<meta name=\"twitter:label1\" content=\"Autor:\" \/>\n\t<meta name=\"twitter:data1\" content=\"Daniela Ru\u017eovi\u010dov\u00e1\" \/>\n\t<meta name=\"twitter:label2\" content=\"Predpokladan\u00fd \u010das \u010d\u00edtania\" \/>\n\t<meta name=\"twitter:data2\" content=\"3 min\u00faty\" \/>\n<script type=\"application\/ld+json\" class=\"yoast-schema-graph\">{\"@context\":\"https:\/\/schema.org\",\"@graph\":[{\"@type\":\"WebSite\",\"@id\":\"https:\/\/www.fotolab.sk\/blog\/#website\",\"url\":\"https:\/\/www.fotolab.sk\/blog\/\",\"name\":\"CEWE Fotolab blog\",\"description\":\"Blog ur\u010den\u00fd pre fan\u00fa\u0161ikov fotografie a sveta okolo nej.\",\"potentialAction\":[{\"@type\":\"SearchAction\",\"target\":{\"@type\":\"EntryPoint\",\"urlTemplate\":\"https:\/\/www.fotolab.sk\/blog\/?s={search_term_string}\"},\"query-input\":\"required name=search_term_string\"}],\"inLanguage\":\"sk-SK\"},{\"@type\":\"ImageObject\",\"inLanguage\":\"sk-SK\",\"@id\":\"https:\/\/www.fotolab.sk\/blog\/navod-cely-rok-v-jednej-cewe-fotoknihe\/#primaryimage\",\"url\":\"https:\/\/blog.fotolab.sk\/wp-content\/uploads\/2021\/01\/title-kronika-2020.jpg\",\"contentUrl\":\"https:\/\/blog.fotolab.sk\/wp-content\/uploads\/2021\/01\/title-kronika-2020.jpg\",\"width\":1516,\"height\":825},{\"@type\":\"WebPage\",\"@id\":\"https:\/\/www.fotolab.sk\/blog\/navod-cely-rok-v-jednej-cewe-fotoknihe\/#webpage\",\"url\":\"https:\/\/www.fotolab.sk\/blog\/navod-cely-rok-v-jednej-cewe-fotoknihe\/\",\"name\":\"N\u00e1vod: Cel\u00fd rok v jednej CEWE FOTOKNIHE - CEWE Fotolab blog\",\"isPartOf\":{\"@id\":\"https:\/\/www.fotolab.sk\/blog\/#website\"},\"primaryImageOfPage\":{\"@id\":\"https:\/\/www.fotolab.sk\/blog\/navod-cely-rok-v-jednej-cewe-fotoknihe\/#primaryimage\"},\"datePublished\":\"2021-01-05T12:02:03+00:00\",\"dateModified\":\"2021-01-05T14:49:56+00:00\",\"author\":{\"@id\":\"https:\/\/www.fotolab.sk\/blog\/#\/schema\/person\/77d6dacf2a79ac8f60da8e2a80f2030b\"},\"description\":\"Teraz je ten spr\u00e1vny moment na chv\u00ed\u013eu sa zastavi\u0165 a da\u0165 spomienkam re\u00e1lnu podobu vo forme ro\u010dnej CEWE FOTOKNIHY. S na\u0161im n\u00e1vod zvl\u00e1dne vytvori\u0165 kr\u00e1snu ro\u010denku ka\u017ed\u00fd.\",\"breadcrumb\":{\"@id\":\"https:\/\/www.fotolab.sk\/blog\/navod-cely-rok-v-jednej-cewe-fotoknihe\/#breadcrumb\"},\"inLanguage\":\"sk-SK\",\"potentialAction\":[{\"@type\":\"ReadAction\",\"target\":[\"https:\/\/www.fotolab.sk\/blog\/navod-cely-rok-v-jednej-cewe-fotoknihe\/\"]}]},{\"@type\":\"BreadcrumbList\",\"@id\":\"https:\/\/www.fotolab.sk\/blog\/navod-cely-rok-v-jednej-cewe-fotoknihe\/#breadcrumb\",\"itemListElement\":[{\"@type\":\"ListItem\",\"position\":1,\"name\":\"Home\",\"item\":\"https:\/\/www.fotolab.sk\/blog\/\"},{\"@type\":\"ListItem\",\"position\":2,\"name\":\"N\u00e1vod: Cel\u00fd rok v jednej CEWE FOTOKNIHE\"}]},{\"@type\":\"Person\",\"@id\":\"https:\/\/www.fotolab.sk\/blog\/#\/schema\/person\/77d6dacf2a79ac8f60da8e2a80f2030b\",\"name\":\"Daniela Ru\u017eovi\u010dov\u00e1\",\"image\":{\"@type\":\"ImageObject\",\"inLanguage\":\"sk-SK\",\"@id\":\"https:\/\/www.fotolab.sk\/blog\/#\/schema\/person\/image\/\",\"url\":\"https:\/\/secure.gravatar.com\/avatar\/647297b7198748e4a44171e3ddb8f81e?s=96&d=mm&r=g\",\"contentUrl\":\"https:\/\/secure.gravatar.com\/avatar\/647297b7198748e4a44171e3ddb8f81e?s=96&d=mm&r=g\",\"caption\":\"Daniela Ru\u017eovi\u010dov\u00e1\"},\"description\":\"M\u00e1m rada zimu, cestovanie a seversk\u00e9 krajiny. \u017divot v Bratislave striedam s v\u00fdletmi do pr\u00edrody a do h\u00f4r, s fotoapar\u00e1tom v ruke.\",\"url\":\"https:\/\/www.fotolab.sk\/blog\/author\/daniela\/\"}]}<\/script>\n<!-- \/ Yoast SEO plugin. -->","yoast_head_json":{"title":"N\u00e1vod: Cel\u00fd rok v jednej CEWE FOTOKNIHE - CEWE Fotolab blog","description":"Teraz je ten spr\u00e1vny moment na chv\u00ed\u013eu sa zastavi\u0165 a da\u0165 spomienkam re\u00e1lnu podobu vo forme ro\u010dnej CEWE FOTOKNIHY. S na\u0161im n\u00e1vod zvl\u00e1dne vytvori\u0165 kr\u00e1snu ro\u010denku ka\u017ed\u00fd.","robots":{"index":"index","follow":"follow","max-snippet":"max-snippet:-1","max-image-preview":"max-image-preview:large","max-video-preview":"max-video-preview:-1"},"canonical":"https:\/\/www.fotolab.sk\/blog\/navod-cely-rok-v-jednej-cewe-fotoknihe\/","og_locale":"sk_SK","og_type":"article","og_title":"N\u00e1vod: Cel\u00fd rok v jednej CEWE FOTOKNIHE - CEWE Fotolab blog","og_description":"Teraz je ten spr\u00e1vny moment na chv\u00ed\u013eu sa zastavi\u0165 a da\u0165 spomienkam re\u00e1lnu podobu vo forme ro\u010dnej CEWE FOTOKNIHY. S na\u0161im n\u00e1vod zvl\u00e1dne vytvori\u0165 kr\u00e1snu ro\u010denku ka\u017ed\u00fd.","og_url":"https:\/\/www.fotolab.sk\/blog\/navod-cely-rok-v-jednej-cewe-fotoknihe\/","og_site_name":"CEWE Fotolab blog","article_published_time":"2021-01-05T12:02:03+00:00","article_modified_time":"2021-01-05T14:49:56+00:00","og_image":[{"width":1516,"height":825,"url":"https:\/\/blog.fotolab.sk\/wp-content\/uploads\/2021\/01\/title-kronika-2020.jpg","type":"image\/jpeg"}],"twitter_misc":{"Autor:":"Daniela Ru\u017eovi\u010dov\u00e1","Predpokladan\u00fd \u010das \u010d\u00edtania":"3 min\u00faty"},"schema":{"@context":"https:\/\/schema.org","@graph":[{"@type":"WebSite","@id":"https:\/\/www.fotolab.sk\/blog\/#website","url":"https:\/\/www.fotolab.sk\/blog\/","name":"CEWE Fotolab blog","description":"Blog ur\u010den\u00fd pre fan\u00fa\u0161ikov fotografie a sveta okolo nej.","potentialAction":[{"@type":"SearchAction","target":{"@type":"EntryPoint","urlTemplate":"https:\/\/www.fotolab.sk\/blog\/?s={search_term_string}"},"query-input":"required name=search_term_string"}],"inLanguage":"sk-SK"},{"@type":"ImageObject","inLanguage":"sk-SK","@id":"https:\/\/www.fotolab.sk\/blog\/navod-cely-rok-v-jednej-cewe-fotoknihe\/#primaryimage","url":"https:\/\/blog.fotolab.sk\/wp-content\/uploads\/2021\/01\/title-kronika-2020.jpg","contentUrl":"https:\/\/blog.fotolab.sk\/wp-content\/uploads\/2021\/01\/title-kronika-2020.jpg","width":1516,"height":825},{"@type":"WebPage","@id":"https:\/\/www.fotolab.sk\/blog\/navod-cely-rok-v-jednej-cewe-fotoknihe\/#webpage","url":"https:\/\/www.fotolab.sk\/blog\/navod-cely-rok-v-jednej-cewe-fotoknihe\/","name":"N\u00e1vod: Cel\u00fd rok v jednej CEWE FOTOKNIHE - CEWE Fotolab blog","isPartOf":{"@id":"https:\/\/www.fotolab.sk\/blog\/#website"},"primaryImageOfPage":{"@id":"https:\/\/www.fotolab.sk\/blog\/navod-cely-rok-v-jednej-cewe-fotoknihe\/#primaryimage"},"datePublished":"2021-01-05T12:02:03+00:00","dateModified":"2021-01-05T14:49:56+00:00","author":{"@id":"https:\/\/www.fotolab.sk\/blog\/#\/schema\/person\/77d6dacf2a79ac8f60da8e2a80f2030b"},"description":"Teraz je ten spr\u00e1vny moment na chv\u00ed\u013eu sa zastavi\u0165 a da\u0165 spomienkam re\u00e1lnu podobu vo forme ro\u010dnej CEWE FOTOKNIHY. S na\u0161im n\u00e1vod zvl\u00e1dne vytvori\u0165 kr\u00e1snu ro\u010denku ka\u017ed\u00fd.","breadcrumb":{"@id":"https:\/\/www.fotolab.sk\/blog\/navod-cely-rok-v-jednej-cewe-fotoknihe\/#breadcrumb"},"inLanguage":"sk-SK","potentialAction":[{"@type":"ReadAction","target":["https:\/\/www.fotolab.sk\/blog\/navod-cely-rok-v-jednej-cewe-fotoknihe\/"]}]},{"@type":"BreadcrumbList","@id":"https:\/\/www.fotolab.sk\/blog\/navod-cely-rok-v-jednej-cewe-fotoknihe\/#breadcrumb","itemListElement":[{"@type":"ListItem","position":1,"name":"Home","item":"https:\/\/www.fotolab.sk\/blog\/"},{"@type":"ListItem","position":2,"name":"N\u00e1vod: Cel\u00fd rok v jednej CEWE FOTOKNIHE"}]},{"@type":"Person","@id":"https:\/\/www.fotolab.sk\/blog\/#\/schema\/person\/77d6dacf2a79ac8f60da8e2a80f2030b","name":"Daniela Ru\u017eovi\u010dov\u00e1","image":{"@type":"ImageObject","inLanguage":"sk-SK","@id":"https:\/\/www.fotolab.sk\/blog\/#\/schema\/person\/image\/","url":"https:\/\/secure.gravatar.com\/avatar\/647297b7198748e4a44171e3ddb8f81e?s=96&d=mm&r=g","contentUrl":"https:\/\/secure.gravatar.com\/avatar\/647297b7198748e4a44171e3ddb8f81e?s=96&d=mm&r=g","caption":"Daniela Ru\u017eovi\u010dov\u00e1"},"description":"M\u00e1m rada zimu, cestovanie a seversk\u00e9 krajiny. \u017divot v Bratislave striedam s v\u00fdletmi do pr\u00edrody a do h\u00f4r, s fotoapar\u00e1tom v ruke.","url":"https:\/\/www.fotolab.sk\/blog\/author\/daniela\/"}]}},"_links":{"self":[{"href":"https:\/\/www.fotolab.sk\/blog\/wp-json\/wp\/v2\/posts\/11752"}],"collection":[{"href":"https:\/\/www.fotolab.sk\/blog\/wp-json\/wp\/v2\/posts"}],"about":[{"href":"https:\/\/www.fotolab.sk\/blog\/wp-json\/wp\/v2\/types\/post"}],"author":[{"embeddable":true,"href":"https:\/\/www.fotolab.sk\/blog\/wp-json\/wp\/v2\/users\/39"}],"replies":[{"embeddable":true,"href":"https:\/\/www.fotolab.sk\/blog\/wp-json\/wp\/v2\/comments?post=11752"}],"version-history":[{"count":10,"href":"https:\/\/www.fotolab.sk\/blog\/wp-json\/wp\/v2\/posts\/11752\/revisions"}],"predecessor-version":[{"id":11769,"href":"https:\/\/www.fotolab.sk\/blog\/wp-json\/wp\/v2\/posts\/11752\/revisions\/11769"}],"wp:featuredmedia":[{"embeddable":true,"href":"https:\/\/www.fotolab.sk\/blog\/wp-json\/wp\/v2\/media\/11758"}],"wp:attachment":[{"href":"https:\/\/www.fotolab.sk\/blog\/wp-json\/wp\/v2\/media?parent=11752"}],"wp:term":[{"taxonomy":"category","embeddable":true,"href":"https:\/\/www.fotolab.sk\/blog\/wp-json\/wp\/v2\/categories?post=11752"},{"taxonomy":"post_tag","embeddable":true,"href":"https:\/\/www.fotolab.sk\/blog\/wp-json\/wp\/v2\/tags?post=11752"}],"curies":[{"name":"wp","href":"https:\/\/api.w.org\/{rel}","templated":true}]}}