
{"id":11686,"date":"2021-11-12T12:10:57","date_gmt":"2021-11-12T11:10:57","guid":{"rendered":"https:\/\/www.fotolab.sk\/blog\/?p=11686"},"modified":"2021-11-22T11:16:59","modified_gmt":"2021-11-22T10:16:59","slug":"vianocne-pohladnice-napady-pre-vase-vianocne-fotenie","status":"publish","type":"post","link":"https:\/\/www.fotolab.sk\/blog\/vianocne-pohladnice-napady-pre-vase-vianocne-fotenie\/","title":{"rendered":"Viano\u010dn\u00e9 poh\u013eadnice &#8211; n\u00e1pady pre va\u0161e viano\u010dn\u00e9 fotenie"},"content":{"rendered":"<h5>Vianoce sa bl\u00ed\u017eia a v\u0161etci sa te\u0161\u00edme, ako ich str\u00e1vime v kruhu najbli\u017e\u0161\u00edch. Mo\u017eno sa v\u0161ak nebudeme m\u00f4c\u0165 osobne stretn\u00fa\u0165 so v\u0161etk\u00fdmi, na ktor\u00fdch n\u00e1m tak z\u00e1le\u017e\u00ed. Preto v\u00e1m prin\u00e1\u0161ame tip, ako ich pote\u0161i\u0165 na Vianoce na dia\u013eku, viano\u010dn\u00fdm prian\u00edm.<\/h5>\n<p>Viano\u010dn\u00e9 fotky doma v ob\u00fdva\u010dke alebo v zimnej z\u00e1hrade dokonale doladia va\u0161e viano\u010dn\u00e9 priania \u010di poh\u013eadnice. Nielen\u017ee pri tom za\u017eijete ve\u013ea z\u00e1bavy, ale vyfot\u00edte aj kr\u00e1snu fotku, v\u010faka ktorej poprajete v\u0161etk\u00fdm svojim bl\u00edzkym kr\u00e1sne Vianoce.<\/p>\n<figure id=\"attachment_11691\" aria-describedby=\"caption-attachment-11691\" style=\"width: 1920px\" class=\"wp-caption alignnone\"><img decoding=\"async\" loading=\"lazy\" class=\"wp-image-11691 size-full\" src=\"https:\/\/blog.fotolab.sk\/wp-content\/uploads\/2020\/12\/a3VUeEpOOFY5c1VxM0szMHFnbGdRVDJaeW90SVZHTndWK2NSRHJ3WFExZz0.jpg\" alt=\"\" width=\"1920\" height=\"1212\" \/><figcaption id=\"caption-attachment-11691\" class=\"wp-caption-text\">Vtipn\u00e9 a elegantn\u00e9: na\u0161e viano\u010dn\u00e9 priania vyzeraj\u00fa obzvl\u00e1\u0161\u0165 sl\u00e1vnostne s povrchov\u00fdm zlat\u00fdm, strieborn\u00fdm alebo zlato-ru\u017eov\u00fdm efektom.<\/figcaption><\/figure>\n<p>&nbsp;<\/p>\n<p>Ako ale nafoti\u0165 tie spr\u00e1vne viano\u010dn\u00e9 fotky? Nepotrebujete profesion\u00e1lne vybavenie, sta\u010dia viano\u010dn\u00e9 dekor\u00e1cie, ako s\u00fa svetielka alebo viano\u010dn\u00e9 \u010diapky. Uvid\u00edte sami, ako sa skvele nalad\u00edte na t\u00fa prav\u00fa viano\u010dn\u00fa n\u00e1ladu.<\/p>\n<p><a href=\"https:\/\/www.cewe.sk\/vianocne-pohladnice\" target=\"_blank\" rel=\"noopener noreferrer\">Vytvori\u0165 viano\u010dn\u00e9 CEWE poh\u013eadnice<\/a><\/p>\n<h5>1. Lesk svetiel pre t\u00fa prav\u00fa viano\u010dn\u00fa atmosf\u00e9ru<\/h5>\n<p>Desiatky mal\u00fdch svetielok, ktor\u00e9 pripom\u00ednaj\u00fa svetlu\u0161ky v noci sa postaraj\u00fa o jemn\u00e9 akcenty: Sveteln\u00e1 re\u0165az je tak ide\u00e1lna dekor\u00e1cia pre viano\u010dn\u00e9 fotenie. Vytvor\u00ed \u013eahko a r\u00fdchlo tepl\u00e9 a \u00fatuln\u00e9 prostredie. Svetielka pritiahnu pozornos\u0165 k hlavn\u00e9mu mot\u00edvu celej fotky.<\/p>\n<figure id=\"attachment_11692\" aria-describedby=\"caption-attachment-11692\" style=\"width: 1920px\" class=\"wp-caption alignnone\"><img decoding=\"async\" loading=\"lazy\" class=\"wp-image-11692 size-full\" src=\"https:\/\/blog.fotolab.sk\/wp-content\/uploads\/2020\/12\/YU9yRHZyaFBvNUllekNyS2p2U1pORDJaeW90SVZHTndWK2NSRHJ3WFExZz0.jpg\" alt=\"\" width=\"1920\" height=\"1212\" \/><figcaption id=\"caption-attachment-11692\" class=\"wp-caption-text\">Sveteln\u00e1 re\u0165az je perfektn\u00e1 pre navodenie tej spr\u00e1vnej viano\u010dnej atmosf\u00e9ry.<\/figcaption><\/figure>\n<p>&nbsp;<\/p>\n<p>Okolie by malo by\u0165 trochu tmav\u0161ie, aby svetielka kr\u00e1sne presvetlili va\u0161u rodinku. Pre tento typ fotenia odpor\u00fa\u010dame LED sveteln\u00e9 zdroje, nezahrievaj\u00fa sa a v\u0161etko je bezpe\u010dn\u00e9. U dospel\u00fdch tento efekt p\u00f4sob\u00ed umelecky a u det\u00ed zasa hravo. Ka\u017edop\u00e1dne v\u00fdsledn\u00fd efekt bude st\u00e1\u0165 za to.<\/p>\n<h5>2. Sladk\u00e1 detsk\u00e1 l\u00e1ska<\/h5>\n<p>Aj u n\u00e1s u\u017e sa ve\u013emi \u010dasto objavuj\u00fa americk\u00e9 viano\u010dn\u00e9 zvyky, ako s\u00fa viano\u010dn\u00e9 svetre s vtipn\u00fdmi viano\u010dn\u00fdmi mot\u00edvmi, ktor\u00e9 sa nosia nielen cez sviatky, ale u\u017e aj na firemn\u00fdch ve\u010dierkoch. Popul\u00e1rne s\u00fa aj \u010derven\u00e9 \u010diapky alebo sobie rohy ako \u010delenka. Pre\u010do teda nevyu\u017ei\u0165 tieto rekvizity aj pre viano\u010dn\u00e9 fotenie doma?<\/p>\n<figure id=\"attachment_11690\" aria-describedby=\"caption-attachment-11690\" style=\"width: 1920px\" class=\"wp-caption alignnone\"><img decoding=\"async\" loading=\"lazy\" class=\"wp-image-11690 size-full\" src=\"https:\/\/blog.fotolab.sk\/wp-content\/uploads\/2020\/12\/OWliMjYwSE9sbG9Qa2IrUmF2ZThYVDJaeW90SVZHTndWK2NSRHJ3WFExZz0.jpg\" alt=\"\" width=\"1920\" height=\"1212\" \/><figcaption id=\"caption-attachment-11690\" class=\"wp-caption-text\">S\u00farodeneck\u00fa l\u00e1sku doladia oblie\u010dky s viano\u010dnou tematikou.<\/figcaption><\/figure>\n<p>&nbsp;<\/p>\n<p>Deti s\u00fa obzvl\u00e1\u0161\u0165 roztomil\u00e9, ke\u010f nosia rovnak\u00e9 viano\u010dn\u00e9 oble\u010denie. A \u010do potom fotka, kde sa vy a v\u00e1\u0161 dom\u00e1ci mil\u00e1\u010dik smejete do kamery? Tak vznikaj\u00fa tie najvtipnej\u0161ie fotky, ktor\u00e9 rozosmej\u00fa v\u00e1s aj t\u00fdch, ktor\u00fdm pr\u00eddu po\u0161tou.<\/p>\n<h5>3. Fotenie s dom\u00e1cimi mil\u00e1\u010dikmi<\/h5>\n<p>V\u00e1\u0161 pes so sob\u00edmi rohmi alebo ma\u010di\u010dka s viano\u010dnou \u010dapicou zaru\u010dene pobav\u00ed ka\u017ed\u00e9ho. Chcete na viano\u010dnom \u017eelan\u00ed aj svojho mazn\u00e1\u010dika? Tak hlavne nech je to z\u00e1bava aj pre nich. Ur\u010dite v\u00e1m to daj\u00fa hne\u010f najavo. Keby s vami mil\u00e1\u010dikovia t\u00fa rados\u0165 nezdie\u013eali, fotky sa daj\u00fa upravi\u0165 aj priamo pri zostavovan\u00ed viano\u010dn\u00e9ho priania. Pridajte miesto \u0148uf\u00e1ku \u010derven\u00fa bambu\u013eku pomocou klipartov. Aj tak bude fotka dokonal\u00e1.<\/p>\n<figure id=\"attachment_11688\" aria-describedby=\"caption-attachment-11688\" style=\"width: 1920px\" class=\"wp-caption alignnone\"><img decoding=\"async\" loading=\"lazy\" class=\"wp-image-11688 size-full\" src=\"https:\/\/blog.fotolab.sk\/wp-content\/uploads\/2020\/12\/OWsvT2RtWE9UbDJmSFBQZFJYaWFTejJaeW90SVZHTndWK2NSRHJ3WFExZz0.jpg\" alt=\"\" width=\"1920\" height=\"1212\" \/><figcaption id=\"caption-attachment-11688\" class=\"wp-caption-text\">Zahr\u0148te do fotenia aj viano\u010dn\u00e9 rekvizity.<\/figcaption><\/figure>\n<p>&nbsp;<\/p>\n<p>\u017del\u00e1me v\u00e1m ve\u013ea z\u00e1bavy a radosti pri tvoren\u00ed.<\/p>\n","protected":false},"excerpt":{"rendered":"<p>Vianoce sa bl\u00ed\u017eia a v\u0161etci sa te\u0161\u00edme, ako ich str\u00e1vime v kruhu najbli\u017e\u0161\u00edch. Mo\u017eno sa v\u0161ak nebudeme m\u00f4c\u0165 osobne stretn\u00fa\u0165 so v\u0161etk\u00fdmi, na ktor\u00fdch n\u00e1m tak z\u00e1le\u017e\u00ed. Preto v\u00e1m prin\u00e1\u0161ame tip, ako ich pote\u0161i\u0165 na Vianoce na dia\u013eku, viano\u010dn\u00fdm prian\u00edm. Viano\u010dn\u00e9 fotky doma v ob\u00fdva\u010dke alebo v zimnej z\u00e1hrade dokonale doladia va\u0161e viano\u010dn\u00e9 priania \u010di [&hellip;]<\/p>\n","protected":false},"author":41,"featured_media":11697,"comment_status":"open","ping_status":"open","sticky":false,"template":"","format":"standard","meta":[],"categories":[51,52],"tags":[107,96,93,97,119],"yoast_head":"<!-- This site is optimized with the Yoast SEO plugin v19.1 - https:\/\/yoast.com\/wordpress\/plugins\/seo\/ -->\n<title>Viano\u010dn\u00e9 poh\u013eadnice - n\u00e1pady pre va\u0161e viano\u010dn\u00e9 fotenie - CEWE Fotolab blog<\/title>\n<meta name=\"description\" content=\"Vianoce sa bl\u00ed\u017eia a v\u0161etci sa te\u0161\u00edme, ako ich str\u00e1vime v kruhu najbli\u017e\u0161\u00edch. Mo\u017eno sa v\u0161ak nebudeme m\u00f4c\u0165 osobne stretn\u00fa\u0165 so v\u0161etk\u00fdmi, na ktor\u00fdch n\u00e1m tak z\u00e1le\u017e\u00ed. Preto v\u00e1m prin\u00e1\u0161ame tip, ako ich pote\u0161i\u0165 na Vianoce na dia\u013eku, viano\u010dn\u00fdm prian\u00edm.\" \/>\n<meta name=\"robots\" content=\"index, follow, max-snippet:-1, max-image-preview:large, max-video-preview:-1\" \/>\n<link rel=\"canonical\" href=\"https:\/\/www.fotolab.sk\/blog\/vianocne-pohladnice-napady-pre-vase-vianocne-fotenie\/\" \/>\n<meta property=\"og:locale\" content=\"sk_SK\" \/>\n<meta property=\"og:type\" content=\"article\" \/>\n<meta property=\"og:title\" content=\"Viano\u010dn\u00e9 poh\u013eadnice - n\u00e1pady pre va\u0161e viano\u010dn\u00e9 fotenie - CEWE Fotolab blog\" \/>\n<meta property=\"og:description\" content=\"Vianoce sa bl\u00ed\u017eia a v\u0161etci sa te\u0161\u00edme, ako ich str\u00e1vime v kruhu najbli\u017e\u0161\u00edch. Mo\u017eno sa v\u0161ak nebudeme m\u00f4c\u0165 osobne stretn\u00fa\u0165 so v\u0161etk\u00fdmi, na ktor\u00fdch n\u00e1m tak z\u00e1le\u017e\u00ed. Preto v\u00e1m prin\u00e1\u0161ame tip, ako ich pote\u0161i\u0165 na Vianoce na dia\u013eku, viano\u010dn\u00fdm prian\u00edm.\" \/>\n<meta property=\"og:url\" content=\"https:\/\/www.fotolab.sk\/blog\/vianocne-pohladnice-napady-pre-vase-vianocne-fotenie\/\" \/>\n<meta property=\"og:site_name\" content=\"CEWE Fotolab blog\" \/>\n<meta property=\"article:published_time\" content=\"2021-11-12T11:10:57+00:00\" \/>\n<meta property=\"article:modified_time\" content=\"2021-11-22T10:16:59+00:00\" \/>\n<meta property=\"og:image\" content=\"https:\/\/blog.fotolab.sk\/wp-content\/uploads\/2020\/12\/title-pohladnice1.png\" \/>\n\t<meta property=\"og:image:width\" content=\"1731\" \/>\n\t<meta property=\"og:image:height\" content=\"632\" \/>\n\t<meta property=\"og:image:type\" content=\"image\/png\" \/>\n<meta name=\"twitter:label1\" content=\"Autor:\" \/>\n\t<meta name=\"twitter:data1\" content=\"Redakcia CEWE\" \/>\n\t<meta name=\"twitter:label2\" content=\"Predpokladan\u00fd \u010das \u010d\u00edtania\" \/>\n\t<meta name=\"twitter:data2\" content=\"3 min\u00faty\" \/>\n<script type=\"application\/ld+json\" class=\"yoast-schema-graph\">{\"@context\":\"https:\/\/schema.org\",\"@graph\":[{\"@type\":\"WebSite\",\"@id\":\"https:\/\/www.fotolab.sk\/blog\/#website\",\"url\":\"https:\/\/www.fotolab.sk\/blog\/\",\"name\":\"CEWE Fotolab blog\",\"description\":\"Blog ur\u010den\u00fd pre fan\u00fa\u0161ikov fotografie a sveta okolo nej.\",\"potentialAction\":[{\"@type\":\"SearchAction\",\"target\":{\"@type\":\"EntryPoint\",\"urlTemplate\":\"https:\/\/www.fotolab.sk\/blog\/?s={search_term_string}\"},\"query-input\":\"required name=search_term_string\"}],\"inLanguage\":\"sk-SK\"},{\"@type\":\"ImageObject\",\"inLanguage\":\"sk-SK\",\"@id\":\"https:\/\/www.fotolab.sk\/blog\/vianocne-pohladnice-napady-pre-vase-vianocne-fotenie\/#primaryimage\",\"url\":\"https:\/\/blog.fotolab.sk\/wp-content\/uploads\/2020\/12\/title-pohladnice1.png\",\"contentUrl\":\"https:\/\/blog.fotolab.sk\/wp-content\/uploads\/2020\/12\/title-pohladnice1.png\",\"width\":1731,\"height\":632},{\"@type\":\"WebPage\",\"@id\":\"https:\/\/www.fotolab.sk\/blog\/vianocne-pohladnice-napady-pre-vase-vianocne-fotenie\/#webpage\",\"url\":\"https:\/\/www.fotolab.sk\/blog\/vianocne-pohladnice-napady-pre-vase-vianocne-fotenie\/\",\"name\":\"Viano\u010dn\u00e9 poh\u013eadnice - n\u00e1pady pre va\u0161e viano\u010dn\u00e9 fotenie - CEWE Fotolab blog\",\"isPartOf\":{\"@id\":\"https:\/\/www.fotolab.sk\/blog\/#website\"},\"primaryImageOfPage\":{\"@id\":\"https:\/\/www.fotolab.sk\/blog\/vianocne-pohladnice-napady-pre-vase-vianocne-fotenie\/#primaryimage\"},\"datePublished\":\"2021-11-12T11:10:57+00:00\",\"dateModified\":\"2021-11-22T10:16:59+00:00\",\"author\":{\"@id\":\"https:\/\/www.fotolab.sk\/blog\/#\/schema\/person\/7857aea021b4560af0d06d2abe97110b\"},\"description\":\"Vianoce sa bl\u00ed\u017eia a v\u0161etci sa te\u0161\u00edme, ako ich str\u00e1vime v kruhu najbli\u017e\u0161\u00edch. Mo\u017eno sa v\u0161ak nebudeme m\u00f4c\u0165 osobne stretn\u00fa\u0165 so v\u0161etk\u00fdmi, na ktor\u00fdch n\u00e1m tak z\u00e1le\u017e\u00ed. Preto v\u00e1m prin\u00e1\u0161ame tip, ako ich pote\u0161i\u0165 na Vianoce na dia\u013eku, viano\u010dn\u00fdm prian\u00edm.\",\"breadcrumb\":{\"@id\":\"https:\/\/www.fotolab.sk\/blog\/vianocne-pohladnice-napady-pre-vase-vianocne-fotenie\/#breadcrumb\"},\"inLanguage\":\"sk-SK\",\"potentialAction\":[{\"@type\":\"ReadAction\",\"target\":[\"https:\/\/www.fotolab.sk\/blog\/vianocne-pohladnice-napady-pre-vase-vianocne-fotenie\/\"]}]},{\"@type\":\"BreadcrumbList\",\"@id\":\"https:\/\/www.fotolab.sk\/blog\/vianocne-pohladnice-napady-pre-vase-vianocne-fotenie\/#breadcrumb\",\"itemListElement\":[{\"@type\":\"ListItem\",\"position\":1,\"name\":\"Home\",\"item\":\"https:\/\/www.fotolab.sk\/blog\/\"},{\"@type\":\"ListItem\",\"position\":2,\"name\":\"Viano\u010dn\u00e9 poh\u013eadnice &#8211; n\u00e1pady pre va\u0161e viano\u010dn\u00e9 fotenie\"}]},{\"@type\":\"Person\",\"@id\":\"https:\/\/www.fotolab.sk\/blog\/#\/schema\/person\/7857aea021b4560af0d06d2abe97110b\",\"name\":\"Redakcia CEWE\",\"image\":{\"@type\":\"ImageObject\",\"inLanguage\":\"sk-SK\",\"@id\":\"https:\/\/www.fotolab.sk\/blog\/#\/schema\/person\/image\/\",\"url\":\"https:\/\/secure.gravatar.com\/avatar\/e27c65ada54cc066e94388632d402763?s=96&d=mm&r=g\",\"contentUrl\":\"https:\/\/secure.gravatar.com\/avatar\/e27c65ada54cc066e94388632d402763?s=96&d=mm&r=g\",\"caption\":\"Redakcia CEWE\"},\"sameAs\":[\"https:\/\/www.instagram.com\/cewe.sk\/\"],\"url\":\"https:\/\/www.fotolab.sk\/blog\/author\/cewe-redakcia\/\"}]}<\/script>\n<!-- \/ Yoast SEO plugin. -->","yoast_head_json":{"title":"Viano\u010dn\u00e9 poh\u013eadnice - n\u00e1pady pre va\u0161e viano\u010dn\u00e9 fotenie - CEWE Fotolab blog","description":"Vianoce sa bl\u00ed\u017eia a v\u0161etci sa te\u0161\u00edme, ako ich str\u00e1vime v kruhu najbli\u017e\u0161\u00edch. Mo\u017eno sa v\u0161ak nebudeme m\u00f4c\u0165 osobne stretn\u00fa\u0165 so v\u0161etk\u00fdmi, na ktor\u00fdch n\u00e1m tak z\u00e1le\u017e\u00ed. Preto v\u00e1m prin\u00e1\u0161ame tip, ako ich pote\u0161i\u0165 na Vianoce na dia\u013eku, viano\u010dn\u00fdm prian\u00edm.","robots":{"index":"index","follow":"follow","max-snippet":"max-snippet:-1","max-image-preview":"max-image-preview:large","max-video-preview":"max-video-preview:-1"},"canonical":"https:\/\/www.fotolab.sk\/blog\/vianocne-pohladnice-napady-pre-vase-vianocne-fotenie\/","og_locale":"sk_SK","og_type":"article","og_title":"Viano\u010dn\u00e9 poh\u013eadnice - n\u00e1pady pre va\u0161e viano\u010dn\u00e9 fotenie - CEWE Fotolab blog","og_description":"Vianoce sa bl\u00ed\u017eia a v\u0161etci sa te\u0161\u00edme, ako ich str\u00e1vime v kruhu najbli\u017e\u0161\u00edch. Mo\u017eno sa v\u0161ak nebudeme m\u00f4c\u0165 osobne stretn\u00fa\u0165 so v\u0161etk\u00fdmi, na ktor\u00fdch n\u00e1m tak z\u00e1le\u017e\u00ed. Preto v\u00e1m prin\u00e1\u0161ame tip, ako ich pote\u0161i\u0165 na Vianoce na dia\u013eku, viano\u010dn\u00fdm prian\u00edm.","og_url":"https:\/\/www.fotolab.sk\/blog\/vianocne-pohladnice-napady-pre-vase-vianocne-fotenie\/","og_site_name":"CEWE Fotolab blog","article_published_time":"2021-11-12T11:10:57+00:00","article_modified_time":"2021-11-22T10:16:59+00:00","og_image":[{"width":1731,"height":632,"url":"https:\/\/blog.fotolab.sk\/wp-content\/uploads\/2020\/12\/title-pohladnice1.png","type":"image\/png"}],"twitter_misc":{"Autor:":"Redakcia CEWE","Predpokladan\u00fd \u010das \u010d\u00edtania":"3 min\u00faty"},"schema":{"@context":"https:\/\/schema.org","@graph":[{"@type":"WebSite","@id":"https:\/\/www.fotolab.sk\/blog\/#website","url":"https:\/\/www.fotolab.sk\/blog\/","name":"CEWE Fotolab blog","description":"Blog ur\u010den\u00fd pre fan\u00fa\u0161ikov fotografie a sveta okolo nej.","potentialAction":[{"@type":"SearchAction","target":{"@type":"EntryPoint","urlTemplate":"https:\/\/www.fotolab.sk\/blog\/?s={search_term_string}"},"query-input":"required name=search_term_string"}],"inLanguage":"sk-SK"},{"@type":"ImageObject","inLanguage":"sk-SK","@id":"https:\/\/www.fotolab.sk\/blog\/vianocne-pohladnice-napady-pre-vase-vianocne-fotenie\/#primaryimage","url":"https:\/\/blog.fotolab.sk\/wp-content\/uploads\/2020\/12\/title-pohladnice1.png","contentUrl":"https:\/\/blog.fotolab.sk\/wp-content\/uploads\/2020\/12\/title-pohladnice1.png","width":1731,"height":632},{"@type":"WebPage","@id":"https:\/\/www.fotolab.sk\/blog\/vianocne-pohladnice-napady-pre-vase-vianocne-fotenie\/#webpage","url":"https:\/\/www.fotolab.sk\/blog\/vianocne-pohladnice-napady-pre-vase-vianocne-fotenie\/","name":"Viano\u010dn\u00e9 poh\u013eadnice - n\u00e1pady pre va\u0161e viano\u010dn\u00e9 fotenie - CEWE Fotolab blog","isPartOf":{"@id":"https:\/\/www.fotolab.sk\/blog\/#website"},"primaryImageOfPage":{"@id":"https:\/\/www.fotolab.sk\/blog\/vianocne-pohladnice-napady-pre-vase-vianocne-fotenie\/#primaryimage"},"datePublished":"2021-11-12T11:10:57+00:00","dateModified":"2021-11-22T10:16:59+00:00","author":{"@id":"https:\/\/www.fotolab.sk\/blog\/#\/schema\/person\/7857aea021b4560af0d06d2abe97110b"},"description":"Vianoce sa bl\u00ed\u017eia a v\u0161etci sa te\u0161\u00edme, ako ich str\u00e1vime v kruhu najbli\u017e\u0161\u00edch. Mo\u017eno sa v\u0161ak nebudeme m\u00f4c\u0165 osobne stretn\u00fa\u0165 so v\u0161etk\u00fdmi, na ktor\u00fdch n\u00e1m tak z\u00e1le\u017e\u00ed. Preto v\u00e1m prin\u00e1\u0161ame tip, ako ich pote\u0161i\u0165 na Vianoce na dia\u013eku, viano\u010dn\u00fdm prian\u00edm.","breadcrumb":{"@id":"https:\/\/www.fotolab.sk\/blog\/vianocne-pohladnice-napady-pre-vase-vianocne-fotenie\/#breadcrumb"},"inLanguage":"sk-SK","potentialAction":[{"@type":"ReadAction","target":["https:\/\/www.fotolab.sk\/blog\/vianocne-pohladnice-napady-pre-vase-vianocne-fotenie\/"]}]},{"@type":"BreadcrumbList","@id":"https:\/\/www.fotolab.sk\/blog\/vianocne-pohladnice-napady-pre-vase-vianocne-fotenie\/#breadcrumb","itemListElement":[{"@type":"ListItem","position":1,"name":"Home","item":"https:\/\/www.fotolab.sk\/blog\/"},{"@type":"ListItem","position":2,"name":"Viano\u010dn\u00e9 poh\u013eadnice &#8211; n\u00e1pady pre va\u0161e viano\u010dn\u00e9 fotenie"}]},{"@type":"Person","@id":"https:\/\/www.fotolab.sk\/blog\/#\/schema\/person\/7857aea021b4560af0d06d2abe97110b","name":"Redakcia CEWE","image":{"@type":"ImageObject","inLanguage":"sk-SK","@id":"https:\/\/www.fotolab.sk\/blog\/#\/schema\/person\/image\/","url":"https:\/\/secure.gravatar.com\/avatar\/e27c65ada54cc066e94388632d402763?s=96&d=mm&r=g","contentUrl":"https:\/\/secure.gravatar.com\/avatar\/e27c65ada54cc066e94388632d402763?s=96&d=mm&r=g","caption":"Redakcia CEWE"},"sameAs":["https:\/\/www.instagram.com\/cewe.sk\/"],"url":"https:\/\/www.fotolab.sk\/blog\/author\/cewe-redakcia\/"}]}},"_links":{"self":[{"href":"https:\/\/www.fotolab.sk\/blog\/wp-json\/wp\/v2\/posts\/11686"}],"collection":[{"href":"https:\/\/www.fotolab.sk\/blog\/wp-json\/wp\/v2\/posts"}],"about":[{"href":"https:\/\/www.fotolab.sk\/blog\/wp-json\/wp\/v2\/types\/post"}],"author":[{"embeddable":true,"href":"https:\/\/www.fotolab.sk\/blog\/wp-json\/wp\/v2\/users\/41"}],"replies":[{"embeddable":true,"href":"https:\/\/www.fotolab.sk\/blog\/wp-json\/wp\/v2\/comments?post=11686"}],"version-history":[{"count":6,"href":"https:\/\/www.fotolab.sk\/blog\/wp-json\/wp\/v2\/posts\/11686\/revisions"}],"predecessor-version":[{"id":12779,"href":"https:\/\/www.fotolab.sk\/blog\/wp-json\/wp\/v2\/posts\/11686\/revisions\/12779"}],"wp:featuredmedia":[{"embeddable":true,"href":"https:\/\/www.fotolab.sk\/blog\/wp-json\/wp\/v2\/media\/11697"}],"wp:attachment":[{"href":"https:\/\/www.fotolab.sk\/blog\/wp-json\/wp\/v2\/media?parent=11686"}],"wp:term":[{"taxonomy":"category","embeddable":true,"href":"https:\/\/www.fotolab.sk\/blog\/wp-json\/wp\/v2\/categories?post=11686"},{"taxonomy":"post_tag","embeddable":true,"href":"https:\/\/www.fotolab.sk\/blog\/wp-json\/wp\/v2\/tags?post=11686"}],"curies":[{"name":"wp","href":"https:\/\/api.w.org\/{rel}","templated":true}]}}