
{"id":11493,"date":"2020-11-05T12:07:05","date_gmt":"2020-11-05T11:07:05","guid":{"rendered":"https:\/\/www.fotolab.sk\/blog\/?p=11493"},"modified":"2020-11-19T17:01:33","modified_gmt":"2020-11-19T16:01:33","slug":"rozhovor-ria-zeliskova-rocenka-vinarovej-zeny","status":"publish","type":"post","link":"https:\/\/www.fotolab.sk\/blog\/rozhovor-ria-zeliskova-rocenka-vinarovej-zeny\/","title":{"rendered":"Rozhovor: Ria Zeliskov\u00e1 &#8211; ro\u010denka vin\u00e1rovej \u017eeny"},"content":{"rendered":"<h5>Porozpr\u00e1vali sme sa s Riou Zeliskovou a.k.a. Vin\u00e1rovou \u017eenou. Ak jej n\u00e1dhern\u00fd profil na <span style=\"color: #800000;\"><a style=\"color: #800000;\" href=\"https:\/\/www.instagram.com\/vinarovazena\/\" target=\"_blank\" rel=\"noopener noreferrer\">Instagrame<\/a><\/span> e\u0161te nesledujete, mus\u00edte to ur\u010dite napravi\u0165.<\/h5>\n<p><img decoding=\"async\" loading=\"lazy\" class=\"alignnone size-full wp-image-11498\" src=\"https:\/\/blog.fotolab.sk\/wp-content\/uploads\/2020\/11\/IMG_8061.jpg\" alt=\"\" width=\"1280\" height=\"853\" \/><\/p>\n<h5>Ak\u00fd bol pre v\u00e1s rok 2020?<\/h5>\n<p>Rok 2020 si pre n\u00e1s pripravil obrovsk\u00e9 v\u00fdzvy. Ne\u010dakan\u00e9 \u0161tvrt\u00e9 tehotenstvo a\u00a0 pand\u00e9mia n\u00e1s prin\u00fatili zamyslie\u0165 sa nad nov\u00fdmi cestami n\u00e1\u0161ho rodinn\u00e9ho a pracovn\u00e9ho \u017eivota. Na\u0161\u0165astie v\u00fdzvy prij\u00edmame v\u017edy odhodlane a v\u0161etko sme zvl\u00e1dli za pomoci na\u0161ej rodiny a priate\u013eov. Kr\u00edzou sme sa nenechali zastra\u0161i\u0165 a vymysleli sme si nov\u00e9 zauj\u00edmav\u00e9 projekty a na b\u00e1b\u00e4tko sme sa cel\u00e1 rodina ve\u013emi te\u0161ili. Posledn\u00e1 dc\u00e9rka k n\u00e1m pri\u0161la v okt\u00f3bri a \u017eivot sa stal e\u0161te kraj\u0161\u00edm a r\u00fdchlej\u0161\u00edm.<\/p>\n<p><img decoding=\"async\" loading=\"lazy\" class=\"alignnone size-full wp-image-11499\" src=\"https:\/\/blog.fotolab.sk\/wp-content\/uploads\/2020\/11\/IMG_0545.jpg\" alt=\"\" width=\"1280\" height=\"853\" \/><\/p>\n<h5>Ako ste sa vlastne dostali k\u00a0CEWE FOTOKNIHE?<\/h5>\n<p>O CEWE FOTOKNIHE som sa dopo\u010dula v\u010faka soci\u00e1lnym sie\u0165am. Zaujala ma my\u0161lienka, \u017ee cel\u00fd n\u00e1\u0161 rok si m\u00f4\u017eeme takto zdokumentova\u0165 na jednom mieste a spravi\u0165 si z toho tak\u00fa na\u0161u rodinn\u00fa kroniku.<\/p>\n<h5><img decoding=\"async\" loading=\"lazy\" class=\"alignnone size-full wp-image-11500\" src=\"https:\/\/blog.fotolab.sk\/wp-content\/uploads\/2020\/11\/kniha-fotenie.jpg\" alt=\"\" width=\"1235\" height=\"1024\" \/><\/h5>\n<h5>\u010co vravia na CEWE FOTOKNIHU va\u0161i zn\u00e1mi? Listuj\u00fa si ju, ke\u010f pr\u00eddu na n\u00e1v\u0161tevu?<\/h5>\n<p>Deti ju samozrejme hne\u010f vy\u0165ahuj\u00fa, ke\u010f m\u00e1me n\u00e1v\u0161tevu a chc\u00fa sa pochv\u00e1li\u0165 svojim star\u00fdm rodi\u010dom aj tet\u00e1m. Vlastne kv\u00f4li nim by sme potrebovali tri knihy, lebo v\u00e4\u010d\u0161inou sa predbiehaj\u00fa, kto sk\u00f4r uk\u00e1\u017ee svoju osobu na fotk\u00e1ch. \ud83d\ude42<\/p>\n<p><img decoding=\"async\" loading=\"lazy\" class=\"alignnone size-full wp-image-11501\" src=\"https:\/\/blog.fotolab.sk\/wp-content\/uploads\/2020\/11\/IMG_8656.jpg\" alt=\"\" width=\"1280\" height=\"853\" \/><\/p>\n<h5>Ako sa v\u00e1m tvor\u00ed v\u00a0na\u0161om softv\u00e9ri?<\/h5>\n<p>P\u00e1\u010di sa mi, \u017ee je naozaj preh\u013eadne spracovan\u00fd. Pr\u00e1ca v \u0148om bola r\u00fdchla a jednoduch\u00e1. CEWE FOTOKNIHU si ka\u017ed\u00fd prisp\u00f4sob\u00ed pod\u013ea seba, ke\u010f\u017ee tam n\u00e1jde viacero mo\u017enost\u00ed na tvorbu.<\/p>\n<h5>M\u00e1te nejak\u00fd tip ako urobi\u0165 pekn\u00fa CEWE FOTOKNIHU?<\/h5>\n<p>Asi by som si dopriala aj fotenie s profi fotografom. Tie fotky maj\u00fa \u00faplne in\u00fa hodnotu a feeling. Vo fotoknihe ich potom pekne zapasova\u0165 pomedzi fotky z be\u017en\u00e9ho \u017eivota. Ja som tro\u0161ku detailista na farby, tak\u017ee by som sa odpor\u00fa\u010dala farebne str\u00e1nky pekne skombinova\u0165, aby lahodili oku.<\/p>\n<p><img decoding=\"async\" loading=\"lazy\" class=\"alignnone size-full wp-image-11502\" src=\"https:\/\/blog.fotolab.sk\/wp-content\/uploads\/2020\/11\/IMG_7907.jpg\" alt=\"\" width=\"1280\" height=\"853\" \/><\/p>\n<h5>\u010co pl\u00e1nujete v roku 2021?<\/h5>\n<p>Milujem pl\u00e1novanie a organizovanie na\u0161ich dn\u00ed \u010di eventov, no nateraz sa rad\u0161ej neodhodl\u00e1m sn\u00edva\u0165 o roku 2021. Ve\u013ea vec\u00ed sa n\u00e1m tento rok zru\u0161ilo a my sme boli smutn\u00ed. Najviac deti \u017eialili za zru\u0161enou dovolenkou pri mori, to by som im rada vynahradila v bud\u00facom roku. Ale uvid\u00edme, \u010di sa podar\u00ed. V\u0161etko nech\u00e1vame otvoren\u00e9 a uvid\u00edme, kam n\u00e1s zaveje nov\u00fd \u201cro\u010dn\u00edk\u201d.<\/p>\n<p><img decoding=\"async\" loading=\"lazy\" class=\"alignnone size-full wp-image-11605\" src=\"https:\/\/blog.fotolab.sk\/wp-content\/uploads\/2020\/11\/DSC01100-1.jpg\" alt=\"\" width=\"1080\" height=\"720\" \/><\/p>\n<p>\u010eakujeme za rozhovor a \u017eel\u00e1me ve\u013ea \u0161\u0165astia a l\u00e1sky v kruhu rodiny.<\/p>\n","protected":false},"excerpt":{"rendered":"<p>Porozpr\u00e1vali sme sa s Riou Zeliskovou a.k.a. Vin\u00e1rovou \u017eenou. Ak jej n\u00e1dhern\u00fd profil na Instagrame e\u0161te nesledujete, mus\u00edte to ur\u010dite napravi\u0165. Ak\u00fd bol pre v\u00e1s rok 2020? Rok 2020 si pre n\u00e1s pripravil obrovsk\u00e9 v\u00fdzvy. Ne\u010dakan\u00e9 \u0161tvrt\u00e9 tehotenstvo a\u00a0 pand\u00e9mia n\u00e1s prin\u00fatili zamyslie\u0165 sa nad nov\u00fdmi cestami n\u00e1\u0161ho rodinn\u00e9ho a pracovn\u00e9ho \u017eivota. Na\u0161\u0165astie v\u00fdzvy prij\u00edmame [&hellip;]<\/p>\n","protected":false},"author":41,"featured_media":11507,"comment_status":"open","ping_status":"open","sticky":false,"template":"","format":"standard","meta":[],"categories":[51,50],"tags":[107,81,77,136],"yoast_head":"<!-- This site is optimized with the Yoast SEO plugin v19.1 - https:\/\/yoast.com\/wordpress\/plugins\/seo\/ -->\n<title>Rozhovor: Ria Zeliskov\u00e1 - ro\u010denka vin\u00e1rovej \u017eeny - CEWE Fotolab blog<\/title>\n<meta name=\"description\" content=\"Porozpr\u00e1vali sme sa s Riou Zeliskovou a.k.a. Vin\u00e1rovou \u017eenou. Ak jej n\u00e1dhern\u00fd profil na Instagrame e\u0161te nesledujete, mus\u00edte to ur\u010dite napravi\u0165.\" \/>\n<meta name=\"robots\" content=\"index, follow, max-snippet:-1, max-image-preview:large, max-video-preview:-1\" \/>\n<link rel=\"canonical\" href=\"https:\/\/www.fotolab.sk\/blog\/rozhovor-ria-zeliskova-rocenka-vinarovej-zeny\/\" \/>\n<meta property=\"og:locale\" content=\"sk_SK\" \/>\n<meta property=\"og:type\" content=\"article\" \/>\n<meta property=\"og:title\" content=\"Rozhovor: Ria Zeliskov\u00e1 - ro\u010denka vin\u00e1rovej \u017eeny - CEWE Fotolab blog\" \/>\n<meta property=\"og:description\" content=\"Porozpr\u00e1vali sme sa s Riou Zeliskovou a.k.a. Vin\u00e1rovou \u017eenou. Ak jej n\u00e1dhern\u00fd profil na Instagrame e\u0161te nesledujete, mus\u00edte to ur\u010dite napravi\u0165.\" \/>\n<meta property=\"og:url\" content=\"https:\/\/www.fotolab.sk\/blog\/rozhovor-ria-zeliskova-rocenka-vinarovej-zeny\/\" \/>\n<meta property=\"og:site_name\" content=\"CEWE Fotolab blog\" \/>\n<meta property=\"article:published_time\" content=\"2020-11-05T11:07:05+00:00\" \/>\n<meta property=\"article:modified_time\" content=\"2020-11-19T16:01:33+00:00\" \/>\n<meta name=\"twitter:label1\" content=\"Autor:\" \/>\n\t<meta name=\"twitter:data1\" content=\"Redakcia CEWE\" \/>\n\t<meta name=\"twitter:label2\" content=\"Predpokladan\u00fd \u010das \u010d\u00edtania\" \/>\n\t<meta name=\"twitter:data2\" content=\"2 min\u00faty\" \/>\n<script type=\"application\/ld+json\" class=\"yoast-schema-graph\">{\"@context\":\"https:\/\/schema.org\",\"@graph\":[{\"@type\":\"WebSite\",\"@id\":\"https:\/\/www.fotolab.sk\/blog\/#website\",\"url\":\"https:\/\/www.fotolab.sk\/blog\/\",\"name\":\"CEWE Fotolab blog\",\"description\":\"Blog ur\u010den\u00fd pre fan\u00fa\u0161ikov fotografie a sveta okolo nej.\",\"potentialAction\":[{\"@type\":\"SearchAction\",\"target\":{\"@type\":\"EntryPoint\",\"urlTemplate\":\"https:\/\/www.fotolab.sk\/blog\/?s={search_term_string}\"},\"query-input\":\"required name=search_term_string\"}],\"inLanguage\":\"sk-SK\"},{\"@type\":\"ImageObject\",\"inLanguage\":\"sk-SK\",\"@id\":\"https:\/\/www.fotolab.sk\/blog\/rozhovor-ria-zeliskova-rocenka-vinarovej-zeny\/#primaryimage\",\"url\":\"https:\/\/blog.fotolab.sk\/wp-content\/uploads\/2020\/11\/vinarova-zena-title-new.png\",\"contentUrl\":\"https:\/\/blog.fotolab.sk\/wp-content\/uploads\/2020\/11\/vinarova-zena-title-new.png\",\"width\":1540,\"height\":908},{\"@type\":\"WebPage\",\"@id\":\"https:\/\/www.fotolab.sk\/blog\/rozhovor-ria-zeliskova-rocenka-vinarovej-zeny\/#webpage\",\"url\":\"https:\/\/www.fotolab.sk\/blog\/rozhovor-ria-zeliskova-rocenka-vinarovej-zeny\/\",\"name\":\"Rozhovor: Ria Zeliskov\u00e1 - ro\u010denka vin\u00e1rovej \u017eeny - CEWE Fotolab blog\",\"isPartOf\":{\"@id\":\"https:\/\/www.fotolab.sk\/blog\/#website\"},\"primaryImageOfPage\":{\"@id\":\"https:\/\/www.fotolab.sk\/blog\/rozhovor-ria-zeliskova-rocenka-vinarovej-zeny\/#primaryimage\"},\"datePublished\":\"2020-11-05T11:07:05+00:00\",\"dateModified\":\"2020-11-19T16:01:33+00:00\",\"author\":{\"@id\":\"https:\/\/www.fotolab.sk\/blog\/#\/schema\/person\/7857aea021b4560af0d06d2abe97110b\"},\"description\":\"Porozpr\u00e1vali sme sa s Riou Zeliskovou a.k.a. Vin\u00e1rovou \u017eenou. Ak jej n\u00e1dhern\u00fd profil na Instagrame e\u0161te nesledujete, mus\u00edte to ur\u010dite napravi\u0165.\",\"breadcrumb\":{\"@id\":\"https:\/\/www.fotolab.sk\/blog\/rozhovor-ria-zeliskova-rocenka-vinarovej-zeny\/#breadcrumb\"},\"inLanguage\":\"sk-SK\",\"potentialAction\":[{\"@type\":\"ReadAction\",\"target\":[\"https:\/\/www.fotolab.sk\/blog\/rozhovor-ria-zeliskova-rocenka-vinarovej-zeny\/\"]}]},{\"@type\":\"BreadcrumbList\",\"@id\":\"https:\/\/www.fotolab.sk\/blog\/rozhovor-ria-zeliskova-rocenka-vinarovej-zeny\/#breadcrumb\",\"itemListElement\":[{\"@type\":\"ListItem\",\"position\":1,\"name\":\"Home\",\"item\":\"https:\/\/www.fotolab.sk\/blog\/\"},{\"@type\":\"ListItem\",\"position\":2,\"name\":\"Rozhovor: Ria Zeliskov\u00e1 &#8211; ro\u010denka vin\u00e1rovej \u017eeny\"}]},{\"@type\":\"Person\",\"@id\":\"https:\/\/www.fotolab.sk\/blog\/#\/schema\/person\/7857aea021b4560af0d06d2abe97110b\",\"name\":\"Redakcia CEWE\",\"image\":{\"@type\":\"ImageObject\",\"inLanguage\":\"sk-SK\",\"@id\":\"https:\/\/www.fotolab.sk\/blog\/#\/schema\/person\/image\/\",\"url\":\"https:\/\/secure.gravatar.com\/avatar\/e27c65ada54cc066e94388632d402763?s=96&d=mm&r=g\",\"contentUrl\":\"https:\/\/secure.gravatar.com\/avatar\/e27c65ada54cc066e94388632d402763?s=96&d=mm&r=g\",\"caption\":\"Redakcia CEWE\"},\"sameAs\":[\"https:\/\/www.instagram.com\/cewe.sk\/\"],\"url\":\"https:\/\/www.fotolab.sk\/blog\/author\/cewe-redakcia\/\"}]}<\/script>\n<!-- \/ Yoast SEO plugin. -->","yoast_head_json":{"title":"Rozhovor: Ria Zeliskov\u00e1 - ro\u010denka vin\u00e1rovej \u017eeny - CEWE Fotolab blog","description":"Porozpr\u00e1vali sme sa s Riou Zeliskovou a.k.a. Vin\u00e1rovou \u017eenou. Ak jej n\u00e1dhern\u00fd profil na Instagrame e\u0161te nesledujete, mus\u00edte to ur\u010dite napravi\u0165.","robots":{"index":"index","follow":"follow","max-snippet":"max-snippet:-1","max-image-preview":"max-image-preview:large","max-video-preview":"max-video-preview:-1"},"canonical":"https:\/\/www.fotolab.sk\/blog\/rozhovor-ria-zeliskova-rocenka-vinarovej-zeny\/","og_locale":"sk_SK","og_type":"article","og_title":"Rozhovor: Ria Zeliskov\u00e1 - ro\u010denka vin\u00e1rovej \u017eeny - CEWE Fotolab blog","og_description":"Porozpr\u00e1vali sme sa s Riou Zeliskovou a.k.a. Vin\u00e1rovou \u017eenou. Ak jej n\u00e1dhern\u00fd profil na Instagrame e\u0161te nesledujete, mus\u00edte to ur\u010dite napravi\u0165.","og_url":"https:\/\/www.fotolab.sk\/blog\/rozhovor-ria-zeliskova-rocenka-vinarovej-zeny\/","og_site_name":"CEWE Fotolab blog","article_published_time":"2020-11-05T11:07:05+00:00","article_modified_time":"2020-11-19T16:01:33+00:00","twitter_misc":{"Autor:":"Redakcia CEWE","Predpokladan\u00fd \u010das \u010d\u00edtania":"2 min\u00faty"},"schema":{"@context":"https:\/\/schema.org","@graph":[{"@type":"WebSite","@id":"https:\/\/www.fotolab.sk\/blog\/#website","url":"https:\/\/www.fotolab.sk\/blog\/","name":"CEWE Fotolab blog","description":"Blog ur\u010den\u00fd pre fan\u00fa\u0161ikov fotografie a sveta okolo nej.","potentialAction":[{"@type":"SearchAction","target":{"@type":"EntryPoint","urlTemplate":"https:\/\/www.fotolab.sk\/blog\/?s={search_term_string}"},"query-input":"required name=search_term_string"}],"inLanguage":"sk-SK"},{"@type":"ImageObject","inLanguage":"sk-SK","@id":"https:\/\/www.fotolab.sk\/blog\/rozhovor-ria-zeliskova-rocenka-vinarovej-zeny\/#primaryimage","url":"https:\/\/blog.fotolab.sk\/wp-content\/uploads\/2020\/11\/vinarova-zena-title-new.png","contentUrl":"https:\/\/blog.fotolab.sk\/wp-content\/uploads\/2020\/11\/vinarova-zena-title-new.png","width":1540,"height":908},{"@type":"WebPage","@id":"https:\/\/www.fotolab.sk\/blog\/rozhovor-ria-zeliskova-rocenka-vinarovej-zeny\/#webpage","url":"https:\/\/www.fotolab.sk\/blog\/rozhovor-ria-zeliskova-rocenka-vinarovej-zeny\/","name":"Rozhovor: Ria Zeliskov\u00e1 - ro\u010denka vin\u00e1rovej \u017eeny - CEWE Fotolab blog","isPartOf":{"@id":"https:\/\/www.fotolab.sk\/blog\/#website"},"primaryImageOfPage":{"@id":"https:\/\/www.fotolab.sk\/blog\/rozhovor-ria-zeliskova-rocenka-vinarovej-zeny\/#primaryimage"},"datePublished":"2020-11-05T11:07:05+00:00","dateModified":"2020-11-19T16:01:33+00:00","author":{"@id":"https:\/\/www.fotolab.sk\/blog\/#\/schema\/person\/7857aea021b4560af0d06d2abe97110b"},"description":"Porozpr\u00e1vali sme sa s Riou Zeliskovou a.k.a. Vin\u00e1rovou \u017eenou. Ak jej n\u00e1dhern\u00fd profil na Instagrame e\u0161te nesledujete, mus\u00edte to ur\u010dite napravi\u0165.","breadcrumb":{"@id":"https:\/\/www.fotolab.sk\/blog\/rozhovor-ria-zeliskova-rocenka-vinarovej-zeny\/#breadcrumb"},"inLanguage":"sk-SK","potentialAction":[{"@type":"ReadAction","target":["https:\/\/www.fotolab.sk\/blog\/rozhovor-ria-zeliskova-rocenka-vinarovej-zeny\/"]}]},{"@type":"BreadcrumbList","@id":"https:\/\/www.fotolab.sk\/blog\/rozhovor-ria-zeliskova-rocenka-vinarovej-zeny\/#breadcrumb","itemListElement":[{"@type":"ListItem","position":1,"name":"Home","item":"https:\/\/www.fotolab.sk\/blog\/"},{"@type":"ListItem","position":2,"name":"Rozhovor: Ria Zeliskov\u00e1 &#8211; ro\u010denka vin\u00e1rovej \u017eeny"}]},{"@type":"Person","@id":"https:\/\/www.fotolab.sk\/blog\/#\/schema\/person\/7857aea021b4560af0d06d2abe97110b","name":"Redakcia CEWE","image":{"@type":"ImageObject","inLanguage":"sk-SK","@id":"https:\/\/www.fotolab.sk\/blog\/#\/schema\/person\/image\/","url":"https:\/\/secure.gravatar.com\/avatar\/e27c65ada54cc066e94388632d402763?s=96&d=mm&r=g","contentUrl":"https:\/\/secure.gravatar.com\/avatar\/e27c65ada54cc066e94388632d402763?s=96&d=mm&r=g","caption":"Redakcia CEWE"},"sameAs":["https:\/\/www.instagram.com\/cewe.sk\/"],"url":"https:\/\/www.fotolab.sk\/blog\/author\/cewe-redakcia\/"}]}},"_links":{"self":[{"href":"https:\/\/www.fotolab.sk\/blog\/wp-json\/wp\/v2\/posts\/11493"}],"collection":[{"href":"https:\/\/www.fotolab.sk\/blog\/wp-json\/wp\/v2\/posts"}],"about":[{"href":"https:\/\/www.fotolab.sk\/blog\/wp-json\/wp\/v2\/types\/post"}],"author":[{"embeddable":true,"href":"https:\/\/www.fotolab.sk\/blog\/wp-json\/wp\/v2\/users\/41"}],"replies":[{"embeddable":true,"href":"https:\/\/www.fotolab.sk\/blog\/wp-json\/wp\/v2\/comments?post=11493"}],"version-history":[{"count":8,"href":"https:\/\/www.fotolab.sk\/blog\/wp-json\/wp\/v2\/posts\/11493\/revisions"}],"predecessor-version":[{"id":11607,"href":"https:\/\/www.fotolab.sk\/blog\/wp-json\/wp\/v2\/posts\/11493\/revisions\/11607"}],"wp:featuredmedia":[{"embeddable":true,"href":"https:\/\/www.fotolab.sk\/blog\/wp-json\/wp\/v2\/media\/11507"}],"wp:attachment":[{"href":"https:\/\/www.fotolab.sk\/blog\/wp-json\/wp\/v2\/media?parent=11493"}],"wp:term":[{"taxonomy":"category","embeddable":true,"href":"https:\/\/www.fotolab.sk\/blog\/wp-json\/wp\/v2\/categories?post=11493"},{"taxonomy":"post_tag","embeddable":true,"href":"https:\/\/www.fotolab.sk\/blog\/wp-json\/wp\/v2\/tags?post=11493"}],"curies":[{"name":"wp","href":"https:\/\/api.w.org\/{rel}","templated":true}]}}