
{"id":11328,"date":"2020-09-17T14:36:47","date_gmt":"2020-09-17T12:36:47","guid":{"rendered":"https:\/\/www.fotolab.sk\/blog\/?p=11328"},"modified":"2020-09-17T16:45:15","modified_gmt":"2020-09-17T14:45:15","slug":"olympus-ohlasuje-novy-vyvoj-firmveru","status":"publish","type":"post","link":"https:\/\/www.fotolab.sk\/blog\/olympus-ohlasuje-novy-vyvoj-firmveru\/","title":{"rendered":"Olympus ohlasuje nov\u00fd v\u00fdvoj firmv\u00e9ru pre modely E-M1X a E-M1III"},"content":{"rendered":"<h5 id=\"tw-target-text\" class=\"tw-data-text tw-text-large XcVN5d tw-ta\" dir=\"ltr\" data-placeholder=\"Translation\"><span lang=\"sk\">V\u00fdvoj firmv\u00e9ru pre video v\u00fdstup vo form\u00e1te RAW <\/span><\/h5>\n<p class=\"tw-data-text tw-text-large XcVN5d tw-ta\" dir=\"ltr\" data-placeholder=\"Translation\"><span lang=\"sk\">Spolo\u010dnos\u0165 Olympus oznamuje v\u00fdvoj firmv\u00e9ru, ktor\u00fd umo\u017e\u0148uje <strong>v\u00fdstup obrazov\u00fdch d\u00e1t vo form\u00e1te RAW z bezzrkadloviek Olympus OM-D E-M1X a Olympus OM-D E-M1 Mark III<\/strong> do monitorovacieho rekord\u00e9ra ATOMOS NINJA V HDR. D\u00e1ta sa bud\u00fa zaznamen\u00e1va\u0165 do zariadenia ATOMOS NINJA V ako Apple ProRes RAW s\u00a0malou d\u00e1tovou komprim\u00e1ciou. To poskytuje v\u00e4\u010d\u0161ie mo\u017enosti profesion\u00e1lnym \u00faprav\u00e1m a spracovaniu videoprodukcie, ako je \u00faprava expoz\u00edcie a vytv\u00e1ranie z\u00e1znamov s color gradingom<\/span><\/p>\n<p dir=\"ltr\" data-placeholder=\"Translation\"><img decoding=\"async\" loading=\"lazy\" class=\"alignnone size-full wp-image-11329\" src=\"https:\/\/blog.fotolab.sk\/wp-content\/uploads\/2020\/09\/Olympus-output.png\" alt=\"\" width=\"700\" height=\"452\" \/><\/p>\n<p class=\"tw-data-text tw-text-large XcVN5d tw-ta\" dir=\"ltr\" data-placeholder=\"Translation\"><span lang=\"sk\">Firmv\u00e9r sa vyv\u00edja v spolupr\u00e1ci so spolo\u010dnos\u0165ou ATOMOS a jeho vydanie je napl\u00e1novan\u00e9 na zimu 2020. <\/span>Spolo\u010dnos\u0165 Olympus bude aj na\u010falej podporova\u0165 profesion\u00e1lnu produkciu videa prostredn\u00edctvom svojho kompaktn\u00e9ho \u013eahk\u00e9ho syst\u00e9mu OMD. V\u010faka svojej bezkonkuren\u010dne v\u00fdkonnej 5-osej stabiliz\u00e1cii obrazu v tele s 5-osou synchroniz\u00e1ciou IS a z\u00e1znamu videa vo vysokom rozl\u00ed\u0161en\u00ed sa m\u00e1me na \u010do te\u0161i\u0165.<\/p>\n<p class=\"tw-data-text tw-text-large XcVN5d tw-ta\" dir=\"ltr\" data-placeholder=\"Translation\"><span lang=\"sk\">\u00a0<\/span><\/p>\n<p dir=\"ltr\" data-placeholder=\"Translation\">Zdroj: www.43rumors.com<\/p>\n","protected":false},"excerpt":{"rendered":"<p>V\u00fdvoj firmv\u00e9ru pre video v\u00fdstup vo form\u00e1te RAW Spolo\u010dnos\u0165 Olympus oznamuje v\u00fdvoj firmv\u00e9ru, ktor\u00fd umo\u017e\u0148uje v\u00fdstup obrazov\u00fdch d\u00e1t vo form\u00e1te RAW z bezzrkadloviek Olympus OM-D E-M1X a Olympus OM-D E-M1 Mark III do monitorovacieho rekord\u00e9ra ATOMOS NINJA V HDR. D\u00e1ta sa bud\u00fa zaznamen\u00e1va\u0165 do zariadenia ATOMOS NINJA V ako Apple ProRes RAW s\u00a0malou d\u00e1tovou komprim\u00e1ciou. [&hellip;]<\/p>\n","protected":false},"author":41,"featured_media":11331,"comment_status":"open","ping_status":"open","sticky":false,"template":"","format":"standard","meta":[],"categories":[50,49],"tags":[112,59,153],"yoast_head":"<!-- This site is optimized with the Yoast SEO plugin v19.1 - https:\/\/yoast.com\/wordpress\/plugins\/seo\/ -->\n<title>Olympus ohlasuje nov\u00fd v\u00fdvoj firmv\u00e9ru pre modely E-M1X a E-M1III - CEWE Fotolab blog<\/title>\n<meta name=\"description\" content=\"Spolo\u010dnos\u0165 Olympus oznamuje v\u00fdvoj firmv\u00e9ru, ktor\u00fd umo\u017e\u0148uje v\u00fdstup obrazov\u00fdch d\u00e1t vo form\u00e1te RAW z bezzrkadloviek Olympus OM-D E-M1X a Olympus OM-D E-M1 Mark III.\" \/>\n<meta name=\"robots\" content=\"index, follow, max-snippet:-1, max-image-preview:large, max-video-preview:-1\" \/>\n<link rel=\"canonical\" href=\"https:\/\/www.fotolab.sk\/blog\/olympus-ohlasuje-novy-vyvoj-firmveru\/\" \/>\n<meta property=\"og:locale\" content=\"sk_SK\" \/>\n<meta property=\"og:type\" content=\"article\" \/>\n<meta property=\"og:title\" content=\"Olympus ohlasuje nov\u00fd v\u00fdvoj firmv\u00e9ru pre modely E-M1X a E-M1III - CEWE Fotolab blog\" \/>\n<meta property=\"og:description\" content=\"Spolo\u010dnos\u0165 Olympus oznamuje v\u00fdvoj firmv\u00e9ru, ktor\u00fd umo\u017e\u0148uje v\u00fdstup obrazov\u00fdch d\u00e1t vo form\u00e1te RAW z bezzrkadloviek Olympus OM-D E-M1X a Olympus OM-D E-M1 Mark III.\" \/>\n<meta property=\"og:url\" content=\"https:\/\/www.fotolab.sk\/blog\/olympus-ohlasuje-novy-vyvoj-firmveru\/\" \/>\n<meta property=\"og:site_name\" content=\"CEWE Fotolab blog\" \/>\n<meta property=\"article:published_time\" content=\"2020-09-17T12:36:47+00:00\" \/>\n<meta property=\"article:modified_time\" content=\"2020-09-17T14:45:15+00:00\" \/>\n<meta property=\"og:image\" content=\"https:\/\/blog.fotolab.sk\/wp-content\/uploads\/2020\/09\/13087ed_olympus_FZ2H_v05_1025_220_v2.jpg\" \/>\n\t<meta property=\"og:image:width\" content=\"2400\" \/>\n\t<meta property=\"og:image:height\" content=\"1302\" \/>\n\t<meta property=\"og:image:type\" content=\"image\/jpeg\" \/>\n<meta name=\"twitter:label1\" content=\"Autor:\" \/>\n\t<meta name=\"twitter:data1\" content=\"Redakcia CEWE\" \/>\n\t<meta name=\"twitter:label2\" content=\"Predpokladan\u00fd \u010das \u010d\u00edtania\" \/>\n\t<meta name=\"twitter:data2\" content=\"1 min\u00fata\" \/>\n<script type=\"application\/ld+json\" class=\"yoast-schema-graph\">{\"@context\":\"https:\/\/schema.org\",\"@graph\":[{\"@type\":\"WebSite\",\"@id\":\"https:\/\/www.fotolab.sk\/blog\/#website\",\"url\":\"https:\/\/www.fotolab.sk\/blog\/\",\"name\":\"CEWE Fotolab blog\",\"description\":\"Blog ur\u010den\u00fd pre fan\u00fa\u0161ikov fotografie a sveta okolo nej.\",\"potentialAction\":[{\"@type\":\"SearchAction\",\"target\":{\"@type\":\"EntryPoint\",\"urlTemplate\":\"https:\/\/www.fotolab.sk\/blog\/?s={search_term_string}\"},\"query-input\":\"required name=search_term_string\"}],\"inLanguage\":\"sk-SK\"},{\"@type\":\"ImageObject\",\"inLanguage\":\"sk-SK\",\"@id\":\"https:\/\/www.fotolab.sk\/blog\/olympus-ohlasuje-novy-vyvoj-firmveru\/#primaryimage\",\"url\":\"https:\/\/blog.fotolab.sk\/wp-content\/uploads\/2020\/09\/13087ed_olympus_FZ2H_v05_1025_220_v2.jpg\",\"contentUrl\":\"https:\/\/blog.fotolab.sk\/wp-content\/uploads\/2020\/09\/13087ed_olympus_FZ2H_v05_1025_220_v2.jpg\",\"width\":2400,\"height\":1302},{\"@type\":\"WebPage\",\"@id\":\"https:\/\/www.fotolab.sk\/blog\/olympus-ohlasuje-novy-vyvoj-firmveru\/#webpage\",\"url\":\"https:\/\/www.fotolab.sk\/blog\/olympus-ohlasuje-novy-vyvoj-firmveru\/\",\"name\":\"Olympus ohlasuje nov\u00fd v\u00fdvoj firmv\u00e9ru pre modely E-M1X a E-M1III - CEWE Fotolab blog\",\"isPartOf\":{\"@id\":\"https:\/\/www.fotolab.sk\/blog\/#website\"},\"primaryImageOfPage\":{\"@id\":\"https:\/\/www.fotolab.sk\/blog\/olympus-ohlasuje-novy-vyvoj-firmveru\/#primaryimage\"},\"datePublished\":\"2020-09-17T12:36:47+00:00\",\"dateModified\":\"2020-09-17T14:45:15+00:00\",\"author\":{\"@id\":\"https:\/\/www.fotolab.sk\/blog\/#\/schema\/person\/7857aea021b4560af0d06d2abe97110b\"},\"description\":\"Spolo\u010dnos\u0165 Olympus oznamuje v\u00fdvoj firmv\u00e9ru, ktor\u00fd umo\u017e\u0148uje v\u00fdstup obrazov\u00fdch d\u00e1t vo form\u00e1te RAW z bezzrkadloviek Olympus OM-D E-M1X a Olympus OM-D E-M1 Mark III.\",\"breadcrumb\":{\"@id\":\"https:\/\/www.fotolab.sk\/blog\/olympus-ohlasuje-novy-vyvoj-firmveru\/#breadcrumb\"},\"inLanguage\":\"sk-SK\",\"potentialAction\":[{\"@type\":\"ReadAction\",\"target\":[\"https:\/\/www.fotolab.sk\/blog\/olympus-ohlasuje-novy-vyvoj-firmveru\/\"]}]},{\"@type\":\"BreadcrumbList\",\"@id\":\"https:\/\/www.fotolab.sk\/blog\/olympus-ohlasuje-novy-vyvoj-firmveru\/#breadcrumb\",\"itemListElement\":[{\"@type\":\"ListItem\",\"position\":1,\"name\":\"Home\",\"item\":\"https:\/\/www.fotolab.sk\/blog\/\"},{\"@type\":\"ListItem\",\"position\":2,\"name\":\"Olympus ohlasuje nov\u00fd v\u00fdvoj firmv\u00e9ru pre modely E-M1X a E-M1III\"}]},{\"@type\":\"Person\",\"@id\":\"https:\/\/www.fotolab.sk\/blog\/#\/schema\/person\/7857aea021b4560af0d06d2abe97110b\",\"name\":\"Redakcia CEWE\",\"image\":{\"@type\":\"ImageObject\",\"inLanguage\":\"sk-SK\",\"@id\":\"https:\/\/www.fotolab.sk\/blog\/#\/schema\/person\/image\/\",\"url\":\"https:\/\/secure.gravatar.com\/avatar\/e27c65ada54cc066e94388632d402763?s=96&d=mm&r=g\",\"contentUrl\":\"https:\/\/secure.gravatar.com\/avatar\/e27c65ada54cc066e94388632d402763?s=96&d=mm&r=g\",\"caption\":\"Redakcia CEWE\"},\"sameAs\":[\"https:\/\/www.instagram.com\/cewe.sk\/\"],\"url\":\"https:\/\/www.fotolab.sk\/blog\/author\/cewe-redakcia\/\"}]}<\/script>\n<!-- \/ Yoast SEO plugin. -->","yoast_head_json":{"title":"Olympus ohlasuje nov\u00fd v\u00fdvoj firmv\u00e9ru pre modely E-M1X a E-M1III - CEWE Fotolab blog","description":"Spolo\u010dnos\u0165 Olympus oznamuje v\u00fdvoj firmv\u00e9ru, ktor\u00fd umo\u017e\u0148uje v\u00fdstup obrazov\u00fdch d\u00e1t vo form\u00e1te RAW z bezzrkadloviek Olympus OM-D E-M1X a Olympus OM-D E-M1 Mark III.","robots":{"index":"index","follow":"follow","max-snippet":"max-snippet:-1","max-image-preview":"max-image-preview:large","max-video-preview":"max-video-preview:-1"},"canonical":"https:\/\/www.fotolab.sk\/blog\/olympus-ohlasuje-novy-vyvoj-firmveru\/","og_locale":"sk_SK","og_type":"article","og_title":"Olympus ohlasuje nov\u00fd v\u00fdvoj firmv\u00e9ru pre modely E-M1X a E-M1III - CEWE Fotolab blog","og_description":"Spolo\u010dnos\u0165 Olympus oznamuje v\u00fdvoj firmv\u00e9ru, ktor\u00fd umo\u017e\u0148uje v\u00fdstup obrazov\u00fdch d\u00e1t vo form\u00e1te RAW z bezzrkadloviek Olympus OM-D E-M1X a Olympus OM-D E-M1 Mark III.","og_url":"https:\/\/www.fotolab.sk\/blog\/olympus-ohlasuje-novy-vyvoj-firmveru\/","og_site_name":"CEWE Fotolab blog","article_published_time":"2020-09-17T12:36:47+00:00","article_modified_time":"2020-09-17T14:45:15+00:00","og_image":[{"width":2400,"height":1302,"url":"https:\/\/blog.fotolab.sk\/wp-content\/uploads\/2020\/09\/13087ed_olympus_FZ2H_v05_1025_220_v2.jpg","type":"image\/jpeg"}],"twitter_misc":{"Autor:":"Redakcia CEWE","Predpokladan\u00fd \u010das \u010d\u00edtania":"1 min\u00fata"},"schema":{"@context":"https:\/\/schema.org","@graph":[{"@type":"WebSite","@id":"https:\/\/www.fotolab.sk\/blog\/#website","url":"https:\/\/www.fotolab.sk\/blog\/","name":"CEWE Fotolab blog","description":"Blog ur\u010den\u00fd pre fan\u00fa\u0161ikov fotografie a sveta okolo nej.","potentialAction":[{"@type":"SearchAction","target":{"@type":"EntryPoint","urlTemplate":"https:\/\/www.fotolab.sk\/blog\/?s={search_term_string}"},"query-input":"required name=search_term_string"}],"inLanguage":"sk-SK"},{"@type":"ImageObject","inLanguage":"sk-SK","@id":"https:\/\/www.fotolab.sk\/blog\/olympus-ohlasuje-novy-vyvoj-firmveru\/#primaryimage","url":"https:\/\/blog.fotolab.sk\/wp-content\/uploads\/2020\/09\/13087ed_olympus_FZ2H_v05_1025_220_v2.jpg","contentUrl":"https:\/\/blog.fotolab.sk\/wp-content\/uploads\/2020\/09\/13087ed_olympus_FZ2H_v05_1025_220_v2.jpg","width":2400,"height":1302},{"@type":"WebPage","@id":"https:\/\/www.fotolab.sk\/blog\/olympus-ohlasuje-novy-vyvoj-firmveru\/#webpage","url":"https:\/\/www.fotolab.sk\/blog\/olympus-ohlasuje-novy-vyvoj-firmveru\/","name":"Olympus ohlasuje nov\u00fd v\u00fdvoj firmv\u00e9ru pre modely E-M1X a E-M1III - CEWE Fotolab blog","isPartOf":{"@id":"https:\/\/www.fotolab.sk\/blog\/#website"},"primaryImageOfPage":{"@id":"https:\/\/www.fotolab.sk\/blog\/olympus-ohlasuje-novy-vyvoj-firmveru\/#primaryimage"},"datePublished":"2020-09-17T12:36:47+00:00","dateModified":"2020-09-17T14:45:15+00:00","author":{"@id":"https:\/\/www.fotolab.sk\/blog\/#\/schema\/person\/7857aea021b4560af0d06d2abe97110b"},"description":"Spolo\u010dnos\u0165 Olympus oznamuje v\u00fdvoj firmv\u00e9ru, ktor\u00fd umo\u017e\u0148uje v\u00fdstup obrazov\u00fdch d\u00e1t vo form\u00e1te RAW z bezzrkadloviek Olympus OM-D E-M1X a Olympus OM-D E-M1 Mark III.","breadcrumb":{"@id":"https:\/\/www.fotolab.sk\/blog\/olympus-ohlasuje-novy-vyvoj-firmveru\/#breadcrumb"},"inLanguage":"sk-SK","potentialAction":[{"@type":"ReadAction","target":["https:\/\/www.fotolab.sk\/blog\/olympus-ohlasuje-novy-vyvoj-firmveru\/"]}]},{"@type":"BreadcrumbList","@id":"https:\/\/www.fotolab.sk\/blog\/olympus-ohlasuje-novy-vyvoj-firmveru\/#breadcrumb","itemListElement":[{"@type":"ListItem","position":1,"name":"Home","item":"https:\/\/www.fotolab.sk\/blog\/"},{"@type":"ListItem","position":2,"name":"Olympus ohlasuje nov\u00fd v\u00fdvoj firmv\u00e9ru pre modely E-M1X a E-M1III"}]},{"@type":"Person","@id":"https:\/\/www.fotolab.sk\/blog\/#\/schema\/person\/7857aea021b4560af0d06d2abe97110b","name":"Redakcia CEWE","image":{"@type":"ImageObject","inLanguage":"sk-SK","@id":"https:\/\/www.fotolab.sk\/blog\/#\/schema\/person\/image\/","url":"https:\/\/secure.gravatar.com\/avatar\/e27c65ada54cc066e94388632d402763?s=96&d=mm&r=g","contentUrl":"https:\/\/secure.gravatar.com\/avatar\/e27c65ada54cc066e94388632d402763?s=96&d=mm&r=g","caption":"Redakcia CEWE"},"sameAs":["https:\/\/www.instagram.com\/cewe.sk\/"],"url":"https:\/\/www.fotolab.sk\/blog\/author\/cewe-redakcia\/"}]}},"_links":{"self":[{"href":"https:\/\/www.fotolab.sk\/blog\/wp-json\/wp\/v2\/posts\/11328"}],"collection":[{"href":"https:\/\/www.fotolab.sk\/blog\/wp-json\/wp\/v2\/posts"}],"about":[{"href":"https:\/\/www.fotolab.sk\/blog\/wp-json\/wp\/v2\/types\/post"}],"author":[{"embeddable":true,"href":"https:\/\/www.fotolab.sk\/blog\/wp-json\/wp\/v2\/users\/41"}],"replies":[{"embeddable":true,"href":"https:\/\/www.fotolab.sk\/blog\/wp-json\/wp\/v2\/comments?post=11328"}],"version-history":[{"count":5,"href":"https:\/\/www.fotolab.sk\/blog\/wp-json\/wp\/v2\/posts\/11328\/revisions"}],"predecessor-version":[{"id":11335,"href":"https:\/\/www.fotolab.sk\/blog\/wp-json\/wp\/v2\/posts\/11328\/revisions\/11335"}],"wp:featuredmedia":[{"embeddable":true,"href":"https:\/\/www.fotolab.sk\/blog\/wp-json\/wp\/v2\/media\/11331"}],"wp:attachment":[{"href":"https:\/\/www.fotolab.sk\/blog\/wp-json\/wp\/v2\/media?parent=11328"}],"wp:term":[{"taxonomy":"category","embeddable":true,"href":"https:\/\/www.fotolab.sk\/blog\/wp-json\/wp\/v2\/categories?post=11328"},{"taxonomy":"post_tag","embeddable":true,"href":"https:\/\/www.fotolab.sk\/blog\/wp-json\/wp\/v2\/tags?post=11328"}],"curies":[{"name":"wp","href":"https:\/\/api.w.org\/{rel}","templated":true}]}}