
{"id":11279,"date":"2020-09-14T09:00:14","date_gmt":"2020-09-14T07:00:14","guid":{"rendered":"https:\/\/www.fotolab.sk\/blog\/?p=11279"},"modified":"2020-09-14T09:05:39","modified_gmt":"2020-09-14T07:05:39","slug":"ako-na-krasnu-obalku-cewe-fotoknihy","status":"publish","type":"post","link":"https:\/\/www.fotolab.sk\/blog\/ako-na-krasnu-obalku-cewe-fotoknihy\/","title":{"rendered":"Ako na kr\u00e1snu ob\u00e1lku CEWE FOTOKNIHY"},"content":{"rendered":"<h5>Vezmite si svoju fotoknihu do ruky, pohla\u010fte v\u00e4zbu a obdivujte mot\u00edv na titulnej strane &#8211; to v\u0161etko nazna\u010duje, \u010do je vo vn\u00fatri &#8211; okamihy \u0161\u0165astia sa premie\u0148aj\u00fa na fotky. Z\u00e1\u017eitky, ktor\u00e9 sa v\u00e1s dot\u00fdkaj\u00fa. Nezabudnute\u013en\u00e9 spomienky, ktor\u00e9 si m\u00f4\u017eete pre\u017ei\u0165 znovu a znovu.<\/h5>\n<p>Aj ke\u010f v\u00e1m to nejak\u00fd ten \u010das zaberie, je d\u00f4le\u017eit\u00e9 si navrhn\u00fa\u0165 v\u00e4zbu celej <a href=\"https:\/\/www.cewe.sk\/cewe-fotokniha.html\" target=\"_blank\" rel=\"noopener noreferrer\">CEWE FOTOKNIHY<\/a> presne pod\u013ea predst\u00e1v tak, aby zodpovedala v\u00e1\u0161mu osobn\u00e9mu pr\u00edbehu. Fotokniha uchov\u00e1 v\u0161etky va\u0161e fotky a najkraj\u0161ie z\u00e1\u017eitky po dlh\u00fa dobu. Tak\u017ee na prv\u00fd poh\u013ead, a dokonca aj na poli\u010dke, s\u013eubuje \u010dist\u00e9 em\u00f3cie.<\/p>\n<p>N\u00e1\u0161 <a href=\"https:\/\/www.cewe.sk\/softver-zadarmo.html\" target=\"_blank\" rel=\"noopener noreferrer\">program CEWE Fotosvet<\/a> pon\u00faka po\u010detn\u00e9 mo\u017enosti dizajnu, ako zmeni\u0165 n\u00e1zov knihy, predn\u00e1, zadn\u00e1 \u010das\u0165 v\u00e4zby aj text na chrbte tak, aby to zodpovedalo va\u0161im predstav\u00e1m.<\/p>\n<h5>Kreat\u00edvny tip pre va\u0161u v\u00e4zbu &#8211; vytvorte si svoje motto ve\u013ek\u00fdmi p\u00edsmenami!<\/h5>\n<p><img decoding=\"async\" loading=\"lazy\" class=\"alignnone size-full wp-image-11282\" src=\"https:\/\/blog.fotolab.sk\/wp-content\/uploads\/2020\/09\/OE5taVl1L2lmWG5pejdXekhvbkI1RDJaeW90SVZHTndWK2NSRHJ3WFExZz0.jpg\" alt=\"\" width=\"1920\" height=\"1212\" \/><\/p>\n<blockquote><p>Rodina Kellerov\u00fdch ozdobila svoju CEWE FOTOKNIHU ve\u013ek\u00fdmi p\u00edsmenami a mno\u017estvom mal\u00fdch fotografi\u00ed.<\/p><\/blockquote>\n<p>Ve\u013ek\u00e9 p\u00edsmen\u00e1 s\u00fa ide\u00e1lnym nosite\u013eom rodinn\u00e9ho motta na va\u0161ej CEWE FOTOKNIHE. V tomto pr\u00edpade slovo zaber\u00e1 viac miesta, ale v\u010faka bielej farbe sa opticky pres\u00fava do pozadia a nasmeruje pozornos\u0165 na va\u0161e fotky. M\u00f4\u017eete v\u0161etko \u013eahko urobi\u0165 pomocou ak\u00e9hoko\u013evek p\u00edsma v na\u0161om programe CEWE Fotosvet. V tomto kreat\u00edvnom tipe sa dozviete, ako to funguje.<\/p>\n<h5>Vhodn\u00e1 v\u00e4zba<\/h5>\n<p>Otvorte program CEWE Fotosvet a vyberte si ak\u00fako\u013evek CEWE FOTOKNIHU vo ve\u013ekom form\u00e1te, v po\u017eadovanej kvalite papiera, vr\u00e1tane pevnej v\u00e4zby. Vyu\u017eite r\u00f4zne mo\u017enosti dizajnov na pr\u00e1zdne strany.<\/p>\n<h5>N\u00e1jdite spr\u00e1vne p\u00edsmo<\/h5>\n<p>Ak je to mo\u017en\u00e9, vyberajte na v\u00e4zbu knihy tak\u00e9 p\u00edsmo, ktor\u00e9 m\u00e1 rovnak\u00fa \u0161\u00edrku v\u0161etk\u00fdch p\u00edsmeniek. V na\u0161ej uk\u00e1\u017eke sme pou\u017eili p\u00edsmo &#8220;Mono 45&#8221; s ve\u013ekos\u0165ou 250 bodov. Okrem predin\u0161talovan\u00fdch p\u00edsiem zobrazuje program CEWE Fotosvet v\u0161etky typy p\u00edsma nain\u0161talovan\u00e9 vo va\u0161om po\u010d\u00edta\u010di.<\/p>\n<p><img decoding=\"async\" loading=\"lazy\" class=\"alignnone size-full wp-image-11283\" src=\"https:\/\/blog.fotolab.sk\/wp-content\/uploads\/2020\/09\/Capture-obalka.png\" alt=\"\" width=\"1511\" height=\"899\" \/><\/p>\n<h5>Textov\u00e9 polia rovnakej ve\u013ekosti<\/h5>\n<p>Pre ka\u017ed\u00e9 p\u00edsmeno vytvorte nov\u00e9 textov\u00e9 pole rovnakej ve\u013ekosti. Umiestnite pole doprostred zhora nadol na tituln\u00fa stranu. TIP: N\u00e1stroj pre usporiadanie v\u00e1m pom\u00f4\u017ee so zarovnan\u00edm, tak\u017ee z\u00edskate rovnomerne rovnak\u00e9 vzdialenosti.<\/p>\n<h5>Nap\u00ed\u0161te po\u017eadovan\u00fd n\u00e1zov<\/h5>\n<p>Do ka\u017ed\u00e9ho textov\u00e9ho po\u013ea zadajte pr\u00edslu\u0161n\u00e9 p\u00edsmeno a v menu &#8220;Upravi\u0165 text&#8221; vyberte bielu farbu p\u00edsma. \u010c\u00edm krat\u0161ie bude slovo alebo meno, t\u00fdm p\u00f4sobivej\u0161\u00ed bude v\u00fdsledn\u00fd efekt. Ka\u017ed\u00e9 p\u00edsmeno je potom or\u00e1movan\u00e9 dvoma fotografiami.<\/p>\n<h5>Usporiada\u0165 fotografie<\/h5>\n<p>Usporiadajte svoje fotografie &#8211; najprv pred textom &#8211; v\u013eavo a vpravo od p\u00edsmen; nechajte medzeru na vonkaj\u0161ej strane knihy. Potom zarovnajte fotky tak, aby kon\u010dili spolu s p\u00edsmenami hore a dole. Ak sa mot\u00edvy nezmestia, m\u00f4\u017eete ich oreza\u0165 v programe CEWE prezent\u00e1cia, ktor\u00fd spust\u00edte dvojklikom na danej fotke, kde v\u0161etko ore\u017eete a ulo\u017e\u00edte. Teraz m\u00f4\u017eete svoje mot\u00edvy umiestni\u0165 do vrstvy za p\u00edsmenami. To jednoducho zvl\u00e1dnete pomocou prav\u00e9ho tla\u010didla my\u0161i.<\/p>\n<h5>Do \u0161tvorca: dizajnov\u00fd tip pre v\u00e4zbu CEWE FOTOKNIHY s fotkami v tvare diamantu<\/h5>\n<p><img decoding=\"async\" loading=\"lazy\" class=\"alignnone size-full wp-image-11286\" src=\"https:\/\/blog.fotolab.sk\/wp-content\/uploads\/2020\/09\/cops5-kreativtipps-cfb-cover-02-mic_SK.jpg\" alt=\"\" width=\"1280\" height=\"808\" \/><\/p>\n<blockquote><p>Grafick\u00e9 formy a mot\u00edvy pln\u00e9 em\u00f3ci\u00ed: rodina Wartmannov\u00fdch kombinuje jasn\u00e9 l\u00ednie s roztomil\u00fdmi fotkami det\u00ed a ich prv\u00e9ho roku.<\/p><\/blockquote>\n<h5>Vhodn\u00e1 v\u00e4zba<\/h5>\n<p>Aby bol diamantov\u00fd dizajn p\u00f4sobiv\u00fd, vyberte v programe \u0161tvorcov\u00fd form\u00e1t XL s tvrdou v\u00e4zbou.<\/p>\n<h5>Farba pozadia<\/h5>\n<p>Ktor\u00e1 farba bude ma\u0165 ten spr\u00e1vny t\u00f3n? Vyberte si jednoducho t\u00fa, ktor\u00e1 sa v\u00e1m bude p\u00e1\u010di\u0165 najviac.<\/p>\n<h5>Definujte krycie mot\u00edvy<\/h5>\n<p>Vyberte si p\u00e4\u0165 fotografi\u00ed, ktor\u00e9 chcete umiestni\u0165 na v\u00e4zbu a pomocou programu CEWE prezent\u00e1cia ich upravte do \u0161tvorcov\u00e9ho tvaru. Do tohto programu sa dostanete automaticky po dvojkliku na ak\u00fako\u013evek fotografiu.<\/p>\n<p><img decoding=\"async\" loading=\"lazy\" class=\"alignnone size-full wp-image-11287\" src=\"https:\/\/blog.fotolab.sk\/wp-content\/uploads\/2020\/09\/Capture-obalka2_SK.png\" alt=\"\" width=\"1765\" height=\"891\" \/><\/p>\n<h5>Fotografie v tvare diamantu<\/h5>\n<p>Diamant n\u00e1jdete pod tla\u010didlom &#8220;Masky a r\u00e1m\u010deky&#8221;. Potiahnite vybran\u00fa masku priamo na va\u0161e fotografie &#8211; tie bud\u00fa automaticky zasaden\u00e9 do tvaru. \u013dubovo\u013ene si m\u00f4\u017eete zmeni\u0165 ve\u013ekos\u0165 obr\u00e1zkov a usporiada\u0165 mot\u00edvy. Pou\u017eite vzor ako \u0161abl\u00f3nu pre va\u0161u tvorbu.<\/p>\n<h5>Pridajte farebn\u00e9 oblasti klipartov<\/h5>\n<p>Ke\u010f n\u00e1jdete v kateg\u00f3rii &#8220;Kliparty&#8221; farebn\u00fd \u0161tvorec, m\u00f4\u017eete ho \u013eahko vlo\u017ei\u0165 na str\u00e1nku a potom pomocou \u00fachytov oto\u010di\u0165 na koso\u0161tvorec. Farbu klipu zme\u0148te na svetlej\u0161\u00ed alebo tmav\u0161\u00ed odtie\u0148, ale v rovnakom farebnom t\u00f3ne, ako je pozadie.<\/p>\n<h5>Posledn\u00fd krok &#8211; n\u00e1zov va\u0161ej CEWE FOTOKNIHY<\/h5>\n<p>Vyu\u017eite vo\u013en\u00e9 miesto na v\u00e4zbe na umiestnenie n\u00e1zvu celej fotoknihy pomocou nov\u00e9ho textov\u00e9ho po\u013ea. M\u00f4\u017eete prida\u0165 aj klipart napr\u00edklad v tvare srdca.<\/p>\n<p>\u017del\u00e1me v\u00e1m ve\u013ea radosti pri tvoren\u00ed!<\/p>\n","protected":false},"excerpt":{"rendered":"<p>Vezmite si svoju fotoknihu do ruky, pohla\u010fte v\u00e4zbu a obdivujte mot\u00edv na titulnej strane &#8211; to v\u0161etko nazna\u010duje, \u010do je vo vn\u00fatri &#8211; okamihy \u0161\u0165astia sa premie\u0148aj\u00fa na fotky. Z\u00e1\u017eitky, ktor\u00e9 sa v\u00e1s dot\u00fdkaj\u00fa. Nezabudnute\u013en\u00e9 spomienky, ktor\u00e9 si m\u00f4\u017eete pre\u017ei\u0165 znovu a znovu. Aj ke\u010f v\u00e1m to nejak\u00fd ten \u010das zaberie, je d\u00f4le\u017eit\u00e9 si navrhn\u00fa\u0165 [&hellip;]<\/p>\n","protected":false},"author":39,"featured_media":11288,"comment_status":"open","ping_status":"open","sticky":false,"template":"","format":"standard","meta":[],"categories":[51,52],"tags":[107,81,77,99,102],"yoast_head":"<!-- This site is optimized with the Yoast SEO plugin v19.1 - https:\/\/yoast.com\/wordpress\/plugins\/seo\/ -->\n<title>Ako na kr\u00e1snu ob\u00e1lku CEWE FOTOKNIHY - CEWE Fotolab blog<\/title>\n<meta name=\"description\" content=\"Vezmite si svoju fotoknihu do ruky, pohla\u010fte v\u00e4zbu a obdivujte mot\u00edv na titulnej strane - to v\u0161etko nazna\u010duje, \u010do je vo vn\u00fatri - okamihy \u0161\u0165astia sa premie\u0148aj\u00fa na fotky.\" \/>\n<meta name=\"robots\" content=\"index, follow, max-snippet:-1, max-image-preview:large, max-video-preview:-1\" \/>\n<link rel=\"canonical\" href=\"https:\/\/www.fotolab.sk\/blog\/ako-na-krasnu-obalku-cewe-fotoknihy\/\" \/>\n<meta property=\"og:locale\" content=\"sk_SK\" \/>\n<meta property=\"og:type\" content=\"article\" \/>\n<meta property=\"og:title\" content=\"Ako na kr\u00e1snu ob\u00e1lku CEWE FOTOKNIHY - CEWE Fotolab blog\" \/>\n<meta property=\"og:description\" content=\"Vezmite si svoju fotoknihu do ruky, pohla\u010fte v\u00e4zbu a obdivujte mot\u00edv na titulnej strane - to v\u0161etko nazna\u010duje, \u010do je vo vn\u00fatri - okamihy \u0161\u0165astia sa premie\u0148aj\u00fa na fotky.\" \/>\n<meta property=\"og:url\" content=\"https:\/\/www.fotolab.sk\/blog\/ako-na-krasnu-obalku-cewe-fotoknihy\/\" \/>\n<meta property=\"og:site_name\" content=\"CEWE Fotolab blog\" \/>\n<meta property=\"article:published_time\" content=\"2020-09-14T07:00:14+00:00\" \/>\n<meta property=\"article:modified_time\" content=\"2020-09-14T07:05:39+00:00\" \/>\n<meta property=\"og:image\" content=\"https:\/\/blog.fotolab.sk\/wp-content\/uploads\/2020\/09\/title-obalka-kniha.png\" \/>\n\t<meta property=\"og:image:width\" content=\"1502\" \/>\n\t<meta property=\"og:image:height\" content=\"640\" \/>\n\t<meta property=\"og:image:type\" content=\"image\/png\" \/>\n<meta name=\"twitter:label1\" content=\"Autor:\" \/>\n\t<meta name=\"twitter:data1\" content=\"Daniela Ru\u017eovi\u010dov\u00e1\" \/>\n\t<meta name=\"twitter:label2\" content=\"Predpokladan\u00fd \u010das \u010d\u00edtania\" \/>\n\t<meta name=\"twitter:data2\" content=\"4 min\u00faty\" \/>\n<script type=\"application\/ld+json\" class=\"yoast-schema-graph\">{\"@context\":\"https:\/\/schema.org\",\"@graph\":[{\"@type\":\"WebSite\",\"@id\":\"https:\/\/www.fotolab.sk\/blog\/#website\",\"url\":\"https:\/\/www.fotolab.sk\/blog\/\",\"name\":\"CEWE Fotolab blog\",\"description\":\"Blog ur\u010den\u00fd pre fan\u00fa\u0161ikov fotografie a sveta okolo nej.\",\"potentialAction\":[{\"@type\":\"SearchAction\",\"target\":{\"@type\":\"EntryPoint\",\"urlTemplate\":\"https:\/\/www.fotolab.sk\/blog\/?s={search_term_string}\"},\"query-input\":\"required name=search_term_string\"}],\"inLanguage\":\"sk-SK\"},{\"@type\":\"ImageObject\",\"inLanguage\":\"sk-SK\",\"@id\":\"https:\/\/www.fotolab.sk\/blog\/ako-na-krasnu-obalku-cewe-fotoknihy\/#primaryimage\",\"url\":\"https:\/\/blog.fotolab.sk\/wp-content\/uploads\/2020\/09\/title-obalka-kniha.png\",\"contentUrl\":\"https:\/\/blog.fotolab.sk\/wp-content\/uploads\/2020\/09\/title-obalka-kniha.png\",\"width\":1502,\"height\":640},{\"@type\":\"WebPage\",\"@id\":\"https:\/\/www.fotolab.sk\/blog\/ako-na-krasnu-obalku-cewe-fotoknihy\/#webpage\",\"url\":\"https:\/\/www.fotolab.sk\/blog\/ako-na-krasnu-obalku-cewe-fotoknihy\/\",\"name\":\"Ako na kr\u00e1snu ob\u00e1lku CEWE FOTOKNIHY - CEWE Fotolab blog\",\"isPartOf\":{\"@id\":\"https:\/\/www.fotolab.sk\/blog\/#website\"},\"primaryImageOfPage\":{\"@id\":\"https:\/\/www.fotolab.sk\/blog\/ako-na-krasnu-obalku-cewe-fotoknihy\/#primaryimage\"},\"datePublished\":\"2020-09-14T07:00:14+00:00\",\"dateModified\":\"2020-09-14T07:05:39+00:00\",\"author\":{\"@id\":\"https:\/\/www.fotolab.sk\/blog\/#\/schema\/person\/77d6dacf2a79ac8f60da8e2a80f2030b\"},\"description\":\"Vezmite si svoju fotoknihu do ruky, pohla\u010fte v\u00e4zbu a obdivujte mot\u00edv na titulnej strane - to v\u0161etko nazna\u010duje, \u010do je vo vn\u00fatri - okamihy \u0161\u0165astia sa premie\u0148aj\u00fa na fotky.\",\"breadcrumb\":{\"@id\":\"https:\/\/www.fotolab.sk\/blog\/ako-na-krasnu-obalku-cewe-fotoknihy\/#breadcrumb\"},\"inLanguage\":\"sk-SK\",\"potentialAction\":[{\"@type\":\"ReadAction\",\"target\":[\"https:\/\/www.fotolab.sk\/blog\/ako-na-krasnu-obalku-cewe-fotoknihy\/\"]}]},{\"@type\":\"BreadcrumbList\",\"@id\":\"https:\/\/www.fotolab.sk\/blog\/ako-na-krasnu-obalku-cewe-fotoknihy\/#breadcrumb\",\"itemListElement\":[{\"@type\":\"ListItem\",\"position\":1,\"name\":\"Home\",\"item\":\"https:\/\/www.fotolab.sk\/blog\/\"},{\"@type\":\"ListItem\",\"position\":2,\"name\":\"Ako na kr\u00e1snu ob\u00e1lku CEWE FOTOKNIHY\"}]},{\"@type\":\"Person\",\"@id\":\"https:\/\/www.fotolab.sk\/blog\/#\/schema\/person\/77d6dacf2a79ac8f60da8e2a80f2030b\",\"name\":\"Daniela Ru\u017eovi\u010dov\u00e1\",\"image\":{\"@type\":\"ImageObject\",\"inLanguage\":\"sk-SK\",\"@id\":\"https:\/\/www.fotolab.sk\/blog\/#\/schema\/person\/image\/\",\"url\":\"https:\/\/secure.gravatar.com\/avatar\/647297b7198748e4a44171e3ddb8f81e?s=96&d=mm&r=g\",\"contentUrl\":\"https:\/\/secure.gravatar.com\/avatar\/647297b7198748e4a44171e3ddb8f81e?s=96&d=mm&r=g\",\"caption\":\"Daniela Ru\u017eovi\u010dov\u00e1\"},\"description\":\"M\u00e1m rada zimu, cestovanie a seversk\u00e9 krajiny. \u017divot v Bratislave striedam s v\u00fdletmi do pr\u00edrody a do h\u00f4r, s fotoapar\u00e1tom v ruke.\",\"url\":\"https:\/\/www.fotolab.sk\/blog\/author\/daniela\/\"}]}<\/script>\n<!-- \/ Yoast SEO plugin. -->","yoast_head_json":{"title":"Ako na kr\u00e1snu ob\u00e1lku CEWE FOTOKNIHY - CEWE Fotolab blog","description":"Vezmite si svoju fotoknihu do ruky, pohla\u010fte v\u00e4zbu a obdivujte mot\u00edv na titulnej strane - to v\u0161etko nazna\u010duje, \u010do je vo vn\u00fatri - okamihy \u0161\u0165astia sa premie\u0148aj\u00fa na fotky.","robots":{"index":"index","follow":"follow","max-snippet":"max-snippet:-1","max-image-preview":"max-image-preview:large","max-video-preview":"max-video-preview:-1"},"canonical":"https:\/\/www.fotolab.sk\/blog\/ako-na-krasnu-obalku-cewe-fotoknihy\/","og_locale":"sk_SK","og_type":"article","og_title":"Ako na kr\u00e1snu ob\u00e1lku CEWE FOTOKNIHY - CEWE Fotolab blog","og_description":"Vezmite si svoju fotoknihu do ruky, pohla\u010fte v\u00e4zbu a obdivujte mot\u00edv na titulnej strane - to v\u0161etko nazna\u010duje, \u010do je vo vn\u00fatri - okamihy \u0161\u0165astia sa premie\u0148aj\u00fa na fotky.","og_url":"https:\/\/www.fotolab.sk\/blog\/ako-na-krasnu-obalku-cewe-fotoknihy\/","og_site_name":"CEWE Fotolab blog","article_published_time":"2020-09-14T07:00:14+00:00","article_modified_time":"2020-09-14T07:05:39+00:00","og_image":[{"width":1502,"height":640,"url":"https:\/\/blog.fotolab.sk\/wp-content\/uploads\/2020\/09\/title-obalka-kniha.png","type":"image\/png"}],"twitter_misc":{"Autor:":"Daniela Ru\u017eovi\u010dov\u00e1","Predpokladan\u00fd \u010das \u010d\u00edtania":"4 min\u00faty"},"schema":{"@context":"https:\/\/schema.org","@graph":[{"@type":"WebSite","@id":"https:\/\/www.fotolab.sk\/blog\/#website","url":"https:\/\/www.fotolab.sk\/blog\/","name":"CEWE Fotolab blog","description":"Blog ur\u010den\u00fd pre fan\u00fa\u0161ikov fotografie a sveta okolo nej.","potentialAction":[{"@type":"SearchAction","target":{"@type":"EntryPoint","urlTemplate":"https:\/\/www.fotolab.sk\/blog\/?s={search_term_string}"},"query-input":"required name=search_term_string"}],"inLanguage":"sk-SK"},{"@type":"ImageObject","inLanguage":"sk-SK","@id":"https:\/\/www.fotolab.sk\/blog\/ako-na-krasnu-obalku-cewe-fotoknihy\/#primaryimage","url":"https:\/\/blog.fotolab.sk\/wp-content\/uploads\/2020\/09\/title-obalka-kniha.png","contentUrl":"https:\/\/blog.fotolab.sk\/wp-content\/uploads\/2020\/09\/title-obalka-kniha.png","width":1502,"height":640},{"@type":"WebPage","@id":"https:\/\/www.fotolab.sk\/blog\/ako-na-krasnu-obalku-cewe-fotoknihy\/#webpage","url":"https:\/\/www.fotolab.sk\/blog\/ako-na-krasnu-obalku-cewe-fotoknihy\/","name":"Ako na kr\u00e1snu ob\u00e1lku CEWE FOTOKNIHY - CEWE Fotolab blog","isPartOf":{"@id":"https:\/\/www.fotolab.sk\/blog\/#website"},"primaryImageOfPage":{"@id":"https:\/\/www.fotolab.sk\/blog\/ako-na-krasnu-obalku-cewe-fotoknihy\/#primaryimage"},"datePublished":"2020-09-14T07:00:14+00:00","dateModified":"2020-09-14T07:05:39+00:00","author":{"@id":"https:\/\/www.fotolab.sk\/blog\/#\/schema\/person\/77d6dacf2a79ac8f60da8e2a80f2030b"},"description":"Vezmite si svoju fotoknihu do ruky, pohla\u010fte v\u00e4zbu a obdivujte mot\u00edv na titulnej strane - to v\u0161etko nazna\u010duje, \u010do je vo vn\u00fatri - okamihy \u0161\u0165astia sa premie\u0148aj\u00fa na fotky.","breadcrumb":{"@id":"https:\/\/www.fotolab.sk\/blog\/ako-na-krasnu-obalku-cewe-fotoknihy\/#breadcrumb"},"inLanguage":"sk-SK","potentialAction":[{"@type":"ReadAction","target":["https:\/\/www.fotolab.sk\/blog\/ako-na-krasnu-obalku-cewe-fotoknihy\/"]}]},{"@type":"BreadcrumbList","@id":"https:\/\/www.fotolab.sk\/blog\/ako-na-krasnu-obalku-cewe-fotoknihy\/#breadcrumb","itemListElement":[{"@type":"ListItem","position":1,"name":"Home","item":"https:\/\/www.fotolab.sk\/blog\/"},{"@type":"ListItem","position":2,"name":"Ako na kr\u00e1snu ob\u00e1lku CEWE FOTOKNIHY"}]},{"@type":"Person","@id":"https:\/\/www.fotolab.sk\/blog\/#\/schema\/person\/77d6dacf2a79ac8f60da8e2a80f2030b","name":"Daniela Ru\u017eovi\u010dov\u00e1","image":{"@type":"ImageObject","inLanguage":"sk-SK","@id":"https:\/\/www.fotolab.sk\/blog\/#\/schema\/person\/image\/","url":"https:\/\/secure.gravatar.com\/avatar\/647297b7198748e4a44171e3ddb8f81e?s=96&d=mm&r=g","contentUrl":"https:\/\/secure.gravatar.com\/avatar\/647297b7198748e4a44171e3ddb8f81e?s=96&d=mm&r=g","caption":"Daniela Ru\u017eovi\u010dov\u00e1"},"description":"M\u00e1m rada zimu, cestovanie a seversk\u00e9 krajiny. \u017divot v Bratislave striedam s v\u00fdletmi do pr\u00edrody a do h\u00f4r, s fotoapar\u00e1tom v ruke.","url":"https:\/\/www.fotolab.sk\/blog\/author\/daniela\/"}]}},"_links":{"self":[{"href":"https:\/\/www.fotolab.sk\/blog\/wp-json\/wp\/v2\/posts\/11279"}],"collection":[{"href":"https:\/\/www.fotolab.sk\/blog\/wp-json\/wp\/v2\/posts"}],"about":[{"href":"https:\/\/www.fotolab.sk\/blog\/wp-json\/wp\/v2\/types\/post"}],"author":[{"embeddable":true,"href":"https:\/\/www.fotolab.sk\/blog\/wp-json\/wp\/v2\/users\/39"}],"replies":[{"embeddable":true,"href":"https:\/\/www.fotolab.sk\/blog\/wp-json\/wp\/v2\/comments?post=11279"}],"version-history":[{"count":5,"href":"https:\/\/www.fotolab.sk\/blog\/wp-json\/wp\/v2\/posts\/11279\/revisions"}],"predecessor-version":[{"id":11289,"href":"https:\/\/www.fotolab.sk\/blog\/wp-json\/wp\/v2\/posts\/11279\/revisions\/11289"}],"wp:featuredmedia":[{"embeddable":true,"href":"https:\/\/www.fotolab.sk\/blog\/wp-json\/wp\/v2\/media\/11288"}],"wp:attachment":[{"href":"https:\/\/www.fotolab.sk\/blog\/wp-json\/wp\/v2\/media?parent=11279"}],"wp:term":[{"taxonomy":"category","embeddable":true,"href":"https:\/\/www.fotolab.sk\/blog\/wp-json\/wp\/v2\/categories?post=11279"},{"taxonomy":"post_tag","embeddable":true,"href":"https:\/\/www.fotolab.sk\/blog\/wp-json\/wp\/v2\/tags?post=11279"}],"curies":[{"name":"wp","href":"https:\/\/api.w.org\/{rel}","templated":true}]}}