
{"id":11168,"date":"2020-11-11T08:46:01","date_gmt":"2020-11-11T07:46:01","guid":{"rendered":"https:\/\/www.fotolab.sk\/blog\/?p=11168"},"modified":"2020-11-11T08:47:14","modified_gmt":"2020-11-11T07:47:14","slug":"diy-kreativny-darcek-z-fotopasikov","status":"publish","type":"post","link":"https:\/\/www.fotolab.sk\/blog\/diy-kreativny-darcek-z-fotopasikov\/","title":{"rendered":"DIY Kreat\u00edvny dar\u010dek z fotop\u00e1sikov"},"content":{"rendered":"<h5>S\u00fa modern\u00e9, n\u00e1padit\u00e9 a kr\u00e1sne. Na\u0161e <a href=\"https:\/\/www.cewe.sk\/fotografie\/art-prints\/mini-foto.html\" target=\"_blank\" rel=\"noopener noreferrer\"><span style=\"color: #800000;\">fotop\u00e1siky<\/span><\/a> s\u00fa ide\u00e1lne na uchovanie va\u0161ich najkraj\u0161\u00edch z\u00e1berov pekne pohromade.<\/h5>\n<p>Prin\u00e1\u0161ame n\u00e1pad na jednoduch\u00fd a pekn\u00fd dar\u010dek pre rodi\u010dov, star\u00fdch rodi\u010dov, s\u00farodencov alebo najlep\u0161\u00edch kamar\u00e1tov, ktor\u00fd zvl\u00e1dne vytvori\u0165 ka\u017ed\u00fd.<\/p>\n<h5>Budeme potrebova\u0165<\/h5>\n<ul>\n<li>CEWE fotop\u00e1siky<\/li>\n<li>no\u017enice<\/li>\n<li>dreven\u00e9 kor\u00e1liky<\/li>\n<li>dierkova\u010d<\/li>\n<li>\u0161n\u00farka<\/li>\n<li>viano\u010dn\u00e1 stu\u017eka<\/li>\n<\/ul>\n<p><img decoding=\"async\" loading=\"lazy\" class=\"alignnone size-full wp-image-11169\" src=\"https:\/\/blog.fotolab.sk\/wp-content\/uploads\/2020\/08\/Kreativtipps_Xmas_Sofortfotos_10036-mic.jpg\" alt=\"\" width=\"1280\" height=\"808\" \/><\/p>\n<p><a href=\"https:\/\/www.cewe.sk\/fotografie\/art-prints\/mini-foto.html\" target=\"_blank\" rel=\"noopener noreferrer\">Objedna\u0165 CEWE fotop\u00e1siky<\/a><\/p>\n<h5>Postup<\/h5>\n<p>Vyberieme 4 alebo 5 fotop\u00e1sikov, ulo\u017e\u00edme ich na seba a do \u013eav\u00e9ho doln\u00e9ho rohu urob\u00edme dierku. Dierkou prevle\u010dieme \u0161n\u00farku, na ktor\u00fa navle\u010dieme kor\u00e1liky r\u00f4znych farieb a ve\u013ekost\u00ed a dozdob\u00edme viano\u010dnou stu\u017ekou.<\/p>\n<div id='gallery-1' class='gallery galleryid-11168 gallery-columns-2 gallery-size-gridlove-single'><figure class='gallery-item'>\n\t\t\t<div class='gallery-icon landscape'>\n\t\t\t\t<a class=\"gridlove-popup\" href='https:\/\/blog.fotolab.sk\/wp-content\/uploads\/2020\/08\/Kreativtipp_Xmas_F\u00e4cher_10496-mic.jpg'><img width=\"740\" height=\"467\" src=\"https:\/\/blog.fotolab.sk\/wp-content\/uploads\/2020\/08\/Kreativtipp_Xmas_F\u00e4cher_10496-mic.jpg\" class=\"attachment-gridlove-single size-gridlove-single\" alt=\"\" decoding=\"async\" loading=\"lazy\" \/><\/a>\n\t\t\t<\/div><\/figure><figure class='gallery-item'>\n\t\t\t<div class='gallery-icon landscape'>\n\t\t\t\t<a class=\"gridlove-popup\" href='https:\/\/blog.fotolab.sk\/wp-content\/uploads\/2020\/08\/Kreativtipp_Xmas_F\u00e4cher_10498-mic.jpg'><img width=\"740\" height=\"467\" src=\"https:\/\/blog.fotolab.sk\/wp-content\/uploads\/2020\/08\/Kreativtipp_Xmas_F\u00e4cher_10498-mic.jpg\" class=\"attachment-gridlove-single size-gridlove-single\" alt=\"\" decoding=\"async\" loading=\"lazy\" \/><\/a>\n\t\t\t<\/div><\/figure>\n\t\t<\/div>\n\n<p>Kr\u00e1sny a jednoduch\u00fd viano\u010dn\u00fd dar\u010dek je na svete!<\/p>\n<p><img decoding=\"async\" loading=\"lazy\" class=\"alignnone size-full wp-image-11172\" src=\"https:\/\/blog.fotolab.sk\/wp-content\/uploads\/2020\/08\/Kreativtipps_Xmas_Sofortfotos_10032-bc.jpg\" alt=\"\" width=\"1280\" height=\"857\" \/><\/p>\n<p>\u017del\u00e1me v\u00e1m ve\u013ea radosti pri tvoren\u00ed.<\/p>\n<p>\u010eal\u0161ie tipy na n\u00e1padit\u00e9 dar\u010deky z fotografi\u00ed n\u00e1jdete <a href=\"https:\/\/www.cewe.sk\/vianocne-darceky\" target=\"_blank\" rel=\"noopener noreferrer\">na na\u0161ej viano\u010dnej str\u00e1nke<\/a>.<\/p>\n","protected":false},"excerpt":{"rendered":"<p>S\u00fa modern\u00e9, n\u00e1padit\u00e9 a kr\u00e1sne. Na\u0161e fotop\u00e1siky s\u00fa ide\u00e1lne na uchovanie va\u0161ich najkraj\u0161\u00edch z\u00e1berov pekne pohromade. Prin\u00e1\u0161ame n\u00e1pad na jednoduch\u00fd a pekn\u00fd dar\u010dek pre rodi\u010dov, star\u00fdch rodi\u010dov, s\u00farodencov alebo najlep\u0161\u00edch kamar\u00e1tov, ktor\u00fd zvl\u00e1dne vytvori\u0165 ka\u017ed\u00fd. Budeme potrebova\u0165 CEWE fotop\u00e1siky no\u017enice dreven\u00e9 kor\u00e1liky dierkova\u010d \u0161n\u00farka viano\u010dn\u00e1 stu\u017eka Objedna\u0165 CEWE fotop\u00e1siky Postup Vyberieme 4 alebo 5 fotop\u00e1sikov, [&hellip;]<\/p>\n","protected":false},"author":39,"featured_media":11173,"comment_status":"open","ping_status":"open","sticky":false,"template":"","format":"standard","meta":[],"categories":[51,52],"tags":[107,77,99,97,119],"yoast_head":"<!-- This site is optimized with the Yoast SEO plugin v19.1 - https:\/\/yoast.com\/wordpress\/plugins\/seo\/ -->\n<title>DIY Kreat\u00edvny dar\u010dek z fotop\u00e1sikov - CEWE Fotolab blog<\/title>\n<meta name=\"description\" content=\"S\u00fa modern\u00e9, n\u00e1padit\u00e9 a kr\u00e1sne. Na\u0161e fotop\u00e1siky s\u00fa ide\u00e1lne na uchovanie va\u0161ich najkraj\u0161\u00edch z\u00e1berov pekne pohromade.\" \/>\n<meta name=\"robots\" content=\"index, follow, max-snippet:-1, max-image-preview:large, max-video-preview:-1\" \/>\n<link rel=\"canonical\" href=\"https:\/\/www.fotolab.sk\/blog\/diy-kreativny-darcek-z-fotopasikov\/\" \/>\n<meta property=\"og:locale\" content=\"sk_SK\" \/>\n<meta property=\"og:type\" content=\"article\" \/>\n<meta property=\"og:title\" content=\"DIY Kreat\u00edvny dar\u010dek z fotop\u00e1sikov - CEWE Fotolab blog\" \/>\n<meta property=\"og:description\" content=\"S\u00fa modern\u00e9, n\u00e1padit\u00e9 a kr\u00e1sne. Na\u0161e fotop\u00e1siky s\u00fa ide\u00e1lne na uchovanie va\u0161ich najkraj\u0161\u00edch z\u00e1berov pekne pohromade.\" \/>\n<meta property=\"og:url\" content=\"https:\/\/www.fotolab.sk\/blog\/diy-kreativny-darcek-z-fotopasikov\/\" \/>\n<meta property=\"og:site_name\" content=\"CEWE Fotolab blog\" \/>\n<meta property=\"article:published_time\" content=\"2020-11-11T07:46:01+00:00\" \/>\n<meta property=\"article:modified_time\" content=\"2020-11-11T07:47:14+00:00\" \/>\n<meta property=\"og:image\" content=\"https:\/\/blog.fotolab.sk\/wp-content\/uploads\/2020\/08\/Kreativtipps_Xmas_Sofortfotos_10032-bcm.jpg\" \/>\n\t<meta property=\"og:image:width\" content=\"2000\" \/>\n\t<meta property=\"og:image:height\" content=\"915\" \/>\n\t<meta property=\"og:image:type\" content=\"image\/jpeg\" \/>\n<meta name=\"twitter:label1\" content=\"Autor:\" \/>\n\t<meta name=\"twitter:data1\" content=\"Daniela Ru\u017eovi\u010dov\u00e1\" \/>\n\t<meta name=\"twitter:label2\" content=\"Predpokladan\u00fd \u010das \u010d\u00edtania\" \/>\n\t<meta name=\"twitter:data2\" content=\"1 min\u00fata\" \/>\n<script type=\"application\/ld+json\" class=\"yoast-schema-graph\">{\"@context\":\"https:\/\/schema.org\",\"@graph\":[{\"@type\":\"WebSite\",\"@id\":\"https:\/\/www.fotolab.sk\/blog\/#website\",\"url\":\"https:\/\/www.fotolab.sk\/blog\/\",\"name\":\"CEWE Fotolab blog\",\"description\":\"Blog ur\u010den\u00fd pre fan\u00fa\u0161ikov fotografie a sveta okolo nej.\",\"potentialAction\":[{\"@type\":\"SearchAction\",\"target\":{\"@type\":\"EntryPoint\",\"urlTemplate\":\"https:\/\/www.fotolab.sk\/blog\/?s={search_term_string}\"},\"query-input\":\"required name=search_term_string\"}],\"inLanguage\":\"sk-SK\"},{\"@type\":\"ImageObject\",\"inLanguage\":\"sk-SK\",\"@id\":\"https:\/\/www.fotolab.sk\/blog\/diy-kreativny-darcek-z-fotopasikov\/#primaryimage\",\"url\":\"https:\/\/blog.fotolab.sk\/wp-content\/uploads\/2020\/08\/Kreativtipps_Xmas_Sofortfotos_10032-bcm.jpg\",\"contentUrl\":\"https:\/\/blog.fotolab.sk\/wp-content\/uploads\/2020\/08\/Kreativtipps_Xmas_Sofortfotos_10032-bcm.jpg\",\"width\":2000,\"height\":915},{\"@type\":\"WebPage\",\"@id\":\"https:\/\/www.fotolab.sk\/blog\/diy-kreativny-darcek-z-fotopasikov\/#webpage\",\"url\":\"https:\/\/www.fotolab.sk\/blog\/diy-kreativny-darcek-z-fotopasikov\/\",\"name\":\"DIY Kreat\u00edvny dar\u010dek z fotop\u00e1sikov - CEWE Fotolab blog\",\"isPartOf\":{\"@id\":\"https:\/\/www.fotolab.sk\/blog\/#website\"},\"primaryImageOfPage\":{\"@id\":\"https:\/\/www.fotolab.sk\/blog\/diy-kreativny-darcek-z-fotopasikov\/#primaryimage\"},\"datePublished\":\"2020-11-11T07:46:01+00:00\",\"dateModified\":\"2020-11-11T07:47:14+00:00\",\"author\":{\"@id\":\"https:\/\/www.fotolab.sk\/blog\/#\/schema\/person\/77d6dacf2a79ac8f60da8e2a80f2030b\"},\"description\":\"S\u00fa modern\u00e9, n\u00e1padit\u00e9 a kr\u00e1sne. Na\u0161e fotop\u00e1siky s\u00fa ide\u00e1lne na uchovanie va\u0161ich najkraj\u0161\u00edch z\u00e1berov pekne pohromade.\",\"breadcrumb\":{\"@id\":\"https:\/\/www.fotolab.sk\/blog\/diy-kreativny-darcek-z-fotopasikov\/#breadcrumb\"},\"inLanguage\":\"sk-SK\",\"potentialAction\":[{\"@type\":\"ReadAction\",\"target\":[\"https:\/\/www.fotolab.sk\/blog\/diy-kreativny-darcek-z-fotopasikov\/\"]}]},{\"@type\":\"BreadcrumbList\",\"@id\":\"https:\/\/www.fotolab.sk\/blog\/diy-kreativny-darcek-z-fotopasikov\/#breadcrumb\",\"itemListElement\":[{\"@type\":\"ListItem\",\"position\":1,\"name\":\"Home\",\"item\":\"https:\/\/www.fotolab.sk\/blog\/\"},{\"@type\":\"ListItem\",\"position\":2,\"name\":\"DIY Kreat\u00edvny dar\u010dek z fotop\u00e1sikov\"}]},{\"@type\":\"Person\",\"@id\":\"https:\/\/www.fotolab.sk\/blog\/#\/schema\/person\/77d6dacf2a79ac8f60da8e2a80f2030b\",\"name\":\"Daniela Ru\u017eovi\u010dov\u00e1\",\"image\":{\"@type\":\"ImageObject\",\"inLanguage\":\"sk-SK\",\"@id\":\"https:\/\/www.fotolab.sk\/blog\/#\/schema\/person\/image\/\",\"url\":\"https:\/\/secure.gravatar.com\/avatar\/647297b7198748e4a44171e3ddb8f81e?s=96&d=mm&r=g\",\"contentUrl\":\"https:\/\/secure.gravatar.com\/avatar\/647297b7198748e4a44171e3ddb8f81e?s=96&d=mm&r=g\",\"caption\":\"Daniela Ru\u017eovi\u010dov\u00e1\"},\"description\":\"M\u00e1m rada zimu, cestovanie a seversk\u00e9 krajiny. \u017divot v Bratislave striedam s v\u00fdletmi do pr\u00edrody a do h\u00f4r, s fotoapar\u00e1tom v ruke.\",\"url\":\"https:\/\/www.fotolab.sk\/blog\/author\/daniela\/\"}]}<\/script>\n<!-- \/ Yoast SEO plugin. -->","yoast_head_json":{"title":"DIY Kreat\u00edvny dar\u010dek z fotop\u00e1sikov - CEWE Fotolab blog","description":"S\u00fa modern\u00e9, n\u00e1padit\u00e9 a kr\u00e1sne. Na\u0161e fotop\u00e1siky s\u00fa ide\u00e1lne na uchovanie va\u0161ich najkraj\u0161\u00edch z\u00e1berov pekne pohromade.","robots":{"index":"index","follow":"follow","max-snippet":"max-snippet:-1","max-image-preview":"max-image-preview:large","max-video-preview":"max-video-preview:-1"},"canonical":"https:\/\/www.fotolab.sk\/blog\/diy-kreativny-darcek-z-fotopasikov\/","og_locale":"sk_SK","og_type":"article","og_title":"DIY Kreat\u00edvny dar\u010dek z fotop\u00e1sikov - CEWE Fotolab blog","og_description":"S\u00fa modern\u00e9, n\u00e1padit\u00e9 a kr\u00e1sne. Na\u0161e fotop\u00e1siky s\u00fa ide\u00e1lne na uchovanie va\u0161ich najkraj\u0161\u00edch z\u00e1berov pekne pohromade.","og_url":"https:\/\/www.fotolab.sk\/blog\/diy-kreativny-darcek-z-fotopasikov\/","og_site_name":"CEWE Fotolab blog","article_published_time":"2020-11-11T07:46:01+00:00","article_modified_time":"2020-11-11T07:47:14+00:00","og_image":[{"width":2000,"height":915,"url":"https:\/\/blog.fotolab.sk\/wp-content\/uploads\/2020\/08\/Kreativtipps_Xmas_Sofortfotos_10032-bcm.jpg","type":"image\/jpeg"}],"twitter_misc":{"Autor:":"Daniela Ru\u017eovi\u010dov\u00e1","Predpokladan\u00fd \u010das \u010d\u00edtania":"1 min\u00fata"},"schema":{"@context":"https:\/\/schema.org","@graph":[{"@type":"WebSite","@id":"https:\/\/www.fotolab.sk\/blog\/#website","url":"https:\/\/www.fotolab.sk\/blog\/","name":"CEWE Fotolab blog","description":"Blog ur\u010den\u00fd pre fan\u00fa\u0161ikov fotografie a sveta okolo nej.","potentialAction":[{"@type":"SearchAction","target":{"@type":"EntryPoint","urlTemplate":"https:\/\/www.fotolab.sk\/blog\/?s={search_term_string}"},"query-input":"required name=search_term_string"}],"inLanguage":"sk-SK"},{"@type":"ImageObject","inLanguage":"sk-SK","@id":"https:\/\/www.fotolab.sk\/blog\/diy-kreativny-darcek-z-fotopasikov\/#primaryimage","url":"https:\/\/blog.fotolab.sk\/wp-content\/uploads\/2020\/08\/Kreativtipps_Xmas_Sofortfotos_10032-bcm.jpg","contentUrl":"https:\/\/blog.fotolab.sk\/wp-content\/uploads\/2020\/08\/Kreativtipps_Xmas_Sofortfotos_10032-bcm.jpg","width":2000,"height":915},{"@type":"WebPage","@id":"https:\/\/www.fotolab.sk\/blog\/diy-kreativny-darcek-z-fotopasikov\/#webpage","url":"https:\/\/www.fotolab.sk\/blog\/diy-kreativny-darcek-z-fotopasikov\/","name":"DIY Kreat\u00edvny dar\u010dek z fotop\u00e1sikov - CEWE Fotolab blog","isPartOf":{"@id":"https:\/\/www.fotolab.sk\/blog\/#website"},"primaryImageOfPage":{"@id":"https:\/\/www.fotolab.sk\/blog\/diy-kreativny-darcek-z-fotopasikov\/#primaryimage"},"datePublished":"2020-11-11T07:46:01+00:00","dateModified":"2020-11-11T07:47:14+00:00","author":{"@id":"https:\/\/www.fotolab.sk\/blog\/#\/schema\/person\/77d6dacf2a79ac8f60da8e2a80f2030b"},"description":"S\u00fa modern\u00e9, n\u00e1padit\u00e9 a kr\u00e1sne. Na\u0161e fotop\u00e1siky s\u00fa ide\u00e1lne na uchovanie va\u0161ich najkraj\u0161\u00edch z\u00e1berov pekne pohromade.","breadcrumb":{"@id":"https:\/\/www.fotolab.sk\/blog\/diy-kreativny-darcek-z-fotopasikov\/#breadcrumb"},"inLanguage":"sk-SK","potentialAction":[{"@type":"ReadAction","target":["https:\/\/www.fotolab.sk\/blog\/diy-kreativny-darcek-z-fotopasikov\/"]}]},{"@type":"BreadcrumbList","@id":"https:\/\/www.fotolab.sk\/blog\/diy-kreativny-darcek-z-fotopasikov\/#breadcrumb","itemListElement":[{"@type":"ListItem","position":1,"name":"Home","item":"https:\/\/www.fotolab.sk\/blog\/"},{"@type":"ListItem","position":2,"name":"DIY Kreat\u00edvny dar\u010dek z fotop\u00e1sikov"}]},{"@type":"Person","@id":"https:\/\/www.fotolab.sk\/blog\/#\/schema\/person\/77d6dacf2a79ac8f60da8e2a80f2030b","name":"Daniela Ru\u017eovi\u010dov\u00e1","image":{"@type":"ImageObject","inLanguage":"sk-SK","@id":"https:\/\/www.fotolab.sk\/blog\/#\/schema\/person\/image\/","url":"https:\/\/secure.gravatar.com\/avatar\/647297b7198748e4a44171e3ddb8f81e?s=96&d=mm&r=g","contentUrl":"https:\/\/secure.gravatar.com\/avatar\/647297b7198748e4a44171e3ddb8f81e?s=96&d=mm&r=g","caption":"Daniela Ru\u017eovi\u010dov\u00e1"},"description":"M\u00e1m rada zimu, cestovanie a seversk\u00e9 krajiny. \u017divot v Bratislave striedam s v\u00fdletmi do pr\u00edrody a do h\u00f4r, s fotoapar\u00e1tom v ruke.","url":"https:\/\/www.fotolab.sk\/blog\/author\/daniela\/"}]}},"_links":{"self":[{"href":"https:\/\/www.fotolab.sk\/blog\/wp-json\/wp\/v2\/posts\/11168"}],"collection":[{"href":"https:\/\/www.fotolab.sk\/blog\/wp-json\/wp\/v2\/posts"}],"about":[{"href":"https:\/\/www.fotolab.sk\/blog\/wp-json\/wp\/v2\/types\/post"}],"author":[{"embeddable":true,"href":"https:\/\/www.fotolab.sk\/blog\/wp-json\/wp\/v2\/users\/39"}],"replies":[{"embeddable":true,"href":"https:\/\/www.fotolab.sk\/blog\/wp-json\/wp\/v2\/comments?post=11168"}],"version-history":[{"count":4,"href":"https:\/\/www.fotolab.sk\/blog\/wp-json\/wp\/v2\/posts\/11168\/revisions"}],"predecessor-version":[{"id":11518,"href":"https:\/\/www.fotolab.sk\/blog\/wp-json\/wp\/v2\/posts\/11168\/revisions\/11518"}],"wp:featuredmedia":[{"embeddable":true,"href":"https:\/\/www.fotolab.sk\/blog\/wp-json\/wp\/v2\/media\/11173"}],"wp:attachment":[{"href":"https:\/\/www.fotolab.sk\/blog\/wp-json\/wp\/v2\/media?parent=11168"}],"wp:term":[{"taxonomy":"category","embeddable":true,"href":"https:\/\/www.fotolab.sk\/blog\/wp-json\/wp\/v2\/categories?post=11168"},{"taxonomy":"post_tag","embeddable":true,"href":"https:\/\/www.fotolab.sk\/blog\/wp-json\/wp\/v2\/tags?post=11168"}],"curies":[{"name":"wp","href":"https:\/\/api.w.org\/{rel}","templated":true}]}}