
{"id":11123,"date":"2020-08-06T09:41:45","date_gmt":"2020-08-06T07:41:45","guid":{"rendered":"https:\/\/www.fotolab.sk\/blog\/?p=11123"},"modified":"2020-08-20T15:22:02","modified_gmt":"2020-08-20T13:22:02","slug":"cestuj-s-cewe-spis-a-jeho-neprebadane-zakutia","status":"publish","type":"post","link":"https:\/\/www.fotolab.sk\/blog\/cestuj-s-cewe-spis-a-jeho-neprebadane-zakutia\/","title":{"rendered":"Cestuj s CEWE 2020 &#8211; Spi\u0161 a jeho nepreb\u00e1dan\u00e9 z\u00e1kutia"},"content":{"rendered":"<h5>Tento t\u00fd\u017ede\u0148 pokra\u010dujeme v <span style=\"color: #800000;\"><a style=\"color: #800000;\" href=\"https:\/\/cestuj.cewe.sk\/\" target=\"_blank\" rel=\"noopener noreferrer\">Cestuj s CEWE<\/a><\/span> s fotografom a film\u00e1rom <span style=\"color: #0000ff;\"><a style=\"color: #0000ff;\" href=\"https:\/\/www.instagram.com\/mato.ondrus\/\" target=\"_blank\" rel=\"noopener noreferrer\">Ma\u0165om Ondru\u0161om<\/a><\/span> a spolu objav\u00edme kr\u00e1sne a m\u00e1lo preb\u00e1dan\u00e9 \u010dasti na Spi\u0161i, \u0160ari\u0161i a Zamagur\u00ed.<\/h5>\n<p>Minul\u00fd rok som mal \u00fa\u017easn\u00fa pr\u00edle\u017eitos\u0165 spozna\u0165 na\u0161u krajinu v projekte Cestuj s CEWE 2019, ktor\u00fd v\u00e1m ur\u010dite nemus\u00edm predstavova\u0165, ke\u010f\u017ee do tohtoro\u010dnej formy sa pr\u00e1ve zap\u00e1jate. <strong>Precestovali sme v podstate cel\u00e9 Slovensko<\/strong>, boli sme cel\u00fd \u010das vo dvojici s M\u00e1riou Badinskou, no na ist\u00fd \u010das musela od\u00eds\u0165 a ja som zostal prv\u00fdkr\u00e1t v \u017eivote s\u00e1m na cest\u00e1ch. V\u00fdhoda, ke\u010f cestujete sami je, \u017ee zastav\u00edte, kde to c\u00edtite.<\/p>\n<p><img decoding=\"async\" loading=\"lazy\" class=\"alignnone size-full wp-image-11133\" src=\"https:\/\/blog.fotolab.sk\/wp-content\/uploads\/2020\/08\/\u013dubov\u0148a-.jpg\" alt=\"\" width=\"1280\" height=\"960\" \/><\/p>\n<p>T\u00e1to situ\u00e1cia mi dala pr\u00edle\u017eitos\u0165 improvizova\u0165 a odhalil som nieko\u013eko zauj\u00edmav\u00fdch miest na Spi\u0161i, o ktor\u00fdch by som inak nemal ani \u0161ajnu. S\u00fa to presne tak\u00e9 tie z\u00e1kutia, pri ktor\u00fdch si poviete, \u017ee &#8220;do pa\u017ee&#8221;, pre\u010do som o tomto nevedel sk\u00f4r a ako bonus s\u00fa aj neuverite\u013ene fotogenick\u00e9.<\/p>\n<h5>Dreven\u00fd kostol\u00edk v dedinke Jedlinka<\/h5>\n<p>Prvou zast\u00e1vkou m\u00f4jho bl\u00fadenia bol dreven\u00fd kostol\u00edk v malinkej dedinke menom Jedlinky.<\/p>\n<p><img decoding=\"async\" loading=\"lazy\" class=\"alignnone size-full wp-image-11134\" src=\"https:\/\/blog.fotolab.sk\/wp-content\/uploads\/2020\/08\/jedliny-3-.jpg\" alt=\"\" width=\"1280\" height=\"853\" \/><\/p>\n<p>Dreven\u00e9 kostol\u00edky maj\u00fa neuverite\u013en\u00e9 \u010daro, jednak s\u00fa fotogenick\u00e9 a na druhej strane v nich o\u017e\u00edva hist\u00f3ria. Presne tak\u00fdto bol aj <strong>Gr<\/strong><strong>\u00e9ckokatol\u00edcky dreven\u00fd <\/strong><strong>chr\u00e1m Ochrany Presv\u00e4tej Bohorodi\u010dky z rolu 1763. <\/strong>Kostol\u00edk schovan\u00fd medzi dom\u010dekmi, som si spo\u010diatku ani nev\u0161imol, zrazu som uvidel zaparkovan\u00e9 auto s rak\u00faskou \u0160PZ-tkou a povedal som si, \u017ee pre\u010do by tu parkovali turisti, ke\u010f nie kv\u00f4li tomu, pre\u010do som tu aj ja. Zm\u00e4ten\u00ed Raku\u0161ania sa sna\u017eili dovola\u0165 panej, ktor\u00e1 bola spr\u00e1vcom kostola. Samozrejme nevedela po anglicky, tak\u017ee okrem fotografa sa zo m\u0148a stal aj tlmo\u010dn\u00edk. Ka\u017edop\u00e1dne, kr\u00e1sne ikony, ma\u013eovan\u00e9 olt\u00e1re a v\u00f4\u0148a, alebo sk\u00f4r z\u00e1pach dreva ma ale uistili, \u017ee to bola ve\u013emi dobr\u00e1 zast\u00e1vka. V kostol\u00edku sa vraj st\u00e1le sl\u00fa\u017eia bohoslu\u017eby, tak\u017ee ke\u010f pr\u00eddete v nede\u013eu, budete ma\u0165 z\u00e1\u017eitok o to v\u00e4\u010d\u0161\u00ed.<\/p>\n<div id='gallery-1' class='gallery galleryid-11123 gallery-columns-3 gallery-size-gridlove-single'><figure class='gallery-item'>\n\t\t\t<div class='gallery-icon portrait'>\n\t\t\t\t<a class=\"gridlove-popup\" href='https:\/\/blog.fotolab.sk\/wp-content\/uploads\/2020\/08\/jedliny-5.jpg'><img width=\"682\" height=\"1024\" src=\"https:\/\/blog.fotolab.sk\/wp-content\/uploads\/2020\/08\/jedliny-5.jpg\" class=\"attachment-gridlove-single size-gridlove-single\" alt=\"\" decoding=\"async\" loading=\"lazy\" \/><\/a>\n\t\t\t<\/div><\/figure><figure class='gallery-item'>\n\t\t\t<div class='gallery-icon portrait'>\n\t\t\t\t<a class=\"gridlove-popup\" href='https:\/\/blog.fotolab.sk\/wp-content\/uploads\/2020\/08\/jedliny-6.jpg'><img width=\"682\" height=\"1024\" src=\"https:\/\/blog.fotolab.sk\/wp-content\/uploads\/2020\/08\/jedliny-6.jpg\" class=\"attachment-gridlove-single size-gridlove-single\" alt=\"\" decoding=\"async\" loading=\"lazy\" \/><\/a>\n\t\t\t<\/div><\/figure><figure class='gallery-item'>\n\t\t\t<div class='gallery-icon portrait'>\n\t\t\t\t<a class=\"gridlove-popup\" href='https:\/\/blog.fotolab.sk\/wp-content\/uploads\/2020\/08\/jedliny.jpg'><img width=\"682\" height=\"1024\" src=\"https:\/\/blog.fotolab.sk\/wp-content\/uploads\/2020\/08\/jedliny.jpg\" class=\"attachment-gridlove-single size-gridlove-single\" alt=\"\" decoding=\"async\" loading=\"lazy\" \/><\/a>\n\t\t\t<\/div><\/figure>\n\t\t<\/div>\n\n<h5>Hrad Zborov<\/h5>\n<p>Ke\u010f h\u013ead\u00e1te kratu\u010dk\u00fa prech\u00e1dzku v okol\u00ed Bardejova, <strong>Hrad Zborov<\/strong> nem\u00f4\u017eete vynecha\u0165, je pr\u00edstupn\u00fd na pe\u0161o aj pre menej zdatn\u00fdch turistov, no v\u0161imol som si, \u017ee k nemu vedie fajnov\u00e1 cesta na bicykel. Ke\u010f m\u00e1te dron, ur\u010dite v\u00e1m odpor\u00fa\u010dam si ho zobra\u0165 a vysk\u00fa\u0161a\u0165 preletie\u0165 pomedzi zr\u00facaniny. Vytvor\u00edte tak ohromn\u00e9 z\u00e1bery.<\/p>\n<p><img decoding=\"async\" loading=\"lazy\" class=\"alignnone size-full wp-image-11138\" src=\"https:\/\/blog.fotolab.sk\/wp-content\/uploads\/2020\/08\/zboro.jpg\" alt=\"\" width=\"1280\" height=\"853\" \/><\/p>\n<h5>Dreven\u00fd kostol\u00edk v Hervatove<\/h5>\n<p>Op\u00e4\u0165 sme pri dreven\u00fdch kostol\u00edkoch. Tento konkr\u00e9tny sa nach\u00e1dza v dedinke <strong>Hervatov<\/strong>, vzdialenej od Bardejova asi 20 min\u00fat autom. N\u00e1dvorie chr\u00e1mu lemuj\u00fa kr\u00e1sne, nazval by som to, hradby, ktor\u00e9 dod\u00e1vaj\u00fa kostolu majest\u00e1tnos\u0165. Vn\u00fatro v\u00e1s naopak zaujme jednoduchos\u0165ou drevenej architekt\u00fary, ale aj nev\u0161ednos\u0165ou jednotliv\u00fdch malieb na sten\u00e1ch kostola. <strong>Kostol sv. Franti\u0161ka z Assisi<\/strong> je jeden z najstar\u0161\u00edch a najzachovalej\u0161\u00edch dreven\u00fdch kostolov na Slovensku. Odpor\u00fa\u010dam v\u0161etk\u00fdmi desiatimi.<\/p>\n<p><img decoding=\"async\" loading=\"lazy\" class=\"alignnone size-full wp-image-11139\" src=\"https:\/\/blog.fotolab.sk\/wp-content\/uploads\/2020\/08\/Hervatov.jpg\" alt=\"\" width=\"682\" height=\"1024\" \/><\/p>\n<h5>Spi\u0161sk\u00fd hrad inak<\/h5>\n<p>Samozrejme, povinnou zast\u00e1vkou na Spi\u0161i je Spi\u0161sk\u00fd hrad. D\u00e1m v\u00e1m ale mal\u00fa radu. Ako film\u00e1r a fotograf som sa nau\u010dil pozera\u0165 na veci z in\u00e9ho uhla poh\u013eadu a nach\u00e1dza\u0165 nov\u00e9 lokality, ktor\u00e9 v\u00e1m daj\u00fa na dan\u00fa pamiatku alebo miesto nov\u00fd rozmer. Preto v\u00e1m odpor\u00fa\u010dam si Spi\u0161sk\u00fd hrad pozrie\u0165 pri v\u00fdchode Slnka z kopcov v jeho okol\u00ed. Rann\u00e1 inverzia, z ktorej vyk\u00faka hrad je ozaj poh\u013ead, na ktor\u00fd sa nezab\u00fada.<\/p>\n<p><img decoding=\"async\" loading=\"lazy\" class=\"alignnone size-full wp-image-11140\" src=\"https:\/\/blog.fotolab.sk\/wp-content\/uploads\/2020\/08\/spi\u0161_8.jpg\" alt=\"\" width=\"1280\" height=\"852\" \/><\/p>\n<p>Ako som spom\u00ednal, sna\u017e\u00edm sa pozrie\u0165 na svet tro\u0161ku in\u00fdm \u0161t\u00fdlom, a klasick\u00e9 turistick\u00e9 atrakcie ma v poslednej dobe prestali bavi\u0165. Ove\u013ea viac ma l\u00e1kaj\u00fa miesta, o ktor\u00fdch nik nevie, resp. v\u00e1m ich odporu\u010dia dom\u00e1ci. Presne tak\u00fdm je aj moje posledn\u00e9 odpor\u00fa\u010danie, ktor\u00fdm je obrovsk\u00e1 skala pri Starej \u013dubovni, \u00faprimne jej n\u00e1zov si nepam\u00e4t\u00e1m, no n\u00e1jdete ju pod\u013ea t\u00fdchto s\u00faradn\u00edc (49.344114, 20.671869).\u00a0 Z tohto miesta budete ma\u0165 neuverite\u013en\u00fd v\u00fdh\u013ead na Vysok\u00e9 Tatry, ale aj na cel\u00e9 Pieniny.<\/p>\n<p><strong>Keby v\u00e1m bolo m\u00e1lo tu je p\u00e1r bonusov\u00fdch tipov, ktor\u00e9 s\u00fa povinnou zast\u00e1vkou na Spi\u0161i:<\/strong><\/p>\n<ul>\n<li>Mari\u00e1nska hora pri Levo\u010di<\/li>\n<li>\u013dubov\u0148iansky hrad<\/li>\n<li>Nestville park v Hniezdom<\/li>\n<li>\u010cerven\u00fd kl\u00e1\u0161tor pri Dunajci (zoberte si hotovos\u0165, ned\u00e1 sa plati\u0165 kartou)<\/li>\n<li>Splav Dunajca s humorn\u00fdm v\u00fdkladom (zoberte si hotovos\u0165, ned\u00e1 sa plati\u0165 kartou)<\/li>\n<\/ul>\n<figure id=\"attachment_11141\" aria-describedby=\"caption-attachment-11141\" style=\"width: 1280px\" class=\"wp-caption alignnone\"><img decoding=\"async\" loading=\"lazy\" class=\"size-full wp-image-11141\" src=\"https:\/\/blog.fotolab.sk\/wp-content\/uploads\/2020\/08\/\u010derven\u00fd-kl\u00e1\u0161tor-2.jpg\" alt=\"\" width=\"1280\" height=\"853\" \/><figcaption id=\"caption-attachment-11141\" class=\"wp-caption-text\">\u010cerven\u00fd kl\u00e1\u0161tor<\/figcaption><\/figure>\n<p>&nbsp;<\/p>\n<p>Samozrejme, vybral som pre v\u00e1s tak\u00e9 chu\u0165ove\u010dky, na Slovensku je toho ve\u013emi ve\u013ea a na ka\u017edom kroku n\u00e1jdete to, \u010do by ste ne\u010dakali.<\/p>\n","protected":false},"excerpt":{"rendered":"<p>Tento t\u00fd\u017ede\u0148 pokra\u010dujeme v Cestuj s CEWE s fotografom a film\u00e1rom Ma\u0165om Ondru\u0161om a spolu objav\u00edme kr\u00e1sne a m\u00e1lo preb\u00e1dan\u00e9 \u010dasti na Spi\u0161i, \u0160ari\u0161i a Zamagur\u00ed. Minul\u00fd rok som mal \u00fa\u017easn\u00fa pr\u00edle\u017eitos\u0165 spozna\u0165 na\u0161u krajinu v projekte Cestuj s CEWE 2019, ktor\u00fd v\u00e1m ur\u010dite nemus\u00edm predstavova\u0165, ke\u010f\u017ee do tohtoro\u010dnej formy sa pr\u00e1ve zap\u00e1jate. Precestovali sme [&hellip;]<\/p>\n","protected":false},"author":41,"featured_media":11126,"comment_status":"open","ping_status":"open","sticky":false,"template":"","format":"standard","meta":[],"categories":[140,50],"tags":[92,94,141,107,146],"yoast_head":"<!-- This site is optimized with the Yoast SEO plugin v19.1 - https:\/\/yoast.com\/wordpress\/plugins\/seo\/ -->\n<title>Cestuj s CEWE 2020 - Spi\u0161 a jeho nepreb\u00e1dan\u00e9 z\u00e1kutia - CEWE Fotolab blog<\/title>\n<meta name=\"description\" content=\"Tento t\u00fd\u017ede\u0148 pokra\u010dujeme v Cestuj s CEWE s fotografom a film\u00e1rom Ma\u0165om Ondru\u0161om a spolu objav\u00edme kr\u00e1sne a m\u00e1lo preb\u00e1dan\u00e9 \u010dasti na Spi\u0161i, \u0160ari\u0161i a Zamagur\u00ed.\" \/>\n<meta name=\"robots\" content=\"index, follow, max-snippet:-1, max-image-preview:large, max-video-preview:-1\" \/>\n<link rel=\"canonical\" href=\"https:\/\/www.fotolab.sk\/blog\/cestuj-s-cewe-spis-a-jeho-neprebadane-zakutia\/\" \/>\n<meta property=\"og:locale\" content=\"sk_SK\" \/>\n<meta property=\"og:type\" content=\"article\" \/>\n<meta property=\"og:title\" content=\"Cestuj s CEWE 2020 - Spi\u0161 a jeho nepreb\u00e1dan\u00e9 z\u00e1kutia - CEWE Fotolab blog\" \/>\n<meta property=\"og:description\" content=\"Tento t\u00fd\u017ede\u0148 pokra\u010dujeme v Cestuj s CEWE s fotografom a film\u00e1rom Ma\u0165om Ondru\u0161om a spolu objav\u00edme kr\u00e1sne a m\u00e1lo preb\u00e1dan\u00e9 \u010dasti na Spi\u0161i, \u0160ari\u0161i a Zamagur\u00ed.\" \/>\n<meta property=\"og:url\" content=\"https:\/\/www.fotolab.sk\/blog\/cestuj-s-cewe-spis-a-jeho-neprebadane-zakutia\/\" \/>\n<meta property=\"og:site_name\" content=\"CEWE Fotolab blog\" \/>\n<meta property=\"article:published_time\" content=\"2020-08-06T07:41:45+00:00\" \/>\n<meta property=\"article:modified_time\" content=\"2020-08-20T13:22:02+00:00\" \/>\n<meta property=\"og:image\" content=\"https:\/\/blog.fotolab.sk\/wp-content\/uploads\/2020\/08\/Spis-title.jpg\" \/>\n\t<meta property=\"og:image:width\" content=\"2186\" \/>\n\t<meta property=\"og:image:height\" content=\"1456\" \/>\n\t<meta property=\"og:image:type\" content=\"image\/jpeg\" \/>\n<meta name=\"twitter:label1\" content=\"Autor:\" \/>\n\t<meta name=\"twitter:data1\" content=\"Redakcia CEWE\" \/>\n\t<meta name=\"twitter:label2\" content=\"Predpokladan\u00fd \u010das \u010d\u00edtania\" \/>\n\t<meta name=\"twitter:data2\" content=\"4 min\u00faty\" \/>\n<script type=\"application\/ld+json\" class=\"yoast-schema-graph\">{\"@context\":\"https:\/\/schema.org\",\"@graph\":[{\"@type\":\"WebSite\",\"@id\":\"https:\/\/www.fotolab.sk\/blog\/#website\",\"url\":\"https:\/\/www.fotolab.sk\/blog\/\",\"name\":\"CEWE Fotolab blog\",\"description\":\"Blog ur\u010den\u00fd pre fan\u00fa\u0161ikov fotografie a sveta okolo nej.\",\"potentialAction\":[{\"@type\":\"SearchAction\",\"target\":{\"@type\":\"EntryPoint\",\"urlTemplate\":\"https:\/\/www.fotolab.sk\/blog\/?s={search_term_string}\"},\"query-input\":\"required name=search_term_string\"}],\"inLanguage\":\"sk-SK\"},{\"@type\":\"ImageObject\",\"inLanguage\":\"sk-SK\",\"@id\":\"https:\/\/www.fotolab.sk\/blog\/cestuj-s-cewe-spis-a-jeho-neprebadane-zakutia\/#primaryimage\",\"url\":\"https:\/\/blog.fotolab.sk\/wp-content\/uploads\/2020\/08\/Spis-title.jpg\",\"contentUrl\":\"https:\/\/blog.fotolab.sk\/wp-content\/uploads\/2020\/08\/Spis-title.jpg\",\"width\":2186,\"height\":1456},{\"@type\":\"WebPage\",\"@id\":\"https:\/\/www.fotolab.sk\/blog\/cestuj-s-cewe-spis-a-jeho-neprebadane-zakutia\/#webpage\",\"url\":\"https:\/\/www.fotolab.sk\/blog\/cestuj-s-cewe-spis-a-jeho-neprebadane-zakutia\/\",\"name\":\"Cestuj s CEWE 2020 - Spi\u0161 a jeho nepreb\u00e1dan\u00e9 z\u00e1kutia - CEWE Fotolab blog\",\"isPartOf\":{\"@id\":\"https:\/\/www.fotolab.sk\/blog\/#website\"},\"primaryImageOfPage\":{\"@id\":\"https:\/\/www.fotolab.sk\/blog\/cestuj-s-cewe-spis-a-jeho-neprebadane-zakutia\/#primaryimage\"},\"datePublished\":\"2020-08-06T07:41:45+00:00\",\"dateModified\":\"2020-08-20T13:22:02+00:00\",\"author\":{\"@id\":\"https:\/\/www.fotolab.sk\/blog\/#\/schema\/person\/7857aea021b4560af0d06d2abe97110b\"},\"description\":\"Tento t\u00fd\u017ede\u0148 pokra\u010dujeme v Cestuj s CEWE s fotografom a film\u00e1rom Ma\u0165om Ondru\u0161om a spolu objav\u00edme kr\u00e1sne a m\u00e1lo preb\u00e1dan\u00e9 \u010dasti na Spi\u0161i, \u0160ari\u0161i a Zamagur\u00ed.\",\"breadcrumb\":{\"@id\":\"https:\/\/www.fotolab.sk\/blog\/cestuj-s-cewe-spis-a-jeho-neprebadane-zakutia\/#breadcrumb\"},\"inLanguage\":\"sk-SK\",\"potentialAction\":[{\"@type\":\"ReadAction\",\"target\":[\"https:\/\/www.fotolab.sk\/blog\/cestuj-s-cewe-spis-a-jeho-neprebadane-zakutia\/\"]}]},{\"@type\":\"BreadcrumbList\",\"@id\":\"https:\/\/www.fotolab.sk\/blog\/cestuj-s-cewe-spis-a-jeho-neprebadane-zakutia\/#breadcrumb\",\"itemListElement\":[{\"@type\":\"ListItem\",\"position\":1,\"name\":\"Home\",\"item\":\"https:\/\/www.fotolab.sk\/blog\/\"},{\"@type\":\"ListItem\",\"position\":2,\"name\":\"Cestuj s CEWE 2020 &#8211; Spi\u0161 a jeho nepreb\u00e1dan\u00e9 z\u00e1kutia\"}]},{\"@type\":\"Person\",\"@id\":\"https:\/\/www.fotolab.sk\/blog\/#\/schema\/person\/7857aea021b4560af0d06d2abe97110b\",\"name\":\"Redakcia CEWE\",\"image\":{\"@type\":\"ImageObject\",\"inLanguage\":\"sk-SK\",\"@id\":\"https:\/\/www.fotolab.sk\/blog\/#\/schema\/person\/image\/\",\"url\":\"https:\/\/secure.gravatar.com\/avatar\/e27c65ada54cc066e94388632d402763?s=96&d=mm&r=g\",\"contentUrl\":\"https:\/\/secure.gravatar.com\/avatar\/e27c65ada54cc066e94388632d402763?s=96&d=mm&r=g\",\"caption\":\"Redakcia CEWE\"},\"sameAs\":[\"https:\/\/www.instagram.com\/cewe.sk\/\"],\"url\":\"https:\/\/www.fotolab.sk\/blog\/author\/cewe-redakcia\/\"}]}<\/script>\n<!-- \/ Yoast SEO plugin. -->","yoast_head_json":{"title":"Cestuj s CEWE 2020 - Spi\u0161 a jeho nepreb\u00e1dan\u00e9 z\u00e1kutia - CEWE Fotolab blog","description":"Tento t\u00fd\u017ede\u0148 pokra\u010dujeme v Cestuj s CEWE s fotografom a film\u00e1rom Ma\u0165om Ondru\u0161om a spolu objav\u00edme kr\u00e1sne a m\u00e1lo preb\u00e1dan\u00e9 \u010dasti na Spi\u0161i, \u0160ari\u0161i a Zamagur\u00ed.","robots":{"index":"index","follow":"follow","max-snippet":"max-snippet:-1","max-image-preview":"max-image-preview:large","max-video-preview":"max-video-preview:-1"},"canonical":"https:\/\/www.fotolab.sk\/blog\/cestuj-s-cewe-spis-a-jeho-neprebadane-zakutia\/","og_locale":"sk_SK","og_type":"article","og_title":"Cestuj s CEWE 2020 - Spi\u0161 a jeho nepreb\u00e1dan\u00e9 z\u00e1kutia - CEWE Fotolab blog","og_description":"Tento t\u00fd\u017ede\u0148 pokra\u010dujeme v Cestuj s CEWE s fotografom a film\u00e1rom Ma\u0165om Ondru\u0161om a spolu objav\u00edme kr\u00e1sne a m\u00e1lo preb\u00e1dan\u00e9 \u010dasti na Spi\u0161i, \u0160ari\u0161i a Zamagur\u00ed.","og_url":"https:\/\/www.fotolab.sk\/blog\/cestuj-s-cewe-spis-a-jeho-neprebadane-zakutia\/","og_site_name":"CEWE Fotolab blog","article_published_time":"2020-08-06T07:41:45+00:00","article_modified_time":"2020-08-20T13:22:02+00:00","og_image":[{"width":2186,"height":1456,"url":"https:\/\/blog.fotolab.sk\/wp-content\/uploads\/2020\/08\/Spis-title.jpg","type":"image\/jpeg"}],"twitter_misc":{"Autor:":"Redakcia CEWE","Predpokladan\u00fd \u010das \u010d\u00edtania":"4 min\u00faty"},"schema":{"@context":"https:\/\/schema.org","@graph":[{"@type":"WebSite","@id":"https:\/\/www.fotolab.sk\/blog\/#website","url":"https:\/\/www.fotolab.sk\/blog\/","name":"CEWE Fotolab blog","description":"Blog ur\u010den\u00fd pre fan\u00fa\u0161ikov fotografie a sveta okolo nej.","potentialAction":[{"@type":"SearchAction","target":{"@type":"EntryPoint","urlTemplate":"https:\/\/www.fotolab.sk\/blog\/?s={search_term_string}"},"query-input":"required name=search_term_string"}],"inLanguage":"sk-SK"},{"@type":"ImageObject","inLanguage":"sk-SK","@id":"https:\/\/www.fotolab.sk\/blog\/cestuj-s-cewe-spis-a-jeho-neprebadane-zakutia\/#primaryimage","url":"https:\/\/blog.fotolab.sk\/wp-content\/uploads\/2020\/08\/Spis-title.jpg","contentUrl":"https:\/\/blog.fotolab.sk\/wp-content\/uploads\/2020\/08\/Spis-title.jpg","width":2186,"height":1456},{"@type":"WebPage","@id":"https:\/\/www.fotolab.sk\/blog\/cestuj-s-cewe-spis-a-jeho-neprebadane-zakutia\/#webpage","url":"https:\/\/www.fotolab.sk\/blog\/cestuj-s-cewe-spis-a-jeho-neprebadane-zakutia\/","name":"Cestuj s CEWE 2020 - Spi\u0161 a jeho nepreb\u00e1dan\u00e9 z\u00e1kutia - CEWE Fotolab blog","isPartOf":{"@id":"https:\/\/www.fotolab.sk\/blog\/#website"},"primaryImageOfPage":{"@id":"https:\/\/www.fotolab.sk\/blog\/cestuj-s-cewe-spis-a-jeho-neprebadane-zakutia\/#primaryimage"},"datePublished":"2020-08-06T07:41:45+00:00","dateModified":"2020-08-20T13:22:02+00:00","author":{"@id":"https:\/\/www.fotolab.sk\/blog\/#\/schema\/person\/7857aea021b4560af0d06d2abe97110b"},"description":"Tento t\u00fd\u017ede\u0148 pokra\u010dujeme v Cestuj s CEWE s fotografom a film\u00e1rom Ma\u0165om Ondru\u0161om a spolu objav\u00edme kr\u00e1sne a m\u00e1lo preb\u00e1dan\u00e9 \u010dasti na Spi\u0161i, \u0160ari\u0161i a Zamagur\u00ed.","breadcrumb":{"@id":"https:\/\/www.fotolab.sk\/blog\/cestuj-s-cewe-spis-a-jeho-neprebadane-zakutia\/#breadcrumb"},"inLanguage":"sk-SK","potentialAction":[{"@type":"ReadAction","target":["https:\/\/www.fotolab.sk\/blog\/cestuj-s-cewe-spis-a-jeho-neprebadane-zakutia\/"]}]},{"@type":"BreadcrumbList","@id":"https:\/\/www.fotolab.sk\/blog\/cestuj-s-cewe-spis-a-jeho-neprebadane-zakutia\/#breadcrumb","itemListElement":[{"@type":"ListItem","position":1,"name":"Home","item":"https:\/\/www.fotolab.sk\/blog\/"},{"@type":"ListItem","position":2,"name":"Cestuj s CEWE 2020 &#8211; Spi\u0161 a jeho nepreb\u00e1dan\u00e9 z\u00e1kutia"}]},{"@type":"Person","@id":"https:\/\/www.fotolab.sk\/blog\/#\/schema\/person\/7857aea021b4560af0d06d2abe97110b","name":"Redakcia CEWE","image":{"@type":"ImageObject","inLanguage":"sk-SK","@id":"https:\/\/www.fotolab.sk\/blog\/#\/schema\/person\/image\/","url":"https:\/\/secure.gravatar.com\/avatar\/e27c65ada54cc066e94388632d402763?s=96&d=mm&r=g","contentUrl":"https:\/\/secure.gravatar.com\/avatar\/e27c65ada54cc066e94388632d402763?s=96&d=mm&r=g","caption":"Redakcia CEWE"},"sameAs":["https:\/\/www.instagram.com\/cewe.sk\/"],"url":"https:\/\/www.fotolab.sk\/blog\/author\/cewe-redakcia\/"}]}},"_links":{"self":[{"href":"https:\/\/www.fotolab.sk\/blog\/wp-json\/wp\/v2\/posts\/11123"}],"collection":[{"href":"https:\/\/www.fotolab.sk\/blog\/wp-json\/wp\/v2\/posts"}],"about":[{"href":"https:\/\/www.fotolab.sk\/blog\/wp-json\/wp\/v2\/types\/post"}],"author":[{"embeddable":true,"href":"https:\/\/www.fotolab.sk\/blog\/wp-json\/wp\/v2\/users\/41"}],"replies":[{"embeddable":true,"href":"https:\/\/www.fotolab.sk\/blog\/wp-json\/wp\/v2\/comments?post=11123"}],"version-history":[{"count":18,"href":"https:\/\/www.fotolab.sk\/blog\/wp-json\/wp\/v2\/posts\/11123\/revisions"}],"predecessor-version":[{"id":11152,"href":"https:\/\/www.fotolab.sk\/blog\/wp-json\/wp\/v2\/posts\/11123\/revisions\/11152"}],"wp:featuredmedia":[{"embeddable":true,"href":"https:\/\/www.fotolab.sk\/blog\/wp-json\/wp\/v2\/media\/11126"}],"wp:attachment":[{"href":"https:\/\/www.fotolab.sk\/blog\/wp-json\/wp\/v2\/media?parent=11123"}],"wp:term":[{"taxonomy":"category","embeddable":true,"href":"https:\/\/www.fotolab.sk\/blog\/wp-json\/wp\/v2\/categories?post=11123"},{"taxonomy":"post_tag","embeddable":true,"href":"https:\/\/www.fotolab.sk\/blog\/wp-json\/wp\/v2\/tags?post=11123"}],"curies":[{"name":"wp","href":"https:\/\/api.w.org\/{rel}","templated":true}]}}