
{"id":10912,"date":"2020-07-20T13:27:08","date_gmt":"2020-07-20T11:27:08","guid":{"rendered":"https:\/\/www.fotolab.sk\/blog\/?p=10912"},"modified":"2020-07-20T13:34:14","modified_gmt":"2020-07-20T11:34:14","slug":"cestuj-s-cewe-2020-10-najkrajsich-miest-v-cechach","status":"publish","type":"post","link":"https:\/\/www.fotolab.sk\/blog\/cestuj-s-cewe-2020-10-najkrajsich-miest-v-cechach\/","title":{"rendered":"Cestuj s\u00a0CEWE 2020 \u2013 10 najkraj\u0161\u00edch miest v \u010cech\u00e1ch"},"content":{"rendered":"<h5>Prich\u00e1dza leto a s n\u00edm aj doba dovoleniek, dobrodru\u017en\u00fdch v\u00fdprav, rodinn\u00fdch v\u00fdletov a chv\u00edle zasl\u00fa\u017een\u00e9ho odpo\u010dinku. S\u00fa\u010dasn\u00e1 doba cestovaniu do \u010falek\u00e9ho zahrani\u010dia pr\u00edli\u0161 nepraje, a preto sa n\u00e1m pon\u00faka mo\u017enos\u0165 objavi\u0165 napr\u00edklad kr\u00e1sy susedn\u00e9ho \u010ceska.<\/h5>\n<p>Pripravili sme pod\u013ea n\u00e1s 10 top \u010desk\u00fdch miest, ktor\u00e9 sa oplat\u00ed nav\u0161t\u00edvi\u0165. S\u00fahlas\u00edte alebo v\u00e1m nejak\u00e9 miesto v zozname ch\u00fdba?<\/p>\n<h5>1. \u010cesk\u00e9 \u0160vaj\u010diarsko<\/h5>\n<p><strong>\u010cesk\u00e9 \u0160vaj\u010diarsko<\/strong> je jedna z najob\u013e\u00fabenej\u0161\u00edch lok\u00e1ci\u00ed v \u010cesku a nie je divu, je tu kr\u00e1sne. <strong>N\u00e1rodn\u00fd park \u010cesk\u00e9 \u0160vaj\u010diarsko<\/strong> sa nach\u00e1dza v \u00dasteckom kraji, v okrese D\u011b\u010d\u00edn. V d\u00f4sledku er\u00f3zie vznikli mohutn\u00e9 skaln\u00e9 ve\u017ee, rokliny a bludisko. Symbolom parku je <strong>najzn\u00e1mej\u0161\u00ed skaln\u00fd \u00fatvar Prav\u010dick\u00e1 br\u00e1na<\/strong>. Jedn\u00e1 sa o najv\u00e4\u010d\u0161iu pieskovcov\u00fa skaln\u00fa br\u00e1nu v Eur\u00f3pe. Hovor\u00ed sa: Nevidie\u0165 v \u010ceskom \u0160vaj\u010diarsku Prav\u010dick\u00fa br\u00e1nu je ako \u00eds\u0165 do Par\u00ed\u017ea a nevidie\u0165 Eiffelovku.<\/p>\n<figure id=\"attachment_10928\" aria-describedby=\"caption-attachment-10928\" style=\"width: 1024px\" class=\"wp-caption alignnone\"><img decoding=\"async\" loading=\"lazy\" class=\"wp-image-10928 size-full\" src=\"https:\/\/blog.fotolab.sk\/wp-content\/uploads\/2020\/07\/\u00a9-Czech-Tourism-\u2013-fotobanka.-Autor-Martin-Rak-1024x683.jpg\" alt=\"\" width=\"1024\" height=\"683\" \/><figcaption id=\"caption-attachment-10928\" class=\"wp-caption-text\">\u00a9 Czech Tourism &#8211; fotobanka. Autor: Martin Rak<\/figcaption><\/figure>\n<p>&nbsp;<\/p>\n<p><strong>Hist\u00f3ria tejto krajiny je star\u00e1 asi 90 mili\u00f3nov rokov.<\/strong> More, ktor\u00e9 tu kedysi bolo, po sebe zanechalo jedno obrovsk\u00e9 &#8220;pieskovisko&#8221;. V s\u00fa\u010dasnej chv\u00edli sa tu rozklad\u00e1 krajina vymodelovan\u00e1 vodnou a veternou er\u00f3ziou do podoby <strong>pieskovcov\u00e9ho skaln\u00e9ho mesta.<\/strong><\/p>\n<p><img decoding=\"async\" loading=\"lazy\" class=\"alignnone size-full wp-image-10934\" src=\"https:\/\/blog.fotolab.sk\/wp-content\/uploads\/2020\/07\/ceske-svycarsko.jpg\" alt=\"\" width=\"635\" height=\"524\" \/><\/p>\n<p><strong>Najmlad\u0161\u00ed n\u00e1rodn\u00fd park, ktor\u00fd bol vyhl\u00e1sen\u00fd 1. janu\u00e1ra 2000, sa rozklad\u00e1 na ploche 80 km\u00b2.<\/strong><\/p>\n<h5>2. \u010cesk\u00fd Krumlov<\/h5>\n<p>Prech\u00e1dzka centrom \u010cesk\u00e9ho Krumlova je skvel\u00fdm z\u00e1\u017eitkom. Stredu mesta dominuje svojou ve\u013ekos\u0165ou <strong>gotick\u00fd chr\u00e1m sv. V\u00edta<\/strong> a krivolak\u00e9 uli\u010dky, kostoly, kl\u00e1\u0161tory a \u010fal\u0161ie stavby, ktor\u00e9 si zachovali p\u00f4vodn\u00fd vzh\u013ead, tak\u017ee ak ste v\u00e1\u0161niv\u00fd fotograf, st\u00e1le budete ma\u0165 \u010do foti\u0165. N\u00e1v\u0161tevn\u00edkov fascinuje predov\u0161etk\u00fdm kr\u00e1sny z\u00e1mok s mohutnou ve\u017eou a pl\u00e1\u0161\u0165ov\u00fdm mostom, ktor\u00fd je <strong>po Pra\u017eskom hrade druh\u00fdm najv\u00e4\u010d\u0161\u00edm z\u00e1mock\u00fdm are\u00e1lom v \u010ceskej republike.<\/strong><\/p>\n<figure id=\"attachment_10936\" aria-describedby=\"caption-attachment-10936\" style=\"width: 1000px\" class=\"wp-caption alignnone\"><img decoding=\"async\" loading=\"lazy\" class=\"size-full wp-image-10936\" src=\"https:\/\/blog.fotolab.sk\/wp-content\/uploads\/2020\/07\/Czech-Tourism-\u2013-fotobanka.-Autor-Ales-Motejl-2-e1592987934492.jpg\" alt=\"\" width=\"1000\" height=\"667\" \/><figcaption id=\"caption-attachment-10936\" class=\"wp-caption-text\">\u00a9 Czech Tourism &#8211; fotobanka. Autor: Ale\u0161 Motejl<\/figcaption><\/figure>\n<p>&nbsp;<\/p>\n<p><strong>U\u017e od roku 1992 je \u010cesk\u00fd Krumlov vyhl\u00e1sen\u00fd za chr\u00e1nen\u00fa pamiatku UNESCO.<\/strong><\/p>\n<p><img decoding=\"async\" loading=\"lazy\" class=\"alignnone wp-image-10935 size-full\" src=\"https:\/\/blog.fotolab.sk\/wp-content\/uploads\/2020\/07\/cesky-krumlov.jpg\" alt=\"\" width=\"635\" height=\"404\" \/><\/p>\n<p>Zauj\u00edmavos\u0165ou a \u010dast\u00fdm cie\u013eom n\u00e1v\u0161tevn\u00edkov \u010cesk\u00e9ho Krumlova je <strong>ot\u00e1\u010dav\u00e9 h\u013eadisko v z\u00e1hrade z\u00e1mku.<\/strong> Jedn\u00e1 sa o experiment\u00e1lnu divadeln\u00fa sc\u00e9nu, ktor\u00e1 obstar\u00e1va striedanie sc\u00e9n po\u010das divadeln\u00fdch predstaven\u00ed. <strong>S\u00fa\u010dasn\u00e1 kapacita je 644 miest<\/strong> a h\u013eadiskom pre\u0161lo po\u010das jeho existencie cez 2 mili\u00f3ny div\u00e1kov. <strong>P\u00f4vodn\u00e1 to\u010d\u0148a bola poh\u00e1\u0148an\u00e1 dokonca \u013eudskou silou,<\/strong> ale o tom nemali div\u00e1ci ani tu\u0161enie. V tejto chv\u00edli je pohon ot\u00e1\u010dav\u00e9ho h\u013eadisko u\u017e elektronick\u00fd.<\/p>\n<h5>3. Vyhliadka M\u00e1j<\/h5>\n<p><strong>Vyhliadka M\u00e1j patr\u00ed k najkraj\u0161\u00edm v\u00fdh\u013eadom na rieku Vltavu.<\/strong> Poh\u013ead v tvare podkovy, ktor\u00fd sa v\u00e1m naskytne, je fascinuj\u00faci a tak nie je divu, \u017ee je zna\u010dne vyh\u013ead\u00e1van\u00fd a nav\u0161tevovan\u00fd. Na vyhliadke si ale dajte ve\u013ek\u00fd pozor kam \u0161liapete, miestami je to naozaj nebezpe\u010dn\u00e9.<\/p>\n<figure id=\"attachment_10940\" aria-describedby=\"caption-attachment-10940\" style=\"width: 1400px\" class=\"wp-caption alignnone\"><img decoding=\"async\" loading=\"lazy\" class=\"size-full wp-image-10940\" src=\"https:\/\/blog.fotolab.sk\/wp-content\/uploads\/2020\/07\/Maj-autor-Jan-Watzek.jpg\" alt=\"\" width=\"1400\" height=\"935\" \/><figcaption id=\"caption-attachment-10940\" class=\"wp-caption-text\">Autor: Jan Watzek www.foto.watzek.cz<\/figcaption><\/figure>\n<p>&nbsp;<\/p>\n<p><strong>Vyhliadka M\u00e1j sa nach\u00e1dza na vysokej skale,<\/strong> priamo nad b\u00fdval\u00fdmi Sv\u00e4toj\u00e1nskymi pr\u00fadmi. Za <strong>Sv\u00e4toj\u00e1nske pr\u00fady<\/strong> bol v minulosti ozna\u010dovan\u00fd \u00fasek rieky Vltavy medzi obcami \u0160t\u011bchovice a Slapy, kadia\u013e rieka Vltava pretekala hlbok\u00fdm a skalnat\u00fdm \u00fadol\u00edm a tvorila pereje.<\/p>\n<p><img decoding=\"async\" loading=\"lazy\" class=\"alignnone size-full wp-image-10939\" src=\"https:\/\/blog.fotolab.sk\/wp-content\/uploads\/2020\/07\/maj.jpg\" alt=\"\" width=\"631\" height=\"617\" \/><\/p>\n<p><strong>Vyhliadka M\u00e1j je z Prahy vzdialen\u00e1 cca 40 km.<\/strong> Cesta na vyhliadku bohu\u017eia\u013e nie je zna\u010den\u00e1 a tak ak nechcete zabl\u00fadi\u0165, vydajte sa z Telet\u00edna po \u017eltej turistickej zna\u010dke. Z Telet\u00edna je to iba jeden kilometer, tak\u017ee to hravo zvl\u00e1dnu aj deti.<\/p>\n<h5>4. Je\u0161t\u011bd<\/h5>\n<p><strong>Na vrchol Je\u0161t\u011bdu,<\/strong> ktor\u00fd dosahuje v\u00fd\u0161ku 1012 m nad morom a n\u00e1jdete ho ju\u017ene od Liberca v severn\u00fdch \u010cech\u00e1ch, sa m\u00f4\u017eete <strong>vyda\u0165 ka\u017ed\u00fd de\u0148<\/strong> (okrem toho \u0160tedr\u00e9ho, kedy je zatvoren\u00e9). Na samom vrchole stoj\u00ed sl\u00e1vny <strong>horsk\u00fd hotel s vyhliadkovou ve\u017eou Je\u0161t\u011bd<\/strong>. Stavba je vysok\u00e1 94 m, ant\u00e9na vysiela\u010da m\u00e1 17 m. Vyhliadkov\u00e1 ve\u017ea dokonca z\u00edskala <strong>medzin\u00e1rodn\u00fa architektonick\u00fa cenu<\/strong> a pon\u00fakne v\u00e1m <strong>jedine\u010dn\u00fd poh\u013ead na Liberec<\/strong> a jeho okolie. Za pekn\u00e9ho po\u010dasia dohliadnete dokonca na ne\u010falek\u00e9 <strong>Jizersk\u00e9 hory<\/strong> a tie\u017e a\u017e do Krkon\u00f4\u0161. Pr\u00e1ve ocenen\u00e1 vyhliadkov\u00e1 ve\u017ea sa stala symbolom Liberca.<\/p>\n<figure id=\"attachment_10930\" aria-describedby=\"caption-attachment-10930\" style=\"width: 1470px\" class=\"wp-caption alignnone\"><img decoding=\"async\" loading=\"lazy\" class=\"size-full wp-image-10930\" src=\"https:\/\/blog.fotolab.sk\/wp-content\/uploads\/2020\/07\/\u00a9-Czech-Tourism-\u2013-fotobanka.-Autor-UPVISION-3.jpg\" alt=\"\" width=\"1470\" height=\"800\" \/><figcaption id=\"caption-attachment-10930\" class=\"wp-caption-text\">\u00a9 Czech Tourism &#8211; fotobanka. Autor: UPVISION<\/figcaption><\/figure>\n<p>&nbsp;<\/p>\n<p>Liberec, z ktor\u00e9ho sa \u013eahko dostanete elektri\u010dkou na kone\u010dn\u00fa stanicu <strong>priamo pod vrchol Je\u0161t\u011bdu<\/strong>, pon\u00faka \u0161irok\u00e9 mo\u017enosti v\u00fdberu kult\u00farneho i \u0161portov\u00e9ho vy\u017eitia, ako napr\u00edklad <strong>ZOO <\/strong>alebo<strong> botanick\u00fa z\u00e1hradu.<\/strong><\/p>\n<p><img decoding=\"async\" loading=\"lazy\" class=\"alignnone size-full wp-image-10938\" src=\"https:\/\/blog.fotolab.sk\/wp-content\/uploads\/2020\/07\/liberec.jpg\" alt=\"\" width=\"634\" height=\"793\" \/><\/p>\n<p><strong>Najstar\u0161ia zoologick\u00e1 z\u00e1hrada v \u010cech\u00e1ch bola zalo\u017een\u00e1 u\u017e v roku 1904.<\/strong> Najv\u00e4\u010d\u0161\u00edm l\u00e1kadlom s\u00fa bieli tigre a u\u0161katce alebo pandy \u010derven\u00e9 a nav\u0161t\u00edvi\u0165 ju m\u00f4\u017eete ka\u017ed\u00fd de\u0148, je otvoren\u00e1 celoro\u010dne.<\/p>\n<h5>5. Karlove Vary<\/h5>\n<p><strong>Karlove Vary s\u00fa v \u010cesku najzn\u00e1mej\u0161\u00edmi k\u00fape\u013emi<\/strong> a s\u00fa najnav\u0161tevovanej\u0161ie k\u00fape\u013en\u00e9 mesto v\u00f4bec. Ak sem zamierite, pon\u00faknu v\u00e1m okrem blahodarn\u00fdch \u00fa\u010dinkov tunaj\u0161\u00edch miner\u00e1lnych prame\u0148ov aj ve\u013ea tipov na <strong>zauj\u00edmav\u00e9 v\u00fdlety po okol\u00ed.<\/strong><\/p>\n<p><img decoding=\"async\" loading=\"lazy\" class=\"alignnone size-full wp-image-10941\" src=\"https:\/\/blog.fotolab.sk\/wp-content\/uploads\/2020\/07\/P8030432-e1593423869294.jpg\" alt=\"\" width=\"1000\" height=\"667\" \/><\/p>\n<p>Karlovarsk\u00e1 miner\u00e1lna voda je verejnosti pr\u00edstupn\u00e1 <strong>celkom v 15 prame\u0148och,<\/strong> ktor\u00e9 sa od seba l\u00ed\u0161ia teplotou a mno\u017estvom rozpusten\u00e9ho oxidu uhli\u010dit\u00e9ho. Najzn\u00e1mej\u0161\u00edm prame\u0148om Karlov\u00fdch Varov je <strong>V\u0159\u00eddlo<\/strong>, ktor\u00e9 m\u00e1 teplotu 72\u00b0C a trysk\u00e1 a\u017e do v\u00fd\u0161ky 12 metrov.<\/p>\n<p><img decoding=\"async\" loading=\"lazy\" class=\"alignnone size-full wp-image-10937\" src=\"https:\/\/blog.fotolab.sk\/wp-content\/uploads\/2020\/07\/karlvoy-vary.jpg\" alt=\"\" width=\"636\" height=\"790\" \/><\/p>\n<p>Sk\u00faste nav\u0161t\u00edvi\u0165 aj<strong> rozh\u013ead\u0148u Diana s kr\u00e1snym v\u00fdh\u013eadom.<\/strong> Hore m\u00f4\u017eete vyjs\u0165 lanovkou alebo \u00eds\u0165 pe\u0161o. Prejs\u0165 sa m\u00f4\u017eete e\u0161te k \u010fal\u0161\u00edm karlovarsk\u00fdm vyhliadkam Jelen\u00ed skok, Krist\u00edna alebo na vyhliadku Petra Ve\u013ek\u00e9ho.<\/p>\n<p>Za zmienku a n\u00e1v\u0161tevu ur\u010dite stoj\u00ed aj <strong>Mot\u00fdl\u00ed dom<\/strong>, ktor\u00fd je v prev\u00e1dzke po cel\u00fd rok (okrem \u0160tedr\u00e9ho d\u0148a). Foti\u0165 tu m\u00f4\u017eete o sto \u0161es\u0165, to je toti\u017e povolen\u00e9 bez obmedzenia a mo\u017eno sa v\u00e1m podar\u00ed zachyti\u0165 unik\u00e1tny mot\u00fdl\u00ed z\u00e1ber.<\/p>\n<h5>6. Adr\u0161pach<\/h5>\n<p><strong>Turistick\u00fd okruh skaln\u00fdm mestom je dlh\u00fd pribli\u017ene 3,5 km.<\/strong> Prejdenie nie je pr\u00edli\u0161 fyzicky n\u00e1ro\u010dn\u00e9 a preto je vhodn\u00fd aj pre rodiny s mal\u00fdmi de\u0165mi. K absolvovaniu okruhu by ste si mali vyhradi\u0165 minim\u00e1lne 3 hodiny. Na samom okraji sa potom m\u00f4\u017eete pokocha\u0165 <strong>zr\u00facaninou Adr\u0161pach z 13. storo\u010dia.<\/strong><\/p>\n<figure id=\"attachment_10932\" aria-describedby=\"caption-attachment-10932\" style=\"width: 601px\" class=\"wp-caption alignnone\"><img decoding=\"async\" loading=\"lazy\" class=\"size-full wp-image-10932\" src=\"https:\/\/blog.fotolab.sk\/wp-content\/uploads\/2020\/07\/adrspach-tomas-holub-3.jpg\" alt=\"\" width=\"601\" height=\"900\" \/><figcaption id=\"caption-attachment-10932\" class=\"wp-caption-text\">Autor: Tom\u00e1\u0161 Holub<\/figcaption><\/figure>\n<p>&nbsp;<\/p>\n<p>Prehliadka v\u00e1s zavedie k malebn\u00e9mu <strong>jazierku P\u00edskovna<\/strong> a prevedie v\u00e1s <strong>labyrintom skaln\u00fdch ve\u017e\u00ed<\/strong> a\u017e k <strong>Adr\u0161pa\u0161sk\u00e9mu jazierku<\/strong>. Hne\u010f pri vstupe do Adr\u0161pachsk\u00fdch sk\u00e1l sa nach\u00e1dza turistick\u00e9 informa\u010dn\u00e9 centrum, kde v\u00e1m radi poskytn\u00fa potrebn\u00e9 inform\u00e1cie.<\/p>\n<p><img decoding=\"async\" loading=\"lazy\" class=\"alignnone size-full wp-image-10931\" src=\"https:\/\/blog.fotolab.sk\/wp-content\/uploads\/2020\/07\/adrspach.jpg\" alt=\"\" width=\"630\" height=\"297\" \/><\/p>\n<p>Medzi najzn\u00e1mej\u0161ie skaly Adr\u0161pa\u0161sk\u00e9ho skaln\u00e9ho mesta patr\u00ed bezpochyby <strong>Homole cukru<\/strong>, ktor\u00e1 stoj\u00ed na svojej \u0161pi\u010dke, \u010do vytv\u00e1ra dojem, \u017ee mus\u00ed ka\u017ed\u00fa chv\u00ed\u013eu spadn\u00fa\u0165. Predov\u0161etk\u00fdm deti ju pre istotu podopieraj\u00fa kon\u00e1rikmi, aby nespadla. \u010eal\u0161\u00edmi zn\u00e1mymi ve\u017eami s\u00fa napr\u00edklad <strong>Milenci, Starosta a Starostov\u00e1 <\/strong>alebo <strong>D\u017eb\u00e1n.<\/strong><\/p>\n<h5>7. \u0160umava<\/h5>\n<p><strong>\u0160umava je jedn\u00fdm z najstar\u0161\u00edch pohor\u00ed Eur\u00f3py.<\/strong> Najvy\u0161\u0161ou horou \u0160umavy je <strong>Ve\u013ek\u00fd Javor<\/strong> v Nemecku (1456 metrov), na \u010deskej strane je to <strong>Plech\u00fd<\/strong>, ktor\u00fd meria 1378 metrov. Plech\u00fd je z\u00e1rove\u0148 aj najvy\u0161\u0161ou horou rak\u00faskej \u0160umavy.<\/p>\n<p><img decoding=\"async\" loading=\"lazy\" class=\"alignnone wp-image-10942 size-full\" src=\"https:\/\/blog.fotolab.sk\/wp-content\/uploads\/2020\/07\/P8261488-1-e1593509909412.jpg\" alt=\"\" width=\"1000\" height=\"667\" \/><\/p>\n<p>Najzn\u00e1mej\u0161ie a tie\u017e <strong>najv\u00e4\u010d\u0161ie \u0161umavsk\u00e9 jazero je \u010cierne jazero<\/strong>, pomenovan\u00e9 pod\u013ea temnej farby vody. Ne\u010faleko je aj <strong>\u010certovo jazero<\/strong>, ktor\u00e9 je hor\u0161ie pr\u00edstupn\u00e9 a <strong>Pr\u00e1\u0161ilsk\u00e9 jazero<\/strong>, pri ktorom je k videniu mo\u010darist\u00e1 kotlina zvan\u00e1 Star\u00e1 j\u00edmka. Najvy\u0161\u0161ie polo\u017een\u00e9 je <strong>Jazero Laka<\/strong>, z jazier na \u0160umave je najmen\u0161ie a najplytkej\u0161ie. <strong>Ple\u0161n\u00e9 jazero<\/strong> je \u013eadovcov\u00e9 jazero, m\u00e1 plochu 7,48 ha a je zo \u0161umavsk\u00fdch jazier najhlb\u0161ie s h\u013abkou -18,30 m. \u010eal\u0161ie tri jazer\u00e1 le\u017eia na nemeckej strane \u0160umavy a volaj\u00fa sa Roklansk\u00e9 jazero, Ve\u013ek\u00e9 a Mal\u00e9 Javorsk\u00fd jazero.<\/p>\n<p><img decoding=\"async\" loading=\"lazy\" class=\"alignnone size-full wp-image-10948\" src=\"https:\/\/blog.fotolab.sk\/wp-content\/uploads\/2020\/07\/sumava.jpg\" alt=\"\" width=\"631\" height=\"576\" \/><\/p>\n<p><strong>Na \u0160umave n\u00e1jdete ve\u013ea vyhliadkov\u00fdch miest a rozh\u013eadn\u00ed<\/strong> &#8211; rozh\u013ead\u0148a Boub\u00edn, rozh\u013ead\u0148a Lib\u00edn, rozh\u013ead\u0148a na skokanskom most\u00edku Zadov alebo Knie\u017eac\u00ed stolec a \u010fal\u0161ie.<\/p>\n<p>Ke\u010f u\u017e budete na \u0160umave, urobte si v\u00fdlet do <strong>Boub\u00ednsk\u00e9ho pralesa<\/strong>, ktor\u00fd je s\u00fa\u010das\u0165ou N\u00e1rodn\u00e9ho parku \u0160umava a ur\u010dite stoj\u00ed za prech\u00e1dzku. V\u0161ade je ve\u013ea vyvr\u00e1ten\u00fdch a hnij\u00facich stromov a niektor\u00e9 \u017eiv\u00e9 <strong>stromy tu s\u00fa star\u00e9 a\u017e 400 rokov.<\/strong> Na vrchole Boub\u00edna bola postaven\u00e1 dreven\u00e1 rozh\u013ead\u0148a, ktor\u00e1 je vysok\u00e1 21 metrov. Ke\u010f budete ma\u0165 \u0161\u0165astie na po\u010dasie, uvid\u00edte z nej aj alpsk\u00e9 vrcholky.<\/p>\n<h5>8. \u0158\u00edp<\/h5>\n<p><strong>Pam\u00e4tn\u00e1 hora \u0158\u00edp<\/strong> (456 m n. M.) patr\u00ed medzi nieko\u013eko najv\u00fdznamnej\u0161\u00edch miest a symbolov \u010deskej n\u00e1rodnej hist\u00f3rie. Pod\u013ea povesti sa pr\u00e1ve tu usadili prv\u00ed Slovania s praotcom \u010cechom na \u010dele. Na vrchole hory stoj\u00ed <strong>rom\u00e1nska rotunda sv. Juraja a sv.Vojt\u011bcha<\/strong> a ak sa vyd\u00e1te hore, naskytne sa v\u00e1m n\u00e1dhern\u00fd v\u00fdh\u013ead na <strong>\u010cesk\u00e9 St\u0159edoho\u0159\u00ed a lesy Koko\u0159\u00ednska.<\/strong><\/p>\n<figure id=\"attachment_10945\" aria-describedby=\"caption-attachment-10945\" style=\"width: 1000px\" class=\"wp-caption alignnone\"><img decoding=\"async\" loading=\"lazy\" class=\"size-full wp-image-10945\" src=\"https:\/\/blog.fotolab.sk\/wp-content\/uploads\/2020\/07\/Rip-UPVISION-e1593067876627.jpg\" alt=\"\" width=\"1000\" height=\"548\" \/><figcaption id=\"caption-attachment-10945\" class=\"wp-caption-text\">\u00a9 Czech Tourism &#8211; fotobanka. Autor: UPVISION<\/figcaption><\/figure>\n<p>&nbsp;<\/p>\n<p>Na vrchol hory \u0158\u00edp vedie <strong>nieko\u013eko vyzna\u010den\u00fdch turistick\u00fdch ciest<\/strong> a hore sa bez probl\u00e9mov dostan\u00fa aj rodiny s ko\u010d\u00edkmi, najlep\u0161ie zo severov\u00fdchodnej strany a sp\u00e4\u0165 sa vr\u00e1ti\u0165 rovnakou trasou. Ak sa budete chcie\u0165 pozrie\u0165 dovn\u00fatra rotundy, n\u00e1v\u0161teva je mo\u017en\u00e1 od apr\u00edla do okt\u00f3bra. Prehliadka trv\u00e1 asi tridsa\u0165 min\u00fat, pri\u010dom t\u00e1 posledn\u00e1 za\u010d\u00edna 30 min\u00fat pred koncom prev\u00e1dzkovej doby. Navy\u0161e sa o 15:00 ka\u017ed\u00fa prv\u00fa nede\u013eu v mesiaci kon\u00e1 om\u0161a.<\/p>\n<p><img decoding=\"async\" loading=\"lazy\" class=\"alignnone size-full wp-image-10944\" src=\"https:\/\/blog.fotolab.sk\/wp-content\/uploads\/2020\/07\/rip.jpg\" alt=\"\" width=\"633\" height=\"758\" \/><\/p>\n<p>Hovor\u00ed sa, \u017ee ka\u017ed\u00fd spr\u00e1vny \u010cech by sa mal aspo\u0148 jedenkr\u00e1t za \u017eivot na horu vyda\u0165 a pokocha\u0165 sa kr\u00e1snym v\u00fdh\u013eadom do okolia.<\/p>\n<h5>9. Historick\u00e9 centrum Prahy<\/h5>\n<p><strong>Historick\u00e9 centrum Prahy<\/strong> tvoria celok Pra\u017esk\u00e9ho hradu a Hrad\u010dan, Malej Strany vr\u00e1tane Karlovho mosta, Star\u00e9ho Mesta s Josefovom (zachovan\u00e1 \u010das\u0165 b\u00fdval\u00e9ho \u017didovsk\u00e9ho Mesta), Nov\u00e9ho Mesta, Vy\u0161ehradu aj \u010fal\u0161ia jednotliv\u00e9 pamiatky. Vyu\u017eite, \u017ee Praha nie je pln\u00e1 turistov, vezmite fo\u0165\u00e1k a hur\u00e1 na v\u00fdlet. Najlep\u0161\u00ed sp\u00f4sob, ako stihn\u00fa\u0165 \u010do najviac, je prejs\u0165 sa takzvanou Kr\u00e1\u013eovskou cestou. T\u00e1 za\u010d\u00edna na N\u00e1mest\u00ed Republiky pri Obecnom dome a kon\u010d\u00ed pri Katedr\u00e1le Sv\u00e4t\u00e9ho V\u00edta na Pra\u017eskom hrade.<\/p>\n<figure id=\"attachment_10929\" aria-describedby=\"caption-attachment-10929\" style=\"width: 976px\" class=\"wp-caption alignnone\"><img decoding=\"async\" loading=\"lazy\" class=\"size-full wp-image-10929\" src=\"https:\/\/blog.fotolab.sk\/wp-content\/uploads\/2020\/07\/\u00a9-Czech-Tourism-\u2013-fotobanka.-Autor-Michal-Vitasek.jpg\" alt=\"\" width=\"976\" height=\"800\" \/><figcaption id=\"caption-attachment-10929\" class=\"wp-caption-text\">\u00a9 Czech Tourism &#8211; fotobanka. Autor: Michal-Vit\u00e1sek<\/figcaption><\/figure>\n<p>&nbsp;<\/p>\n<p><strong>V Prahe je to\u013eko pamiatok a zauj\u00edmav\u00fdch miest, \u017ee nebudete vedie\u0165, kam sk\u00f4r sko\u010di\u0165.<\/strong> My v\u00e1m d\u00e1me p\u00e1r tipov, ktor\u00e9 by ste nemali vynecha\u0165. Staromestsk\u00e9 n\u00e1mestie s orlojom, V\u00e1clavsk\u00e9 n\u00e1mestie, Staromestsk\u00e1 Mosteck\u00e1 ve\u017ea, Pra\u017esk\u00fd hrad, Socha Franza Kafku na N\u00e1rodnej triede, Nerudova ulica, Hladov\u00e1 ze\u010f, Malostransk\u00e9 n\u00e1mestie, Franti\u0161k\u00e1nska z\u00e1hrada, Zlat\u00e1 uli\u010dka, Lennonova ze\u010f na Kampe, Slav\u00edn, Vy\u0161ehrad, V\u00fdhliadka na Hrad\u010danskom n\u00e1mest\u00ed , Letohr\u00e1dok Hviezda, \u010certovka, Prokopsk\u00e9 \u00fadolie a cel\u00e1 rada \u010fal\u0161\u00edch.<\/p>\n<p><img decoding=\"async\" loading=\"lazy\" class=\"alignnone size-full wp-image-10943\" src=\"https:\/\/blog.fotolab.sk\/wp-content\/uploads\/2020\/07\/praha.jpg\" alt=\"\" width=\"630\" height=\"570\" \/><\/p>\n<p>N\u00e1zov Praha sa be\u017ene odvodzuje od slova prah. Pod\u013ea tejto, asi najuzn\u00e1vanej\u0161ej te\u00f3rie je Praha pomenovan\u00e1 po rie\u010dnom prahu, tzn. brodu, ktor\u00fd sa nach\u00e1dzal niekde pod Karlov\u00fdm mostom. Tak\u00fdchto povest\u00ed o Prahe je cel\u00e1 rada a ku ka\u017edej pamiatke sa via\u017ee nejak\u00e1 historka.<\/p>\n<h5>10. Priehrada Se\u010d<\/h5>\n<p><strong>Se\u010dsk\u00e1 priehrada je najv\u00e4\u010d\u0161ou a najvyh\u013ead\u00e1vanej\u0161ou rekrea\u010dnou oblas\u0165ou v Pardubickom kraji.<\/strong> Je dlh\u00e1 6,5 km a h\u013abka dosahuje a\u017e 30 m. Hr\u00e1dza je vysok\u00e1 42 a dlh\u00e1 165 metrov. Ak sa sem vyd\u00e1te, \u010dak\u00e1 v\u00e1s hlavne par\u00e1dne k\u00fapanie a mnoho \u010fal\u0161\u00edch \u0161portov\u00fdch aktiv\u00edt. Priehrada je tie\u017e ob\u013e\u00faben\u00fdm miestom ryb\u00e1rov a okolie je skvel\u00e9 na <strong>pe\u0161iu turistiku aj v\u00fdlety na bicykli.<\/strong><\/p>\n<p><img decoding=\"async\" loading=\"lazy\" class=\"alignnone size-full wp-image-10947\" src=\"https:\/\/blog.fotolab.sk\/wp-content\/uploads\/2020\/07\/sec_7-7-17-013-scaled-e1592902227771.jpg\" alt=\"\" width=\"1000\" height=\"667\" \/><\/p>\n<p>Ne\u010faleko s\u00fa zr\u00facaniny <strong>hradov Oheb a Vild\u0161tejn.<\/strong> Dnes z malebn\u00e9ho hradu Vild\u0161tejn zostalo len nieko\u013eko mal\u00fdch m\u00farov. Nach\u00e1dzaj\u00fa sa nad tunelom, ktor\u00fd vedie na most z priehradnej n\u00e1dr\u017ee Se\u010d. Z hradu Oheb sa dodnes zachovali torz\u00e1 br\u00e1ny, pivn\u00edc, ve\u017ee a hradn\u00e9ho pal\u00e1ca. Zr\u00facanina je celkom roz\u013eahl\u00e1 a jej prehliadka nie je nijako obmedzen\u00e1. Naviac je odtia\u013e n\u00e1dhern\u00fd v\u00fdh\u013ead na Se\u010dsk\u00fa priehradu i ostrov.<\/p>\n<p><img decoding=\"async\" loading=\"lazy\" class=\"alignnone size-full wp-image-10946\" src=\"https:\/\/blog.fotolab.sk\/wp-content\/uploads\/2020\/07\/sec.jpg\" alt=\"\" width=\"631\" height=\"573\" \/><\/p>\n<p>Priehrada bola vybudovan\u00e1 v rokoch 1925 a\u017e 1934 a v\u010faka n\u00e1dhernej pr\u00edrode sa aj okolie priehrady stalo pr\u00ed\u0165a\u017elivou turistickou lokalitou.<\/p>\n","protected":false},"excerpt":{"rendered":"<p>Prich\u00e1dza leto a s n\u00edm aj doba dovoleniek, dobrodru\u017en\u00fdch v\u00fdprav, rodinn\u00fdch v\u00fdletov a chv\u00edle zasl\u00fa\u017een\u00e9ho odpo\u010dinku. S\u00fa\u010dasn\u00e1 doba cestovaniu do \u010falek\u00e9ho zahrani\u010dia pr\u00edli\u0161 nepraje, a preto sa n\u00e1m pon\u00faka mo\u017enos\u0165 objavi\u0165 napr\u00edklad kr\u00e1sy susedn\u00e9ho \u010ceska. Pripravili sme pod\u013ea n\u00e1s 10 top \u010desk\u00fdch miest, ktor\u00e9 sa oplat\u00ed nav\u0161t\u00edvi\u0165. S\u00fahlas\u00edte alebo v\u00e1m nejak\u00e9 miesto v zozname ch\u00fdba? [&hellip;]<\/p>\n","protected":false},"author":41,"featured_media":10961,"comment_status":"open","ping_status":"open","sticky":false,"template":"","format":"standard","meta":[],"categories":[140,50],"tags":[147,92,94,141],"yoast_head":"<!-- This site is optimized with the Yoast SEO plugin v19.1 - https:\/\/yoast.com\/wordpress\/plugins\/seo\/ -->\n<title>Cestuj s\u00a0CEWE 2020 \u2013 10 najkraj\u0161\u00edch miest v \u010cech\u00e1ch - CEWE Fotolab blog<\/title>\n<meta name=\"description\" content=\"Prich\u00e1dza leto a s n\u00edm aj doba dovoleniek, dobrodru\u017en\u00fdch v\u00fdprav, rodinn\u00fdch v\u00fdletov a chv\u00edle zasl\u00fa\u017een\u00e9ho odpo\u010dinku. S\u00fa\u010dasn\u00e1 doba cestovaniu do \u010falek\u00e9ho zahrani\u010dia pr\u00edli\u0161 nepraje, a preto sa n\u00e1m pon\u00faka mo\u017enos\u0165 objavi\u0165 napr\u00edklad kr\u00e1sy susedn\u00e9ho \u010ceska.\" \/>\n<meta name=\"robots\" content=\"index, follow, max-snippet:-1, max-image-preview:large, max-video-preview:-1\" \/>\n<link rel=\"canonical\" href=\"https:\/\/www.fotolab.sk\/blog\/cestuj-s-cewe-2020-10-najkrajsich-miest-v-cechach\/\" \/>\n<meta property=\"og:locale\" content=\"sk_SK\" \/>\n<meta property=\"og:type\" content=\"article\" \/>\n<meta property=\"og:title\" content=\"Cestuj s\u00a0CEWE 2020 \u2013 10 najkraj\u0161\u00edch miest v \u010cech\u00e1ch - CEWE Fotolab blog\" \/>\n<meta property=\"og:description\" content=\"Prich\u00e1dza leto a s n\u00edm aj doba dovoleniek, dobrodru\u017en\u00fdch v\u00fdprav, rodinn\u00fdch v\u00fdletov a chv\u00edle zasl\u00fa\u017een\u00e9ho odpo\u010dinku. S\u00fa\u010dasn\u00e1 doba cestovaniu do \u010falek\u00e9ho zahrani\u010dia pr\u00edli\u0161 nepraje, a preto sa n\u00e1m pon\u00faka mo\u017enos\u0165 objavi\u0165 napr\u00edklad kr\u00e1sy susedn\u00e9ho \u010ceska.\" \/>\n<meta property=\"og:url\" content=\"https:\/\/www.fotolab.sk\/blog\/cestuj-s-cewe-2020-10-najkrajsich-miest-v-cechach\/\" \/>\n<meta property=\"og:site_name\" content=\"CEWE Fotolab blog\" \/>\n<meta property=\"article:published_time\" content=\"2020-07-20T11:27:08+00:00\" \/>\n<meta property=\"article:modified_time\" content=\"2020-07-20T11:34:14+00:00\" \/>\n<meta property=\"og:image\" content=\"https:\/\/blog.fotolab.sk\/wp-content\/uploads\/2020\/07\/\u00a9-Czech-Tourism-\u2013-fotobanka.-Autor-Ale\u0161-Motejl.jpg\" \/>\n\t<meta property=\"og:image:width\" content=\"1200\" \/>\n\t<meta property=\"og:image:height\" content=\"800\" \/>\n\t<meta property=\"og:image:type\" content=\"image\/jpeg\" \/>\n<meta name=\"twitter:label1\" content=\"Autor:\" \/>\n\t<meta name=\"twitter:data1\" content=\"Redakcia CEWE\" \/>\n\t<meta name=\"twitter:label2\" content=\"Predpokladan\u00fd \u010das \u010d\u00edtania\" \/>\n\t<meta name=\"twitter:data2\" content=\"11 min\u00fat\" \/>\n<script type=\"application\/ld+json\" class=\"yoast-schema-graph\">{\"@context\":\"https:\/\/schema.org\",\"@graph\":[{\"@type\":\"WebSite\",\"@id\":\"https:\/\/www.fotolab.sk\/blog\/#website\",\"url\":\"https:\/\/www.fotolab.sk\/blog\/\",\"name\":\"CEWE Fotolab blog\",\"description\":\"Blog ur\u010den\u00fd pre fan\u00fa\u0161ikov fotografie a sveta okolo nej.\",\"potentialAction\":[{\"@type\":\"SearchAction\",\"target\":{\"@type\":\"EntryPoint\",\"urlTemplate\":\"https:\/\/www.fotolab.sk\/blog\/?s={search_term_string}\"},\"query-input\":\"required name=search_term_string\"}],\"inLanguage\":\"sk-SK\"},{\"@type\":\"ImageObject\",\"inLanguage\":\"sk-SK\",\"@id\":\"https:\/\/www.fotolab.sk\/blog\/cestuj-s-cewe-2020-10-najkrajsich-miest-v-cechach\/#primaryimage\",\"url\":\"https:\/\/blog.fotolab.sk\/wp-content\/uploads\/2020\/07\/\u00a9-Czech-Tourism-\u2013-fotobanka.-Autor-Ale\u0161-Motejl.jpg\",\"contentUrl\":\"https:\/\/blog.fotolab.sk\/wp-content\/uploads\/2020\/07\/\u00a9-Czech-Tourism-\u2013-fotobanka.-Autor-Ale\u0161-Motejl.jpg\",\"width\":1200,\"height\":800,\"caption\":\"\u00a9 Czech Tourism \u2013 fotobanka. Autor Ale\u0161 Motejl\"},{\"@type\":\"WebPage\",\"@id\":\"https:\/\/www.fotolab.sk\/blog\/cestuj-s-cewe-2020-10-najkrajsich-miest-v-cechach\/#webpage\",\"url\":\"https:\/\/www.fotolab.sk\/blog\/cestuj-s-cewe-2020-10-najkrajsich-miest-v-cechach\/\",\"name\":\"Cestuj s\u00a0CEWE 2020 \u2013 10 najkraj\u0161\u00edch miest v \u010cech\u00e1ch - CEWE Fotolab blog\",\"isPartOf\":{\"@id\":\"https:\/\/www.fotolab.sk\/blog\/#website\"},\"primaryImageOfPage\":{\"@id\":\"https:\/\/www.fotolab.sk\/blog\/cestuj-s-cewe-2020-10-najkrajsich-miest-v-cechach\/#primaryimage\"},\"datePublished\":\"2020-07-20T11:27:08+00:00\",\"dateModified\":\"2020-07-20T11:34:14+00:00\",\"author\":{\"@id\":\"https:\/\/www.fotolab.sk\/blog\/#\/schema\/person\/7857aea021b4560af0d06d2abe97110b\"},\"description\":\"Prich\u00e1dza leto a s n\u00edm aj doba dovoleniek, dobrodru\u017en\u00fdch v\u00fdprav, rodinn\u00fdch v\u00fdletov a chv\u00edle zasl\u00fa\u017een\u00e9ho odpo\u010dinku. S\u00fa\u010dasn\u00e1 doba cestovaniu do \u010falek\u00e9ho zahrani\u010dia pr\u00edli\u0161 nepraje, a preto sa n\u00e1m pon\u00faka mo\u017enos\u0165 objavi\u0165 napr\u00edklad kr\u00e1sy susedn\u00e9ho \u010ceska.\",\"breadcrumb\":{\"@id\":\"https:\/\/www.fotolab.sk\/blog\/cestuj-s-cewe-2020-10-najkrajsich-miest-v-cechach\/#breadcrumb\"},\"inLanguage\":\"sk-SK\",\"potentialAction\":[{\"@type\":\"ReadAction\",\"target\":[\"https:\/\/www.fotolab.sk\/blog\/cestuj-s-cewe-2020-10-najkrajsich-miest-v-cechach\/\"]}]},{\"@type\":\"BreadcrumbList\",\"@id\":\"https:\/\/www.fotolab.sk\/blog\/cestuj-s-cewe-2020-10-najkrajsich-miest-v-cechach\/#breadcrumb\",\"itemListElement\":[{\"@type\":\"ListItem\",\"position\":1,\"name\":\"Home\",\"item\":\"https:\/\/www.fotolab.sk\/blog\/\"},{\"@type\":\"ListItem\",\"position\":2,\"name\":\"Cestuj s\u00a0CEWE 2020 \u2013 10 najkraj\u0161\u00edch miest v \u010cech\u00e1ch\"}]},{\"@type\":\"Person\",\"@id\":\"https:\/\/www.fotolab.sk\/blog\/#\/schema\/person\/7857aea021b4560af0d06d2abe97110b\",\"name\":\"Redakcia CEWE\",\"image\":{\"@type\":\"ImageObject\",\"inLanguage\":\"sk-SK\",\"@id\":\"https:\/\/www.fotolab.sk\/blog\/#\/schema\/person\/image\/\",\"url\":\"https:\/\/secure.gravatar.com\/avatar\/e27c65ada54cc066e94388632d402763?s=96&d=mm&r=g\",\"contentUrl\":\"https:\/\/secure.gravatar.com\/avatar\/e27c65ada54cc066e94388632d402763?s=96&d=mm&r=g\",\"caption\":\"Redakcia CEWE\"},\"sameAs\":[\"https:\/\/www.instagram.com\/cewe.sk\/\"],\"url\":\"https:\/\/www.fotolab.sk\/blog\/author\/cewe-redakcia\/\"}]}<\/script>\n<!-- \/ Yoast SEO plugin. -->","yoast_head_json":{"title":"Cestuj s\u00a0CEWE 2020 \u2013 10 najkraj\u0161\u00edch miest v \u010cech\u00e1ch - CEWE Fotolab blog","description":"Prich\u00e1dza leto a s n\u00edm aj doba dovoleniek, dobrodru\u017en\u00fdch v\u00fdprav, rodinn\u00fdch v\u00fdletov a chv\u00edle zasl\u00fa\u017een\u00e9ho odpo\u010dinku. S\u00fa\u010dasn\u00e1 doba cestovaniu do \u010falek\u00e9ho zahrani\u010dia pr\u00edli\u0161 nepraje, a preto sa n\u00e1m pon\u00faka mo\u017enos\u0165 objavi\u0165 napr\u00edklad kr\u00e1sy susedn\u00e9ho \u010ceska.","robots":{"index":"index","follow":"follow","max-snippet":"max-snippet:-1","max-image-preview":"max-image-preview:large","max-video-preview":"max-video-preview:-1"},"canonical":"https:\/\/www.fotolab.sk\/blog\/cestuj-s-cewe-2020-10-najkrajsich-miest-v-cechach\/","og_locale":"sk_SK","og_type":"article","og_title":"Cestuj s\u00a0CEWE 2020 \u2013 10 najkraj\u0161\u00edch miest v \u010cech\u00e1ch - CEWE Fotolab blog","og_description":"Prich\u00e1dza leto a s n\u00edm aj doba dovoleniek, dobrodru\u017en\u00fdch v\u00fdprav, rodinn\u00fdch v\u00fdletov a chv\u00edle zasl\u00fa\u017een\u00e9ho odpo\u010dinku. S\u00fa\u010dasn\u00e1 doba cestovaniu do \u010falek\u00e9ho zahrani\u010dia pr\u00edli\u0161 nepraje, a preto sa n\u00e1m pon\u00faka mo\u017enos\u0165 objavi\u0165 napr\u00edklad kr\u00e1sy susedn\u00e9ho \u010ceska.","og_url":"https:\/\/www.fotolab.sk\/blog\/cestuj-s-cewe-2020-10-najkrajsich-miest-v-cechach\/","og_site_name":"CEWE Fotolab blog","article_published_time":"2020-07-20T11:27:08+00:00","article_modified_time":"2020-07-20T11:34:14+00:00","og_image":[{"width":1200,"height":800,"url":"https:\/\/blog.fotolab.sk\/wp-content\/uploads\/2020\/07\/\u00a9-Czech-Tourism-\u2013-fotobanka.-Autor-Ale\u0161-Motejl.jpg","type":"image\/jpeg"}],"twitter_misc":{"Autor:":"Redakcia CEWE","Predpokladan\u00fd \u010das \u010d\u00edtania":"11 min\u00fat"},"schema":{"@context":"https:\/\/schema.org","@graph":[{"@type":"WebSite","@id":"https:\/\/www.fotolab.sk\/blog\/#website","url":"https:\/\/www.fotolab.sk\/blog\/","name":"CEWE Fotolab blog","description":"Blog ur\u010den\u00fd pre fan\u00fa\u0161ikov fotografie a sveta okolo nej.","potentialAction":[{"@type":"SearchAction","target":{"@type":"EntryPoint","urlTemplate":"https:\/\/www.fotolab.sk\/blog\/?s={search_term_string}"},"query-input":"required name=search_term_string"}],"inLanguage":"sk-SK"},{"@type":"ImageObject","inLanguage":"sk-SK","@id":"https:\/\/www.fotolab.sk\/blog\/cestuj-s-cewe-2020-10-najkrajsich-miest-v-cechach\/#primaryimage","url":"https:\/\/blog.fotolab.sk\/wp-content\/uploads\/2020\/07\/\u00a9-Czech-Tourism-\u2013-fotobanka.-Autor-Ale\u0161-Motejl.jpg","contentUrl":"https:\/\/blog.fotolab.sk\/wp-content\/uploads\/2020\/07\/\u00a9-Czech-Tourism-\u2013-fotobanka.-Autor-Ale\u0161-Motejl.jpg","width":1200,"height":800,"caption":"\u00a9 Czech Tourism \u2013 fotobanka. Autor Ale\u0161 Motejl"},{"@type":"WebPage","@id":"https:\/\/www.fotolab.sk\/blog\/cestuj-s-cewe-2020-10-najkrajsich-miest-v-cechach\/#webpage","url":"https:\/\/www.fotolab.sk\/blog\/cestuj-s-cewe-2020-10-najkrajsich-miest-v-cechach\/","name":"Cestuj s\u00a0CEWE 2020 \u2013 10 najkraj\u0161\u00edch miest v \u010cech\u00e1ch - CEWE Fotolab blog","isPartOf":{"@id":"https:\/\/www.fotolab.sk\/blog\/#website"},"primaryImageOfPage":{"@id":"https:\/\/www.fotolab.sk\/blog\/cestuj-s-cewe-2020-10-najkrajsich-miest-v-cechach\/#primaryimage"},"datePublished":"2020-07-20T11:27:08+00:00","dateModified":"2020-07-20T11:34:14+00:00","author":{"@id":"https:\/\/www.fotolab.sk\/blog\/#\/schema\/person\/7857aea021b4560af0d06d2abe97110b"},"description":"Prich\u00e1dza leto a s n\u00edm aj doba dovoleniek, dobrodru\u017en\u00fdch v\u00fdprav, rodinn\u00fdch v\u00fdletov a chv\u00edle zasl\u00fa\u017een\u00e9ho odpo\u010dinku. S\u00fa\u010dasn\u00e1 doba cestovaniu do \u010falek\u00e9ho zahrani\u010dia pr\u00edli\u0161 nepraje, a preto sa n\u00e1m pon\u00faka mo\u017enos\u0165 objavi\u0165 napr\u00edklad kr\u00e1sy susedn\u00e9ho \u010ceska.","breadcrumb":{"@id":"https:\/\/www.fotolab.sk\/blog\/cestuj-s-cewe-2020-10-najkrajsich-miest-v-cechach\/#breadcrumb"},"inLanguage":"sk-SK","potentialAction":[{"@type":"ReadAction","target":["https:\/\/www.fotolab.sk\/blog\/cestuj-s-cewe-2020-10-najkrajsich-miest-v-cechach\/"]}]},{"@type":"BreadcrumbList","@id":"https:\/\/www.fotolab.sk\/blog\/cestuj-s-cewe-2020-10-najkrajsich-miest-v-cechach\/#breadcrumb","itemListElement":[{"@type":"ListItem","position":1,"name":"Home","item":"https:\/\/www.fotolab.sk\/blog\/"},{"@type":"ListItem","position":2,"name":"Cestuj s\u00a0CEWE 2020 \u2013 10 najkraj\u0161\u00edch miest v \u010cech\u00e1ch"}]},{"@type":"Person","@id":"https:\/\/www.fotolab.sk\/blog\/#\/schema\/person\/7857aea021b4560af0d06d2abe97110b","name":"Redakcia CEWE","image":{"@type":"ImageObject","inLanguage":"sk-SK","@id":"https:\/\/www.fotolab.sk\/blog\/#\/schema\/person\/image\/","url":"https:\/\/secure.gravatar.com\/avatar\/e27c65ada54cc066e94388632d402763?s=96&d=mm&r=g","contentUrl":"https:\/\/secure.gravatar.com\/avatar\/e27c65ada54cc066e94388632d402763?s=96&d=mm&r=g","caption":"Redakcia CEWE"},"sameAs":["https:\/\/www.instagram.com\/cewe.sk\/"],"url":"https:\/\/www.fotolab.sk\/blog\/author\/cewe-redakcia\/"}]}},"_links":{"self":[{"href":"https:\/\/www.fotolab.sk\/blog\/wp-json\/wp\/v2\/posts\/10912"}],"collection":[{"href":"https:\/\/www.fotolab.sk\/blog\/wp-json\/wp\/v2\/posts"}],"about":[{"href":"https:\/\/www.fotolab.sk\/blog\/wp-json\/wp\/v2\/types\/post"}],"author":[{"embeddable":true,"href":"https:\/\/www.fotolab.sk\/blog\/wp-json\/wp\/v2\/users\/41"}],"replies":[{"embeddable":true,"href":"https:\/\/www.fotolab.sk\/blog\/wp-json\/wp\/v2\/comments?post=10912"}],"version-history":[{"count":27,"href":"https:\/\/www.fotolab.sk\/blog\/wp-json\/wp\/v2\/posts\/10912\/revisions"}],"predecessor-version":[{"id":10960,"href":"https:\/\/www.fotolab.sk\/blog\/wp-json\/wp\/v2\/posts\/10912\/revisions\/10960"}],"wp:featuredmedia":[{"embeddable":true,"href":"https:\/\/www.fotolab.sk\/blog\/wp-json\/wp\/v2\/media\/10961"}],"wp:attachment":[{"href":"https:\/\/www.fotolab.sk\/blog\/wp-json\/wp\/v2\/media?parent=10912"}],"wp:term":[{"taxonomy":"category","embeddable":true,"href":"https:\/\/www.fotolab.sk\/blog\/wp-json\/wp\/v2\/categories?post=10912"},{"taxonomy":"post_tag","embeddable":true,"href":"https:\/\/www.fotolab.sk\/blog\/wp-json\/wp\/v2\/tags?post=10912"}],"curies":[{"name":"wp","href":"https:\/\/api.w.org\/{rel}","templated":true}]}}