
{"id":10851,"date":"2020-08-13T12:57:02","date_gmt":"2020-08-13T10:57:02","guid":{"rendered":"https:\/\/www.fotolab.sk\/blog\/?p=10851"},"modified":"2020-08-13T13:01:44","modified_gmt":"2020-08-13T11:01:44","slug":"cestuj-s-cewe-2020-zaujimavosti-o-najznamejsich-hradoch-a-zamkoch-slovenska","status":"publish","type":"post","link":"https:\/\/www.fotolab.sk\/blog\/cestuj-s-cewe-2020-zaujimavosti-o-najznamejsich-hradoch-a-zamkoch-slovenska\/","title":{"rendered":"Cestuj s CEWE 2020 &#8211; Zauj\u00edmavosti o najzn\u00e1mej\u0161\u00edch hradoch a z\u00e1mkoch Slovenska"},"content":{"rendered":"<h5>Projekt <span style=\"color: #ff0000;\"><a style=\"color: #ff0000;\" href=\"https:\/\/cestuj.cewe.sk\/\" target=\"_blank\" rel=\"noopener noreferrer\">Cestuj s CEWE po Slovensku<\/a><\/span> pokra\u010duje a tento t\u00fd\u017ede\u0148 sa spolu s Radom z blogu <a href=\"https:\/\/www.niejeturabezstura.sk\/\" target=\"_blank\" rel=\"noopener noreferrer\"><span style=\"color: #3366ff;\">Nie je t\u00fara bez \u0160t\u00fara<\/span><\/a> pozrieme na najzn\u00e1mej\u0161ie hrady a z\u00e1mky na Slovensku. Vsaden\u00e9 do malebnej slovenskej pr\u00edrody, ukr\u00fdvaj\u00face tajomstv\u00e1 minulosti. Po\u010fte ich preb\u00e1da\u0165 spolu s nami.<\/h5>\n<p>To, \u017ee Slovensko je v\u010faka vysok\u00e9mu po\u010dtu hradov a\u00a0z\u00e1mkov doslova ve\u013emocou, je v\u0161eobecne zn\u00e1me. Pripravil som si \u010dl\u00e1nok, v\u00a0ktorom sa dozviete nejednu zauj\u00edmavos\u0165 o\u00a0t\u00fdchto pamiatkach, o\u00a0ktor\u00fdch ste doteraz (mo\u017eno) e\u0161te nepo\u010duli.<\/p>\n<p><img decoding=\"async\" loading=\"lazy\" class=\"alignnone size-full wp-image-10856\" src=\"https:\/\/blog.fotolab.sk\/wp-content\/uploads\/2020\/07\/Oravsky-hrad2.jpg\" alt=\"\" width=\"576\" height=\"768\" \/><\/p>\n<h5>Bojnick\u00fd z\u00e1mok<\/h5>\n<p>Bojnick\u00fd z\u00e1mok patr\u00ed k\u00a0t\u00fdm najkraj\u0161\u00edm a\u00a0najzn\u00e1mej\u0161\u00edm pamiatkam Slovenska. Vedeli ste v\u0161ak, \u017ee p\u00f4vodn\u00fd z\u00e1mok bol cel\u00fd z dreva? A\u017e postupne sa za\u010dal budova\u0165 z kame\u0148a. Po\u010das prehliadky z\u00e1mku m\u00f4\u017eete vidie\u0165 obraz, ktor\u00fd je pova\u017eovan\u00fd za ak\u00e9hosi predchodcu 3D obrazov, preto\u017ee nech sa pozriete na ten obraz z hociktorej strany, v\u017edy sa na v\u00e1s bude pani z obrazu priamo pozera\u0165. Rovnako ma zaujalo aj zrkadlo, do ktor\u00e9ho, ke\u010f sa vraj \u010dlovek usmeje, tak sa na \u010fal\u0161\u00ed de\u0148 zobud\u00ed kraj\u0161\u00ed.<\/p>\n<p><img decoding=\"async\" loading=\"lazy\" class=\"alignnone size-full wp-image-10853\" src=\"https:\/\/blog.fotolab.sk\/wp-content\/uploads\/2020\/07\/Bojnicky-zamok.jpg\" alt=\"\" width=\"576\" height=\"768\" \/><\/p>\n<h5>Plaveck\u00fd hrad<\/h5>\n<p>Plaveck\u00fd hrad je najzn\u00e1mej\u0161\u00edm a najnav\u0161tevovanej\u0161\u00edm turistick\u00fdm hradom spomedzi malokarpatsk\u00fdch hradov.\u00a0V s\u00fa\u010dasnosti je hrad u\u017e zr\u00facaninou, no st\u00e1le pon\u00faka kr\u00e1sne v\u00fdh\u013eady na okolie.\u00a0Ne\u010faleko hradu sa nach\u00e1dza Plaveck\u00e1 jasky\u0148a. T\u00e1 bola vraj n\u00e1hodne objaven\u00e1 mlad\u00fdm pastierom, ktor\u00fd p\u00e1sol ove\u010dky alebo kozi\u010dky na kopci nad jasky\u0148ou a jedna z nich zabehla pr\u00e1ve do jaskyne, kde ju napokon na\u0161iel.<\/p>\n<p><img decoding=\"async\" loading=\"lazy\" class=\"alignnone size-full wp-image-10854\" src=\"https:\/\/blog.fotolab.sk\/wp-content\/uploads\/2020\/07\/Plavecky-hrad.jpg\" alt=\"\" width=\"576\" height=\"768\" \/><\/p>\n<h5>Oravsk\u00fd hrad<\/h5>\n<p>\u010eal\u0161\u00edm zn\u00e1mym slovensk\u00fdm hradom je Oravsk\u00fd hrad, ktor\u00fd je dominantou cel\u00e9ho regi\u00f3nu. Nat\u00e1\u010dali sa na \u0148om viacer\u00e9 zn\u00e1me rozpr\u00e1vky a\u00a0filmy ako napr\u00edklad Kr\u00e1\u013e Drozdia brada, Sokoliar Tom\u00e1\u0161, L\u00e1ska na vl\u00e1sku \u010di Up\u00edr Nosferatu. Vedeli ste, \u017ee jeho tri vstupn\u00e9 br\u00e1ny s\u00fa prepojen\u00e9 tunelom, pod ktor\u00fdm sa nach\u00e1dzaj\u00fa podzemn\u00e9 chodby?<\/p>\n<p><img decoding=\"async\" loading=\"lazy\" class=\"alignnone size-full wp-image-10855\" src=\"https:\/\/blog.fotolab.sk\/wp-content\/uploads\/2020\/07\/Oravsky-hrad1.jpg\" alt=\"\" width=\"576\" height=\"768\" \/><\/p>\n<h5>Smolenick\u00fd z\u00e1mok<\/h5>\n<p>Smolenick\u00fd z\u00e1mok patr\u00ed medzi jednu z najv\u00e4\u010d\u0161\u00edch domin\u00e1nt obce Smolenice, po\u010das j\u00fala a augusta sa v \u0148om konaj\u00fa pravideln\u00e9 prehliadky, a tak si ho m\u00f4\u017eete pozrie\u0165 aj zvn\u00fatra. Z\u00e1mok v\u0161ak <em>patr\u00ed Slovenskej akad\u00e9mii vied<\/em><em>, <\/em>je reprezenta\u010dn\u00fdm miestom pre stretnutia vedcov z cel\u00e9ho sveta a sl\u00fa\u017ei ako konferen\u010dn\u00e9 centrum, a teda\u00a0nem\u00e1 charakter pamiatkov\u00e9ho a turistick\u00e9ho objektu. \u010co je pod\u013ea m\u0148a celkom \u0161koda, lebo turistick\u00fd potenci\u00e1l ur\u010dite aj tento z\u00e1mok m\u00e1.<\/p>\n<p><img decoding=\"async\" loading=\"lazy\" class=\"alignnone size-full wp-image-10857\" src=\"https:\/\/blog.fotolab.sk\/wp-content\/uploads\/2020\/07\/Smolenicky-zamok.jpg\" alt=\"\" width=\"576\" height=\"768\" \/><\/p>\n<h5>Hrad \u0160\u00e1\u0161ov<\/h5>\n<p>Nad riekou\u00a0Hron,\u00a0ne\u010faleko\u00a0\u017diaru nad Hronom, sa nach\u00e1dzaj\u00fa\u00a0zr\u00facaniny stredovek\u00e9ho\u00a0hradu \u0160\u00e1\u0161ov. Ten zaujme nielen svoj\u00edm vzh\u013eadom, ale aj n\u00e1zvom. Pre\u010do pr\u00e1ve pomenovanie \u201c\u0160\u00e1\u0161ov\u201d? Jedna z povest\u00ed\u00a0hovor\u00ed, \u017ee hrad dal ako po\u010fakovanie vybudova\u0165 zvolensk\u00fd hradn\u00fd p\u00e1n pre svojho dvorn\u00e9ho \u0161a\u0161a, ktor\u00fd mu na po\u013eova\u010dke zachr\u00e1nil \u017eivot.<\/p>\n<p><img decoding=\"async\" loading=\"lazy\" class=\"alignnone size-full wp-image-10858\" src=\"https:\/\/blog.fotolab.sk\/wp-content\/uploads\/2020\/07\/Hrad-Sasov.jpg\" alt=\"\" width=\"576\" height=\"768\" \/><\/p>\n<h5>Hol\u00ed\u010dsky z\u00e1mok<\/h5>\n<p>Asi tou najv\u00e4\u010d\u0161ou architektonickou dominantou mesta Hol\u00ed\u010d je kr\u00e1sny barokovo-klasicistick\u00fd z\u00e1mok, ktor\u00fd vznikol zo str\u00e1\u017eneho hradu. Z\u00e1mok patril do roku 1918 cis\u00e1rskemu rodu Habsburgovcov, ktor\u00ed ho vyu\u017e\u00edvali ako svoje letn\u00e9 s\u00eddlo.\u00a0Z\u00e1mok prech\u00e1dza posledn\u00e9 roky rekon\u0161trukciou a postupne sa opravuje. Ja sa v\u0161ak mus\u00edm prizna\u0165, \u017ee mne sa ve\u013emi p\u00e1\u010dil aj v stave, v ktorom som ho videl. Ak ste ho e\u0161te nenav\u0161t\u00edvili, tak ur\u010dite odpor\u00fa\u010dam.<\/p>\n<p><img decoding=\"async\" loading=\"lazy\" class=\"alignnone size-full wp-image-10859\" src=\"https:\/\/blog.fotolab.sk\/wp-content\/uploads\/2020\/07\/Holicsky-zamok2.jpg\" alt=\"\" width=\"576\" height=\"768\" \/><\/p>\n<h5>Spi\u0161sk\u00fd hrad<\/h5>\n<p>Jedin\u00fdm slovensk\u00fdm hradom na Zozname svetov\u00e9ho dedi\u010dstva UNESCO je\u00a0Spi\u0161sk\u00fd hrad.\u00a0Vedeli ste o tom? Hrad patr\u00ed k najnav\u0161tevovan\u00edm pamiatkam v na\u0161ej krajiny, nielen dom\u00e1cimi, ale aj zahrani\u010dn\u00fdmi turistami. Ob\u013e\u00faben\u00fd je aj v r\u00e1mci svadobn\u00fdch obradov, preto\u017ee jeho s\u00fa\u010das\u0165ou je kr\u00e1sna kaplnka, kde si povedal svoje \u201c\u00c1no\u201d u\u017e nejeden za\u013e\u00faben\u00fd p\u00e1r.<\/p>\n<p><img decoding=\"async\" loading=\"lazy\" class=\"alignnone size-full wp-image-10860\" src=\"https:\/\/blog.fotolab.sk\/wp-content\/uploads\/2020\/07\/Spissky-hrad.jpg\" alt=\"\" width=\"576\" height=\"768\" \/><\/p>\n<h5>Z\u00e1mok Marcus<\/h5>\n<p>Napriek tomu, \u017ee Z\u00e1mok Marcus vyzer\u00e1, \u017ee u\u017e m\u00e1 nieko\u013eko stoviek rokov, opak je pravdou. Ide o novodob\u00fd rozpr\u00e1vkov\u00fd z\u00e1mok. Postavi\u0165 ho dal ist\u00fd podnikate\u013e svojmu synovi, pod\u013ea ktor\u00e9ho dostal aj meno. Nach\u00e1dza sa nad obcou\u00a0Repi\u0161te, odkia\u013e vedie cesta a\u017e priamo k nemu.\u00a0Z\u00e1mok nie je e\u0161te \u00faplne dokon\u010den\u00fd a zatia\u013e sa nevie s istotou poveda\u0165 na \u010do presne bude sl\u00fa\u017ei\u0165 a \u010di bude spr\u00edstupnen\u00fd aj verejnosti.<\/p>\n<p><img decoding=\"async\" loading=\"lazy\" class=\"alignnone size-full wp-image-10861\" src=\"https:\/\/blog.fotolab.sk\/wp-content\/uploads\/2020\/07\/Zamok-Marcus1.jpg\" alt=\"\" width=\"576\" height=\"768\" \/><\/p>\n<p><strong>Zauj\u00edmavos\u0165 na z\u00e1ver:<\/strong> Slovo \u201ez\u00e1mok\u201c sa ako synonymum pomenovania \u201ehrad\u201c za\u010dalo pou\u017e\u00edva\u0165 v obdob\u00ed\u00a0renesancie. Okrem toho m\u00e1 v sloven\u010dine a\u017e \u0161es\u0165 \u010fal\u0161\u00edch defin\u00edci\u00ed.<\/p>\n","protected":false},"excerpt":{"rendered":"<p>Projekt Cestuj s CEWE po Slovensku pokra\u010duje a tento t\u00fd\u017ede\u0148 sa spolu s Radom z blogu Nie je t\u00fara bez \u0160t\u00fara pozrieme na najzn\u00e1mej\u0161ie hrady a z\u00e1mky na Slovensku. Vsaden\u00e9 do malebnej slovenskej pr\u00edrody, ukr\u00fdvaj\u00face tajomstv\u00e1 minulosti. Po\u010fte ich preb\u00e1da\u0165 spolu s nami. To, \u017ee Slovensko je v\u010faka vysok\u00e9mu po\u010dtu hradov a\u00a0z\u00e1mkov doslova ve\u013emocou, je [&hellip;]<\/p>\n","protected":false},"author":41,"featured_media":11160,"comment_status":"open","ping_status":"open","sticky":false,"template":"","format":"standard","meta":[],"categories":[140,50],"tags":[92,141,194,146,195],"yoast_head":"<!-- This site is optimized with the Yoast SEO plugin v19.1 - https:\/\/yoast.com\/wordpress\/plugins\/seo\/ -->\n<title>Cestuj s CEWE 2020 - Zauj\u00edmavosti o najzn\u00e1mej\u0161\u00edch hradoch a z\u00e1mkoch Slovenska - CEWE Fotolab blog<\/title>\n<meta name=\"description\" content=\"Projekt Cestuj s CEWE po Slovensku pokra\u010duje a tento t\u00fd\u017ede\u0148 sa spolu s Radom z blogu Nie je t\u00fara bez \u0160t\u00fara pozrieme na najzn\u00e1mej\u0161ie hrady a z\u00e1mky na Slovensku.\" \/>\n<meta name=\"robots\" content=\"index, follow, max-snippet:-1, max-image-preview:large, max-video-preview:-1\" \/>\n<link rel=\"canonical\" href=\"https:\/\/www.fotolab.sk\/blog\/cestuj-s-cewe-2020-zaujimavosti-o-najznamejsich-hradoch-a-zamkoch-slovenska\/\" \/>\n<meta property=\"og:locale\" content=\"sk_SK\" \/>\n<meta property=\"og:type\" content=\"article\" \/>\n<meta property=\"og:title\" content=\"Cestuj s CEWE 2020 - Zauj\u00edmavosti o najzn\u00e1mej\u0161\u00edch hradoch a z\u00e1mkoch Slovenska - CEWE Fotolab blog\" \/>\n<meta property=\"og:description\" content=\"Projekt Cestuj s CEWE po Slovensku pokra\u010duje a tento t\u00fd\u017ede\u0148 sa spolu s Radom z blogu Nie je t\u00fara bez \u0160t\u00fara pozrieme na najzn\u00e1mej\u0161ie hrady a z\u00e1mky na Slovensku.\" \/>\n<meta property=\"og:url\" content=\"https:\/\/www.fotolab.sk\/blog\/cestuj-s-cewe-2020-zaujimavosti-o-najznamejsich-hradoch-a-zamkoch-slovenska\/\" \/>\n<meta property=\"og:site_name\" content=\"CEWE Fotolab blog\" \/>\n<meta property=\"article:published_time\" content=\"2020-08-13T10:57:02+00:00\" \/>\n<meta property=\"article:modified_time\" content=\"2020-08-13T11:01:44+00:00\" \/>\n<meta property=\"og:image\" content=\"https:\/\/blog.fotolab.sk\/wp-content\/uploads\/2020\/08\/Oravsky-hrad1-TITLE.jpg\" \/>\n\t<meta property=\"og:image:width\" content=\"1505\" \/>\n\t<meta property=\"og:image:height\" content=\"1004\" \/>\n\t<meta property=\"og:image:type\" content=\"image\/jpeg\" \/>\n<meta name=\"twitter:label1\" content=\"Autor:\" \/>\n\t<meta name=\"twitter:data1\" content=\"Redakcia CEWE\" \/>\n\t<meta name=\"twitter:label2\" content=\"Predpokladan\u00fd \u010das \u010d\u00edtania\" \/>\n\t<meta name=\"twitter:data2\" content=\"4 min\u00faty\" \/>\n<script type=\"application\/ld+json\" class=\"yoast-schema-graph\">{\"@context\":\"https:\/\/schema.org\",\"@graph\":[{\"@type\":\"WebSite\",\"@id\":\"https:\/\/www.fotolab.sk\/blog\/#website\",\"url\":\"https:\/\/www.fotolab.sk\/blog\/\",\"name\":\"CEWE Fotolab blog\",\"description\":\"Blog ur\u010den\u00fd pre fan\u00fa\u0161ikov fotografie a sveta okolo nej.\",\"potentialAction\":[{\"@type\":\"SearchAction\",\"target\":{\"@type\":\"EntryPoint\",\"urlTemplate\":\"https:\/\/www.fotolab.sk\/blog\/?s={search_term_string}\"},\"query-input\":\"required name=search_term_string\"}],\"inLanguage\":\"sk-SK\"},{\"@type\":\"ImageObject\",\"inLanguage\":\"sk-SK\",\"@id\":\"https:\/\/www.fotolab.sk\/blog\/cestuj-s-cewe-2020-zaujimavosti-o-najznamejsich-hradoch-a-zamkoch-slovenska\/#primaryimage\",\"url\":\"https:\/\/blog.fotolab.sk\/wp-content\/uploads\/2020\/08\/Oravsky-hrad1-TITLE.jpg\",\"contentUrl\":\"https:\/\/blog.fotolab.sk\/wp-content\/uploads\/2020\/08\/Oravsky-hrad1-TITLE.jpg\",\"width\":1505,\"height\":1004},{\"@type\":\"WebPage\",\"@id\":\"https:\/\/www.fotolab.sk\/blog\/cestuj-s-cewe-2020-zaujimavosti-o-najznamejsich-hradoch-a-zamkoch-slovenska\/#webpage\",\"url\":\"https:\/\/www.fotolab.sk\/blog\/cestuj-s-cewe-2020-zaujimavosti-o-najznamejsich-hradoch-a-zamkoch-slovenska\/\",\"name\":\"Cestuj s CEWE 2020 - Zauj\u00edmavosti o najzn\u00e1mej\u0161\u00edch hradoch a z\u00e1mkoch Slovenska - CEWE Fotolab blog\",\"isPartOf\":{\"@id\":\"https:\/\/www.fotolab.sk\/blog\/#website\"},\"primaryImageOfPage\":{\"@id\":\"https:\/\/www.fotolab.sk\/blog\/cestuj-s-cewe-2020-zaujimavosti-o-najznamejsich-hradoch-a-zamkoch-slovenska\/#primaryimage\"},\"datePublished\":\"2020-08-13T10:57:02+00:00\",\"dateModified\":\"2020-08-13T11:01:44+00:00\",\"author\":{\"@id\":\"https:\/\/www.fotolab.sk\/blog\/#\/schema\/person\/7857aea021b4560af0d06d2abe97110b\"},\"description\":\"Projekt Cestuj s CEWE po Slovensku pokra\u010duje a tento t\u00fd\u017ede\u0148 sa spolu s Radom z blogu Nie je t\u00fara bez \u0160t\u00fara pozrieme na najzn\u00e1mej\u0161ie hrady a z\u00e1mky na Slovensku.\",\"breadcrumb\":{\"@id\":\"https:\/\/www.fotolab.sk\/blog\/cestuj-s-cewe-2020-zaujimavosti-o-najznamejsich-hradoch-a-zamkoch-slovenska\/#breadcrumb\"},\"inLanguage\":\"sk-SK\",\"potentialAction\":[{\"@type\":\"ReadAction\",\"target\":[\"https:\/\/www.fotolab.sk\/blog\/cestuj-s-cewe-2020-zaujimavosti-o-najznamejsich-hradoch-a-zamkoch-slovenska\/\"]}]},{\"@type\":\"BreadcrumbList\",\"@id\":\"https:\/\/www.fotolab.sk\/blog\/cestuj-s-cewe-2020-zaujimavosti-o-najznamejsich-hradoch-a-zamkoch-slovenska\/#breadcrumb\",\"itemListElement\":[{\"@type\":\"ListItem\",\"position\":1,\"name\":\"Home\",\"item\":\"https:\/\/www.fotolab.sk\/blog\/\"},{\"@type\":\"ListItem\",\"position\":2,\"name\":\"Cestuj s CEWE 2020 &#8211; Zauj\u00edmavosti o najzn\u00e1mej\u0161\u00edch hradoch a z\u00e1mkoch Slovenska\"}]},{\"@type\":\"Person\",\"@id\":\"https:\/\/www.fotolab.sk\/blog\/#\/schema\/person\/7857aea021b4560af0d06d2abe97110b\",\"name\":\"Redakcia CEWE\",\"image\":{\"@type\":\"ImageObject\",\"inLanguage\":\"sk-SK\",\"@id\":\"https:\/\/www.fotolab.sk\/blog\/#\/schema\/person\/image\/\",\"url\":\"https:\/\/secure.gravatar.com\/avatar\/e27c65ada54cc066e94388632d402763?s=96&d=mm&r=g\",\"contentUrl\":\"https:\/\/secure.gravatar.com\/avatar\/e27c65ada54cc066e94388632d402763?s=96&d=mm&r=g\",\"caption\":\"Redakcia CEWE\"},\"sameAs\":[\"https:\/\/www.instagram.com\/cewe.sk\/\"],\"url\":\"https:\/\/www.fotolab.sk\/blog\/author\/cewe-redakcia\/\"}]}<\/script>\n<!-- \/ Yoast SEO plugin. -->","yoast_head_json":{"title":"Cestuj s CEWE 2020 - Zauj\u00edmavosti o najzn\u00e1mej\u0161\u00edch hradoch a z\u00e1mkoch Slovenska - CEWE Fotolab blog","description":"Projekt Cestuj s CEWE po Slovensku pokra\u010duje a tento t\u00fd\u017ede\u0148 sa spolu s Radom z blogu Nie je t\u00fara bez \u0160t\u00fara pozrieme na najzn\u00e1mej\u0161ie hrady a z\u00e1mky na Slovensku.","robots":{"index":"index","follow":"follow","max-snippet":"max-snippet:-1","max-image-preview":"max-image-preview:large","max-video-preview":"max-video-preview:-1"},"canonical":"https:\/\/www.fotolab.sk\/blog\/cestuj-s-cewe-2020-zaujimavosti-o-najznamejsich-hradoch-a-zamkoch-slovenska\/","og_locale":"sk_SK","og_type":"article","og_title":"Cestuj s CEWE 2020 - Zauj\u00edmavosti o najzn\u00e1mej\u0161\u00edch hradoch a z\u00e1mkoch Slovenska - CEWE Fotolab blog","og_description":"Projekt Cestuj s CEWE po Slovensku pokra\u010duje a tento t\u00fd\u017ede\u0148 sa spolu s Radom z blogu Nie je t\u00fara bez \u0160t\u00fara pozrieme na najzn\u00e1mej\u0161ie hrady a z\u00e1mky na Slovensku.","og_url":"https:\/\/www.fotolab.sk\/blog\/cestuj-s-cewe-2020-zaujimavosti-o-najznamejsich-hradoch-a-zamkoch-slovenska\/","og_site_name":"CEWE Fotolab blog","article_published_time":"2020-08-13T10:57:02+00:00","article_modified_time":"2020-08-13T11:01:44+00:00","og_image":[{"width":1505,"height":1004,"url":"https:\/\/blog.fotolab.sk\/wp-content\/uploads\/2020\/08\/Oravsky-hrad1-TITLE.jpg","type":"image\/jpeg"}],"twitter_misc":{"Autor:":"Redakcia CEWE","Predpokladan\u00fd \u010das \u010d\u00edtania":"4 min\u00faty"},"schema":{"@context":"https:\/\/schema.org","@graph":[{"@type":"WebSite","@id":"https:\/\/www.fotolab.sk\/blog\/#website","url":"https:\/\/www.fotolab.sk\/blog\/","name":"CEWE Fotolab blog","description":"Blog ur\u010den\u00fd pre fan\u00fa\u0161ikov fotografie a sveta okolo nej.","potentialAction":[{"@type":"SearchAction","target":{"@type":"EntryPoint","urlTemplate":"https:\/\/www.fotolab.sk\/blog\/?s={search_term_string}"},"query-input":"required name=search_term_string"}],"inLanguage":"sk-SK"},{"@type":"ImageObject","inLanguage":"sk-SK","@id":"https:\/\/www.fotolab.sk\/blog\/cestuj-s-cewe-2020-zaujimavosti-o-najznamejsich-hradoch-a-zamkoch-slovenska\/#primaryimage","url":"https:\/\/blog.fotolab.sk\/wp-content\/uploads\/2020\/08\/Oravsky-hrad1-TITLE.jpg","contentUrl":"https:\/\/blog.fotolab.sk\/wp-content\/uploads\/2020\/08\/Oravsky-hrad1-TITLE.jpg","width":1505,"height":1004},{"@type":"WebPage","@id":"https:\/\/www.fotolab.sk\/blog\/cestuj-s-cewe-2020-zaujimavosti-o-najznamejsich-hradoch-a-zamkoch-slovenska\/#webpage","url":"https:\/\/www.fotolab.sk\/blog\/cestuj-s-cewe-2020-zaujimavosti-o-najznamejsich-hradoch-a-zamkoch-slovenska\/","name":"Cestuj s CEWE 2020 - Zauj\u00edmavosti o najzn\u00e1mej\u0161\u00edch hradoch a z\u00e1mkoch Slovenska - CEWE Fotolab blog","isPartOf":{"@id":"https:\/\/www.fotolab.sk\/blog\/#website"},"primaryImageOfPage":{"@id":"https:\/\/www.fotolab.sk\/blog\/cestuj-s-cewe-2020-zaujimavosti-o-najznamejsich-hradoch-a-zamkoch-slovenska\/#primaryimage"},"datePublished":"2020-08-13T10:57:02+00:00","dateModified":"2020-08-13T11:01:44+00:00","author":{"@id":"https:\/\/www.fotolab.sk\/blog\/#\/schema\/person\/7857aea021b4560af0d06d2abe97110b"},"description":"Projekt Cestuj s CEWE po Slovensku pokra\u010duje a tento t\u00fd\u017ede\u0148 sa spolu s Radom z blogu Nie je t\u00fara bez \u0160t\u00fara pozrieme na najzn\u00e1mej\u0161ie hrady a z\u00e1mky na Slovensku.","breadcrumb":{"@id":"https:\/\/www.fotolab.sk\/blog\/cestuj-s-cewe-2020-zaujimavosti-o-najznamejsich-hradoch-a-zamkoch-slovenska\/#breadcrumb"},"inLanguage":"sk-SK","potentialAction":[{"@type":"ReadAction","target":["https:\/\/www.fotolab.sk\/blog\/cestuj-s-cewe-2020-zaujimavosti-o-najznamejsich-hradoch-a-zamkoch-slovenska\/"]}]},{"@type":"BreadcrumbList","@id":"https:\/\/www.fotolab.sk\/blog\/cestuj-s-cewe-2020-zaujimavosti-o-najznamejsich-hradoch-a-zamkoch-slovenska\/#breadcrumb","itemListElement":[{"@type":"ListItem","position":1,"name":"Home","item":"https:\/\/www.fotolab.sk\/blog\/"},{"@type":"ListItem","position":2,"name":"Cestuj s CEWE 2020 &#8211; Zauj\u00edmavosti o najzn\u00e1mej\u0161\u00edch hradoch a z\u00e1mkoch Slovenska"}]},{"@type":"Person","@id":"https:\/\/www.fotolab.sk\/blog\/#\/schema\/person\/7857aea021b4560af0d06d2abe97110b","name":"Redakcia CEWE","image":{"@type":"ImageObject","inLanguage":"sk-SK","@id":"https:\/\/www.fotolab.sk\/blog\/#\/schema\/person\/image\/","url":"https:\/\/secure.gravatar.com\/avatar\/e27c65ada54cc066e94388632d402763?s=96&d=mm&r=g","contentUrl":"https:\/\/secure.gravatar.com\/avatar\/e27c65ada54cc066e94388632d402763?s=96&d=mm&r=g","caption":"Redakcia CEWE"},"sameAs":["https:\/\/www.instagram.com\/cewe.sk\/"],"url":"https:\/\/www.fotolab.sk\/blog\/author\/cewe-redakcia\/"}]}},"_links":{"self":[{"href":"https:\/\/www.fotolab.sk\/blog\/wp-json\/wp\/v2\/posts\/10851"}],"collection":[{"href":"https:\/\/www.fotolab.sk\/blog\/wp-json\/wp\/v2\/posts"}],"about":[{"href":"https:\/\/www.fotolab.sk\/blog\/wp-json\/wp\/v2\/types\/post"}],"author":[{"embeddable":true,"href":"https:\/\/www.fotolab.sk\/blog\/wp-json\/wp\/v2\/users\/41"}],"replies":[{"embeddable":true,"href":"https:\/\/www.fotolab.sk\/blog\/wp-json\/wp\/v2\/comments?post=10851"}],"version-history":[{"count":4,"href":"https:\/\/www.fotolab.sk\/blog\/wp-json\/wp\/v2\/posts\/10851\/revisions"}],"predecessor-version":[{"id":11161,"href":"https:\/\/www.fotolab.sk\/blog\/wp-json\/wp\/v2\/posts\/10851\/revisions\/11161"}],"wp:featuredmedia":[{"embeddable":true,"href":"https:\/\/www.fotolab.sk\/blog\/wp-json\/wp\/v2\/media\/11160"}],"wp:attachment":[{"href":"https:\/\/www.fotolab.sk\/blog\/wp-json\/wp\/v2\/media?parent=10851"}],"wp:term":[{"taxonomy":"category","embeddable":true,"href":"https:\/\/www.fotolab.sk\/blog\/wp-json\/wp\/v2\/categories?post=10851"},{"taxonomy":"post_tag","embeddable":true,"href":"https:\/\/www.fotolab.sk\/blog\/wp-json\/wp\/v2\/tags?post=10851"}],"curies":[{"name":"wp","href":"https:\/\/api.w.org\/{rel}","templated":true}]}}