
{"id":10394,"date":"2020-05-20T12:25:17","date_gmt":"2020-05-20T10:25:17","guid":{"rendered":"https:\/\/www.fotolab.sk\/blog\/?p=10394"},"modified":"2020-05-28T13:23:43","modified_gmt":"2020-05-28T11:23:43","slug":"novy-rocnik-sutaze-cewe-photo-award-zacina","status":"publish","type":"post","link":"https:\/\/www.fotolab.sk\/blog\/novy-rocnik-sutaze-cewe-photo-award-zacina\/","title":{"rendered":"Nov\u00fd ro\u010dn\u00edk s\u00fa\u0165a\u017ee CEWE Photo Award za\u010d\u00edna"},"content":{"rendered":"<h5>Prest\u00ed\u017eny ro\u010dn\u00edk najv\u00e4\u010d\u0161ej svetovej fotografickej s\u00fa\u0165a\u017ee <a href=\"http:\/\/sutaz.cewe.sk\/cewephotoaward-2021\" target=\"_blank\" rel=\"noopener noreferrer\">CEWE PHOTO AWARD 2021<\/a> je tu a my sa u\u017e teraz te\u0161\u00edme na va\u0161e n\u00e1dhern\u00e9 fotografie. S\u00fa\u0165a\u017ee sa ka\u017edoro\u010dne z\u00fa\u010dastn\u00ed mnoho fotografick\u00fdch nad\u0161encov z cel\u00e9ho sveta. A Slovensko medzi nimi samozrejme nech\u00fdba.<\/h5>\n<p><img decoding=\"async\" loading=\"lazy\" class=\"alignnone size-full wp-image-10397\" src=\"https:\/\/blog.fotolab.sk\/wp-content\/uploads\/2020\/05\/1200x700-1.jpg\" alt=\"CEWE Photo Award\" width=\"1200\" height=\"700\" \/><\/p>\n<h5>Najv\u00e4\u010d\u0161ia fotografick\u00e1 s\u00fa\u0165a\u017e na svete<\/h5>\n<p>V tomto roku sa kon\u00e1 u\u017e 5. ro\u010dn\u00edk s\u00fa\u0165a\u017ee. <strong><a href=\"http:\/\/sutaz.cewe.sk\/cewephotoaward-2021\" target=\"_blank\" rel=\"noopener noreferrer\">CEWE PHOTO AWARD 2021<\/a> \u0161tartuje 18.5.2020 a trv\u00e1 a\u017e do 31.5.2021.<\/strong> S\u00fa\u0165a\u017e\u00ed sa v 10 kateg\u00f3ri\u00e1ch a vyhra\u0165 m\u00f4\u017eete \u00fa\u017easn\u00e9 fotografick\u00e9 ceny a poukazy na fotoprodukty. A navy\u0161e <strong>za ka\u017ed\u00fa prihl\u00e1sen\u00fa fotografiu venuje CEWE 10 centov na charitu<\/strong>, konkr\u00e9tne na <span class=\"charity__description\">SOS Children\u00b4s Villages International<\/span>.<\/p>\n<h5>Predch\u00e1dzaj\u00faci ro\u010dn\u00edk<\/h5>\n<p>V roku 2019 sa do s\u00fa\u0165a\u017ee prihl\u00e1silo viac ako <strong>45-tis\u00edc fotografov<\/strong> z cel\u00e9ho sveta a okrem celkov\u00e9ho v\u00fdhercu, musela porota vybra\u0165 z viac ako <strong>448-tis\u00edc fotografi\u00ed<\/strong> tie najlep\u0161ie, ktor\u00e9 sa stali v\u00fdhercami 10 s\u00fa\u0165a\u017en\u00fdch kateg\u00f3ri\u00ed.<\/p>\n<figure id=\"attachment_10405\" aria-describedby=\"caption-attachment-10405\" style=\"width: 1280px\" class=\"wp-caption alignnone\"><img decoding=\"async\" loading=\"lazy\" class=\"wp-image-10405 size-full\" src=\"https:\/\/blog.fotolab.sk\/wp-content\/uploads\/2020\/05\/MA-DE-People-788334_Ihsan-Jezany-Desert-Man-1.jpg\" alt=\"\" width=\"1280\" height=\"848\" \/><figcaption id=\"caption-attachment-10405\" class=\"wp-caption-text\">Ihsan Jezany, Desert Man<\/figcaption><\/figure>\n<p>&nbsp;<\/p>\n<p>Z celkov\u00e9ho po\u010dtu 448 152 prihl\u00e1sen\u00fdch fotografi\u00ed bolo viac ako 12 300 zo Slovenska. Najvy\u0161\u0161ie umiesten\u00e1 fotografia bola od mlad\u00e9ho fotografa Mat\u00fa\u0161a \u0160alam\u00fana, ktor\u00fd sa umiestnil na 35. mieste. Celkovo sa s\u00fa\u0165a\u017ee z\u00fa\u010dastnilo 1 125 Slov\u00e1kov, ktor\u00ed so svojimi fotografiami s\u00fa\u0165a\u017eili o v\u00fdhru.<\/p>\n<figure id=\"attachment_10415\" aria-describedby=\"caption-attachment-10415\" style=\"width: 4370px\" class=\"wp-caption alignnone\"><img decoding=\"async\" loading=\"lazy\" class=\"wp-image-10415 size-full\" src=\"https:\/\/blog.fotolab.sk\/wp-content\/uploads\/2020\/05\/IMG_9186orezBLUR.jpg\" alt=\"\" width=\"4370\" height=\"2913\" \/><figcaption id=\"caption-attachment-10415\" class=\"wp-caption-text\">Mat\u00fa\u0161 \u0160alam\u00fan, Stroskotanec<\/figcaption><\/figure>\n<h5><\/h5>\n<h5>S\u00fa\u0165a\u017en\u00e9 kateg\u00f3rie pre nov\u00fd ro\u010dn\u00edk<\/h5>\n<p>Predstavujeme v\u00e1m 10 s\u00fa\u0165a\u017en\u00fdch kateg\u00f3ri\u00ed. Ka\u017ed\u00fd kto sa bude chcie\u0165 z\u00fa\u010dastni\u0165, si ur\u010dite z vyhl\u00e1sen\u00fdch kateg\u00f3ri\u00ed vyberie.<\/p>\n<ul>\n<li>Leteck\u00e1 fotografia<\/li>\n<li>Varenie a jedlo<\/li>\n<li>Pr\u00edroda<\/li>\n<li>Zvierat\u00e1<\/li>\n<li>Krajina<\/li>\n<li>\u0160port<\/li>\n<li>\u013dudia<\/li>\n<li>Cestovanie a kult\u00fara<\/li>\n<li>Z\u00e1\u013euby a vo\u013en\u00fd \u010das<\/li>\n<li>Architekt\u00fara a technol\u00f3gie<\/li>\n<\/ul>\n<p>Jeden s\u00fa\u0165a\u017eiaci m\u00f4\u017ee prihl\u00e1si\u0165 maxim\u00e1lne 100 fotografi\u00ed.<\/p>\n<figure id=\"attachment_10407\" aria-describedby=\"caption-attachment-10407\" style=\"width: 1280px\" class=\"wp-caption alignnone\"><img decoding=\"async\" loading=\"lazy\" class=\"wp-image-10407 size-full\" src=\"https:\/\/blog.fotolab.sk\/wp-content\/uploads\/2020\/05\/TR-TR-Food-1021850_Cihan-Karaca-bread-boat-1.jpg\" alt=\"\" width=\"1280\" height=\"853\" \/><figcaption id=\"caption-attachment-10407\" class=\"wp-caption-text\">Cihan Karaca, Bread boat<\/figcaption><\/figure>\n<h5><\/h5>\n<h5>\u010co m\u00f4\u017eete vyhra\u0165?<\/h5>\n<p>Cien je v s\u00fa\u0165a\u017ei naozaj dos\u0165 a s\u00fa ve\u013emi l\u00e1kav\u00e9. Aby sme v\u00e1s tro\u0161ku motivovali, ni\u017e\u0161ie n\u00e1jdete ceny, o ak\u00e9 sa s\u00fa\u0165a\u017e\u00ed, a ktor\u00fdch hodnota predstavuje 250.000 eur. Porota najprv vyberie v\u00ed\u0165azov jednotliv\u00fdch kateg\u00f3ri\u00ed a zo v\u0161etk\u00fdch 10 v\u00ed\u0165azov e\u0161te ur\u010d\u00ed celkov\u00e9ho v\u00ed\u0165aza, ktor\u00fd z\u00edska prest\u00ed\u017enu trofej &#8211; cenu <strong>CEWE Photo Award<\/strong>.<\/p>\n<h6>1. miesto<\/h6>\n<ul>\n<li>z\u00e1jazd pod\u013ea vlastn\u00e9ho v\u00fdberu v hodnote 15.000 EUR<\/li>\n<li>fotografick\u00e9 vybavenie v hodnote 7.500 EUR<\/li>\n<li>poukaz na CEWE fotoprodukty v hodnote 2.500 EUR<\/li>\n<\/ul>\n<h6>2.- 10. miesto<\/h6>\n<ul>\n<li>fotografick\u00e9 vybavenie v hodnote 5.000 EUR<\/li>\n<li>poukaz na CEWE fotoprodukty v hodnote 2.500 EUR pre ka\u017ed\u00e9ho v\u00ed\u0165aza<\/li>\n<\/ul>\n<h6>11.- 30. miesto<\/h6>\n<ul>\n<li>fotografick\u00e9 vybavenie v hodnote 2.500 EUR<\/li>\n<li>poukaz na CEWE fotoprodukty v hodnote 1.000 EUR pre ka\u017ed\u00e9ho v\u00ed\u0165aza<\/li>\n<\/ul>\n<h6>31.- 1000. miesto<\/h6>\n<ul>\n<li>poukaz na CEWE fotoprodukty v hodnote 100 eur pre ka\u017ed\u00e9ho v\u00ed\u0165aza<\/li>\n<\/ul>\n<figure id=\"attachment_10404\" aria-describedby=\"caption-attachment-10404\" style=\"width: 1280px\" class=\"wp-caption alignnone\"><img decoding=\"async\" loading=\"lazy\" class=\"wp-image-10404 size-full\" src=\"https:\/\/blog.fotolab.sk\/wp-content\/uploads\/2020\/05\/AT-DE-Landscapes-762400_Nicolai-Bruegger-Morningstar-1.jpg\" alt=\"\" width=\"1280\" height=\"854\" \/><figcaption id=\"caption-attachment-10404\" class=\"wp-caption-text\">Nicolai Bruegger, Morningstar<\/figcaption><\/figure>\n<p>&nbsp;<\/p>\n<p><strong>Minul\u00fd ro\u010dn\u00edk bol ve\u013emi vydaren\u00fd, ako spom\u00edna Dr. Christian Friege, predseda predstavenstva CEWE<\/strong><\/p>\n<p>&#8220;Ve\u013emi n\u00e1s te\u0161\u00ed, \u017ee sa ocenenie CEWE Photo Award stalo neoddelite\u013enou s\u00fa\u010das\u0165ou medzin\u00e1rodnej fotografickej sc\u00e9ny. V\u010faka prihl\u00e1sen\u00fdm fotk\u00e1m v po\u010dte 448 152 sme usporiadali v minulom roku najv\u00e4\u010d\u0161iu fotografick\u00fa s\u00fa\u0165a\u017e na svete. Ale pre n\u00e1s bolo \u010faleko d\u00f4le\u017eitej\u0161ie to, \u017ee v\u010faka ve\u013ek\u00e9mu po\u010dtu fotografi\u00ed sme mohli na sl\u00e1vnostnom fin\u00e1le odovzda\u0165 <span class=\"charity__description\">SOS Children\u00b4s Villages International<\/span> po celom svete \u0161ek v hodnote 44 815,20 eur. Chcel by som po\u010fakova\u0165 v\u0161etk\u00fdm fotografick\u00fdm nad\u0161encom, ktor\u00ed n\u00e1s podporuj\u00fa v na\u0161om cieli zhroma\u017e\u010fova\u0165 ve\u013ea kr\u00e1snych a farebn\u00fdch dojmov a zdie\u013ea\u0165 ich s cel\u00fdm svetom.&#8221;<\/p>\n<figure id=\"attachment_10406\" aria-describedby=\"caption-attachment-10406\" style=\"width: 1280px\" class=\"wp-caption alignnone\"><img decoding=\"async\" loading=\"lazy\" class=\"wp-image-10406 size-full\" src=\"https:\/\/blog.fotolab.sk\/wp-content\/uploads\/2020\/05\/NA-DE-Landscapes-995879_Daniel-Heilig-Namibias-Highest-Dunes-On-Top-Of-Big-Mama-1.jpg\" alt=\"\" width=\"1280\" height=\"958\" \/><figcaption id=\"caption-attachment-10406\" class=\"wp-caption-text\">Daniel Heilig, Namibia&#8217;s Highest Dunes &#8211; On Top Of Big Mama<\/figcaption><\/figure>\n<p>&nbsp;<\/p>\n<p><a href=\"http:\/\/sutaz.cewe.sk\/cewephotoaward-2021\" target=\"_blank\" rel=\"noopener noreferrer\">Prihl\u00e1ste aj vy svoje fotografie do CEWE Photo Award 2021.<\/a><\/p>\n","protected":false},"excerpt":{"rendered":"<p>Prest\u00ed\u017eny ro\u010dn\u00edk najv\u00e4\u010d\u0161ej svetovej fotografickej s\u00fa\u0165a\u017ee CEWE PHOTO AWARD 2021 je tu a my sa u\u017e teraz te\u0161\u00edme na va\u0161e n\u00e1dhern\u00e9 fotografie. S\u00fa\u0165a\u017ee sa ka\u017edoro\u010dne z\u00fa\u010dastn\u00ed mnoho fotografick\u00fdch nad\u0161encov z cel\u00e9ho sveta. A Slovensko medzi nimi samozrejme nech\u00fdba. Najv\u00e4\u010d\u0161ia fotografick\u00e1 s\u00fa\u0165a\u017e na svete V tomto roku sa kon\u00e1 u\u017e 5. ro\u010dn\u00edk s\u00fa\u0165a\u017ee. CEWE PHOTO AWARD [&hellip;]<\/p>\n","protected":false},"author":39,"featured_media":10421,"comment_status":"open","ping_status":"open","sticky":false,"template":"","format":"standard","meta":[],"categories":[50],"tags":[107,156,96,151,99],"yoast_head":"<!-- This site is optimized with the Yoast SEO plugin v19.1 - https:\/\/yoast.com\/wordpress\/plugins\/seo\/ -->\n<title>Nov\u00fd ro\u010dn\u00edk s\u00fa\u0165a\u017ee CEWE Photo Award za\u010d\u00edna - CEWE Fotolab blog<\/title>\n<meta name=\"description\" content=\"Prest\u00ed\u017eny ro\u010dn\u00edk najv\u00e4\u010d\u0161ej svetovej fotografickej s\u00fa\u0165a\u017ee CEWE PHOTO AWARD 2021 je tu a my sa u\u017e teraz te\u0161\u00edme na va\u0161e n\u00e1dhern\u00e9 fotografie.\" \/>\n<meta name=\"robots\" content=\"index, follow, max-snippet:-1, max-image-preview:large, max-video-preview:-1\" \/>\n<link rel=\"canonical\" href=\"https:\/\/www.fotolab.sk\/blog\/novy-rocnik-sutaze-cewe-photo-award-zacina\/\" \/>\n<meta property=\"og:locale\" content=\"sk_SK\" \/>\n<meta property=\"og:type\" content=\"article\" \/>\n<meta property=\"og:title\" content=\"Nov\u00fd ro\u010dn\u00edk s\u00fa\u0165a\u017ee CEWE Photo Award za\u010d\u00edna - CEWE Fotolab blog\" \/>\n<meta property=\"og:description\" content=\"Prest\u00ed\u017eny ro\u010dn\u00edk najv\u00e4\u010d\u0161ej svetovej fotografickej s\u00fa\u0165a\u017ee CEWE PHOTO AWARD 2021 je tu a my sa u\u017e teraz te\u0161\u00edme na va\u0161e n\u00e1dhern\u00e9 fotografie.\" \/>\n<meta property=\"og:url\" content=\"https:\/\/www.fotolab.sk\/blog\/novy-rocnik-sutaze-cewe-photo-award-zacina\/\" \/>\n<meta property=\"og:site_name\" content=\"CEWE Fotolab blog\" \/>\n<meta property=\"article:published_time\" content=\"2020-05-20T10:25:17+00:00\" \/>\n<meta property=\"article:modified_time\" content=\"2020-05-28T11:23:43+00:00\" \/>\n<meta property=\"og:image\" content=\"https:\/\/blog.fotolab.sk\/wp-content\/uploads\/2020\/05\/title-CPA-koala.jpg\" \/>\n\t<meta property=\"og:image:width\" content=\"1500\" \/>\n\t<meta property=\"og:image:height\" content=\"650\" \/>\n\t<meta property=\"og:image:type\" content=\"image\/jpeg\" \/>\n<meta name=\"twitter:label1\" content=\"Autor:\" \/>\n\t<meta name=\"twitter:data1\" content=\"Daniela Ru\u017eovi\u010dov\u00e1\" \/>\n\t<meta name=\"twitter:label2\" content=\"Predpokladan\u00fd \u010das \u010d\u00edtania\" \/>\n\t<meta name=\"twitter:data2\" content=\"3 min\u00faty\" \/>\n<script type=\"application\/ld+json\" class=\"yoast-schema-graph\">{\"@context\":\"https:\/\/schema.org\",\"@graph\":[{\"@type\":\"WebSite\",\"@id\":\"https:\/\/www.fotolab.sk\/blog\/#website\",\"url\":\"https:\/\/www.fotolab.sk\/blog\/\",\"name\":\"CEWE Fotolab blog\",\"description\":\"Blog ur\u010den\u00fd pre fan\u00fa\u0161ikov fotografie a sveta okolo nej.\",\"potentialAction\":[{\"@type\":\"SearchAction\",\"target\":{\"@type\":\"EntryPoint\",\"urlTemplate\":\"https:\/\/www.fotolab.sk\/blog\/?s={search_term_string}\"},\"query-input\":\"required name=search_term_string\"}],\"inLanguage\":\"sk-SK\"},{\"@type\":\"ImageObject\",\"inLanguage\":\"sk-SK\",\"@id\":\"https:\/\/www.fotolab.sk\/blog\/novy-rocnik-sutaze-cewe-photo-award-zacina\/#primaryimage\",\"url\":\"https:\/\/blog.fotolab.sk\/wp-content\/uploads\/2020\/05\/title-CPA-koala.jpg\",\"contentUrl\":\"https:\/\/blog.fotolab.sk\/wp-content\/uploads\/2020\/05\/title-CPA-koala.jpg\",\"width\":1500,\"height\":650},{\"@type\":\"WebPage\",\"@id\":\"https:\/\/www.fotolab.sk\/blog\/novy-rocnik-sutaze-cewe-photo-award-zacina\/#webpage\",\"url\":\"https:\/\/www.fotolab.sk\/blog\/novy-rocnik-sutaze-cewe-photo-award-zacina\/\",\"name\":\"Nov\u00fd ro\u010dn\u00edk s\u00fa\u0165a\u017ee CEWE Photo Award za\u010d\u00edna - CEWE Fotolab blog\",\"isPartOf\":{\"@id\":\"https:\/\/www.fotolab.sk\/blog\/#website\"},\"primaryImageOfPage\":{\"@id\":\"https:\/\/www.fotolab.sk\/blog\/novy-rocnik-sutaze-cewe-photo-award-zacina\/#primaryimage\"},\"datePublished\":\"2020-05-20T10:25:17+00:00\",\"dateModified\":\"2020-05-28T11:23:43+00:00\",\"author\":{\"@id\":\"https:\/\/www.fotolab.sk\/blog\/#\/schema\/person\/77d6dacf2a79ac8f60da8e2a80f2030b\"},\"description\":\"Prest\u00ed\u017eny ro\u010dn\u00edk najv\u00e4\u010d\u0161ej svetovej fotografickej s\u00fa\u0165a\u017ee CEWE PHOTO AWARD 2021 je tu a my sa u\u017e teraz te\u0161\u00edme na va\u0161e n\u00e1dhern\u00e9 fotografie.\",\"breadcrumb\":{\"@id\":\"https:\/\/www.fotolab.sk\/blog\/novy-rocnik-sutaze-cewe-photo-award-zacina\/#breadcrumb\"},\"inLanguage\":\"sk-SK\",\"potentialAction\":[{\"@type\":\"ReadAction\",\"target\":[\"https:\/\/www.fotolab.sk\/blog\/novy-rocnik-sutaze-cewe-photo-award-zacina\/\"]}]},{\"@type\":\"BreadcrumbList\",\"@id\":\"https:\/\/www.fotolab.sk\/blog\/novy-rocnik-sutaze-cewe-photo-award-zacina\/#breadcrumb\",\"itemListElement\":[{\"@type\":\"ListItem\",\"position\":1,\"name\":\"Home\",\"item\":\"https:\/\/www.fotolab.sk\/blog\/\"},{\"@type\":\"ListItem\",\"position\":2,\"name\":\"Nov\u00fd ro\u010dn\u00edk s\u00fa\u0165a\u017ee CEWE Photo Award za\u010d\u00edna\"}]},{\"@type\":\"Person\",\"@id\":\"https:\/\/www.fotolab.sk\/blog\/#\/schema\/person\/77d6dacf2a79ac8f60da8e2a80f2030b\",\"name\":\"Daniela Ru\u017eovi\u010dov\u00e1\",\"image\":{\"@type\":\"ImageObject\",\"inLanguage\":\"sk-SK\",\"@id\":\"https:\/\/www.fotolab.sk\/blog\/#\/schema\/person\/image\/\",\"url\":\"https:\/\/secure.gravatar.com\/avatar\/647297b7198748e4a44171e3ddb8f81e?s=96&d=mm&r=g\",\"contentUrl\":\"https:\/\/secure.gravatar.com\/avatar\/647297b7198748e4a44171e3ddb8f81e?s=96&d=mm&r=g\",\"caption\":\"Daniela Ru\u017eovi\u010dov\u00e1\"},\"description\":\"M\u00e1m rada zimu, cestovanie a seversk\u00e9 krajiny. \u017divot v Bratislave striedam s v\u00fdletmi do pr\u00edrody a do h\u00f4r, s fotoapar\u00e1tom v ruke.\",\"url\":\"https:\/\/www.fotolab.sk\/blog\/author\/daniela\/\"}]}<\/script>\n<!-- \/ Yoast SEO plugin. -->","yoast_head_json":{"title":"Nov\u00fd ro\u010dn\u00edk s\u00fa\u0165a\u017ee CEWE Photo Award za\u010d\u00edna - CEWE Fotolab blog","description":"Prest\u00ed\u017eny ro\u010dn\u00edk najv\u00e4\u010d\u0161ej svetovej fotografickej s\u00fa\u0165a\u017ee CEWE PHOTO AWARD 2021 je tu a my sa u\u017e teraz te\u0161\u00edme na va\u0161e n\u00e1dhern\u00e9 fotografie.","robots":{"index":"index","follow":"follow","max-snippet":"max-snippet:-1","max-image-preview":"max-image-preview:large","max-video-preview":"max-video-preview:-1"},"canonical":"https:\/\/www.fotolab.sk\/blog\/novy-rocnik-sutaze-cewe-photo-award-zacina\/","og_locale":"sk_SK","og_type":"article","og_title":"Nov\u00fd ro\u010dn\u00edk s\u00fa\u0165a\u017ee CEWE Photo Award za\u010d\u00edna - CEWE Fotolab blog","og_description":"Prest\u00ed\u017eny ro\u010dn\u00edk najv\u00e4\u010d\u0161ej svetovej fotografickej s\u00fa\u0165a\u017ee CEWE PHOTO AWARD 2021 je tu a my sa u\u017e teraz te\u0161\u00edme na va\u0161e n\u00e1dhern\u00e9 fotografie.","og_url":"https:\/\/www.fotolab.sk\/blog\/novy-rocnik-sutaze-cewe-photo-award-zacina\/","og_site_name":"CEWE Fotolab blog","article_published_time":"2020-05-20T10:25:17+00:00","article_modified_time":"2020-05-28T11:23:43+00:00","og_image":[{"width":1500,"height":650,"url":"https:\/\/blog.fotolab.sk\/wp-content\/uploads\/2020\/05\/title-CPA-koala.jpg","type":"image\/jpeg"}],"twitter_misc":{"Autor:":"Daniela Ru\u017eovi\u010dov\u00e1","Predpokladan\u00fd \u010das \u010d\u00edtania":"3 min\u00faty"},"schema":{"@context":"https:\/\/schema.org","@graph":[{"@type":"WebSite","@id":"https:\/\/www.fotolab.sk\/blog\/#website","url":"https:\/\/www.fotolab.sk\/blog\/","name":"CEWE Fotolab blog","description":"Blog ur\u010den\u00fd pre fan\u00fa\u0161ikov fotografie a sveta okolo nej.","potentialAction":[{"@type":"SearchAction","target":{"@type":"EntryPoint","urlTemplate":"https:\/\/www.fotolab.sk\/blog\/?s={search_term_string}"},"query-input":"required name=search_term_string"}],"inLanguage":"sk-SK"},{"@type":"ImageObject","inLanguage":"sk-SK","@id":"https:\/\/www.fotolab.sk\/blog\/novy-rocnik-sutaze-cewe-photo-award-zacina\/#primaryimage","url":"https:\/\/blog.fotolab.sk\/wp-content\/uploads\/2020\/05\/title-CPA-koala.jpg","contentUrl":"https:\/\/blog.fotolab.sk\/wp-content\/uploads\/2020\/05\/title-CPA-koala.jpg","width":1500,"height":650},{"@type":"WebPage","@id":"https:\/\/www.fotolab.sk\/blog\/novy-rocnik-sutaze-cewe-photo-award-zacina\/#webpage","url":"https:\/\/www.fotolab.sk\/blog\/novy-rocnik-sutaze-cewe-photo-award-zacina\/","name":"Nov\u00fd ro\u010dn\u00edk s\u00fa\u0165a\u017ee CEWE Photo Award za\u010d\u00edna - CEWE Fotolab blog","isPartOf":{"@id":"https:\/\/www.fotolab.sk\/blog\/#website"},"primaryImageOfPage":{"@id":"https:\/\/www.fotolab.sk\/blog\/novy-rocnik-sutaze-cewe-photo-award-zacina\/#primaryimage"},"datePublished":"2020-05-20T10:25:17+00:00","dateModified":"2020-05-28T11:23:43+00:00","author":{"@id":"https:\/\/www.fotolab.sk\/blog\/#\/schema\/person\/77d6dacf2a79ac8f60da8e2a80f2030b"},"description":"Prest\u00ed\u017eny ro\u010dn\u00edk najv\u00e4\u010d\u0161ej svetovej fotografickej s\u00fa\u0165a\u017ee CEWE PHOTO AWARD 2021 je tu a my sa u\u017e teraz te\u0161\u00edme na va\u0161e n\u00e1dhern\u00e9 fotografie.","breadcrumb":{"@id":"https:\/\/www.fotolab.sk\/blog\/novy-rocnik-sutaze-cewe-photo-award-zacina\/#breadcrumb"},"inLanguage":"sk-SK","potentialAction":[{"@type":"ReadAction","target":["https:\/\/www.fotolab.sk\/blog\/novy-rocnik-sutaze-cewe-photo-award-zacina\/"]}]},{"@type":"BreadcrumbList","@id":"https:\/\/www.fotolab.sk\/blog\/novy-rocnik-sutaze-cewe-photo-award-zacina\/#breadcrumb","itemListElement":[{"@type":"ListItem","position":1,"name":"Home","item":"https:\/\/www.fotolab.sk\/blog\/"},{"@type":"ListItem","position":2,"name":"Nov\u00fd ro\u010dn\u00edk s\u00fa\u0165a\u017ee CEWE Photo Award za\u010d\u00edna"}]},{"@type":"Person","@id":"https:\/\/www.fotolab.sk\/blog\/#\/schema\/person\/77d6dacf2a79ac8f60da8e2a80f2030b","name":"Daniela Ru\u017eovi\u010dov\u00e1","image":{"@type":"ImageObject","inLanguage":"sk-SK","@id":"https:\/\/www.fotolab.sk\/blog\/#\/schema\/person\/image\/","url":"https:\/\/secure.gravatar.com\/avatar\/647297b7198748e4a44171e3ddb8f81e?s=96&d=mm&r=g","contentUrl":"https:\/\/secure.gravatar.com\/avatar\/647297b7198748e4a44171e3ddb8f81e?s=96&d=mm&r=g","caption":"Daniela Ru\u017eovi\u010dov\u00e1"},"description":"M\u00e1m rada zimu, cestovanie a seversk\u00e9 krajiny. \u017divot v Bratislave striedam s v\u00fdletmi do pr\u00edrody a do h\u00f4r, s fotoapar\u00e1tom v ruke.","url":"https:\/\/www.fotolab.sk\/blog\/author\/daniela\/"}]}},"_links":{"self":[{"href":"https:\/\/www.fotolab.sk\/blog\/wp-json\/wp\/v2\/posts\/10394"}],"collection":[{"href":"https:\/\/www.fotolab.sk\/blog\/wp-json\/wp\/v2\/posts"}],"about":[{"href":"https:\/\/www.fotolab.sk\/blog\/wp-json\/wp\/v2\/types\/post"}],"author":[{"embeddable":true,"href":"https:\/\/www.fotolab.sk\/blog\/wp-json\/wp\/v2\/users\/39"}],"replies":[{"embeddable":true,"href":"https:\/\/www.fotolab.sk\/blog\/wp-json\/wp\/v2\/comments?post=10394"}],"version-history":[{"count":10,"href":"https:\/\/www.fotolab.sk\/blog\/wp-json\/wp\/v2\/posts\/10394\/revisions"}],"predecessor-version":[{"id":10449,"href":"https:\/\/www.fotolab.sk\/blog\/wp-json\/wp\/v2\/posts\/10394\/revisions\/10449"}],"wp:featuredmedia":[{"embeddable":true,"href":"https:\/\/www.fotolab.sk\/blog\/wp-json\/wp\/v2\/media\/10421"}],"wp:attachment":[{"href":"https:\/\/www.fotolab.sk\/blog\/wp-json\/wp\/v2\/media?parent=10394"}],"wp:term":[{"taxonomy":"category","embeddable":true,"href":"https:\/\/www.fotolab.sk\/blog\/wp-json\/wp\/v2\/categories?post=10394"},{"taxonomy":"post_tag","embeddable":true,"href":"https:\/\/www.fotolab.sk\/blog\/wp-json\/wp\/v2\/tags?post=10394"}],"curies":[{"name":"wp","href":"https:\/\/api.w.org\/{rel}","templated":true}]}}