
{"id":10262,"date":"2020-04-30T09:35:55","date_gmt":"2020-04-30T07:35:55","guid":{"rendered":"https:\/\/www.fotolab.sk\/blog\/?p=10262"},"modified":"2020-04-30T10:20:11","modified_gmt":"2020-04-30T08:20:11","slug":"diy-kreativna-vyzdoba-z-fotopasikov","status":"publish","type":"post","link":"https:\/\/www.fotolab.sk\/blog\/diy-kreativna-vyzdoba-z-fotopasikov\/","title":{"rendered":"DIY Kreat\u00edvna v\u00fdzdoba z fotop\u00e1sikov"},"content":{"rendered":"<h5>Teraz je ten spr\u00e1vny \u010das by\u0165 doma kreat\u00edvny. M\u00e1te \u010das aj priestor, a my sme si pre v\u00e1s pripravili zauj\u00edmav\u00fd n\u00e1pad.<\/h5>\n<p>Vytvorte si zauj\u00edmav\u00fa ozdobu z fotop\u00e1sikov na \u0161t\u00fdl boho s va\u0161imi spomienkami do ob\u00fdva\u010dky alebo do detskej izby. S trochou \u0161ikovnosti to zvl\u00e1dne ka\u017ed\u00fd.<\/p>\n<p><img decoding=\"async\" loading=\"lazy\" class=\"alignnone size-full wp-image-10266\" src=\"https:\/\/blog.fotolab.sk\/wp-content\/uploads\/2020\/04\/cops5_inspiration_makramee_05_mic.jpg\" alt=\"\" width=\"1200\" height=\"758\" \/><\/p>\n<h5>\u010co budete potrebova\u0165?<\/h5>\n<ul style=\"list-style-type: disc;\">\n<li>dreven\u00e9 kor\u00e1liky (okr\u00fahle alebo hranat\u00e9)<\/li>\n<li>\u0161n\u00farka\/\u0161pag\u00e1t<\/li>\n<li>no\u017enice<\/li>\n<li>dierkova\u010d<\/li>\n<li>ihla<\/li>\n<li>dreven\u00e1 ty\u010dka\/kon\u00e1r<\/li>\n<li><a href=\"https:\/\/www.cewe.sk\/fotografie\/art-prints\/mini-foto.html\" target=\"_blank\" rel=\"noopener noreferrer\">CEWE fotop\u00e1siky<\/a><\/li>\n<\/ul>\n<h5><img decoding=\"async\" loading=\"lazy\" class=\"alignnone size-full wp-image-10268\" src=\"https:\/\/blog.fotolab.sk\/wp-content\/uploads\/2020\/04\/cops5_inspiration_makramee_07_mic.jpg\" alt=\"\" width=\"1200\" height=\"758\" \/><\/h5>\n<h5>Postup<\/h5>\n<p>Do vytla\u010den\u00fdch fotop\u00e1sikov urobte dierkova\u010dom na papier dierky, v\u017edy na vrchu a na spodku p\u00e1sika.<\/p>\n<p><img decoding=\"async\" loading=\"lazy\" class=\"alignnone size-full wp-image-10267\" src=\"https:\/\/blog.fotolab.sk\/wp-content\/uploads\/2020\/04\/cops5_inspiration_makramee_06-bc.jpg\" alt=\"\" width=\"1200\" height=\"804\" \/><\/p>\n<p>\u0160n\u00farku nastrihajte na k\u00fasky zvolenej d\u013a\u017eky a navle\u010dte kombin\u00e1ciu kor\u00e1likov.<\/p>\n<p><strong>TIP:<\/strong> dreven\u00e9 kor\u00e1liky si vopred nafarbite farbou na drevo tak, aby ladili k fotografi\u00e1m.<\/p>\n<p><img decoding=\"async\" loading=\"lazy\" class=\"alignnone size-full wp-image-10269\" src=\"https:\/\/blog.fotolab.sk\/wp-content\/uploads\/2020\/04\/cops5_inspiration_makramee_08-bc.jpg\" alt=\"\" width=\"1200\" height=\"804\" \/><\/p>\n<p>Jednotliv\u00e9 fotop\u00e1siky k sebe pripojte \u0161n\u00farkami s kor\u00e1likmi, tak aby boli dva a\u017e tri p\u00e1siky pod sebou.<\/p>\n<p><img decoding=\"async\" loading=\"lazy\" class=\"alignnone size-full wp-image-10270\" src=\"https:\/\/blog.fotolab.sk\/wp-content\/uploads\/2020\/04\/cops5_inspiration_makramee_09-bc.jpg\" alt=\"\" width=\"1200\" height=\"804\" \/><\/p>\n<p>Vrchn\u00fd p\u00e1sik \u0161n\u00farkou privia\u017ete k hal\u00fazke alebo tam, kde bude visie\u0165. Takto umiestnite ved\u013ea seba tri rady p\u00e1sikov.<\/p>\n<h5>A je to hotovo!<\/h5>\n<p><img decoding=\"async\" loading=\"lazy\" class=\"alignnone size-full wp-image-10265\" src=\"https:\/\/blog.fotolab.sk\/wp-content\/uploads\/2020\/04\/cops5_inspiration_makramee_04_mic.jpg\" alt=\"\" width=\"960\" height=\"606\" \/><\/p>\n<p>Tak \u010do? Vysk\u00fa\u0161ate si vytvori\u0165 dekor\u00e1ciu z va\u0161ich fotografi\u00ed aj vy? Ak \u00e1no, uk\u00e1\u017ete n\u00e1m v\u00fdsledok na <a href=\"https:\/\/www.instagram.com\/cewe.sk\/\" target=\"_blank\" rel=\"noopener noreferrer\">Instagrame<\/a> a nezabudnite svoje fotky ozna\u010di\u0165 <strong>#mojecewe<\/strong>. Budeme sa te\u0161i\u0165.<\/p>\n<p><img decoding=\"async\" loading=\"lazy\" class=\"alignnone size-full wp-image-10264\" src=\"https:\/\/blog.fotolab.sk\/wp-content\/uploads\/2020\/04\/cops5_inspiration_makramee_01-bc.jpg\" alt=\"\" width=\"1200\" height=\"804\" \/><\/p>\n<p>&nbsp;<\/p>\n","protected":false},"excerpt":{"rendered":"<p>Teraz je ten spr\u00e1vny \u010das by\u0165 doma kreat\u00edvny. M\u00e1te \u010das aj priestor, a my sme si pre v\u00e1s pripravili zauj\u00edmav\u00fd n\u00e1pad. Vytvorte si zauj\u00edmav\u00fa ozdobu z fotop\u00e1sikov na \u0161t\u00fdl boho s va\u0161imi spomienkami do ob\u00fdva\u010dky alebo do detskej izby. S trochou \u0161ikovnosti to zvl\u00e1dne ka\u017ed\u00fd. \u010co budete potrebova\u0165? dreven\u00e9 kor\u00e1liky (okr\u00fahle alebo hranat\u00e9) \u0161n\u00farka\/\u0161pag\u00e1t no\u017enice [&hellip;]<\/p>\n","protected":false},"author":39,"featured_media":10264,"comment_status":"open","ping_status":"open","sticky":false,"template":"","format":"standard","meta":[],"categories":[51,52],"tags":[107,77,111,99,101],"yoast_head":"<!-- This site is optimized with the Yoast SEO plugin v19.1 - https:\/\/yoast.com\/wordpress\/plugins\/seo\/ -->\n<title>DIY Kreat\u00edvna v\u00fdzdoba z fotop\u00e1sikov - CEWE Fotolab blog<\/title>\n<meta name=\"robots\" content=\"index, follow, max-snippet:-1, max-image-preview:large, max-video-preview:-1\" \/>\n<link rel=\"canonical\" href=\"https:\/\/www.fotolab.sk\/blog\/diy-kreativna-vyzdoba-z-fotopasikov\/\" \/>\n<meta property=\"og:locale\" content=\"sk_SK\" \/>\n<meta property=\"og:type\" content=\"article\" \/>\n<meta property=\"og:title\" content=\"DIY Kreat\u00edvna v\u00fdzdoba z fotop\u00e1sikov - CEWE Fotolab blog\" \/>\n<meta property=\"og:description\" content=\"Teraz je ten spr\u00e1vny \u010das by\u0165 doma kreat\u00edvny. M\u00e1te \u010das aj priestor, a my sme si pre v\u00e1s pripravili zauj\u00edmav\u00fd n\u00e1pad. Vytvorte si zauj\u00edmav\u00fa ozdobu z fotop\u00e1sikov na \u0161t\u00fdl boho s va\u0161imi spomienkami do ob\u00fdva\u010dky alebo do detskej izby. S trochou \u0161ikovnosti to zvl\u00e1dne ka\u017ed\u00fd. \u010co budete potrebova\u0165? dreven\u00e9 kor\u00e1liky (okr\u00fahle alebo hranat\u00e9) \u0161n\u00farka\/\u0161pag\u00e1t no\u017enice [&hellip;]\" \/>\n<meta property=\"og:url\" content=\"https:\/\/www.fotolab.sk\/blog\/diy-kreativna-vyzdoba-z-fotopasikov\/\" \/>\n<meta property=\"og:site_name\" content=\"CEWE Fotolab blog\" \/>\n<meta property=\"article:published_time\" content=\"2020-04-30T07:35:55+00:00\" \/>\n<meta property=\"article:modified_time\" content=\"2020-04-30T08:20:11+00:00\" \/>\n<meta property=\"og:image\" content=\"https:\/\/blog.fotolab.sk\/wp-content\/uploads\/2020\/04\/cops5_inspiration_makramee_01-bc.jpg\" \/>\n\t<meta property=\"og:image:width\" content=\"1200\" \/>\n\t<meta property=\"og:image:height\" content=\"804\" \/>\n\t<meta property=\"og:image:type\" content=\"image\/jpeg\" \/>\n<meta name=\"twitter:label1\" content=\"Autor:\" \/>\n\t<meta name=\"twitter:data1\" content=\"Daniela Ru\u017eovi\u010dov\u00e1\" \/>\n\t<meta name=\"twitter:label2\" content=\"Predpokladan\u00fd \u010das \u010d\u00edtania\" \/>\n\t<meta name=\"twitter:data2\" content=\"1 min\u00fata\" \/>\n<script type=\"application\/ld+json\" class=\"yoast-schema-graph\">{\"@context\":\"https:\/\/schema.org\",\"@graph\":[{\"@type\":\"WebSite\",\"@id\":\"https:\/\/www.fotolab.sk\/blog\/#website\",\"url\":\"https:\/\/www.fotolab.sk\/blog\/\",\"name\":\"CEWE Fotolab blog\",\"description\":\"Blog ur\u010den\u00fd pre fan\u00fa\u0161ikov fotografie a sveta okolo nej.\",\"potentialAction\":[{\"@type\":\"SearchAction\",\"target\":{\"@type\":\"EntryPoint\",\"urlTemplate\":\"https:\/\/www.fotolab.sk\/blog\/?s={search_term_string}\"},\"query-input\":\"required name=search_term_string\"}],\"inLanguage\":\"sk-SK\"},{\"@type\":\"ImageObject\",\"inLanguage\":\"sk-SK\",\"@id\":\"https:\/\/www.fotolab.sk\/blog\/diy-kreativna-vyzdoba-z-fotopasikov\/#primaryimage\",\"url\":\"https:\/\/blog.fotolab.sk\/wp-content\/uploads\/2020\/04\/cops5_inspiration_makramee_01-bc.jpg\",\"contentUrl\":\"https:\/\/blog.fotolab.sk\/wp-content\/uploads\/2020\/04\/cops5_inspiration_makramee_01-bc.jpg\",\"width\":1200,\"height\":804},{\"@type\":\"WebPage\",\"@id\":\"https:\/\/www.fotolab.sk\/blog\/diy-kreativna-vyzdoba-z-fotopasikov\/#webpage\",\"url\":\"https:\/\/www.fotolab.sk\/blog\/diy-kreativna-vyzdoba-z-fotopasikov\/\",\"name\":\"DIY Kreat\u00edvna v\u00fdzdoba z fotop\u00e1sikov - CEWE Fotolab blog\",\"isPartOf\":{\"@id\":\"https:\/\/www.fotolab.sk\/blog\/#website\"},\"primaryImageOfPage\":{\"@id\":\"https:\/\/www.fotolab.sk\/blog\/diy-kreativna-vyzdoba-z-fotopasikov\/#primaryimage\"},\"datePublished\":\"2020-04-30T07:35:55+00:00\",\"dateModified\":\"2020-04-30T08:20:11+00:00\",\"author\":{\"@id\":\"https:\/\/www.fotolab.sk\/blog\/#\/schema\/person\/77d6dacf2a79ac8f60da8e2a80f2030b\"},\"breadcrumb\":{\"@id\":\"https:\/\/www.fotolab.sk\/blog\/diy-kreativna-vyzdoba-z-fotopasikov\/#breadcrumb\"},\"inLanguage\":\"sk-SK\",\"potentialAction\":[{\"@type\":\"ReadAction\",\"target\":[\"https:\/\/www.fotolab.sk\/blog\/diy-kreativna-vyzdoba-z-fotopasikov\/\"]}]},{\"@type\":\"BreadcrumbList\",\"@id\":\"https:\/\/www.fotolab.sk\/blog\/diy-kreativna-vyzdoba-z-fotopasikov\/#breadcrumb\",\"itemListElement\":[{\"@type\":\"ListItem\",\"position\":1,\"name\":\"Home\",\"item\":\"https:\/\/www.fotolab.sk\/blog\/\"},{\"@type\":\"ListItem\",\"position\":2,\"name\":\"DIY Kreat\u00edvna v\u00fdzdoba z fotop\u00e1sikov\"}]},{\"@type\":\"Person\",\"@id\":\"https:\/\/www.fotolab.sk\/blog\/#\/schema\/person\/77d6dacf2a79ac8f60da8e2a80f2030b\",\"name\":\"Daniela Ru\u017eovi\u010dov\u00e1\",\"image\":{\"@type\":\"ImageObject\",\"inLanguage\":\"sk-SK\",\"@id\":\"https:\/\/www.fotolab.sk\/blog\/#\/schema\/person\/image\/\",\"url\":\"https:\/\/secure.gravatar.com\/avatar\/647297b7198748e4a44171e3ddb8f81e?s=96&d=mm&r=g\",\"contentUrl\":\"https:\/\/secure.gravatar.com\/avatar\/647297b7198748e4a44171e3ddb8f81e?s=96&d=mm&r=g\",\"caption\":\"Daniela Ru\u017eovi\u010dov\u00e1\"},\"description\":\"M\u00e1m rada zimu, cestovanie a seversk\u00e9 krajiny. \u017divot v Bratislave striedam s v\u00fdletmi do pr\u00edrody a do h\u00f4r, s fotoapar\u00e1tom v ruke.\",\"url\":\"https:\/\/www.fotolab.sk\/blog\/author\/daniela\/\"}]}<\/script>\n<!-- \/ Yoast SEO plugin. -->","yoast_head_json":{"title":"DIY Kreat\u00edvna v\u00fdzdoba z fotop\u00e1sikov - CEWE Fotolab blog","robots":{"index":"index","follow":"follow","max-snippet":"max-snippet:-1","max-image-preview":"max-image-preview:large","max-video-preview":"max-video-preview:-1"},"canonical":"https:\/\/www.fotolab.sk\/blog\/diy-kreativna-vyzdoba-z-fotopasikov\/","og_locale":"sk_SK","og_type":"article","og_title":"DIY Kreat\u00edvna v\u00fdzdoba z fotop\u00e1sikov - CEWE Fotolab blog","og_description":"Teraz je ten spr\u00e1vny \u010das by\u0165 doma kreat\u00edvny. M\u00e1te \u010das aj priestor, a my sme si pre v\u00e1s pripravili zauj\u00edmav\u00fd n\u00e1pad. Vytvorte si zauj\u00edmav\u00fa ozdobu z fotop\u00e1sikov na \u0161t\u00fdl boho s va\u0161imi spomienkami do ob\u00fdva\u010dky alebo do detskej izby. S trochou \u0161ikovnosti to zvl\u00e1dne ka\u017ed\u00fd. \u010co budete potrebova\u0165? dreven\u00e9 kor\u00e1liky (okr\u00fahle alebo hranat\u00e9) \u0161n\u00farka\/\u0161pag\u00e1t no\u017enice [&hellip;]","og_url":"https:\/\/www.fotolab.sk\/blog\/diy-kreativna-vyzdoba-z-fotopasikov\/","og_site_name":"CEWE Fotolab blog","article_published_time":"2020-04-30T07:35:55+00:00","article_modified_time":"2020-04-30T08:20:11+00:00","og_image":[{"width":1200,"height":804,"url":"https:\/\/blog.fotolab.sk\/wp-content\/uploads\/2020\/04\/cops5_inspiration_makramee_01-bc.jpg","type":"image\/jpeg"}],"twitter_misc":{"Autor:":"Daniela Ru\u017eovi\u010dov\u00e1","Predpokladan\u00fd \u010das \u010d\u00edtania":"1 min\u00fata"},"schema":{"@context":"https:\/\/schema.org","@graph":[{"@type":"WebSite","@id":"https:\/\/www.fotolab.sk\/blog\/#website","url":"https:\/\/www.fotolab.sk\/blog\/","name":"CEWE Fotolab blog","description":"Blog ur\u010den\u00fd pre fan\u00fa\u0161ikov fotografie a sveta okolo nej.","potentialAction":[{"@type":"SearchAction","target":{"@type":"EntryPoint","urlTemplate":"https:\/\/www.fotolab.sk\/blog\/?s={search_term_string}"},"query-input":"required name=search_term_string"}],"inLanguage":"sk-SK"},{"@type":"ImageObject","inLanguage":"sk-SK","@id":"https:\/\/www.fotolab.sk\/blog\/diy-kreativna-vyzdoba-z-fotopasikov\/#primaryimage","url":"https:\/\/blog.fotolab.sk\/wp-content\/uploads\/2020\/04\/cops5_inspiration_makramee_01-bc.jpg","contentUrl":"https:\/\/blog.fotolab.sk\/wp-content\/uploads\/2020\/04\/cops5_inspiration_makramee_01-bc.jpg","width":1200,"height":804},{"@type":"WebPage","@id":"https:\/\/www.fotolab.sk\/blog\/diy-kreativna-vyzdoba-z-fotopasikov\/#webpage","url":"https:\/\/www.fotolab.sk\/blog\/diy-kreativna-vyzdoba-z-fotopasikov\/","name":"DIY Kreat\u00edvna v\u00fdzdoba z fotop\u00e1sikov - CEWE Fotolab blog","isPartOf":{"@id":"https:\/\/www.fotolab.sk\/blog\/#website"},"primaryImageOfPage":{"@id":"https:\/\/www.fotolab.sk\/blog\/diy-kreativna-vyzdoba-z-fotopasikov\/#primaryimage"},"datePublished":"2020-04-30T07:35:55+00:00","dateModified":"2020-04-30T08:20:11+00:00","author":{"@id":"https:\/\/www.fotolab.sk\/blog\/#\/schema\/person\/77d6dacf2a79ac8f60da8e2a80f2030b"},"breadcrumb":{"@id":"https:\/\/www.fotolab.sk\/blog\/diy-kreativna-vyzdoba-z-fotopasikov\/#breadcrumb"},"inLanguage":"sk-SK","potentialAction":[{"@type":"ReadAction","target":["https:\/\/www.fotolab.sk\/blog\/diy-kreativna-vyzdoba-z-fotopasikov\/"]}]},{"@type":"BreadcrumbList","@id":"https:\/\/www.fotolab.sk\/blog\/diy-kreativna-vyzdoba-z-fotopasikov\/#breadcrumb","itemListElement":[{"@type":"ListItem","position":1,"name":"Home","item":"https:\/\/www.fotolab.sk\/blog\/"},{"@type":"ListItem","position":2,"name":"DIY Kreat\u00edvna v\u00fdzdoba z fotop\u00e1sikov"}]},{"@type":"Person","@id":"https:\/\/www.fotolab.sk\/blog\/#\/schema\/person\/77d6dacf2a79ac8f60da8e2a80f2030b","name":"Daniela Ru\u017eovi\u010dov\u00e1","image":{"@type":"ImageObject","inLanguage":"sk-SK","@id":"https:\/\/www.fotolab.sk\/blog\/#\/schema\/person\/image\/","url":"https:\/\/secure.gravatar.com\/avatar\/647297b7198748e4a44171e3ddb8f81e?s=96&d=mm&r=g","contentUrl":"https:\/\/secure.gravatar.com\/avatar\/647297b7198748e4a44171e3ddb8f81e?s=96&d=mm&r=g","caption":"Daniela Ru\u017eovi\u010dov\u00e1"},"description":"M\u00e1m rada zimu, cestovanie a seversk\u00e9 krajiny. \u017divot v Bratislave striedam s v\u00fdletmi do pr\u00edrody a do h\u00f4r, s fotoapar\u00e1tom v ruke.","url":"https:\/\/www.fotolab.sk\/blog\/author\/daniela\/"}]}},"_links":{"self":[{"href":"https:\/\/www.fotolab.sk\/blog\/wp-json\/wp\/v2\/posts\/10262"}],"collection":[{"href":"https:\/\/www.fotolab.sk\/blog\/wp-json\/wp\/v2\/posts"}],"about":[{"href":"https:\/\/www.fotolab.sk\/blog\/wp-json\/wp\/v2\/types\/post"}],"author":[{"embeddable":true,"href":"https:\/\/www.fotolab.sk\/blog\/wp-json\/wp\/v2\/users\/39"}],"replies":[{"embeddable":true,"href":"https:\/\/www.fotolab.sk\/blog\/wp-json\/wp\/v2\/comments?post=10262"}],"version-history":[{"count":6,"href":"https:\/\/www.fotolab.sk\/blog\/wp-json\/wp\/v2\/posts\/10262\/revisions"}],"predecessor-version":[{"id":10318,"href":"https:\/\/www.fotolab.sk\/blog\/wp-json\/wp\/v2\/posts\/10262\/revisions\/10318"}],"wp:featuredmedia":[{"embeddable":true,"href":"https:\/\/www.fotolab.sk\/blog\/wp-json\/wp\/v2\/media\/10264"}],"wp:attachment":[{"href":"https:\/\/www.fotolab.sk\/blog\/wp-json\/wp\/v2\/media?parent=10262"}],"wp:term":[{"taxonomy":"category","embeddable":true,"href":"https:\/\/www.fotolab.sk\/blog\/wp-json\/wp\/v2\/categories?post=10262"},{"taxonomy":"post_tag","embeddable":true,"href":"https:\/\/www.fotolab.sk\/blog\/wp-json\/wp\/v2\/tags?post=10262"}],"curies":[{"name":"wp","href":"https:\/\/api.w.org\/{rel}","templated":true}]}}