
{"id":10204,"date":"2020-04-16T08:45:27","date_gmt":"2020-04-16T06:45:27","guid":{"rendered":"https:\/\/www.fotolab.sk\/blog\/?p=10204"},"modified":"2020-05-04T12:42:55","modified_gmt":"2020-05-04T10:42:55","slug":"cewe-magazin-interview-s-fotografom-matejom-kmetom","status":"publish","type":"post","link":"https:\/\/www.fotolab.sk\/blog\/cewe-magazin-interview-s-fotografom-matejom-kmetom\/","title":{"rendered":"CEWE Magaz\u00edn: Interview s fotografom Matejom Kme\u0165om"},"content":{"rendered":"<h5>V najnov\u0161om \u010d\u00edsle CEWE Magaz\u00ednu n\u00e1jdete rozhovor s jedn\u00fdm z najlep\u0161\u00edch svadobn\u00fdch fotografov na Slovensku &#8211; <a href=\"http:\/\/matejkmet.com\/\" target=\"_blank\" rel=\"noopener noreferrer\">Matejom Kme\u0165om<\/a>. A prin\u00e1\u0161ame v\u00e1m ho aj na na\u0161om blogu.<\/h5>\n<p><img decoding=\"async\" loading=\"lazy\" class=\"alignnone size-full wp-image-10215\" src=\"https:\/\/blog.fotolab.sk\/wp-content\/uploads\/2020\/04\/tuto-chcem-vedla-na-celu-ako-titulnu.jpg\" alt=\"\" width=\"800\" height=\"534\" \/><\/p>\n<h5>Ako si sa dostal k fotografii?<\/h5>\n<p>Fotenie ma v\u017edy pri\u0165ahovalo a mal som k nemu vz\u0165ah aj v\u010faka otcovi, ktor\u00fd bol v mladosti zanieten\u00fd amat\u00e9rsky fotograf. Pam\u00e4t\u00e1m si, ako som mu pom\u00e1hal v tmavej komore, kde ma to \u00faplne fascinovalo. V priebehu \u0161tudentsk\u00fdch \u010dias u\u017e som fo\u0165\u00e1k so sebou \u0165ahal skoro v\u0161ade a ke\u010f sa objavila digit\u00e1lna fotografia, ktor\u00e1 mi umo\u017enila viac experimentova\u0165 a publikova\u0165 online, \u00faplne ma to vtiahlo.<\/p>\n<p>\u0160tudoval som pozemn\u00e9 stavby a architekt\u00faru na STU a nikdy by ma nenapadlo, \u017ee sa budem foten\u00edm aj \u017eivi\u0165. Ke\u010f som mal 25, za\u017eil som burn-out a skon\u010dil som od psychick\u00e9ho a fyzick\u00e9ho vy\u010derpania v\u00a0nemocnici. Pr\u00e1ve vtedy som si uvedomil, \u017ee je na \u010dase venova\u0165 sa tomu, \u010do ma najviac bav\u00ed. Za\u010dal som \u00faplne od nuly a bolo to \u0165a\u017ek\u00e9 obdobie, no teraz som za to v\u010fa\u010dn\u00fd.<\/p>\n<p><img decoding=\"async\" loading=\"lazy\" class=\"alignnone size-full wp-image-10217\" src=\"https:\/\/blog.fotolab.sk\/wp-content\/uploads\/2020\/04\/tuto.jpg\" alt=\"\" width=\"800\" height=\"533\" \/><\/p>\n<h5>Pre\u010do pr\u00e1ve fotenie svadieb?<\/h5>\n<p>Ke\u010f som pred desiatimi rokmi za\u010d\u00ednal, fotenie svadieb bolo medzi fotografmi pova\u017eovan\u00e9 za nie\u010do podradnej\u0161ie a bral som to sk\u00f4r ako tak\u00fa bokovku. Na chu\u0165 som svadb\u00e1m pri\u0161iel a\u017e o p\u00e1r rokov nesk\u00f4r. Uvedomil som si, \u017ee fotenie svadieb m\u00f4\u017eem po\u0148a\u0165 aj kreat\u00edvnej\u0161ie a s v\u00e4\u010d\u0161ou mierou vo\u013enosti. Pr\u00e1ve vtedy sa mi aj za\u010dalo viac dari\u0165 a za\u010dal som si u\u017e\u00edva\u0165 tu r\u00f4znorodos\u0165, adrenal\u00edn a re\u00e1lne em\u00f3cie, ktor\u00e9 na svadb\u00e1ch s\u00fa.<\/p>\n<p><img decoding=\"async\" loading=\"lazy\" class=\"alignnone size-full wp-image-10221\" src=\"https:\/\/blog.fotolab.sk\/wp-content\/uploads\/2020\/04\/MKcewe2.jpg\" alt=\"\" width=\"800\" height=\"533\" \/><\/p>\n<p>Aj ke\u010f moment\u00e1lne som zn\u00e1my najm\u00e4 foten\u00edm svadieb, rovnako r\u00e1d a s podobn\u00fdm pr\u00edstupom fot\u00edm aj lifestyle a komer\u010dn\u00fa fotku, pr\u00edpadne street vo vo\u013enom \u010dase.<\/p>\n<h5>Patr\u00ed\u0161 medzi najlep\u0161\u00edch svadobn\u00fdch fotografov na Slovensku. Paradoxne, v\u00e4\u010d\u0161inu svadieb fot\u00ed\u0161 pre zahrani\u010dn\u00fdch klientov, ako si sa k tomu v\u00f4bec dostal?<\/h5>\n<p>Cestovanie ma v\u017edy bavilo, no nikdy som ne\u0161iel za foten\u00edm v zahrani\u010d\u00ed cielene.<\/p>\n<p>Stalo sa to ve\u013emi postupne a prirodzene. Ke\u010f som so svadobnou fotkou za\u010d\u00ednal, nebolo tu ve\u013ea fotografov, ktor\u00ed by ku svadb\u00e1m pristupovali uvo\u013enenej\u0161ie a origin\u00e1lnej\u0161ie. Asi aj preto si ma \u010doraz \u010dastej\u0161ie za\u010dali vybera\u0165 zmie\u0161an\u00e9 p\u00e1ry, pr\u00edpadne Slov\u00e1ci \u017eij\u00faci v zahrani\u010d\u00ed, ktor\u00ed na svoju svadbu h\u013eadali slovensk\u00fdch dod\u00e1vate\u013eov.<\/p>\n<p><img decoding=\"async\" loading=\"lazy\" class=\"alignnone size-full wp-image-10224\" src=\"https:\/\/blog.fotolab.sk\/wp-content\/uploads\/2020\/04\/MKcewe11.jpg\" alt=\"\" width=\"800\" height=\"533\" \/><\/p>\n<p>Okolo roku 2012 som sa dostal na moju prv\u00fa zahrani\u010dn\u00fa svadbu, o rok na to to boli u\u017e 2, \u010fal\u0161\u00ed rok 4 at\u010f.\u00a0 Tak som sa postupne dopracoval do s\u00fa\u010dasn\u00e9ho stavu, kedy fot\u00edm mimo Slovenska 75% svadieb. Aj ke\u010f sa sna\u017e\u00edm ve\u013ea \u00fasilia d\u00e1va\u0165 do marketingu a soci\u00e1lnych siet\u00ed, m\u00e1m pocit, \u017ee v\u00e4\u010d\u0161ina klientov sa mi oz\u00fdva na z\u00e1klade osobn\u00fdch referenci\u00ed.<\/p>\n<h5>Na akom najzauj\u00edmavej\u0161om mieste si mal mo\u017enos\u0165 foti\u0165?<\/h5>\n<p>V\u010faka foteniu svadieb som videl napr. Havaj, Island, Braz\u00edliu a ve\u013ek\u00fa \u010das\u0165 Eur\u00f3py. Mojou srdcovkou je v\u0161ak Libanon, kam som sa dostal n\u00e1hodou pred piatimi rokmi a odvtedy som sa tam kv\u00f4li foteniu vr\u00e1til u\u017e ve\u013eakr\u00e1t.<\/p>\n<p><img decoding=\"async\" loading=\"lazy\" class=\"alignnone size-full wp-image-10210\" src=\"https:\/\/blog.fotolab.sk\/wp-content\/uploads\/2020\/04\/MKcewe13.jpg\" alt=\"\" width=\"800\" height=\"534\" \/><\/p>\n<h5>V \u010dom s\u00fa rozdiely pri svadobnom foten\u00ed v zahrani\u010d\u00ed a na Slovensku?<\/h5>\n<p>M\u00e1m pocit, \u017ee v zahrani\u010d\u00ed vedia \u013eudia viac oceni\u0165 dobr\u00fa report\u00e1\u017e. \u010casto fot\u00edm na kr\u00e1snych exteri\u00e9rov\u00fdch lok\u00e1ci\u00e1ch s v\u00fdh\u013eadmi na krajinu, no klientom ide hlavne o \u010do najvernej\u0161ie zdokumentovanie momentov s rodinou a\u00a0priate\u013emi. Ofici\u00e1lne portr\u00e9ty a p\u00f3zovanie pre nich nie je a\u017e tak\u00e9 d\u00f4le\u017eit\u00e9, \u010do mi ve\u013emi vyhovuje a d\u00e1va v pr\u00e1ci ve\u013ea vo\u013enosti. Niekedy mus\u00edm klientov dokonca prehov\u00e1ra\u0165, aby si na portr\u00e9ty vyhradili aspo\u0148 15 min\u00fat.<\/p>\n<p><img decoding=\"async\" loading=\"lazy\" class=\"alignnone size-full wp-image-10218\" src=\"https:\/\/blog.fotolab.sk\/wp-content\/uploads\/2020\/04\/tuto3.jpg\" alt=\"\" width=\"800\" height=\"533\" \/><\/p>\n<p>U n\u00e1s s\u00fa pre mladoman\u017eelov \u010dasto d\u00f4le\u017eitej\u0161ie \u010do najkraj\u0161ie ofici\u00e1lne fotky a autentickos\u0165 ide bokom. S\u00fa ochotn\u00ed pekn\u00fdm portr\u00e9tom na kr\u00e1snom mieste prisp\u00f4sobi\u0165 harmonogram d\u0148a a venova\u0165 tomu aj nieko\u013eko hod\u00edn. Pritom si neuvedomuj\u00fa, \u017ee sa tak ukracuj\u00fa o pohodu a \u010das s kamar\u00e1tmi a\u00a0rodinou a \u017ee niekedy m\u00f4\u017eu by\u0165 dokument\u00e1rne fotky a momentky s\u00a0odstupom \u010dasu ove\u013ea hodnotnej\u0161ie.<\/p>\n<p><img decoding=\"async\" loading=\"lazy\" class=\"alignnone size-full wp-image-10213\" src=\"https:\/\/blog.fotolab.sk\/wp-content\/uploads\/2020\/04\/tuto-4.jpg\" alt=\"\" width=\"800\" height=\"534\" \/><\/p>\n<p>Ka\u017edoro\u010dne sa to v\u0161ak men\u00ed k lep\u0161iemu a ka\u017ed\u00fa sez\u00f3nu ma nejeden slovensk\u00fd p\u00e1r prekvap\u00ed svojou originalitou a odviazanos\u0165ou.<\/p>\n<p>\u010co sa t\u00fdka samotn\u00fdch svadieb &#8211; mysl\u00edm, \u017ee celkovo pr\u00edstup k svadb\u00e1m je v zahrani\u010d\u00ed uvo\u013enenej\u0161\u00ed a osobnej\u0161\u00ed. Na Slovensku s\u00fa \u010dasto svadby kompromisom medzi trad\u00edciami, o\u010dak\u00e1vaniami zo strany okolia\/rodi\u010dov a\u00a0t\u00fdm, \u010do chce svadobn\u00fd p\u00e1r. Obrady s\u00fa \u010dasto ve\u013emi neosobn\u00e9 a pr\u00edli\u0161 form\u00e1lne a program b\u00fdva tak nabit\u00fd zvykmi, \u017ee niekedy neostane ve\u013ea \u010dasu, aby si mladoman\u017eelia u\u017eili aj pr\u00edtomnos\u0165 host\u00ed a\u00a0kamar\u00e1tov. \u010casto je to ako pod\u013ea \u0161abl\u00f3ny.<\/p>\n<p><img decoding=\"async\" loading=\"lazy\" class=\"alignnone size-full wp-image-10223\" src=\"https:\/\/blog.fotolab.sk\/wp-content\/uploads\/2020\/04\/MKcewe9.jpg\" alt=\"\" width=\"800\" height=\"533\" \/><\/p>\n<p>Na zahrani\u010dn\u00fdch svadb\u00e1ch \u010dasto vid\u00edm ve\u013emi osobn\u00e9 obrady, kde si mladoman\u017eelia \u010d\u00edtaj\u00fa emot\u00edvne s\u013euby, \u013eudia sa smej\u00fa, pla\u010d\u00fa dojat\u00edm a ve\u013ea sa rozpr\u00e1vaj\u00fa. V podobnom duchu sa nes\u00fa aj pr\u00edhovory kamar\u00e1tov\/rodi\u010dov a s\u00farodencov a n\u00e1sledn\u00e1 z\u00e1bava b\u00fdva sk\u00f4r vo\u013enej\u0161ia &#8211; \u010do mi pri foten\u00ed report\u00e1\u017ee vyhovuje. Je tam priestor, aby sa \u013eudia prejavili a aby bola ka\u017ed\u00e1 svadba nie\u010d\u00edm v\u00fdnimo\u010dn\u00e1.<\/p>\n<p><img decoding=\"async\" loading=\"lazy\" class=\"alignnone size-full wp-image-10222\" src=\"https:\/\/blog.fotolab.sk\/wp-content\/uploads\/2020\/04\/MKcewe5.jpg\" alt=\"\" width=\"800\" height=\"533\" \/><\/p>\n<h5>\u010co sa nach\u00e1dza v tvojej fotov\u00fdbave?<\/h5>\n<p>Moment\u00e1lne pou\u017e\u00edvam Nikon D750 a Nikon Z6 v kombin\u00e1cii s pevn\u00fdmi sveteln\u00fdmi objekt\u00edvmi. Pre kreat\u00edvnej\u0161ie z\u00e1bery pou\u017e\u00edvam 45mm tilt-shift objekt\u00edv a v\u00a0situ\u00e1ci\u00e1ch, ke\u010f chcem by\u0165 na svadb\u00e1ch nen\u00e1padn\u00fd m\u00e1m v\u017edy po ruke Leicu Q. T\u00e1 je z\u00e1rove\u0148 m\u00f4j hlavn\u00fd fo\u0165\u00e1k na street fotku a cestovanie.<\/p>\n<p><img decoding=\"async\" loading=\"lazy\" class=\"alignnone size-full wp-image-10220\" src=\"https:\/\/blog.fotolab.sk\/wp-content\/uploads\/2020\/04\/mensia-moze-byt.jpg\" alt=\"\" width=\"800\" height=\"533\" \/><\/p>\n<p>V s\u00fa\u010dasnosti s nad\u0161en\u00edm sledujem zmeny a nov\u00e9 technol\u00f3gie, ktor\u00e9 sa vo fo\u0165\u00e1koch s n\u00e1stupom bezzrkadloviek za\u010dali objavova\u0165. Napr\u00edklad presn\u00fd a r\u00fdchly eye-autofocus, mo\u017enos\u0165 tich\u00e9ho sn\u00edmania a stabiliz\u00e1cia obrazu s\u00fa pre svadobn\u00fdch fotografov ve\u013emi oslobodzuj\u00face funkcie.<\/p>\n<h5>Ako vlastne prebieha cel\u00fd proces?<\/h5>\n<p>V\u00a0prvom kroku ma klienti kontaktuj\u00fa oh\u013eadom dostupnosti a\u00a0ceny za slu\u017eby. Ak v\u0161etko sadne, nasleduje osobn\u00e9 stretnutie alebo skype-hovor, kde sa o sebe (a aj o pl\u00e1novanej svadbe) dozvieme trochu viac. Po \u00fahrade z\u00e1lohy bookujem letenku a\u00a0ubytovanie. N\u00e1sledne sa s klientami vid\u00edme a\u017e 1-2 dni pred svadbou, ke\u010f pricestujem na \u201emiesto \u010dinu\u201c.<\/p>\n<p>Ke\u010f\u017ee v\u00e4\u010d\u0161inou fot\u00edm na \u00faplne nov\u00fdch miestach, sna\u017e\u00edm sa tam by\u0165 v predstihu, aby som sa vyhol komplik\u00e1ci\u00e1m s me\u0161kan\u00edm letov a z\u00e1rove\u0148 mal trochu \u010das obhliadnu\u0165 si ter\u00e9n. To je moja najob\u013e\u00fabenej\u0161ia \u010das\u0165, ke\u010f\u017ee \u010dasto spozn\u00e1vam nov\u00e9 &#8211; a niekedy celkom od\u013eahl\u00e9 &#8211; miesta, kam by som sa za norm\u00e1lnych okolnost\u00ed nedostal.<\/p>\n<p><img decoding=\"async\" loading=\"lazy\" class=\"alignnone size-full wp-image-10219\" src=\"https:\/\/blog.fotolab.sk\/wp-content\/uploads\/2020\/04\/tuto4.jpg\" alt=\"\" width=\"600\" height=\"600\" \/><\/p>\n<p>Svadby fot\u00edm preva\u017ene dokument\u00e1rne &#8211; formou pr\u00edbehu a je pre m\u0148a d\u00f4le\u017eit\u00e9 by\u0165 na svadbe pr\u00edtomn\u00fd cel\u00fd de\u0148. M\u00e1m tak dos\u0165 \u010dasu zachyti\u0165 okolit\u00e9 prostredie, atmosf\u00e9ru a pomaly sa infiltrova\u0165 medzi host\u00ed a rodinu, aby ma po\u010das d\u00f4le\u017eit\u00fdch momentov u\u017e nevn\u00edmali ako cudz\u00ed element.<\/p>\n<p>Je pre m\u0148a d\u00f4le\u017eit\u00e9, aby si \u013eudia svadbu \u010do najviac u\u017eili a to, \u017ee sa treba foti\u0165 a\u017e tak ve\u013emi nevn\u00edmali. Iba tak dok\u00e1\u017eem zachyti\u0165 skuto\u010dn\u00fd pr\u00edbeh cel\u00e9ho d\u0148a. Chcem, aby to bolo o nich a nie o\u00a0mne. Pri takomto pr\u00edstupe s\u00fa svadby menej stereotypn\u00e9 a viac ma bav\u00ed aj pr\u00e1ca na nich.<\/p>\n<p><img decoding=\"async\" loading=\"lazy\" class=\"alignnone size-full wp-image-10216\" src=\"https:\/\/blog.fotolab.sk\/wp-content\/uploads\/2020\/04\/tuto-chcem-velku.jpg\" alt=\"\" width=\"800\" height=\"533\" \/><\/p>\n<p>Samotn\u00e9 fotenie je iba mal\u00e1 \u010das\u0165 mojej pr\u00e1ce. Zvy\u0161n\u00fdch 75% percent v\u0161etk\u00e9ho \u010dasu tr\u00e1vim pri PC, kde nasleduje triedenie, \u00faprava, retu\u0161, dizajn albumov a teraz v zimnom obdob\u00ed blogovanie, marketing a odpisovanie na e-maily.<\/p>\n<h5>Stal sa ti po\u010das svadobn\u00e9ho fotenia nejak\u00fd vtipn\u00fd z\u00e1\u017eitok?<\/h5>\n<p>Na foteniach som u\u017e za\u017eil kade\u010do, od padaj\u00facej torty, bitky medzi hos\u0165ami a\u017e po nevestu, ktor\u00e1 chcela zru\u0161i\u0165 svadbu p\u00e1r hod\u00edn pred obradom. Na\u0161\u0165astie v\u017edy v\u0161etko dobre dopadlo.<\/p>\n<p><img decoding=\"async\" loading=\"lazy\" class=\"alignnone size-full wp-image-10212\" src=\"https:\/\/blog.fotolab.sk\/wp-content\/uploads\/2020\/04\/tuto-3.jpg\" alt=\"\" width=\"800\" height=\"533\" \/><\/p>\n<h5>Ak\u00fd m\u00e1\u0161 vz\u0165ah k tla\u010di fotografi\u00ed?<\/h5>\n<p>Za\u010d\u00ednal som foti\u0165 e\u0161te v \u00e9re anal\u00f3gu a vidie\u0165 v\u00fdsledn\u00e9 fotky na papieri je pre m\u0148a d\u00f4le\u017eit\u00e9. Z\u00e1kazku pova\u017eujem za dokon\u010den\u00fa, a\u017e ke\u010f s\u00fa fotky odovzdan\u00e9 klientom aj vo fyzickej podobe &#8211; bu\u010f formou v\u00fdberu najlep\u0161\u00edch printov alebo kvalitnej fotoknihy. To sa t\u00fdka aj mojej vo\u013enej tvorby, kde ve\u013ea fot\u00edm v mestskom prostred\u00ed. Pr\u00e1ve pri t\u00fdchto fotk\u00e1ch, kde je ve\u013ea kovu a odleskov si viem perfektne predstavi\u0165 tla\u010d fotografi\u00ed na hlin\u00edkov\u00e9 platne.<\/p>\n<p>&nbsp;<\/p>\n<p>Cel\u00e9 <a href=\"https:\/\/www.fotolab.sk\/magazin\/sk\/cewe-1-2020\/index.html#page=1\" target=\"_blank\" rel=\"noopener noreferrer\">\u010d\u00edslo nov\u00e9ho CEWE Magaz\u00ednu<\/a> s kopou zauj\u00edmav\u00fdch \u010dl\u00e1nkov z\u00e1rove\u0148 n\u00e1jdete online na na\u0161ej str\u00e1nke.<\/p>\n","protected":false},"excerpt":{"rendered":"<p>V najnov\u0161om \u010d\u00edsle CEWE Magaz\u00ednu n\u00e1jdete rozhovor s jedn\u00fdm z najlep\u0161\u00edch svadobn\u00fdch fotografov na Slovensku &#8211; Matejom Kme\u0165om. A prin\u00e1\u0161ame v\u00e1m ho aj na na\u0161om blogu. Ako si sa dostal k fotografii? Fotenie ma v\u017edy pri\u0165ahovalo a mal som k nemu vz\u0165ah aj v\u010faka otcovi, ktor\u00fd bol v mladosti zanieten\u00fd amat\u00e9rsky fotograf. Pam\u00e4t\u00e1m si, ako [&hellip;]<\/p>\n","protected":false},"author":41,"featured_media":10209,"comment_status":"open","ping_status":"open","sticky":false,"template":"","format":"standard","meta":[],"categories":[50],"tags":[107,190,96,95],"yoast_head":"<!-- This site is optimized with the Yoast SEO plugin v19.1 - https:\/\/yoast.com\/wordpress\/plugins\/seo\/ -->\n<title>CEWE Magaz\u00edn: Interview s fotografom Matejom Kme\u0165om - CEWE Fotolab blog<\/title>\n<meta name=\"description\" content=\"Rozhovor s Matejom Kme\u0165om, jedn\u00fdm z najlep\u0161\u00edch svadobn\u00fdch fotografov na Slovensku.\" \/>\n<meta name=\"robots\" content=\"index, follow, max-snippet:-1, max-image-preview:large, max-video-preview:-1\" \/>\n<link rel=\"canonical\" href=\"https:\/\/www.fotolab.sk\/blog\/cewe-magazin-interview-s-fotografom-matejom-kmetom\/\" \/>\n<meta property=\"og:locale\" content=\"sk_SK\" \/>\n<meta property=\"og:type\" content=\"article\" \/>\n<meta property=\"og:title\" content=\"CEWE Magaz\u00edn: Interview s fotografom Matejom Kme\u0165om - CEWE Fotolab blog\" \/>\n<meta property=\"og:description\" content=\"Rozhovor s Matejom Kme\u0165om, jedn\u00fdm z najlep\u0161\u00edch svadobn\u00fdch fotografov na Slovensku.\" \/>\n<meta property=\"og:url\" content=\"https:\/\/www.fotolab.sk\/blog\/cewe-magazin-interview-s-fotografom-matejom-kmetom\/\" \/>\n<meta property=\"og:site_name\" content=\"CEWE Fotolab blog\" \/>\n<meta property=\"article:published_time\" content=\"2020-04-16T06:45:27+00:00\" \/>\n<meta property=\"article:modified_time\" content=\"2020-05-04T10:42:55+00:00\" \/>\n<meta property=\"og:image\" content=\"https:\/\/blog.fotolab.sk\/wp-content\/uploads\/2020\/04\/Matej-Kmet-title.jpg\" \/>\n\t<meta property=\"og:image:width\" content=\"1841\" \/>\n\t<meta property=\"og:image:height\" content=\"802\" \/>\n\t<meta property=\"og:image:type\" content=\"image\/jpeg\" \/>\n<meta name=\"twitter:label1\" content=\"Autor:\" \/>\n\t<meta name=\"twitter:data1\" content=\"Redakcia CEWE\" \/>\n\t<meta name=\"twitter:label2\" content=\"Predpokladan\u00fd \u010das \u010d\u00edtania\" \/>\n\t<meta name=\"twitter:data2\" content=\"8 min\u00fat\" \/>\n<script type=\"application\/ld+json\" class=\"yoast-schema-graph\">{\"@context\":\"https:\/\/schema.org\",\"@graph\":[{\"@type\":\"WebSite\",\"@id\":\"https:\/\/www.fotolab.sk\/blog\/#website\",\"url\":\"https:\/\/www.fotolab.sk\/blog\/\",\"name\":\"CEWE Fotolab blog\",\"description\":\"Blog ur\u010den\u00fd pre fan\u00fa\u0161ikov fotografie a sveta okolo nej.\",\"potentialAction\":[{\"@type\":\"SearchAction\",\"target\":{\"@type\":\"EntryPoint\",\"urlTemplate\":\"https:\/\/www.fotolab.sk\/blog\/?s={search_term_string}\"},\"query-input\":\"required name=search_term_string\"}],\"inLanguage\":\"sk-SK\"},{\"@type\":\"ImageObject\",\"inLanguage\":\"sk-SK\",\"@id\":\"https:\/\/www.fotolab.sk\/blog\/cewe-magazin-interview-s-fotografom-matejom-kmetom\/#primaryimage\",\"url\":\"https:\/\/blog.fotolab.sk\/wp-content\/uploads\/2020\/04\/Matej-Kmet-title.jpg\",\"contentUrl\":\"https:\/\/blog.fotolab.sk\/wp-content\/uploads\/2020\/04\/Matej-Kmet-title.jpg\",\"width\":1841,\"height\":802},{\"@type\":\"WebPage\",\"@id\":\"https:\/\/www.fotolab.sk\/blog\/cewe-magazin-interview-s-fotografom-matejom-kmetom\/#webpage\",\"url\":\"https:\/\/www.fotolab.sk\/blog\/cewe-magazin-interview-s-fotografom-matejom-kmetom\/\",\"name\":\"CEWE Magaz\u00edn: Interview s fotografom Matejom Kme\u0165om - CEWE Fotolab blog\",\"isPartOf\":{\"@id\":\"https:\/\/www.fotolab.sk\/blog\/#website\"},\"primaryImageOfPage\":{\"@id\":\"https:\/\/www.fotolab.sk\/blog\/cewe-magazin-interview-s-fotografom-matejom-kmetom\/#primaryimage\"},\"datePublished\":\"2020-04-16T06:45:27+00:00\",\"dateModified\":\"2020-05-04T10:42:55+00:00\",\"author\":{\"@id\":\"https:\/\/www.fotolab.sk\/blog\/#\/schema\/person\/7857aea021b4560af0d06d2abe97110b\"},\"description\":\"Rozhovor s Matejom Kme\u0165om, jedn\u00fdm z najlep\u0161\u00edch svadobn\u00fdch fotografov na Slovensku.\",\"breadcrumb\":{\"@id\":\"https:\/\/www.fotolab.sk\/blog\/cewe-magazin-interview-s-fotografom-matejom-kmetom\/#breadcrumb\"},\"inLanguage\":\"sk-SK\",\"potentialAction\":[{\"@type\":\"ReadAction\",\"target\":[\"https:\/\/www.fotolab.sk\/blog\/cewe-magazin-interview-s-fotografom-matejom-kmetom\/\"]}]},{\"@type\":\"BreadcrumbList\",\"@id\":\"https:\/\/www.fotolab.sk\/blog\/cewe-magazin-interview-s-fotografom-matejom-kmetom\/#breadcrumb\",\"itemListElement\":[{\"@type\":\"ListItem\",\"position\":1,\"name\":\"Home\",\"item\":\"https:\/\/www.fotolab.sk\/blog\/\"},{\"@type\":\"ListItem\",\"position\":2,\"name\":\"CEWE Magaz\u00edn: Interview s fotografom Matejom Kme\u0165om\"}]},{\"@type\":\"Person\",\"@id\":\"https:\/\/www.fotolab.sk\/blog\/#\/schema\/person\/7857aea021b4560af0d06d2abe97110b\",\"name\":\"Redakcia CEWE\",\"image\":{\"@type\":\"ImageObject\",\"inLanguage\":\"sk-SK\",\"@id\":\"https:\/\/www.fotolab.sk\/blog\/#\/schema\/person\/image\/\",\"url\":\"https:\/\/secure.gravatar.com\/avatar\/e27c65ada54cc066e94388632d402763?s=96&d=mm&r=g\",\"contentUrl\":\"https:\/\/secure.gravatar.com\/avatar\/e27c65ada54cc066e94388632d402763?s=96&d=mm&r=g\",\"caption\":\"Redakcia CEWE\"},\"sameAs\":[\"https:\/\/www.instagram.com\/cewe.sk\/\"],\"url\":\"https:\/\/www.fotolab.sk\/blog\/author\/cewe-redakcia\/\"}]}<\/script>\n<!-- \/ Yoast SEO plugin. -->","yoast_head_json":{"title":"CEWE Magaz\u00edn: Interview s fotografom Matejom Kme\u0165om - CEWE Fotolab blog","description":"Rozhovor s Matejom Kme\u0165om, jedn\u00fdm z najlep\u0161\u00edch svadobn\u00fdch fotografov na Slovensku.","robots":{"index":"index","follow":"follow","max-snippet":"max-snippet:-1","max-image-preview":"max-image-preview:large","max-video-preview":"max-video-preview:-1"},"canonical":"https:\/\/www.fotolab.sk\/blog\/cewe-magazin-interview-s-fotografom-matejom-kmetom\/","og_locale":"sk_SK","og_type":"article","og_title":"CEWE Magaz\u00edn: Interview s fotografom Matejom Kme\u0165om - CEWE Fotolab blog","og_description":"Rozhovor s Matejom Kme\u0165om, jedn\u00fdm z najlep\u0161\u00edch svadobn\u00fdch fotografov na Slovensku.","og_url":"https:\/\/www.fotolab.sk\/blog\/cewe-magazin-interview-s-fotografom-matejom-kmetom\/","og_site_name":"CEWE Fotolab blog","article_published_time":"2020-04-16T06:45:27+00:00","article_modified_time":"2020-05-04T10:42:55+00:00","og_image":[{"width":1841,"height":802,"url":"https:\/\/blog.fotolab.sk\/wp-content\/uploads\/2020\/04\/Matej-Kmet-title.jpg","type":"image\/jpeg"}],"twitter_misc":{"Autor:":"Redakcia CEWE","Predpokladan\u00fd \u010das \u010d\u00edtania":"8 min\u00fat"},"schema":{"@context":"https:\/\/schema.org","@graph":[{"@type":"WebSite","@id":"https:\/\/www.fotolab.sk\/blog\/#website","url":"https:\/\/www.fotolab.sk\/blog\/","name":"CEWE Fotolab blog","description":"Blog ur\u010den\u00fd pre fan\u00fa\u0161ikov fotografie a sveta okolo nej.","potentialAction":[{"@type":"SearchAction","target":{"@type":"EntryPoint","urlTemplate":"https:\/\/www.fotolab.sk\/blog\/?s={search_term_string}"},"query-input":"required name=search_term_string"}],"inLanguage":"sk-SK"},{"@type":"ImageObject","inLanguage":"sk-SK","@id":"https:\/\/www.fotolab.sk\/blog\/cewe-magazin-interview-s-fotografom-matejom-kmetom\/#primaryimage","url":"https:\/\/blog.fotolab.sk\/wp-content\/uploads\/2020\/04\/Matej-Kmet-title.jpg","contentUrl":"https:\/\/blog.fotolab.sk\/wp-content\/uploads\/2020\/04\/Matej-Kmet-title.jpg","width":1841,"height":802},{"@type":"WebPage","@id":"https:\/\/www.fotolab.sk\/blog\/cewe-magazin-interview-s-fotografom-matejom-kmetom\/#webpage","url":"https:\/\/www.fotolab.sk\/blog\/cewe-magazin-interview-s-fotografom-matejom-kmetom\/","name":"CEWE Magaz\u00edn: Interview s fotografom Matejom Kme\u0165om - CEWE Fotolab blog","isPartOf":{"@id":"https:\/\/www.fotolab.sk\/blog\/#website"},"primaryImageOfPage":{"@id":"https:\/\/www.fotolab.sk\/blog\/cewe-magazin-interview-s-fotografom-matejom-kmetom\/#primaryimage"},"datePublished":"2020-04-16T06:45:27+00:00","dateModified":"2020-05-04T10:42:55+00:00","author":{"@id":"https:\/\/www.fotolab.sk\/blog\/#\/schema\/person\/7857aea021b4560af0d06d2abe97110b"},"description":"Rozhovor s Matejom Kme\u0165om, jedn\u00fdm z najlep\u0161\u00edch svadobn\u00fdch fotografov na Slovensku.","breadcrumb":{"@id":"https:\/\/www.fotolab.sk\/blog\/cewe-magazin-interview-s-fotografom-matejom-kmetom\/#breadcrumb"},"inLanguage":"sk-SK","potentialAction":[{"@type":"ReadAction","target":["https:\/\/www.fotolab.sk\/blog\/cewe-magazin-interview-s-fotografom-matejom-kmetom\/"]}]},{"@type":"BreadcrumbList","@id":"https:\/\/www.fotolab.sk\/blog\/cewe-magazin-interview-s-fotografom-matejom-kmetom\/#breadcrumb","itemListElement":[{"@type":"ListItem","position":1,"name":"Home","item":"https:\/\/www.fotolab.sk\/blog\/"},{"@type":"ListItem","position":2,"name":"CEWE Magaz\u00edn: Interview s fotografom Matejom Kme\u0165om"}]},{"@type":"Person","@id":"https:\/\/www.fotolab.sk\/blog\/#\/schema\/person\/7857aea021b4560af0d06d2abe97110b","name":"Redakcia CEWE","image":{"@type":"ImageObject","inLanguage":"sk-SK","@id":"https:\/\/www.fotolab.sk\/blog\/#\/schema\/person\/image\/","url":"https:\/\/secure.gravatar.com\/avatar\/e27c65ada54cc066e94388632d402763?s=96&d=mm&r=g","contentUrl":"https:\/\/secure.gravatar.com\/avatar\/e27c65ada54cc066e94388632d402763?s=96&d=mm&r=g","caption":"Redakcia CEWE"},"sameAs":["https:\/\/www.instagram.com\/cewe.sk\/"],"url":"https:\/\/www.fotolab.sk\/blog\/author\/cewe-redakcia\/"}]}},"_links":{"self":[{"href":"https:\/\/www.fotolab.sk\/blog\/wp-json\/wp\/v2\/posts\/10204"}],"collection":[{"href":"https:\/\/www.fotolab.sk\/blog\/wp-json\/wp\/v2\/posts"}],"about":[{"href":"https:\/\/www.fotolab.sk\/blog\/wp-json\/wp\/v2\/types\/post"}],"author":[{"embeddable":true,"href":"https:\/\/www.fotolab.sk\/blog\/wp-json\/wp\/v2\/users\/41"}],"replies":[{"embeddable":true,"href":"https:\/\/www.fotolab.sk\/blog\/wp-json\/wp\/v2\/comments?post=10204"}],"version-history":[{"count":5,"href":"https:\/\/www.fotolab.sk\/blog\/wp-json\/wp\/v2\/posts\/10204\/revisions"}],"predecessor-version":[{"id":10226,"href":"https:\/\/www.fotolab.sk\/blog\/wp-json\/wp\/v2\/posts\/10204\/revisions\/10226"}],"wp:featuredmedia":[{"embeddable":true,"href":"https:\/\/www.fotolab.sk\/blog\/wp-json\/wp\/v2\/media\/10209"}],"wp:attachment":[{"href":"https:\/\/www.fotolab.sk\/blog\/wp-json\/wp\/v2\/media?parent=10204"}],"wp:term":[{"taxonomy":"category","embeddable":true,"href":"https:\/\/www.fotolab.sk\/blog\/wp-json\/wp\/v2\/categories?post=10204"},{"taxonomy":"post_tag","embeddable":true,"href":"https:\/\/www.fotolab.sk\/blog\/wp-json\/wp\/v2\/tags?post=10204"}],"curies":[{"name":"wp","href":"https:\/\/api.w.org\/{rel}","templated":true}]}}